{"id":45299,"date":"2025-08-07T15:51:26","date_gmt":"2025-08-07T18:51:26","guid":{"rendered":"https:\/\/www.eldiariodetucuman.com\/web\/tucuman-y-alemania-afianzan-sus-vinculos-de-cooperacion-internacional\/"},"modified":"2025-08-07T15:51:26","modified_gmt":"2025-08-07T18:51:26","slug":"tucuman-y-alemania-afianzan-sus-vinculos-de-cooperacion-internacional","status":"publish","type":"post","link":"https:\/\/www.eldiariodetucuman.com\/web\/tucuman-y-alemania-afianzan-sus-vinculos-de-cooperacion-internacional\/","title":{"rendered":"Tucum\u00e1n y Alemania afianzan sus v\u00ednculos de cooperaci\u00f3n internacional"},"content":{"rendered":"<p><\/p>\n<p id=\"isPasted\">El vicegobernador de Tucum\u00e1n, <strong>Miguel Acevedo<\/strong>, a cargo del Poder Ejecutivo, mantuvo una reuni\u00f3n institucional en Casa de Gobierno con el embajador de la Rep\u00fablica Federal de Alemania en Argentina, <strong>Dieter Laml\u00e9<\/strong>, acompa\u00f1ado por su esposa, <strong>Ulrike Laml\u00e9<\/strong>, y el c\u00f3nsul honorario en Tucum\u00e1n, <strong>Germ\u00e1n B\u00f6ttger<\/strong>. Durante el encuentro, dialogaron sobre proyectos de cooperaci\u00f3n entre ambos territorios en materia comercial, educativa, cient\u00edfica y cultural. Adem\u00e1s, conversaron sobre la visita a Tucum\u00e1n de una comitiva de empresarios germanos en las pr\u00f3ximas semanas.<\/p>\n<p>Tambi\u00e9n participaron del encuentro el ministro de Gobierno y Justicia, <strong>Regino Amado<\/strong>; el secretario General de la Gobernaci\u00f3n, <strong>Federico Nazur<\/strong>; el ministro de Salud, <strong>Luis Medina Ruiz<\/strong>, y la secretaria de Estado de Relaciones Institucionales y Empresariales, <strong>Virginia \u00c1vila.<\/strong><strong\/><\/p>\n<p><strong\/>El vicegobernador Acevedo explic\u00f3: \u00abFue una reuni\u00f3n muy importante. El embajador tiene un conocimiento del pa\u00eds que realmente me sorprendi\u00f3, sobre todo en comparaci\u00f3n con otros diplom\u00e1ticos. Mostr\u00f3 un gran inter\u00e9s por la pol\u00edtica nacional y provincial, y pudimos conversar en profundidad sobre ambos temas\u00bb.<\/p>\n<p>Adem\u00e1s destac\u00f3 que Tucum\u00e1n tiene un rol estrat\u00e9gico en el v\u00ednculo bilateral que une a Argentina y Alemania desde hace ya dos siglos. En ese contexto, record\u00f3 la visita del embajador a la provincia en agosto del a\u00f1o pasado y valor\u00f3 el cumplimiento de los compromisos asumidos en aquella ocasi\u00f3n.<\/p>\n<p>\u201cEsta relaci\u00f3n entre Tucum\u00e1n y Alemania no solo se mantiene, sino que se est\u00e1 profundizando. En pocos d\u00edas, recibiremos una comisi\u00f3n de empresarios y personalidades alemanas que vendr\u00e1n a establecer v\u00ednculos reales y concretos con el sector productivo y tecnol\u00f3gico de nuestra provincia\u201d, anticip\u00f3.<\/p>\n<p>Entre los temas abordados durante la reuni\u00f3n, se destac\u00f3 el inter\u00e9s mutuo por promover el desarrollo de la inteligencia artificial y generar espacios de participaci\u00f3n para j\u00f3venes emprendedores.<\/p>\n<p>\u201cVamos a buscar un lugar donde los chicos puedan debatir ideas e impulsar proyectos. Muchos de estos j\u00f3venes empresarios tienen menos de 30 a\u00f1os, y queremos que esta relaci\u00f3n se traduzca en generaci\u00f3n de empleo e intercambio de conocimientos con Alemania\u201d, asegur\u00f3 Acevedo.<\/p>\n<\/p>\n<p>Y concluy\u00f3: \u00abEst\u00e1 claro que hay voluntad de avanzar. En menos de un a\u00f1o desde su \u00faltima visita, el embajador regresa para profundizar los v\u00ednculos, y lo har\u00e1 acompa\u00f1ado por actores clave para el desarrollo conjunto\u201d, concluy\u00f3 el vicegobernador.<\/p>\n<p>El embajador Laml\u00e9 expres\u00f3: \u201cEs la segunda vez que visito Tucum\u00e1n en s\u00f3lo un a\u00f1o, eso implica la importancia que tiene esta provincia para nosotros\u201d.<\/p>\n<p>Explic\u00f3 que su visita se relacion\u00f3 principalmente con la entrega de una condecoraci\u00f3n del presidente de la Rep\u00fablica Federal de Alemania \u2013<strong>Frank Walter Steinmeier<\/strong>&#8211; al c\u00f3nsul honorario Germ\u00e1n B\u00f6ttger, \u201cque desde quince a\u00f1os est\u00e1 haciendo un muy buen trabajo\u201d.<\/p>\n<p>Asimismo, se\u00f1al\u00f3 que con el vicegobernador abord\u00f3 temas vinculados a \u201clos startups y mejorar las relaciones con los startups, los innovadores del futuro, la juventud del futuro que ya est\u00e1 trabajando hoy en soluciones que necesitamos ma\u00f1ana\u201d, y a\u00f1adi\u00f3: \u201cHablamos de c\u00f3mo podemos cooperar m\u00e1s en ese sector\u201d, a la vez que se refiri\u00f3 al intercambio educativo con universidades germanas y tucumanas.<\/p>\n<p>Otro eje de la conversaci\u00f3n fue el modelo de educaci\u00f3n dual implementado en Alemania, que tiene 400 a\u00f1os que es una mezcla de teor\u00eda y pr\u00e1ctica: \u201cEl joven o la joven trabajan en las empresas y al mismo tienen una instrucci\u00f3n y formaci\u00f3n te\u00f3rica\u201d, de tal manera que \u201cganan la empresa y el o la joven\u201d.<\/p>\n<p>En ese marco, el embajador anunci\u00f3 la pr\u00f3xima visita a Tucum\u00e1n de una delegaci\u00f3n de empresarios de la C\u00e1mara de Comercio Alemana, que incluir\u00e1 representantes del German Accelerator, organizaci\u00f3n que promueve la vinculaci\u00f3n entre emprendimientos tecnol\u00f3gicos alemanes y argentinos.<\/p>\n<p>\u201cVa a venir m\u00e1s o menos en dos semanas a Tucum\u00e1n. Va a estar miembro de la delegaci\u00f3n del German Accelerator, que es exactamente la organizaci\u00f3n que tenemos en Alemania que se ocupa de los startups, para construir puentes entre los startups argentinos y los startups alemanes\u201d, afirm\u00f3.<\/p>\n<p>Laml\u00e9 destac\u00f3, adem\u00e1s, la iniciativa binacional que conmemora los 200 a\u00f1os de inmigraci\u00f3n alemana en Argentina y su influencia en Tucum\u00e1n: \u201cAqu\u00ed en Tucum\u00e1n tambi\u00e9n vinieron muchos alemanes, en la industria de la ca\u00f1a de az\u00facar hab\u00eda muchos pero tambi\u00e9n en la Universidad Nacional de Tucum\u00e1n, con muchos cient\u00edficos. Hab\u00eda un intercambio muy fluido. Hasta hoy tenemos ocho cooperaciones con universidades alemanas, tenemos un intercambio de profesores y de alumnos\u201d.<\/p>\n<p>\u00a0<\/p>\n<p>\u00a0<\/p>\n<p>Fuente: <a href=\"https:\/\/www.comunicaciontucuman.gob.ar\/noticia\/gobernacion\/236171\/tucuman-alemania-afianzan-sus-vinculos-cooperacion-internacional\"> Fuente de la nota <\/a><\/p>\n","protected":false},"excerpt":{"rendered":"<p>El vicegobernador de Tucum\u00e1n, Miguel Acevedo, a cargo del Poder Ejecutivo, mantuvo una reuni\u00f3n institucional en Casa de Gobierno con el embajador de la Rep\u00fablica Federal de Alemania en Argentina, Dieter Laml\u00e9, acompa\u00f1ado por su esposa, Ulrike Laml\u00e9, y el c\u00f3nsul honorario en Tucum\u00e1n, Germ\u00e1n B\u00f6ttger. Durante el encuentro, dialogaron sobre proyectos de cooperaci\u00f3n entre [&hellip;]<\/p>\n","protected":false},"author":1,"featured_media":45300,"comment_status":"closed","ping_status":"open","sticky":false,"template":"","format":"standard","meta":{"footnotes":""},"categories":[3],"tags":[],"class_list":{"0":"post-45299","1":"post","2":"type-post","3":"status-publish","4":"format-standard","5":"has-post-thumbnail","7":"category-politica"},"yoast_head":"<!-- This site is optimized with the Yoast SEO plugin v27.4 - https:\/\/yoast.com\/product\/yoast-seo-wordpress\/ -->\n<title>Tucum\u00e1n y Alemania afianzan sus v\u00ednculos de cooperaci\u00f3n internacional - El Diario de Tucuman<\/title>\n<meta name=\"robots\" content=\"index, follow, max-snippet:-1, max-image-preview:large, max-video-preview:-1\" \/>\n<link rel=\"canonical\" href=\"https:\/\/www.eldiariodetucuman.com\/web\/tucuman-y-alemania-afianzan-sus-vinculos-de-cooperacion-internacional\/\" \/>\n<meta property=\"og:locale\" content=\"es_ES\" \/>\n<meta property=\"og:type\" content=\"article\" \/>\n<meta property=\"og:title\" content=\"Tucum\u00e1n y Alemania afianzan sus v\u00ednculos de cooperaci\u00f3n internacional - El Diario de Tucuman\" \/>\n<meta property=\"og:description\" content=\"El vicegobernador de Tucum\u00e1n, Miguel Acevedo, a cargo del Poder Ejecutivo, mantuvo una reuni\u00f3n institucional en Casa de Gobierno con el embajador de la Rep\u00fablica Federal de Alemania en Argentina, Dieter Laml\u00e9, acompa\u00f1ado por su esposa, Ulrike Laml\u00e9, y el c\u00f3nsul honorario en Tucum\u00e1n, Germ\u00e1n B\u00f6ttger. Durante el encuentro, dialogaron sobre proyectos de cooperaci\u00f3n entre [&hellip;]\" \/>\n<meta property=\"og:url\" content=\"https:\/\/www.eldiariodetucuman.com\/web\/tucuman-y-alemania-afianzan-sus-vinculos-de-cooperacion-internacional\/\" \/>\n<meta property=\"og:site_name\" content=\"El Diario de Tucuman\" \/>\n<meta property=\"article:published_time\" content=\"2025-08-07T18:51:26+00:00\" \/>\n<meta name=\"author\" content=\"admin\" \/>\n<meta name=\"twitter:card\" content=\"summary_large_image\" \/>\n<meta name=\"twitter:label1\" content=\"Escrito por\" \/>\n\t<meta name=\"twitter:data1\" content=\"admin\" \/>\n\t<meta name=\"twitter:label2\" content=\"Tiempo de lectura\" \/>\n\t<meta name=\"twitter:data2\" content=\"4 minutos\" \/>\n<script type=\"application\/ld+json\" class=\"yoast-schema-graph\">{\"@context\":\"https:\\\/\\\/schema.org\",\"@graph\":[{\"@type\":\"Article\",\"@id\":\"https:\\\/\\\/www.eldiariodetucuman.com\\\/web\\\/tucuman-y-alemania-afianzan-sus-vinculos-de-cooperacion-internacional\\\/#article\",\"isPartOf\":{\"@id\":\"https:\\\/\\\/www.eldiariodetucuman.com\\\/web\\\/tucuman-y-alemania-afianzan-sus-vinculos-de-cooperacion-internacional\\\/\"},\"author\":{\"name\":\"admin\",\"@id\":\"https:\\\/\\\/www.eldiariodetucuman.com\\\/web\\\/#\\\/schema\\\/person\\\/9250197d75ab5483412e19678b121caa\"},\"headline\":\"Tucum\u00e1n y Alemania afianzan sus v\u00ednculos de cooperaci\u00f3n internacional\",\"datePublished\":\"2025-08-07T18:51:26+00:00\",\"mainEntityOfPage\":{\"@id\":\"https:\\\/\\\/www.eldiariodetucuman.com\\\/web\\\/tucuman-y-alemania-afianzan-sus-vinculos-de-cooperacion-internacional\\\/\"},\"wordCount\":813,\"publisher\":{\"@id\":\"https:\\\/\\\/www.eldiariodetucuman.com\\\/web\\\/#organization\"},\"image\":{\"@id\":\"https:\\\/\\\/www.eldiariodetucuman.com\\\/web\\\/tucuman-y-alemania-afianzan-sus-vinculos-de-cooperacion-internacional\\\/#primaryimage\"},\"thumbnailUrl\":\"https:\\\/\\\/www.eldiariodetucuman.com\\\/web\\\/wp-content\\\/uploads\\\/2025\\\/08\\\/Tucuman-y-Alemania-afianzan-sus-vinculos-de-cooperacion-internacional.jfif\",\"articleSection\":[\"Politica\"],\"inLanguage\":\"es\"},{\"@type\":\"WebPage\",\"@id\":\"https:\\\/\\\/www.eldiariodetucuman.com\\\/web\\\/tucuman-y-alemania-afianzan-sus-vinculos-de-cooperacion-internacional\\\/\",\"url\":\"https:\\\/\\\/www.eldiariodetucuman.com\\\/web\\\/tucuman-y-alemania-afianzan-sus-vinculos-de-cooperacion-internacional\\\/\",\"name\":\"Tucum\u00e1n y Alemania afianzan sus v\u00ednculos de cooperaci\u00f3n internacional - El Diario de Tucuman\",\"isPartOf\":{\"@id\":\"https:\\\/\\\/www.eldiariodetucuman.com\\\/web\\\/#website\"},\"primaryImageOfPage\":{\"@id\":\"https:\\\/\\\/www.eldiariodetucuman.com\\\/web\\\/tucuman-y-alemania-afianzan-sus-vinculos-de-cooperacion-internacional\\\/#primaryimage\"},\"image\":{\"@id\":\"https:\\\/\\\/www.eldiariodetucuman.com\\\/web\\\/tucuman-y-alemania-afianzan-sus-vinculos-de-cooperacion-internacional\\\/#primaryimage\"},\"thumbnailUrl\":\"https:\\\/\\\/www.eldiariodetucuman.com\\\/web\\\/wp-content\\\/uploads\\\/2025\\\/08\\\/Tucuman-y-Alemania-afianzan-sus-vinculos-de-cooperacion-internacional.jfif\",\"datePublished\":\"2025-08-07T18:51:26+00:00\",\"breadcrumb\":{\"@id\":\"https:\\\/\\\/www.eldiariodetucuman.com\\\/web\\\/tucuman-y-alemania-afianzan-sus-vinculos-de-cooperacion-internacional\\\/#breadcrumb\"},\"inLanguage\":\"es\",\"potentialAction\":[{\"@type\":\"ReadAction\",\"target\":[\"https:\\\/\\\/www.eldiariodetucuman.com\\\/web\\\/tucuman-y-alemania-afianzan-sus-vinculos-de-cooperacion-internacional\\\/\"]}]},{\"@type\":\"ImageObject\",\"inLanguage\":\"es\",\"@id\":\"https:\\\/\\\/www.eldiariodetucuman.com\\\/web\\\/tucuman-y-alemania-afianzan-sus-vinculos-de-cooperacion-internacional\\\/#primaryimage\",\"url\":\"https:\\\/\\\/www.eldiariodetucuman.com\\\/web\\\/wp-content\\\/uploads\\\/2025\\\/08\\\/Tucuman-y-Alemania-afianzan-sus-vinculos-de-cooperacion-internacional.jfif\",\"contentUrl\":\"https:\\\/\\\/www.eldiariodetucuman.com\\\/web\\\/wp-content\\\/uploads\\\/2025\\\/08\\\/Tucuman-y-Alemania-afianzan-sus-vinculos-de-cooperacion-internacional.jfif\",\"width\":818,\"height\":460},{\"@type\":\"BreadcrumbList\",\"@id\":\"https:\\\/\\\/www.eldiariodetucuman.com\\\/web\\\/tucuman-y-alemania-afianzan-sus-vinculos-de-cooperacion-internacional\\\/#breadcrumb\",\"itemListElement\":[{\"@type\":\"ListItem\",\"position\":1,\"name\":\"Portada\",\"item\":\"https:\\\/\\\/www.eldiariodetucuman.com\\\/web\\\/\"},{\"@type\":\"ListItem\",\"position\":2,\"name\":\"Tucum\u00e1n y Alemania afianzan sus v\u00ednculos de cooperaci\u00f3n internacional\"}]},{\"@type\":\"WebSite\",\"@id\":\"https:\\\/\\\/www.eldiariodetucuman.com\\\/web\\\/#website\",\"url\":\"https:\\\/\\\/www.eldiariodetucuman.com\\\/web\\\/\",\"name\":\"El Diario de Tucuman\",\"description\":\"Diario Tucuman - Informaci\u00f3n y noticias\",\"publisher\":{\"@id\":\"https:\\\/\\\/www.eldiariodetucuman.com\\\/web\\\/#organization\"},\"potentialAction\":[{\"@type\":\"SearchAction\",\"target\":{\"@type\":\"EntryPoint\",\"urlTemplate\":\"https:\\\/\\\/www.eldiariodetucuman.com\\\/web\\\/?s={search_term_string}\"},\"query-input\":{\"@type\":\"PropertyValueSpecification\",\"valueRequired\":true,\"valueName\":\"search_term_string\"}}],\"inLanguage\":\"es\"},{\"@type\":\"Organization\",\"@id\":\"https:\\\/\\\/www.eldiariodetucuman.com\\\/web\\\/#organization\",\"name\":\"El Diario de Tucuman\",\"url\":\"https:\\\/\\\/www.eldiariodetucuman.com\\\/web\\\/\",\"logo\":{\"@type\":\"ImageObject\",\"inLanguage\":\"es\",\"@id\":\"https:\\\/\\\/www.eldiariodetucuman.com\\\/web\\\/#\\\/schema\\\/logo\\\/image\\\/\",\"url\":\"http:\\\/\\\/www.eldiariodetucuman.com\\\/web\\\/wp-content\\\/uploads\\\/2017\\\/12\\\/el-diario-de-tucuman.jpg\",\"contentUrl\":\"http:\\\/\\\/www.eldiariodetucuman.com\\\/web\\\/wp-content\\\/uploads\\\/2017\\\/12\\\/el-diario-de-tucuman.jpg\",\"width\":272,\"height\":92,\"caption\":\"El Diario de Tucuman\"},\"image\":{\"@id\":\"https:\\\/\\\/www.eldiariodetucuman.com\\\/web\\\/#\\\/schema\\\/logo\\\/image\\\/\"}},{\"@type\":\"Person\",\"@id\":\"https:\\\/\\\/www.eldiariodetucuman.com\\\/web\\\/#\\\/schema\\\/person\\\/9250197d75ab5483412e19678b121caa\",\"name\":\"admin\",\"image\":{\"@type\":\"ImageObject\",\"inLanguage\":\"es\",\"@id\":\"https:\\\/\\\/secure.gravatar.com\\\/avatar\\\/c44d117c2be811212c22cb481f6b8384b6873de103fbc49e7a03cc58d7dea4ac?s=96&d=mm&r=g\",\"url\":\"https:\\\/\\\/secure.gravatar.com\\\/avatar\\\/c44d117c2be811212c22cb481f6b8384b6873de103fbc49e7a03cc58d7dea4ac?s=96&d=mm&r=g\",\"contentUrl\":\"https:\\\/\\\/secure.gravatar.com\\\/avatar\\\/c44d117c2be811212c22cb481f6b8384b6873de103fbc49e7a03cc58d7dea4ac?s=96&d=mm&r=g\",\"caption\":\"admin\"},\"url\":\"https:\\\/\\\/www.eldiariodetucuman.com\\\/web\\\/author\\\/admin\\\/\"}]}<\/script>\n<!-- \/ Yoast SEO plugin. -->","yoast_head_json":{"title":"Tucum\u00e1n y Alemania afianzan sus v\u00ednculos de cooperaci\u00f3n internacional - El Diario de Tucuman","robots":{"index":"index","follow":"follow","max-snippet":"max-snippet:-1","max-image-preview":"max-image-preview:large","max-video-preview":"max-video-preview:-1"},"canonical":"https:\/\/www.eldiariodetucuman.com\/web\/tucuman-y-alemania-afianzan-sus-vinculos-de-cooperacion-internacional\/","og_locale":"es_ES","og_type":"article","og_title":"Tucum\u00e1n y Alemania afianzan sus v\u00ednculos de cooperaci\u00f3n internacional - El Diario de Tucuman","og_description":"El vicegobernador de Tucum\u00e1n, Miguel Acevedo, a cargo del Poder Ejecutivo, mantuvo una reuni\u00f3n institucional en Casa de Gobierno con el embajador de la Rep\u00fablica Federal de Alemania en Argentina, Dieter Laml\u00e9, acompa\u00f1ado por su esposa, Ulrike Laml\u00e9, y el c\u00f3nsul honorario en Tucum\u00e1n, Germ\u00e1n B\u00f6ttger. Durante el encuentro, dialogaron sobre proyectos de cooperaci\u00f3n entre [&hellip;]","og_url":"https:\/\/www.eldiariodetucuman.com\/web\/tucuman-y-alemania-afianzan-sus-vinculos-de-cooperacion-internacional\/","og_site_name":"El Diario de Tucuman","article_published_time":"2025-08-07T18:51:26+00:00","author":"admin","twitter_card":"summary_large_image","twitter_misc":{"Escrito por":"admin","Tiempo de lectura":"4 minutos"},"schema":{"@context":"https:\/\/schema.org","@graph":[{"@type":"Article","@id":"https:\/\/www.eldiariodetucuman.com\/web\/tucuman-y-alemania-afianzan-sus-vinculos-de-cooperacion-internacional\/#article","isPartOf":{"@id":"https:\/\/www.eldiariodetucuman.com\/web\/tucuman-y-alemania-afianzan-sus-vinculos-de-cooperacion-internacional\/"},"author":{"name":"admin","@id":"https:\/\/www.eldiariodetucuman.com\/web\/#\/schema\/person\/9250197d75ab5483412e19678b121caa"},"headline":"Tucum\u00e1n y Alemania afianzan sus v\u00ednculos de cooperaci\u00f3n internacional","datePublished":"2025-08-07T18:51:26+00:00","mainEntityOfPage":{"@id":"https:\/\/www.eldiariodetucuman.com\/web\/tucuman-y-alemania-afianzan-sus-vinculos-de-cooperacion-internacional\/"},"wordCount":813,"publisher":{"@id":"https:\/\/www.eldiariodetucuman.com\/web\/#organization"},"image":{"@id":"https:\/\/www.eldiariodetucuman.com\/web\/tucuman-y-alemania-afianzan-sus-vinculos-de-cooperacion-internacional\/#primaryimage"},"thumbnailUrl":"https:\/\/www.eldiariodetucuman.com\/web\/wp-content\/uploads\/2025\/08\/Tucuman-y-Alemania-afianzan-sus-vinculos-de-cooperacion-internacional.jfif","articleSection":["Politica"],"inLanguage":"es"},{"@type":"WebPage","@id":"https:\/\/www.eldiariodetucuman.com\/web\/tucuman-y-alemania-afianzan-sus-vinculos-de-cooperacion-internacional\/","url":"https:\/\/www.eldiariodetucuman.com\/web\/tucuman-y-alemania-afianzan-sus-vinculos-de-cooperacion-internacional\/","name":"Tucum\u00e1n y Alemania afianzan sus v\u00ednculos de cooperaci\u00f3n internacional - El Diario de Tucuman","isPartOf":{"@id":"https:\/\/www.eldiariodetucuman.com\/web\/#website"},"primaryImageOfPage":{"@id":"https:\/\/www.eldiariodetucuman.com\/web\/tucuman-y-alemania-afianzan-sus-vinculos-de-cooperacion-internacional\/#primaryimage"},"image":{"@id":"https:\/\/www.eldiariodetucuman.com\/web\/tucuman-y-alemania-afianzan-sus-vinculos-de-cooperacion-internacional\/#primaryimage"},"thumbnailUrl":"https:\/\/www.eldiariodetucuman.com\/web\/wp-content\/uploads\/2025\/08\/Tucuman-y-Alemania-afianzan-sus-vinculos-de-cooperacion-internacional.jfif","datePublished":"2025-08-07T18:51:26+00:00","breadcrumb":{"@id":"https:\/\/www.eldiariodetucuman.com\/web\/tucuman-y-alemania-afianzan-sus-vinculos-de-cooperacion-internacional\/#breadcrumb"},"inLanguage":"es","potentialAction":[{"@type":"ReadAction","target":["https:\/\/www.eldiariodetucuman.com\/web\/tucuman-y-alemania-afianzan-sus-vinculos-de-cooperacion-internacional\/"]}]},{"@type":"ImageObject","inLanguage":"es","@id":"https:\/\/www.eldiariodetucuman.com\/web\/tucuman-y-alemania-afianzan-sus-vinculos-de-cooperacion-internacional\/#primaryimage","url":"https:\/\/www.eldiariodetucuman.com\/web\/wp-content\/uploads\/2025\/08\/Tucuman-y-Alemania-afianzan-sus-vinculos-de-cooperacion-internacional.jfif","contentUrl":"https:\/\/www.eldiariodetucuman.com\/web\/wp-content\/uploads\/2025\/08\/Tucuman-y-Alemania-afianzan-sus-vinculos-de-cooperacion-internacional.jfif","width":818,"height":460},{"@type":"BreadcrumbList","@id":"https:\/\/www.eldiariodetucuman.com\/web\/tucuman-y-alemania-afianzan-sus-vinculos-de-cooperacion-internacional\/#breadcrumb","itemListElement":[{"@type":"ListItem","position":1,"name":"Portada","item":"https:\/\/www.eldiariodetucuman.com\/web\/"},{"@type":"ListItem","position":2,"name":"Tucum\u00e1n y Alemania afianzan sus v\u00ednculos de cooperaci\u00f3n internacional"}]},{"@type":"WebSite","@id":"https:\/\/www.eldiariodetucuman.com\/web\/#website","url":"https:\/\/www.eldiariodetucuman.com\/web\/","name":"El Diario de Tucuman","description":"Diario Tucuman - Informaci\u00f3n y noticias","publisher":{"@id":"https:\/\/www.eldiariodetucuman.com\/web\/#organization"},"potentialAction":[{"@type":"SearchAction","target":{"@type":"EntryPoint","urlTemplate":"https:\/\/www.eldiariodetucuman.com\/web\/?s={search_term_string}"},"query-input":{"@type":"PropertyValueSpecification","valueRequired":true,"valueName":"search_term_string"}}],"inLanguage":"es"},{"@type":"Organization","@id":"https:\/\/www.eldiariodetucuman.com\/web\/#organization","name":"El Diario de Tucuman","url":"https:\/\/www.eldiariodetucuman.com\/web\/","logo":{"@type":"ImageObject","inLanguage":"es","@id":"https:\/\/www.eldiariodetucuman.com\/web\/#\/schema\/logo\/image\/","url":"http:\/\/www.eldiariodetucuman.com\/web\/wp-content\/uploads\/2017\/12\/el-diario-de-tucuman.jpg","contentUrl":"http:\/\/www.eldiariodetucuman.com\/web\/wp-content\/uploads\/2017\/12\/el-diario-de-tucuman.jpg","width":272,"height":92,"caption":"El Diario de Tucuman"},"image":{"@id":"https:\/\/www.eldiariodetucuman.com\/web\/#\/schema\/logo\/image\/"}},{"@type":"Person","@id":"https:\/\/www.eldiariodetucuman.com\/web\/#\/schema\/person\/9250197d75ab5483412e19678b121caa","name":"admin","image":{"@type":"ImageObject","inLanguage":"es","@id":"https:\/\/secure.gravatar.com\/avatar\/c44d117c2be811212c22cb481f6b8384b6873de103fbc49e7a03cc58d7dea4ac?s=96&d=mm&r=g","url":"https:\/\/secure.gravatar.com\/avatar\/c44d117c2be811212c22cb481f6b8384b6873de103fbc49e7a03cc58d7dea4ac?s=96&d=mm&r=g","contentUrl":"https:\/\/secure.gravatar.com\/avatar\/c44d117c2be811212c22cb481f6b8384b6873de103fbc49e7a03cc58d7dea4ac?s=96&d=mm&r=g","caption":"admin"},"url":"https:\/\/www.eldiariodetucuman.com\/web\/author\/admin\/"}]}},"_links":{"self":[{"href":"https:\/\/www.eldiariodetucuman.com\/web\/wp-json\/wp\/v2\/posts\/45299","targetHints":{"allow":["GET"]}}],"collection":[{"href":"https:\/\/www.eldiariodetucuman.com\/web\/wp-json\/wp\/v2\/posts"}],"about":[{"href":"https:\/\/www.eldiariodetucuman.com\/web\/wp-json\/wp\/v2\/types\/post"}],"author":[{"embeddable":true,"href":"https:\/\/www.eldiariodetucuman.com\/web\/wp-json\/wp\/v2\/users\/1"}],"replies":[{"embeddable":true,"href":"https:\/\/www.eldiariodetucuman.com\/web\/wp-json\/wp\/v2\/comments?post=45299"}],"version-history":[{"count":0,"href":"https:\/\/www.eldiariodetucuman.com\/web\/wp-json\/wp\/v2\/posts\/45299\/revisions"}],"wp:featuredmedia":[{"embeddable":true,"href":"https:\/\/www.eldiariodetucuman.com\/web\/wp-json\/wp\/v2\/media\/45300"}],"wp:attachment":[{"href":"https:\/\/www.eldiariodetucuman.com\/web\/wp-json\/wp\/v2\/media?parent=45299"}],"wp:term":[{"taxonomy":"category","embeddable":true,"href":"https:\/\/www.eldiariodetucuman.com\/web\/wp-json\/wp\/v2\/categories?post=45299"},{"taxonomy":"post_tag","embeddable":true,"href":"https:\/\/www.eldiariodetucuman.com\/web\/wp-json\/wp\/v2\/tags?post=45299"}],"curies":[{"name":"wp","href":"https:\/\/api.w.org\/{rel}","templated":true}]}}