{"id":45295,"date":"2025-08-07T14:22:40","date_gmt":"2025-08-07T17:22:40","guid":{"rendered":"https:\/\/www.eldiariodetucuman.com\/web\/la-suba-del-dolar-tendra-bajo-impacto-en-la-inflacion-de-los-proximos-meses-segun-los-analistas-que-releva-el-bcra\/"},"modified":"2025-08-07T14:22:40","modified_gmt":"2025-08-07T17:22:40","slug":"la-suba-del-dolar-tendra-bajo-impacto-en-la-inflacion-de-los-proximos-meses-segun-los-analistas-que-releva-el-bcra","status":"publish","type":"post","link":"https:\/\/www.eldiariodetucuman.com\/web\/la-suba-del-dolar-tendra-bajo-impacto-en-la-inflacion-de-los-proximos-meses-segun-los-analistas-que-releva-el-bcra\/","title":{"rendered":"La suba del d\u00f3lar tendr\u00e1 bajo impacto en la inflaci\u00f3n de los pr\u00f3ximos meses seg\u00fan los analistas que releva el BCRA"},"content":{"rendered":"<p><\/p>\n<h2>El Relevamiento de Expectativas de Mercado (REM) espera un \u00edndice inflacionario de 1,8% en julio y de 1,7% en agosto, apenas una d\u00e9cima por encima de la encuesta del mes anterior<\/h2>\n<p>La suba del d\u00f3lar de casi 14% en julio tendr\u00e1 un escaso impacto sobre la inflaci\u00f3n en los pr\u00f3ximos meses, seg\u00fan los datos recopilados por el BCRA en el Relevamiento de Expectativas de Mercado (REM) de julio.<\/p>\n<p>Seg\u00fan el informe publicado hoy, el Indice de Precios al Consumidor (IPC) de julio ser\u00e1 de 1,8%, apenas una d\u00e9cima por encima de lo esperado un mes atr\u00e1s. El dato oficial ser\u00e1 difundido por el Indec el pr\u00f3ximo mi\u00e9rcoles 13. El IPC N\u00facleo, que no contiene precios regulados ni estacionales, se ubicar\u00e1 en el mismo nivel.<\/p>\n<p>\u00abPara los meses siguientes se proyecta una baja generalizada de las proyecciones de inflaci\u00f3n, manteni\u00e9ndose los guarismos mensuales siempre por debajo del 2,0%\u201c, apunt\u00f3 el informe del BCRA.<\/p>\n<p>En relaci\u00f3n con el informe del mes anterior, solamente en julio y en agosto los pron\u00f3sticos suben una d\u00e9cima. Lo esperado desde septiembre hasta enero del 2026 se mantiene sin cambios, en una franja que va del 1,5% al 1,7%.<\/p>\n<p>Las proyecciones de los 41 consultores que participaron del REM fueron recibidas por el BCRA hasta el 31 de julio, por lo que su formulaci\u00f3n cont\u00f3 con el dato de la suba del d\u00f3lar de los \u00faltimos d\u00edas de ese mes, que dej\u00f3 el tipo de cambio minorista en 1.380 pesos. Los analistas tambi\u00e9n consideraron la suba de los encajes dispuesta por el Central, que se decidi\u00f3 tambi\u00e9n el \u00faltimo d\u00eda de julio.<\/p>\n<p>Otras mediciones del REM tambi\u00e9n reflejaron un movimiento al alza muy leve de las proyecciones de inflaci\u00f3n. Para los pr\u00f3ximos 12 meses se espera una inflaci\u00f3n del 21,1%, apenas 0,4 puntos porcentuales (p.p.) por encima del mes anterior, y para el a\u00f1o calendario 2025 se aguarda un 27,3%, solamente 0,3 p.p.<\/p>\n<h2>C\u00f3mo sigue el d\u00f3lar<\/h2>\n<p>En lo relativo al d\u00f3lar, los analistas que participaron del REM no esperan ning\u00fan desborde. Por el contrario, el dato m\u00e1s alejado en el tiempo es el de enero de 2026 para el que se espera un d\u00f3lar mayorista de $1.420, dentro de los l\u00edmites de la actual esquema de bandas cambiarias, hoy con un margen superior de $1.450 y con una duraci\u00f3n incierta.<\/p>\n<p>Para los pr\u00f3ximos meses, el REM espera un d\u00f3lar en baja con promedio mensual a la baja en agosto ($1.315), septiembre($1.340), octubre($1.361), noviembre ($1.393) y diciembre ($1.405). Cabe recordar que los pron\u00f3sticos del REM usan el d\u00f3lar mayorista de referencia (com. A 3500 del BCRA) que hoy cerr\u00f3 en $1.333,66. Para dentro de 12 meses, se espera que este tipo de cambio llegue a $1.522, casi un 15% del valor actual.<\/p>\n<p>El reporte del Banco Central tambi\u00e9n tiene proyecciones sobre el crecimiento de la econom\u00eda. Para el a\u00f1o 2025, la expectativa de los analistas es que el PBI crecer\u00e1 un 5%, al igual que el mes pasado. Se trata de una proyecci\u00f3n muy similar a la que maneja el Gobierno o a la que public\u00f3 la semana pasada el Fondo Monetario en su\u00a0staff report\u00a0(5,5%).<\/p>\n<p>Para el segundo, el tercero y el cuarto trimestre de este a\u00f1o, el REM espera un crecimiento del PBI del 0,8%, 0,5% y 0,6% respectivamente.<\/p>\n<p>Otro aspecto importante de los datos del REM es la proyecci\u00f3n para la tasa de inter\u00e9s. El relevamiento analiza la TAMAR, la tasa que pagan los bancos por dep\u00f3sitos a plazo fijo a 30 d\u00edas mayoristas, superiores a los $1.000 millones. Hoy esa tasa se ubica en 42%, tras subir 10 puntos porcentuales en las \u00faltimas dos semanas.<\/p>\n<p>En este caso, el REM espera un promedio de 34.85% para la TAMAR en agosto, casi 3 puntos porcentuales por encima de la encuesta pasada. Partiendo desde all\u00ed, se espera un descenso de las tasas hasta llegar al 29,5% en diciembre. En esa suba del rendimiento del dinero, entre otras herramientas, se apoya el Banco Central para contener el d\u00f3lar tras el salto de julio.<\/p>\n<p>infobae<\/p>\n<p>Fuente: <a href=\"https:\/\/tucuman24.com\/nota\/187656\/la-suba-del-dolar-tendra-bajo-impacto-en-la-inflacion-de-los-proximos-meses-segun-los-analistas-que-releva-el-bcra.html\"> Fuente de la nota <\/a><\/p>\n","protected":false},"excerpt":{"rendered":"<p>El Relevamiento de Expectativas de Mercado (REM) espera un \u00edndice inflacionario de 1,8% en julio y de 1,7% en agosto, apenas una d\u00e9cima por encima de la encuesta del mes anterior La suba del d\u00f3lar de casi 14% en julio tendr\u00e1 un escaso impacto sobre la inflaci\u00f3n en los pr\u00f3ximos meses, seg\u00fan los datos recopilados [&hellip;]<\/p>\n","protected":false},"author":1,"featured_media":45296,"comment_status":"closed","ping_status":"open","sticky":false,"template":"","format":"standard","meta":{"footnotes":""},"categories":[2],"tags":[],"class_list":{"0":"post-45295","1":"post","2":"type-post","3":"status-publish","4":"format-standard","5":"has-post-thumbnail","7":"category-actualidad"},"yoast_head":"<!-- This site is optimized with the Yoast SEO plugin v27.4 - https:\/\/yoast.com\/product\/yoast-seo-wordpress\/ -->\n<title>La suba del d\u00f3lar tendr\u00e1 bajo impacto en la inflaci\u00f3n de los pr\u00f3ximos meses seg\u00fan los analistas que releva el BCRA - El Diario de Tucuman<\/title>\n<meta name=\"robots\" content=\"index, follow, max-snippet:-1, max-image-preview:large, max-video-preview:-1\" \/>\n<link rel=\"canonical\" href=\"https:\/\/www.eldiariodetucuman.com\/web\/la-suba-del-dolar-tendra-bajo-impacto-en-la-inflacion-de-los-proximos-meses-segun-los-analistas-que-releva-el-bcra\/\" \/>\n<meta property=\"og:locale\" content=\"es_ES\" \/>\n<meta property=\"og:type\" content=\"article\" \/>\n<meta property=\"og:title\" content=\"La suba del d\u00f3lar tendr\u00e1 bajo impacto en la inflaci\u00f3n de los pr\u00f3ximos meses seg\u00fan los analistas que releva el BCRA - El Diario de Tucuman\" \/>\n<meta property=\"og:description\" content=\"El Relevamiento de Expectativas de Mercado (REM) espera un \u00edndice inflacionario de 1,8% en julio y de 1,7% en agosto, apenas una d\u00e9cima por encima de la encuesta del mes anterior La suba del d\u00f3lar de casi 14% en julio tendr\u00e1 un escaso impacto sobre la inflaci\u00f3n en los pr\u00f3ximos meses, seg\u00fan los datos recopilados [&hellip;]\" \/>\n<meta property=\"og:url\" content=\"https:\/\/www.eldiariodetucuman.com\/web\/la-suba-del-dolar-tendra-bajo-impacto-en-la-inflacion-de-los-proximos-meses-segun-los-analistas-que-releva-el-bcra\/\" \/>\n<meta property=\"og:site_name\" content=\"El Diario de Tucuman\" \/>\n<meta property=\"article:published_time\" content=\"2025-08-07T17:22:40+00:00\" \/>\n<meta name=\"author\" content=\"admin\" \/>\n<meta name=\"twitter:card\" content=\"summary_large_image\" \/>\n<meta name=\"twitter:label1\" content=\"Escrito por\" \/>\n\t<meta name=\"twitter:data1\" content=\"admin\" \/>\n\t<meta name=\"twitter:label2\" content=\"Tiempo de lectura\" \/>\n\t<meta name=\"twitter:data2\" content=\"3 minutos\" \/>\n<script type=\"application\/ld+json\" class=\"yoast-schema-graph\">{\"@context\":\"https:\\\/\\\/schema.org\",\"@graph\":[{\"@type\":\"Article\",\"@id\":\"https:\\\/\\\/www.eldiariodetucuman.com\\\/web\\\/la-suba-del-dolar-tendra-bajo-impacto-en-la-inflacion-de-los-proximos-meses-segun-los-analistas-que-releva-el-bcra\\\/#article\",\"isPartOf\":{\"@id\":\"https:\\\/\\\/www.eldiariodetucuman.com\\\/web\\\/la-suba-del-dolar-tendra-bajo-impacto-en-la-inflacion-de-los-proximos-meses-segun-los-analistas-que-releva-el-bcra\\\/\"},\"author\":{\"name\":\"admin\",\"@id\":\"https:\\\/\\\/www.eldiariodetucuman.com\\\/web\\\/#\\\/schema\\\/person\\\/9250197d75ab5483412e19678b121caa\"},\"headline\":\"La suba del d\u00f3lar tendr\u00e1 bajo impacto en la inflaci\u00f3n de los pr\u00f3ximos meses seg\u00fan los analistas que releva el BCRA\",\"datePublished\":\"2025-08-07T17:22:40+00:00\",\"mainEntityOfPage\":{\"@id\":\"https:\\\/\\\/www.eldiariodetucuman.com\\\/web\\\/la-suba-del-dolar-tendra-bajo-impacto-en-la-inflacion-de-los-proximos-meses-segun-los-analistas-que-releva-el-bcra\\\/\"},\"wordCount\":708,\"publisher\":{\"@id\":\"https:\\\/\\\/www.eldiariodetucuman.com\\\/web\\\/#organization\"},\"image\":{\"@id\":\"https:\\\/\\\/www.eldiariodetucuman.com\\\/web\\\/la-suba-del-dolar-tendra-bajo-impacto-en-la-inflacion-de-los-proximos-meses-segun-los-analistas-que-releva-el-bcra\\\/#primaryimage\"},\"thumbnailUrl\":\"https:\\\/\\\/www.eldiariodetucuman.com\\\/web\\\/wp-content\\\/uploads\\\/2025\\\/08\\\/La-suba-del-dolar-tendra-bajo-impacto-en-la-inflacion.jpg\",\"articleSection\":[\"Actualidad\"],\"inLanguage\":\"es\"},{\"@type\":\"WebPage\",\"@id\":\"https:\\\/\\\/www.eldiariodetucuman.com\\\/web\\\/la-suba-del-dolar-tendra-bajo-impacto-en-la-inflacion-de-los-proximos-meses-segun-los-analistas-que-releva-el-bcra\\\/\",\"url\":\"https:\\\/\\\/www.eldiariodetucuman.com\\\/web\\\/la-suba-del-dolar-tendra-bajo-impacto-en-la-inflacion-de-los-proximos-meses-segun-los-analistas-que-releva-el-bcra\\\/\",\"name\":\"La suba del d\u00f3lar tendr\u00e1 bajo impacto en la inflaci\u00f3n de los pr\u00f3ximos meses seg\u00fan los analistas que releva el BCRA - El Diario de Tucuman\",\"isPartOf\":{\"@id\":\"https:\\\/\\\/www.eldiariodetucuman.com\\\/web\\\/#website\"},\"primaryImageOfPage\":{\"@id\":\"https:\\\/\\\/www.eldiariodetucuman.com\\\/web\\\/la-suba-del-dolar-tendra-bajo-impacto-en-la-inflacion-de-los-proximos-meses-segun-los-analistas-que-releva-el-bcra\\\/#primaryimage\"},\"image\":{\"@id\":\"https:\\\/\\\/www.eldiariodetucuman.com\\\/web\\\/la-suba-del-dolar-tendra-bajo-impacto-en-la-inflacion-de-los-proximos-meses-segun-los-analistas-que-releva-el-bcra\\\/#primaryimage\"},\"thumbnailUrl\":\"https:\\\/\\\/www.eldiariodetucuman.com\\\/web\\\/wp-content\\\/uploads\\\/2025\\\/08\\\/La-suba-del-dolar-tendra-bajo-impacto-en-la-inflacion.jpg\",\"datePublished\":\"2025-08-07T17:22:40+00:00\",\"breadcrumb\":{\"@id\":\"https:\\\/\\\/www.eldiariodetucuman.com\\\/web\\\/la-suba-del-dolar-tendra-bajo-impacto-en-la-inflacion-de-los-proximos-meses-segun-los-analistas-que-releva-el-bcra\\\/#breadcrumb\"},\"inLanguage\":\"es\",\"potentialAction\":[{\"@type\":\"ReadAction\",\"target\":[\"https:\\\/\\\/www.eldiariodetucuman.com\\\/web\\\/la-suba-del-dolar-tendra-bajo-impacto-en-la-inflacion-de-los-proximos-meses-segun-los-analistas-que-releva-el-bcra\\\/\"]}]},{\"@type\":\"ImageObject\",\"inLanguage\":\"es\",\"@id\":\"https:\\\/\\\/www.eldiariodetucuman.com\\\/web\\\/la-suba-del-dolar-tendra-bajo-impacto-en-la-inflacion-de-los-proximos-meses-segun-los-analistas-que-releva-el-bcra\\\/#primaryimage\",\"url\":\"https:\\\/\\\/www.eldiariodetucuman.com\\\/web\\\/wp-content\\\/uploads\\\/2025\\\/08\\\/La-suba-del-dolar-tendra-bajo-impacto-en-la-inflacion.jpg\",\"contentUrl\":\"https:\\\/\\\/www.eldiariodetucuman.com\\\/web\\\/wp-content\\\/uploads\\\/2025\\\/08\\\/La-suba-del-dolar-tendra-bajo-impacto-en-la-inflacion.jpg\",\"width\":620,\"height\":349},{\"@type\":\"BreadcrumbList\",\"@id\":\"https:\\\/\\\/www.eldiariodetucuman.com\\\/web\\\/la-suba-del-dolar-tendra-bajo-impacto-en-la-inflacion-de-los-proximos-meses-segun-los-analistas-que-releva-el-bcra\\\/#breadcrumb\",\"itemListElement\":[{\"@type\":\"ListItem\",\"position\":1,\"name\":\"Portada\",\"item\":\"https:\\\/\\\/www.eldiariodetucuman.com\\\/web\\\/\"},{\"@type\":\"ListItem\",\"position\":2,\"name\":\"La suba del d\u00f3lar tendr\u00e1 bajo impacto en la inflaci\u00f3n de los pr\u00f3ximos meses seg\u00fan los analistas que releva el BCRA\"}]},{\"@type\":\"WebSite\",\"@id\":\"https:\\\/\\\/www.eldiariodetucuman.com\\\/web\\\/#website\",\"url\":\"https:\\\/\\\/www.eldiariodetucuman.com\\\/web\\\/\",\"name\":\"El Diario de Tucuman\",\"description\":\"Diario Tucuman - Informaci\u00f3n y noticias\",\"publisher\":{\"@id\":\"https:\\\/\\\/www.eldiariodetucuman.com\\\/web\\\/#organization\"},\"potentialAction\":[{\"@type\":\"SearchAction\",\"target\":{\"@type\":\"EntryPoint\",\"urlTemplate\":\"https:\\\/\\\/www.eldiariodetucuman.com\\\/web\\\/?s={search_term_string}\"},\"query-input\":{\"@type\":\"PropertyValueSpecification\",\"valueRequired\":true,\"valueName\":\"search_term_string\"}}],\"inLanguage\":\"es\"},{\"@type\":\"Organization\",\"@id\":\"https:\\\/\\\/www.eldiariodetucuman.com\\\/web\\\/#organization\",\"name\":\"El Diario de Tucuman\",\"url\":\"https:\\\/\\\/www.eldiariodetucuman.com\\\/web\\\/\",\"logo\":{\"@type\":\"ImageObject\",\"inLanguage\":\"es\",\"@id\":\"https:\\\/\\\/www.eldiariodetucuman.com\\\/web\\\/#\\\/schema\\\/logo\\\/image\\\/\",\"url\":\"http:\\\/\\\/www.eldiariodetucuman.com\\\/web\\\/wp-content\\\/uploads\\\/2017\\\/12\\\/el-diario-de-tucuman.jpg\",\"contentUrl\":\"http:\\\/\\\/www.eldiariodetucuman.com\\\/web\\\/wp-content\\\/uploads\\\/2017\\\/12\\\/el-diario-de-tucuman.jpg\",\"width\":272,\"height\":92,\"caption\":\"El Diario de Tucuman\"},\"image\":{\"@id\":\"https:\\\/\\\/www.eldiariodetucuman.com\\\/web\\\/#\\\/schema\\\/logo\\\/image\\\/\"}},{\"@type\":\"Person\",\"@id\":\"https:\\\/\\\/www.eldiariodetucuman.com\\\/web\\\/#\\\/schema\\\/person\\\/9250197d75ab5483412e19678b121caa\",\"name\":\"admin\",\"image\":{\"@type\":\"ImageObject\",\"inLanguage\":\"es\",\"@id\":\"https:\\\/\\\/secure.gravatar.com\\\/avatar\\\/c44d117c2be811212c22cb481f6b8384b6873de103fbc49e7a03cc58d7dea4ac?s=96&d=mm&r=g\",\"url\":\"https:\\\/\\\/secure.gravatar.com\\\/avatar\\\/c44d117c2be811212c22cb481f6b8384b6873de103fbc49e7a03cc58d7dea4ac?s=96&d=mm&r=g\",\"contentUrl\":\"https:\\\/\\\/secure.gravatar.com\\\/avatar\\\/c44d117c2be811212c22cb481f6b8384b6873de103fbc49e7a03cc58d7dea4ac?s=96&d=mm&r=g\",\"caption\":\"admin\"},\"url\":\"https:\\\/\\\/www.eldiariodetucuman.com\\\/web\\\/author\\\/admin\\\/\"}]}<\/script>\n<!-- \/ Yoast SEO plugin. -->","yoast_head_json":{"title":"La suba del d\u00f3lar tendr\u00e1 bajo impacto en la inflaci\u00f3n de los pr\u00f3ximos meses seg\u00fan los analistas que releva el BCRA - El Diario de Tucuman","robots":{"index":"index","follow":"follow","max-snippet":"max-snippet:-1","max-image-preview":"max-image-preview:large","max-video-preview":"max-video-preview:-1"},"canonical":"https:\/\/www.eldiariodetucuman.com\/web\/la-suba-del-dolar-tendra-bajo-impacto-en-la-inflacion-de-los-proximos-meses-segun-los-analistas-que-releva-el-bcra\/","og_locale":"es_ES","og_type":"article","og_title":"La suba del d\u00f3lar tendr\u00e1 bajo impacto en la inflaci\u00f3n de los pr\u00f3ximos meses seg\u00fan los analistas que releva el BCRA - El Diario de Tucuman","og_description":"El Relevamiento de Expectativas de Mercado (REM) espera un \u00edndice inflacionario de 1,8% en julio y de 1,7% en agosto, apenas una d\u00e9cima por encima de la encuesta del mes anterior La suba del d\u00f3lar de casi 14% en julio tendr\u00e1 un escaso impacto sobre la inflaci\u00f3n en los pr\u00f3ximos meses, seg\u00fan los datos recopilados [&hellip;]","og_url":"https:\/\/www.eldiariodetucuman.com\/web\/la-suba-del-dolar-tendra-bajo-impacto-en-la-inflacion-de-los-proximos-meses-segun-los-analistas-que-releva-el-bcra\/","og_site_name":"El Diario de Tucuman","article_published_time":"2025-08-07T17:22:40+00:00","author":"admin","twitter_card":"summary_large_image","twitter_misc":{"Escrito por":"admin","Tiempo de lectura":"3 minutos"},"schema":{"@context":"https:\/\/schema.org","@graph":[{"@type":"Article","@id":"https:\/\/www.eldiariodetucuman.com\/web\/la-suba-del-dolar-tendra-bajo-impacto-en-la-inflacion-de-los-proximos-meses-segun-los-analistas-que-releva-el-bcra\/#article","isPartOf":{"@id":"https:\/\/www.eldiariodetucuman.com\/web\/la-suba-del-dolar-tendra-bajo-impacto-en-la-inflacion-de-los-proximos-meses-segun-los-analistas-que-releva-el-bcra\/"},"author":{"name":"admin","@id":"https:\/\/www.eldiariodetucuman.com\/web\/#\/schema\/person\/9250197d75ab5483412e19678b121caa"},"headline":"La suba del d\u00f3lar tendr\u00e1 bajo impacto en la inflaci\u00f3n de los pr\u00f3ximos meses seg\u00fan los analistas que releva el BCRA","datePublished":"2025-08-07T17:22:40+00:00","mainEntityOfPage":{"@id":"https:\/\/www.eldiariodetucuman.com\/web\/la-suba-del-dolar-tendra-bajo-impacto-en-la-inflacion-de-los-proximos-meses-segun-los-analistas-que-releva-el-bcra\/"},"wordCount":708,"publisher":{"@id":"https:\/\/www.eldiariodetucuman.com\/web\/#organization"},"image":{"@id":"https:\/\/www.eldiariodetucuman.com\/web\/la-suba-del-dolar-tendra-bajo-impacto-en-la-inflacion-de-los-proximos-meses-segun-los-analistas-que-releva-el-bcra\/#primaryimage"},"thumbnailUrl":"https:\/\/www.eldiariodetucuman.com\/web\/wp-content\/uploads\/2025\/08\/La-suba-del-dolar-tendra-bajo-impacto-en-la-inflacion.jpg","articleSection":["Actualidad"],"inLanguage":"es"},{"@type":"WebPage","@id":"https:\/\/www.eldiariodetucuman.com\/web\/la-suba-del-dolar-tendra-bajo-impacto-en-la-inflacion-de-los-proximos-meses-segun-los-analistas-que-releva-el-bcra\/","url":"https:\/\/www.eldiariodetucuman.com\/web\/la-suba-del-dolar-tendra-bajo-impacto-en-la-inflacion-de-los-proximos-meses-segun-los-analistas-que-releva-el-bcra\/","name":"La suba del d\u00f3lar tendr\u00e1 bajo impacto en la inflaci\u00f3n de los pr\u00f3ximos meses seg\u00fan los analistas que releva el BCRA - El Diario de Tucuman","isPartOf":{"@id":"https:\/\/www.eldiariodetucuman.com\/web\/#website"},"primaryImageOfPage":{"@id":"https:\/\/www.eldiariodetucuman.com\/web\/la-suba-del-dolar-tendra-bajo-impacto-en-la-inflacion-de-los-proximos-meses-segun-los-analistas-que-releva-el-bcra\/#primaryimage"},"image":{"@id":"https:\/\/www.eldiariodetucuman.com\/web\/la-suba-del-dolar-tendra-bajo-impacto-en-la-inflacion-de-los-proximos-meses-segun-los-analistas-que-releva-el-bcra\/#primaryimage"},"thumbnailUrl":"https:\/\/www.eldiariodetucuman.com\/web\/wp-content\/uploads\/2025\/08\/La-suba-del-dolar-tendra-bajo-impacto-en-la-inflacion.jpg","datePublished":"2025-08-07T17:22:40+00:00","breadcrumb":{"@id":"https:\/\/www.eldiariodetucuman.com\/web\/la-suba-del-dolar-tendra-bajo-impacto-en-la-inflacion-de-los-proximos-meses-segun-los-analistas-que-releva-el-bcra\/#breadcrumb"},"inLanguage":"es","potentialAction":[{"@type":"ReadAction","target":["https:\/\/www.eldiariodetucuman.com\/web\/la-suba-del-dolar-tendra-bajo-impacto-en-la-inflacion-de-los-proximos-meses-segun-los-analistas-que-releva-el-bcra\/"]}]},{"@type":"ImageObject","inLanguage":"es","@id":"https:\/\/www.eldiariodetucuman.com\/web\/la-suba-del-dolar-tendra-bajo-impacto-en-la-inflacion-de-los-proximos-meses-segun-los-analistas-que-releva-el-bcra\/#primaryimage","url":"https:\/\/www.eldiariodetucuman.com\/web\/wp-content\/uploads\/2025\/08\/La-suba-del-dolar-tendra-bajo-impacto-en-la-inflacion.jpg","contentUrl":"https:\/\/www.eldiariodetucuman.com\/web\/wp-content\/uploads\/2025\/08\/La-suba-del-dolar-tendra-bajo-impacto-en-la-inflacion.jpg","width":620,"height":349},{"@type":"BreadcrumbList","@id":"https:\/\/www.eldiariodetucuman.com\/web\/la-suba-del-dolar-tendra-bajo-impacto-en-la-inflacion-de-los-proximos-meses-segun-los-analistas-que-releva-el-bcra\/#breadcrumb","itemListElement":[{"@type":"ListItem","position":1,"name":"Portada","item":"https:\/\/www.eldiariodetucuman.com\/web\/"},{"@type":"ListItem","position":2,"name":"La suba del d\u00f3lar tendr\u00e1 bajo impacto en la inflaci\u00f3n de los pr\u00f3ximos meses seg\u00fan los analistas que releva el BCRA"}]},{"@type":"WebSite","@id":"https:\/\/www.eldiariodetucuman.com\/web\/#website","url":"https:\/\/www.eldiariodetucuman.com\/web\/","name":"El Diario de Tucuman","description":"Diario Tucuman - Informaci\u00f3n y noticias","publisher":{"@id":"https:\/\/www.eldiariodetucuman.com\/web\/#organization"},"potentialAction":[{"@type":"SearchAction","target":{"@type":"EntryPoint","urlTemplate":"https:\/\/www.eldiariodetucuman.com\/web\/?s={search_term_string}"},"query-input":{"@type":"PropertyValueSpecification","valueRequired":true,"valueName":"search_term_string"}}],"inLanguage":"es"},{"@type":"Organization","@id":"https:\/\/www.eldiariodetucuman.com\/web\/#organization","name":"El Diario de Tucuman","url":"https:\/\/www.eldiariodetucuman.com\/web\/","logo":{"@type":"ImageObject","inLanguage":"es","@id":"https:\/\/www.eldiariodetucuman.com\/web\/#\/schema\/logo\/image\/","url":"http:\/\/www.eldiariodetucuman.com\/web\/wp-content\/uploads\/2017\/12\/el-diario-de-tucuman.jpg","contentUrl":"http:\/\/www.eldiariodetucuman.com\/web\/wp-content\/uploads\/2017\/12\/el-diario-de-tucuman.jpg","width":272,"height":92,"caption":"El Diario de Tucuman"},"image":{"@id":"https:\/\/www.eldiariodetucuman.com\/web\/#\/schema\/logo\/image\/"}},{"@type":"Person","@id":"https:\/\/www.eldiariodetucuman.com\/web\/#\/schema\/person\/9250197d75ab5483412e19678b121caa","name":"admin","image":{"@type":"ImageObject","inLanguage":"es","@id":"https:\/\/secure.gravatar.com\/avatar\/c44d117c2be811212c22cb481f6b8384b6873de103fbc49e7a03cc58d7dea4ac?s=96&d=mm&r=g","url":"https:\/\/secure.gravatar.com\/avatar\/c44d117c2be811212c22cb481f6b8384b6873de103fbc49e7a03cc58d7dea4ac?s=96&d=mm&r=g","contentUrl":"https:\/\/secure.gravatar.com\/avatar\/c44d117c2be811212c22cb481f6b8384b6873de103fbc49e7a03cc58d7dea4ac?s=96&d=mm&r=g","caption":"admin"},"url":"https:\/\/www.eldiariodetucuman.com\/web\/author\/admin\/"}]}},"_links":{"self":[{"href":"https:\/\/www.eldiariodetucuman.com\/web\/wp-json\/wp\/v2\/posts\/45295","targetHints":{"allow":["GET"]}}],"collection":[{"href":"https:\/\/www.eldiariodetucuman.com\/web\/wp-json\/wp\/v2\/posts"}],"about":[{"href":"https:\/\/www.eldiariodetucuman.com\/web\/wp-json\/wp\/v2\/types\/post"}],"author":[{"embeddable":true,"href":"https:\/\/www.eldiariodetucuman.com\/web\/wp-json\/wp\/v2\/users\/1"}],"replies":[{"embeddable":true,"href":"https:\/\/www.eldiariodetucuman.com\/web\/wp-json\/wp\/v2\/comments?post=45295"}],"version-history":[{"count":0,"href":"https:\/\/www.eldiariodetucuman.com\/web\/wp-json\/wp\/v2\/posts\/45295\/revisions"}],"wp:featuredmedia":[{"embeddable":true,"href":"https:\/\/www.eldiariodetucuman.com\/web\/wp-json\/wp\/v2\/media\/45296"}],"wp:attachment":[{"href":"https:\/\/www.eldiariodetucuman.com\/web\/wp-json\/wp\/v2\/media?parent=45295"}],"wp:term":[{"taxonomy":"category","embeddable":true,"href":"https:\/\/www.eldiariodetucuman.com\/web\/wp-json\/wp\/v2\/categories?post=45295"},{"taxonomy":"post_tag","embeddable":true,"href":"https:\/\/www.eldiariodetucuman.com\/web\/wp-json\/wp\/v2\/tags?post=45295"}],"curies":[{"name":"wp","href":"https:\/\/api.w.org\/{rel}","templated":true}]}}