{"id":45292,"date":"2025-08-06T21:16:57","date_gmt":"2025-08-07T00:16:57","guid":{"rendered":"https:\/\/www.eldiariodetucuman.com\/web\/el-cruce-entre-gollan-y-santillan-por-el-garrahan\/"},"modified":"2025-08-06T21:17:03","modified_gmt":"2025-08-07T00:17:03","slug":"el-cruce-entre-gollan-y-santillan-por-el-garrahan","status":"publish","type":"post","link":"https:\/\/www.eldiariodetucuman.com\/web\/el-cruce-entre-gollan-y-santillan-por-el-garrahan\/","title":{"rendered":"El cruce entre Goll\u00e1n y Santill\u00e1n por el Garrahan"},"content":{"rendered":"<p><\/p>\n<p class=\"com-paragraph  --capital --s\">Durante su exposici\u00f3n, Juliana Santill\u00e1n sostuvo que el kirchnerismo \u201cconvirti\u00f3 a la salud p\u00fablica en una caja pol\u00edtica, en un espacio sindical y de militancia\u201d. \u201cComo se les acab\u00f3 el curro, quienes disfrazarlo de emergencia. Emergencia fue la gesti\u00f3n kuka. Plantean un proyecto que es una excusa para otorgar poderes discrecionales\u201d, critic\u00f3. En ese discurso, critic\u00f3 las gestiones de Daniel Goll\u00e1n como ministro de Salud y de Victoria Tolosa Paz como titular de la cartera de Desarrollo Social. Fue eso lo que provoc\u00f3 la reacci\u00f3n del m\u00e9dico.<\/p>\n<p class=\"com-paragraph   --s\">\u201cSiempre hacer paparruchadas pol\u00edticas para ganar tiempo y que se caiga la sesi\u00f3n, no va a pasar. A la diputada la invito a que discutamos por separado mi gesti\u00f3n en la provincia de Buenos Aires. Donde quieran\u201d, sostuvo.<\/p>\n<p>El cruce entre las diputadas Juliana Santill\u00e1n, Victoria Tolosa Paz y el diputadio Daniel Goll\u00e1n<\/p>\n<p class=\"com-paragraph   --s\">Tolosa Paz tambi\u00e9n se involucr\u00f3 en la discusi\u00f3n y mencion\u00f3 la denuncia que cae sobre la libertaria por usar un auricular durante una de sus exposiciones en el recinto. \u201cLa diputada le tiene que pedir disculpas a todo el Congreso despu\u00e9s de la denuncia que pesa sobre su persona por la utilizaci\u00f3n de un aud\u00edfono en plena c\u00e1mara. Hoy tom\u00f3 la palabra despu\u00e9s de diez meses de silencio y eso demuestra la falta de seriedad y responsabilidad del tratamiento del expediente\u201d, afirm\u00f3. <\/p>\n<p class=\"com-paragraph   --s\">Y agreg\u00f3: \u201cPor primera vez puede hablar mostrando las orejas porque antes solo pod\u00eda mostrar un tremendo aud\u00edfono que le dictaba un p\u00e9simo discurso\u201d.<\/p>\n<p class=\"com-paragraph   --s\">La intendente de Quilmes, Mayra Mendoza, apunt\u00f3 contra el modelo econ\u00f3mico de Javier Milei: \u00abCuatro noticias de hoy. Este es el modelo de Milei. Especulaci\u00f3n en vez de industrias; bicicleta financiera en vez de generaci\u00f3n de puestos de trabajo. Los que aplauden el ajuste, tambi\u00e9n sufren sus consecuencias. Sin consumo no hay industria ni comercio. Sin industrias no hay trabajo. Es sencillo\u00bb.<\/p>\n<p class=\"com-paragraph   --s\">La diputada de la Coalici\u00f3n C\u00edvica, Marcela Campagnoli, recalc\u00f3 que el conflicto del centro pedi\u00e1trico de refencia nacional surgi\u00f3 el a\u00f1o pasado cuando el ministro de Salud, Mario Lugones, desplaz\u00f3 a la comisi\u00f3n directiva del hospital y puso \u201ca una de su confianza\u201d. \u201cEsta nueva comisi\u00f3n amedrent\u00f3 a los residentes que se quejaban por los salarios, que se manifestaban en las calles\u201d, sostuvo.<\/p>\n<p class=\"com-paragraph   --s\">Remarc\u00f3 que el Garrahan es \u201cun emblema nacional y un orgullo\u201d. Tambi\u00e9n mencion\u00f3 el caso de un padre de una ni\u00f1a en Chaco con quien se cruz\u00f3 en una entrevista. \u201cTen\u00eda a su hija internada all\u00ed. No le estaban llegando los medicamentos que se los daban en el Garrahan. Y dijo \u2018yo me resisto a pensar que mi hija se va a morir\u2019. Lo que le pas\u00f3 a ese padre le pasa a un mont\u00f3n de padres que tienen a sus hijos en el Garrahan, o esperan un tratamiento que se ha discontinuado porque no est\u00e1n los recursos humanos\u201d, sum\u00f3.<\/p>\n<p class=\"com-paragraph   --s\">El Consejo Interuniversitario Nacional (CIN) us\u00f3 sus redes sociales para agradecer a los 158 legisladores que votaron a favor de la iniciativa que busca la actualizaci\u00f3n de los salarios y de los gastos de funcionamiento de las casas de altos estudios.<\/p>\n<p class=\"com-paragraph   --s\">\u201cLa disposici\u00f3n de entrometerse en tareas que son propias por parte del Estado ha hecho que incurramos en un mont\u00f3n de contradicciones. Mi observaci\u00f3n es que el Congreso est\u00e1 ocupado en tareas que naturalmente son parte de la responsabilidad de las provincias\u201d, sostuvo en su exposici\u00f3n Ricardo L\u00f3pez Murphy de Republicanos Unidos. <\/p>\n<p class=\"com-paragraph   --s\">Agreg\u00f3 que \u201ces malo que el Hospital Garrahan dependa del Estado general\u201d y que su transferencia \u201ca la gesti\u00f3n de los gobiernos locales es la mejor soluci\u00f3n\u201d, donde \u201clas unidades se autogestionen y financien\u201d. <\/p>\n<p class=\"com-paragraph   --s\">\u201cLo que pretende el Gobierno es que no haya un sistema de salud p\u00fablica, que solamente puedan acceder los que tienen plata. Va a tener la posibilidad del derecho a la salud solo el que pueda pagarlo. Por eso [Milei] pone a Lugones frente al Garrahan para llevar adelante el ajuste. Son empresarios de la salud y esa es la aspiraci\u00f3n\u201d, sostuvo el diputado del FIT Unidad Alejandro Vilca.<\/p>\n<p class=\"com-paragraph   --s\">\u201cLa grandeza de una naci\u00f3n se mide en c\u00f3mo tratamos a quienes construyeron a la naci\u00f3n y quienes continuar\u00e1n su legado. Una naci\u00f3n que olvida a los mayores, se olvida de s\u00ed misma. Y una que desatiende a los ni\u00f1os, renuncia a su futuro. Una naci\u00f3n que descuida a la inversi\u00f3n en el cerebro, que es la econom\u00eda del conocimiento, compromete su destino y desarrollo nacional\u201d, sostuvo Facundo Manes de Democracia para Siempre. <\/p>\n<p class=\"com-paragraph   --s\">\u201cEsta es una sesi\u00f3n llamada principalmente por la oposici\u00f3n. La verdad que entiendo que se agarran de temas totalmente nobles y profundos para todos los argentinos, temas que ninguno podr\u00eda estar en contra, pero que vienen encubiertos. La \u00fanica intenci\u00f3n de romper en la l\u00ednea de flotaci\u00f3n del gobierno generando una crisis institucional y problemas obviamente econ\u00f3micos\u201d, se\u00f1al\u00f3 en di\u00e1logo con LN+.<\/p>\n<p class=\"com-paragraph   --s\">El diputado de Uni\u00f3n por la Patria Pablo Yedlin present\u00f3 el proyecto de emergencia pedi\u00e1trica y asegur\u00f3 que el Hospital Garrahan es \u201ces la punta de la m\u00e1xima complejidad de esta especialidad en todo el pa\u00eds, y del sector salud en la Argentina en el sector p\u00fablico y privado\u201d. \u201cLa mitad de todos los transplantes infantiles que se hacen en la Argentina, se hacen en este hospital\u201d, declar\u00f3. <\/p>\n<p class=\"com-paragraph   --s\">Hoy la situaci\u00f3n del Garrahan es de crisis, est\u00e1 en riesgo la continuidad del hospitalk, lo que pone en riesgo a la salud de los ni\u00f1os en la Argentina. 350.000 ni\u00f1os del pa\u00eds vinieron al hospital.<\/p>\n<p class=\"com-paragraph   --s\">Tras la aprobaci\u00f3n sobre el financiamiento de las universidades, comienza el tratamiento que busca la recomposici\u00f3n salarial para el personal de salud que atiende a poblaci\u00f3n pedi\u00e1trica, incluidos los residentes nacionales, con un piso equivalente al ingreso real de noviembre de 2023.<\/p>\n<p class=\"com-paragraph   --s\">Tambi\u00e9n exime del impuesto a las ganancias a quienes realicen tareas cr\u00edticas, horas extras o guardias, tanto en el \u00e1mbito p\u00fablico como privado; autoriza la compra directa de insumos esenciales y ordena al Poder Ejecutivo financiar esas medidas con fondos de contingencia sanitaria.<\/p>\n<p class=\"com-paragraph   --s\">Adem\u00e1s, incorpora una cl\u00e1usula en l\u00ednea con las reformas del Ministerio de Salud: promueve la \u201ccontinuidad, fortalecimiento y sustentabilidad\u201d de los sistemas de residencias m\u00e9dicas. La semana pasada, el Gobierno habilit\u00f3 a los residentes a optar entre dos tipos de becas (Beca Ministerio o Beca Instituci\u00f3n), una decisi\u00f3n que profundiz\u00f3 el malestar del sector.<\/p>\n<p class=\"com-paragraph   --s\">Con 158 a favor, 75 en contra y cinco abstenciones, se aprob\u00f3 el proyecto de financiamiento universitario, que apunta a la actualizaci\u00f3n de los salarios y de los gastos de funcionamiento de las casas de altos estudios. Se pasa al tratamiento particular.<\/p>\n<p>La votaci\u00f3n por el financiamiento de universidadesCaptura<\/p>\n<p class=\"com-paragraph   --s\">El diputado y jefe del bloque de La Libertad Avanza, Gabriel Bornoroni, asegur\u00f3 que el kirchnerismo \u201cquiere romper el equilibrio fiscal de Milei\u201d. \u201cNinguno dijo de d\u00f3nde van a sacar la plata. El kirchnerismo hizo populismo. Ac\u00e1 les decimos la verdad: nosotros tenemos un equilibrio fiscal y les decimos la verdad d\u00e1ndole a cada uno lo que se le puede dar bajando impuestos\u201d, sum\u00f3. <\/p>\n<p class=\"com-paragraph   --s\">Y agreg\u00f3: \u201cLa Argentina del kirchnerismo se acab\u00f3 y quienes van a votar con ellos son lo mismo. Digan la verdad cuando vayan a sus provincias. Son todos kirchneristas\u201d.<\/p>\n<p class=\"com-paragraph   --s\">El diputado de Uni\u00f3n por la Patria Pablo Carro insisti\u00f3 a su par de Pro, Alejandro Finocchiaro, que habilite la comisi\u00f3n de educaci\u00f3n. \u201cAs\u00ed podemos discutir todos esos proyectos tan importantes que usted tiene. \u00bfQuiere discutir el arancel? Lo discutimos. Abra la comisi\u00f3n. Se llenan la boca. Por favor, la verdad pensaba hablar de una cosa diferente. Los docentes universitarios hace un a\u00f1o y medio que no tienen paritarias y les dan aumento por debajo de la inflaci\u00f3n. Eso es lo m\u00e1s parecido a una dictadura en su propia definici\u00f3n\u00bb, apunt\u00f3.<\/p>\n<p class=\"com-paragraph   --s\">Finocchiaro le contest\u00f3 unos minutos despu\u00e9s y le ofreci\u00f3 un trato: \u201cAbro la comisi\u00f3n en Diputados cuando Wado de Predo en el Senado abra la comisi\u00f3n de educaci\u00f3n. Para tratar el proyecto para que todos los chicos est\u00e9n en el aula todos los d\u00edas del a\u00f1o y puedan llegar a la universidad en igualdad de condiciones que otros chicos que van a otro tipo de escuelas y tienen m\u00e1s oportunidades\u201d.<\/p>\n<p class=\"com-paragraph   --s\">\u201cEl equilibrio y superavit fiscal est\u00e1n basados en la decisi\u00f3n de un Presidente que se lo puede criticar por mucho, pero no por la convicci\u00f3n de no dejar que la coalici\u00f3n del d\u00e9ficit del Congreso petardee y bombardee su programa econ\u00f3mico\u201d, se\u00f1al\u00f3 el diputado de Pro Fernando Iglesias.<\/p>\n<p class=\"com-paragraph   --s\">Efectivos de las fuerzas de seguridad se enfrentaron con los manifestantes al intentar desplazarlos hacia la Plaza de los dos Congresos. Las fuerzas de seguridad utilizaron camiones hidrantes y gas pimienta para dispersarlos, afectando a varios manifestantes, que fueron atendidos por m\u00e9dicos y asistentes de las postas sanitarias.<\/p>\n<p>Aumenta la tensi\u00f3n en la marcha frente al Congreso<\/p>\n<p class=\"com-paragraph   --s\">El diputado de la UCR Julio Cobos afirm\u00f3 que el Gobierno \u201cno puede romper el equilibrio institucional, federal y social\u201d, pero que, hasta la fecha, \u201cel Congeso sancion\u00f3 trece leyes, de las cuales cuatro han sido vetadas en este a\u00f1o\u201d. \u201cTenemos 24 decretos de necesidad y urgecnia. No tenemos presupuesto por segundo a\u00f1o consectuvio, que no lo he visto en la historia de la democraica\u201d, reclam\u00f3. <\/p>\n<p class=\"com-paragraph   --s\">El diputado de Democracia para Siempre Pablo Juliano critic\u00f3 al bloque de La Libertad Avanza: \u201cYo no entiendo como les gusta hablar de Alberdi y divorcian la idea de libertad y de conocimiento. En uno de los fundamentos de la diputada Tavela, la noci\u00f3n de la universidad p\u00fablica viene a fortalecer lo republicano, lo federal. \u00bfEn qu\u00e9 lugar chocaban las universidades p\u00fablicas con la reconstrucci\u00f3n que tiene este gobierno libertario?\u201c.<\/p>\n<p class=\"com-paragraph   --s\">\u201cSeguimos sin entenderlo, pero este Gobierno se ha topado con algunos caprichosos y degenerados fiscales que hoy estamos ac\u00e1 para insistir y resguardar a la universidad p\u00fablica del desmantelamiento de ese estado que no sabemos a d\u00f3nde va a ir\u201d, se\u00f1al\u00f3. <\/p>\n<p class=\"com-paragraph   --s\">El presidente de la Coalici\u00f3n C\u00edvica, Maximiliano Ferraro, sostuvo que Javier Milei y la gesti\u00f3n libertaria buscan \u201cuna acci\u00f3n deliberada\u201d centrada en \u201cla mentira como construcci\u00f3n pol\u00edtica y comunicacional\u201d. \u201cNo tiene el objetivo de que una parte de la sociedad crea en la mentira. Lo que persigue en definitiva es que se garantice que la sociedad no crea en nada ni en instituciones como las universidades p\u00fablicas nacionales, y el Hospital Garrahan\u201d, reclam\u00f3.<\/p>\n<p class=\"com-paragraph   --s\">Sostuvo que tambi\u00e9n apuntan contra el principio de justicia constitucional y la comunidad de principios que se definieron en la Constituci\u00f3n de 1994. \u201cLo que est\u00e1 en juego es la idea de un Estado que garantice justicia, igualdad y libertad de igual, que es nada m\u00e1s ni nada menos que la que iguala los puntos de partida y se para frente a las desigualdades estructurales que tenemos en la sociedad. Ah\u00ed se pretende imponer un modelo de estado destruido\u201d, se\u00f1al\u00f3.<\/p>\n<p class=\"com-paragraph   --s\">Ferraro sostuvo que se trata de una \u201ccrisis fabricada y deliberada\u201d. \u201cLa pol\u00edtica de educaci\u00f3n de este Gobierno es el desprecio a la universidad p\u00fablica\u201d, remarc\u00f3.<\/p>\n<p class=\"com-paragraph   --s\">La diputada de Producci\u00f3n y Trabajo argument\u00f3 que apoya la ley porque quiere \u201cchicos que puedan decidir y que tengan la posibilidad de trabajar\u201d. \u201cQue puedan salir, recibirse y ser profesionales. Como sanjuanina y orgullosamente de un espacio pol\u00edtico que gobierna la provincia, nos enfrentamos a esta situaci\u00f3n y nos hacemos parte del problema. No venimos a decir que esto corresponde a naci\u00f3n y lo dejamos ah\u00ed. Por el contrario, trabajamos en pol\u00edticas que acompa\u00f1en a los estudiantes\u201d, sostuvo.<\/p>\n<p class=\"com-paragraph   --s\">El diputado nacional de Republicanos Unidos, Ricardo L\u00f3pez Murphy, sostuvo que la falta de presupuesto \u201cproduce una patolog\u00eda\u201d que hace que \u201ctodos los d\u00edas se discutan iniciativas como si fuera un r\u00e9gimen parlamentario\u201d. <\/p>\n<p class=\"com-paragraph   --s\">\u201cUna patolog\u00eda da lugar a la otra, que claramente llega a los extremos de que podemos hasta intervenir en las paritarias. La forma de resolver esto es tener un presupuesto y evitar esta sucesi\u00f3n de desmesuras del Poder Ejecutivo. No somos un r\u00e9gimen parlamentario, no podemos hacer iniciativas de gasto cuando se nos ocurre\u201d, sum\u00f3. <\/p>\n<p class=\"com-paragraph   --s\">Al presentar el dictamen de minor\u00eda, la diputada nacional de Pro Germana Figueroa Casas sostuvo que hay sectores \u201cque se aprovechan de esta causa noble para sumarse a la coalici\u00f3n del d\u00e9ficit\u201d. <\/p>\n<p class=\"com-paragraph   --s\">\u201cTodo lo que no hicieron, ahora lo piden. Y a la vez, si uno trata de ser responsable, lo tildan en contra de la educaci\u00f3n p\u00fablica. En el medio de esta trampa estamos los que queremos ser responsables, pero reconocemos un problema\u201d, sostuvo. <\/p>\n<p class=\"com-paragraph   --s\">Y agreg\u00f3: \u201cEn nuestro proyecto planteamos que se actualicen las paritarias presupuestarias y se recompongan los salarios entre el acuerdo a celebrar entre el Consejo Universitario Nacional y el Ministerio de Capital Humano. Que se sienten a hablar. Son esloganes de un lado y del otro, y en el medio est\u00e1 la gente\u201d. <\/p>\n<p class=\"com-paragraph   --s\">El diputado de la Uni\u00f3n C\u00edvica Radical Mart\u00edn Tetaz sostuvo que la discusi\u00f3n de presupuesto \u201cno se abre en el Congreso porque el oficialismo no est\u00e1 interesado en abrirla\u201d. <\/p>\n<p class=\"com-paragraph   --s\">\u201cEs imposible dar una discusi\u00f3n racional, equilibrada y coherente sobre la asignaci\u00f3n de cada uno de los fondos, m\u00e1s cuando esta bancada se comprometi\u00f3 p\u00fablicamente con el presidente de la comisi\u00f3n de Presupuesto y Hacienda y el Presidente de la Naci\u00f3n de apoyar un presupuesto equilibrado\u201d, sum\u00f3. <\/p>\n<p class=\"com-paragraph   --s\">Comenz\u00f3 el <strong>debate por la ley de financiamiento de la educaci\u00f3n universitaria<\/strong> y la recomposici\u00f3n del salario <strong>docente<\/strong>. <\/p>\n<p class=\"com-paragraph   --s\">La sesi\u00f3n arranc\u00f3 tensionada en la C\u00e1mara de Diputados. Las primeras chicanas se levantaron gracias a la suspicaz <strong>foto <\/strong>que llev\u00f3 el diputado nacional socialista <strong>Esteban Paul\u00f3n<\/strong>, para chicanear a la bancada de <strong>Pro <\/strong>por el acuerdo con los<strong> libertarios<\/strong>. Se sum\u00f3 despu\u00e9s el primer cruce entre la diputada kirchnerista <strong>Carolina Gaillard<\/strong> con el titular de la C\u00e1mara, <strong>Mart\u00edn Menem<\/strong>.<\/p>\n<p class=\"com-paragraph   --s\">Cuando entr\u00f3 al recinto, Paul\u00f3n, que se candidatea como senador nacional por la ciudad de Buenos Aires, <strong>apareci\u00f3 con una gigantograf\u00eda ploteada por una imagen hecha con IA.<\/strong><\/p>\n<p class=\"com-paragraph   --s\">En ella se ve\u00eda al expresidente <strong>Mauricio Macri<\/strong> vestido de pastelero, decorando una torta con merengue. <strong>\u201cKarina conducci\u00f3n\u201d,<\/strong> dec\u00eda arriba, en relaci\u00f3n con la secretaria general de la Presidencia y presidenta partidaria de LLA a nivel nacional, que antes de la pol\u00edtica se dedicaba a la pasteler\u00eda.<\/p>\n<p>La foto que llev\u00f3 Esteban Paul\u00f3n al recinto tras la alianza entre los Macri y los Milei para la elecci\u00f3n en la CiudadPrensa Paul\u00f3n<\/p>\n<p class=\"com-paragraph   --s\">Minutos despu\u00e9s, Gaillard pidi\u00f3 que se trate <strong>sobre tablas <\/strong>la declaraci\u00f3n como<strong> persona no grata<\/strong> al primer ministro de Israel, <strong>Benjamin Netanyahu<\/strong>, que vendr\u00e1 a la Argentina y ser\u00e1 recibido por el presidente <strong>Javier Milei. <\/strong><\/p>\n<p class=\"com-paragraph   --s\">\u201cNetanyahu tiene una orden de captura de la Corte Penal Internacional, estamos siendo testigos de una <strong>masacre <\/strong>que se est\u00e1 cometiendo en <strong>Gaza.<\/strong> Las im\u00e1genes son de horror. No podemos convalidar el <strong>genocidio <\/strong>que est\u00e1 llevando adelante el <strong>Estado de Israel <\/strong>sobre el pueblo de <strong>Gaza<\/strong>. 50.000 personas palestinas han sido asesinadas, 18.000 ni\u00f1as y ni\u00f1os\u00bb, sostuvo Gaillard mientras el titular de la C\u00e1mara, <strong>Mart\u00edn Menem<\/strong>, intentaba detener su presentaci\u00f3n por considerarla fuera del reglamento. <\/p>\n<p>El cruce entre Gaillard y Menem<\/p>\n<p class=\"com-paragraph   --s\">\u201cSiga los pasos, diputada. Acabamos de empezar la sesi\u00f3n, le pido por favor,<strong> van cinco minutos de sesi\u00f3n y estamos saliendo del plan<\/strong>. Pida una cuesti\u00f3n de privilegio. <strong>Diputada, la estoy llamando al orden<\/strong>. Deje de hacer uso de la palabra y pida una cuesti\u00f3n de privilegio o un apartamiento. Hay un orden\u201d, le dijo Menem.<\/p>\n<p class=\"com-paragraph   --s\">Sin embargo, Gaillard lo desoy\u00f3. \u201cEs una obligaci\u00f3n de este Parlamento y es un acto de dignidad, para un Estado argentino que ha sufrido el terrorismo de Estado, pronunciarnos. Muchas gracias\u201d, sigui\u00f3.<\/p>\n<p class=\"com-paragraph   --s\">Mientras tanto, Menem marc\u00f3: \u201cLa vuelvo a llamar al orden, diputada.<strong> Hace cinco minutos empezamos la sesi\u00f3n y ya se est\u00e1 saliendo de los carriles. <\/strong>Oportunamente haga lo que tenga que hacer, dentro del orden que tanto nos cost\u00f3 conseguir cuando tuvimos la reuni\u00f3n [de Labor]\u201d. <\/p>\n<p class=\"com-paragraph   --s\">Se retir\u00f3 del temario la <strong>insistencia por la emergencia en Bah\u00eda Blanca<\/strong>, que hab\u00eda sido vetada por el presidente<strong> Javier Milei.<\/strong> Esto es porque el oficialismo no acompa\u00f1aba y la oposici\u00f3n no reun\u00eda los avales para avanzar.<\/p>\n<p class=\"com-paragraph   --s\">Con <strong>135 presentes<\/strong>, hay quorum y arranca la sesi\u00f3n en Diputados.<\/p>\n<p class=\"com-paragraph   --s\">En <strong>Diputados <\/strong>est\u00e1 todo dispuesto en el recinto para ver si la oposici\u00f3n consigue quorum para abrir la sesi\u00f3n en la que se debatir\u00e1n proyectos espinosos para el Gobierno. <\/p>\n<p><a href=\"https:\/\/www.lanacion.com.ar\/politica\/sesion-en-diputados-en-vivo-la-oposicion-busca-avanzar-con-proyectos-sensibles-para-javier-milei-nid06082025\/\">Fuente de la nota <\/a><\/p>\n","protected":false},"excerpt":{"rendered":"<p>Durante su exposici\u00f3n, Juliana Santill\u00e1n sostuvo que el kirchnerismo \u201cconvirti\u00f3 a la salud p\u00fablica en una caja pol\u00edtica, en un espacio sindical y de militancia\u201d. \u201cComo se les acab\u00f3 el curro, quienes disfrazarlo de emergencia. Emergencia fue la gesti\u00f3n kuka. Plantean un proyecto que es una excusa para otorgar poderes discrecionales\u201d, critic\u00f3. En ese discurso, [&hellip;]<\/p>\n","protected":false},"author":5,"featured_media":45293,"comment_status":"closed","ping_status":"open","sticky":false,"template":"","format":"standard","meta":{"footnotes":""},"categories":[3],"tags":[],"class_list":{"0":"post-45292","1":"post","2":"type-post","3":"status-publish","4":"format-standard","5":"has-post-thumbnail","7":"category-politica"},"yoast_head":"<!-- This site is optimized with the Yoast SEO plugin v27.4 - https:\/\/yoast.com\/product\/yoast-seo-wordpress\/ -->\n<title>El cruce entre Goll\u00e1n y Santill\u00e1n por el Garrahan - El Diario de Tucuman<\/title>\n<meta name=\"robots\" content=\"index, follow, max-snippet:-1, max-image-preview:large, max-video-preview:-1\" \/>\n<link rel=\"canonical\" href=\"https:\/\/www.eldiariodetucuman.com\/web\/el-cruce-entre-gollan-y-santillan-por-el-garrahan\/\" \/>\n<meta property=\"og:locale\" content=\"es_ES\" \/>\n<meta property=\"og:type\" content=\"article\" \/>\n<meta property=\"og:title\" content=\"El cruce entre Goll\u00e1n y Santill\u00e1n por el Garrahan - El Diario de Tucuman\" \/>\n<meta property=\"og:description\" content=\"Durante su exposici\u00f3n, Juliana Santill\u00e1n sostuvo que el kirchnerismo \u201cconvirti\u00f3 a la salud p\u00fablica en una caja pol\u00edtica, en un espacio sindical y de militancia\u201d. \u201cComo se les acab\u00f3 el curro, quienes disfrazarlo de emergencia. Emergencia fue la gesti\u00f3n kuka. Plantean un proyecto que es una excusa para otorgar poderes discrecionales\u201d, critic\u00f3. En ese discurso, [&hellip;]\" \/>\n<meta property=\"og:url\" content=\"https:\/\/www.eldiariodetucuman.com\/web\/el-cruce-entre-gollan-y-santillan-por-el-garrahan\/\" \/>\n<meta property=\"og:site_name\" content=\"El Diario de Tucuman\" \/>\n<meta property=\"article:published_time\" content=\"2025-08-07T00:16:57+00:00\" \/>\n<meta property=\"article:modified_time\" content=\"2025-08-07T00:17:03+00:00\" \/>\n<meta property=\"og:image\" content=\"https:\/\/www.eldiariodetucuman.com\/web\/wp-content\/uploads\/2025\/08\/daniel-gollan-y-juliana-CJ4XO3DOPBBPJERFPXKAV2KL6I.png\" \/>\n\t<meta property=\"og:image:width\" content=\"1200\" \/>\n\t<meta property=\"og:image:height\" content=\"800\" \/>\n\t<meta property=\"og:image:type\" content=\"image\/png\" \/>\n<meta name=\"author\" content=\"Redactor Uno\" \/>\n<meta name=\"twitter:card\" content=\"summary_large_image\" \/>\n<meta name=\"twitter:label1\" content=\"Escrito por\" \/>\n\t<meta name=\"twitter:data1\" content=\"Redactor Uno\" \/>\n\t<meta name=\"twitter:label2\" content=\"Tiempo de lectura\" \/>\n\t<meta name=\"twitter:data2\" content=\"14 minutos\" \/>\n<script type=\"application\/ld+json\" class=\"yoast-schema-graph\">{\"@context\":\"https:\\\/\\\/schema.org\",\"@graph\":[{\"@type\":\"Article\",\"@id\":\"https:\\\/\\\/www.eldiariodetucuman.com\\\/web\\\/el-cruce-entre-gollan-y-santillan-por-el-garrahan\\\/#article\",\"isPartOf\":{\"@id\":\"https:\\\/\\\/www.eldiariodetucuman.com\\\/web\\\/el-cruce-entre-gollan-y-santillan-por-el-garrahan\\\/\"},\"author\":{\"name\":\"Redactor Uno\",\"@id\":\"https:\\\/\\\/www.eldiariodetucuman.com\\\/web\\\/#\\\/schema\\\/person\\\/7e6644a46e60888f6b868594407e08dd\"},\"headline\":\"El cruce entre Goll\u00e1n y Santill\u00e1n por el Garrahan\",\"datePublished\":\"2025-08-07T00:16:57+00:00\",\"dateModified\":\"2025-08-07T00:17:03+00:00\",\"mainEntityOfPage\":{\"@id\":\"https:\\\/\\\/www.eldiariodetucuman.com\\\/web\\\/el-cruce-entre-gollan-y-santillan-por-el-garrahan\\\/\"},\"wordCount\":2896,\"publisher\":{\"@id\":\"https:\\\/\\\/www.eldiariodetucuman.com\\\/web\\\/#organization\"},\"image\":{\"@id\":\"https:\\\/\\\/www.eldiariodetucuman.com\\\/web\\\/el-cruce-entre-gollan-y-santillan-por-el-garrahan\\\/#primaryimage\"},\"thumbnailUrl\":\"https:\\\/\\\/www.eldiariodetucuman.com\\\/web\\\/wp-content\\\/uploads\\\/2025\\\/08\\\/daniel-gollan-y-juliana-CJ4XO3DOPBBPJERFPXKAV2KL6I.png\",\"articleSection\":[\"Politica\"],\"inLanguage\":\"es\"},{\"@type\":\"WebPage\",\"@id\":\"https:\\\/\\\/www.eldiariodetucuman.com\\\/web\\\/el-cruce-entre-gollan-y-santillan-por-el-garrahan\\\/\",\"url\":\"https:\\\/\\\/www.eldiariodetucuman.com\\\/web\\\/el-cruce-entre-gollan-y-santillan-por-el-garrahan\\\/\",\"name\":\"El cruce entre Goll\u00e1n y Santill\u00e1n por el Garrahan - El Diario de Tucuman\",\"isPartOf\":{\"@id\":\"https:\\\/\\\/www.eldiariodetucuman.com\\\/web\\\/#website\"},\"primaryImageOfPage\":{\"@id\":\"https:\\\/\\\/www.eldiariodetucuman.com\\\/web\\\/el-cruce-entre-gollan-y-santillan-por-el-garrahan\\\/#primaryimage\"},\"image\":{\"@id\":\"https:\\\/\\\/www.eldiariodetucuman.com\\\/web\\\/el-cruce-entre-gollan-y-santillan-por-el-garrahan\\\/#primaryimage\"},\"thumbnailUrl\":\"https:\\\/\\\/www.eldiariodetucuman.com\\\/web\\\/wp-content\\\/uploads\\\/2025\\\/08\\\/daniel-gollan-y-juliana-CJ4XO3DOPBBPJERFPXKAV2KL6I.png\",\"datePublished\":\"2025-08-07T00:16:57+00:00\",\"dateModified\":\"2025-08-07T00:17:03+00:00\",\"breadcrumb\":{\"@id\":\"https:\\\/\\\/www.eldiariodetucuman.com\\\/web\\\/el-cruce-entre-gollan-y-santillan-por-el-garrahan\\\/#breadcrumb\"},\"inLanguage\":\"es\",\"potentialAction\":[{\"@type\":\"ReadAction\",\"target\":[\"https:\\\/\\\/www.eldiariodetucuman.com\\\/web\\\/el-cruce-entre-gollan-y-santillan-por-el-garrahan\\\/\"]}]},{\"@type\":\"ImageObject\",\"inLanguage\":\"es\",\"@id\":\"https:\\\/\\\/www.eldiariodetucuman.com\\\/web\\\/el-cruce-entre-gollan-y-santillan-por-el-garrahan\\\/#primaryimage\",\"url\":\"https:\\\/\\\/www.eldiariodetucuman.com\\\/web\\\/wp-content\\\/uploads\\\/2025\\\/08\\\/daniel-gollan-y-juliana-CJ4XO3DOPBBPJERFPXKAV2KL6I.png\",\"contentUrl\":\"https:\\\/\\\/www.eldiariodetucuman.com\\\/web\\\/wp-content\\\/uploads\\\/2025\\\/08\\\/daniel-gollan-y-juliana-CJ4XO3DOPBBPJERFPXKAV2KL6I.png\",\"width\":1200,\"height\":800},{\"@type\":\"BreadcrumbList\",\"@id\":\"https:\\\/\\\/www.eldiariodetucuman.com\\\/web\\\/el-cruce-entre-gollan-y-santillan-por-el-garrahan\\\/#breadcrumb\",\"itemListElement\":[{\"@type\":\"ListItem\",\"position\":1,\"name\":\"Portada\",\"item\":\"https:\\\/\\\/www.eldiariodetucuman.com\\\/web\\\/\"},{\"@type\":\"ListItem\",\"position\":2,\"name\":\"El cruce entre Goll\u00e1n y Santill\u00e1n por el Garrahan\"}]},{\"@type\":\"WebSite\",\"@id\":\"https:\\\/\\\/www.eldiariodetucuman.com\\\/web\\\/#website\",\"url\":\"https:\\\/\\\/www.eldiariodetucuman.com\\\/web\\\/\",\"name\":\"El Diario de Tucuman\",\"description\":\"Diario Tucuman - Informaci\u00f3n y noticias\",\"publisher\":{\"@id\":\"https:\\\/\\\/www.eldiariodetucuman.com\\\/web\\\/#organization\"},\"potentialAction\":[{\"@type\":\"SearchAction\",\"target\":{\"@type\":\"EntryPoint\",\"urlTemplate\":\"https:\\\/\\\/www.eldiariodetucuman.com\\\/web\\\/?s={search_term_string}\"},\"query-input\":{\"@type\":\"PropertyValueSpecification\",\"valueRequired\":true,\"valueName\":\"search_term_string\"}}],\"inLanguage\":\"es\"},{\"@type\":\"Organization\",\"@id\":\"https:\\\/\\\/www.eldiariodetucuman.com\\\/web\\\/#organization\",\"name\":\"El Diario de Tucuman\",\"url\":\"https:\\\/\\\/www.eldiariodetucuman.com\\\/web\\\/\",\"logo\":{\"@type\":\"ImageObject\",\"inLanguage\":\"es\",\"@id\":\"https:\\\/\\\/www.eldiariodetucuman.com\\\/web\\\/#\\\/schema\\\/logo\\\/image\\\/\",\"url\":\"http:\\\/\\\/www.eldiariodetucuman.com\\\/web\\\/wp-content\\\/uploads\\\/2017\\\/12\\\/el-diario-de-tucuman.jpg\",\"contentUrl\":\"http:\\\/\\\/www.eldiariodetucuman.com\\\/web\\\/wp-content\\\/uploads\\\/2017\\\/12\\\/el-diario-de-tucuman.jpg\",\"width\":272,\"height\":92,\"caption\":\"El Diario de Tucuman\"},\"image\":{\"@id\":\"https:\\\/\\\/www.eldiariodetucuman.com\\\/web\\\/#\\\/schema\\\/logo\\\/image\\\/\"}},{\"@type\":\"Person\",\"@id\":\"https:\\\/\\\/www.eldiariodetucuman.com\\\/web\\\/#\\\/schema\\\/person\\\/7e6644a46e60888f6b868594407e08dd\",\"name\":\"Redactor Uno\",\"image\":{\"@type\":\"ImageObject\",\"inLanguage\":\"es\",\"@id\":\"https:\\\/\\\/secure.gravatar.com\\\/avatar\\\/0049b1bdf1bd548385c9ea6b9356431717930913089febd2ba904f0187d7d074?s=96&d=mm&r=g\",\"url\":\"https:\\\/\\\/secure.gravatar.com\\\/avatar\\\/0049b1bdf1bd548385c9ea6b9356431717930913089febd2ba904f0187d7d074?s=96&d=mm&r=g\",\"contentUrl\":\"https:\\\/\\\/secure.gravatar.com\\\/avatar\\\/0049b1bdf1bd548385c9ea6b9356431717930913089febd2ba904f0187d7d074?s=96&d=mm&r=g\",\"caption\":\"Redactor Uno\"},\"url\":\"https:\\\/\\\/www.eldiariodetucuman.com\\\/web\\\/author\\\/mramasco\\\/\"}]}<\/script>\n<!-- \/ Yoast SEO plugin. -->","yoast_head_json":{"title":"El cruce entre Goll\u00e1n y Santill\u00e1n por el Garrahan - El Diario de Tucuman","robots":{"index":"index","follow":"follow","max-snippet":"max-snippet:-1","max-image-preview":"max-image-preview:large","max-video-preview":"max-video-preview:-1"},"canonical":"https:\/\/www.eldiariodetucuman.com\/web\/el-cruce-entre-gollan-y-santillan-por-el-garrahan\/","og_locale":"es_ES","og_type":"article","og_title":"El cruce entre Goll\u00e1n y Santill\u00e1n por el Garrahan - El Diario de Tucuman","og_description":"Durante su exposici\u00f3n, Juliana Santill\u00e1n sostuvo que el kirchnerismo \u201cconvirti\u00f3 a la salud p\u00fablica en una caja pol\u00edtica, en un espacio sindical y de militancia\u201d. \u201cComo se les acab\u00f3 el curro, quienes disfrazarlo de emergencia. Emergencia fue la gesti\u00f3n kuka. Plantean un proyecto que es una excusa para otorgar poderes discrecionales\u201d, critic\u00f3. En ese discurso, [&hellip;]","og_url":"https:\/\/www.eldiariodetucuman.com\/web\/el-cruce-entre-gollan-y-santillan-por-el-garrahan\/","og_site_name":"El Diario de Tucuman","article_published_time":"2025-08-07T00:16:57+00:00","article_modified_time":"2025-08-07T00:17:03+00:00","og_image":[{"width":1200,"height":800,"url":"https:\/\/www.eldiariodetucuman.com\/web\/wp-content\/uploads\/2025\/08\/daniel-gollan-y-juliana-CJ4XO3DOPBBPJERFPXKAV2KL6I.png","type":"image\/png"}],"author":"Redactor Uno","twitter_card":"summary_large_image","twitter_misc":{"Escrito por":"Redactor Uno","Tiempo de lectura":"14 minutos"},"schema":{"@context":"https:\/\/schema.org","@graph":[{"@type":"Article","@id":"https:\/\/www.eldiariodetucuman.com\/web\/el-cruce-entre-gollan-y-santillan-por-el-garrahan\/#article","isPartOf":{"@id":"https:\/\/www.eldiariodetucuman.com\/web\/el-cruce-entre-gollan-y-santillan-por-el-garrahan\/"},"author":{"name":"Redactor Uno","@id":"https:\/\/www.eldiariodetucuman.com\/web\/#\/schema\/person\/7e6644a46e60888f6b868594407e08dd"},"headline":"El cruce entre Goll\u00e1n y Santill\u00e1n por el Garrahan","datePublished":"2025-08-07T00:16:57+00:00","dateModified":"2025-08-07T00:17:03+00:00","mainEntityOfPage":{"@id":"https:\/\/www.eldiariodetucuman.com\/web\/el-cruce-entre-gollan-y-santillan-por-el-garrahan\/"},"wordCount":2896,"publisher":{"@id":"https:\/\/www.eldiariodetucuman.com\/web\/#organization"},"image":{"@id":"https:\/\/www.eldiariodetucuman.com\/web\/el-cruce-entre-gollan-y-santillan-por-el-garrahan\/#primaryimage"},"thumbnailUrl":"https:\/\/www.eldiariodetucuman.com\/web\/wp-content\/uploads\/2025\/08\/daniel-gollan-y-juliana-CJ4XO3DOPBBPJERFPXKAV2KL6I.png","articleSection":["Politica"],"inLanguage":"es"},{"@type":"WebPage","@id":"https:\/\/www.eldiariodetucuman.com\/web\/el-cruce-entre-gollan-y-santillan-por-el-garrahan\/","url":"https:\/\/www.eldiariodetucuman.com\/web\/el-cruce-entre-gollan-y-santillan-por-el-garrahan\/","name":"El cruce entre Goll\u00e1n y Santill\u00e1n por el Garrahan - El Diario de Tucuman","isPartOf":{"@id":"https:\/\/www.eldiariodetucuman.com\/web\/#website"},"primaryImageOfPage":{"@id":"https:\/\/www.eldiariodetucuman.com\/web\/el-cruce-entre-gollan-y-santillan-por-el-garrahan\/#primaryimage"},"image":{"@id":"https:\/\/www.eldiariodetucuman.com\/web\/el-cruce-entre-gollan-y-santillan-por-el-garrahan\/#primaryimage"},"thumbnailUrl":"https:\/\/www.eldiariodetucuman.com\/web\/wp-content\/uploads\/2025\/08\/daniel-gollan-y-juliana-CJ4XO3DOPBBPJERFPXKAV2KL6I.png","datePublished":"2025-08-07T00:16:57+00:00","dateModified":"2025-08-07T00:17:03+00:00","breadcrumb":{"@id":"https:\/\/www.eldiariodetucuman.com\/web\/el-cruce-entre-gollan-y-santillan-por-el-garrahan\/#breadcrumb"},"inLanguage":"es","potentialAction":[{"@type":"ReadAction","target":["https:\/\/www.eldiariodetucuman.com\/web\/el-cruce-entre-gollan-y-santillan-por-el-garrahan\/"]}]},{"@type":"ImageObject","inLanguage":"es","@id":"https:\/\/www.eldiariodetucuman.com\/web\/el-cruce-entre-gollan-y-santillan-por-el-garrahan\/#primaryimage","url":"https:\/\/www.eldiariodetucuman.com\/web\/wp-content\/uploads\/2025\/08\/daniel-gollan-y-juliana-CJ4XO3DOPBBPJERFPXKAV2KL6I.png","contentUrl":"https:\/\/www.eldiariodetucuman.com\/web\/wp-content\/uploads\/2025\/08\/daniel-gollan-y-juliana-CJ4XO3DOPBBPJERFPXKAV2KL6I.png","width":1200,"height":800},{"@type":"BreadcrumbList","@id":"https:\/\/www.eldiariodetucuman.com\/web\/el-cruce-entre-gollan-y-santillan-por-el-garrahan\/#breadcrumb","itemListElement":[{"@type":"ListItem","position":1,"name":"Portada","item":"https:\/\/www.eldiariodetucuman.com\/web\/"},{"@type":"ListItem","position":2,"name":"El cruce entre Goll\u00e1n y Santill\u00e1n por el Garrahan"}]},{"@type":"WebSite","@id":"https:\/\/www.eldiariodetucuman.com\/web\/#website","url":"https:\/\/www.eldiariodetucuman.com\/web\/","name":"El Diario de Tucuman","description":"Diario Tucuman - Informaci\u00f3n y noticias","publisher":{"@id":"https:\/\/www.eldiariodetucuman.com\/web\/#organization"},"potentialAction":[{"@type":"SearchAction","target":{"@type":"EntryPoint","urlTemplate":"https:\/\/www.eldiariodetucuman.com\/web\/?s={search_term_string}"},"query-input":{"@type":"PropertyValueSpecification","valueRequired":true,"valueName":"search_term_string"}}],"inLanguage":"es"},{"@type":"Organization","@id":"https:\/\/www.eldiariodetucuman.com\/web\/#organization","name":"El Diario de Tucuman","url":"https:\/\/www.eldiariodetucuman.com\/web\/","logo":{"@type":"ImageObject","inLanguage":"es","@id":"https:\/\/www.eldiariodetucuman.com\/web\/#\/schema\/logo\/image\/","url":"http:\/\/www.eldiariodetucuman.com\/web\/wp-content\/uploads\/2017\/12\/el-diario-de-tucuman.jpg","contentUrl":"http:\/\/www.eldiariodetucuman.com\/web\/wp-content\/uploads\/2017\/12\/el-diario-de-tucuman.jpg","width":272,"height":92,"caption":"El Diario de Tucuman"},"image":{"@id":"https:\/\/www.eldiariodetucuman.com\/web\/#\/schema\/logo\/image\/"}},{"@type":"Person","@id":"https:\/\/www.eldiariodetucuman.com\/web\/#\/schema\/person\/7e6644a46e60888f6b868594407e08dd","name":"Redactor Uno","image":{"@type":"ImageObject","inLanguage":"es","@id":"https:\/\/secure.gravatar.com\/avatar\/0049b1bdf1bd548385c9ea6b9356431717930913089febd2ba904f0187d7d074?s=96&d=mm&r=g","url":"https:\/\/secure.gravatar.com\/avatar\/0049b1bdf1bd548385c9ea6b9356431717930913089febd2ba904f0187d7d074?s=96&d=mm&r=g","contentUrl":"https:\/\/secure.gravatar.com\/avatar\/0049b1bdf1bd548385c9ea6b9356431717930913089febd2ba904f0187d7d074?s=96&d=mm&r=g","caption":"Redactor Uno"},"url":"https:\/\/www.eldiariodetucuman.com\/web\/author\/mramasco\/"}]}},"_links":{"self":[{"href":"https:\/\/www.eldiariodetucuman.com\/web\/wp-json\/wp\/v2\/posts\/45292","targetHints":{"allow":["GET"]}}],"collection":[{"href":"https:\/\/www.eldiariodetucuman.com\/web\/wp-json\/wp\/v2\/posts"}],"about":[{"href":"https:\/\/www.eldiariodetucuman.com\/web\/wp-json\/wp\/v2\/types\/post"}],"author":[{"embeddable":true,"href":"https:\/\/www.eldiariodetucuman.com\/web\/wp-json\/wp\/v2\/users\/5"}],"replies":[{"embeddable":true,"href":"https:\/\/www.eldiariodetucuman.com\/web\/wp-json\/wp\/v2\/comments?post=45292"}],"version-history":[{"count":1,"href":"https:\/\/www.eldiariodetucuman.com\/web\/wp-json\/wp\/v2\/posts\/45292\/revisions"}],"predecessor-version":[{"id":45294,"href":"https:\/\/www.eldiariodetucuman.com\/web\/wp-json\/wp\/v2\/posts\/45292\/revisions\/45294"}],"wp:featuredmedia":[{"embeddable":true,"href":"https:\/\/www.eldiariodetucuman.com\/web\/wp-json\/wp\/v2\/media\/45293"}],"wp:attachment":[{"href":"https:\/\/www.eldiariodetucuman.com\/web\/wp-json\/wp\/v2\/media?parent=45292"}],"wp:term":[{"taxonomy":"category","embeddable":true,"href":"https:\/\/www.eldiariodetucuman.com\/web\/wp-json\/wp\/v2\/categories?post=45292"},{"taxonomy":"post_tag","embeddable":true,"href":"https:\/\/www.eldiariodetucuman.com\/web\/wp-json\/wp\/v2\/tags?post=45292"}],"curies":[{"name":"wp","href":"https:\/\/api.w.org\/{rel}","templated":true}]}}