{"id":45290,"date":"2025-08-06T15:47:41","date_gmt":"2025-08-06T18:47:41","guid":{"rendered":"https:\/\/www.eldiariodetucuman.com\/web\/jaldo-inauguro-obras-de-infraestructura-en-rio-colorado\/"},"modified":"2025-08-06T15:47:41","modified_gmt":"2025-08-06T18:47:41","slug":"jaldo-inauguro-obras-de-infraestructura-en-rio-colorado","status":"publish","type":"post","link":"https:\/\/www.eldiariodetucuman.com\/web\/jaldo-inauguro-obras-de-infraestructura-en-rio-colorado\/","title":{"rendered":"Jaldo inaugur\u00f3 obras de infraestructura en R\u00edo Colorado"},"content":{"rendered":"<p><\/p>\n<p id=\"isPasted\">El gobernador <strong>Osvaldo Jaldo\u00a0<\/strong>inaugur\u00f3 1500 metros de alumbrado p\u00fablico con luces LED sobre la Ruta 157. Adem\u00e1s, se present\u00f3 la remodelaci\u00f3n integral de la emblem\u00e1tica Plaza Bicentenario y visit\u00f3 la obra de 4000 metros de pavimento de hormig\u00f3n. Las obras son en el marco del Plan Independencia.<\/p>\n<p><\/p>\n<p>El primer mandatario estuvo acompa\u00f1ado por el ministro del Interior,<strong> Dar\u00edo Monteros;<\/strong> comisionado comunal, <strong>Alejandro Quinteros<\/strong>; los legisladores <strong>Marcelo Herrera, Ger\u00f3nimo Vargas Aignasse, Patricia Liz\u00e1rraga, Alejandra Cejas, Alejandro Figueroa, Carlos G\u00f3mez, Walter Herrera, Alberto Olea, Tomas Cobos;<\/strong> los intendentes de Simoca, <strong>Elvio Salazar;<\/strong> de Taf\u00ed del Valle, <strong>Francisco Caliva<\/strong>; secretario de Planificaci\u00f3n y Relaciones Institucionales,<strong> Daniel Herrera;<\/strong> secretario de Grandes Comunas; <strong>Marcelo Santillan; <\/strong>titular del IPLA <strong>Dante Loza; <\/strong>concejales; comisionados comunales.<\/p>\n<\/p>\n<p>Entre las obras destacadas se encuentran los 4000 metros de pavimento de hormig\u00f3n, que mejorar\u00e1n sustancialmente la conectividad y accesibilidad de los vecinos, as\u00ed como 1500 metros de alumbrado p\u00fablico con moderna tecnolog\u00eda LED sobre la Ruta 157, una intervenci\u00f3n fundamental para reforzar la seguridad vial y la calidad de vida de la comunidad.<\/p>\n<p>El acto incluy\u00f3 la esperada inauguraci\u00f3n de la Plaza Bicentenario, completamente renovada. Entre sus mejoras se destacan una fuente con luces, p\u00e9rgolas, juegos inclusivos para ni\u00f1os, un espacio de merenderos, senderos peatonales amplios, bancos, canteros con plantines ornamentales, un sector destinado a la actividad f\u00edsica y un sistema de iluminaci\u00f3n LED de \u00faltima generaci\u00f3n.<\/p>\n<\/p>\n<p id=\"isPasted\">Jaldo expres\u00f3 con firmeza que las obras inauguradas son parte de una planificaci\u00f3n integral establecida desde el inicio de su gesti\u00f3n. \u00abNosotros estamos respondiendo estrictamente a la planificaci\u00f3n que nos hemos fijado desde el primer d\u00eda que asumimos el gobierno. Cuando elaboramos el presupuesto, asignamos partidas para cada una de las \u00e1reas esenciales: salud, educaci\u00f3n, seguridad, desarrollo social. Pero tambi\u00e9n pusimos \u00e9nfasis en trabajar con las 93 comunas y municipios de toda la provincia\u00bb, coment\u00f3.<\/p>\n<p>Refiri\u00e9ndose a las obras dijo que \u00abse ha pavimentado el acceso principal con m\u00e1s de 400 metros de hormig\u00f3n armado, una obra fundamental porque por aqu\u00ed transita el transporte pesado, colectivos y camiones con ca\u00f1a\u00bb.<\/p>\n<\/p>\n<p>Tambi\u00e9n hizo hincapi\u00e9 en la importancia del nuevo sistema de alumbrado p\u00fablico: \u00abSobre la ruta nacional 157, instalamos casi un kil\u00f3metro y medio de alumbrado p\u00fablico con columnas y luminarias LED de \u00faltima generaci\u00f3n. Es una ruta con mucho tr\u00e1nsito y, aunque no es de jurisdicci\u00f3n provincial, decidimos invertir recursos porque pensamos en nuestra gente y en su seguridad vial\u00bb.<\/p>\n<p>Finalmente, el gobernador puso en valor la renovaci\u00f3n de la Plaza Bicentenario, remarcando su impacto social. \u00abLa plaza en el interior tiene un profundo significado. Muchas veces es el \u00fanico lugar de encuentro para las familias. Hoy vimos a madres, padres, abuelos y ni\u00f1os compartiendo, tomando mate, jugando\u00bb y agreg\u00f3: \u00abEstas obras son las que fortalecen el tejido social en cada rinc\u00f3n de Tucum\u00e1n.\u00bb<\/p>\n<\/p>\n<p id=\"isPasted\">Monteros, valor\u00f3 las obras inauguradas en la comuna de R\u00edo Colorado y destac\u00f3 que \u201cel gobierno de la provincia, con su equilibrio fiscal y con su super\u00e1vit, al contrario de lo que ocurre a nivel nacional, le devuelve al interior obras de infraestructura\u201d. En ese sentido, se\u00f1al\u00f3 que la pavimentaci\u00f3n del acceso principal y la nueva iluminaci\u00f3n en la Ruta Nacional 157 \u201cbenefician a los vecinos y a la transitabilidad vial, especialmente del tr\u00e1nsito pesado\u201d.<\/p>\n<p>Por su parte, el comisionado comunal, Alejandro Quintero, expres\u00f3: \u201cMuy contento de que hoy nos est\u00e9 visitando nuestro gobernador, haciendo visita de obra, una obra muy importante para nuestros vecinos, que es el primer acceso a nuestra localidad\u201d. Asimismo, destac\u00f3 la nueva plaza como \u201cun lugar de encuentro, para la gente grande, para los ni\u00f1os, porque todas las tardes y todas las fiestas esta plaza est\u00e1 llena de j\u00f3venes, de ni\u00f1os, de adultos, tomando mate\u201d.<\/p>\n<\/p>\n<p>A su turno, el legislador Walter Herrera manifest\u00f3: \u201cCuando la Naci\u00f3n nos dice que no hay plata, aqu\u00ed desde R\u00edo Colorado, aqu\u00ed desde el departamento Leales, inauguramos la iluminaci\u00f3n en la Ruta 157, dimos comienzo a la nueva obra de hormig\u00f3n, y tambi\u00e9n se han anunciado nuevas obras que se van a estar ejecutando en los pr\u00f3ximos d\u00edas\u201d. Adem\u00e1s, sostuvo que \u201cdesde la Legislatura vamos a apoyar esta gesti\u00f3n del gobernador Osvaldo Jaldo, del ministro y del delegado comunal de R\u00edo Colorado\u201d.<\/p>\n<\/p>\n<p>Fuente: <a href=\"https:\/\/www.comunicaciontucuman.gob.ar\/noticia\/gobernacion\/236136\/jaldo-inauguro-obras-infraestructura-rio-colorado\"> Fuente de la nota <\/a><\/p>\n","protected":false},"excerpt":{"rendered":"<p>El gobernador Osvaldo Jaldo\u00a0inaugur\u00f3 1500 metros de alumbrado p\u00fablico con luces LED sobre la Ruta 157. Adem\u00e1s, se present\u00f3 la remodelaci\u00f3n integral de la emblem\u00e1tica Plaza Bicentenario y visit\u00f3 la obra de 4000 metros de pavimento de hormig\u00f3n. Las obras son en el marco del Plan Independencia. El primer mandatario estuvo acompa\u00f1ado por el ministro [&hellip;]<\/p>\n","protected":false},"author":1,"featured_media":45291,"comment_status":"closed","ping_status":"open","sticky":false,"template":"","format":"standard","meta":{"footnotes":""},"categories":[3],"tags":[],"class_list":{"0":"post-45290","1":"post","2":"type-post","3":"status-publish","4":"format-standard","5":"has-post-thumbnail","7":"category-politica"},"yoast_head":"<!-- This site is optimized with the Yoast SEO plugin v27.4 - https:\/\/yoast.com\/product\/yoast-seo-wordpress\/ -->\n<title>Jaldo inaugur\u00f3 obras de infraestructura en R\u00edo Colorado - El Diario de Tucuman<\/title>\n<meta name=\"robots\" content=\"index, follow, max-snippet:-1, max-image-preview:large, max-video-preview:-1\" \/>\n<link rel=\"canonical\" href=\"https:\/\/www.eldiariodetucuman.com\/web\/jaldo-inauguro-obras-de-infraestructura-en-rio-colorado\/\" \/>\n<meta property=\"og:locale\" content=\"es_ES\" \/>\n<meta property=\"og:type\" content=\"article\" \/>\n<meta property=\"og:title\" content=\"Jaldo inaugur\u00f3 obras de infraestructura en R\u00edo Colorado - El Diario de Tucuman\" \/>\n<meta property=\"og:description\" content=\"El gobernador Osvaldo Jaldo\u00a0inaugur\u00f3 1500 metros de alumbrado p\u00fablico con luces LED sobre la Ruta 157. Adem\u00e1s, se present\u00f3 la remodelaci\u00f3n integral de la emblem\u00e1tica Plaza Bicentenario y visit\u00f3 la obra de 4000 metros de pavimento de hormig\u00f3n. Las obras son en el marco del Plan Independencia. El primer mandatario estuvo acompa\u00f1ado por el ministro [&hellip;]\" \/>\n<meta property=\"og:url\" content=\"https:\/\/www.eldiariodetucuman.com\/web\/jaldo-inauguro-obras-de-infraestructura-en-rio-colorado\/\" \/>\n<meta property=\"og:site_name\" content=\"El Diario de Tucuman\" \/>\n<meta property=\"article:published_time\" content=\"2025-08-06T18:47:41+00:00\" \/>\n<meta name=\"author\" content=\"admin\" \/>\n<meta name=\"twitter:card\" content=\"summary_large_image\" \/>\n<meta name=\"twitter:label1\" content=\"Escrito por\" \/>\n\t<meta name=\"twitter:data1\" content=\"admin\" \/>\n\t<meta name=\"twitter:label2\" content=\"Tiempo de lectura\" \/>\n\t<meta name=\"twitter:data2\" content=\"4 minutos\" \/>\n<script type=\"application\/ld+json\" class=\"yoast-schema-graph\">{\"@context\":\"https:\\\/\\\/schema.org\",\"@graph\":[{\"@type\":\"Article\",\"@id\":\"https:\\\/\\\/www.eldiariodetucuman.com\\\/web\\\/jaldo-inauguro-obras-de-infraestructura-en-rio-colorado\\\/#article\",\"isPartOf\":{\"@id\":\"https:\\\/\\\/www.eldiariodetucuman.com\\\/web\\\/jaldo-inauguro-obras-de-infraestructura-en-rio-colorado\\\/\"},\"author\":{\"name\":\"admin\",\"@id\":\"https:\\\/\\\/www.eldiariodetucuman.com\\\/web\\\/#\\\/schema\\\/person\\\/9250197d75ab5483412e19678b121caa\"},\"headline\":\"Jaldo inaugur\u00f3 obras de infraestructura en R\u00edo Colorado\",\"datePublished\":\"2025-08-06T18:47:41+00:00\",\"mainEntityOfPage\":{\"@id\":\"https:\\\/\\\/www.eldiariodetucuman.com\\\/web\\\/jaldo-inauguro-obras-de-infraestructura-en-rio-colorado\\\/\"},\"wordCount\":758,\"publisher\":{\"@id\":\"https:\\\/\\\/www.eldiariodetucuman.com\\\/web\\\/#organization\"},\"image\":{\"@id\":\"https:\\\/\\\/www.eldiariodetucuman.com\\\/web\\\/jaldo-inauguro-obras-de-infraestructura-en-rio-colorado\\\/#primaryimage\"},\"thumbnailUrl\":\"https:\\\/\\\/www.eldiariodetucuman.com\\\/web\\\/wp-content\\\/uploads\\\/2025\\\/08\\\/Jaldo-inauguro-obras-de-infraestructura-en-Rio-Colorado.jpeg\",\"articleSection\":[\"Politica\"],\"inLanguage\":\"es\"},{\"@type\":\"WebPage\",\"@id\":\"https:\\\/\\\/www.eldiariodetucuman.com\\\/web\\\/jaldo-inauguro-obras-de-infraestructura-en-rio-colorado\\\/\",\"url\":\"https:\\\/\\\/www.eldiariodetucuman.com\\\/web\\\/jaldo-inauguro-obras-de-infraestructura-en-rio-colorado\\\/\",\"name\":\"Jaldo inaugur\u00f3 obras de infraestructura en R\u00edo Colorado - El Diario de Tucuman\",\"isPartOf\":{\"@id\":\"https:\\\/\\\/www.eldiariodetucuman.com\\\/web\\\/#website\"},\"primaryImageOfPage\":{\"@id\":\"https:\\\/\\\/www.eldiariodetucuman.com\\\/web\\\/jaldo-inauguro-obras-de-infraestructura-en-rio-colorado\\\/#primaryimage\"},\"image\":{\"@id\":\"https:\\\/\\\/www.eldiariodetucuman.com\\\/web\\\/jaldo-inauguro-obras-de-infraestructura-en-rio-colorado\\\/#primaryimage\"},\"thumbnailUrl\":\"https:\\\/\\\/www.eldiariodetucuman.com\\\/web\\\/wp-content\\\/uploads\\\/2025\\\/08\\\/Jaldo-inauguro-obras-de-infraestructura-en-Rio-Colorado.jpeg\",\"datePublished\":\"2025-08-06T18:47:41+00:00\",\"breadcrumb\":{\"@id\":\"https:\\\/\\\/www.eldiariodetucuman.com\\\/web\\\/jaldo-inauguro-obras-de-infraestructura-en-rio-colorado\\\/#breadcrumb\"},\"inLanguage\":\"es\",\"potentialAction\":[{\"@type\":\"ReadAction\",\"target\":[\"https:\\\/\\\/www.eldiariodetucuman.com\\\/web\\\/jaldo-inauguro-obras-de-infraestructura-en-rio-colorado\\\/\"]}]},{\"@type\":\"ImageObject\",\"inLanguage\":\"es\",\"@id\":\"https:\\\/\\\/www.eldiariodetucuman.com\\\/web\\\/jaldo-inauguro-obras-de-infraestructura-en-rio-colorado\\\/#primaryimage\",\"url\":\"https:\\\/\\\/www.eldiariodetucuman.com\\\/web\\\/wp-content\\\/uploads\\\/2025\\\/08\\\/Jaldo-inauguro-obras-de-infraestructura-en-Rio-Colorado.jpeg\",\"contentUrl\":\"https:\\\/\\\/www.eldiariodetucuman.com\\\/web\\\/wp-content\\\/uploads\\\/2025\\\/08\\\/Jaldo-inauguro-obras-de-infraestructura-en-Rio-Colorado.jpeg\",\"width\":818,\"height\":460},{\"@type\":\"BreadcrumbList\",\"@id\":\"https:\\\/\\\/www.eldiariodetucuman.com\\\/web\\\/jaldo-inauguro-obras-de-infraestructura-en-rio-colorado\\\/#breadcrumb\",\"itemListElement\":[{\"@type\":\"ListItem\",\"position\":1,\"name\":\"Portada\",\"item\":\"https:\\\/\\\/www.eldiariodetucuman.com\\\/web\\\/\"},{\"@type\":\"ListItem\",\"position\":2,\"name\":\"Jaldo inaugur\u00f3 obras de infraestructura en R\u00edo Colorado\"}]},{\"@type\":\"WebSite\",\"@id\":\"https:\\\/\\\/www.eldiariodetucuman.com\\\/web\\\/#website\",\"url\":\"https:\\\/\\\/www.eldiariodetucuman.com\\\/web\\\/\",\"name\":\"El Diario de Tucuman\",\"description\":\"Diario Tucuman - Informaci\u00f3n y noticias\",\"publisher\":{\"@id\":\"https:\\\/\\\/www.eldiariodetucuman.com\\\/web\\\/#organization\"},\"potentialAction\":[{\"@type\":\"SearchAction\",\"target\":{\"@type\":\"EntryPoint\",\"urlTemplate\":\"https:\\\/\\\/www.eldiariodetucuman.com\\\/web\\\/?s={search_term_string}\"},\"query-input\":{\"@type\":\"PropertyValueSpecification\",\"valueRequired\":true,\"valueName\":\"search_term_string\"}}],\"inLanguage\":\"es\"},{\"@type\":\"Organization\",\"@id\":\"https:\\\/\\\/www.eldiariodetucuman.com\\\/web\\\/#organization\",\"name\":\"El Diario de Tucuman\",\"url\":\"https:\\\/\\\/www.eldiariodetucuman.com\\\/web\\\/\",\"logo\":{\"@type\":\"ImageObject\",\"inLanguage\":\"es\",\"@id\":\"https:\\\/\\\/www.eldiariodetucuman.com\\\/web\\\/#\\\/schema\\\/logo\\\/image\\\/\",\"url\":\"http:\\\/\\\/www.eldiariodetucuman.com\\\/web\\\/wp-content\\\/uploads\\\/2017\\\/12\\\/el-diario-de-tucuman.jpg\",\"contentUrl\":\"http:\\\/\\\/www.eldiariodetucuman.com\\\/web\\\/wp-content\\\/uploads\\\/2017\\\/12\\\/el-diario-de-tucuman.jpg\",\"width\":272,\"height\":92,\"caption\":\"El Diario de Tucuman\"},\"image\":{\"@id\":\"https:\\\/\\\/www.eldiariodetucuman.com\\\/web\\\/#\\\/schema\\\/logo\\\/image\\\/\"}},{\"@type\":\"Person\",\"@id\":\"https:\\\/\\\/www.eldiariodetucuman.com\\\/web\\\/#\\\/schema\\\/person\\\/9250197d75ab5483412e19678b121caa\",\"name\":\"admin\",\"image\":{\"@type\":\"ImageObject\",\"inLanguage\":\"es\",\"@id\":\"https:\\\/\\\/secure.gravatar.com\\\/avatar\\\/c44d117c2be811212c22cb481f6b8384b6873de103fbc49e7a03cc58d7dea4ac?s=96&d=mm&r=g\",\"url\":\"https:\\\/\\\/secure.gravatar.com\\\/avatar\\\/c44d117c2be811212c22cb481f6b8384b6873de103fbc49e7a03cc58d7dea4ac?s=96&d=mm&r=g\",\"contentUrl\":\"https:\\\/\\\/secure.gravatar.com\\\/avatar\\\/c44d117c2be811212c22cb481f6b8384b6873de103fbc49e7a03cc58d7dea4ac?s=96&d=mm&r=g\",\"caption\":\"admin\"},\"url\":\"https:\\\/\\\/www.eldiariodetucuman.com\\\/web\\\/author\\\/admin\\\/\"}]}<\/script>\n<!-- \/ Yoast SEO plugin. -->","yoast_head_json":{"title":"Jaldo inaugur\u00f3 obras de infraestructura en R\u00edo Colorado - El Diario de Tucuman","robots":{"index":"index","follow":"follow","max-snippet":"max-snippet:-1","max-image-preview":"max-image-preview:large","max-video-preview":"max-video-preview:-1"},"canonical":"https:\/\/www.eldiariodetucuman.com\/web\/jaldo-inauguro-obras-de-infraestructura-en-rio-colorado\/","og_locale":"es_ES","og_type":"article","og_title":"Jaldo inaugur\u00f3 obras de infraestructura en R\u00edo Colorado - El Diario de Tucuman","og_description":"El gobernador Osvaldo Jaldo\u00a0inaugur\u00f3 1500 metros de alumbrado p\u00fablico con luces LED sobre la Ruta 157. Adem\u00e1s, se present\u00f3 la remodelaci\u00f3n integral de la emblem\u00e1tica Plaza Bicentenario y visit\u00f3 la obra de 4000 metros de pavimento de hormig\u00f3n. Las obras son en el marco del Plan Independencia. El primer mandatario estuvo acompa\u00f1ado por el ministro [&hellip;]","og_url":"https:\/\/www.eldiariodetucuman.com\/web\/jaldo-inauguro-obras-de-infraestructura-en-rio-colorado\/","og_site_name":"El Diario de Tucuman","article_published_time":"2025-08-06T18:47:41+00:00","author":"admin","twitter_card":"summary_large_image","twitter_misc":{"Escrito por":"admin","Tiempo de lectura":"4 minutos"},"schema":{"@context":"https:\/\/schema.org","@graph":[{"@type":"Article","@id":"https:\/\/www.eldiariodetucuman.com\/web\/jaldo-inauguro-obras-de-infraestructura-en-rio-colorado\/#article","isPartOf":{"@id":"https:\/\/www.eldiariodetucuman.com\/web\/jaldo-inauguro-obras-de-infraestructura-en-rio-colorado\/"},"author":{"name":"admin","@id":"https:\/\/www.eldiariodetucuman.com\/web\/#\/schema\/person\/9250197d75ab5483412e19678b121caa"},"headline":"Jaldo inaugur\u00f3 obras de infraestructura en R\u00edo Colorado","datePublished":"2025-08-06T18:47:41+00:00","mainEntityOfPage":{"@id":"https:\/\/www.eldiariodetucuman.com\/web\/jaldo-inauguro-obras-de-infraestructura-en-rio-colorado\/"},"wordCount":758,"publisher":{"@id":"https:\/\/www.eldiariodetucuman.com\/web\/#organization"},"image":{"@id":"https:\/\/www.eldiariodetucuman.com\/web\/jaldo-inauguro-obras-de-infraestructura-en-rio-colorado\/#primaryimage"},"thumbnailUrl":"https:\/\/www.eldiariodetucuman.com\/web\/wp-content\/uploads\/2025\/08\/Jaldo-inauguro-obras-de-infraestructura-en-Rio-Colorado.jpeg","articleSection":["Politica"],"inLanguage":"es"},{"@type":"WebPage","@id":"https:\/\/www.eldiariodetucuman.com\/web\/jaldo-inauguro-obras-de-infraestructura-en-rio-colorado\/","url":"https:\/\/www.eldiariodetucuman.com\/web\/jaldo-inauguro-obras-de-infraestructura-en-rio-colorado\/","name":"Jaldo inaugur\u00f3 obras de infraestructura en R\u00edo Colorado - El Diario de Tucuman","isPartOf":{"@id":"https:\/\/www.eldiariodetucuman.com\/web\/#website"},"primaryImageOfPage":{"@id":"https:\/\/www.eldiariodetucuman.com\/web\/jaldo-inauguro-obras-de-infraestructura-en-rio-colorado\/#primaryimage"},"image":{"@id":"https:\/\/www.eldiariodetucuman.com\/web\/jaldo-inauguro-obras-de-infraestructura-en-rio-colorado\/#primaryimage"},"thumbnailUrl":"https:\/\/www.eldiariodetucuman.com\/web\/wp-content\/uploads\/2025\/08\/Jaldo-inauguro-obras-de-infraestructura-en-Rio-Colorado.jpeg","datePublished":"2025-08-06T18:47:41+00:00","breadcrumb":{"@id":"https:\/\/www.eldiariodetucuman.com\/web\/jaldo-inauguro-obras-de-infraestructura-en-rio-colorado\/#breadcrumb"},"inLanguage":"es","potentialAction":[{"@type":"ReadAction","target":["https:\/\/www.eldiariodetucuman.com\/web\/jaldo-inauguro-obras-de-infraestructura-en-rio-colorado\/"]}]},{"@type":"ImageObject","inLanguage":"es","@id":"https:\/\/www.eldiariodetucuman.com\/web\/jaldo-inauguro-obras-de-infraestructura-en-rio-colorado\/#primaryimage","url":"https:\/\/www.eldiariodetucuman.com\/web\/wp-content\/uploads\/2025\/08\/Jaldo-inauguro-obras-de-infraestructura-en-Rio-Colorado.jpeg","contentUrl":"https:\/\/www.eldiariodetucuman.com\/web\/wp-content\/uploads\/2025\/08\/Jaldo-inauguro-obras-de-infraestructura-en-Rio-Colorado.jpeg","width":818,"height":460},{"@type":"BreadcrumbList","@id":"https:\/\/www.eldiariodetucuman.com\/web\/jaldo-inauguro-obras-de-infraestructura-en-rio-colorado\/#breadcrumb","itemListElement":[{"@type":"ListItem","position":1,"name":"Portada","item":"https:\/\/www.eldiariodetucuman.com\/web\/"},{"@type":"ListItem","position":2,"name":"Jaldo inaugur\u00f3 obras de infraestructura en R\u00edo Colorado"}]},{"@type":"WebSite","@id":"https:\/\/www.eldiariodetucuman.com\/web\/#website","url":"https:\/\/www.eldiariodetucuman.com\/web\/","name":"El Diario de Tucuman","description":"Diario Tucuman - Informaci\u00f3n y noticias","publisher":{"@id":"https:\/\/www.eldiariodetucuman.com\/web\/#organization"},"potentialAction":[{"@type":"SearchAction","target":{"@type":"EntryPoint","urlTemplate":"https:\/\/www.eldiariodetucuman.com\/web\/?s={search_term_string}"},"query-input":{"@type":"PropertyValueSpecification","valueRequired":true,"valueName":"search_term_string"}}],"inLanguage":"es"},{"@type":"Organization","@id":"https:\/\/www.eldiariodetucuman.com\/web\/#organization","name":"El Diario de Tucuman","url":"https:\/\/www.eldiariodetucuman.com\/web\/","logo":{"@type":"ImageObject","inLanguage":"es","@id":"https:\/\/www.eldiariodetucuman.com\/web\/#\/schema\/logo\/image\/","url":"http:\/\/www.eldiariodetucuman.com\/web\/wp-content\/uploads\/2017\/12\/el-diario-de-tucuman.jpg","contentUrl":"http:\/\/www.eldiariodetucuman.com\/web\/wp-content\/uploads\/2017\/12\/el-diario-de-tucuman.jpg","width":272,"height":92,"caption":"El Diario de Tucuman"},"image":{"@id":"https:\/\/www.eldiariodetucuman.com\/web\/#\/schema\/logo\/image\/"}},{"@type":"Person","@id":"https:\/\/www.eldiariodetucuman.com\/web\/#\/schema\/person\/9250197d75ab5483412e19678b121caa","name":"admin","image":{"@type":"ImageObject","inLanguage":"es","@id":"https:\/\/secure.gravatar.com\/avatar\/c44d117c2be811212c22cb481f6b8384b6873de103fbc49e7a03cc58d7dea4ac?s=96&d=mm&r=g","url":"https:\/\/secure.gravatar.com\/avatar\/c44d117c2be811212c22cb481f6b8384b6873de103fbc49e7a03cc58d7dea4ac?s=96&d=mm&r=g","contentUrl":"https:\/\/secure.gravatar.com\/avatar\/c44d117c2be811212c22cb481f6b8384b6873de103fbc49e7a03cc58d7dea4ac?s=96&d=mm&r=g","caption":"admin"},"url":"https:\/\/www.eldiariodetucuman.com\/web\/author\/admin\/"}]}},"_links":{"self":[{"href":"https:\/\/www.eldiariodetucuman.com\/web\/wp-json\/wp\/v2\/posts\/45290","targetHints":{"allow":["GET"]}}],"collection":[{"href":"https:\/\/www.eldiariodetucuman.com\/web\/wp-json\/wp\/v2\/posts"}],"about":[{"href":"https:\/\/www.eldiariodetucuman.com\/web\/wp-json\/wp\/v2\/types\/post"}],"author":[{"embeddable":true,"href":"https:\/\/www.eldiariodetucuman.com\/web\/wp-json\/wp\/v2\/users\/1"}],"replies":[{"embeddable":true,"href":"https:\/\/www.eldiariodetucuman.com\/web\/wp-json\/wp\/v2\/comments?post=45290"}],"version-history":[{"count":0,"href":"https:\/\/www.eldiariodetucuman.com\/web\/wp-json\/wp\/v2\/posts\/45290\/revisions"}],"wp:featuredmedia":[{"embeddable":true,"href":"https:\/\/www.eldiariodetucuman.com\/web\/wp-json\/wp\/v2\/media\/45291"}],"wp:attachment":[{"href":"https:\/\/www.eldiariodetucuman.com\/web\/wp-json\/wp\/v2\/media?parent=45290"}],"wp:term":[{"taxonomy":"category","embeddable":true,"href":"https:\/\/www.eldiariodetucuman.com\/web\/wp-json\/wp\/v2\/categories?post=45290"},{"taxonomy":"post_tag","embeddable":true,"href":"https:\/\/www.eldiariodetucuman.com\/web\/wp-json\/wp\/v2\/tags?post=45290"}],"curies":[{"name":"wp","href":"https:\/\/api.w.org\/{rel}","templated":true}]}}