{"id":45241,"date":"2025-08-01T21:04:26","date_gmt":"2025-08-02T00:04:26","guid":{"rendered":"https:\/\/www.eldiariodetucuman.com\/web\/el-gobierno-analiza-negociar-con-el-kirchnerismo-la-integracion-de-la-corte-tras-las-elecciones\/"},"modified":"2025-08-01T21:04:28","modified_gmt":"2025-08-02T00:04:28","slug":"el-gobierno-analiza-negociar-con-el-kirchnerismo-la-integracion-de-la-corte-tras-las-elecciones","status":"publish","type":"post","link":"https:\/\/www.eldiariodetucuman.com\/web\/el-gobierno-analiza-negociar-con-el-kirchnerismo-la-integracion-de-la-corte-tras-las-elecciones\/","title":{"rendered":"El Gobierno analiza negociar con el kirchnerismo la integraci\u00f3n de la Corte tras las elecciones"},"content":{"rendered":"<p><\/p>\n<p class=\"com-paragraph  --capital --s\">El Gobierno no se sorprendi\u00f3 cuando el senador kirchnerista <strong>Jos\u00e9 Mayans<\/strong> ofreci\u00f3 negociar la ampliaci\u00f3n de la Corte Suprema de Justicia a 9 integrantes y que el oficialismo proponga tres nombres y la oposici\u00f3n otros tres. <\/p>\n<p class=\"com-paragraph   --s\">De hecho, fuentes del oficialismo dijeron a <strong>LA NACION<\/strong> que est\u00e1n dispuestos a conversar luego de las elecciones de octubre para completar el m\u00e1ximo tribunal, actualmente solo con tres jueces, y <strong>negociar con el kirchnerismo una ampliaci\u00f3n de la Corte Suprema<\/strong>.<\/p>\n<p>Jos\u00e9 Mayans Hern\u00e1n Zenteno &#8211; LA NACION<\/p>\n<p class=\"com-paragraph   --s\">Efectivamente, la nota de Gustavo Ybarra de <strong>LA NACION<\/strong><strong> <\/strong>donde <strong>Mayans hizo p\u00fablica su oferta<\/strong> no caus\u00f3 extra\u00f1eza en el Gobierno. El a\u00f1o pasado y este, en secreto, las negociaciones entre el kirchnerismo y el Gobierno hab\u00edan avanzado hasta casi cerrarse.<\/p>\n<p class=\"com-paragraph   --s\">Pero todo se frustr\u00f3 el 5 de abril pasado con <strong>la ca\u00edda de los pliegos de Ariel Lijo y Manuel Garc\u00eda-Mansilla<\/strong> para la Corte Suprema y se termin\u00f3 de frenar el 10 de junio pasado cuando la Corte Suprema de Justicia confirm\u00f3 la condena contra Cristina Kirchner, dijo a <strong>LA NACION<\/strong> una fuente oficial.<\/p>\n<p class=\"com-paragraph   --s\">Se trataba de un acuerdo amplio, reconstruyeron las fuentes consultadas, que inclu\u00eda la designaci\u00f3n de una Corte ampliada de entre 7 y 9 integrantes, donde la oposici\u00f3n pod\u00eda aportar los nombres de <strong>dos o tres <\/strong>integrantes y otro tanto el oficialismo. <\/p>\n<p class=\"com-paragraph   --s\">Entre los candidatos que proponen el Gobierno y la oposici\u00f3n <strong>\u201chay muchas mujeres\u201d,<\/strong> pero no se conocen los nombres de quienes encabezan las listas de cada uno.<\/p>\n<p class=\"com-paragraph   --s\">Las conversaciones inclu\u00eda que el kirchnerismo iba a sugerir el nombre del Defensor del Pueblo, un cargo que est\u00e1 vacante desde hace 16 a\u00f1os, y el Defensor General de la Naci\u00f3n, ante la jubilaci\u00f3n de la actual defensora general <strong>Stella Maris Mart\u00ednez<\/strong>, que cumple 75 a\u00f1os el a\u00f1o pr\u00f3ximo.<\/p>\n<p class=\"com-paragraph   --s\">El acuerdo <strong>era tan amplio<\/strong> que se hab\u00edan consensuado con la oposici\u00f3n las vacantes a cubrir de los jueces de <strong>primera instancia y camaristas de la justicia nacional y de la justicia federal <\/strong>del interior del pa\u00eds, con un 20 por ciento a definir.<\/p>\n<p class=\"com-paragraph   --s\"><strong>Hoy hay 330 vacantes en la justicia nacional y federal y el Poder Ejecutivo tiene en sus manos 222 pliegos para elegir un candidato que cubre esas vacantes.<\/strong> El resto est\u00e1 en el Consejo de la Magistratura. <\/p>\n<p class=\"com-paragraph   --s\">Cuando se negociaron estos nombres, las vacantes eran un poco mas de 150. De todos modos, los cargos siguen sin cubrir.<\/p>\n<p class=\"com-paragraph   --s\">En aquellas negociaciones se dej\u00f3 sin definir el nombre del <strong>procurador general de la Naci\u00f3n<\/strong>, dijeron las fuentes. Se\u00f1alaron que no se avanz\u00f3 porque los candidatos en danza, como el camarista <strong>Mariano Borinsky <\/strong>y el fiscal general de la Ciudad <strong>Juan Bautista Mahiques<\/strong> no eran potables para el kirchnerismo. En el caso del viceministro Sebasti\u00e1n Amerio, el funcionario no estar\u00eda dispuesto al cambio.<\/p>\n<p class=\"com-paragraph   --s\">Tras el frustrado intento de Lijo y Garc\u00eda Mansilla, funcionarios del Gobierno dijeron a <strong>LA NACION<\/strong> que segu\u00edan con conversaciones con el kirchnerismo para un nuevo intento.<\/p>\n<p class=\"com-paragraph   --s\">Y aseguraron que ten\u00edan un plan para completar la Corte Suprema y que esperaban el visto bueno del presidente Javier Milei para avanzar. Pero nada ocurri\u00f3. <\/p>\n<p class=\"com-paragraph   --s\">Si bien ahora no hay ninguna informaci\u00f3n oficial, en las \u00faltimas semanas circul\u00f3 la versi\u00f3n de que se hab\u00edan retomado los contactos entre <strong>Amerio<\/strong>, que reporta al asesor presidencial <strong>Santiago Caputo <\/strong>y el ministro de Justicia bonaerense, <strong>Juan Mart\u00edn Mena<\/strong>, como representante de <strong>Cristina Kirchner<\/strong>.<\/p>\n<p class=\"com-paragraph   --s\">Por ley, la Corte Suprema actualmente debe estar integrada por cinco jueces. Pero hay solo tres en funciones: <strong>Horacio Rosatti, Carlos Rosenkrantz y Ricardo Lorenzetti<\/strong>. El nivel de enfrentamietno entre Lorenzetti y sus colegas baj\u00f3 notoriamente en este a\u00f1o, en comparaci\u00f3n con los anteriores.<\/p>\n<p class=\"com-paragraph   --s\">Para dicar fallos debe haber unanimidad, ya que no puede haber una mayor\u00eda de dos jueces. Si hay alguna disiencia, entonces la Corte debe convocar por sorteo a conjueces, que son los presidentes de las C\u00e1maras Federales, para que voten. <\/p>\n<p class=\"com-paragraph   --s\">La Corte Suprema sostiene que este sistema es \u00e1gil y que as\u00ed funciona muy bien, pero el Gobierno argumenta que el m\u00e1ximo tribunal est\u00e1 incompleto y que esto dificulta su funcionamiento. <\/p>\n<p class=\"com-paragraph   --s\">En diciembre del a\u00f1o pasado, el juez <strong>Juan Carlos Maqueda <\/strong>renunci\u00f3 a su cargo, al cumplir 75 a\u00f1os sin que el Gobierno enviara su pliego al Senado para un nuevo acuerdo, con lo que se produjo una vacante m\u00e1s. Y a\u00f1os antes, en 2021, dej\u00f3 el m\u00e1ximo tribunal Elena Higton, en otro cargo que nunca fue cubierto.<\/p>\n<p class=\"com-paragraph   --s\">Mayans reconoci\u00f3 que \u201csiempre hay negociaciones\u201d y se mostr\u00f3 confiado en que \u201cen agosto\u201d deber\u00edan retomarse las conversaciones, al parecer interrumpidas por el receso invernal de hecho que suelen tomarse en ciertos sectores de la administraci\u00f3n p\u00fablica.<\/p>\n<p class=\"com-paragraph   --s\">En el Gobierno no niegan las conversaciones pero dicen que se retomar\u00e1n luego de las elecciones. De todos modos reconocen las fuentes oficiales que por m\u00e1s que el oficialismo haga en octubre una elecci\u00f3n arrolladora no llegar\u00e1 a tener una mayor\u00eda de dos tercios en el Senado para imponer a sus candidatos, por lo que deber\u00e1 negociar.<\/p>\n<p class=\"com-paragraph   --s\">Ni siquiera con sus aliados de Pro y la UCR, y pese a que el kirchnerismo perder\u00e1 muchas bancas en este recambio. Por eso <strong>el kirchnerismo retendr\u00e1 m\u00e1s de un tercio de los 72 senadores<\/strong>, con lo que <strong>podr\u00e1 bloquear cualquier designaci\u00f3n que requiera el voto de los dos tercios <\/strong>de los presentes que no cuente con su anuencia. Esta mayor\u00eda agravada es la que exige la Constituci\u00f3n para nombrar a un juez de la Corte y al jefe de los fiscales.<\/p>\n<p class=\"com-paragraph   --s\">Por eso es que la oposici\u00f3n conservar\u00e1 el poder de veto y e Gobierno necesitar\u00e1 de su apoyo si es que quiere completar o ampliar la Corte Suprema de Justicia.<\/p>\n<p><a href=\"https:\/\/www.lanacion.com.ar\/politica\/el-gobierno-analiza-negociar-con-el-kirchnerismo-la-integracion-de-la-corte-despues-de-las-nid01082025\/\">Fuente de la nota <\/a><\/p>\n","protected":false},"excerpt":{"rendered":"<p>El Gobierno no se sorprendi\u00f3 cuando el senador kirchnerista Jos\u00e9 Mayans ofreci\u00f3 negociar la ampliaci\u00f3n de la Corte Suprema de Justicia a 9 integrantes y que el oficialismo proponga tres nombres y la oposici\u00f3n otros tres. De hecho, fuentes del oficialismo dijeron a LA NACION que est\u00e1n dispuestos a conversar luego de las elecciones de [&hellip;]<\/p>\n","protected":false},"author":5,"featured_media":45242,"comment_status":"closed","ping_status":"open","sticky":false,"template":"","format":"standard","meta":{"footnotes":""},"categories":[3],"tags":[],"class_list":{"0":"post-45241","1":"post","2":"type-post","3":"status-publish","4":"format-standard","5":"has-post-thumbnail","7":"category-politica"},"yoast_head":"<!-- This site is optimized with the Yoast SEO plugin v27.4 - https:\/\/yoast.com\/product\/yoast-seo-wordpress\/ -->\n<title>El Gobierno analiza negociar con el kirchnerismo la integraci\u00f3n de la Corte tras las elecciones - El Diario de Tucuman<\/title>\n<meta name=\"robots\" content=\"index, follow, max-snippet:-1, max-image-preview:large, max-video-preview:-1\" \/>\n<link rel=\"canonical\" href=\"https:\/\/www.eldiariodetucuman.com\/web\/el-gobierno-analiza-negociar-con-el-kirchnerismo-la-integracion-de-la-corte-tras-las-elecciones\/\" \/>\n<meta property=\"og:locale\" content=\"es_ES\" \/>\n<meta property=\"og:type\" content=\"article\" \/>\n<meta property=\"og:title\" content=\"El Gobierno analiza negociar con el kirchnerismo la integraci\u00f3n de la Corte tras las elecciones - El Diario de Tucuman\" \/>\n<meta property=\"og:description\" content=\"El Gobierno no se sorprendi\u00f3 cuando el senador kirchnerista Jos\u00e9 Mayans ofreci\u00f3 negociar la ampliaci\u00f3n de la Corte Suprema de Justicia a 9 integrantes y que el oficialismo proponga tres nombres y la oposici\u00f3n otros tres. De hecho, fuentes del oficialismo dijeron a LA NACION que est\u00e1n dispuestos a conversar luego de las elecciones de [&hellip;]\" \/>\n<meta property=\"og:url\" content=\"https:\/\/www.eldiariodetucuman.com\/web\/el-gobierno-analiza-negociar-con-el-kirchnerismo-la-integracion-de-la-corte-tras-las-elecciones\/\" \/>\n<meta property=\"og:site_name\" content=\"El Diario de Tucuman\" \/>\n<meta property=\"article:published_time\" content=\"2025-08-02T00:04:26+00:00\" \/>\n<meta property=\"article:modified_time\" content=\"2025-08-02T00:04:28+00:00\" \/>\n<meta property=\"og:image\" content=\"https:\/\/www.eldiariodetucuman.com\/web\/wp-content\/uploads\/2025\/08\/ricardo-lorenzetti-carlos-rosenkrantz-y-horacio-G6YSPPYNPNH2FL2HTSPPTMKYHM.jpg\" \/>\n\t<meta property=\"og:image:width\" content=\"1200\" \/>\n\t<meta property=\"og:image:height\" content=\"900\" \/>\n\t<meta property=\"og:image:type\" content=\"image\/jpeg\" \/>\n<meta name=\"author\" content=\"Redactor Uno\" \/>\n<meta name=\"twitter:card\" content=\"summary_large_image\" \/>\n<meta name=\"twitter:label1\" content=\"Escrito por\" \/>\n\t<meta name=\"twitter:data1\" content=\"Redactor Uno\" \/>\n\t<meta name=\"twitter:label2\" content=\"Tiempo de lectura\" \/>\n\t<meta name=\"twitter:data2\" content=\"5 minutos\" \/>\n<script type=\"application\/ld+json\" class=\"yoast-schema-graph\">{\"@context\":\"https:\\\/\\\/schema.org\",\"@graph\":[{\"@type\":\"Article\",\"@id\":\"https:\\\/\\\/www.eldiariodetucuman.com\\\/web\\\/el-gobierno-analiza-negociar-con-el-kirchnerismo-la-integracion-de-la-corte-tras-las-elecciones\\\/#article\",\"isPartOf\":{\"@id\":\"https:\\\/\\\/www.eldiariodetucuman.com\\\/web\\\/el-gobierno-analiza-negociar-con-el-kirchnerismo-la-integracion-de-la-corte-tras-las-elecciones\\\/\"},\"author\":{\"name\":\"Redactor Uno\",\"@id\":\"https:\\\/\\\/www.eldiariodetucuman.com\\\/web\\\/#\\\/schema\\\/person\\\/7e6644a46e60888f6b868594407e08dd\"},\"headline\":\"El Gobierno analiza negociar con el kirchnerismo la integraci\u00f3n de la Corte tras las elecciones\",\"datePublished\":\"2025-08-02T00:04:26+00:00\",\"dateModified\":\"2025-08-02T00:04:28+00:00\",\"mainEntityOfPage\":{\"@id\":\"https:\\\/\\\/www.eldiariodetucuman.com\\\/web\\\/el-gobierno-analiza-negociar-con-el-kirchnerismo-la-integracion-de-la-corte-tras-las-elecciones\\\/\"},\"wordCount\":1003,\"publisher\":{\"@id\":\"https:\\\/\\\/www.eldiariodetucuman.com\\\/web\\\/#organization\"},\"image\":{\"@id\":\"https:\\\/\\\/www.eldiariodetucuman.com\\\/web\\\/el-gobierno-analiza-negociar-con-el-kirchnerismo-la-integracion-de-la-corte-tras-las-elecciones\\\/#primaryimage\"},\"thumbnailUrl\":\"https:\\\/\\\/www.eldiariodetucuman.com\\\/web\\\/wp-content\\\/uploads\\\/2025\\\/08\\\/ricardo-lorenzetti-carlos-rosenkrantz-y-horacio-G6YSPPYNPNH2FL2HTSPPTMKYHM.jpg\",\"articleSection\":[\"Politica\"],\"inLanguage\":\"es\"},{\"@type\":\"WebPage\",\"@id\":\"https:\\\/\\\/www.eldiariodetucuman.com\\\/web\\\/el-gobierno-analiza-negociar-con-el-kirchnerismo-la-integracion-de-la-corte-tras-las-elecciones\\\/\",\"url\":\"https:\\\/\\\/www.eldiariodetucuman.com\\\/web\\\/el-gobierno-analiza-negociar-con-el-kirchnerismo-la-integracion-de-la-corte-tras-las-elecciones\\\/\",\"name\":\"El Gobierno analiza negociar con el kirchnerismo la integraci\u00f3n de la Corte tras las elecciones - El Diario de Tucuman\",\"isPartOf\":{\"@id\":\"https:\\\/\\\/www.eldiariodetucuman.com\\\/web\\\/#website\"},\"primaryImageOfPage\":{\"@id\":\"https:\\\/\\\/www.eldiariodetucuman.com\\\/web\\\/el-gobierno-analiza-negociar-con-el-kirchnerismo-la-integracion-de-la-corte-tras-las-elecciones\\\/#primaryimage\"},\"image\":{\"@id\":\"https:\\\/\\\/www.eldiariodetucuman.com\\\/web\\\/el-gobierno-analiza-negociar-con-el-kirchnerismo-la-integracion-de-la-corte-tras-las-elecciones\\\/#primaryimage\"},\"thumbnailUrl\":\"https:\\\/\\\/www.eldiariodetucuman.com\\\/web\\\/wp-content\\\/uploads\\\/2025\\\/08\\\/ricardo-lorenzetti-carlos-rosenkrantz-y-horacio-G6YSPPYNPNH2FL2HTSPPTMKYHM.jpg\",\"datePublished\":\"2025-08-02T00:04:26+00:00\",\"dateModified\":\"2025-08-02T00:04:28+00:00\",\"breadcrumb\":{\"@id\":\"https:\\\/\\\/www.eldiariodetucuman.com\\\/web\\\/el-gobierno-analiza-negociar-con-el-kirchnerismo-la-integracion-de-la-corte-tras-las-elecciones\\\/#breadcrumb\"},\"inLanguage\":\"es\",\"potentialAction\":[{\"@type\":\"ReadAction\",\"target\":[\"https:\\\/\\\/www.eldiariodetucuman.com\\\/web\\\/el-gobierno-analiza-negociar-con-el-kirchnerismo-la-integracion-de-la-corte-tras-las-elecciones\\\/\"]}]},{\"@type\":\"ImageObject\",\"inLanguage\":\"es\",\"@id\":\"https:\\\/\\\/www.eldiariodetucuman.com\\\/web\\\/el-gobierno-analiza-negociar-con-el-kirchnerismo-la-integracion-de-la-corte-tras-las-elecciones\\\/#primaryimage\",\"url\":\"https:\\\/\\\/www.eldiariodetucuman.com\\\/web\\\/wp-content\\\/uploads\\\/2025\\\/08\\\/ricardo-lorenzetti-carlos-rosenkrantz-y-horacio-G6YSPPYNPNH2FL2HTSPPTMKYHM.jpg\",\"contentUrl\":\"https:\\\/\\\/www.eldiariodetucuman.com\\\/web\\\/wp-content\\\/uploads\\\/2025\\\/08\\\/ricardo-lorenzetti-carlos-rosenkrantz-y-horacio-G6YSPPYNPNH2FL2HTSPPTMKYHM.jpg\",\"width\":1200,\"height\":900},{\"@type\":\"BreadcrumbList\",\"@id\":\"https:\\\/\\\/www.eldiariodetucuman.com\\\/web\\\/el-gobierno-analiza-negociar-con-el-kirchnerismo-la-integracion-de-la-corte-tras-las-elecciones\\\/#breadcrumb\",\"itemListElement\":[{\"@type\":\"ListItem\",\"position\":1,\"name\":\"Portada\",\"item\":\"https:\\\/\\\/www.eldiariodetucuman.com\\\/web\\\/\"},{\"@type\":\"ListItem\",\"position\":2,\"name\":\"El Gobierno analiza negociar con el kirchnerismo la integraci\u00f3n de la Corte tras las elecciones\"}]},{\"@type\":\"WebSite\",\"@id\":\"https:\\\/\\\/www.eldiariodetucuman.com\\\/web\\\/#website\",\"url\":\"https:\\\/\\\/www.eldiariodetucuman.com\\\/web\\\/\",\"name\":\"El Diario de Tucuman\",\"description\":\"Diario Tucuman - Informaci\u00f3n y noticias\",\"publisher\":{\"@id\":\"https:\\\/\\\/www.eldiariodetucuman.com\\\/web\\\/#organization\"},\"potentialAction\":[{\"@type\":\"SearchAction\",\"target\":{\"@type\":\"EntryPoint\",\"urlTemplate\":\"https:\\\/\\\/www.eldiariodetucuman.com\\\/web\\\/?s={search_term_string}\"},\"query-input\":{\"@type\":\"PropertyValueSpecification\",\"valueRequired\":true,\"valueName\":\"search_term_string\"}}],\"inLanguage\":\"es\"},{\"@type\":\"Organization\",\"@id\":\"https:\\\/\\\/www.eldiariodetucuman.com\\\/web\\\/#organization\",\"name\":\"El Diario de Tucuman\",\"url\":\"https:\\\/\\\/www.eldiariodetucuman.com\\\/web\\\/\",\"logo\":{\"@type\":\"ImageObject\",\"inLanguage\":\"es\",\"@id\":\"https:\\\/\\\/www.eldiariodetucuman.com\\\/web\\\/#\\\/schema\\\/logo\\\/image\\\/\",\"url\":\"http:\\\/\\\/www.eldiariodetucuman.com\\\/web\\\/wp-content\\\/uploads\\\/2017\\\/12\\\/el-diario-de-tucuman.jpg\",\"contentUrl\":\"http:\\\/\\\/www.eldiariodetucuman.com\\\/web\\\/wp-content\\\/uploads\\\/2017\\\/12\\\/el-diario-de-tucuman.jpg\",\"width\":272,\"height\":92,\"caption\":\"El Diario de Tucuman\"},\"image\":{\"@id\":\"https:\\\/\\\/www.eldiariodetucuman.com\\\/web\\\/#\\\/schema\\\/logo\\\/image\\\/\"}},{\"@type\":\"Person\",\"@id\":\"https:\\\/\\\/www.eldiariodetucuman.com\\\/web\\\/#\\\/schema\\\/person\\\/7e6644a46e60888f6b868594407e08dd\",\"name\":\"Redactor Uno\",\"image\":{\"@type\":\"ImageObject\",\"inLanguage\":\"es\",\"@id\":\"https:\\\/\\\/secure.gravatar.com\\\/avatar\\\/0049b1bdf1bd548385c9ea6b9356431717930913089febd2ba904f0187d7d074?s=96&d=mm&r=g\",\"url\":\"https:\\\/\\\/secure.gravatar.com\\\/avatar\\\/0049b1bdf1bd548385c9ea6b9356431717930913089febd2ba904f0187d7d074?s=96&d=mm&r=g\",\"contentUrl\":\"https:\\\/\\\/secure.gravatar.com\\\/avatar\\\/0049b1bdf1bd548385c9ea6b9356431717930913089febd2ba904f0187d7d074?s=96&d=mm&r=g\",\"caption\":\"Redactor Uno\"},\"url\":\"https:\\\/\\\/www.eldiariodetucuman.com\\\/web\\\/author\\\/mramasco\\\/\"}]}<\/script>\n<!-- \/ Yoast SEO plugin. -->","yoast_head_json":{"title":"El Gobierno analiza negociar con el kirchnerismo la integraci\u00f3n de la Corte tras las elecciones - El Diario de Tucuman","robots":{"index":"index","follow":"follow","max-snippet":"max-snippet:-1","max-image-preview":"max-image-preview:large","max-video-preview":"max-video-preview:-1"},"canonical":"https:\/\/www.eldiariodetucuman.com\/web\/el-gobierno-analiza-negociar-con-el-kirchnerismo-la-integracion-de-la-corte-tras-las-elecciones\/","og_locale":"es_ES","og_type":"article","og_title":"El Gobierno analiza negociar con el kirchnerismo la integraci\u00f3n de la Corte tras las elecciones - El Diario de Tucuman","og_description":"El Gobierno no se sorprendi\u00f3 cuando el senador kirchnerista Jos\u00e9 Mayans ofreci\u00f3 negociar la ampliaci\u00f3n de la Corte Suprema de Justicia a 9 integrantes y que el oficialismo proponga tres nombres y la oposici\u00f3n otros tres. De hecho, fuentes del oficialismo dijeron a LA NACION que est\u00e1n dispuestos a conversar luego de las elecciones de [&hellip;]","og_url":"https:\/\/www.eldiariodetucuman.com\/web\/el-gobierno-analiza-negociar-con-el-kirchnerismo-la-integracion-de-la-corte-tras-las-elecciones\/","og_site_name":"El Diario de Tucuman","article_published_time":"2025-08-02T00:04:26+00:00","article_modified_time":"2025-08-02T00:04:28+00:00","og_image":[{"width":1200,"height":900,"url":"https:\/\/www.eldiariodetucuman.com\/web\/wp-content\/uploads\/2025\/08\/ricardo-lorenzetti-carlos-rosenkrantz-y-horacio-G6YSPPYNPNH2FL2HTSPPTMKYHM.jpg","type":"image\/jpeg"}],"author":"Redactor Uno","twitter_card":"summary_large_image","twitter_misc":{"Escrito por":"Redactor Uno","Tiempo de lectura":"5 minutos"},"schema":{"@context":"https:\/\/schema.org","@graph":[{"@type":"Article","@id":"https:\/\/www.eldiariodetucuman.com\/web\/el-gobierno-analiza-negociar-con-el-kirchnerismo-la-integracion-de-la-corte-tras-las-elecciones\/#article","isPartOf":{"@id":"https:\/\/www.eldiariodetucuman.com\/web\/el-gobierno-analiza-negociar-con-el-kirchnerismo-la-integracion-de-la-corte-tras-las-elecciones\/"},"author":{"name":"Redactor Uno","@id":"https:\/\/www.eldiariodetucuman.com\/web\/#\/schema\/person\/7e6644a46e60888f6b868594407e08dd"},"headline":"El Gobierno analiza negociar con el kirchnerismo la integraci\u00f3n de la Corte tras las elecciones","datePublished":"2025-08-02T00:04:26+00:00","dateModified":"2025-08-02T00:04:28+00:00","mainEntityOfPage":{"@id":"https:\/\/www.eldiariodetucuman.com\/web\/el-gobierno-analiza-negociar-con-el-kirchnerismo-la-integracion-de-la-corte-tras-las-elecciones\/"},"wordCount":1003,"publisher":{"@id":"https:\/\/www.eldiariodetucuman.com\/web\/#organization"},"image":{"@id":"https:\/\/www.eldiariodetucuman.com\/web\/el-gobierno-analiza-negociar-con-el-kirchnerismo-la-integracion-de-la-corte-tras-las-elecciones\/#primaryimage"},"thumbnailUrl":"https:\/\/www.eldiariodetucuman.com\/web\/wp-content\/uploads\/2025\/08\/ricardo-lorenzetti-carlos-rosenkrantz-y-horacio-G6YSPPYNPNH2FL2HTSPPTMKYHM.jpg","articleSection":["Politica"],"inLanguage":"es"},{"@type":"WebPage","@id":"https:\/\/www.eldiariodetucuman.com\/web\/el-gobierno-analiza-negociar-con-el-kirchnerismo-la-integracion-de-la-corte-tras-las-elecciones\/","url":"https:\/\/www.eldiariodetucuman.com\/web\/el-gobierno-analiza-negociar-con-el-kirchnerismo-la-integracion-de-la-corte-tras-las-elecciones\/","name":"El Gobierno analiza negociar con el kirchnerismo la integraci\u00f3n de la Corte tras las elecciones - El Diario de Tucuman","isPartOf":{"@id":"https:\/\/www.eldiariodetucuman.com\/web\/#website"},"primaryImageOfPage":{"@id":"https:\/\/www.eldiariodetucuman.com\/web\/el-gobierno-analiza-negociar-con-el-kirchnerismo-la-integracion-de-la-corte-tras-las-elecciones\/#primaryimage"},"image":{"@id":"https:\/\/www.eldiariodetucuman.com\/web\/el-gobierno-analiza-negociar-con-el-kirchnerismo-la-integracion-de-la-corte-tras-las-elecciones\/#primaryimage"},"thumbnailUrl":"https:\/\/www.eldiariodetucuman.com\/web\/wp-content\/uploads\/2025\/08\/ricardo-lorenzetti-carlos-rosenkrantz-y-horacio-G6YSPPYNPNH2FL2HTSPPTMKYHM.jpg","datePublished":"2025-08-02T00:04:26+00:00","dateModified":"2025-08-02T00:04:28+00:00","breadcrumb":{"@id":"https:\/\/www.eldiariodetucuman.com\/web\/el-gobierno-analiza-negociar-con-el-kirchnerismo-la-integracion-de-la-corte-tras-las-elecciones\/#breadcrumb"},"inLanguage":"es","potentialAction":[{"@type":"ReadAction","target":["https:\/\/www.eldiariodetucuman.com\/web\/el-gobierno-analiza-negociar-con-el-kirchnerismo-la-integracion-de-la-corte-tras-las-elecciones\/"]}]},{"@type":"ImageObject","inLanguage":"es","@id":"https:\/\/www.eldiariodetucuman.com\/web\/el-gobierno-analiza-negociar-con-el-kirchnerismo-la-integracion-de-la-corte-tras-las-elecciones\/#primaryimage","url":"https:\/\/www.eldiariodetucuman.com\/web\/wp-content\/uploads\/2025\/08\/ricardo-lorenzetti-carlos-rosenkrantz-y-horacio-G6YSPPYNPNH2FL2HTSPPTMKYHM.jpg","contentUrl":"https:\/\/www.eldiariodetucuman.com\/web\/wp-content\/uploads\/2025\/08\/ricardo-lorenzetti-carlos-rosenkrantz-y-horacio-G6YSPPYNPNH2FL2HTSPPTMKYHM.jpg","width":1200,"height":900},{"@type":"BreadcrumbList","@id":"https:\/\/www.eldiariodetucuman.com\/web\/el-gobierno-analiza-negociar-con-el-kirchnerismo-la-integracion-de-la-corte-tras-las-elecciones\/#breadcrumb","itemListElement":[{"@type":"ListItem","position":1,"name":"Portada","item":"https:\/\/www.eldiariodetucuman.com\/web\/"},{"@type":"ListItem","position":2,"name":"El Gobierno analiza negociar con el kirchnerismo la integraci\u00f3n de la Corte tras las elecciones"}]},{"@type":"WebSite","@id":"https:\/\/www.eldiariodetucuman.com\/web\/#website","url":"https:\/\/www.eldiariodetucuman.com\/web\/","name":"El Diario de Tucuman","description":"Diario Tucuman - Informaci\u00f3n y noticias","publisher":{"@id":"https:\/\/www.eldiariodetucuman.com\/web\/#organization"},"potentialAction":[{"@type":"SearchAction","target":{"@type":"EntryPoint","urlTemplate":"https:\/\/www.eldiariodetucuman.com\/web\/?s={search_term_string}"},"query-input":{"@type":"PropertyValueSpecification","valueRequired":true,"valueName":"search_term_string"}}],"inLanguage":"es"},{"@type":"Organization","@id":"https:\/\/www.eldiariodetucuman.com\/web\/#organization","name":"El Diario de Tucuman","url":"https:\/\/www.eldiariodetucuman.com\/web\/","logo":{"@type":"ImageObject","inLanguage":"es","@id":"https:\/\/www.eldiariodetucuman.com\/web\/#\/schema\/logo\/image\/","url":"http:\/\/www.eldiariodetucuman.com\/web\/wp-content\/uploads\/2017\/12\/el-diario-de-tucuman.jpg","contentUrl":"http:\/\/www.eldiariodetucuman.com\/web\/wp-content\/uploads\/2017\/12\/el-diario-de-tucuman.jpg","width":272,"height":92,"caption":"El Diario de Tucuman"},"image":{"@id":"https:\/\/www.eldiariodetucuman.com\/web\/#\/schema\/logo\/image\/"}},{"@type":"Person","@id":"https:\/\/www.eldiariodetucuman.com\/web\/#\/schema\/person\/7e6644a46e60888f6b868594407e08dd","name":"Redactor Uno","image":{"@type":"ImageObject","inLanguage":"es","@id":"https:\/\/secure.gravatar.com\/avatar\/0049b1bdf1bd548385c9ea6b9356431717930913089febd2ba904f0187d7d074?s=96&d=mm&r=g","url":"https:\/\/secure.gravatar.com\/avatar\/0049b1bdf1bd548385c9ea6b9356431717930913089febd2ba904f0187d7d074?s=96&d=mm&r=g","contentUrl":"https:\/\/secure.gravatar.com\/avatar\/0049b1bdf1bd548385c9ea6b9356431717930913089febd2ba904f0187d7d074?s=96&d=mm&r=g","caption":"Redactor Uno"},"url":"https:\/\/www.eldiariodetucuman.com\/web\/author\/mramasco\/"}]}},"_links":{"self":[{"href":"https:\/\/www.eldiariodetucuman.com\/web\/wp-json\/wp\/v2\/posts\/45241","targetHints":{"allow":["GET"]}}],"collection":[{"href":"https:\/\/www.eldiariodetucuman.com\/web\/wp-json\/wp\/v2\/posts"}],"about":[{"href":"https:\/\/www.eldiariodetucuman.com\/web\/wp-json\/wp\/v2\/types\/post"}],"author":[{"embeddable":true,"href":"https:\/\/www.eldiariodetucuman.com\/web\/wp-json\/wp\/v2\/users\/5"}],"replies":[{"embeddable":true,"href":"https:\/\/www.eldiariodetucuman.com\/web\/wp-json\/wp\/v2\/comments?post=45241"}],"version-history":[{"count":1,"href":"https:\/\/www.eldiariodetucuman.com\/web\/wp-json\/wp\/v2\/posts\/45241\/revisions"}],"predecessor-version":[{"id":45243,"href":"https:\/\/www.eldiariodetucuman.com\/web\/wp-json\/wp\/v2\/posts\/45241\/revisions\/45243"}],"wp:featuredmedia":[{"embeddable":true,"href":"https:\/\/www.eldiariodetucuman.com\/web\/wp-json\/wp\/v2\/media\/45242"}],"wp:attachment":[{"href":"https:\/\/www.eldiariodetucuman.com\/web\/wp-json\/wp\/v2\/media?parent=45241"}],"wp:term":[{"taxonomy":"category","embeddable":true,"href":"https:\/\/www.eldiariodetucuman.com\/web\/wp-json\/wp\/v2\/categories?post=45241"},{"taxonomy":"post_tag","embeddable":true,"href":"https:\/\/www.eldiariodetucuman.com\/web\/wp-json\/wp\/v2\/tags?post=45241"}],"curies":[{"name":"wp","href":"https:\/\/api.w.org\/{rel}","templated":true}]}}