{"id":45237,"date":"2025-08-01T15:31:04","date_gmt":"2025-08-01T18:31:04","guid":{"rendered":"https:\/\/www.eldiariodetucuman.com\/web\/escaba-sumo-infraestructura-clave-para-potenciar-el-turismo-y-mejorar-los-servicios\/"},"modified":"2025-08-01T15:31:04","modified_gmt":"2025-08-01T18:31:04","slug":"escaba-sumo-infraestructura-clave-para-potenciar-el-turismo-y-mejorar-los-servicios","status":"publish","type":"post","link":"https:\/\/www.eldiariodetucuman.com\/web\/escaba-sumo-infraestructura-clave-para-potenciar-el-turismo-y-mejorar-los-servicios\/","title":{"rendered":"Escaba sum\u00f3 infraestructura clave para potenciar el turismo y mejorar los servicios"},"content":{"rendered":"<p><\/p>\n<p>El gobernador Osvaldo Jaldo visit\u00f3 este viernes la comuna de Escaba, donde desarroll\u00f3 una intensa agenda institucional que incluy\u00f3 la participaci\u00f3n en la ceremonia de la Pachamama, la entrega formal de la hoster\u00eda local, la supervisi\u00f3n de obras en la terminal de \u00f3mnibus y la habilitaci\u00f3n del nuevo sistema de alumbrado p\u00fablico con tecnolog\u00eda LED.<\/p>\n<p>\u201cEl turismo es atender bien, dar servicios y generar las condiciones para que quien visite un lugar quiera volver. Eso es trabajar por el turismo, y eso estamos haciendo en Escaba\u201d, expres\u00f3 el mandatario durante su recorrido en el que estuvo acompa\u00f1ado por el ministro del Interior, <strong>Dar\u00edo Monteros<\/strong>; el presidente del Ente Tucum\u00e1n Turismo,<strong> Domingo Amaya<\/strong>; el diputado<strong> Agust\u00edn Fern\u00e1ndez; <\/strong>los legisladores <strong>Francisco Serra, Sandra Figueroa, Nancy Bulacio;<\/strong> el secretario de Gobierno,<strong> Ra\u00fal Albarrac\u00edn; <\/strong>y la intendenta de La Cocha, <strong>Gabriela Rodriguez.<\/strong><\/p>\n<p>Antes de llegar a la localidad, fue recibido con entusiasmo por alumnos y docentes de la Escuela N\u00ba 73 \u201cRam\u00f3n Soria\u201d y de la Escuela Secundaria El Corralito, ubicadas sobre la ruta de acceso a Escaba. Los estudiantes salieron al encuentro del mandatario para saludarlo, acompa\u00f1ados por sus docentes y directivos, en una muestra de afecto y cercan\u00eda. La Escuela N\u00ba 73, de nivel primario, cuenta con siete aulas que abarcan desde el jard\u00edn de infantes hasta sexto grado, y una matr\u00edcula de 117 alumnos. En esta jornada, adem\u00e1s, celebraron el inicio de la modalidad de jornada extendida.<\/p>\n<p><strong>Homenaje a las ra\u00edces<\/strong><\/p>\n<p>En el marco del D\u00eda de la Pachamama, Jaldo particip\u00f3 de una ceremonia ancestral junto a autoridades locales, vecinos y miembros de comunidades originarias. \u201cHoy es 1 de agosto y quisimos rendirle un homenaje a nuestra madre tierra, donde depositamos mucha fe y fundamentalmente tambi\u00e9n rendimos un honor y un homenaje a nuestros antepasados. Estas fechas no pueden pasar desapercibidas, porque si no reconocemos y homenajeamos a nuestros antepasados, no vamos a saber a d\u00f3nde vamos\u201d, sostuvo el Gobernador, quien agradeci\u00f3 la recepci\u00f3n del comisionado comunal<strong> Ricardo Le\u00f3n Boido <\/strong>y de toda la comunidad.<\/p>\n<\/p>\n<p><strong>Entrega de la hoster\u00eda de Escaba<\/strong><\/p>\n<p>Durante la jornada, Jaldo formaliz\u00f3 la entrega de la Hoster\u00eda de Escaba a una instituci\u00f3n gremial, que actualmente lleva adelante una importante inversi\u00f3n para su refuncionalizaci\u00f3n.<\/p>\n<p>\u201cA la Hoster\u00eda de Escaba hoy el Gobierno de la Provincia ha dado una concesi\u00f3n a un gremio\u00bb, cont\u00f3 Jaldo. Y a\u00f1adi\u00f3: \u00abSolo basta ingresar a esta hoster\u00eda para darse cuenta del nivel de inversi\u00f3n que se ha venido haciendo para ponerla en funcionamiento. Antes ten\u00eda su estructura, pero no brindaba los servicios para los cuales hab\u00eda sido creada\u201d.<\/p>\n<p>Adem\u00e1s, destac\u00f3 el rol de la inversi\u00f3n privada en la zona: \u201cAgradecemos no solo lo que ya se hizo, sino tambi\u00e9n las proyecciones a futuro. Esto dinamiza la econom\u00eda, genera empleo y fomenta el turismo como actividad estrat\u00e9gica para el desarrollo local\u201d.<\/p>\n<p><strong>Conectividad para el interior<\/strong><\/p>\n<p>Mas tarde, el Primer Mandatario visit\u00f3 el parador que funcionar\u00e1 como terminal de \u00f3mnibus y destac\u00f3 el esfuerzo del sector privado para mejorar la conectividad en zonas de alta monta\u00f1a.<\/p>\n<p>\u201cHemos visto una terminal nueva, refaccionada, y tambi\u00e9n una empresa de transporte que presta el servicio en esta zona. Son caminos donde no cualquiera invierte. Valoramos mucho el esfuerzo de esta empresa, que ha incorporado una unidad 0 km con aire acondicionado y calefacci\u00f3n para los vecinos de Escaba, La Calera y otras localidades cercanas\u201d, se\u00f1al\u00f3.<\/p>\n<p>El ministro del Interior, Dar\u00edo Monteros, remarc\u00f3: \u201cEs un d\u00eda maravilloso para nosotros como provincia, llegarse a esta jurisdicci\u00f3n de Escaba para ver esta obra de infraestructura que est\u00e1 haciendo la comuna con este parador tur\u00edstico que consiste en una d\u00e1rsena que se transforma en una mini terminal donde pueden ingresar los colectivos que vengan con turistas, que vengan con gente de Tucum\u00e1n que quieran conocer esta maravillosa jurisdicci\u00f3n\u201d y cont\u00f3 que se dej\u00f3 habilitada una obra de alumbrado LED.\u00a0<\/p>\n<p>El funcionario adem\u00e1s remarc\u00f3 que el presidente del Ente Turismo que \u201cha trabajado mucho para que este emprendimiento sea realidad. Como bien lo dice nuestro gobernador es la industria sin humo, esta industria que sirve para que vengan a conocer Escaba, vengan a disfrutar. Tienen una hermosa hoster\u00eda, tienen cuatro bungal\u00f3s para que tambi\u00e9n puedan disfrutar. Esto es importante para Tucum\u00e1n. Escaba los espera, Escaba tiene toda la infraestructura para que el turista que quiera llegar, la familia que quiera llegar, pueda disfrutar de estas bellezas naturales que tiene Tucum\u00e1n\u201d.<\/p>\n<\/p>\n<p><strong>Obras de alumbrado p\u00fablico<\/strong><\/p>\n<p>Entre las obras de infraestructura inauguradas se destac\u00f3 la ampliaci\u00f3n del alumbrado p\u00fablico con luminarias LED, que mejora la seguridad y la calidad de vida de la comunidad. \u201cEl delegado comunal ha trabajado para extender este servicio con tecnolog\u00eda de \u00faltima generaci\u00f3n. Estas inversiones son claves para fortalecer el turismo y los servicios en toda la zona\u201d, asegur\u00f3 Jaldo.<\/p>\n<p>Para cerrar, el gobernador refiri\u00f3 a la necesidad de destinar los recursos del Estado en beneficio de la gente. \u201cCuando nos dicen que hay que cuidar el super\u00e1vit fiscal, coincidimos. Pero, \u00bfde qu\u00e9 sirve si no lo volcamos en beneficio de las jurisdicciones del interior del pa\u00eds? El super\u00e1vit debe usarse para mejorar rutas, caminos, servicios y condiciones de vida. Eso es lo que aspiramos con esta hoster\u00eda de Escaba, que se dinamicen y se redistribuyan los recursos\u201d, sostuvo.<\/p>\n<p>Y concluy\u00f3: \u201cPor eso hemos venido personalmente, con todo el equipo, a decirles gracias a todos los que pusieron un granito de arena para que Escaba pueda crecer. A los inversores privados les decimos que sigan apostando por Tucum\u00e1n: ac\u00e1 se respeta la inversi\u00f3n, la propiedad privada y la seguridad jur\u00eddica\u201d.<\/p>\n<\/p>\n<p>En el marco de las actividades de promoci\u00f3n tur\u00edstica en Escaba, el delegado comunal de la localidad celebr\u00f3 la puesta en funcionamiento de la hoster\u00eda local y las obras complementarias que fortalecen la infraestructura tur\u00edstica de la zona: \u201cVino el gobernador a inaugurar la hoster\u00eda, unas obras que hicimos nosotros que ser\u00eda el parador tur\u00edstico\u201d a lo que se sumar\u00e1 un cajero autom\u00e1tico que fue gestionado y que se instalar\u00e1 \u201cno solamente para el turista, sino especialmente para el pueblo\u201d.\u00a0<\/p>\n<p>El comisionado reafirm\u00f3 as\u00ed el compromiso de la comuna con el desarrollo local, destacando tanto la inversi\u00f3n en infraestructura como el impulso a las actividades deportivas y recreativas que contribuyen a dinamizar la econom\u00eda: \u201cSeguimos trabajando juntos con turismo. Este domingo tenemos dos eventos, un duatl\u00f3n y un campeonato de pesca en el lago. Trabajando en conjunto con el deporte y colaborando en lo que sea necesario\u201d.<\/p>\n<p>Por su parte, el presidente del Ente Tucum\u00e1n Turismo, Domingo Amaya, afirm\u00f3: \u00abHoy celebramos inversiones concretas: en un parador con toda una obra de infraestructura. Se tom\u00f3 una obra con un gran movimiento de tierra, porque es una obra nueva, es decir, hubo una inversi\u00f3n y que la hizo la gente de la comuna con toda pasi\u00f3n\u00bb.<\/p>\n<p>Tambi\u00e9n remarc\u00f3 la mejora del alumbrado p\u00fablico, la limpieza y la b\u00fasqueda de prestadores de servicio. \u00abUstedes ven que hoy en el lago, si quieren salir a disfrutar, hay un prestador de servicio: se puede andar en kayak, en lancha, puedes venir a pescar\u00bb, dijo y agradeci\u00f3 a Osvaldo Barre\u00f1ada, secretario general de la UTI, gremio mayoritario del PAMI, \u00abpor tomar este desaf\u00edo, invertir en equipamiento y hoy trabaja con criterio de sustentabilidad, con energ\u00eda solar en las caba\u00f1as\u00bb.<\/p>\n<p>Por su parte, Barre\u00f1ada cont\u00f3 que la concesi\u00f3n fue dada al gremio que es la Uni\u00f3n de Trabajadores del Instituto \u00abA nosotros nos lo dieron, hicimos los trabajos que ten\u00edamos que hacer. Hicimos la inversi\u00f3n, \u00a0hemos logrado poner un todo un sistema de paneles solares que nos va a dar la posibilidad de que podamos entregar desde Escaba a la red para ayudar un poco con el tema el\u00e9ctrico. Sabemos que en Tucum\u00e1n, en en la \u00e9poca de verano es tenemos algunos d\u00e9ficits y hay muchos cortes\u00bb.<\/p>\n<p>\u00abQueremos fomentar el turismo, como bien dec\u00eda el gobernador, para que vengan todos los que quieran\u00bb, cerr\u00f3.<\/p>\n<\/p>\n<p>Fuente: <a href=\"https:\/\/www.comunicaciontucuman.gob.ar\/noticia\/gobernacion\/236066\/escaba-sumo-infraestructura-clave-para-potenciar-turismo-mejorar-servicios\"> Fuente de la nota <\/a><\/p>\n","protected":false},"excerpt":{"rendered":"<p>El gobernador Osvaldo Jaldo visit\u00f3 este viernes la comuna de Escaba, donde desarroll\u00f3 una intensa agenda institucional que incluy\u00f3 la participaci\u00f3n en la ceremonia de la Pachamama, la entrega formal de la hoster\u00eda local, la supervisi\u00f3n de obras en la terminal de \u00f3mnibus y la habilitaci\u00f3n del nuevo sistema de alumbrado p\u00fablico con tecnolog\u00eda LED. [&hellip;]<\/p>\n","protected":false},"author":1,"featured_media":45238,"comment_status":"closed","ping_status":"open","sticky":false,"template":"","format":"standard","meta":{"footnotes":""},"categories":[3],"tags":[],"class_list":{"0":"post-45237","1":"post","2":"type-post","3":"status-publish","4":"format-standard","5":"has-post-thumbnail","7":"category-politica"},"yoast_head":"<!-- This site is optimized with the Yoast SEO plugin v27.4 - https:\/\/yoast.com\/product\/yoast-seo-wordpress\/ -->\n<title>Escaba sum\u00f3 infraestructura clave para potenciar el turismo y mejorar los servicios - El Diario de Tucuman<\/title>\n<meta name=\"robots\" content=\"index, follow, max-snippet:-1, max-image-preview:large, max-video-preview:-1\" \/>\n<link rel=\"canonical\" href=\"https:\/\/www.eldiariodetucuman.com\/web\/escaba-sumo-infraestructura-clave-para-potenciar-el-turismo-y-mejorar-los-servicios\/\" \/>\n<meta property=\"og:locale\" content=\"es_ES\" \/>\n<meta property=\"og:type\" content=\"article\" \/>\n<meta property=\"og:title\" content=\"Escaba sum\u00f3 infraestructura clave para potenciar el turismo y mejorar los servicios - El Diario de Tucuman\" \/>\n<meta property=\"og:description\" content=\"El gobernador Osvaldo Jaldo visit\u00f3 este viernes la comuna de Escaba, donde desarroll\u00f3 una intensa agenda institucional que incluy\u00f3 la participaci\u00f3n en la ceremonia de la Pachamama, la entrega formal de la hoster\u00eda local, la supervisi\u00f3n de obras en la terminal de \u00f3mnibus y la habilitaci\u00f3n del nuevo sistema de alumbrado p\u00fablico con tecnolog\u00eda LED. [&hellip;]\" \/>\n<meta property=\"og:url\" content=\"https:\/\/www.eldiariodetucuman.com\/web\/escaba-sumo-infraestructura-clave-para-potenciar-el-turismo-y-mejorar-los-servicios\/\" \/>\n<meta property=\"og:site_name\" content=\"El Diario de Tucuman\" \/>\n<meta property=\"article:published_time\" content=\"2025-08-01T18:31:04+00:00\" \/>\n<meta name=\"author\" content=\"admin\" \/>\n<meta name=\"twitter:card\" content=\"summary_large_image\" \/>\n<meta name=\"twitter:label1\" content=\"Escrito por\" \/>\n\t<meta name=\"twitter:data1\" content=\"admin\" \/>\n\t<meta name=\"twitter:label2\" content=\"Tiempo de lectura\" \/>\n\t<meta name=\"twitter:data2\" content=\"7 minutos\" \/>\n<script type=\"application\/ld+json\" class=\"yoast-schema-graph\">{\"@context\":\"https:\\\/\\\/schema.org\",\"@graph\":[{\"@type\":\"Article\",\"@id\":\"https:\\\/\\\/www.eldiariodetucuman.com\\\/web\\\/escaba-sumo-infraestructura-clave-para-potenciar-el-turismo-y-mejorar-los-servicios\\\/#article\",\"isPartOf\":{\"@id\":\"https:\\\/\\\/www.eldiariodetucuman.com\\\/web\\\/escaba-sumo-infraestructura-clave-para-potenciar-el-turismo-y-mejorar-los-servicios\\\/\"},\"author\":{\"name\":\"admin\",\"@id\":\"https:\\\/\\\/www.eldiariodetucuman.com\\\/web\\\/#\\\/schema\\\/person\\\/9250197d75ab5483412e19678b121caa\"},\"headline\":\"Escaba sum\u00f3 infraestructura clave para potenciar el turismo y mejorar los servicios\",\"datePublished\":\"2025-08-01T18:31:04+00:00\",\"mainEntityOfPage\":{\"@id\":\"https:\\\/\\\/www.eldiariodetucuman.com\\\/web\\\/escaba-sumo-infraestructura-clave-para-potenciar-el-turismo-y-mejorar-los-servicios\\\/\"},\"wordCount\":1420,\"publisher\":{\"@id\":\"https:\\\/\\\/www.eldiariodetucuman.com\\\/web\\\/#organization\"},\"image\":{\"@id\":\"https:\\\/\\\/www.eldiariodetucuman.com\\\/web\\\/escaba-sumo-infraestructura-clave-para-potenciar-el-turismo-y-mejorar-los-servicios\\\/#primaryimage\"},\"thumbnailUrl\":\"https:\\\/\\\/www.eldiariodetucuman.com\\\/web\\\/wp-content\\\/uploads\\\/2025\\\/08\\\/Escaba-sumo-infraestructura-clave-para-potenciar-el-turismo-y-mejorar.jpeg\",\"articleSection\":[\"Politica\"],\"inLanguage\":\"es\"},{\"@type\":\"WebPage\",\"@id\":\"https:\\\/\\\/www.eldiariodetucuman.com\\\/web\\\/escaba-sumo-infraestructura-clave-para-potenciar-el-turismo-y-mejorar-los-servicios\\\/\",\"url\":\"https:\\\/\\\/www.eldiariodetucuman.com\\\/web\\\/escaba-sumo-infraestructura-clave-para-potenciar-el-turismo-y-mejorar-los-servicios\\\/\",\"name\":\"Escaba sum\u00f3 infraestructura clave para potenciar el turismo y mejorar los servicios - El Diario de Tucuman\",\"isPartOf\":{\"@id\":\"https:\\\/\\\/www.eldiariodetucuman.com\\\/web\\\/#website\"},\"primaryImageOfPage\":{\"@id\":\"https:\\\/\\\/www.eldiariodetucuman.com\\\/web\\\/escaba-sumo-infraestructura-clave-para-potenciar-el-turismo-y-mejorar-los-servicios\\\/#primaryimage\"},\"image\":{\"@id\":\"https:\\\/\\\/www.eldiariodetucuman.com\\\/web\\\/escaba-sumo-infraestructura-clave-para-potenciar-el-turismo-y-mejorar-los-servicios\\\/#primaryimage\"},\"thumbnailUrl\":\"https:\\\/\\\/www.eldiariodetucuman.com\\\/web\\\/wp-content\\\/uploads\\\/2025\\\/08\\\/Escaba-sumo-infraestructura-clave-para-potenciar-el-turismo-y-mejorar.jpeg\",\"datePublished\":\"2025-08-01T18:31:04+00:00\",\"breadcrumb\":{\"@id\":\"https:\\\/\\\/www.eldiariodetucuman.com\\\/web\\\/escaba-sumo-infraestructura-clave-para-potenciar-el-turismo-y-mejorar-los-servicios\\\/#breadcrumb\"},\"inLanguage\":\"es\",\"potentialAction\":[{\"@type\":\"ReadAction\",\"target\":[\"https:\\\/\\\/www.eldiariodetucuman.com\\\/web\\\/escaba-sumo-infraestructura-clave-para-potenciar-el-turismo-y-mejorar-los-servicios\\\/\"]}]},{\"@type\":\"ImageObject\",\"inLanguage\":\"es\",\"@id\":\"https:\\\/\\\/www.eldiariodetucuman.com\\\/web\\\/escaba-sumo-infraestructura-clave-para-potenciar-el-turismo-y-mejorar-los-servicios\\\/#primaryimage\",\"url\":\"https:\\\/\\\/www.eldiariodetucuman.com\\\/web\\\/wp-content\\\/uploads\\\/2025\\\/08\\\/Escaba-sumo-infraestructura-clave-para-potenciar-el-turismo-y-mejorar.jpeg\",\"contentUrl\":\"https:\\\/\\\/www.eldiariodetucuman.com\\\/web\\\/wp-content\\\/uploads\\\/2025\\\/08\\\/Escaba-sumo-infraestructura-clave-para-potenciar-el-turismo-y-mejorar.jpeg\",\"width\":818,\"height\":460},{\"@type\":\"BreadcrumbList\",\"@id\":\"https:\\\/\\\/www.eldiariodetucuman.com\\\/web\\\/escaba-sumo-infraestructura-clave-para-potenciar-el-turismo-y-mejorar-los-servicios\\\/#breadcrumb\",\"itemListElement\":[{\"@type\":\"ListItem\",\"position\":1,\"name\":\"Portada\",\"item\":\"https:\\\/\\\/www.eldiariodetucuman.com\\\/web\\\/\"},{\"@type\":\"ListItem\",\"position\":2,\"name\":\"Escaba sum\u00f3 infraestructura clave para potenciar el turismo y mejorar los servicios\"}]},{\"@type\":\"WebSite\",\"@id\":\"https:\\\/\\\/www.eldiariodetucuman.com\\\/web\\\/#website\",\"url\":\"https:\\\/\\\/www.eldiariodetucuman.com\\\/web\\\/\",\"name\":\"El Diario de Tucuman\",\"description\":\"Diario Tucuman - Informaci\u00f3n y noticias\",\"publisher\":{\"@id\":\"https:\\\/\\\/www.eldiariodetucuman.com\\\/web\\\/#organization\"},\"potentialAction\":[{\"@type\":\"SearchAction\",\"target\":{\"@type\":\"EntryPoint\",\"urlTemplate\":\"https:\\\/\\\/www.eldiariodetucuman.com\\\/web\\\/?s={search_term_string}\"},\"query-input\":{\"@type\":\"PropertyValueSpecification\",\"valueRequired\":true,\"valueName\":\"search_term_string\"}}],\"inLanguage\":\"es\"},{\"@type\":\"Organization\",\"@id\":\"https:\\\/\\\/www.eldiariodetucuman.com\\\/web\\\/#organization\",\"name\":\"El Diario de Tucuman\",\"url\":\"https:\\\/\\\/www.eldiariodetucuman.com\\\/web\\\/\",\"logo\":{\"@type\":\"ImageObject\",\"inLanguage\":\"es\",\"@id\":\"https:\\\/\\\/www.eldiariodetucuman.com\\\/web\\\/#\\\/schema\\\/logo\\\/image\\\/\",\"url\":\"http:\\\/\\\/www.eldiariodetucuman.com\\\/web\\\/wp-content\\\/uploads\\\/2017\\\/12\\\/el-diario-de-tucuman.jpg\",\"contentUrl\":\"http:\\\/\\\/www.eldiariodetucuman.com\\\/web\\\/wp-content\\\/uploads\\\/2017\\\/12\\\/el-diario-de-tucuman.jpg\",\"width\":272,\"height\":92,\"caption\":\"El Diario de Tucuman\"},\"image\":{\"@id\":\"https:\\\/\\\/www.eldiariodetucuman.com\\\/web\\\/#\\\/schema\\\/logo\\\/image\\\/\"}},{\"@type\":\"Person\",\"@id\":\"https:\\\/\\\/www.eldiariodetucuman.com\\\/web\\\/#\\\/schema\\\/person\\\/9250197d75ab5483412e19678b121caa\",\"name\":\"admin\",\"image\":{\"@type\":\"ImageObject\",\"inLanguage\":\"es\",\"@id\":\"https:\\\/\\\/secure.gravatar.com\\\/avatar\\\/c44d117c2be811212c22cb481f6b8384b6873de103fbc49e7a03cc58d7dea4ac?s=96&d=mm&r=g\",\"url\":\"https:\\\/\\\/secure.gravatar.com\\\/avatar\\\/c44d117c2be811212c22cb481f6b8384b6873de103fbc49e7a03cc58d7dea4ac?s=96&d=mm&r=g\",\"contentUrl\":\"https:\\\/\\\/secure.gravatar.com\\\/avatar\\\/c44d117c2be811212c22cb481f6b8384b6873de103fbc49e7a03cc58d7dea4ac?s=96&d=mm&r=g\",\"caption\":\"admin\"},\"url\":\"https:\\\/\\\/www.eldiariodetucuman.com\\\/web\\\/author\\\/admin\\\/\"}]}<\/script>\n<!-- \/ Yoast SEO plugin. -->","yoast_head_json":{"title":"Escaba sum\u00f3 infraestructura clave para potenciar el turismo y mejorar los servicios - El Diario de Tucuman","robots":{"index":"index","follow":"follow","max-snippet":"max-snippet:-1","max-image-preview":"max-image-preview:large","max-video-preview":"max-video-preview:-1"},"canonical":"https:\/\/www.eldiariodetucuman.com\/web\/escaba-sumo-infraestructura-clave-para-potenciar-el-turismo-y-mejorar-los-servicios\/","og_locale":"es_ES","og_type":"article","og_title":"Escaba sum\u00f3 infraestructura clave para potenciar el turismo y mejorar los servicios - El Diario de Tucuman","og_description":"El gobernador Osvaldo Jaldo visit\u00f3 este viernes la comuna de Escaba, donde desarroll\u00f3 una intensa agenda institucional que incluy\u00f3 la participaci\u00f3n en la ceremonia de la Pachamama, la entrega formal de la hoster\u00eda local, la supervisi\u00f3n de obras en la terminal de \u00f3mnibus y la habilitaci\u00f3n del nuevo sistema de alumbrado p\u00fablico con tecnolog\u00eda LED. [&hellip;]","og_url":"https:\/\/www.eldiariodetucuman.com\/web\/escaba-sumo-infraestructura-clave-para-potenciar-el-turismo-y-mejorar-los-servicios\/","og_site_name":"El Diario de Tucuman","article_published_time":"2025-08-01T18:31:04+00:00","author":"admin","twitter_card":"summary_large_image","twitter_misc":{"Escrito por":"admin","Tiempo de lectura":"7 minutos"},"schema":{"@context":"https:\/\/schema.org","@graph":[{"@type":"Article","@id":"https:\/\/www.eldiariodetucuman.com\/web\/escaba-sumo-infraestructura-clave-para-potenciar-el-turismo-y-mejorar-los-servicios\/#article","isPartOf":{"@id":"https:\/\/www.eldiariodetucuman.com\/web\/escaba-sumo-infraestructura-clave-para-potenciar-el-turismo-y-mejorar-los-servicios\/"},"author":{"name":"admin","@id":"https:\/\/www.eldiariodetucuman.com\/web\/#\/schema\/person\/9250197d75ab5483412e19678b121caa"},"headline":"Escaba sum\u00f3 infraestructura clave para potenciar el turismo y mejorar los servicios","datePublished":"2025-08-01T18:31:04+00:00","mainEntityOfPage":{"@id":"https:\/\/www.eldiariodetucuman.com\/web\/escaba-sumo-infraestructura-clave-para-potenciar-el-turismo-y-mejorar-los-servicios\/"},"wordCount":1420,"publisher":{"@id":"https:\/\/www.eldiariodetucuman.com\/web\/#organization"},"image":{"@id":"https:\/\/www.eldiariodetucuman.com\/web\/escaba-sumo-infraestructura-clave-para-potenciar-el-turismo-y-mejorar-los-servicios\/#primaryimage"},"thumbnailUrl":"https:\/\/www.eldiariodetucuman.com\/web\/wp-content\/uploads\/2025\/08\/Escaba-sumo-infraestructura-clave-para-potenciar-el-turismo-y-mejorar.jpeg","articleSection":["Politica"],"inLanguage":"es"},{"@type":"WebPage","@id":"https:\/\/www.eldiariodetucuman.com\/web\/escaba-sumo-infraestructura-clave-para-potenciar-el-turismo-y-mejorar-los-servicios\/","url":"https:\/\/www.eldiariodetucuman.com\/web\/escaba-sumo-infraestructura-clave-para-potenciar-el-turismo-y-mejorar-los-servicios\/","name":"Escaba sum\u00f3 infraestructura clave para potenciar el turismo y mejorar los servicios - El Diario de Tucuman","isPartOf":{"@id":"https:\/\/www.eldiariodetucuman.com\/web\/#website"},"primaryImageOfPage":{"@id":"https:\/\/www.eldiariodetucuman.com\/web\/escaba-sumo-infraestructura-clave-para-potenciar-el-turismo-y-mejorar-los-servicios\/#primaryimage"},"image":{"@id":"https:\/\/www.eldiariodetucuman.com\/web\/escaba-sumo-infraestructura-clave-para-potenciar-el-turismo-y-mejorar-los-servicios\/#primaryimage"},"thumbnailUrl":"https:\/\/www.eldiariodetucuman.com\/web\/wp-content\/uploads\/2025\/08\/Escaba-sumo-infraestructura-clave-para-potenciar-el-turismo-y-mejorar.jpeg","datePublished":"2025-08-01T18:31:04+00:00","breadcrumb":{"@id":"https:\/\/www.eldiariodetucuman.com\/web\/escaba-sumo-infraestructura-clave-para-potenciar-el-turismo-y-mejorar-los-servicios\/#breadcrumb"},"inLanguage":"es","potentialAction":[{"@type":"ReadAction","target":["https:\/\/www.eldiariodetucuman.com\/web\/escaba-sumo-infraestructura-clave-para-potenciar-el-turismo-y-mejorar-los-servicios\/"]}]},{"@type":"ImageObject","inLanguage":"es","@id":"https:\/\/www.eldiariodetucuman.com\/web\/escaba-sumo-infraestructura-clave-para-potenciar-el-turismo-y-mejorar-los-servicios\/#primaryimage","url":"https:\/\/www.eldiariodetucuman.com\/web\/wp-content\/uploads\/2025\/08\/Escaba-sumo-infraestructura-clave-para-potenciar-el-turismo-y-mejorar.jpeg","contentUrl":"https:\/\/www.eldiariodetucuman.com\/web\/wp-content\/uploads\/2025\/08\/Escaba-sumo-infraestructura-clave-para-potenciar-el-turismo-y-mejorar.jpeg","width":818,"height":460},{"@type":"BreadcrumbList","@id":"https:\/\/www.eldiariodetucuman.com\/web\/escaba-sumo-infraestructura-clave-para-potenciar-el-turismo-y-mejorar-los-servicios\/#breadcrumb","itemListElement":[{"@type":"ListItem","position":1,"name":"Portada","item":"https:\/\/www.eldiariodetucuman.com\/web\/"},{"@type":"ListItem","position":2,"name":"Escaba sum\u00f3 infraestructura clave para potenciar el turismo y mejorar los servicios"}]},{"@type":"WebSite","@id":"https:\/\/www.eldiariodetucuman.com\/web\/#website","url":"https:\/\/www.eldiariodetucuman.com\/web\/","name":"El Diario de Tucuman","description":"Diario Tucuman - Informaci\u00f3n y noticias","publisher":{"@id":"https:\/\/www.eldiariodetucuman.com\/web\/#organization"},"potentialAction":[{"@type":"SearchAction","target":{"@type":"EntryPoint","urlTemplate":"https:\/\/www.eldiariodetucuman.com\/web\/?s={search_term_string}"},"query-input":{"@type":"PropertyValueSpecification","valueRequired":true,"valueName":"search_term_string"}}],"inLanguage":"es"},{"@type":"Organization","@id":"https:\/\/www.eldiariodetucuman.com\/web\/#organization","name":"El Diario de Tucuman","url":"https:\/\/www.eldiariodetucuman.com\/web\/","logo":{"@type":"ImageObject","inLanguage":"es","@id":"https:\/\/www.eldiariodetucuman.com\/web\/#\/schema\/logo\/image\/","url":"http:\/\/www.eldiariodetucuman.com\/web\/wp-content\/uploads\/2017\/12\/el-diario-de-tucuman.jpg","contentUrl":"http:\/\/www.eldiariodetucuman.com\/web\/wp-content\/uploads\/2017\/12\/el-diario-de-tucuman.jpg","width":272,"height":92,"caption":"El Diario de Tucuman"},"image":{"@id":"https:\/\/www.eldiariodetucuman.com\/web\/#\/schema\/logo\/image\/"}},{"@type":"Person","@id":"https:\/\/www.eldiariodetucuman.com\/web\/#\/schema\/person\/9250197d75ab5483412e19678b121caa","name":"admin","image":{"@type":"ImageObject","inLanguage":"es","@id":"https:\/\/secure.gravatar.com\/avatar\/c44d117c2be811212c22cb481f6b8384b6873de103fbc49e7a03cc58d7dea4ac?s=96&d=mm&r=g","url":"https:\/\/secure.gravatar.com\/avatar\/c44d117c2be811212c22cb481f6b8384b6873de103fbc49e7a03cc58d7dea4ac?s=96&d=mm&r=g","contentUrl":"https:\/\/secure.gravatar.com\/avatar\/c44d117c2be811212c22cb481f6b8384b6873de103fbc49e7a03cc58d7dea4ac?s=96&d=mm&r=g","caption":"admin"},"url":"https:\/\/www.eldiariodetucuman.com\/web\/author\/admin\/"}]}},"_links":{"self":[{"href":"https:\/\/www.eldiariodetucuman.com\/web\/wp-json\/wp\/v2\/posts\/45237","targetHints":{"allow":["GET"]}}],"collection":[{"href":"https:\/\/www.eldiariodetucuman.com\/web\/wp-json\/wp\/v2\/posts"}],"about":[{"href":"https:\/\/www.eldiariodetucuman.com\/web\/wp-json\/wp\/v2\/types\/post"}],"author":[{"embeddable":true,"href":"https:\/\/www.eldiariodetucuman.com\/web\/wp-json\/wp\/v2\/users\/1"}],"replies":[{"embeddable":true,"href":"https:\/\/www.eldiariodetucuman.com\/web\/wp-json\/wp\/v2\/comments?post=45237"}],"version-history":[{"count":0,"href":"https:\/\/www.eldiariodetucuman.com\/web\/wp-json\/wp\/v2\/posts\/45237\/revisions"}],"wp:featuredmedia":[{"embeddable":true,"href":"https:\/\/www.eldiariodetucuman.com\/web\/wp-json\/wp\/v2\/media\/45238"}],"wp:attachment":[{"href":"https:\/\/www.eldiariodetucuman.com\/web\/wp-json\/wp\/v2\/media?parent=45237"}],"wp:term":[{"taxonomy":"category","embeddable":true,"href":"https:\/\/www.eldiariodetucuman.com\/web\/wp-json\/wp\/v2\/categories?post=45237"},{"taxonomy":"post_tag","embeddable":true,"href":"https:\/\/www.eldiariodetucuman.com\/web\/wp-json\/wp\/v2\/tags?post=45237"}],"curies":[{"name":"wp","href":"https:\/\/api.w.org\/{rel}","templated":true}]}}