{"id":45217,"date":"2025-07-30T15:26:24","date_gmt":"2025-07-30T18:26:24","guid":{"rendered":"https:\/\/www.eldiariodetucuman.com\/web\/jaldo-y-aguero-gamboa-confirman-avances-en-la-carcel-de-benjamin-paz\/"},"modified":"2025-07-30T15:26:24","modified_gmt":"2025-07-30T18:26:24","slug":"jaldo-y-aguero-gamboa-confirman-avances-en-la-carcel-de-benjamin-paz","status":"publish","type":"post","link":"https:\/\/www.eldiariodetucuman.com\/web\/jaldo-y-aguero-gamboa-confirman-avances-en-la-carcel-de-benjamin-paz\/","title":{"rendered":"Jaldo y Ag\u00fcero Gamboa confirman avances en la c\u00e1rcel de Benjam\u00edn Paz"},"content":{"rendered":"<p><\/p>\n<p>El gobernador, <strong>Osvaldo Jaldo,<\/strong> en la ma\u00f1ana del mi\u00e9rcoles se reuni\u00f3 con el ministro de Seguridad, <strong>Eugenio Ag\u00fcero Gamboa, <\/strong>quien adelant\u00f3 que la segunda etapa de la c\u00e1rcel de Benjam\u00edn Paz estar\u00eda lista para fines de agosto. Tambi\u00e9n anunci\u00f3 inspecciones en la obra de la alcaid\u00eda de Las Talitas y destac\u00f3 el trabajo provincial en la lucha contra la trata de personas.<\/p>\n<\/p>\n<p>La finalizaci\u00f3n de esta etapa significar\u00e1 un paso decisivo en el proceso de traslado de personas privadas de libertad desde comisar\u00edas hacia un entorno carcelario m\u00e1s adecuado. \u00abEl complejo sumar\u00e1 840 nuevas plazas, la misma cantidad que contempl\u00f3 la primera fase\u00bb, inform\u00f3.<\/p>\n<p>El ministro tambi\u00e9n se refiri\u00f3 al estado de la obra de la alcaid\u00eda de Las Talitas: \u00abVa avanzando la obra. La semana pr\u00f3xima estaremos recorriendo Las Talitas para evaluar los avances y definir cu\u00e1ndo podremos disponer de ella.\u00bb<\/p>\n<p>En el marco del D\u00eda Mundial de la Lucha contra la Trata de Personas, Ag\u00fcero Gamboa destac\u00f3 el trabajo conjunto que realiza la provincia con el Estado nacional, la Justicia Federal y organizaciones civiles.<\/p>\n<\/p>\n<p>\u00abLa trata se combate en coordinaci\u00f3n a nivel nacional, con notificaciones r\u00e1pidas y \u00a0tambi\u00e9n hacemos un trabajo articulado con la Fundaci\u00f3n Marita Ver\u00f3n\u00bb, afirm\u00f3.<\/p>\n<p>Fuente: <a href=\"https:\/\/www.comunicaciontucuman.gob.ar\/noticia\/gobernacion\/236009\/jaldo-aguero-gamboa-confirman-avances-carcel-benjamin-paz\"> Fuente de la nota <\/a><\/p>\n","protected":false},"excerpt":{"rendered":"<p>El gobernador, Osvaldo Jaldo, en la ma\u00f1ana del mi\u00e9rcoles se reuni\u00f3 con el ministro de Seguridad, Eugenio Ag\u00fcero Gamboa, quien adelant\u00f3 que la segunda etapa de la c\u00e1rcel de Benjam\u00edn Paz estar\u00eda lista para fines de agosto. Tambi\u00e9n anunci\u00f3 inspecciones en la obra de la alcaid\u00eda de Las Talitas y destac\u00f3 el trabajo provincial en [&hellip;]<\/p>\n","protected":false},"author":1,"featured_media":45218,"comment_status":"closed","ping_status":"open","sticky":false,"template":"","format":"standard","meta":{"footnotes":""},"categories":[3],"tags":[],"class_list":{"0":"post-45217","1":"post","2":"type-post","3":"status-publish","4":"format-standard","5":"has-post-thumbnail","7":"category-politica"},"yoast_head":"<!-- This site is optimized with the Yoast SEO plugin v27.4 - https:\/\/yoast.com\/product\/yoast-seo-wordpress\/ -->\n<title>Jaldo y Ag\u00fcero Gamboa confirman avances en la c\u00e1rcel de Benjam\u00edn Paz - El Diario de Tucuman<\/title>\n<meta name=\"robots\" content=\"index, follow, max-snippet:-1, max-image-preview:large, max-video-preview:-1\" \/>\n<link rel=\"canonical\" href=\"https:\/\/www.eldiariodetucuman.com\/web\/jaldo-y-aguero-gamboa-confirman-avances-en-la-carcel-de-benjamin-paz\/\" \/>\n<meta property=\"og:locale\" content=\"es_ES\" \/>\n<meta property=\"og:type\" content=\"article\" \/>\n<meta property=\"og:title\" content=\"Jaldo y Ag\u00fcero Gamboa confirman avances en la c\u00e1rcel de Benjam\u00edn Paz - El Diario de Tucuman\" \/>\n<meta property=\"og:description\" content=\"El gobernador, Osvaldo Jaldo, en la ma\u00f1ana del mi\u00e9rcoles se reuni\u00f3 con el ministro de Seguridad, Eugenio Ag\u00fcero Gamboa, quien adelant\u00f3 que la segunda etapa de la c\u00e1rcel de Benjam\u00edn Paz estar\u00eda lista para fines de agosto. Tambi\u00e9n anunci\u00f3 inspecciones en la obra de la alcaid\u00eda de Las Talitas y destac\u00f3 el trabajo provincial en [&hellip;]\" \/>\n<meta property=\"og:url\" content=\"https:\/\/www.eldiariodetucuman.com\/web\/jaldo-y-aguero-gamboa-confirman-avances-en-la-carcel-de-benjamin-paz\/\" \/>\n<meta property=\"og:site_name\" content=\"El Diario de Tucuman\" \/>\n<meta property=\"article:published_time\" content=\"2025-07-30T18:26:24+00:00\" \/>\n<meta name=\"author\" content=\"admin\" \/>\n<meta name=\"twitter:card\" content=\"summary_large_image\" \/>\n<meta name=\"twitter:label1\" content=\"Escrito por\" \/>\n\t<meta name=\"twitter:data1\" content=\"admin\" \/>\n\t<meta name=\"twitter:label2\" content=\"Tiempo de lectura\" \/>\n\t<meta name=\"twitter:data2\" content=\"1 minuto\" \/>\n<script type=\"application\/ld+json\" class=\"yoast-schema-graph\">{\"@context\":\"https:\\\/\\\/schema.org\",\"@graph\":[{\"@type\":\"Article\",\"@id\":\"https:\\\/\\\/www.eldiariodetucuman.com\\\/web\\\/jaldo-y-aguero-gamboa-confirman-avances-en-la-carcel-de-benjamin-paz\\\/#article\",\"isPartOf\":{\"@id\":\"https:\\\/\\\/www.eldiariodetucuman.com\\\/web\\\/jaldo-y-aguero-gamboa-confirman-avances-en-la-carcel-de-benjamin-paz\\\/\"},\"author\":{\"name\":\"admin\",\"@id\":\"https:\\\/\\\/www.eldiariodetucuman.com\\\/web\\\/#\\\/schema\\\/person\\\/9250197d75ab5483412e19678b121caa\"},\"headline\":\"Jaldo y Ag\u00fcero Gamboa confirman avances en la c\u00e1rcel de Benjam\u00edn Paz\",\"datePublished\":\"2025-07-30T18:26:24+00:00\",\"mainEntityOfPage\":{\"@id\":\"https:\\\/\\\/www.eldiariodetucuman.com\\\/web\\\/jaldo-y-aguero-gamboa-confirman-avances-en-la-carcel-de-benjamin-paz\\\/\"},\"wordCount\":241,\"publisher\":{\"@id\":\"https:\\\/\\\/www.eldiariodetucuman.com\\\/web\\\/#organization\"},\"image\":{\"@id\":\"https:\\\/\\\/www.eldiariodetucuman.com\\\/web\\\/jaldo-y-aguero-gamboa-confirman-avances-en-la-carcel-de-benjamin-paz\\\/#primaryimage\"},\"thumbnailUrl\":\"https:\\\/\\\/www.eldiariodetucuman.com\\\/web\\\/wp-content\\\/uploads\\\/2025\\\/07\\\/Jaldo-y-Aguero-Gamboa-confirman-avances-en-la-carcel-de.jpg\",\"articleSection\":[\"Politica\"],\"inLanguage\":\"es\"},{\"@type\":\"WebPage\",\"@id\":\"https:\\\/\\\/www.eldiariodetucuman.com\\\/web\\\/jaldo-y-aguero-gamboa-confirman-avances-en-la-carcel-de-benjamin-paz\\\/\",\"url\":\"https:\\\/\\\/www.eldiariodetucuman.com\\\/web\\\/jaldo-y-aguero-gamboa-confirman-avances-en-la-carcel-de-benjamin-paz\\\/\",\"name\":\"Jaldo y Ag\u00fcero Gamboa confirman avances en la c\u00e1rcel de Benjam\u00edn Paz - El Diario de Tucuman\",\"isPartOf\":{\"@id\":\"https:\\\/\\\/www.eldiariodetucuman.com\\\/web\\\/#website\"},\"primaryImageOfPage\":{\"@id\":\"https:\\\/\\\/www.eldiariodetucuman.com\\\/web\\\/jaldo-y-aguero-gamboa-confirman-avances-en-la-carcel-de-benjamin-paz\\\/#primaryimage\"},\"image\":{\"@id\":\"https:\\\/\\\/www.eldiariodetucuman.com\\\/web\\\/jaldo-y-aguero-gamboa-confirman-avances-en-la-carcel-de-benjamin-paz\\\/#primaryimage\"},\"thumbnailUrl\":\"https:\\\/\\\/www.eldiariodetucuman.com\\\/web\\\/wp-content\\\/uploads\\\/2025\\\/07\\\/Jaldo-y-Aguero-Gamboa-confirman-avances-en-la-carcel-de.jpg\",\"datePublished\":\"2025-07-30T18:26:24+00:00\",\"breadcrumb\":{\"@id\":\"https:\\\/\\\/www.eldiariodetucuman.com\\\/web\\\/jaldo-y-aguero-gamboa-confirman-avances-en-la-carcel-de-benjamin-paz\\\/#breadcrumb\"},\"inLanguage\":\"es\",\"potentialAction\":[{\"@type\":\"ReadAction\",\"target\":[\"https:\\\/\\\/www.eldiariodetucuman.com\\\/web\\\/jaldo-y-aguero-gamboa-confirman-avances-en-la-carcel-de-benjamin-paz\\\/\"]}]},{\"@type\":\"ImageObject\",\"inLanguage\":\"es\",\"@id\":\"https:\\\/\\\/www.eldiariodetucuman.com\\\/web\\\/jaldo-y-aguero-gamboa-confirman-avances-en-la-carcel-de-benjamin-paz\\\/#primaryimage\",\"url\":\"https:\\\/\\\/www.eldiariodetucuman.com\\\/web\\\/wp-content\\\/uploads\\\/2025\\\/07\\\/Jaldo-y-Aguero-Gamboa-confirman-avances-en-la-carcel-de.jpg\",\"contentUrl\":\"https:\\\/\\\/www.eldiariodetucuman.com\\\/web\\\/wp-content\\\/uploads\\\/2025\\\/07\\\/Jaldo-y-Aguero-Gamboa-confirman-avances-en-la-carcel-de.jpg\",\"width\":818,\"height\":460},{\"@type\":\"BreadcrumbList\",\"@id\":\"https:\\\/\\\/www.eldiariodetucuman.com\\\/web\\\/jaldo-y-aguero-gamboa-confirman-avances-en-la-carcel-de-benjamin-paz\\\/#breadcrumb\",\"itemListElement\":[{\"@type\":\"ListItem\",\"position\":1,\"name\":\"Portada\",\"item\":\"https:\\\/\\\/www.eldiariodetucuman.com\\\/web\\\/\"},{\"@type\":\"ListItem\",\"position\":2,\"name\":\"Jaldo y Ag\u00fcero Gamboa confirman avances en la c\u00e1rcel de Benjam\u00edn Paz\"}]},{\"@type\":\"WebSite\",\"@id\":\"https:\\\/\\\/www.eldiariodetucuman.com\\\/web\\\/#website\",\"url\":\"https:\\\/\\\/www.eldiariodetucuman.com\\\/web\\\/\",\"name\":\"El Diario de Tucuman\",\"description\":\"Diario Tucuman - Informaci\u00f3n y noticias\",\"publisher\":{\"@id\":\"https:\\\/\\\/www.eldiariodetucuman.com\\\/web\\\/#organization\"},\"potentialAction\":[{\"@type\":\"SearchAction\",\"target\":{\"@type\":\"EntryPoint\",\"urlTemplate\":\"https:\\\/\\\/www.eldiariodetucuman.com\\\/web\\\/?s={search_term_string}\"},\"query-input\":{\"@type\":\"PropertyValueSpecification\",\"valueRequired\":true,\"valueName\":\"search_term_string\"}}],\"inLanguage\":\"es\"},{\"@type\":\"Organization\",\"@id\":\"https:\\\/\\\/www.eldiariodetucuman.com\\\/web\\\/#organization\",\"name\":\"El Diario de Tucuman\",\"url\":\"https:\\\/\\\/www.eldiariodetucuman.com\\\/web\\\/\",\"logo\":{\"@type\":\"ImageObject\",\"inLanguage\":\"es\",\"@id\":\"https:\\\/\\\/www.eldiariodetucuman.com\\\/web\\\/#\\\/schema\\\/logo\\\/image\\\/\",\"url\":\"http:\\\/\\\/www.eldiariodetucuman.com\\\/web\\\/wp-content\\\/uploads\\\/2017\\\/12\\\/el-diario-de-tucuman.jpg\",\"contentUrl\":\"http:\\\/\\\/www.eldiariodetucuman.com\\\/web\\\/wp-content\\\/uploads\\\/2017\\\/12\\\/el-diario-de-tucuman.jpg\",\"width\":272,\"height\":92,\"caption\":\"El Diario de Tucuman\"},\"image\":{\"@id\":\"https:\\\/\\\/www.eldiariodetucuman.com\\\/web\\\/#\\\/schema\\\/logo\\\/image\\\/\"}},{\"@type\":\"Person\",\"@id\":\"https:\\\/\\\/www.eldiariodetucuman.com\\\/web\\\/#\\\/schema\\\/person\\\/9250197d75ab5483412e19678b121caa\",\"name\":\"admin\",\"image\":{\"@type\":\"ImageObject\",\"inLanguage\":\"es\",\"@id\":\"https:\\\/\\\/secure.gravatar.com\\\/avatar\\\/c44d117c2be811212c22cb481f6b8384b6873de103fbc49e7a03cc58d7dea4ac?s=96&d=mm&r=g\",\"url\":\"https:\\\/\\\/secure.gravatar.com\\\/avatar\\\/c44d117c2be811212c22cb481f6b8384b6873de103fbc49e7a03cc58d7dea4ac?s=96&d=mm&r=g\",\"contentUrl\":\"https:\\\/\\\/secure.gravatar.com\\\/avatar\\\/c44d117c2be811212c22cb481f6b8384b6873de103fbc49e7a03cc58d7dea4ac?s=96&d=mm&r=g\",\"caption\":\"admin\"},\"url\":\"https:\\\/\\\/www.eldiariodetucuman.com\\\/web\\\/author\\\/admin\\\/\"}]}<\/script>\n<!-- \/ Yoast SEO plugin. -->","yoast_head_json":{"title":"Jaldo y Ag\u00fcero Gamboa confirman avances en la c\u00e1rcel de Benjam\u00edn Paz - El Diario de Tucuman","robots":{"index":"index","follow":"follow","max-snippet":"max-snippet:-1","max-image-preview":"max-image-preview:large","max-video-preview":"max-video-preview:-1"},"canonical":"https:\/\/www.eldiariodetucuman.com\/web\/jaldo-y-aguero-gamboa-confirman-avances-en-la-carcel-de-benjamin-paz\/","og_locale":"es_ES","og_type":"article","og_title":"Jaldo y Ag\u00fcero Gamboa confirman avances en la c\u00e1rcel de Benjam\u00edn Paz - El Diario de Tucuman","og_description":"El gobernador, Osvaldo Jaldo, en la ma\u00f1ana del mi\u00e9rcoles se reuni\u00f3 con el ministro de Seguridad, Eugenio Ag\u00fcero Gamboa, quien adelant\u00f3 que la segunda etapa de la c\u00e1rcel de Benjam\u00edn Paz estar\u00eda lista para fines de agosto. Tambi\u00e9n anunci\u00f3 inspecciones en la obra de la alcaid\u00eda de Las Talitas y destac\u00f3 el trabajo provincial en [&hellip;]","og_url":"https:\/\/www.eldiariodetucuman.com\/web\/jaldo-y-aguero-gamboa-confirman-avances-en-la-carcel-de-benjamin-paz\/","og_site_name":"El Diario de Tucuman","article_published_time":"2025-07-30T18:26:24+00:00","author":"admin","twitter_card":"summary_large_image","twitter_misc":{"Escrito por":"admin","Tiempo de lectura":"1 minuto"},"schema":{"@context":"https:\/\/schema.org","@graph":[{"@type":"Article","@id":"https:\/\/www.eldiariodetucuman.com\/web\/jaldo-y-aguero-gamboa-confirman-avances-en-la-carcel-de-benjamin-paz\/#article","isPartOf":{"@id":"https:\/\/www.eldiariodetucuman.com\/web\/jaldo-y-aguero-gamboa-confirman-avances-en-la-carcel-de-benjamin-paz\/"},"author":{"name":"admin","@id":"https:\/\/www.eldiariodetucuman.com\/web\/#\/schema\/person\/9250197d75ab5483412e19678b121caa"},"headline":"Jaldo y Ag\u00fcero Gamboa confirman avances en la c\u00e1rcel de Benjam\u00edn Paz","datePublished":"2025-07-30T18:26:24+00:00","mainEntityOfPage":{"@id":"https:\/\/www.eldiariodetucuman.com\/web\/jaldo-y-aguero-gamboa-confirman-avances-en-la-carcel-de-benjamin-paz\/"},"wordCount":241,"publisher":{"@id":"https:\/\/www.eldiariodetucuman.com\/web\/#organization"},"image":{"@id":"https:\/\/www.eldiariodetucuman.com\/web\/jaldo-y-aguero-gamboa-confirman-avances-en-la-carcel-de-benjamin-paz\/#primaryimage"},"thumbnailUrl":"https:\/\/www.eldiariodetucuman.com\/web\/wp-content\/uploads\/2025\/07\/Jaldo-y-Aguero-Gamboa-confirman-avances-en-la-carcel-de.jpg","articleSection":["Politica"],"inLanguage":"es"},{"@type":"WebPage","@id":"https:\/\/www.eldiariodetucuman.com\/web\/jaldo-y-aguero-gamboa-confirman-avances-en-la-carcel-de-benjamin-paz\/","url":"https:\/\/www.eldiariodetucuman.com\/web\/jaldo-y-aguero-gamboa-confirman-avances-en-la-carcel-de-benjamin-paz\/","name":"Jaldo y Ag\u00fcero Gamboa confirman avances en la c\u00e1rcel de Benjam\u00edn Paz - El Diario de Tucuman","isPartOf":{"@id":"https:\/\/www.eldiariodetucuman.com\/web\/#website"},"primaryImageOfPage":{"@id":"https:\/\/www.eldiariodetucuman.com\/web\/jaldo-y-aguero-gamboa-confirman-avances-en-la-carcel-de-benjamin-paz\/#primaryimage"},"image":{"@id":"https:\/\/www.eldiariodetucuman.com\/web\/jaldo-y-aguero-gamboa-confirman-avances-en-la-carcel-de-benjamin-paz\/#primaryimage"},"thumbnailUrl":"https:\/\/www.eldiariodetucuman.com\/web\/wp-content\/uploads\/2025\/07\/Jaldo-y-Aguero-Gamboa-confirman-avances-en-la-carcel-de.jpg","datePublished":"2025-07-30T18:26:24+00:00","breadcrumb":{"@id":"https:\/\/www.eldiariodetucuman.com\/web\/jaldo-y-aguero-gamboa-confirman-avances-en-la-carcel-de-benjamin-paz\/#breadcrumb"},"inLanguage":"es","potentialAction":[{"@type":"ReadAction","target":["https:\/\/www.eldiariodetucuman.com\/web\/jaldo-y-aguero-gamboa-confirman-avances-en-la-carcel-de-benjamin-paz\/"]}]},{"@type":"ImageObject","inLanguage":"es","@id":"https:\/\/www.eldiariodetucuman.com\/web\/jaldo-y-aguero-gamboa-confirman-avances-en-la-carcel-de-benjamin-paz\/#primaryimage","url":"https:\/\/www.eldiariodetucuman.com\/web\/wp-content\/uploads\/2025\/07\/Jaldo-y-Aguero-Gamboa-confirman-avances-en-la-carcel-de.jpg","contentUrl":"https:\/\/www.eldiariodetucuman.com\/web\/wp-content\/uploads\/2025\/07\/Jaldo-y-Aguero-Gamboa-confirman-avances-en-la-carcel-de.jpg","width":818,"height":460},{"@type":"BreadcrumbList","@id":"https:\/\/www.eldiariodetucuman.com\/web\/jaldo-y-aguero-gamboa-confirman-avances-en-la-carcel-de-benjamin-paz\/#breadcrumb","itemListElement":[{"@type":"ListItem","position":1,"name":"Portada","item":"https:\/\/www.eldiariodetucuman.com\/web\/"},{"@type":"ListItem","position":2,"name":"Jaldo y Ag\u00fcero Gamboa confirman avances en la c\u00e1rcel de Benjam\u00edn Paz"}]},{"@type":"WebSite","@id":"https:\/\/www.eldiariodetucuman.com\/web\/#website","url":"https:\/\/www.eldiariodetucuman.com\/web\/","name":"El Diario de Tucuman","description":"Diario Tucuman - Informaci\u00f3n y noticias","publisher":{"@id":"https:\/\/www.eldiariodetucuman.com\/web\/#organization"},"potentialAction":[{"@type":"SearchAction","target":{"@type":"EntryPoint","urlTemplate":"https:\/\/www.eldiariodetucuman.com\/web\/?s={search_term_string}"},"query-input":{"@type":"PropertyValueSpecification","valueRequired":true,"valueName":"search_term_string"}}],"inLanguage":"es"},{"@type":"Organization","@id":"https:\/\/www.eldiariodetucuman.com\/web\/#organization","name":"El Diario de Tucuman","url":"https:\/\/www.eldiariodetucuman.com\/web\/","logo":{"@type":"ImageObject","inLanguage":"es","@id":"https:\/\/www.eldiariodetucuman.com\/web\/#\/schema\/logo\/image\/","url":"http:\/\/www.eldiariodetucuman.com\/web\/wp-content\/uploads\/2017\/12\/el-diario-de-tucuman.jpg","contentUrl":"http:\/\/www.eldiariodetucuman.com\/web\/wp-content\/uploads\/2017\/12\/el-diario-de-tucuman.jpg","width":272,"height":92,"caption":"El Diario de Tucuman"},"image":{"@id":"https:\/\/www.eldiariodetucuman.com\/web\/#\/schema\/logo\/image\/"}},{"@type":"Person","@id":"https:\/\/www.eldiariodetucuman.com\/web\/#\/schema\/person\/9250197d75ab5483412e19678b121caa","name":"admin","image":{"@type":"ImageObject","inLanguage":"es","@id":"https:\/\/secure.gravatar.com\/avatar\/c44d117c2be811212c22cb481f6b8384b6873de103fbc49e7a03cc58d7dea4ac?s=96&d=mm&r=g","url":"https:\/\/secure.gravatar.com\/avatar\/c44d117c2be811212c22cb481f6b8384b6873de103fbc49e7a03cc58d7dea4ac?s=96&d=mm&r=g","contentUrl":"https:\/\/secure.gravatar.com\/avatar\/c44d117c2be811212c22cb481f6b8384b6873de103fbc49e7a03cc58d7dea4ac?s=96&d=mm&r=g","caption":"admin"},"url":"https:\/\/www.eldiariodetucuman.com\/web\/author\/admin\/"}]}},"_links":{"self":[{"href":"https:\/\/www.eldiariodetucuman.com\/web\/wp-json\/wp\/v2\/posts\/45217","targetHints":{"allow":["GET"]}}],"collection":[{"href":"https:\/\/www.eldiariodetucuman.com\/web\/wp-json\/wp\/v2\/posts"}],"about":[{"href":"https:\/\/www.eldiariodetucuman.com\/web\/wp-json\/wp\/v2\/types\/post"}],"author":[{"embeddable":true,"href":"https:\/\/www.eldiariodetucuman.com\/web\/wp-json\/wp\/v2\/users\/1"}],"replies":[{"embeddable":true,"href":"https:\/\/www.eldiariodetucuman.com\/web\/wp-json\/wp\/v2\/comments?post=45217"}],"version-history":[{"count":0,"href":"https:\/\/www.eldiariodetucuman.com\/web\/wp-json\/wp\/v2\/posts\/45217\/revisions"}],"wp:featuredmedia":[{"embeddable":true,"href":"https:\/\/www.eldiariodetucuman.com\/web\/wp-json\/wp\/v2\/media\/45218"}],"wp:attachment":[{"href":"https:\/\/www.eldiariodetucuman.com\/web\/wp-json\/wp\/v2\/media?parent=45217"}],"wp:term":[{"taxonomy":"category","embeddable":true,"href":"https:\/\/www.eldiariodetucuman.com\/web\/wp-json\/wp\/v2\/categories?post=45217"},{"taxonomy":"post_tag","embeddable":true,"href":"https:\/\/www.eldiariodetucuman.com\/web\/wp-json\/wp\/v2\/tags?post=45217"}],"curies":[{"name":"wp","href":"https:\/\/api.w.org\/{rel}","templated":true}]}}