{"id":45215,"date":"2025-07-30T14:14:39","date_gmt":"2025-07-30T17:14:39","guid":{"rendered":"https:\/\/www.eldiariodetucuman.com\/web\/luz-agua-gas-alquileres-transporte-y-prepagas-todos-los-aumentos-que-se-vienen-en-agosto\/"},"modified":"2025-07-30T14:14:39","modified_gmt":"2025-07-30T17:14:39","slug":"luz-agua-gas-alquileres-transporte-y-prepagas-todos-los-aumentos-que-se-vienen-en-agosto","status":"publish","type":"post","link":"https:\/\/www.eldiariodetucuman.com\/web\/luz-agua-gas-alquileres-transporte-y-prepagas-todos-los-aumentos-que-se-vienen-en-agosto\/","title":{"rendered":"Luz, agua, gas, alquileres, transporte y prepagas: todos los aumentos que se vienen en agosto"},"content":{"rendered":"<p><\/p>\n<p>Los servicios continuar\u00e1n su camino al alza en el pr\u00f3ximo mes. Uno por uno los incrementos confirmados.<\/p>\n<p>En la previa del\u00a0<strong>octavo<\/strong>\u00a0mes del a\u00f1o, los consumidores se preparan para otra\u00a0<strong>ronda de aumentos<\/strong>. As\u00ed, el transporte p\u00fablico, los servicios de<strong>\u00a0luz, gas\u00a0y agua, la medicina prepaga y los contratos de alquiler\u00a0<\/strong>aparecen como los principales rubros que sufrir\u00e1n incrementos. A continuaci\u00f3n, un repaso caso por caso.<\/p>\n<p>Desde el 1\u00b0 de agosto, el boleto de\u00a0<strong>subte<\/strong>\u00a0trepar\u00e1\u00a0<strong>de $996 a $1.032<\/strong>. El ajuste se debe a la f\u00f3rmula autom\u00e1tica que indexa por el<strong>\u00a0IPC nacional\u00a0<\/strong>y suma un adicional de\u00a0<strong>2% mensual.\u00a0<\/strong>Por eso, en esta oportunidad la suba ser\u00e1 del 3,6%.<\/p>\n<p>Por su parte, el boleto de los colectivos que atraviesan la Ciudad Aut\u00f3noma de Buenos Aires<strong>\u00a0subir\u00e1 a $506,29<\/strong>, mientras que las l\u00edneas provinciales del\u00a0<strong>conurbano<\/strong>\u00a0tocar\u00e1n los\u00a0<strong>$509,19<\/strong>. Al mismo tiempo, las 100 l\u00edneas de jurisdicci\u00f3n nacional mantendr\u00e1n, por ahora,\u00a0<strong>la tarifa m\u00ednima de $451\u00a0<\/strong>que rige desde el 16 de julio.<\/p>\n<p>Para agosto, la Secretar\u00eda de Energ\u00eda estima una\u00a0<strong>nueva correcci\u00f3n promedio de 2%<\/strong>\u00a0en las facturas el\u00e9ctricas residenciales del AMBA, mientras que en gas natural los cuadros tarifarios avalados por ENARGAS anticipan otra suba de\u00a0<strong>entre 2,6% y 2,8%<\/strong>, seg\u00fan categor\u00eda y zona.<\/p>\n<p>El servicio de Agua y Saneamiento Argentinos (AySA) ajusta su tarifa de forma mensual mediante el coeficiente K. Para agosto, la empresa inform\u00f3 un\u00a0<strong>incremento tope de 1% sobre la boleta de julio.<\/strong><\/p>\n<p>Tras conocerse la inflaci\u00f3n de junio, que seg\u00fan el INDEC fue del 1,6%, las principales prepagas comunicaron aumentos que ir\u00e1n del\u00a0<strong>1,3% al 1,95% en agosto<\/strong>. Swiss Medical aplicar\u00e1 entre 1,3% y 1,9%, OSDE 1,93%, Galeno 1,95%, Hospital Italiano y Sancor 1,6%.<\/p>\n<p>Los contratos firmados bajo\u00a0<strong>la vieja ley sufrir\u00e1n en agosto una actualizaci\u00f3n anual de 121,6%\u00a0<\/strong>seg\u00fan el \u00cdndice para Contratos de Locaci\u00f3n (ICL) que publica el BCRA: por ejemplo, un alquiler de $100.000 saltar\u00e1 a $221.600. Para los acuerdos regidos por la nueva ley, generalmente con actualizaciones semestrales, el IPC acumulado implica una suba aproximada de 73%.<\/p>\n<p>\u00e1mbito<\/p>\n<p>Fuente: <a href=\"https:\/\/tucuman24.com\/nota\/186957\/luz-agua-gas-alquileres-transporte-y-prepagas-todos-los-aumentos-que-se-vienen-en-agosto.html\"> Fuente de la nota <\/a><\/p>\n","protected":false},"excerpt":{"rendered":"<p>Los servicios continuar\u00e1n su camino al alza en el pr\u00f3ximo mes. Uno por uno los incrementos confirmados. En la previa del\u00a0octavo\u00a0mes del a\u00f1o, los consumidores se preparan para otra\u00a0ronda de aumentos. As\u00ed, el transporte p\u00fablico, los servicios de\u00a0luz, gas\u00a0y agua, la medicina prepaga y los contratos de alquiler\u00a0aparecen como los principales rubros que sufrir\u00e1n incrementos. [&hellip;]<\/p>\n","protected":false},"author":1,"featured_media":45216,"comment_status":"closed","ping_status":"open","sticky":false,"template":"","format":"standard","meta":{"footnotes":""},"categories":[2],"tags":[],"class_list":{"0":"post-45215","1":"post","2":"type-post","3":"status-publish","4":"format-standard","5":"has-post-thumbnail","7":"category-actualidad"},"yoast_head":"<!-- This site is optimized with the Yoast SEO plugin v27.4 - https:\/\/yoast.com\/product\/yoast-seo-wordpress\/ -->\n<title>Luz, agua, gas, alquileres, transporte y prepagas: todos los aumentos que se vienen en agosto - El Diario de Tucuman<\/title>\n<meta name=\"robots\" content=\"index, follow, max-snippet:-1, max-image-preview:large, max-video-preview:-1\" \/>\n<link rel=\"canonical\" href=\"https:\/\/www.eldiariodetucuman.com\/web\/luz-agua-gas-alquileres-transporte-y-prepagas-todos-los-aumentos-que-se-vienen-en-agosto\/\" \/>\n<meta property=\"og:locale\" content=\"es_ES\" \/>\n<meta property=\"og:type\" content=\"article\" \/>\n<meta property=\"og:title\" content=\"Luz, agua, gas, alquileres, transporte y prepagas: todos los aumentos que se vienen en agosto - El Diario de Tucuman\" \/>\n<meta property=\"og:description\" content=\"Los servicios continuar\u00e1n su camino al alza en el pr\u00f3ximo mes. Uno por uno los incrementos confirmados. En la previa del\u00a0octavo\u00a0mes del a\u00f1o, los consumidores se preparan para otra\u00a0ronda de aumentos. As\u00ed, el transporte p\u00fablico, los servicios de\u00a0luz, gas\u00a0y agua, la medicina prepaga y los contratos de alquiler\u00a0aparecen como los principales rubros que sufrir\u00e1n incrementos. [&hellip;]\" \/>\n<meta property=\"og:url\" content=\"https:\/\/www.eldiariodetucuman.com\/web\/luz-agua-gas-alquileres-transporte-y-prepagas-todos-los-aumentos-que-se-vienen-en-agosto\/\" \/>\n<meta property=\"og:site_name\" content=\"El Diario de Tucuman\" \/>\n<meta property=\"article:published_time\" content=\"2025-07-30T17:14:39+00:00\" \/>\n<meta name=\"author\" content=\"admin\" \/>\n<meta name=\"twitter:card\" content=\"summary_large_image\" \/>\n<meta name=\"twitter:label1\" content=\"Escrito por\" \/>\n\t<meta name=\"twitter:data1\" content=\"admin\" \/>\n\t<meta name=\"twitter:label2\" content=\"Tiempo de lectura\" \/>\n\t<meta name=\"twitter:data2\" content=\"2 minutos\" \/>\n<script type=\"application\/ld+json\" class=\"yoast-schema-graph\">{\"@context\":\"https:\\\/\\\/schema.org\",\"@graph\":[{\"@type\":\"Article\",\"@id\":\"https:\\\/\\\/www.eldiariodetucuman.com\\\/web\\\/luz-agua-gas-alquileres-transporte-y-prepagas-todos-los-aumentos-que-se-vienen-en-agosto\\\/#article\",\"isPartOf\":{\"@id\":\"https:\\\/\\\/www.eldiariodetucuman.com\\\/web\\\/luz-agua-gas-alquileres-transporte-y-prepagas-todos-los-aumentos-que-se-vienen-en-agosto\\\/\"},\"author\":{\"name\":\"admin\",\"@id\":\"https:\\\/\\\/www.eldiariodetucuman.com\\\/web\\\/#\\\/schema\\\/person\\\/9250197d75ab5483412e19678b121caa\"},\"headline\":\"Luz, agua, gas, alquileres, transporte y prepagas: todos los aumentos que se vienen en agosto\",\"datePublished\":\"2025-07-30T17:14:39+00:00\",\"mainEntityOfPage\":{\"@id\":\"https:\\\/\\\/www.eldiariodetucuman.com\\\/web\\\/luz-agua-gas-alquileres-transporte-y-prepagas-todos-los-aumentos-que-se-vienen-en-agosto\\\/\"},\"wordCount\":364,\"publisher\":{\"@id\":\"https:\\\/\\\/www.eldiariodetucuman.com\\\/web\\\/#organization\"},\"image\":{\"@id\":\"https:\\\/\\\/www.eldiariodetucuman.com\\\/web\\\/luz-agua-gas-alquileres-transporte-y-prepagas-todos-los-aumentos-que-se-vienen-en-agosto\\\/#primaryimage\"},\"thumbnailUrl\":\"https:\\\/\\\/www.eldiariodetucuman.com\\\/web\\\/wp-content\\\/uploads\\\/2025\\\/07\\\/Luz-agua-gas-alquileres-transporte-y-prepagas-todos-los-aumentos.jpg\",\"articleSection\":[\"Actualidad\"],\"inLanguage\":\"es\"},{\"@type\":\"WebPage\",\"@id\":\"https:\\\/\\\/www.eldiariodetucuman.com\\\/web\\\/luz-agua-gas-alquileres-transporte-y-prepagas-todos-los-aumentos-que-se-vienen-en-agosto\\\/\",\"url\":\"https:\\\/\\\/www.eldiariodetucuman.com\\\/web\\\/luz-agua-gas-alquileres-transporte-y-prepagas-todos-los-aumentos-que-se-vienen-en-agosto\\\/\",\"name\":\"Luz, agua, gas, alquileres, transporte y prepagas: todos los aumentos que se vienen en agosto - El Diario de Tucuman\",\"isPartOf\":{\"@id\":\"https:\\\/\\\/www.eldiariodetucuman.com\\\/web\\\/#website\"},\"primaryImageOfPage\":{\"@id\":\"https:\\\/\\\/www.eldiariodetucuman.com\\\/web\\\/luz-agua-gas-alquileres-transporte-y-prepagas-todos-los-aumentos-que-se-vienen-en-agosto\\\/#primaryimage\"},\"image\":{\"@id\":\"https:\\\/\\\/www.eldiariodetucuman.com\\\/web\\\/luz-agua-gas-alquileres-transporte-y-prepagas-todos-los-aumentos-que-se-vienen-en-agosto\\\/#primaryimage\"},\"thumbnailUrl\":\"https:\\\/\\\/www.eldiariodetucuman.com\\\/web\\\/wp-content\\\/uploads\\\/2025\\\/07\\\/Luz-agua-gas-alquileres-transporte-y-prepagas-todos-los-aumentos.jpg\",\"datePublished\":\"2025-07-30T17:14:39+00:00\",\"breadcrumb\":{\"@id\":\"https:\\\/\\\/www.eldiariodetucuman.com\\\/web\\\/luz-agua-gas-alquileres-transporte-y-prepagas-todos-los-aumentos-que-se-vienen-en-agosto\\\/#breadcrumb\"},\"inLanguage\":\"es\",\"potentialAction\":[{\"@type\":\"ReadAction\",\"target\":[\"https:\\\/\\\/www.eldiariodetucuman.com\\\/web\\\/luz-agua-gas-alquileres-transporte-y-prepagas-todos-los-aumentos-que-se-vienen-en-agosto\\\/\"]}]},{\"@type\":\"ImageObject\",\"inLanguage\":\"es\",\"@id\":\"https:\\\/\\\/www.eldiariodetucuman.com\\\/web\\\/luz-agua-gas-alquileres-transporte-y-prepagas-todos-los-aumentos-que-se-vienen-en-agosto\\\/#primaryimage\",\"url\":\"https:\\\/\\\/www.eldiariodetucuman.com\\\/web\\\/wp-content\\\/uploads\\\/2025\\\/07\\\/Luz-agua-gas-alquileres-transporte-y-prepagas-todos-los-aumentos.jpg\",\"contentUrl\":\"https:\\\/\\\/www.eldiariodetucuman.com\\\/web\\\/wp-content\\\/uploads\\\/2025\\\/07\\\/Luz-agua-gas-alquileres-transporte-y-prepagas-todos-los-aumentos.jpg\",\"width\":1024,\"height\":614},{\"@type\":\"BreadcrumbList\",\"@id\":\"https:\\\/\\\/www.eldiariodetucuman.com\\\/web\\\/luz-agua-gas-alquileres-transporte-y-prepagas-todos-los-aumentos-que-se-vienen-en-agosto\\\/#breadcrumb\",\"itemListElement\":[{\"@type\":\"ListItem\",\"position\":1,\"name\":\"Portada\",\"item\":\"https:\\\/\\\/www.eldiariodetucuman.com\\\/web\\\/\"},{\"@type\":\"ListItem\",\"position\":2,\"name\":\"Luz, agua, gas, alquileres, transporte y prepagas: todos los aumentos que se vienen en agosto\"}]},{\"@type\":\"WebSite\",\"@id\":\"https:\\\/\\\/www.eldiariodetucuman.com\\\/web\\\/#website\",\"url\":\"https:\\\/\\\/www.eldiariodetucuman.com\\\/web\\\/\",\"name\":\"El Diario de Tucuman\",\"description\":\"Diario Tucuman - Informaci\u00f3n y noticias\",\"publisher\":{\"@id\":\"https:\\\/\\\/www.eldiariodetucuman.com\\\/web\\\/#organization\"},\"potentialAction\":[{\"@type\":\"SearchAction\",\"target\":{\"@type\":\"EntryPoint\",\"urlTemplate\":\"https:\\\/\\\/www.eldiariodetucuman.com\\\/web\\\/?s={search_term_string}\"},\"query-input\":{\"@type\":\"PropertyValueSpecification\",\"valueRequired\":true,\"valueName\":\"search_term_string\"}}],\"inLanguage\":\"es\"},{\"@type\":\"Organization\",\"@id\":\"https:\\\/\\\/www.eldiariodetucuman.com\\\/web\\\/#organization\",\"name\":\"El Diario de Tucuman\",\"url\":\"https:\\\/\\\/www.eldiariodetucuman.com\\\/web\\\/\",\"logo\":{\"@type\":\"ImageObject\",\"inLanguage\":\"es\",\"@id\":\"https:\\\/\\\/www.eldiariodetucuman.com\\\/web\\\/#\\\/schema\\\/logo\\\/image\\\/\",\"url\":\"http:\\\/\\\/www.eldiariodetucuman.com\\\/web\\\/wp-content\\\/uploads\\\/2017\\\/12\\\/el-diario-de-tucuman.jpg\",\"contentUrl\":\"http:\\\/\\\/www.eldiariodetucuman.com\\\/web\\\/wp-content\\\/uploads\\\/2017\\\/12\\\/el-diario-de-tucuman.jpg\",\"width\":272,\"height\":92,\"caption\":\"El Diario de Tucuman\"},\"image\":{\"@id\":\"https:\\\/\\\/www.eldiariodetucuman.com\\\/web\\\/#\\\/schema\\\/logo\\\/image\\\/\"}},{\"@type\":\"Person\",\"@id\":\"https:\\\/\\\/www.eldiariodetucuman.com\\\/web\\\/#\\\/schema\\\/person\\\/9250197d75ab5483412e19678b121caa\",\"name\":\"admin\",\"image\":{\"@type\":\"ImageObject\",\"inLanguage\":\"es\",\"@id\":\"https:\\\/\\\/secure.gravatar.com\\\/avatar\\\/c44d117c2be811212c22cb481f6b8384b6873de103fbc49e7a03cc58d7dea4ac?s=96&d=mm&r=g\",\"url\":\"https:\\\/\\\/secure.gravatar.com\\\/avatar\\\/c44d117c2be811212c22cb481f6b8384b6873de103fbc49e7a03cc58d7dea4ac?s=96&d=mm&r=g\",\"contentUrl\":\"https:\\\/\\\/secure.gravatar.com\\\/avatar\\\/c44d117c2be811212c22cb481f6b8384b6873de103fbc49e7a03cc58d7dea4ac?s=96&d=mm&r=g\",\"caption\":\"admin\"},\"url\":\"https:\\\/\\\/www.eldiariodetucuman.com\\\/web\\\/author\\\/admin\\\/\"}]}<\/script>\n<!-- \/ Yoast SEO plugin. -->","yoast_head_json":{"title":"Luz, agua, gas, alquileres, transporte y prepagas: todos los aumentos que se vienen en agosto - El Diario de Tucuman","robots":{"index":"index","follow":"follow","max-snippet":"max-snippet:-1","max-image-preview":"max-image-preview:large","max-video-preview":"max-video-preview:-1"},"canonical":"https:\/\/www.eldiariodetucuman.com\/web\/luz-agua-gas-alquileres-transporte-y-prepagas-todos-los-aumentos-que-se-vienen-en-agosto\/","og_locale":"es_ES","og_type":"article","og_title":"Luz, agua, gas, alquileres, transporte y prepagas: todos los aumentos que se vienen en agosto - El Diario de Tucuman","og_description":"Los servicios continuar\u00e1n su camino al alza en el pr\u00f3ximo mes. Uno por uno los incrementos confirmados. En la previa del\u00a0octavo\u00a0mes del a\u00f1o, los consumidores se preparan para otra\u00a0ronda de aumentos. As\u00ed, el transporte p\u00fablico, los servicios de\u00a0luz, gas\u00a0y agua, la medicina prepaga y los contratos de alquiler\u00a0aparecen como los principales rubros que sufrir\u00e1n incrementos. [&hellip;]","og_url":"https:\/\/www.eldiariodetucuman.com\/web\/luz-agua-gas-alquileres-transporte-y-prepagas-todos-los-aumentos-que-se-vienen-en-agosto\/","og_site_name":"El Diario de Tucuman","article_published_time":"2025-07-30T17:14:39+00:00","author":"admin","twitter_card":"summary_large_image","twitter_misc":{"Escrito por":"admin","Tiempo de lectura":"2 minutos"},"schema":{"@context":"https:\/\/schema.org","@graph":[{"@type":"Article","@id":"https:\/\/www.eldiariodetucuman.com\/web\/luz-agua-gas-alquileres-transporte-y-prepagas-todos-los-aumentos-que-se-vienen-en-agosto\/#article","isPartOf":{"@id":"https:\/\/www.eldiariodetucuman.com\/web\/luz-agua-gas-alquileres-transporte-y-prepagas-todos-los-aumentos-que-se-vienen-en-agosto\/"},"author":{"name":"admin","@id":"https:\/\/www.eldiariodetucuman.com\/web\/#\/schema\/person\/9250197d75ab5483412e19678b121caa"},"headline":"Luz, agua, gas, alquileres, transporte y prepagas: todos los aumentos que se vienen en agosto","datePublished":"2025-07-30T17:14:39+00:00","mainEntityOfPage":{"@id":"https:\/\/www.eldiariodetucuman.com\/web\/luz-agua-gas-alquileres-transporte-y-prepagas-todos-los-aumentos-que-se-vienen-en-agosto\/"},"wordCount":364,"publisher":{"@id":"https:\/\/www.eldiariodetucuman.com\/web\/#organization"},"image":{"@id":"https:\/\/www.eldiariodetucuman.com\/web\/luz-agua-gas-alquileres-transporte-y-prepagas-todos-los-aumentos-que-se-vienen-en-agosto\/#primaryimage"},"thumbnailUrl":"https:\/\/www.eldiariodetucuman.com\/web\/wp-content\/uploads\/2025\/07\/Luz-agua-gas-alquileres-transporte-y-prepagas-todos-los-aumentos.jpg","articleSection":["Actualidad"],"inLanguage":"es"},{"@type":"WebPage","@id":"https:\/\/www.eldiariodetucuman.com\/web\/luz-agua-gas-alquileres-transporte-y-prepagas-todos-los-aumentos-que-se-vienen-en-agosto\/","url":"https:\/\/www.eldiariodetucuman.com\/web\/luz-agua-gas-alquileres-transporte-y-prepagas-todos-los-aumentos-que-se-vienen-en-agosto\/","name":"Luz, agua, gas, alquileres, transporte y prepagas: todos los aumentos que se vienen en agosto - El Diario de Tucuman","isPartOf":{"@id":"https:\/\/www.eldiariodetucuman.com\/web\/#website"},"primaryImageOfPage":{"@id":"https:\/\/www.eldiariodetucuman.com\/web\/luz-agua-gas-alquileres-transporte-y-prepagas-todos-los-aumentos-que-se-vienen-en-agosto\/#primaryimage"},"image":{"@id":"https:\/\/www.eldiariodetucuman.com\/web\/luz-agua-gas-alquileres-transporte-y-prepagas-todos-los-aumentos-que-se-vienen-en-agosto\/#primaryimage"},"thumbnailUrl":"https:\/\/www.eldiariodetucuman.com\/web\/wp-content\/uploads\/2025\/07\/Luz-agua-gas-alquileres-transporte-y-prepagas-todos-los-aumentos.jpg","datePublished":"2025-07-30T17:14:39+00:00","breadcrumb":{"@id":"https:\/\/www.eldiariodetucuman.com\/web\/luz-agua-gas-alquileres-transporte-y-prepagas-todos-los-aumentos-que-se-vienen-en-agosto\/#breadcrumb"},"inLanguage":"es","potentialAction":[{"@type":"ReadAction","target":["https:\/\/www.eldiariodetucuman.com\/web\/luz-agua-gas-alquileres-transporte-y-prepagas-todos-los-aumentos-que-se-vienen-en-agosto\/"]}]},{"@type":"ImageObject","inLanguage":"es","@id":"https:\/\/www.eldiariodetucuman.com\/web\/luz-agua-gas-alquileres-transporte-y-prepagas-todos-los-aumentos-que-se-vienen-en-agosto\/#primaryimage","url":"https:\/\/www.eldiariodetucuman.com\/web\/wp-content\/uploads\/2025\/07\/Luz-agua-gas-alquileres-transporte-y-prepagas-todos-los-aumentos.jpg","contentUrl":"https:\/\/www.eldiariodetucuman.com\/web\/wp-content\/uploads\/2025\/07\/Luz-agua-gas-alquileres-transporte-y-prepagas-todos-los-aumentos.jpg","width":1024,"height":614},{"@type":"BreadcrumbList","@id":"https:\/\/www.eldiariodetucuman.com\/web\/luz-agua-gas-alquileres-transporte-y-prepagas-todos-los-aumentos-que-se-vienen-en-agosto\/#breadcrumb","itemListElement":[{"@type":"ListItem","position":1,"name":"Portada","item":"https:\/\/www.eldiariodetucuman.com\/web\/"},{"@type":"ListItem","position":2,"name":"Luz, agua, gas, alquileres, transporte y prepagas: todos los aumentos que se vienen en agosto"}]},{"@type":"WebSite","@id":"https:\/\/www.eldiariodetucuman.com\/web\/#website","url":"https:\/\/www.eldiariodetucuman.com\/web\/","name":"El Diario de Tucuman","description":"Diario Tucuman - Informaci\u00f3n y noticias","publisher":{"@id":"https:\/\/www.eldiariodetucuman.com\/web\/#organization"},"potentialAction":[{"@type":"SearchAction","target":{"@type":"EntryPoint","urlTemplate":"https:\/\/www.eldiariodetucuman.com\/web\/?s={search_term_string}"},"query-input":{"@type":"PropertyValueSpecification","valueRequired":true,"valueName":"search_term_string"}}],"inLanguage":"es"},{"@type":"Organization","@id":"https:\/\/www.eldiariodetucuman.com\/web\/#organization","name":"El Diario de Tucuman","url":"https:\/\/www.eldiariodetucuman.com\/web\/","logo":{"@type":"ImageObject","inLanguage":"es","@id":"https:\/\/www.eldiariodetucuman.com\/web\/#\/schema\/logo\/image\/","url":"http:\/\/www.eldiariodetucuman.com\/web\/wp-content\/uploads\/2017\/12\/el-diario-de-tucuman.jpg","contentUrl":"http:\/\/www.eldiariodetucuman.com\/web\/wp-content\/uploads\/2017\/12\/el-diario-de-tucuman.jpg","width":272,"height":92,"caption":"El Diario de Tucuman"},"image":{"@id":"https:\/\/www.eldiariodetucuman.com\/web\/#\/schema\/logo\/image\/"}},{"@type":"Person","@id":"https:\/\/www.eldiariodetucuman.com\/web\/#\/schema\/person\/9250197d75ab5483412e19678b121caa","name":"admin","image":{"@type":"ImageObject","inLanguage":"es","@id":"https:\/\/secure.gravatar.com\/avatar\/c44d117c2be811212c22cb481f6b8384b6873de103fbc49e7a03cc58d7dea4ac?s=96&d=mm&r=g","url":"https:\/\/secure.gravatar.com\/avatar\/c44d117c2be811212c22cb481f6b8384b6873de103fbc49e7a03cc58d7dea4ac?s=96&d=mm&r=g","contentUrl":"https:\/\/secure.gravatar.com\/avatar\/c44d117c2be811212c22cb481f6b8384b6873de103fbc49e7a03cc58d7dea4ac?s=96&d=mm&r=g","caption":"admin"},"url":"https:\/\/www.eldiariodetucuman.com\/web\/author\/admin\/"}]}},"_links":{"self":[{"href":"https:\/\/www.eldiariodetucuman.com\/web\/wp-json\/wp\/v2\/posts\/45215","targetHints":{"allow":["GET"]}}],"collection":[{"href":"https:\/\/www.eldiariodetucuman.com\/web\/wp-json\/wp\/v2\/posts"}],"about":[{"href":"https:\/\/www.eldiariodetucuman.com\/web\/wp-json\/wp\/v2\/types\/post"}],"author":[{"embeddable":true,"href":"https:\/\/www.eldiariodetucuman.com\/web\/wp-json\/wp\/v2\/users\/1"}],"replies":[{"embeddable":true,"href":"https:\/\/www.eldiariodetucuman.com\/web\/wp-json\/wp\/v2\/comments?post=45215"}],"version-history":[{"count":0,"href":"https:\/\/www.eldiariodetucuman.com\/web\/wp-json\/wp\/v2\/posts\/45215\/revisions"}],"wp:featuredmedia":[{"embeddable":true,"href":"https:\/\/www.eldiariodetucuman.com\/web\/wp-json\/wp\/v2\/media\/45216"}],"wp:attachment":[{"href":"https:\/\/www.eldiariodetucuman.com\/web\/wp-json\/wp\/v2\/media?parent=45215"}],"wp:term":[{"taxonomy":"category","embeddable":true,"href":"https:\/\/www.eldiariodetucuman.com\/web\/wp-json\/wp\/v2\/categories?post=45215"},{"taxonomy":"post_tag","embeddable":true,"href":"https:\/\/www.eldiariodetucuman.com\/web\/wp-json\/wp\/v2\/tags?post=45215"}],"curies":[{"name":"wp","href":"https:\/\/api.w.org\/{rel}","templated":true}]}}