{"id":45150,"date":"2025-07-24T14:04:10","date_gmt":"2025-07-24T17:04:10","guid":{"rendered":"https:\/\/www.eldiariodetucuman.com\/web\/una-mujer-prendio-fuego-la-casa-de-su-ex-suegra-con-sus-dos-hijos-adentro\/"},"modified":"2025-07-24T14:04:10","modified_gmt":"2025-07-24T17:04:10","slug":"una-mujer-prendio-fuego-la-casa-de-su-ex-suegra-con-sus-dos-hijos-adentro","status":"publish","type":"post","link":"https:\/\/www.eldiariodetucuman.com\/web\/una-mujer-prendio-fuego-la-casa-de-su-ex-suegra-con-sus-dos-hijos-adentro\/","title":{"rendered":"Una mujer prendi\u00f3 fuego la casa de su ex suegra con sus dos hijos adentro"},"content":{"rendered":"<p>    <\/p>\n<p>Seg\u00fan la acusaci\u00f3n, cerca del mediod\u00eda, una mujer estaba en su domicilio ubicado en Pr\u00f3spero Garc\u00eda al 1600, cuando se hizo presente su ex nuera con su pareja, \u201cChuch\u00fa\u201d. Con un cuchillo en la mano, la imputada comenz\u00f3 a decirle a la v\u00edctima que la iba a matar a ella y a sus hijos, y que iba a prender fuego su casa, como lo hizo con otro hijo que falleci\u00f3. Tras un forcejeo con la mujer, la pareja se retir\u00f3 del lugar. Ese mismo d\u00eda, alrededor de las 15:00 horas, mientras dos hijos de la v\u00edctima, de 7 y 13 a\u00f1os, se encontraban solos en el inmueble donde viven con su mam\u00e1, ambos acusados entraron sin autorizaci\u00f3n y prendieron fuego los colchones, acolchados y s\u00e1banas, con intenciones de da\u00f1ar la propiedad, poniendo en riesgo la vida de los menores.<\/p>\n<p>La mujer, lleg\u00f3 a su vivienda luego de ser alertada por los vecinos y, con ayuda de un psic\u00f3logo social y un polic\u00eda, lograron sacar a los ni\u00f1os del lugar que se incendiaba. La v\u00edctima pudo ver a los imputados a media cuadra, burl\u00e1ndose y ri\u00e9ndose, gritando \u201c\u00a1que arda todo!, todo lo que ten\u00e9s adentro va a arder\u201d. Hasta que llegaron dos efectivos en moto, los aprehendieron y secuestraron un cuchillo tipo carnicero que llevaba la acusada en su poder.<\/p>\n<p>A la c\u00e1rcel<\/p>\n<p>El auxiliar de fiscal Gonzalo Guerra le atribuy\u00f3 a la imputada ser presunta autora del delito de amenazas agravadas por el uso de armas, en tanto que a ambos les endilg\u00f3 el delito de incendio doloso en car\u00e1cter de coautores. Por otro lado, con el objetivo de resguardar el normal desarrollo de la investigaci\u00f3n, el representante del MPF pidi\u00f3 que se imponga la prisi\u00f3n preventiva por el plazo de 60 d\u00edas.<\/p>\n<p>Fuente: <a href=\"https:\/\/www.lv12.com.ar\/mujer\/una-mujer-prendio-fuego-la-casa-su-ex-suegra-sus-dos-hijos-adentro-n182620\"> Fuente de la nota <\/a><\/p>\n","protected":false},"excerpt":{"rendered":"<p>Seg\u00fan la acusaci\u00f3n, cerca del mediod\u00eda, una mujer estaba en su domicilio ubicado en Pr\u00f3spero Garc\u00eda al 1600, cuando se hizo presente su ex nuera con su pareja, \u201cChuch\u00fa\u201d. Con un cuchillo en la mano, la imputada comenz\u00f3 a decirle a la v\u00edctima que la iba a matar a ella y a sus hijos, y [&hellip;]<\/p>\n","protected":false},"author":1,"featured_media":45151,"comment_status":"closed","ping_status":"open","sticky":false,"template":"","format":"standard","meta":{"footnotes":""},"categories":[927],"tags":[],"class_list":{"0":"post-45150","1":"post","2":"type-post","3":"status-publish","4":"format-standard","5":"has-post-thumbnail","7":"category-policiales"},"yoast_head":"<!-- This site is optimized with the Yoast SEO plugin v27.4 - https:\/\/yoast.com\/product\/yoast-seo-wordpress\/ -->\n<title>Una mujer prendi\u00f3 fuego la casa de su ex suegra con sus dos hijos adentro - El Diario de Tucuman<\/title>\n<meta name=\"robots\" content=\"index, follow, max-snippet:-1, max-image-preview:large, max-video-preview:-1\" \/>\n<link rel=\"canonical\" href=\"https:\/\/www.eldiariodetucuman.com\/web\/una-mujer-prendio-fuego-la-casa-de-su-ex-suegra-con-sus-dos-hijos-adentro\/\" \/>\n<meta property=\"og:locale\" content=\"es_ES\" \/>\n<meta property=\"og:type\" content=\"article\" \/>\n<meta property=\"og:title\" content=\"Una mujer prendi\u00f3 fuego la casa de su ex suegra con sus dos hijos adentro - El Diario de Tucuman\" \/>\n<meta property=\"og:description\" content=\"Seg\u00fan la acusaci\u00f3n, cerca del mediod\u00eda, una mujer estaba en su domicilio ubicado en Pr\u00f3spero Garc\u00eda al 1600, cuando se hizo presente su ex nuera con su pareja, \u201cChuch\u00fa\u201d. Con un cuchillo en la mano, la imputada comenz\u00f3 a decirle a la v\u00edctima que la iba a matar a ella y a sus hijos, y [&hellip;]\" \/>\n<meta property=\"og:url\" content=\"https:\/\/www.eldiariodetucuman.com\/web\/una-mujer-prendio-fuego-la-casa-de-su-ex-suegra-con-sus-dos-hijos-adentro\/\" \/>\n<meta property=\"og:site_name\" content=\"El Diario de Tucuman\" \/>\n<meta property=\"article:published_time\" content=\"2025-07-24T17:04:10+00:00\" \/>\n<meta name=\"author\" content=\"admin\" \/>\n<meta name=\"twitter:card\" content=\"summary_large_image\" \/>\n<meta name=\"twitter:label1\" content=\"Escrito por\" \/>\n\t<meta name=\"twitter:data1\" content=\"admin\" \/>\n\t<meta name=\"twitter:label2\" content=\"Tiempo de lectura\" \/>\n\t<meta name=\"twitter:data2\" content=\"2 minutos\" \/>\n<script type=\"application\/ld+json\" class=\"yoast-schema-graph\">{\"@context\":\"https:\\\/\\\/schema.org\",\"@graph\":[{\"@type\":\"Article\",\"@id\":\"https:\\\/\\\/www.eldiariodetucuman.com\\\/web\\\/una-mujer-prendio-fuego-la-casa-de-su-ex-suegra-con-sus-dos-hijos-adentro\\\/#article\",\"isPartOf\":{\"@id\":\"https:\\\/\\\/www.eldiariodetucuman.com\\\/web\\\/una-mujer-prendio-fuego-la-casa-de-su-ex-suegra-con-sus-dos-hijos-adentro\\\/\"},\"author\":{\"name\":\"admin\",\"@id\":\"https:\\\/\\\/www.eldiariodetucuman.com\\\/web\\\/#\\\/schema\\\/person\\\/9250197d75ab5483412e19678b121caa\"},\"headline\":\"Una mujer prendi\u00f3 fuego la casa de su ex suegra con sus dos hijos adentro\",\"datePublished\":\"2025-07-24T17:04:10+00:00\",\"mainEntityOfPage\":{\"@id\":\"https:\\\/\\\/www.eldiariodetucuman.com\\\/web\\\/una-mujer-prendio-fuego-la-casa-de-su-ex-suegra-con-sus-dos-hijos-adentro\\\/\"},\"wordCount\":332,\"publisher\":{\"@id\":\"https:\\\/\\\/www.eldiariodetucuman.com\\\/web\\\/#organization\"},\"image\":{\"@id\":\"https:\\\/\\\/www.eldiariodetucuman.com\\\/web\\\/una-mujer-prendio-fuego-la-casa-de-su-ex-suegra-con-sus-dos-hijos-adentro\\\/#primaryimage\"},\"thumbnailUrl\":\"https:\\\/\\\/www.eldiariodetucuman.com\\\/web\\\/wp-content\\\/uploads\\\/2025\\\/07\\\/Una-mujer-prendio-fuego-la-casa-de-su-ex-suegra.png\",\"articleSection\":[\"Policiales\"],\"inLanguage\":\"es\"},{\"@type\":\"WebPage\",\"@id\":\"https:\\\/\\\/www.eldiariodetucuman.com\\\/web\\\/una-mujer-prendio-fuego-la-casa-de-su-ex-suegra-con-sus-dos-hijos-adentro\\\/\",\"url\":\"https:\\\/\\\/www.eldiariodetucuman.com\\\/web\\\/una-mujer-prendio-fuego-la-casa-de-su-ex-suegra-con-sus-dos-hijos-adentro\\\/\",\"name\":\"Una mujer prendi\u00f3 fuego la casa de su ex suegra con sus dos hijos adentro - El Diario de Tucuman\",\"isPartOf\":{\"@id\":\"https:\\\/\\\/www.eldiariodetucuman.com\\\/web\\\/#website\"},\"primaryImageOfPage\":{\"@id\":\"https:\\\/\\\/www.eldiariodetucuman.com\\\/web\\\/una-mujer-prendio-fuego-la-casa-de-su-ex-suegra-con-sus-dos-hijos-adentro\\\/#primaryimage\"},\"image\":{\"@id\":\"https:\\\/\\\/www.eldiariodetucuman.com\\\/web\\\/una-mujer-prendio-fuego-la-casa-de-su-ex-suegra-con-sus-dos-hijos-adentro\\\/#primaryimage\"},\"thumbnailUrl\":\"https:\\\/\\\/www.eldiariodetucuman.com\\\/web\\\/wp-content\\\/uploads\\\/2025\\\/07\\\/Una-mujer-prendio-fuego-la-casa-de-su-ex-suegra.png\",\"datePublished\":\"2025-07-24T17:04:10+00:00\",\"breadcrumb\":{\"@id\":\"https:\\\/\\\/www.eldiariodetucuman.com\\\/web\\\/una-mujer-prendio-fuego-la-casa-de-su-ex-suegra-con-sus-dos-hijos-adentro\\\/#breadcrumb\"},\"inLanguage\":\"es\",\"potentialAction\":[{\"@type\":\"ReadAction\",\"target\":[\"https:\\\/\\\/www.eldiariodetucuman.com\\\/web\\\/una-mujer-prendio-fuego-la-casa-de-su-ex-suegra-con-sus-dos-hijos-adentro\\\/\"]}]},{\"@type\":\"ImageObject\",\"inLanguage\":\"es\",\"@id\":\"https:\\\/\\\/www.eldiariodetucuman.com\\\/web\\\/una-mujer-prendio-fuego-la-casa-de-su-ex-suegra-con-sus-dos-hijos-adentro\\\/#primaryimage\",\"url\":\"https:\\\/\\\/www.eldiariodetucuman.com\\\/web\\\/wp-content\\\/uploads\\\/2025\\\/07\\\/Una-mujer-prendio-fuego-la-casa-de-su-ex-suegra.png\",\"contentUrl\":\"https:\\\/\\\/www.eldiariodetucuman.com\\\/web\\\/wp-content\\\/uploads\\\/2025\\\/07\\\/Una-mujer-prendio-fuego-la-casa-de-su-ex-suegra.png\",\"width\":1200,\"height\":675},{\"@type\":\"BreadcrumbList\",\"@id\":\"https:\\\/\\\/www.eldiariodetucuman.com\\\/web\\\/una-mujer-prendio-fuego-la-casa-de-su-ex-suegra-con-sus-dos-hijos-adentro\\\/#breadcrumb\",\"itemListElement\":[{\"@type\":\"ListItem\",\"position\":1,\"name\":\"Portada\",\"item\":\"https:\\\/\\\/www.eldiariodetucuman.com\\\/web\\\/\"},{\"@type\":\"ListItem\",\"position\":2,\"name\":\"Una mujer prendi\u00f3 fuego la casa de su ex suegra con sus dos hijos adentro\"}]},{\"@type\":\"WebSite\",\"@id\":\"https:\\\/\\\/www.eldiariodetucuman.com\\\/web\\\/#website\",\"url\":\"https:\\\/\\\/www.eldiariodetucuman.com\\\/web\\\/\",\"name\":\"El Diario de Tucuman\",\"description\":\"Diario Tucuman - Informaci\u00f3n y noticias\",\"publisher\":{\"@id\":\"https:\\\/\\\/www.eldiariodetucuman.com\\\/web\\\/#organization\"},\"potentialAction\":[{\"@type\":\"SearchAction\",\"target\":{\"@type\":\"EntryPoint\",\"urlTemplate\":\"https:\\\/\\\/www.eldiariodetucuman.com\\\/web\\\/?s={search_term_string}\"},\"query-input\":{\"@type\":\"PropertyValueSpecification\",\"valueRequired\":true,\"valueName\":\"search_term_string\"}}],\"inLanguage\":\"es\"},{\"@type\":\"Organization\",\"@id\":\"https:\\\/\\\/www.eldiariodetucuman.com\\\/web\\\/#organization\",\"name\":\"El Diario de Tucuman\",\"url\":\"https:\\\/\\\/www.eldiariodetucuman.com\\\/web\\\/\",\"logo\":{\"@type\":\"ImageObject\",\"inLanguage\":\"es\",\"@id\":\"https:\\\/\\\/www.eldiariodetucuman.com\\\/web\\\/#\\\/schema\\\/logo\\\/image\\\/\",\"url\":\"http:\\\/\\\/www.eldiariodetucuman.com\\\/web\\\/wp-content\\\/uploads\\\/2017\\\/12\\\/el-diario-de-tucuman.jpg\",\"contentUrl\":\"http:\\\/\\\/www.eldiariodetucuman.com\\\/web\\\/wp-content\\\/uploads\\\/2017\\\/12\\\/el-diario-de-tucuman.jpg\",\"width\":272,\"height\":92,\"caption\":\"El Diario de Tucuman\"},\"image\":{\"@id\":\"https:\\\/\\\/www.eldiariodetucuman.com\\\/web\\\/#\\\/schema\\\/logo\\\/image\\\/\"}},{\"@type\":\"Person\",\"@id\":\"https:\\\/\\\/www.eldiariodetucuman.com\\\/web\\\/#\\\/schema\\\/person\\\/9250197d75ab5483412e19678b121caa\",\"name\":\"admin\",\"image\":{\"@type\":\"ImageObject\",\"inLanguage\":\"es\",\"@id\":\"https:\\\/\\\/secure.gravatar.com\\\/avatar\\\/c44d117c2be811212c22cb481f6b8384b6873de103fbc49e7a03cc58d7dea4ac?s=96&d=mm&r=g\",\"url\":\"https:\\\/\\\/secure.gravatar.com\\\/avatar\\\/c44d117c2be811212c22cb481f6b8384b6873de103fbc49e7a03cc58d7dea4ac?s=96&d=mm&r=g\",\"contentUrl\":\"https:\\\/\\\/secure.gravatar.com\\\/avatar\\\/c44d117c2be811212c22cb481f6b8384b6873de103fbc49e7a03cc58d7dea4ac?s=96&d=mm&r=g\",\"caption\":\"admin\"},\"url\":\"https:\\\/\\\/www.eldiariodetucuman.com\\\/web\\\/author\\\/admin\\\/\"}]}<\/script>\n<!-- \/ Yoast SEO plugin. -->","yoast_head_json":{"title":"Una mujer prendi\u00f3 fuego la casa de su ex suegra con sus dos hijos adentro - El Diario de Tucuman","robots":{"index":"index","follow":"follow","max-snippet":"max-snippet:-1","max-image-preview":"max-image-preview:large","max-video-preview":"max-video-preview:-1"},"canonical":"https:\/\/www.eldiariodetucuman.com\/web\/una-mujer-prendio-fuego-la-casa-de-su-ex-suegra-con-sus-dos-hijos-adentro\/","og_locale":"es_ES","og_type":"article","og_title":"Una mujer prendi\u00f3 fuego la casa de su ex suegra con sus dos hijos adentro - El Diario de Tucuman","og_description":"Seg\u00fan la acusaci\u00f3n, cerca del mediod\u00eda, una mujer estaba en su domicilio ubicado en Pr\u00f3spero Garc\u00eda al 1600, cuando se hizo presente su ex nuera con su pareja, \u201cChuch\u00fa\u201d. Con un cuchillo en la mano, la imputada comenz\u00f3 a decirle a la v\u00edctima que la iba a matar a ella y a sus hijos, y [&hellip;]","og_url":"https:\/\/www.eldiariodetucuman.com\/web\/una-mujer-prendio-fuego-la-casa-de-su-ex-suegra-con-sus-dos-hijos-adentro\/","og_site_name":"El Diario de Tucuman","article_published_time":"2025-07-24T17:04:10+00:00","author":"admin","twitter_card":"summary_large_image","twitter_misc":{"Escrito por":"admin","Tiempo de lectura":"2 minutos"},"schema":{"@context":"https:\/\/schema.org","@graph":[{"@type":"Article","@id":"https:\/\/www.eldiariodetucuman.com\/web\/una-mujer-prendio-fuego-la-casa-de-su-ex-suegra-con-sus-dos-hijos-adentro\/#article","isPartOf":{"@id":"https:\/\/www.eldiariodetucuman.com\/web\/una-mujer-prendio-fuego-la-casa-de-su-ex-suegra-con-sus-dos-hijos-adentro\/"},"author":{"name":"admin","@id":"https:\/\/www.eldiariodetucuman.com\/web\/#\/schema\/person\/9250197d75ab5483412e19678b121caa"},"headline":"Una mujer prendi\u00f3 fuego la casa de su ex suegra con sus dos hijos adentro","datePublished":"2025-07-24T17:04:10+00:00","mainEntityOfPage":{"@id":"https:\/\/www.eldiariodetucuman.com\/web\/una-mujer-prendio-fuego-la-casa-de-su-ex-suegra-con-sus-dos-hijos-adentro\/"},"wordCount":332,"publisher":{"@id":"https:\/\/www.eldiariodetucuman.com\/web\/#organization"},"image":{"@id":"https:\/\/www.eldiariodetucuman.com\/web\/una-mujer-prendio-fuego-la-casa-de-su-ex-suegra-con-sus-dos-hijos-adentro\/#primaryimage"},"thumbnailUrl":"https:\/\/www.eldiariodetucuman.com\/web\/wp-content\/uploads\/2025\/07\/Una-mujer-prendio-fuego-la-casa-de-su-ex-suegra.png","articleSection":["Policiales"],"inLanguage":"es"},{"@type":"WebPage","@id":"https:\/\/www.eldiariodetucuman.com\/web\/una-mujer-prendio-fuego-la-casa-de-su-ex-suegra-con-sus-dos-hijos-adentro\/","url":"https:\/\/www.eldiariodetucuman.com\/web\/una-mujer-prendio-fuego-la-casa-de-su-ex-suegra-con-sus-dos-hijos-adentro\/","name":"Una mujer prendi\u00f3 fuego la casa de su ex suegra con sus dos hijos adentro - El Diario de Tucuman","isPartOf":{"@id":"https:\/\/www.eldiariodetucuman.com\/web\/#website"},"primaryImageOfPage":{"@id":"https:\/\/www.eldiariodetucuman.com\/web\/una-mujer-prendio-fuego-la-casa-de-su-ex-suegra-con-sus-dos-hijos-adentro\/#primaryimage"},"image":{"@id":"https:\/\/www.eldiariodetucuman.com\/web\/una-mujer-prendio-fuego-la-casa-de-su-ex-suegra-con-sus-dos-hijos-adentro\/#primaryimage"},"thumbnailUrl":"https:\/\/www.eldiariodetucuman.com\/web\/wp-content\/uploads\/2025\/07\/Una-mujer-prendio-fuego-la-casa-de-su-ex-suegra.png","datePublished":"2025-07-24T17:04:10+00:00","breadcrumb":{"@id":"https:\/\/www.eldiariodetucuman.com\/web\/una-mujer-prendio-fuego-la-casa-de-su-ex-suegra-con-sus-dos-hijos-adentro\/#breadcrumb"},"inLanguage":"es","potentialAction":[{"@type":"ReadAction","target":["https:\/\/www.eldiariodetucuman.com\/web\/una-mujer-prendio-fuego-la-casa-de-su-ex-suegra-con-sus-dos-hijos-adentro\/"]}]},{"@type":"ImageObject","inLanguage":"es","@id":"https:\/\/www.eldiariodetucuman.com\/web\/una-mujer-prendio-fuego-la-casa-de-su-ex-suegra-con-sus-dos-hijos-adentro\/#primaryimage","url":"https:\/\/www.eldiariodetucuman.com\/web\/wp-content\/uploads\/2025\/07\/Una-mujer-prendio-fuego-la-casa-de-su-ex-suegra.png","contentUrl":"https:\/\/www.eldiariodetucuman.com\/web\/wp-content\/uploads\/2025\/07\/Una-mujer-prendio-fuego-la-casa-de-su-ex-suegra.png","width":1200,"height":675},{"@type":"BreadcrumbList","@id":"https:\/\/www.eldiariodetucuman.com\/web\/una-mujer-prendio-fuego-la-casa-de-su-ex-suegra-con-sus-dos-hijos-adentro\/#breadcrumb","itemListElement":[{"@type":"ListItem","position":1,"name":"Portada","item":"https:\/\/www.eldiariodetucuman.com\/web\/"},{"@type":"ListItem","position":2,"name":"Una mujer prendi\u00f3 fuego la casa de su ex suegra con sus dos hijos adentro"}]},{"@type":"WebSite","@id":"https:\/\/www.eldiariodetucuman.com\/web\/#website","url":"https:\/\/www.eldiariodetucuman.com\/web\/","name":"El Diario de Tucuman","description":"Diario Tucuman - Informaci\u00f3n y noticias","publisher":{"@id":"https:\/\/www.eldiariodetucuman.com\/web\/#organization"},"potentialAction":[{"@type":"SearchAction","target":{"@type":"EntryPoint","urlTemplate":"https:\/\/www.eldiariodetucuman.com\/web\/?s={search_term_string}"},"query-input":{"@type":"PropertyValueSpecification","valueRequired":true,"valueName":"search_term_string"}}],"inLanguage":"es"},{"@type":"Organization","@id":"https:\/\/www.eldiariodetucuman.com\/web\/#organization","name":"El Diario de Tucuman","url":"https:\/\/www.eldiariodetucuman.com\/web\/","logo":{"@type":"ImageObject","inLanguage":"es","@id":"https:\/\/www.eldiariodetucuman.com\/web\/#\/schema\/logo\/image\/","url":"http:\/\/www.eldiariodetucuman.com\/web\/wp-content\/uploads\/2017\/12\/el-diario-de-tucuman.jpg","contentUrl":"http:\/\/www.eldiariodetucuman.com\/web\/wp-content\/uploads\/2017\/12\/el-diario-de-tucuman.jpg","width":272,"height":92,"caption":"El Diario de Tucuman"},"image":{"@id":"https:\/\/www.eldiariodetucuman.com\/web\/#\/schema\/logo\/image\/"}},{"@type":"Person","@id":"https:\/\/www.eldiariodetucuman.com\/web\/#\/schema\/person\/9250197d75ab5483412e19678b121caa","name":"admin","image":{"@type":"ImageObject","inLanguage":"es","@id":"https:\/\/secure.gravatar.com\/avatar\/c44d117c2be811212c22cb481f6b8384b6873de103fbc49e7a03cc58d7dea4ac?s=96&d=mm&r=g","url":"https:\/\/secure.gravatar.com\/avatar\/c44d117c2be811212c22cb481f6b8384b6873de103fbc49e7a03cc58d7dea4ac?s=96&d=mm&r=g","contentUrl":"https:\/\/secure.gravatar.com\/avatar\/c44d117c2be811212c22cb481f6b8384b6873de103fbc49e7a03cc58d7dea4ac?s=96&d=mm&r=g","caption":"admin"},"url":"https:\/\/www.eldiariodetucuman.com\/web\/author\/admin\/"}]}},"_links":{"self":[{"href":"https:\/\/www.eldiariodetucuman.com\/web\/wp-json\/wp\/v2\/posts\/45150","targetHints":{"allow":["GET"]}}],"collection":[{"href":"https:\/\/www.eldiariodetucuman.com\/web\/wp-json\/wp\/v2\/posts"}],"about":[{"href":"https:\/\/www.eldiariodetucuman.com\/web\/wp-json\/wp\/v2\/types\/post"}],"author":[{"embeddable":true,"href":"https:\/\/www.eldiariodetucuman.com\/web\/wp-json\/wp\/v2\/users\/1"}],"replies":[{"embeddable":true,"href":"https:\/\/www.eldiariodetucuman.com\/web\/wp-json\/wp\/v2\/comments?post=45150"}],"version-history":[{"count":0,"href":"https:\/\/www.eldiariodetucuman.com\/web\/wp-json\/wp\/v2\/posts\/45150\/revisions"}],"wp:featuredmedia":[{"embeddable":true,"href":"https:\/\/www.eldiariodetucuman.com\/web\/wp-json\/wp\/v2\/media\/45151"}],"wp:attachment":[{"href":"https:\/\/www.eldiariodetucuman.com\/web\/wp-json\/wp\/v2\/media?parent=45150"}],"wp:term":[{"taxonomy":"category","embeddable":true,"href":"https:\/\/www.eldiariodetucuman.com\/web\/wp-json\/wp\/v2\/categories?post=45150"},{"taxonomy":"post_tag","embeddable":true,"href":"https:\/\/www.eldiariodetucuman.com\/web\/wp-json\/wp\/v2\/tags?post=45150"}],"curies":[{"name":"wp","href":"https:\/\/api.w.org\/{rel}","templated":true}]}}