{"id":45137,"date":"2025-07-23T20:35:38","date_gmt":"2025-07-23T23:35:38","guid":{"rendered":"https:\/\/www.eldiariodetucuman.com\/web\/debut-y-despedida-para-baez-en-el-atp-250-de-kitzbuhel\/"},"modified":"2025-07-23T20:35:38","modified_gmt":"2025-07-23T23:35:38","slug":"debut-y-despedida-para-baez-en-el-atp-250-de-kitzbuhel","status":"publish","type":"post","link":"https:\/\/www.eldiariodetucuman.com\/web\/debut-y-despedida-para-baez-en-el-atp-250-de-kitzbuhel\/","title":{"rendered":"Debut y despedida para B\u00e1ez en el ATP 250 de Kitzb\u00fchel"},"content":{"rendered":"<p>  <\/p>\n<p> Cay\u00f3 por <strong>5-7, 6-3 y 7-5<\/strong> ante el alem\u00e1n <strong>Yannick Hanfmann<\/strong>, luego de <strong>2 horas y 42 minutos<\/strong> de juego.<\/p>\n<p>De esta manera, B\u00e1ez sigue con flojos resultados este a\u00f1o, donde perdi\u00f3 en sus debuts en <strong>10 de los \u00faltimos 13 torneos<\/strong> que disput\u00f3.<\/p>\n<p>Con esta derrota, B\u00e1ez seguir\u00e1 cayendo en el <strong>ranking ATP<\/strong> y ya peligra seriamente su continuidad en el <strong>top 50<\/strong>.<\/p>\n<p>Pese a la derrota de B\u00e1ez, a\u00fan no termina la actividad para los argentinos en el torneo austr\u00edaco, ya que <strong>Francisco Comesa\u00f1a<\/strong> (7\u00b0) se enfrenta con el franc\u00e9s <strong>Arthur Cazaux<\/strong>, mientras que m\u00e1s tarde <strong>Thiago Tirante<\/strong> ir\u00e1 por la sorpresa ante el kazajo <strong>Aleksandr Bublik<\/strong> (1\u00b0).<\/p>\n<p>  <strong> FUENTE:<\/strong> NA<br \/>\n<br \/>Fuente: <a href=\"https:\/\/www.lv12.com.ar\/atp\/debut-y-despedida-baez-el-atp-250-kitzbuhel-n182551\"> Fuente de la nota <\/a><\/p>\n","protected":false},"excerpt":{"rendered":"<p>Cay\u00f3 por 5-7, 6-3 y 7-5 ante el alem\u00e1n Yannick Hanfmann, luego de 2 horas y 42 minutos de juego. De esta manera, B\u00e1ez sigue con flojos resultados este a\u00f1o, donde perdi\u00f3 en sus debuts en 10 de los \u00faltimos 13 torneos que disput\u00f3. Con esta derrota, B\u00e1ez seguir\u00e1 cayendo en el ranking ATP y [&hellip;]<\/p>\n","protected":false},"author":1,"featured_media":45138,"comment_status":"closed","ping_status":"open","sticky":false,"template":"","format":"standard","meta":{"footnotes":""},"categories":[6],"tags":[],"class_list":{"0":"post-45137","1":"post","2":"type-post","3":"status-publish","4":"format-standard","5":"has-post-thumbnail","7":"category-deporte"},"yoast_head":"<!-- This site is optimized with the Yoast SEO plugin v27.4 - https:\/\/yoast.com\/product\/yoast-seo-wordpress\/ -->\n<title>Debut y despedida para B\u00e1ez en el ATP 250 de Kitzb\u00fchel - El Diario de Tucuman<\/title>\n<meta name=\"robots\" content=\"index, follow, max-snippet:-1, max-image-preview:large, max-video-preview:-1\" \/>\n<link rel=\"canonical\" href=\"https:\/\/www.eldiariodetucuman.com\/web\/debut-y-despedida-para-baez-en-el-atp-250-de-kitzbuhel\/\" \/>\n<meta property=\"og:locale\" content=\"es_ES\" \/>\n<meta property=\"og:type\" content=\"article\" \/>\n<meta property=\"og:title\" content=\"Debut y despedida para B\u00e1ez en el ATP 250 de Kitzb\u00fchel - El Diario de Tucuman\" \/>\n<meta property=\"og:description\" content=\"Cay\u00f3 por 5-7, 6-3 y 7-5 ante el alem\u00e1n Yannick Hanfmann, luego de 2 horas y 42 minutos de juego. De esta manera, B\u00e1ez sigue con flojos resultados este a\u00f1o, donde perdi\u00f3 en sus debuts en 10 de los \u00faltimos 13 torneos que disput\u00f3. Con esta derrota, B\u00e1ez seguir\u00e1 cayendo en el ranking ATP y [&hellip;]\" \/>\n<meta property=\"og:url\" content=\"https:\/\/www.eldiariodetucuman.com\/web\/debut-y-despedida-para-baez-en-el-atp-250-de-kitzbuhel\/\" \/>\n<meta property=\"og:site_name\" content=\"El Diario de Tucuman\" \/>\n<meta property=\"article:published_time\" content=\"2025-07-23T23:35:38+00:00\" \/>\n<meta name=\"author\" content=\"admin\" \/>\n<meta name=\"twitter:card\" content=\"summary_large_image\" \/>\n<meta name=\"twitter:label1\" content=\"Escrito por\" \/>\n\t<meta name=\"twitter:data1\" content=\"admin\" \/>\n\t<meta name=\"twitter:label2\" content=\"Tiempo de lectura\" \/>\n\t<meta name=\"twitter:data2\" content=\"1 minuto\" \/>\n<script type=\"application\/ld+json\" class=\"yoast-schema-graph\">{\"@context\":\"https:\\\/\\\/schema.org\",\"@graph\":[{\"@type\":\"Article\",\"@id\":\"https:\\\/\\\/www.eldiariodetucuman.com\\\/web\\\/debut-y-despedida-para-baez-en-el-atp-250-de-kitzbuhel\\\/#article\",\"isPartOf\":{\"@id\":\"https:\\\/\\\/www.eldiariodetucuman.com\\\/web\\\/debut-y-despedida-para-baez-en-el-atp-250-de-kitzbuhel\\\/\"},\"author\":{\"name\":\"admin\",\"@id\":\"https:\\\/\\\/www.eldiariodetucuman.com\\\/web\\\/#\\\/schema\\\/person\\\/9250197d75ab5483412e19678b121caa\"},\"headline\":\"Debut y despedida para B\u00e1ez en el ATP 250 de Kitzb\u00fchel\",\"datePublished\":\"2025-07-23T23:35:38+00:00\",\"mainEntityOfPage\":{\"@id\":\"https:\\\/\\\/www.eldiariodetucuman.com\\\/web\\\/debut-y-despedida-para-baez-en-el-atp-250-de-kitzbuhel\\\/\"},\"wordCount\":132,\"publisher\":{\"@id\":\"https:\\\/\\\/www.eldiariodetucuman.com\\\/web\\\/#organization\"},\"image\":{\"@id\":\"https:\\\/\\\/www.eldiariodetucuman.com\\\/web\\\/debut-y-despedida-para-baez-en-el-atp-250-de-kitzbuhel\\\/#primaryimage\"},\"thumbnailUrl\":\"https:\\\/\\\/www.eldiariodetucuman.com\\\/web\\\/wp-content\\\/uploads\\\/2025\\\/07\\\/Debut-y-despedida-para-Baez-en-el-ATP-250-de.png\",\"articleSection\":[\"Deporte\"],\"inLanguage\":\"es\"},{\"@type\":\"WebPage\",\"@id\":\"https:\\\/\\\/www.eldiariodetucuman.com\\\/web\\\/debut-y-despedida-para-baez-en-el-atp-250-de-kitzbuhel\\\/\",\"url\":\"https:\\\/\\\/www.eldiariodetucuman.com\\\/web\\\/debut-y-despedida-para-baez-en-el-atp-250-de-kitzbuhel\\\/\",\"name\":\"Debut y despedida para B\u00e1ez en el ATP 250 de Kitzb\u00fchel - El Diario de Tucuman\",\"isPartOf\":{\"@id\":\"https:\\\/\\\/www.eldiariodetucuman.com\\\/web\\\/#website\"},\"primaryImageOfPage\":{\"@id\":\"https:\\\/\\\/www.eldiariodetucuman.com\\\/web\\\/debut-y-despedida-para-baez-en-el-atp-250-de-kitzbuhel\\\/#primaryimage\"},\"image\":{\"@id\":\"https:\\\/\\\/www.eldiariodetucuman.com\\\/web\\\/debut-y-despedida-para-baez-en-el-atp-250-de-kitzbuhel\\\/#primaryimage\"},\"thumbnailUrl\":\"https:\\\/\\\/www.eldiariodetucuman.com\\\/web\\\/wp-content\\\/uploads\\\/2025\\\/07\\\/Debut-y-despedida-para-Baez-en-el-ATP-250-de.png\",\"datePublished\":\"2025-07-23T23:35:38+00:00\",\"breadcrumb\":{\"@id\":\"https:\\\/\\\/www.eldiariodetucuman.com\\\/web\\\/debut-y-despedida-para-baez-en-el-atp-250-de-kitzbuhel\\\/#breadcrumb\"},\"inLanguage\":\"es\",\"potentialAction\":[{\"@type\":\"ReadAction\",\"target\":[\"https:\\\/\\\/www.eldiariodetucuman.com\\\/web\\\/debut-y-despedida-para-baez-en-el-atp-250-de-kitzbuhel\\\/\"]}]},{\"@type\":\"ImageObject\",\"inLanguage\":\"es\",\"@id\":\"https:\\\/\\\/www.eldiariodetucuman.com\\\/web\\\/debut-y-despedida-para-baez-en-el-atp-250-de-kitzbuhel\\\/#primaryimage\",\"url\":\"https:\\\/\\\/www.eldiariodetucuman.com\\\/web\\\/wp-content\\\/uploads\\\/2025\\\/07\\\/Debut-y-despedida-para-Baez-en-el-ATP-250-de.png\",\"contentUrl\":\"https:\\\/\\\/www.eldiariodetucuman.com\\\/web\\\/wp-content\\\/uploads\\\/2025\\\/07\\\/Debut-y-despedida-para-Baez-en-el-ATP-250-de.png\",\"width\":1200,\"height\":675},{\"@type\":\"BreadcrumbList\",\"@id\":\"https:\\\/\\\/www.eldiariodetucuman.com\\\/web\\\/debut-y-despedida-para-baez-en-el-atp-250-de-kitzbuhel\\\/#breadcrumb\",\"itemListElement\":[{\"@type\":\"ListItem\",\"position\":1,\"name\":\"Portada\",\"item\":\"https:\\\/\\\/www.eldiariodetucuman.com\\\/web\\\/\"},{\"@type\":\"ListItem\",\"position\":2,\"name\":\"Debut y despedida para B\u00e1ez en el ATP 250 de Kitzb\u00fchel\"}]},{\"@type\":\"WebSite\",\"@id\":\"https:\\\/\\\/www.eldiariodetucuman.com\\\/web\\\/#website\",\"url\":\"https:\\\/\\\/www.eldiariodetucuman.com\\\/web\\\/\",\"name\":\"El Diario de Tucuman\",\"description\":\"Diario Tucuman - Informaci\u00f3n y noticias\",\"publisher\":{\"@id\":\"https:\\\/\\\/www.eldiariodetucuman.com\\\/web\\\/#organization\"},\"potentialAction\":[{\"@type\":\"SearchAction\",\"target\":{\"@type\":\"EntryPoint\",\"urlTemplate\":\"https:\\\/\\\/www.eldiariodetucuman.com\\\/web\\\/?s={search_term_string}\"},\"query-input\":{\"@type\":\"PropertyValueSpecification\",\"valueRequired\":true,\"valueName\":\"search_term_string\"}}],\"inLanguage\":\"es\"},{\"@type\":\"Organization\",\"@id\":\"https:\\\/\\\/www.eldiariodetucuman.com\\\/web\\\/#organization\",\"name\":\"El Diario de Tucuman\",\"url\":\"https:\\\/\\\/www.eldiariodetucuman.com\\\/web\\\/\",\"logo\":{\"@type\":\"ImageObject\",\"inLanguage\":\"es\",\"@id\":\"https:\\\/\\\/www.eldiariodetucuman.com\\\/web\\\/#\\\/schema\\\/logo\\\/image\\\/\",\"url\":\"http:\\\/\\\/www.eldiariodetucuman.com\\\/web\\\/wp-content\\\/uploads\\\/2017\\\/12\\\/el-diario-de-tucuman.jpg\",\"contentUrl\":\"http:\\\/\\\/www.eldiariodetucuman.com\\\/web\\\/wp-content\\\/uploads\\\/2017\\\/12\\\/el-diario-de-tucuman.jpg\",\"width\":272,\"height\":92,\"caption\":\"El Diario de Tucuman\"},\"image\":{\"@id\":\"https:\\\/\\\/www.eldiariodetucuman.com\\\/web\\\/#\\\/schema\\\/logo\\\/image\\\/\"}},{\"@type\":\"Person\",\"@id\":\"https:\\\/\\\/www.eldiariodetucuman.com\\\/web\\\/#\\\/schema\\\/person\\\/9250197d75ab5483412e19678b121caa\",\"name\":\"admin\",\"image\":{\"@type\":\"ImageObject\",\"inLanguage\":\"es\",\"@id\":\"https:\\\/\\\/secure.gravatar.com\\\/avatar\\\/c44d117c2be811212c22cb481f6b8384b6873de103fbc49e7a03cc58d7dea4ac?s=96&d=mm&r=g\",\"url\":\"https:\\\/\\\/secure.gravatar.com\\\/avatar\\\/c44d117c2be811212c22cb481f6b8384b6873de103fbc49e7a03cc58d7dea4ac?s=96&d=mm&r=g\",\"contentUrl\":\"https:\\\/\\\/secure.gravatar.com\\\/avatar\\\/c44d117c2be811212c22cb481f6b8384b6873de103fbc49e7a03cc58d7dea4ac?s=96&d=mm&r=g\",\"caption\":\"admin\"},\"url\":\"https:\\\/\\\/www.eldiariodetucuman.com\\\/web\\\/author\\\/admin\\\/\"}]}<\/script>\n<!-- \/ Yoast SEO plugin. -->","yoast_head_json":{"title":"Debut y despedida para B\u00e1ez en el ATP 250 de Kitzb\u00fchel - El Diario de Tucuman","robots":{"index":"index","follow":"follow","max-snippet":"max-snippet:-1","max-image-preview":"max-image-preview:large","max-video-preview":"max-video-preview:-1"},"canonical":"https:\/\/www.eldiariodetucuman.com\/web\/debut-y-despedida-para-baez-en-el-atp-250-de-kitzbuhel\/","og_locale":"es_ES","og_type":"article","og_title":"Debut y despedida para B\u00e1ez en el ATP 250 de Kitzb\u00fchel - El Diario de Tucuman","og_description":"Cay\u00f3 por 5-7, 6-3 y 7-5 ante el alem\u00e1n Yannick Hanfmann, luego de 2 horas y 42 minutos de juego. De esta manera, B\u00e1ez sigue con flojos resultados este a\u00f1o, donde perdi\u00f3 en sus debuts en 10 de los \u00faltimos 13 torneos que disput\u00f3. Con esta derrota, B\u00e1ez seguir\u00e1 cayendo en el ranking ATP y [&hellip;]","og_url":"https:\/\/www.eldiariodetucuman.com\/web\/debut-y-despedida-para-baez-en-el-atp-250-de-kitzbuhel\/","og_site_name":"El Diario de Tucuman","article_published_time":"2025-07-23T23:35:38+00:00","author":"admin","twitter_card":"summary_large_image","twitter_misc":{"Escrito por":"admin","Tiempo de lectura":"1 minuto"},"schema":{"@context":"https:\/\/schema.org","@graph":[{"@type":"Article","@id":"https:\/\/www.eldiariodetucuman.com\/web\/debut-y-despedida-para-baez-en-el-atp-250-de-kitzbuhel\/#article","isPartOf":{"@id":"https:\/\/www.eldiariodetucuman.com\/web\/debut-y-despedida-para-baez-en-el-atp-250-de-kitzbuhel\/"},"author":{"name":"admin","@id":"https:\/\/www.eldiariodetucuman.com\/web\/#\/schema\/person\/9250197d75ab5483412e19678b121caa"},"headline":"Debut y despedida para B\u00e1ez en el ATP 250 de Kitzb\u00fchel","datePublished":"2025-07-23T23:35:38+00:00","mainEntityOfPage":{"@id":"https:\/\/www.eldiariodetucuman.com\/web\/debut-y-despedida-para-baez-en-el-atp-250-de-kitzbuhel\/"},"wordCount":132,"publisher":{"@id":"https:\/\/www.eldiariodetucuman.com\/web\/#organization"},"image":{"@id":"https:\/\/www.eldiariodetucuman.com\/web\/debut-y-despedida-para-baez-en-el-atp-250-de-kitzbuhel\/#primaryimage"},"thumbnailUrl":"https:\/\/www.eldiariodetucuman.com\/web\/wp-content\/uploads\/2025\/07\/Debut-y-despedida-para-Baez-en-el-ATP-250-de.png","articleSection":["Deporte"],"inLanguage":"es"},{"@type":"WebPage","@id":"https:\/\/www.eldiariodetucuman.com\/web\/debut-y-despedida-para-baez-en-el-atp-250-de-kitzbuhel\/","url":"https:\/\/www.eldiariodetucuman.com\/web\/debut-y-despedida-para-baez-en-el-atp-250-de-kitzbuhel\/","name":"Debut y despedida para B\u00e1ez en el ATP 250 de Kitzb\u00fchel - El Diario de Tucuman","isPartOf":{"@id":"https:\/\/www.eldiariodetucuman.com\/web\/#website"},"primaryImageOfPage":{"@id":"https:\/\/www.eldiariodetucuman.com\/web\/debut-y-despedida-para-baez-en-el-atp-250-de-kitzbuhel\/#primaryimage"},"image":{"@id":"https:\/\/www.eldiariodetucuman.com\/web\/debut-y-despedida-para-baez-en-el-atp-250-de-kitzbuhel\/#primaryimage"},"thumbnailUrl":"https:\/\/www.eldiariodetucuman.com\/web\/wp-content\/uploads\/2025\/07\/Debut-y-despedida-para-Baez-en-el-ATP-250-de.png","datePublished":"2025-07-23T23:35:38+00:00","breadcrumb":{"@id":"https:\/\/www.eldiariodetucuman.com\/web\/debut-y-despedida-para-baez-en-el-atp-250-de-kitzbuhel\/#breadcrumb"},"inLanguage":"es","potentialAction":[{"@type":"ReadAction","target":["https:\/\/www.eldiariodetucuman.com\/web\/debut-y-despedida-para-baez-en-el-atp-250-de-kitzbuhel\/"]}]},{"@type":"ImageObject","inLanguage":"es","@id":"https:\/\/www.eldiariodetucuman.com\/web\/debut-y-despedida-para-baez-en-el-atp-250-de-kitzbuhel\/#primaryimage","url":"https:\/\/www.eldiariodetucuman.com\/web\/wp-content\/uploads\/2025\/07\/Debut-y-despedida-para-Baez-en-el-ATP-250-de.png","contentUrl":"https:\/\/www.eldiariodetucuman.com\/web\/wp-content\/uploads\/2025\/07\/Debut-y-despedida-para-Baez-en-el-ATP-250-de.png","width":1200,"height":675},{"@type":"BreadcrumbList","@id":"https:\/\/www.eldiariodetucuman.com\/web\/debut-y-despedida-para-baez-en-el-atp-250-de-kitzbuhel\/#breadcrumb","itemListElement":[{"@type":"ListItem","position":1,"name":"Portada","item":"https:\/\/www.eldiariodetucuman.com\/web\/"},{"@type":"ListItem","position":2,"name":"Debut y despedida para B\u00e1ez en el ATP 250 de Kitzb\u00fchel"}]},{"@type":"WebSite","@id":"https:\/\/www.eldiariodetucuman.com\/web\/#website","url":"https:\/\/www.eldiariodetucuman.com\/web\/","name":"El Diario de Tucuman","description":"Diario Tucuman - Informaci\u00f3n y noticias","publisher":{"@id":"https:\/\/www.eldiariodetucuman.com\/web\/#organization"},"potentialAction":[{"@type":"SearchAction","target":{"@type":"EntryPoint","urlTemplate":"https:\/\/www.eldiariodetucuman.com\/web\/?s={search_term_string}"},"query-input":{"@type":"PropertyValueSpecification","valueRequired":true,"valueName":"search_term_string"}}],"inLanguage":"es"},{"@type":"Organization","@id":"https:\/\/www.eldiariodetucuman.com\/web\/#organization","name":"El Diario de Tucuman","url":"https:\/\/www.eldiariodetucuman.com\/web\/","logo":{"@type":"ImageObject","inLanguage":"es","@id":"https:\/\/www.eldiariodetucuman.com\/web\/#\/schema\/logo\/image\/","url":"http:\/\/www.eldiariodetucuman.com\/web\/wp-content\/uploads\/2017\/12\/el-diario-de-tucuman.jpg","contentUrl":"http:\/\/www.eldiariodetucuman.com\/web\/wp-content\/uploads\/2017\/12\/el-diario-de-tucuman.jpg","width":272,"height":92,"caption":"El Diario de Tucuman"},"image":{"@id":"https:\/\/www.eldiariodetucuman.com\/web\/#\/schema\/logo\/image\/"}},{"@type":"Person","@id":"https:\/\/www.eldiariodetucuman.com\/web\/#\/schema\/person\/9250197d75ab5483412e19678b121caa","name":"admin","image":{"@type":"ImageObject","inLanguage":"es","@id":"https:\/\/secure.gravatar.com\/avatar\/c44d117c2be811212c22cb481f6b8384b6873de103fbc49e7a03cc58d7dea4ac?s=96&d=mm&r=g","url":"https:\/\/secure.gravatar.com\/avatar\/c44d117c2be811212c22cb481f6b8384b6873de103fbc49e7a03cc58d7dea4ac?s=96&d=mm&r=g","contentUrl":"https:\/\/secure.gravatar.com\/avatar\/c44d117c2be811212c22cb481f6b8384b6873de103fbc49e7a03cc58d7dea4ac?s=96&d=mm&r=g","caption":"admin"},"url":"https:\/\/www.eldiariodetucuman.com\/web\/author\/admin\/"}]}},"_links":{"self":[{"href":"https:\/\/www.eldiariodetucuman.com\/web\/wp-json\/wp\/v2\/posts\/45137","targetHints":{"allow":["GET"]}}],"collection":[{"href":"https:\/\/www.eldiariodetucuman.com\/web\/wp-json\/wp\/v2\/posts"}],"about":[{"href":"https:\/\/www.eldiariodetucuman.com\/web\/wp-json\/wp\/v2\/types\/post"}],"author":[{"embeddable":true,"href":"https:\/\/www.eldiariodetucuman.com\/web\/wp-json\/wp\/v2\/users\/1"}],"replies":[{"embeddable":true,"href":"https:\/\/www.eldiariodetucuman.com\/web\/wp-json\/wp\/v2\/comments?post=45137"}],"version-history":[{"count":0,"href":"https:\/\/www.eldiariodetucuman.com\/web\/wp-json\/wp\/v2\/posts\/45137\/revisions"}],"wp:featuredmedia":[{"embeddable":true,"href":"https:\/\/www.eldiariodetucuman.com\/web\/wp-json\/wp\/v2\/media\/45138"}],"wp:attachment":[{"href":"https:\/\/www.eldiariodetucuman.com\/web\/wp-json\/wp\/v2\/media?parent=45137"}],"wp:term":[{"taxonomy":"category","embeddable":true,"href":"https:\/\/www.eldiariodetucuman.com\/web\/wp-json\/wp\/v2\/categories?post=45137"},{"taxonomy":"post_tag","embeddable":true,"href":"https:\/\/www.eldiariodetucuman.com\/web\/wp-json\/wp\/v2\/tags?post=45137"}],"curies":[{"name":"wp","href":"https:\/\/api.w.org\/{rel}","templated":true}]}}