{"id":45135,"date":"2025-07-23T19:57:49","date_gmt":"2025-07-23T22:57:49","guid":{"rendered":"https:\/\/www.eldiariodetucuman.com\/web\/jaldo-sobre-alberdi-estamos-produciendo-cambios-para-mejorar-la-vida-de-los-vecinos\/"},"modified":"2025-07-23T19:57:49","modified_gmt":"2025-07-23T22:57:49","slug":"jaldo-sobre-alberdi-estamos-produciendo-cambios-para-mejorar-la-vida-de-los-vecinos","status":"publish","type":"post","link":"https:\/\/www.eldiariodetucuman.com\/web\/jaldo-sobre-alberdi-estamos-produciendo-cambios-para-mejorar-la-vida-de-los-vecinos\/","title":{"rendered":"Jaldo sobre Alberdi: \u201cestamos produciendo cambios para mejorar la vida de los vecinos\u201d"},"content":{"rendered":"<p><\/p>\n<p id=\"isPasted\">Tras inaugurar ayer dependencias policiales en Juan Bautista Alberdi, el gobernador, <strong>Osvaldo Jaldo<\/strong>, se refiri\u00f3 hoy sobre el trabajo conjunto que realiza el Gobierno de Tucum\u00e1n con la intervenci\u00f3n de la Municipalidad de Alberdi, a cargo de <strong>Guillermo Norry<\/strong>, en cuanto al desarrollo de obras comunitarias claves para la ciudad como cuestiones relativas a su normalizaci\u00f3n institucional.<\/p>\n<p>El mandatario, al ser consultado por la prensa sobre la presencia de la legisladora<strong>, Sandra Figueroa<\/strong>, en el acto de inauguraci\u00f3n de dependencias policiales explic\u00f3: \u201cSandra Figueroa es legisladora y vive en la ciudad de Juan Bautista Alberdi\u201d y se\u00f1al\u00f3 en referencia a una investigaci\u00f3n judicial en la que se investigan posibles delitos, Jaldo sostuvo: \u201ctodo es presunto, es decir, todav\u00eda la justicia no se ha expedido en ninguno de los casos, salvo los que son de conocimiento p\u00fablico y que hay algunas personas que han sido privadas de la libertad. No es el caso de la familia Campos, no es el caso que yo sepa que hayan tenido avances judiciales sustanciales. Y ella hoy es legisladora provincial y est\u00e1 en todo su derecho a acompa\u00f1ar en todos los actos que se realizan, no s\u00f3lo en Alberdi, sino en la provincia\u201d.<\/p>\n<p>\u201cComo estuvo la legisladora Sandra Figueroa, hubo muchos legisladores, intendentes, comisionados comunales. El pueblo acompa\u00f1\u00f3 masivamente. Y no es f\u00e1cil volver a un lugar donde se ha intervenido el gobierno. Sin embargo, este gobernador, desde el primer d\u00eda, se puso a disposici\u00f3n de cada uno de los vecinos que viven en esa querida y linda ciudad de Alberdi\u201d, dijo.<\/p>\n<p>Coment\u00f3 adem\u00e1s que con el interventor Guillermo Norry, \u201cque conduce los destinos de Alberdi, nos pusimos a trabajar con todos los ministros y realmente estamos produciendo algunos cambios y modificaciones que tienen que ver con mejorar la vida de los alberdianos\u201d.<\/p>\n<p>Sobre obras comunitarias en el municipio del sur tucumano, dijo: \u201chemos anunciado una obra que desde hace muchos a\u00f1os que los que viven en Alberdi la vienen pidiendo. Una obra que estaba financiada por fondos nacionales. Una obra en la que pasaron gobiernos nacionales, el de <strong>Alberto Fern\u00e1ndez<\/strong>, y hoy el actual Gobierno nacional. La verdad que se declaran sin fondos. \u00bfY qu\u00e9 hizo Tucum\u00e1n? Como hicimos con las otras obras: \u2018Bueno, muchachos, si ustedes a nivel nacional no la pueden hacer, no la quieren hacer, p\u00e1senla a la provincia\u2019\u201d.<\/p>\n<p>\u201cNosotros vamos a hacer el esfuerzo, nosotros tenemos un presupuesto equilibrado y un peque\u00f1o super\u00e1vit. Y ese super\u00e1vit lo vamos priorizando. Y nosotros entendemos que el acceso principal a la ciudad de Juan Bautista Alberdi es una prioridad que desde hace muchos a\u00f1os, con justa raz\u00f3n, los alberdianos vienen exigiendo que se haga. Ese acceso no se hac\u00eda porque los Gobiernos nacionales no mandaron los recursos. Nosotros nos hicimos cargo, firmamos la transferencia a la provincia, ya se adjudic\u00f3 a la empresa y, la semana que viene, se empieza a trabajar en el acceso de la ciudad de Juan Bautista Alberdi. Despu\u00e9s de muchos a\u00f1os de gesti\u00f3n, una vez m\u00e1s, la provincia de Tucum\u00e1n, con presupuesto propio, en momentos dif\u00edciles, cuando todos dicen \u2018no hay plata, no hay obra\u2019, en Tucum\u00e1n seguimos avanzando\u201d, cerr\u00f3.<\/p>\n<p>Fuente: <a href=\"https:\/\/www.comunicaciontucuman.gob.ar\/noticia\/gobernacion\/235874\/jaldo-sobre-alberdi-estamos-produciendo-cambios-para-mejorar-vida-vecinos\"> Fuente de la nota <\/a><\/p>\n","protected":false},"excerpt":{"rendered":"<p>Tras inaugurar ayer dependencias policiales en Juan Bautista Alberdi, el gobernador, Osvaldo Jaldo, se refiri\u00f3 hoy sobre el trabajo conjunto que realiza el Gobierno de Tucum\u00e1n con la intervenci\u00f3n de la Municipalidad de Alberdi, a cargo de Guillermo Norry, en cuanto al desarrollo de obras comunitarias claves para la ciudad como cuestiones relativas a su [&hellip;]<\/p>\n","protected":false},"author":1,"featured_media":45136,"comment_status":"closed","ping_status":"open","sticky":false,"template":"","format":"standard","meta":{"footnotes":""},"categories":[3],"tags":[],"class_list":{"0":"post-45135","1":"post","2":"type-post","3":"status-publish","4":"format-standard","5":"has-post-thumbnail","7":"category-politica"},"yoast_head":"<!-- This site is optimized with the Yoast SEO plugin v27.4 - https:\/\/yoast.com\/product\/yoast-seo-wordpress\/ -->\n<title>Jaldo sobre Alberdi: \u201cestamos produciendo cambios para mejorar la vida de los vecinos\u201d - El Diario de Tucuman<\/title>\n<meta name=\"robots\" content=\"index, follow, max-snippet:-1, max-image-preview:large, max-video-preview:-1\" \/>\n<link rel=\"canonical\" href=\"https:\/\/www.eldiariodetucuman.com\/web\/jaldo-sobre-alberdi-estamos-produciendo-cambios-para-mejorar-la-vida-de-los-vecinos\/\" \/>\n<meta property=\"og:locale\" content=\"es_ES\" \/>\n<meta property=\"og:type\" content=\"article\" \/>\n<meta property=\"og:title\" content=\"Jaldo sobre Alberdi: \u201cestamos produciendo cambios para mejorar la vida de los vecinos\u201d - El Diario de Tucuman\" \/>\n<meta property=\"og:description\" content=\"Tras inaugurar ayer dependencias policiales en Juan Bautista Alberdi, el gobernador, Osvaldo Jaldo, se refiri\u00f3 hoy sobre el trabajo conjunto que realiza el Gobierno de Tucum\u00e1n con la intervenci\u00f3n de la Municipalidad de Alberdi, a cargo de Guillermo Norry, en cuanto al desarrollo de obras comunitarias claves para la ciudad como cuestiones relativas a su [&hellip;]\" \/>\n<meta property=\"og:url\" content=\"https:\/\/www.eldiariodetucuman.com\/web\/jaldo-sobre-alberdi-estamos-produciendo-cambios-para-mejorar-la-vida-de-los-vecinos\/\" \/>\n<meta property=\"og:site_name\" content=\"El Diario de Tucuman\" \/>\n<meta property=\"article:published_time\" content=\"2025-07-23T22:57:49+00:00\" \/>\n<meta name=\"author\" content=\"admin\" \/>\n<meta name=\"twitter:card\" content=\"summary_large_image\" \/>\n<meta name=\"twitter:label1\" content=\"Escrito por\" \/>\n\t<meta name=\"twitter:data1\" content=\"admin\" \/>\n\t<meta name=\"twitter:label2\" content=\"Tiempo de lectura\" \/>\n\t<meta name=\"twitter:data2\" content=\"3 minutos\" \/>\n<script type=\"application\/ld+json\" class=\"yoast-schema-graph\">{\"@context\":\"https:\\\/\\\/schema.org\",\"@graph\":[{\"@type\":\"Article\",\"@id\":\"https:\\\/\\\/www.eldiariodetucuman.com\\\/web\\\/jaldo-sobre-alberdi-estamos-produciendo-cambios-para-mejorar-la-vida-de-los-vecinos\\\/#article\",\"isPartOf\":{\"@id\":\"https:\\\/\\\/www.eldiariodetucuman.com\\\/web\\\/jaldo-sobre-alberdi-estamos-produciendo-cambios-para-mejorar-la-vida-de-los-vecinos\\\/\"},\"author\":{\"name\":\"admin\",\"@id\":\"https:\\\/\\\/www.eldiariodetucuman.com\\\/web\\\/#\\\/schema\\\/person\\\/9250197d75ab5483412e19678b121caa\"},\"headline\":\"Jaldo sobre Alberdi: \u201cestamos produciendo cambios para mejorar la vida de los vecinos\u201d\",\"datePublished\":\"2025-07-23T22:57:49+00:00\",\"mainEntityOfPage\":{\"@id\":\"https:\\\/\\\/www.eldiariodetucuman.com\\\/web\\\/jaldo-sobre-alberdi-estamos-produciendo-cambios-para-mejorar-la-vida-de-los-vecinos\\\/\"},\"wordCount\":571,\"publisher\":{\"@id\":\"https:\\\/\\\/www.eldiariodetucuman.com\\\/web\\\/#organization\"},\"image\":{\"@id\":\"https:\\\/\\\/www.eldiariodetucuman.com\\\/web\\\/jaldo-sobre-alberdi-estamos-produciendo-cambios-para-mejorar-la-vida-de-los-vecinos\\\/#primaryimage\"},\"thumbnailUrl\":\"https:\\\/\\\/www.eldiariodetucuman.com\\\/web\\\/wp-content\\\/uploads\\\/2025\\\/07\\\/Jaldo-sobre-Alberdi-estamos-produciendo-cambios-para-mejorar-la-vida.jpeg\",\"articleSection\":[\"Politica\"],\"inLanguage\":\"es\"},{\"@type\":\"WebPage\",\"@id\":\"https:\\\/\\\/www.eldiariodetucuman.com\\\/web\\\/jaldo-sobre-alberdi-estamos-produciendo-cambios-para-mejorar-la-vida-de-los-vecinos\\\/\",\"url\":\"https:\\\/\\\/www.eldiariodetucuman.com\\\/web\\\/jaldo-sobre-alberdi-estamos-produciendo-cambios-para-mejorar-la-vida-de-los-vecinos\\\/\",\"name\":\"Jaldo sobre Alberdi: \u201cestamos produciendo cambios para mejorar la vida de los vecinos\u201d - El Diario de Tucuman\",\"isPartOf\":{\"@id\":\"https:\\\/\\\/www.eldiariodetucuman.com\\\/web\\\/#website\"},\"primaryImageOfPage\":{\"@id\":\"https:\\\/\\\/www.eldiariodetucuman.com\\\/web\\\/jaldo-sobre-alberdi-estamos-produciendo-cambios-para-mejorar-la-vida-de-los-vecinos\\\/#primaryimage\"},\"image\":{\"@id\":\"https:\\\/\\\/www.eldiariodetucuman.com\\\/web\\\/jaldo-sobre-alberdi-estamos-produciendo-cambios-para-mejorar-la-vida-de-los-vecinos\\\/#primaryimage\"},\"thumbnailUrl\":\"https:\\\/\\\/www.eldiariodetucuman.com\\\/web\\\/wp-content\\\/uploads\\\/2025\\\/07\\\/Jaldo-sobre-Alberdi-estamos-produciendo-cambios-para-mejorar-la-vida.jpeg\",\"datePublished\":\"2025-07-23T22:57:49+00:00\",\"breadcrumb\":{\"@id\":\"https:\\\/\\\/www.eldiariodetucuman.com\\\/web\\\/jaldo-sobre-alberdi-estamos-produciendo-cambios-para-mejorar-la-vida-de-los-vecinos\\\/#breadcrumb\"},\"inLanguage\":\"es\",\"potentialAction\":[{\"@type\":\"ReadAction\",\"target\":[\"https:\\\/\\\/www.eldiariodetucuman.com\\\/web\\\/jaldo-sobre-alberdi-estamos-produciendo-cambios-para-mejorar-la-vida-de-los-vecinos\\\/\"]}]},{\"@type\":\"ImageObject\",\"inLanguage\":\"es\",\"@id\":\"https:\\\/\\\/www.eldiariodetucuman.com\\\/web\\\/jaldo-sobre-alberdi-estamos-produciendo-cambios-para-mejorar-la-vida-de-los-vecinos\\\/#primaryimage\",\"url\":\"https:\\\/\\\/www.eldiariodetucuman.com\\\/web\\\/wp-content\\\/uploads\\\/2025\\\/07\\\/Jaldo-sobre-Alberdi-estamos-produciendo-cambios-para-mejorar-la-vida.jpeg\",\"contentUrl\":\"https:\\\/\\\/www.eldiariodetucuman.com\\\/web\\\/wp-content\\\/uploads\\\/2025\\\/07\\\/Jaldo-sobre-Alberdi-estamos-produciendo-cambios-para-mejorar-la-vida.jpeg\",\"width\":818,\"height\":460},{\"@type\":\"BreadcrumbList\",\"@id\":\"https:\\\/\\\/www.eldiariodetucuman.com\\\/web\\\/jaldo-sobre-alberdi-estamos-produciendo-cambios-para-mejorar-la-vida-de-los-vecinos\\\/#breadcrumb\",\"itemListElement\":[{\"@type\":\"ListItem\",\"position\":1,\"name\":\"Portada\",\"item\":\"https:\\\/\\\/www.eldiariodetucuman.com\\\/web\\\/\"},{\"@type\":\"ListItem\",\"position\":2,\"name\":\"Jaldo sobre Alberdi: \u201cestamos produciendo cambios para mejorar la vida de los vecinos\u201d\"}]},{\"@type\":\"WebSite\",\"@id\":\"https:\\\/\\\/www.eldiariodetucuman.com\\\/web\\\/#website\",\"url\":\"https:\\\/\\\/www.eldiariodetucuman.com\\\/web\\\/\",\"name\":\"El Diario de Tucuman\",\"description\":\"Diario Tucuman - Informaci\u00f3n y noticias\",\"publisher\":{\"@id\":\"https:\\\/\\\/www.eldiariodetucuman.com\\\/web\\\/#organization\"},\"potentialAction\":[{\"@type\":\"SearchAction\",\"target\":{\"@type\":\"EntryPoint\",\"urlTemplate\":\"https:\\\/\\\/www.eldiariodetucuman.com\\\/web\\\/?s={search_term_string}\"},\"query-input\":{\"@type\":\"PropertyValueSpecification\",\"valueRequired\":true,\"valueName\":\"search_term_string\"}}],\"inLanguage\":\"es\"},{\"@type\":\"Organization\",\"@id\":\"https:\\\/\\\/www.eldiariodetucuman.com\\\/web\\\/#organization\",\"name\":\"El Diario de Tucuman\",\"url\":\"https:\\\/\\\/www.eldiariodetucuman.com\\\/web\\\/\",\"logo\":{\"@type\":\"ImageObject\",\"inLanguage\":\"es\",\"@id\":\"https:\\\/\\\/www.eldiariodetucuman.com\\\/web\\\/#\\\/schema\\\/logo\\\/image\\\/\",\"url\":\"http:\\\/\\\/www.eldiariodetucuman.com\\\/web\\\/wp-content\\\/uploads\\\/2017\\\/12\\\/el-diario-de-tucuman.jpg\",\"contentUrl\":\"http:\\\/\\\/www.eldiariodetucuman.com\\\/web\\\/wp-content\\\/uploads\\\/2017\\\/12\\\/el-diario-de-tucuman.jpg\",\"width\":272,\"height\":92,\"caption\":\"El Diario de Tucuman\"},\"image\":{\"@id\":\"https:\\\/\\\/www.eldiariodetucuman.com\\\/web\\\/#\\\/schema\\\/logo\\\/image\\\/\"}},{\"@type\":\"Person\",\"@id\":\"https:\\\/\\\/www.eldiariodetucuman.com\\\/web\\\/#\\\/schema\\\/person\\\/9250197d75ab5483412e19678b121caa\",\"name\":\"admin\",\"image\":{\"@type\":\"ImageObject\",\"inLanguage\":\"es\",\"@id\":\"https:\\\/\\\/secure.gravatar.com\\\/avatar\\\/c44d117c2be811212c22cb481f6b8384b6873de103fbc49e7a03cc58d7dea4ac?s=96&d=mm&r=g\",\"url\":\"https:\\\/\\\/secure.gravatar.com\\\/avatar\\\/c44d117c2be811212c22cb481f6b8384b6873de103fbc49e7a03cc58d7dea4ac?s=96&d=mm&r=g\",\"contentUrl\":\"https:\\\/\\\/secure.gravatar.com\\\/avatar\\\/c44d117c2be811212c22cb481f6b8384b6873de103fbc49e7a03cc58d7dea4ac?s=96&d=mm&r=g\",\"caption\":\"admin\"},\"url\":\"https:\\\/\\\/www.eldiariodetucuman.com\\\/web\\\/author\\\/admin\\\/\"}]}<\/script>\n<!-- \/ Yoast SEO plugin. -->","yoast_head_json":{"title":"Jaldo sobre Alberdi: \u201cestamos produciendo cambios para mejorar la vida de los vecinos\u201d - El Diario de Tucuman","robots":{"index":"index","follow":"follow","max-snippet":"max-snippet:-1","max-image-preview":"max-image-preview:large","max-video-preview":"max-video-preview:-1"},"canonical":"https:\/\/www.eldiariodetucuman.com\/web\/jaldo-sobre-alberdi-estamos-produciendo-cambios-para-mejorar-la-vida-de-los-vecinos\/","og_locale":"es_ES","og_type":"article","og_title":"Jaldo sobre Alberdi: \u201cestamos produciendo cambios para mejorar la vida de los vecinos\u201d - El Diario de Tucuman","og_description":"Tras inaugurar ayer dependencias policiales en Juan Bautista Alberdi, el gobernador, Osvaldo Jaldo, se refiri\u00f3 hoy sobre el trabajo conjunto que realiza el Gobierno de Tucum\u00e1n con la intervenci\u00f3n de la Municipalidad de Alberdi, a cargo de Guillermo Norry, en cuanto al desarrollo de obras comunitarias claves para la ciudad como cuestiones relativas a su [&hellip;]","og_url":"https:\/\/www.eldiariodetucuman.com\/web\/jaldo-sobre-alberdi-estamos-produciendo-cambios-para-mejorar-la-vida-de-los-vecinos\/","og_site_name":"El Diario de Tucuman","article_published_time":"2025-07-23T22:57:49+00:00","author":"admin","twitter_card":"summary_large_image","twitter_misc":{"Escrito por":"admin","Tiempo de lectura":"3 minutos"},"schema":{"@context":"https:\/\/schema.org","@graph":[{"@type":"Article","@id":"https:\/\/www.eldiariodetucuman.com\/web\/jaldo-sobre-alberdi-estamos-produciendo-cambios-para-mejorar-la-vida-de-los-vecinos\/#article","isPartOf":{"@id":"https:\/\/www.eldiariodetucuman.com\/web\/jaldo-sobre-alberdi-estamos-produciendo-cambios-para-mejorar-la-vida-de-los-vecinos\/"},"author":{"name":"admin","@id":"https:\/\/www.eldiariodetucuman.com\/web\/#\/schema\/person\/9250197d75ab5483412e19678b121caa"},"headline":"Jaldo sobre Alberdi: \u201cestamos produciendo cambios para mejorar la vida de los vecinos\u201d","datePublished":"2025-07-23T22:57:49+00:00","mainEntityOfPage":{"@id":"https:\/\/www.eldiariodetucuman.com\/web\/jaldo-sobre-alberdi-estamos-produciendo-cambios-para-mejorar-la-vida-de-los-vecinos\/"},"wordCount":571,"publisher":{"@id":"https:\/\/www.eldiariodetucuman.com\/web\/#organization"},"image":{"@id":"https:\/\/www.eldiariodetucuman.com\/web\/jaldo-sobre-alberdi-estamos-produciendo-cambios-para-mejorar-la-vida-de-los-vecinos\/#primaryimage"},"thumbnailUrl":"https:\/\/www.eldiariodetucuman.com\/web\/wp-content\/uploads\/2025\/07\/Jaldo-sobre-Alberdi-estamos-produciendo-cambios-para-mejorar-la-vida.jpeg","articleSection":["Politica"],"inLanguage":"es"},{"@type":"WebPage","@id":"https:\/\/www.eldiariodetucuman.com\/web\/jaldo-sobre-alberdi-estamos-produciendo-cambios-para-mejorar-la-vida-de-los-vecinos\/","url":"https:\/\/www.eldiariodetucuman.com\/web\/jaldo-sobre-alberdi-estamos-produciendo-cambios-para-mejorar-la-vida-de-los-vecinos\/","name":"Jaldo sobre Alberdi: \u201cestamos produciendo cambios para mejorar la vida de los vecinos\u201d - El Diario de Tucuman","isPartOf":{"@id":"https:\/\/www.eldiariodetucuman.com\/web\/#website"},"primaryImageOfPage":{"@id":"https:\/\/www.eldiariodetucuman.com\/web\/jaldo-sobre-alberdi-estamos-produciendo-cambios-para-mejorar-la-vida-de-los-vecinos\/#primaryimage"},"image":{"@id":"https:\/\/www.eldiariodetucuman.com\/web\/jaldo-sobre-alberdi-estamos-produciendo-cambios-para-mejorar-la-vida-de-los-vecinos\/#primaryimage"},"thumbnailUrl":"https:\/\/www.eldiariodetucuman.com\/web\/wp-content\/uploads\/2025\/07\/Jaldo-sobre-Alberdi-estamos-produciendo-cambios-para-mejorar-la-vida.jpeg","datePublished":"2025-07-23T22:57:49+00:00","breadcrumb":{"@id":"https:\/\/www.eldiariodetucuman.com\/web\/jaldo-sobre-alberdi-estamos-produciendo-cambios-para-mejorar-la-vida-de-los-vecinos\/#breadcrumb"},"inLanguage":"es","potentialAction":[{"@type":"ReadAction","target":["https:\/\/www.eldiariodetucuman.com\/web\/jaldo-sobre-alberdi-estamos-produciendo-cambios-para-mejorar-la-vida-de-los-vecinos\/"]}]},{"@type":"ImageObject","inLanguage":"es","@id":"https:\/\/www.eldiariodetucuman.com\/web\/jaldo-sobre-alberdi-estamos-produciendo-cambios-para-mejorar-la-vida-de-los-vecinos\/#primaryimage","url":"https:\/\/www.eldiariodetucuman.com\/web\/wp-content\/uploads\/2025\/07\/Jaldo-sobre-Alberdi-estamos-produciendo-cambios-para-mejorar-la-vida.jpeg","contentUrl":"https:\/\/www.eldiariodetucuman.com\/web\/wp-content\/uploads\/2025\/07\/Jaldo-sobre-Alberdi-estamos-produciendo-cambios-para-mejorar-la-vida.jpeg","width":818,"height":460},{"@type":"BreadcrumbList","@id":"https:\/\/www.eldiariodetucuman.com\/web\/jaldo-sobre-alberdi-estamos-produciendo-cambios-para-mejorar-la-vida-de-los-vecinos\/#breadcrumb","itemListElement":[{"@type":"ListItem","position":1,"name":"Portada","item":"https:\/\/www.eldiariodetucuman.com\/web\/"},{"@type":"ListItem","position":2,"name":"Jaldo sobre Alberdi: \u201cestamos produciendo cambios para mejorar la vida de los vecinos\u201d"}]},{"@type":"WebSite","@id":"https:\/\/www.eldiariodetucuman.com\/web\/#website","url":"https:\/\/www.eldiariodetucuman.com\/web\/","name":"El Diario de Tucuman","description":"Diario Tucuman - Informaci\u00f3n y noticias","publisher":{"@id":"https:\/\/www.eldiariodetucuman.com\/web\/#organization"},"potentialAction":[{"@type":"SearchAction","target":{"@type":"EntryPoint","urlTemplate":"https:\/\/www.eldiariodetucuman.com\/web\/?s={search_term_string}"},"query-input":{"@type":"PropertyValueSpecification","valueRequired":true,"valueName":"search_term_string"}}],"inLanguage":"es"},{"@type":"Organization","@id":"https:\/\/www.eldiariodetucuman.com\/web\/#organization","name":"El Diario de Tucuman","url":"https:\/\/www.eldiariodetucuman.com\/web\/","logo":{"@type":"ImageObject","inLanguage":"es","@id":"https:\/\/www.eldiariodetucuman.com\/web\/#\/schema\/logo\/image\/","url":"http:\/\/www.eldiariodetucuman.com\/web\/wp-content\/uploads\/2017\/12\/el-diario-de-tucuman.jpg","contentUrl":"http:\/\/www.eldiariodetucuman.com\/web\/wp-content\/uploads\/2017\/12\/el-diario-de-tucuman.jpg","width":272,"height":92,"caption":"El Diario de Tucuman"},"image":{"@id":"https:\/\/www.eldiariodetucuman.com\/web\/#\/schema\/logo\/image\/"}},{"@type":"Person","@id":"https:\/\/www.eldiariodetucuman.com\/web\/#\/schema\/person\/9250197d75ab5483412e19678b121caa","name":"admin","image":{"@type":"ImageObject","inLanguage":"es","@id":"https:\/\/secure.gravatar.com\/avatar\/c44d117c2be811212c22cb481f6b8384b6873de103fbc49e7a03cc58d7dea4ac?s=96&d=mm&r=g","url":"https:\/\/secure.gravatar.com\/avatar\/c44d117c2be811212c22cb481f6b8384b6873de103fbc49e7a03cc58d7dea4ac?s=96&d=mm&r=g","contentUrl":"https:\/\/secure.gravatar.com\/avatar\/c44d117c2be811212c22cb481f6b8384b6873de103fbc49e7a03cc58d7dea4ac?s=96&d=mm&r=g","caption":"admin"},"url":"https:\/\/www.eldiariodetucuman.com\/web\/author\/admin\/"}]}},"_links":{"self":[{"href":"https:\/\/www.eldiariodetucuman.com\/web\/wp-json\/wp\/v2\/posts\/45135","targetHints":{"allow":["GET"]}}],"collection":[{"href":"https:\/\/www.eldiariodetucuman.com\/web\/wp-json\/wp\/v2\/posts"}],"about":[{"href":"https:\/\/www.eldiariodetucuman.com\/web\/wp-json\/wp\/v2\/types\/post"}],"author":[{"embeddable":true,"href":"https:\/\/www.eldiariodetucuman.com\/web\/wp-json\/wp\/v2\/users\/1"}],"replies":[{"embeddable":true,"href":"https:\/\/www.eldiariodetucuman.com\/web\/wp-json\/wp\/v2\/comments?post=45135"}],"version-history":[{"count":0,"href":"https:\/\/www.eldiariodetucuman.com\/web\/wp-json\/wp\/v2\/posts\/45135\/revisions"}],"wp:featuredmedia":[{"embeddable":true,"href":"https:\/\/www.eldiariodetucuman.com\/web\/wp-json\/wp\/v2\/media\/45136"}],"wp:attachment":[{"href":"https:\/\/www.eldiariodetucuman.com\/web\/wp-json\/wp\/v2\/media?parent=45135"}],"wp:term":[{"taxonomy":"category","embeddable":true,"href":"https:\/\/www.eldiariodetucuman.com\/web\/wp-json\/wp\/v2\/categories?post=45135"},{"taxonomy":"post_tag","embeddable":true,"href":"https:\/\/www.eldiariodetucuman.com\/web\/wp-json\/wp\/v2\/tags?post=45135"}],"curies":[{"name":"wp","href":"https:\/\/api.w.org\/{rel}","templated":true}]}}