{"id":45115,"date":"2025-07-20T20:40:28","date_gmt":"2025-07-20T23:40:28","guid":{"rendered":"https:\/\/www.eldiariodetucuman.com\/web\/un-cierre-de-listas-con-altisima-tension-y-un-apagon-peronista-en-la-aspera-madrugada-platense\/"},"modified":"2025-07-20T20:40:30","modified_gmt":"2025-07-20T23:40:30","slug":"un-cierre-de-listas-con-altisima-tension-y-un-apagon-peronista-en-la-aspera-madrugada-platense","status":"publish","type":"post","link":"https:\/\/www.eldiariodetucuman.com\/web\/un-cierre-de-listas-con-altisima-tension-y-un-apagon-peronista-en-la-aspera-madrugada-platense\/","title":{"rendered":"Un cierre de listas con alt\u00edsima tensi\u00f3n y un \u201capag\u00f3n\u201d peronista en la \u00e1spera madrugada platense"},"content":{"rendered":"<p><\/p>\n<p class=\"com-paragraph   --s\"><strong>\u201cSubi\u00f3 tanto la tensi\u00f3n que salt\u00f3 la t\u00e9rmica y nos quedamos sin luz\u201d<\/strong>. La frase resuena desde la madrugada de este domingo entre los dirigentes que negociaron horas y horas las listas del <strong>peronismo bonaerense<\/strong> en La Plata, donde <strong>dos sorpresivos cortes <\/strong>del suministro el\u00e9ctrico terminaron favoreciendo a <strong>Fuerza Patria<\/strong>, la nueva denominaci\u00f3n del PJ y sus aliados, para conseguir que se estirara el plazo del cierre hasta el <strong>lunes por la tarde<\/strong>.<\/p>\n<p class=\"com-paragraph   --s\">El <strong>\u201capag\u00f3n\u201d peronista<\/strong> tiene dos lecturas. La primera es de orden t\u00e9cnico: tanto los encargados del partido como los funcionarios de la<strong> Junta Electoral <\/strong>se quedaron sin medios para cargar las listas en el sistema electr\u00f3nico dispuesto para ese tr\u00e1mite, aunque la luz fue y volvi\u00f3 en un par de ocasiones. La segunda es pol\u00edtica: objetivamente <strong>el PJ gan\u00f3 tiempo<\/strong> para ordenar el mostrador de la \u201ccarnicer\u00eda\u201d que fue la negociaci\u00f3n interna.<\/p>\n<p class=\"com-paragraph   --s\">De hecho, el inconveniente en el suministro el\u00e9ctrico le hab\u00eda permitido a los miembros de la junta del PJ -delegados de <strong>Axel Kicillof<\/strong>,<strong> Sergio Massa <\/strong>y<strong> M\u00e1ximo Kirchner<\/strong>&#8211; obtener dos pr\u00f3rrogas previas a la que finalmente se determin\u00f3, hasta ma\u00f1ana lunes a las 14. En la medianoche del s\u00e1bado, cuando ya era evidente que no llegaban a cerrar las listas seccionales, consiguieron una primera pr\u00f3rroga, hasta las<strong> dos de la ma\u00f1ana<\/strong>. Luego, en medio de los cortes, obtuvieron otro plazo,<strong> hasta las cuatro<\/strong>.<\/p>\n<\/p>\n<p class=\"com-paragraph   --s\"><strong>El primer corte de luz<\/strong>, informado por la Junta Electoral provincial, sucedi\u00f3 a las <strong>22.48<\/strong> y afect\u00f3 al edificio de la<strong> Legislatura<\/strong> bonaerense, donde estaba instalado el puesto de recepci\u00f3n de las listas. La segunda interrupci\u00f3n del suministro ocurri\u00f3 a las <strong>23.20<\/strong> en otra sede que se hab\u00eda dispuesto fuera del Palacio Legislativo, en la <strong>calle 13<\/strong>. En la resoluci\u00f3n que emiti\u00f3 esta madrugada al confirmar el nuevo plazo para la presentaci\u00f3n de las listas, la Junta lo justific\u00f3 en <strong>el factor de los cortes de luz<\/strong>. <\/p>\n<p class=\"com-paragraph   --s\">Los <strong>rumores comenzaron a correr como reguero de p\u00f3lvora<\/strong> en La Plata y fueron el comentario dentro de las distintas terminales pol\u00edticas involucradas en la elecci\u00f3n bonaerense prevista para el 7 de septiembre. El primero en agitar el mar de dudas fue <strong>Cristian Ritondo<\/strong>, uno de los dirigentes que articul\u00f3 el acuerdo de Pro -con varias fugas en medio- con La Libertad Avanza (LLA). <strong>\u201c\u00bfCasualidad?\u201d<\/strong>, se pregunt\u00f3 a las dos de la madrugada.<\/p>\n<p class=\"com-paragraph   --s\">Enseguida el tuit de Ritondo lleg\u00f3 a o\u00eddos de Massa, su \u201camigo\u201d, en el bunker peronista, montado en la Gobernaci\u00f3n. <strong>\u201cNaaaa\u201d<\/strong>, le escucharon vociferar al jefe del Frente Renovador. <strong>\u201cSe cort\u00f3 en 40 manzanas\u201d<\/strong>, sum\u00f3 otro otro de los presentes a modo de justificaci\u00f3n. A unos metros estaba Kicillof, quien monitoreaba el encendido de <strong>grupos electr\u00f3genos<\/strong>. Llamativamente, M\u00e1ximo Kirchner particip\u00f3 del sprint final s\u00f3lo unos minutos y deleg\u00f3 la presencialidad en <strong>Mayra Mendoza<\/strong>, la intendenta de Quilmes, que estuvo a punto de encabezar la Tercera Secci\u00f3n Electoral, pero fue vetada por el axelismo.<\/p>\n<p class=\"com-paragraph   --s\">La cronolog\u00eda de los hechos, pol\u00edticos y energ\u00e9ticos, dej\u00f3 en evidencia una situaci\u00f3n de <strong>caos organizativo<\/strong> en Fuerza Patria: los negociadores no se pusieron de acuerdo en las principales candidaturas -las que encabezar\u00edan las secciones Primera y Tercera en el basti\u00f3n del conurbano- <strong>al menos hasta la una de la madrugada<\/strong>. Los apoderados ya hab\u00edan conseguido una pr\u00f3rroga hasta las 2 AM y trabajaban contra reloj en el armado de las listas. <strong>\u201cYa las est\u00e1n terminando de cargar\u201d<\/strong>, dijo en ese momento a <strong>LA NACION <\/strong>uno de los dirigentes presentes en el lugar.<\/p>\n<p class=\"com-paragraph   --s\">Poco despu\u00e9s de la 1 AM lleg\u00f3 finalmente el acuerdo con los nombres de <strong>Gabriel Katopodis<\/strong> y <strong>Ver\u00f3nica Magario<\/strong>, ambos axelistas, para encabezar las secciones estrat\u00e9gicas de la provincia. \u201cSe cerraba todo o no se cerraba nada. La negociaci\u00f3n siempre fue una totalidad, desde el comienzo\u201d, desliz\u00f3 un operador con experiencia en el PJ. Luego sucedi\u00f3 un<strong> segundo corte de luz<\/strong> y la Junta Electoral provincial estir\u00f3 el plazo hasta las cuatro de la ma\u00f1ana, porque <strong>se dificult\u00f3<\/strong> <strong>la carga de los datos de los candidatos y la documentaci\u00f3n<\/strong> respectiva.<\/p>\n<p class=\"com-paragraph   --s\">Sin embargo, la lista completa de las ocho secciones electorales -al menos en los primeros puestos- <strong>reci\u00e9n apareci\u00f3 pasadas las 5 AM<\/strong>. Ah\u00ed se inform\u00f3 que a Katopodis (Primera) y la vicegobernadora Magario (Tercera) se sumaron como ya confirmados los nombres de Diego Nanni (Segunda), Diego Videla (Cuarta), Fernanda Raverta (Quinta), Alejandro Di Chiara (Sexta), Mar\u00eda In\u00e9s Laurini (S\u00e9ptima) y Ariel Archanco (Octava). El partido de Massa coloc\u00f3 en segundo lugar a <strong>Malena Galmarini<\/strong> en la Primera, su secci\u00f3n de origen.<\/p>\n<p class=\"com-paragraph   --s\">Para ese momento, la Junta Electoral ya hab\u00eda cortado por lo sano: fij\u00f3 el plazo definitivo para que los partidos terminen de presentar la documentaci\u00f3n el lunes a las 14. Ahora,<strong> no solo Fuerza Patria sino tambi\u00e9n el frente La Libertad Avanza tendr\u00e1n una jornada completa m\u00e1s para terminar los tr\u00e1mites electorales<\/strong>. Atr\u00e1s quedaron los cortes de luz en el centro de La Plata que tanto dieron que hablar esta madrugada. A tal punto, que alguien record\u00f3 una elecci\u00f3n provincial que sufri\u00f3 una interrupci\u00f3n del escrutinio por una falla el\u00e9ctrica y, a la ma\u00f1ana siguiente, <strong>el resultado se hab\u00eda dado vuelta<\/strong>.<\/p>\n<p><a href=\"https:\/\/www.lanacion.com.ar\/politica\/un-cierre-con-altisima-tension-y-un-apagon-peronista-en-la-aspera-madrugada-platense-nid20072025\/\">Fuente de la nota <\/a><\/p>\n","protected":false},"excerpt":{"rendered":"<p>\u201cSubi\u00f3 tanto la tensi\u00f3n que salt\u00f3 la t\u00e9rmica y nos quedamos sin luz\u201d. La frase resuena desde la madrugada de este domingo entre los dirigentes que negociaron horas y horas las listas del peronismo bonaerense en La Plata, donde dos sorpresivos cortes del suministro el\u00e9ctrico terminaron favoreciendo a Fuerza Patria, la nueva denominaci\u00f3n del PJ [&hellip;]<\/p>\n","protected":false},"author":5,"featured_media":45116,"comment_status":"closed","ping_status":"open","sticky":false,"template":"","format":"standard","meta":{"footnotes":""},"categories":[3],"tags":[],"class_list":{"0":"post-45115","1":"post","2":"type-post","3":"status-publish","4":"format-standard","5":"has-post-thumbnail","7":"category-politica"},"yoast_head":"<!-- This site is optimized with the Yoast SEO plugin v27.4 - https:\/\/yoast.com\/product\/yoast-seo-wordpress\/ -->\n<title>Un cierre de listas con alt\u00edsima tensi\u00f3n y un \u201capag\u00f3n\u201d peronista en la \u00e1spera madrugada platense - El Diario de Tucuman<\/title>\n<meta name=\"robots\" content=\"index, follow, max-snippet:-1, max-image-preview:large, max-video-preview:-1\" \/>\n<link rel=\"canonical\" href=\"https:\/\/www.eldiariodetucuman.com\/web\/un-cierre-de-listas-con-altisima-tension-y-un-apagon-peronista-en-la-aspera-madrugada-platense\/\" \/>\n<meta property=\"og:locale\" content=\"es_ES\" \/>\n<meta property=\"og:type\" content=\"article\" \/>\n<meta property=\"og:title\" content=\"Un cierre de listas con alt\u00edsima tensi\u00f3n y un \u201capag\u00f3n\u201d peronista en la \u00e1spera madrugada platense - El Diario de Tucuman\" \/>\n<meta property=\"og:description\" content=\"\u201cSubi\u00f3 tanto la tensi\u00f3n que salt\u00f3 la t\u00e9rmica y nos quedamos sin luz\u201d. La frase resuena desde la madrugada de este domingo entre los dirigentes que negociaron horas y horas las listas del peronismo bonaerense en La Plata, donde dos sorpresivos cortes del suministro el\u00e9ctrico terminaron favoreciendo a Fuerza Patria, la nueva denominaci\u00f3n del PJ [&hellip;]\" \/>\n<meta property=\"og:url\" content=\"https:\/\/www.eldiariodetucuman.com\/web\/un-cierre-de-listas-con-altisima-tension-y-un-apagon-peronista-en-la-aspera-madrugada-platense\/\" \/>\n<meta property=\"og:site_name\" content=\"El Diario de Tucuman\" \/>\n<meta property=\"article:published_time\" content=\"2025-07-20T23:40:28+00:00\" \/>\n<meta property=\"article:modified_time\" content=\"2025-07-20T23:40:30+00:00\" \/>\n<meta property=\"og:image\" content=\"https:\/\/www.eldiariodetucuman.com\/web\/wp-content\/uploads\/2025\/07\/axel-kicillof-sergio-massa-y-maximo-LMN6RJ5JGFG3PHBACVJ72HCLIM.jpg\" \/>\n\t<meta property=\"og:image:width\" content=\"1200\" \/>\n\t<meta property=\"og:image:height\" content=\"800\" \/>\n\t<meta property=\"og:image:type\" content=\"image\/jpeg\" \/>\n<meta name=\"author\" content=\"Redactor Uno\" \/>\n<meta name=\"twitter:card\" content=\"summary_large_image\" \/>\n<meta name=\"twitter:label1\" content=\"Escrito por\" \/>\n\t<meta name=\"twitter:data1\" content=\"Redactor Uno\" \/>\n\t<meta name=\"twitter:label2\" content=\"Tiempo de lectura\" \/>\n\t<meta name=\"twitter:data2\" content=\"5 minutos\" \/>\n<script type=\"application\/ld+json\" class=\"yoast-schema-graph\">{\"@context\":\"https:\\\/\\\/schema.org\",\"@graph\":[{\"@type\":\"Article\",\"@id\":\"https:\\\/\\\/www.eldiariodetucuman.com\\\/web\\\/un-cierre-de-listas-con-altisima-tension-y-un-apagon-peronista-en-la-aspera-madrugada-platense\\\/#article\",\"isPartOf\":{\"@id\":\"https:\\\/\\\/www.eldiariodetucuman.com\\\/web\\\/un-cierre-de-listas-con-altisima-tension-y-un-apagon-peronista-en-la-aspera-madrugada-platense\\\/\"},\"author\":{\"name\":\"Redactor Uno\",\"@id\":\"https:\\\/\\\/www.eldiariodetucuman.com\\\/web\\\/#\\\/schema\\\/person\\\/7e6644a46e60888f6b868594407e08dd\"},\"headline\":\"Un cierre de listas con alt\u00edsima tensi\u00f3n y un \u201capag\u00f3n\u201d peronista en la \u00e1spera madrugada platense\",\"datePublished\":\"2025-07-20T23:40:28+00:00\",\"dateModified\":\"2025-07-20T23:40:30+00:00\",\"mainEntityOfPage\":{\"@id\":\"https:\\\/\\\/www.eldiariodetucuman.com\\\/web\\\/un-cierre-de-listas-con-altisima-tension-y-un-apagon-peronista-en-la-aspera-madrugada-platense\\\/\"},\"wordCount\":925,\"publisher\":{\"@id\":\"https:\\\/\\\/www.eldiariodetucuman.com\\\/web\\\/#organization\"},\"image\":{\"@id\":\"https:\\\/\\\/www.eldiariodetucuman.com\\\/web\\\/un-cierre-de-listas-con-altisima-tension-y-un-apagon-peronista-en-la-aspera-madrugada-platense\\\/#primaryimage\"},\"thumbnailUrl\":\"https:\\\/\\\/www.eldiariodetucuman.com\\\/web\\\/wp-content\\\/uploads\\\/2025\\\/07\\\/axel-kicillof-sergio-massa-y-maximo-LMN6RJ5JGFG3PHBACVJ72HCLIM.jpg\",\"articleSection\":[\"Politica\"],\"inLanguage\":\"es\"},{\"@type\":\"WebPage\",\"@id\":\"https:\\\/\\\/www.eldiariodetucuman.com\\\/web\\\/un-cierre-de-listas-con-altisima-tension-y-un-apagon-peronista-en-la-aspera-madrugada-platense\\\/\",\"url\":\"https:\\\/\\\/www.eldiariodetucuman.com\\\/web\\\/un-cierre-de-listas-con-altisima-tension-y-un-apagon-peronista-en-la-aspera-madrugada-platense\\\/\",\"name\":\"Un cierre de listas con alt\u00edsima tensi\u00f3n y un \u201capag\u00f3n\u201d peronista en la \u00e1spera madrugada platense - El Diario de Tucuman\",\"isPartOf\":{\"@id\":\"https:\\\/\\\/www.eldiariodetucuman.com\\\/web\\\/#website\"},\"primaryImageOfPage\":{\"@id\":\"https:\\\/\\\/www.eldiariodetucuman.com\\\/web\\\/un-cierre-de-listas-con-altisima-tension-y-un-apagon-peronista-en-la-aspera-madrugada-platense\\\/#primaryimage\"},\"image\":{\"@id\":\"https:\\\/\\\/www.eldiariodetucuman.com\\\/web\\\/un-cierre-de-listas-con-altisima-tension-y-un-apagon-peronista-en-la-aspera-madrugada-platense\\\/#primaryimage\"},\"thumbnailUrl\":\"https:\\\/\\\/www.eldiariodetucuman.com\\\/web\\\/wp-content\\\/uploads\\\/2025\\\/07\\\/axel-kicillof-sergio-massa-y-maximo-LMN6RJ5JGFG3PHBACVJ72HCLIM.jpg\",\"datePublished\":\"2025-07-20T23:40:28+00:00\",\"dateModified\":\"2025-07-20T23:40:30+00:00\",\"breadcrumb\":{\"@id\":\"https:\\\/\\\/www.eldiariodetucuman.com\\\/web\\\/un-cierre-de-listas-con-altisima-tension-y-un-apagon-peronista-en-la-aspera-madrugada-platense\\\/#breadcrumb\"},\"inLanguage\":\"es\",\"potentialAction\":[{\"@type\":\"ReadAction\",\"target\":[\"https:\\\/\\\/www.eldiariodetucuman.com\\\/web\\\/un-cierre-de-listas-con-altisima-tension-y-un-apagon-peronista-en-la-aspera-madrugada-platense\\\/\"]}]},{\"@type\":\"ImageObject\",\"inLanguage\":\"es\",\"@id\":\"https:\\\/\\\/www.eldiariodetucuman.com\\\/web\\\/un-cierre-de-listas-con-altisima-tension-y-un-apagon-peronista-en-la-aspera-madrugada-platense\\\/#primaryimage\",\"url\":\"https:\\\/\\\/www.eldiariodetucuman.com\\\/web\\\/wp-content\\\/uploads\\\/2025\\\/07\\\/axel-kicillof-sergio-massa-y-maximo-LMN6RJ5JGFG3PHBACVJ72HCLIM.jpg\",\"contentUrl\":\"https:\\\/\\\/www.eldiariodetucuman.com\\\/web\\\/wp-content\\\/uploads\\\/2025\\\/07\\\/axel-kicillof-sergio-massa-y-maximo-LMN6RJ5JGFG3PHBACVJ72HCLIM.jpg\",\"width\":1200,\"height\":800},{\"@type\":\"BreadcrumbList\",\"@id\":\"https:\\\/\\\/www.eldiariodetucuman.com\\\/web\\\/un-cierre-de-listas-con-altisima-tension-y-un-apagon-peronista-en-la-aspera-madrugada-platense\\\/#breadcrumb\",\"itemListElement\":[{\"@type\":\"ListItem\",\"position\":1,\"name\":\"Portada\",\"item\":\"https:\\\/\\\/www.eldiariodetucuman.com\\\/web\\\/\"},{\"@type\":\"ListItem\",\"position\":2,\"name\":\"Un cierre de listas con alt\u00edsima tensi\u00f3n y un \u201capag\u00f3n\u201d peronista en la \u00e1spera madrugada platense\"}]},{\"@type\":\"WebSite\",\"@id\":\"https:\\\/\\\/www.eldiariodetucuman.com\\\/web\\\/#website\",\"url\":\"https:\\\/\\\/www.eldiariodetucuman.com\\\/web\\\/\",\"name\":\"El Diario de Tucuman\",\"description\":\"Diario Tucuman - Informaci\u00f3n y noticias\",\"publisher\":{\"@id\":\"https:\\\/\\\/www.eldiariodetucuman.com\\\/web\\\/#organization\"},\"potentialAction\":[{\"@type\":\"SearchAction\",\"target\":{\"@type\":\"EntryPoint\",\"urlTemplate\":\"https:\\\/\\\/www.eldiariodetucuman.com\\\/web\\\/?s={search_term_string}\"},\"query-input\":{\"@type\":\"PropertyValueSpecification\",\"valueRequired\":true,\"valueName\":\"search_term_string\"}}],\"inLanguage\":\"es\"},{\"@type\":\"Organization\",\"@id\":\"https:\\\/\\\/www.eldiariodetucuman.com\\\/web\\\/#organization\",\"name\":\"El Diario de Tucuman\",\"url\":\"https:\\\/\\\/www.eldiariodetucuman.com\\\/web\\\/\",\"logo\":{\"@type\":\"ImageObject\",\"inLanguage\":\"es\",\"@id\":\"https:\\\/\\\/www.eldiariodetucuman.com\\\/web\\\/#\\\/schema\\\/logo\\\/image\\\/\",\"url\":\"http:\\\/\\\/www.eldiariodetucuman.com\\\/web\\\/wp-content\\\/uploads\\\/2017\\\/12\\\/el-diario-de-tucuman.jpg\",\"contentUrl\":\"http:\\\/\\\/www.eldiariodetucuman.com\\\/web\\\/wp-content\\\/uploads\\\/2017\\\/12\\\/el-diario-de-tucuman.jpg\",\"width\":272,\"height\":92,\"caption\":\"El Diario de Tucuman\"},\"image\":{\"@id\":\"https:\\\/\\\/www.eldiariodetucuman.com\\\/web\\\/#\\\/schema\\\/logo\\\/image\\\/\"}},{\"@type\":\"Person\",\"@id\":\"https:\\\/\\\/www.eldiariodetucuman.com\\\/web\\\/#\\\/schema\\\/person\\\/7e6644a46e60888f6b868594407e08dd\",\"name\":\"Redactor Uno\",\"image\":{\"@type\":\"ImageObject\",\"inLanguage\":\"es\",\"@id\":\"https:\\\/\\\/secure.gravatar.com\\\/avatar\\\/0049b1bdf1bd548385c9ea6b9356431717930913089febd2ba904f0187d7d074?s=96&d=mm&r=g\",\"url\":\"https:\\\/\\\/secure.gravatar.com\\\/avatar\\\/0049b1bdf1bd548385c9ea6b9356431717930913089febd2ba904f0187d7d074?s=96&d=mm&r=g\",\"contentUrl\":\"https:\\\/\\\/secure.gravatar.com\\\/avatar\\\/0049b1bdf1bd548385c9ea6b9356431717930913089febd2ba904f0187d7d074?s=96&d=mm&r=g\",\"caption\":\"Redactor Uno\"},\"url\":\"https:\\\/\\\/www.eldiariodetucuman.com\\\/web\\\/author\\\/mramasco\\\/\"}]}<\/script>\n<!-- \/ Yoast SEO plugin. -->","yoast_head_json":{"title":"Un cierre de listas con alt\u00edsima tensi\u00f3n y un \u201capag\u00f3n\u201d peronista en la \u00e1spera madrugada platense - El Diario de Tucuman","robots":{"index":"index","follow":"follow","max-snippet":"max-snippet:-1","max-image-preview":"max-image-preview:large","max-video-preview":"max-video-preview:-1"},"canonical":"https:\/\/www.eldiariodetucuman.com\/web\/un-cierre-de-listas-con-altisima-tension-y-un-apagon-peronista-en-la-aspera-madrugada-platense\/","og_locale":"es_ES","og_type":"article","og_title":"Un cierre de listas con alt\u00edsima tensi\u00f3n y un \u201capag\u00f3n\u201d peronista en la \u00e1spera madrugada platense - El Diario de Tucuman","og_description":"\u201cSubi\u00f3 tanto la tensi\u00f3n que salt\u00f3 la t\u00e9rmica y nos quedamos sin luz\u201d. La frase resuena desde la madrugada de este domingo entre los dirigentes que negociaron horas y horas las listas del peronismo bonaerense en La Plata, donde dos sorpresivos cortes del suministro el\u00e9ctrico terminaron favoreciendo a Fuerza Patria, la nueva denominaci\u00f3n del PJ [&hellip;]","og_url":"https:\/\/www.eldiariodetucuman.com\/web\/un-cierre-de-listas-con-altisima-tension-y-un-apagon-peronista-en-la-aspera-madrugada-platense\/","og_site_name":"El Diario de Tucuman","article_published_time":"2025-07-20T23:40:28+00:00","article_modified_time":"2025-07-20T23:40:30+00:00","og_image":[{"width":1200,"height":800,"url":"https:\/\/www.eldiariodetucuman.com\/web\/wp-content\/uploads\/2025\/07\/axel-kicillof-sergio-massa-y-maximo-LMN6RJ5JGFG3PHBACVJ72HCLIM.jpg","type":"image\/jpeg"}],"author":"Redactor Uno","twitter_card":"summary_large_image","twitter_misc":{"Escrito por":"Redactor Uno","Tiempo de lectura":"5 minutos"},"schema":{"@context":"https:\/\/schema.org","@graph":[{"@type":"Article","@id":"https:\/\/www.eldiariodetucuman.com\/web\/un-cierre-de-listas-con-altisima-tension-y-un-apagon-peronista-en-la-aspera-madrugada-platense\/#article","isPartOf":{"@id":"https:\/\/www.eldiariodetucuman.com\/web\/un-cierre-de-listas-con-altisima-tension-y-un-apagon-peronista-en-la-aspera-madrugada-platense\/"},"author":{"name":"Redactor Uno","@id":"https:\/\/www.eldiariodetucuman.com\/web\/#\/schema\/person\/7e6644a46e60888f6b868594407e08dd"},"headline":"Un cierre de listas con alt\u00edsima tensi\u00f3n y un \u201capag\u00f3n\u201d peronista en la \u00e1spera madrugada platense","datePublished":"2025-07-20T23:40:28+00:00","dateModified":"2025-07-20T23:40:30+00:00","mainEntityOfPage":{"@id":"https:\/\/www.eldiariodetucuman.com\/web\/un-cierre-de-listas-con-altisima-tension-y-un-apagon-peronista-en-la-aspera-madrugada-platense\/"},"wordCount":925,"publisher":{"@id":"https:\/\/www.eldiariodetucuman.com\/web\/#organization"},"image":{"@id":"https:\/\/www.eldiariodetucuman.com\/web\/un-cierre-de-listas-con-altisima-tension-y-un-apagon-peronista-en-la-aspera-madrugada-platense\/#primaryimage"},"thumbnailUrl":"https:\/\/www.eldiariodetucuman.com\/web\/wp-content\/uploads\/2025\/07\/axel-kicillof-sergio-massa-y-maximo-LMN6RJ5JGFG3PHBACVJ72HCLIM.jpg","articleSection":["Politica"],"inLanguage":"es"},{"@type":"WebPage","@id":"https:\/\/www.eldiariodetucuman.com\/web\/un-cierre-de-listas-con-altisima-tension-y-un-apagon-peronista-en-la-aspera-madrugada-platense\/","url":"https:\/\/www.eldiariodetucuman.com\/web\/un-cierre-de-listas-con-altisima-tension-y-un-apagon-peronista-en-la-aspera-madrugada-platense\/","name":"Un cierre de listas con alt\u00edsima tensi\u00f3n y un \u201capag\u00f3n\u201d peronista en la \u00e1spera madrugada platense - El Diario de Tucuman","isPartOf":{"@id":"https:\/\/www.eldiariodetucuman.com\/web\/#website"},"primaryImageOfPage":{"@id":"https:\/\/www.eldiariodetucuman.com\/web\/un-cierre-de-listas-con-altisima-tension-y-un-apagon-peronista-en-la-aspera-madrugada-platense\/#primaryimage"},"image":{"@id":"https:\/\/www.eldiariodetucuman.com\/web\/un-cierre-de-listas-con-altisima-tension-y-un-apagon-peronista-en-la-aspera-madrugada-platense\/#primaryimage"},"thumbnailUrl":"https:\/\/www.eldiariodetucuman.com\/web\/wp-content\/uploads\/2025\/07\/axel-kicillof-sergio-massa-y-maximo-LMN6RJ5JGFG3PHBACVJ72HCLIM.jpg","datePublished":"2025-07-20T23:40:28+00:00","dateModified":"2025-07-20T23:40:30+00:00","breadcrumb":{"@id":"https:\/\/www.eldiariodetucuman.com\/web\/un-cierre-de-listas-con-altisima-tension-y-un-apagon-peronista-en-la-aspera-madrugada-platense\/#breadcrumb"},"inLanguage":"es","potentialAction":[{"@type":"ReadAction","target":["https:\/\/www.eldiariodetucuman.com\/web\/un-cierre-de-listas-con-altisima-tension-y-un-apagon-peronista-en-la-aspera-madrugada-platense\/"]}]},{"@type":"ImageObject","inLanguage":"es","@id":"https:\/\/www.eldiariodetucuman.com\/web\/un-cierre-de-listas-con-altisima-tension-y-un-apagon-peronista-en-la-aspera-madrugada-platense\/#primaryimage","url":"https:\/\/www.eldiariodetucuman.com\/web\/wp-content\/uploads\/2025\/07\/axel-kicillof-sergio-massa-y-maximo-LMN6RJ5JGFG3PHBACVJ72HCLIM.jpg","contentUrl":"https:\/\/www.eldiariodetucuman.com\/web\/wp-content\/uploads\/2025\/07\/axel-kicillof-sergio-massa-y-maximo-LMN6RJ5JGFG3PHBACVJ72HCLIM.jpg","width":1200,"height":800},{"@type":"BreadcrumbList","@id":"https:\/\/www.eldiariodetucuman.com\/web\/un-cierre-de-listas-con-altisima-tension-y-un-apagon-peronista-en-la-aspera-madrugada-platense\/#breadcrumb","itemListElement":[{"@type":"ListItem","position":1,"name":"Portada","item":"https:\/\/www.eldiariodetucuman.com\/web\/"},{"@type":"ListItem","position":2,"name":"Un cierre de listas con alt\u00edsima tensi\u00f3n y un \u201capag\u00f3n\u201d peronista en la \u00e1spera madrugada platense"}]},{"@type":"WebSite","@id":"https:\/\/www.eldiariodetucuman.com\/web\/#website","url":"https:\/\/www.eldiariodetucuman.com\/web\/","name":"El Diario de Tucuman","description":"Diario Tucuman - Informaci\u00f3n y noticias","publisher":{"@id":"https:\/\/www.eldiariodetucuman.com\/web\/#organization"},"potentialAction":[{"@type":"SearchAction","target":{"@type":"EntryPoint","urlTemplate":"https:\/\/www.eldiariodetucuman.com\/web\/?s={search_term_string}"},"query-input":{"@type":"PropertyValueSpecification","valueRequired":true,"valueName":"search_term_string"}}],"inLanguage":"es"},{"@type":"Organization","@id":"https:\/\/www.eldiariodetucuman.com\/web\/#organization","name":"El Diario de Tucuman","url":"https:\/\/www.eldiariodetucuman.com\/web\/","logo":{"@type":"ImageObject","inLanguage":"es","@id":"https:\/\/www.eldiariodetucuman.com\/web\/#\/schema\/logo\/image\/","url":"http:\/\/www.eldiariodetucuman.com\/web\/wp-content\/uploads\/2017\/12\/el-diario-de-tucuman.jpg","contentUrl":"http:\/\/www.eldiariodetucuman.com\/web\/wp-content\/uploads\/2017\/12\/el-diario-de-tucuman.jpg","width":272,"height":92,"caption":"El Diario de Tucuman"},"image":{"@id":"https:\/\/www.eldiariodetucuman.com\/web\/#\/schema\/logo\/image\/"}},{"@type":"Person","@id":"https:\/\/www.eldiariodetucuman.com\/web\/#\/schema\/person\/7e6644a46e60888f6b868594407e08dd","name":"Redactor Uno","image":{"@type":"ImageObject","inLanguage":"es","@id":"https:\/\/secure.gravatar.com\/avatar\/0049b1bdf1bd548385c9ea6b9356431717930913089febd2ba904f0187d7d074?s=96&d=mm&r=g","url":"https:\/\/secure.gravatar.com\/avatar\/0049b1bdf1bd548385c9ea6b9356431717930913089febd2ba904f0187d7d074?s=96&d=mm&r=g","contentUrl":"https:\/\/secure.gravatar.com\/avatar\/0049b1bdf1bd548385c9ea6b9356431717930913089febd2ba904f0187d7d074?s=96&d=mm&r=g","caption":"Redactor Uno"},"url":"https:\/\/www.eldiariodetucuman.com\/web\/author\/mramasco\/"}]}},"_links":{"self":[{"href":"https:\/\/www.eldiariodetucuman.com\/web\/wp-json\/wp\/v2\/posts\/45115","targetHints":{"allow":["GET"]}}],"collection":[{"href":"https:\/\/www.eldiariodetucuman.com\/web\/wp-json\/wp\/v2\/posts"}],"about":[{"href":"https:\/\/www.eldiariodetucuman.com\/web\/wp-json\/wp\/v2\/types\/post"}],"author":[{"embeddable":true,"href":"https:\/\/www.eldiariodetucuman.com\/web\/wp-json\/wp\/v2\/users\/5"}],"replies":[{"embeddable":true,"href":"https:\/\/www.eldiariodetucuman.com\/web\/wp-json\/wp\/v2\/comments?post=45115"}],"version-history":[{"count":1,"href":"https:\/\/www.eldiariodetucuman.com\/web\/wp-json\/wp\/v2\/posts\/45115\/revisions"}],"predecessor-version":[{"id":45117,"href":"https:\/\/www.eldiariodetucuman.com\/web\/wp-json\/wp\/v2\/posts\/45115\/revisions\/45117"}],"wp:featuredmedia":[{"embeddable":true,"href":"https:\/\/www.eldiariodetucuman.com\/web\/wp-json\/wp\/v2\/media\/45116"}],"wp:attachment":[{"href":"https:\/\/www.eldiariodetucuman.com\/web\/wp-json\/wp\/v2\/media?parent=45115"}],"wp:term":[{"taxonomy":"category","embeddable":true,"href":"https:\/\/www.eldiariodetucuman.com\/web\/wp-json\/wp\/v2\/categories?post=45115"},{"taxonomy":"post_tag","embeddable":true,"href":"https:\/\/www.eldiariodetucuman.com\/web\/wp-json\/wp\/v2\/tags?post=45115"}],"curies":[{"name":"wp","href":"https:\/\/api.w.org\/{rel}","templated":true}]}}