{"id":45107,"date":"2025-07-20T13:59:08","date_gmt":"2025-07-20T16:59:08","guid":{"rendered":"https:\/\/www.eldiariodetucuman.com\/web\/forzo-la-ventana-de-una-casa-para-robar-y-ahora-ira-a-prision-preventiva\/"},"modified":"2025-07-20T13:59:08","modified_gmt":"2025-07-20T16:59:08","slug":"forzo-la-ventana-de-una-casa-para-robar-y-ahora-ira-a-prision-preventiva","status":"publish","type":"post","link":"https:\/\/www.eldiariodetucuman.com\/web\/forzo-la-ventana-de-una-casa-para-robar-y-ahora-ira-a-prision-preventiva\/","title":{"rendered":"Forz\u00f3 la ventana de una casa para robar y ahora ir\u00e1 a prisi\u00f3n preventiva"},"content":{"rendered":"<p>  <\/p>\n<p> <strong>El caso es investigado por la Unidad Fiscal de Robos y Hurtos <\/strong>de Feria, a cargo de Jos\u00e9 Sanju\u00e1n, quien fue representado por el auxiliar de fiscal Ricardo Yba\u00f1ez, quien describi\u00f3 el hecho, la calificaci\u00f3n legal y las evidencias con las que cuenta la acusaci\u00f3n p\u00fablica, adem\u00e1s de requerir medidas privativas de la libertad en contra del acusado.<\/p>\n<p><strong>La Fiscal\u00eda formul\u00f3 cargos por el delito calificado como robo agravado por efracci\u00f3n en calidad de autor, requiriendo en contra del mismo la prisi\u00f3n preventiva por 29 d\u00edas.<\/strong><\/p>\n<p>\u00abPodemos sostener la existencia del hecho y la participaci\u00f3n del imputado de acuerdo a la evidencia recolectada hasta el momento. Vamos a solicitar que permanezca detenido mientras avanza la investigaci\u00f3n ante los riesgos procesales de peligro de fuga y entorpecimiento de la investigaci\u00f3n. Se debe tener en cuenta que el mismo estaba acompa\u00f1ado de una mujer respecto a quien se deben realizar averiguaciones\u00bb, fundament\u00f3 el investigador del MPF. <\/p>\n<p>Por su parte, <strong>la jueza interviniente orden\u00f3 hacer lugar parcialmente al plazo requerido por la Fiscal\u00eda, concediendo la medida restrictiva de la libertad por el t\u00e9rmino de 10 d\u00edas.<\/strong><\/p>\n<p> Imagen de WhatsApp 2025-07-20 a las 10.27.03_692367f0.jpg  <\/p>\n<p> Forz\u00f3 la ventana de una casa para robar y ahora ir\u00e1 a prisi\u00f3n preventiva.<\/p>\n<h2>El hecho<\/h2>\n<p>El 16 de julio pasado, en horas de la siesta, fue que el acusado junto a una mujer, arribaron a un domicilio ubicado en calle Bulnes primera cuadra, de la ciudad Capital. A continuaci\u00f3n, este individuo <strong>cort\u00f3 la reja de hierro que protege una ventana e ingres\u00f3 al inmueble por esa abertura.<\/strong><\/p>\n<p><strong> Una vez adentro de la vivienda, sustrajo dos notebooks, una tablets, dos discos r\u00edgidos, un monitor y una mochila, huyendo con los elementos detallados.<\/strong><\/p>\n<p>Fuente: <a href=\"https:\/\/www.lv12.com.ar\/prision\/forzo-la-ventana-una-casa-robar-y-ahora-ira-prision-preventiva-n182364\"> Fuente de la nota <\/a><\/p>\n","protected":false},"excerpt":{"rendered":"<p>El caso es investigado por la Unidad Fiscal de Robos y Hurtos de Feria, a cargo de Jos\u00e9 Sanju\u00e1n, quien fue representado por el auxiliar de fiscal Ricardo Yba\u00f1ez, quien describi\u00f3 el hecho, la calificaci\u00f3n legal y las evidencias con las que cuenta la acusaci\u00f3n p\u00fablica, adem\u00e1s de requerir medidas privativas de la libertad en [&hellip;]<\/p>\n","protected":false},"author":1,"featured_media":45108,"comment_status":"closed","ping_status":"open","sticky":false,"template":"","format":"standard","meta":{"footnotes":""},"categories":[927],"tags":[],"class_list":{"0":"post-45107","1":"post","2":"type-post","3":"status-publish","4":"format-standard","5":"has-post-thumbnail","7":"category-policiales"},"yoast_head":"<!-- This site is optimized with the Yoast SEO plugin v27.4 - https:\/\/yoast.com\/product\/yoast-seo-wordpress\/ -->\n<title>Forz\u00f3 la ventana de una casa para robar y ahora ir\u00e1 a prisi\u00f3n preventiva - El Diario de Tucuman<\/title>\n<meta name=\"robots\" content=\"index, follow, max-snippet:-1, max-image-preview:large, max-video-preview:-1\" \/>\n<link rel=\"canonical\" href=\"https:\/\/www.eldiariodetucuman.com\/web\/forzo-la-ventana-de-una-casa-para-robar-y-ahora-ira-a-prision-preventiva\/\" \/>\n<meta property=\"og:locale\" content=\"es_ES\" \/>\n<meta property=\"og:type\" content=\"article\" \/>\n<meta property=\"og:title\" content=\"Forz\u00f3 la ventana de una casa para robar y ahora ir\u00e1 a prisi\u00f3n preventiva - El Diario de Tucuman\" \/>\n<meta property=\"og:description\" content=\"El caso es investigado por la Unidad Fiscal de Robos y Hurtos de Feria, a cargo de Jos\u00e9 Sanju\u00e1n, quien fue representado por el auxiliar de fiscal Ricardo Yba\u00f1ez, quien describi\u00f3 el hecho, la calificaci\u00f3n legal y las evidencias con las que cuenta la acusaci\u00f3n p\u00fablica, adem\u00e1s de requerir medidas privativas de la libertad en [&hellip;]\" \/>\n<meta property=\"og:url\" content=\"https:\/\/www.eldiariodetucuman.com\/web\/forzo-la-ventana-de-una-casa-para-robar-y-ahora-ira-a-prision-preventiva\/\" \/>\n<meta property=\"og:site_name\" content=\"El Diario de Tucuman\" \/>\n<meta property=\"article:published_time\" content=\"2025-07-20T16:59:08+00:00\" \/>\n<meta name=\"author\" content=\"admin\" \/>\n<meta name=\"twitter:card\" content=\"summary_large_image\" \/>\n<meta name=\"twitter:label1\" content=\"Escrito por\" \/>\n\t<meta name=\"twitter:data1\" content=\"admin\" \/>\n\t<meta name=\"twitter:label2\" content=\"Tiempo de lectura\" \/>\n\t<meta name=\"twitter:data2\" content=\"2 minutos\" \/>\n<script type=\"application\/ld+json\" class=\"yoast-schema-graph\">{\"@context\":\"https:\\\/\\\/schema.org\",\"@graph\":[{\"@type\":\"Article\",\"@id\":\"https:\\\/\\\/www.eldiariodetucuman.com\\\/web\\\/forzo-la-ventana-de-una-casa-para-robar-y-ahora-ira-a-prision-preventiva\\\/#article\",\"isPartOf\":{\"@id\":\"https:\\\/\\\/www.eldiariodetucuman.com\\\/web\\\/forzo-la-ventana-de-una-casa-para-robar-y-ahora-ira-a-prision-preventiva\\\/\"},\"author\":{\"name\":\"admin\",\"@id\":\"https:\\\/\\\/www.eldiariodetucuman.com\\\/web\\\/#\\\/schema\\\/person\\\/9250197d75ab5483412e19678b121caa\"},\"headline\":\"Forz\u00f3 la ventana de una casa para robar y ahora ir\u00e1 a prisi\u00f3n preventiva\",\"datePublished\":\"2025-07-20T16:59:08+00:00\",\"mainEntityOfPage\":{\"@id\":\"https:\\\/\\\/www.eldiariodetucuman.com\\\/web\\\/forzo-la-ventana-de-una-casa-para-robar-y-ahora-ira-a-prision-preventiva\\\/\"},\"wordCount\":321,\"publisher\":{\"@id\":\"https:\\\/\\\/www.eldiariodetucuman.com\\\/web\\\/#organization\"},\"image\":{\"@id\":\"https:\\\/\\\/www.eldiariodetucuman.com\\\/web\\\/forzo-la-ventana-de-una-casa-para-robar-y-ahora-ira-a-prision-preventiva\\\/#primaryimage\"},\"thumbnailUrl\":\"https:\\\/\\\/www.eldiariodetucuman.com\\\/web\\\/wp-content\\\/uploads\\\/2025\\\/07\\\/Forzo-la-ventana-de-una-casa-para-robar-y-ahora.jpg\",\"articleSection\":[\"Policiales\"],\"inLanguage\":\"es\"},{\"@type\":\"WebPage\",\"@id\":\"https:\\\/\\\/www.eldiariodetucuman.com\\\/web\\\/forzo-la-ventana-de-una-casa-para-robar-y-ahora-ira-a-prision-preventiva\\\/\",\"url\":\"https:\\\/\\\/www.eldiariodetucuman.com\\\/web\\\/forzo-la-ventana-de-una-casa-para-robar-y-ahora-ira-a-prision-preventiva\\\/\",\"name\":\"Forz\u00f3 la ventana de una casa para robar y ahora ir\u00e1 a prisi\u00f3n preventiva - El Diario de Tucuman\",\"isPartOf\":{\"@id\":\"https:\\\/\\\/www.eldiariodetucuman.com\\\/web\\\/#website\"},\"primaryImageOfPage\":{\"@id\":\"https:\\\/\\\/www.eldiariodetucuman.com\\\/web\\\/forzo-la-ventana-de-una-casa-para-robar-y-ahora-ira-a-prision-preventiva\\\/#primaryimage\"},\"image\":{\"@id\":\"https:\\\/\\\/www.eldiariodetucuman.com\\\/web\\\/forzo-la-ventana-de-una-casa-para-robar-y-ahora-ira-a-prision-preventiva\\\/#primaryimage\"},\"thumbnailUrl\":\"https:\\\/\\\/www.eldiariodetucuman.com\\\/web\\\/wp-content\\\/uploads\\\/2025\\\/07\\\/Forzo-la-ventana-de-una-casa-para-robar-y-ahora.jpg\",\"datePublished\":\"2025-07-20T16:59:08+00:00\",\"breadcrumb\":{\"@id\":\"https:\\\/\\\/www.eldiariodetucuman.com\\\/web\\\/forzo-la-ventana-de-una-casa-para-robar-y-ahora-ira-a-prision-preventiva\\\/#breadcrumb\"},\"inLanguage\":\"es\",\"potentialAction\":[{\"@type\":\"ReadAction\",\"target\":[\"https:\\\/\\\/www.eldiariodetucuman.com\\\/web\\\/forzo-la-ventana-de-una-casa-para-robar-y-ahora-ira-a-prision-preventiva\\\/\"]}]},{\"@type\":\"ImageObject\",\"inLanguage\":\"es\",\"@id\":\"https:\\\/\\\/www.eldiariodetucuman.com\\\/web\\\/forzo-la-ventana-de-una-casa-para-robar-y-ahora-ira-a-prision-preventiva\\\/#primaryimage\",\"url\":\"https:\\\/\\\/www.eldiariodetucuman.com\\\/web\\\/wp-content\\\/uploads\\\/2025\\\/07\\\/Forzo-la-ventana-de-una-casa-para-robar-y-ahora.jpg\",\"contentUrl\":\"https:\\\/\\\/www.eldiariodetucuman.com\\\/web\\\/wp-content\\\/uploads\\\/2025\\\/07\\\/Forzo-la-ventana-de-una-casa-para-robar-y-ahora.jpg\",\"width\":1200,\"height\":675},{\"@type\":\"BreadcrumbList\",\"@id\":\"https:\\\/\\\/www.eldiariodetucuman.com\\\/web\\\/forzo-la-ventana-de-una-casa-para-robar-y-ahora-ira-a-prision-preventiva\\\/#breadcrumb\",\"itemListElement\":[{\"@type\":\"ListItem\",\"position\":1,\"name\":\"Portada\",\"item\":\"https:\\\/\\\/www.eldiariodetucuman.com\\\/web\\\/\"},{\"@type\":\"ListItem\",\"position\":2,\"name\":\"Forz\u00f3 la ventana de una casa para robar y ahora ir\u00e1 a prisi\u00f3n preventiva\"}]},{\"@type\":\"WebSite\",\"@id\":\"https:\\\/\\\/www.eldiariodetucuman.com\\\/web\\\/#website\",\"url\":\"https:\\\/\\\/www.eldiariodetucuman.com\\\/web\\\/\",\"name\":\"El Diario de Tucuman\",\"description\":\"Diario Tucuman - Informaci\u00f3n y noticias\",\"publisher\":{\"@id\":\"https:\\\/\\\/www.eldiariodetucuman.com\\\/web\\\/#organization\"},\"potentialAction\":[{\"@type\":\"SearchAction\",\"target\":{\"@type\":\"EntryPoint\",\"urlTemplate\":\"https:\\\/\\\/www.eldiariodetucuman.com\\\/web\\\/?s={search_term_string}\"},\"query-input\":{\"@type\":\"PropertyValueSpecification\",\"valueRequired\":true,\"valueName\":\"search_term_string\"}}],\"inLanguage\":\"es\"},{\"@type\":\"Organization\",\"@id\":\"https:\\\/\\\/www.eldiariodetucuman.com\\\/web\\\/#organization\",\"name\":\"El Diario de Tucuman\",\"url\":\"https:\\\/\\\/www.eldiariodetucuman.com\\\/web\\\/\",\"logo\":{\"@type\":\"ImageObject\",\"inLanguage\":\"es\",\"@id\":\"https:\\\/\\\/www.eldiariodetucuman.com\\\/web\\\/#\\\/schema\\\/logo\\\/image\\\/\",\"url\":\"http:\\\/\\\/www.eldiariodetucuman.com\\\/web\\\/wp-content\\\/uploads\\\/2017\\\/12\\\/el-diario-de-tucuman.jpg\",\"contentUrl\":\"http:\\\/\\\/www.eldiariodetucuman.com\\\/web\\\/wp-content\\\/uploads\\\/2017\\\/12\\\/el-diario-de-tucuman.jpg\",\"width\":272,\"height\":92,\"caption\":\"El Diario de Tucuman\"},\"image\":{\"@id\":\"https:\\\/\\\/www.eldiariodetucuman.com\\\/web\\\/#\\\/schema\\\/logo\\\/image\\\/\"}},{\"@type\":\"Person\",\"@id\":\"https:\\\/\\\/www.eldiariodetucuman.com\\\/web\\\/#\\\/schema\\\/person\\\/9250197d75ab5483412e19678b121caa\",\"name\":\"admin\",\"image\":{\"@type\":\"ImageObject\",\"inLanguage\":\"es\",\"@id\":\"https:\\\/\\\/secure.gravatar.com\\\/avatar\\\/c44d117c2be811212c22cb481f6b8384b6873de103fbc49e7a03cc58d7dea4ac?s=96&d=mm&r=g\",\"url\":\"https:\\\/\\\/secure.gravatar.com\\\/avatar\\\/c44d117c2be811212c22cb481f6b8384b6873de103fbc49e7a03cc58d7dea4ac?s=96&d=mm&r=g\",\"contentUrl\":\"https:\\\/\\\/secure.gravatar.com\\\/avatar\\\/c44d117c2be811212c22cb481f6b8384b6873de103fbc49e7a03cc58d7dea4ac?s=96&d=mm&r=g\",\"caption\":\"admin\"},\"url\":\"https:\\\/\\\/www.eldiariodetucuman.com\\\/web\\\/author\\\/admin\\\/\"}]}<\/script>\n<!-- \/ Yoast SEO plugin. -->","yoast_head_json":{"title":"Forz\u00f3 la ventana de una casa para robar y ahora ir\u00e1 a prisi\u00f3n preventiva - El Diario de Tucuman","robots":{"index":"index","follow":"follow","max-snippet":"max-snippet:-1","max-image-preview":"max-image-preview:large","max-video-preview":"max-video-preview:-1"},"canonical":"https:\/\/www.eldiariodetucuman.com\/web\/forzo-la-ventana-de-una-casa-para-robar-y-ahora-ira-a-prision-preventiva\/","og_locale":"es_ES","og_type":"article","og_title":"Forz\u00f3 la ventana de una casa para robar y ahora ir\u00e1 a prisi\u00f3n preventiva - El Diario de Tucuman","og_description":"El caso es investigado por la Unidad Fiscal de Robos y Hurtos de Feria, a cargo de Jos\u00e9 Sanju\u00e1n, quien fue representado por el auxiliar de fiscal Ricardo Yba\u00f1ez, quien describi\u00f3 el hecho, la calificaci\u00f3n legal y las evidencias con las que cuenta la acusaci\u00f3n p\u00fablica, adem\u00e1s de requerir medidas privativas de la libertad en [&hellip;]","og_url":"https:\/\/www.eldiariodetucuman.com\/web\/forzo-la-ventana-de-una-casa-para-robar-y-ahora-ira-a-prision-preventiva\/","og_site_name":"El Diario de Tucuman","article_published_time":"2025-07-20T16:59:08+00:00","author":"admin","twitter_card":"summary_large_image","twitter_misc":{"Escrito por":"admin","Tiempo de lectura":"2 minutos"},"schema":{"@context":"https:\/\/schema.org","@graph":[{"@type":"Article","@id":"https:\/\/www.eldiariodetucuman.com\/web\/forzo-la-ventana-de-una-casa-para-robar-y-ahora-ira-a-prision-preventiva\/#article","isPartOf":{"@id":"https:\/\/www.eldiariodetucuman.com\/web\/forzo-la-ventana-de-una-casa-para-robar-y-ahora-ira-a-prision-preventiva\/"},"author":{"name":"admin","@id":"https:\/\/www.eldiariodetucuman.com\/web\/#\/schema\/person\/9250197d75ab5483412e19678b121caa"},"headline":"Forz\u00f3 la ventana de una casa para robar y ahora ir\u00e1 a prisi\u00f3n preventiva","datePublished":"2025-07-20T16:59:08+00:00","mainEntityOfPage":{"@id":"https:\/\/www.eldiariodetucuman.com\/web\/forzo-la-ventana-de-una-casa-para-robar-y-ahora-ira-a-prision-preventiva\/"},"wordCount":321,"publisher":{"@id":"https:\/\/www.eldiariodetucuman.com\/web\/#organization"},"image":{"@id":"https:\/\/www.eldiariodetucuman.com\/web\/forzo-la-ventana-de-una-casa-para-robar-y-ahora-ira-a-prision-preventiva\/#primaryimage"},"thumbnailUrl":"https:\/\/www.eldiariodetucuman.com\/web\/wp-content\/uploads\/2025\/07\/Forzo-la-ventana-de-una-casa-para-robar-y-ahora.jpg","articleSection":["Policiales"],"inLanguage":"es"},{"@type":"WebPage","@id":"https:\/\/www.eldiariodetucuman.com\/web\/forzo-la-ventana-de-una-casa-para-robar-y-ahora-ira-a-prision-preventiva\/","url":"https:\/\/www.eldiariodetucuman.com\/web\/forzo-la-ventana-de-una-casa-para-robar-y-ahora-ira-a-prision-preventiva\/","name":"Forz\u00f3 la ventana de una casa para robar y ahora ir\u00e1 a prisi\u00f3n preventiva - El Diario de Tucuman","isPartOf":{"@id":"https:\/\/www.eldiariodetucuman.com\/web\/#website"},"primaryImageOfPage":{"@id":"https:\/\/www.eldiariodetucuman.com\/web\/forzo-la-ventana-de-una-casa-para-robar-y-ahora-ira-a-prision-preventiva\/#primaryimage"},"image":{"@id":"https:\/\/www.eldiariodetucuman.com\/web\/forzo-la-ventana-de-una-casa-para-robar-y-ahora-ira-a-prision-preventiva\/#primaryimage"},"thumbnailUrl":"https:\/\/www.eldiariodetucuman.com\/web\/wp-content\/uploads\/2025\/07\/Forzo-la-ventana-de-una-casa-para-robar-y-ahora.jpg","datePublished":"2025-07-20T16:59:08+00:00","breadcrumb":{"@id":"https:\/\/www.eldiariodetucuman.com\/web\/forzo-la-ventana-de-una-casa-para-robar-y-ahora-ira-a-prision-preventiva\/#breadcrumb"},"inLanguage":"es","potentialAction":[{"@type":"ReadAction","target":["https:\/\/www.eldiariodetucuman.com\/web\/forzo-la-ventana-de-una-casa-para-robar-y-ahora-ira-a-prision-preventiva\/"]}]},{"@type":"ImageObject","inLanguage":"es","@id":"https:\/\/www.eldiariodetucuman.com\/web\/forzo-la-ventana-de-una-casa-para-robar-y-ahora-ira-a-prision-preventiva\/#primaryimage","url":"https:\/\/www.eldiariodetucuman.com\/web\/wp-content\/uploads\/2025\/07\/Forzo-la-ventana-de-una-casa-para-robar-y-ahora.jpg","contentUrl":"https:\/\/www.eldiariodetucuman.com\/web\/wp-content\/uploads\/2025\/07\/Forzo-la-ventana-de-una-casa-para-robar-y-ahora.jpg","width":1200,"height":675},{"@type":"BreadcrumbList","@id":"https:\/\/www.eldiariodetucuman.com\/web\/forzo-la-ventana-de-una-casa-para-robar-y-ahora-ira-a-prision-preventiva\/#breadcrumb","itemListElement":[{"@type":"ListItem","position":1,"name":"Portada","item":"https:\/\/www.eldiariodetucuman.com\/web\/"},{"@type":"ListItem","position":2,"name":"Forz\u00f3 la ventana de una casa para robar y ahora ir\u00e1 a prisi\u00f3n preventiva"}]},{"@type":"WebSite","@id":"https:\/\/www.eldiariodetucuman.com\/web\/#website","url":"https:\/\/www.eldiariodetucuman.com\/web\/","name":"El Diario de Tucuman","description":"Diario Tucuman - Informaci\u00f3n y noticias","publisher":{"@id":"https:\/\/www.eldiariodetucuman.com\/web\/#organization"},"potentialAction":[{"@type":"SearchAction","target":{"@type":"EntryPoint","urlTemplate":"https:\/\/www.eldiariodetucuman.com\/web\/?s={search_term_string}"},"query-input":{"@type":"PropertyValueSpecification","valueRequired":true,"valueName":"search_term_string"}}],"inLanguage":"es"},{"@type":"Organization","@id":"https:\/\/www.eldiariodetucuman.com\/web\/#organization","name":"El Diario de Tucuman","url":"https:\/\/www.eldiariodetucuman.com\/web\/","logo":{"@type":"ImageObject","inLanguage":"es","@id":"https:\/\/www.eldiariodetucuman.com\/web\/#\/schema\/logo\/image\/","url":"http:\/\/www.eldiariodetucuman.com\/web\/wp-content\/uploads\/2017\/12\/el-diario-de-tucuman.jpg","contentUrl":"http:\/\/www.eldiariodetucuman.com\/web\/wp-content\/uploads\/2017\/12\/el-diario-de-tucuman.jpg","width":272,"height":92,"caption":"El Diario de Tucuman"},"image":{"@id":"https:\/\/www.eldiariodetucuman.com\/web\/#\/schema\/logo\/image\/"}},{"@type":"Person","@id":"https:\/\/www.eldiariodetucuman.com\/web\/#\/schema\/person\/9250197d75ab5483412e19678b121caa","name":"admin","image":{"@type":"ImageObject","inLanguage":"es","@id":"https:\/\/secure.gravatar.com\/avatar\/c44d117c2be811212c22cb481f6b8384b6873de103fbc49e7a03cc58d7dea4ac?s=96&d=mm&r=g","url":"https:\/\/secure.gravatar.com\/avatar\/c44d117c2be811212c22cb481f6b8384b6873de103fbc49e7a03cc58d7dea4ac?s=96&d=mm&r=g","contentUrl":"https:\/\/secure.gravatar.com\/avatar\/c44d117c2be811212c22cb481f6b8384b6873de103fbc49e7a03cc58d7dea4ac?s=96&d=mm&r=g","caption":"admin"},"url":"https:\/\/www.eldiariodetucuman.com\/web\/author\/admin\/"}]}},"_links":{"self":[{"href":"https:\/\/www.eldiariodetucuman.com\/web\/wp-json\/wp\/v2\/posts\/45107","targetHints":{"allow":["GET"]}}],"collection":[{"href":"https:\/\/www.eldiariodetucuman.com\/web\/wp-json\/wp\/v2\/posts"}],"about":[{"href":"https:\/\/www.eldiariodetucuman.com\/web\/wp-json\/wp\/v2\/types\/post"}],"author":[{"embeddable":true,"href":"https:\/\/www.eldiariodetucuman.com\/web\/wp-json\/wp\/v2\/users\/1"}],"replies":[{"embeddable":true,"href":"https:\/\/www.eldiariodetucuman.com\/web\/wp-json\/wp\/v2\/comments?post=45107"}],"version-history":[{"count":0,"href":"https:\/\/www.eldiariodetucuman.com\/web\/wp-json\/wp\/v2\/posts\/45107\/revisions"}],"wp:featuredmedia":[{"embeddable":true,"href":"https:\/\/www.eldiariodetucuman.com\/web\/wp-json\/wp\/v2\/media\/45108"}],"wp:attachment":[{"href":"https:\/\/www.eldiariodetucuman.com\/web\/wp-json\/wp\/v2\/media?parent=45107"}],"wp:term":[{"taxonomy":"category","embeddable":true,"href":"https:\/\/www.eldiariodetucuman.com\/web\/wp-json\/wp\/v2\/categories?post=45107"},{"taxonomy":"post_tag","embeddable":true,"href":"https:\/\/www.eldiariodetucuman.com\/web\/wp-json\/wp\/v2\/tags?post=45107"}],"curies":[{"name":"wp","href":"https:\/\/api.w.org\/{rel}","templated":true}]}}