{"id":45104,"date":"2025-07-19T20:38:34","date_gmt":"2025-07-19T23:38:34","guid":{"rendered":"https:\/\/www.eldiariodetucuman.com\/web\/un-desconocido-excomisario-encabeza-la-lista-de-lla-en-la-tercera-seccion-y-enfrentara-al-kirchnerismo\/"},"modified":"2025-07-19T20:38:36","modified_gmt":"2025-07-19T23:38:36","slug":"un-desconocido-excomisario-encabeza-la-lista-de-lla-en-la-tercera-seccion-y-enfrentara-al-kirchnerismo","status":"publish","type":"post","link":"https:\/\/www.eldiariodetucuman.com\/web\/un-desconocido-excomisario-encabeza-la-lista-de-lla-en-la-tercera-seccion-y-enfrentara-al-kirchnerismo\/","title":{"rendered":"Un desconocido excomisario encabeza la lista de LLA en la tercera secci\u00f3n y enfrentar\u00e1 al kirchnerismo"},"content":{"rendered":"<p><\/p>\n<p class=\"com-paragraph  --capital --s\">Tras una jornada de fren\u00e9ticas negociaciones, La Libertad Avanza, el espacio que lidera <strong>Javier Milei<\/strong>, se encamina a ungir al excomisario <strong>Maximiliano Bondarenko<\/strong> como primer candidato a diputado bonaerense para enfrentar al kirchnerismo en la tercera secci\u00f3n electoral, el gran basti\u00f3n del peronismo, en las legislativas del 7 de septiembre pr\u00f3ximo. <\/p>\n<p class=\"com-paragraph   --s\">Exaliado de <strong>Facundo Manes<\/strong> en 2021, Bondarenko es concejal en Florencio Varela y referente territorial del sector de <strong>Sebasti\u00e1n Pareja<\/strong>, soldado de <strong>Karina Milei<\/strong> en el distrito m\u00e1s poblado del pa\u00eds. Su nombre habr\u00eda sido impulsado por Carlos Curestis, senador bonaerense y uno de los alfiles de Pareja.<\/p>\n<p class=\"com-paragraph   --s\">En el segundo lugar qued\u00f3 <strong>Mar\u00eda Sotolano<\/strong>, diputada nacional de Pro y militante del macrismo en Quilmes. Sotolano fue un pedido expreso de <strong>Soledad Mart\u00ednez<\/strong>, intendenta de Vicente L\u00f3pez y vice de Pro a nivel nacional, quien cerr\u00f3 su acuerdo con LLA y evit\u00f3 la ruptura del frente que integran libertarios y macristas en un municipio clave de la primera secci\u00f3n. <\/p>\n<p class=\"com-paragraph   --s\">Detr\u00e1s de Bondarenko y Sotolano se ubicar\u00edan <strong>Florencia Retamoso<\/strong>, del sector de <strong>Patricia Bullrich<\/strong>, y el secretario de Culto y Civilizaci\u00f3n, <strong>Nahuel Sotelo<\/strong>, quien forma parte del grupo de influencers digitales Las Fuerzas del Cielo. La agrupaci\u00f3n militante que se referencia en <strong>Santiago Caputo<\/strong> fue marginado de las n\u00f3minas. Es que la lapicera de los libertarios tuvo un solo due\u00f1o: Karina Milei. La hermana del Presidente solo les concedi\u00f3 un puesto en la grilla de la tercera -Sebasti\u00e1n Pascual, que reemplaz\u00f3 a Sotelo en Diputados, termina su mandato en diciembre-. Y les habr\u00eda dado los primeros lugares en las n\u00f3minas de San Miguel y Jos\u00e9 C. Paz, donde Agust\u00edn Romo, leal a Caputo, oficia como articulador. <\/p>\n<p class=\"com-paragraph   --s\">En sexto lugar quedar\u00eda la concejal de Pro en Almirante Brown, <strong>Leticia Bontempo<\/strong>, impulsada por <strong>N\u00e9stor Grindetti<\/strong> y <strong>Adri\u00e1n Urreli<\/strong>.<\/p>\n<p class=\"com-paragraph   --s\">La boleta de Milei en la primera secci\u00f3n electoral, donde votan casi cinco millones de bonaerenses, estar\u00e1 encabezada por <strong>Diego Valenzuela<\/strong>, intendente de Tres de Febrero y uno de los macristas que abandonaron Pro para afiliarse a LLA. En segundo puesto qued\u00f3 para <strong>Mar\u00eda Luz Bambaci,<\/strong> polit\u00f3loga y actual directora de Relaciones Institucionales y Control de Gesti\u00f3n del Ministerio de Seguridad nacional. Es cercana a Bullrich, pero orbita alrededor del grupo de Pareja. <\/p>\n<p class=\"com-paragraph   --s\">El armado de la primera secci\u00f3n, que super\u00f3 en cantidad de electores a la tercera, donde el PJ es casi imbatible, qued\u00f3 en manos de <strong>Ram\u00f3n \u201cNene\u201d Vera<\/strong>, uno de los colaboradores m\u00e1s estrechos de Pareja. El excandidato del Frente de Todos puso a sus hombres como cabeza de lista en los municipios m\u00e1s populosos, como Merlo, Luj\u00e1n, Moreno o General Rodr\u00edguez. <\/p>\n<p class=\"com-paragraph   --s\">En la cuarta secci\u00f3n electoral, donde la alianza de Milei y Pro sufri\u00f3 la fuga de dos intendentes clave, <strong>Pablo Petrecca<\/strong> (Jun\u00edn) y<strong> Mar\u00eda Jos\u00e9 Gentile<\/strong> (9 de Julio), Karina Milei y Pareja se inclinaron por <strong>Gonzalo Cabezas. Se trata de un dirigente <\/strong>de confianza del armador mile\u00edsta. Ejerce como director nacional de Relaci\u00f3n con los Municipios, en la Jefatura de Gabinete. <\/p>\n<p class=\"com-paragraph   --s\">La lista de senadores bonaerenses la quinta secci\u00f3n electoral ser\u00e1 para Guillermo Montenegro, intendente de General Pueyrred\u00f3n y referente de Pro. En la segunda ir\u00e1 <strong>Natalia Blanco, <\/strong>concejal de Z\u00e1rate, terru\u00f1o de <strong>Marcelo Matzkin. Blanco <\/strong>se referencia en <strong>Cristian Ritondo<\/strong>, jefe de Pro en Buenos Aires.<\/p>\n<p class=\"com-paragraph   --s\">El pico de tensi\u00f3n se dio hasta ahora en la octava (La Plata), donde Pareja impondr\u00eda como primer candidato a <strong>Juan Esteban Osaba<\/strong>, apoderado de LLA. En el quinto lugar entrar\u00eda el concejal macrista <strong>Nicol\u00e1s<\/strong><strong> <\/strong><strong>Morzone. <\/strong><\/p>\n<p><a href=\"https:\/\/www.lanacion.com.ar\/politica\/sorpresa-libertaria-un-desconocido-excomisario-encabeza-la-lista-de-lla-en-la-tercera-seccion-y-nid19072025\/\">Fuente de la nota <\/a><\/p>\n","protected":false},"excerpt":{"rendered":"<p>Tras una jornada de fren\u00e9ticas negociaciones, La Libertad Avanza, el espacio que lidera Javier Milei, se encamina a ungir al excomisario Maximiliano Bondarenko como primer candidato a diputado bonaerense para enfrentar al kirchnerismo en la tercera secci\u00f3n electoral, el gran basti\u00f3n del peronismo, en las legislativas del 7 de septiembre pr\u00f3ximo. Exaliado de Facundo Manes [&hellip;]<\/p>\n","protected":false},"author":5,"featured_media":45105,"comment_status":"closed","ping_status":"open","sticky":false,"template":"","format":"standard","meta":{"footnotes":""},"categories":[3],"tags":[],"class_list":{"0":"post-45104","1":"post","2":"type-post","3":"status-publish","4":"format-standard","5":"has-post-thumbnail","7":"category-politica"},"yoast_head":"<!-- This site is optimized with the Yoast SEO plugin v27.4 - https:\/\/yoast.com\/product\/yoast-seo-wordpress\/ -->\n<title>Un desconocido excomisario encabeza la lista de LLA en la tercera secci\u00f3n y enfrentar\u00e1 al kirchnerismo - El Diario de Tucuman<\/title>\n<meta name=\"robots\" content=\"index, follow, max-snippet:-1, max-image-preview:large, max-video-preview:-1\" \/>\n<link rel=\"canonical\" href=\"https:\/\/www.eldiariodetucuman.com\/web\/un-desconocido-excomisario-encabeza-la-lista-de-lla-en-la-tercera-seccion-y-enfrentara-al-kirchnerismo\/\" \/>\n<meta property=\"og:locale\" content=\"es_ES\" \/>\n<meta property=\"og:type\" content=\"article\" \/>\n<meta property=\"og:title\" content=\"Un desconocido excomisario encabeza la lista de LLA en la tercera secci\u00f3n y enfrentar\u00e1 al kirchnerismo - El Diario de Tucuman\" \/>\n<meta property=\"og:description\" content=\"Tras una jornada de fren\u00e9ticas negociaciones, La Libertad Avanza, el espacio que lidera Javier Milei, se encamina a ungir al excomisario Maximiliano Bondarenko como primer candidato a diputado bonaerense para enfrentar al kirchnerismo en la tercera secci\u00f3n electoral, el gran basti\u00f3n del peronismo, en las legislativas del 7 de septiembre pr\u00f3ximo. Exaliado de Facundo Manes [&hellip;]\" \/>\n<meta property=\"og:url\" content=\"https:\/\/www.eldiariodetucuman.com\/web\/un-desconocido-excomisario-encabeza-la-lista-de-lla-en-la-tercera-seccion-y-enfrentara-al-kirchnerismo\/\" \/>\n<meta property=\"og:site_name\" content=\"El Diario de Tucuman\" \/>\n<meta property=\"article:published_time\" content=\"2025-07-19T23:38:34+00:00\" \/>\n<meta property=\"article:modified_time\" content=\"2025-07-19T23:38:36+00:00\" \/>\n<meta property=\"og:image\" content=\"https:\/\/www.eldiariodetucuman.com\/web\/wp-content\/uploads\/2025\/07\/maximiliano-bondarenko-la-sorpresa-de-milei-en-la-42TUVEHCYRB6HG4S7CRVVC3OJY.jpg\" \/>\n\t<meta property=\"og:image:width\" content=\"1200\" \/>\n\t<meta property=\"og:image:height\" content=\"720\" \/>\n\t<meta property=\"og:image:type\" content=\"image\/jpeg\" \/>\n<meta name=\"author\" content=\"Redactor Uno\" \/>\n<meta name=\"twitter:card\" content=\"summary_large_image\" \/>\n<meta name=\"twitter:label1\" content=\"Escrito por\" \/>\n\t<meta name=\"twitter:data1\" content=\"Redactor Uno\" \/>\n\t<meta name=\"twitter:label2\" content=\"Tiempo de lectura\" \/>\n\t<meta name=\"twitter:data2\" content=\"3 minutos\" \/>\n<script type=\"application\/ld+json\" class=\"yoast-schema-graph\">{\"@context\":\"https:\\\/\\\/schema.org\",\"@graph\":[{\"@type\":\"Article\",\"@id\":\"https:\\\/\\\/www.eldiariodetucuman.com\\\/web\\\/un-desconocido-excomisario-encabeza-la-lista-de-lla-en-la-tercera-seccion-y-enfrentara-al-kirchnerismo\\\/#article\",\"isPartOf\":{\"@id\":\"https:\\\/\\\/www.eldiariodetucuman.com\\\/web\\\/un-desconocido-excomisario-encabeza-la-lista-de-lla-en-la-tercera-seccion-y-enfrentara-al-kirchnerismo\\\/\"},\"author\":{\"name\":\"Redactor Uno\",\"@id\":\"https:\\\/\\\/www.eldiariodetucuman.com\\\/web\\\/#\\\/schema\\\/person\\\/7e6644a46e60888f6b868594407e08dd\"},\"headline\":\"Un desconocido excomisario encabeza la lista de LLA en la tercera secci\u00f3n y enfrentar\u00e1 al kirchnerismo\",\"datePublished\":\"2025-07-19T23:38:34+00:00\",\"dateModified\":\"2025-07-19T23:38:36+00:00\",\"mainEntityOfPage\":{\"@id\":\"https:\\\/\\\/www.eldiariodetucuman.com\\\/web\\\/un-desconocido-excomisario-encabeza-la-lista-de-lla-en-la-tercera-seccion-y-enfrentara-al-kirchnerismo\\\/\"},\"wordCount\":641,\"publisher\":{\"@id\":\"https:\\\/\\\/www.eldiariodetucuman.com\\\/web\\\/#organization\"},\"image\":{\"@id\":\"https:\\\/\\\/www.eldiariodetucuman.com\\\/web\\\/un-desconocido-excomisario-encabeza-la-lista-de-lla-en-la-tercera-seccion-y-enfrentara-al-kirchnerismo\\\/#primaryimage\"},\"thumbnailUrl\":\"https:\\\/\\\/www.eldiariodetucuman.com\\\/web\\\/wp-content\\\/uploads\\\/2025\\\/07\\\/maximiliano-bondarenko-la-sorpresa-de-milei-en-la-42TUVEHCYRB6HG4S7CRVVC3OJY.jpg\",\"articleSection\":[\"Politica\"],\"inLanguage\":\"es\"},{\"@type\":\"WebPage\",\"@id\":\"https:\\\/\\\/www.eldiariodetucuman.com\\\/web\\\/un-desconocido-excomisario-encabeza-la-lista-de-lla-en-la-tercera-seccion-y-enfrentara-al-kirchnerismo\\\/\",\"url\":\"https:\\\/\\\/www.eldiariodetucuman.com\\\/web\\\/un-desconocido-excomisario-encabeza-la-lista-de-lla-en-la-tercera-seccion-y-enfrentara-al-kirchnerismo\\\/\",\"name\":\"Un desconocido excomisario encabeza la lista de LLA en la tercera secci\u00f3n y enfrentar\u00e1 al kirchnerismo - El Diario de Tucuman\",\"isPartOf\":{\"@id\":\"https:\\\/\\\/www.eldiariodetucuman.com\\\/web\\\/#website\"},\"primaryImageOfPage\":{\"@id\":\"https:\\\/\\\/www.eldiariodetucuman.com\\\/web\\\/un-desconocido-excomisario-encabeza-la-lista-de-lla-en-la-tercera-seccion-y-enfrentara-al-kirchnerismo\\\/#primaryimage\"},\"image\":{\"@id\":\"https:\\\/\\\/www.eldiariodetucuman.com\\\/web\\\/un-desconocido-excomisario-encabeza-la-lista-de-lla-en-la-tercera-seccion-y-enfrentara-al-kirchnerismo\\\/#primaryimage\"},\"thumbnailUrl\":\"https:\\\/\\\/www.eldiariodetucuman.com\\\/web\\\/wp-content\\\/uploads\\\/2025\\\/07\\\/maximiliano-bondarenko-la-sorpresa-de-milei-en-la-42TUVEHCYRB6HG4S7CRVVC3OJY.jpg\",\"datePublished\":\"2025-07-19T23:38:34+00:00\",\"dateModified\":\"2025-07-19T23:38:36+00:00\",\"breadcrumb\":{\"@id\":\"https:\\\/\\\/www.eldiariodetucuman.com\\\/web\\\/un-desconocido-excomisario-encabeza-la-lista-de-lla-en-la-tercera-seccion-y-enfrentara-al-kirchnerismo\\\/#breadcrumb\"},\"inLanguage\":\"es\",\"potentialAction\":[{\"@type\":\"ReadAction\",\"target\":[\"https:\\\/\\\/www.eldiariodetucuman.com\\\/web\\\/un-desconocido-excomisario-encabeza-la-lista-de-lla-en-la-tercera-seccion-y-enfrentara-al-kirchnerismo\\\/\"]}]},{\"@type\":\"ImageObject\",\"inLanguage\":\"es\",\"@id\":\"https:\\\/\\\/www.eldiariodetucuman.com\\\/web\\\/un-desconocido-excomisario-encabeza-la-lista-de-lla-en-la-tercera-seccion-y-enfrentara-al-kirchnerismo\\\/#primaryimage\",\"url\":\"https:\\\/\\\/www.eldiariodetucuman.com\\\/web\\\/wp-content\\\/uploads\\\/2025\\\/07\\\/maximiliano-bondarenko-la-sorpresa-de-milei-en-la-42TUVEHCYRB6HG4S7CRVVC3OJY.jpg\",\"contentUrl\":\"https:\\\/\\\/www.eldiariodetucuman.com\\\/web\\\/wp-content\\\/uploads\\\/2025\\\/07\\\/maximiliano-bondarenko-la-sorpresa-de-milei-en-la-42TUVEHCYRB6HG4S7CRVVC3OJY.jpg\",\"width\":1200,\"height\":720},{\"@type\":\"BreadcrumbList\",\"@id\":\"https:\\\/\\\/www.eldiariodetucuman.com\\\/web\\\/un-desconocido-excomisario-encabeza-la-lista-de-lla-en-la-tercera-seccion-y-enfrentara-al-kirchnerismo\\\/#breadcrumb\",\"itemListElement\":[{\"@type\":\"ListItem\",\"position\":1,\"name\":\"Portada\",\"item\":\"https:\\\/\\\/www.eldiariodetucuman.com\\\/web\\\/\"},{\"@type\":\"ListItem\",\"position\":2,\"name\":\"Un desconocido excomisario encabeza la lista de LLA en la tercera secci\u00f3n y enfrentar\u00e1 al kirchnerismo\"}]},{\"@type\":\"WebSite\",\"@id\":\"https:\\\/\\\/www.eldiariodetucuman.com\\\/web\\\/#website\",\"url\":\"https:\\\/\\\/www.eldiariodetucuman.com\\\/web\\\/\",\"name\":\"El Diario de Tucuman\",\"description\":\"Diario Tucuman - Informaci\u00f3n y noticias\",\"publisher\":{\"@id\":\"https:\\\/\\\/www.eldiariodetucuman.com\\\/web\\\/#organization\"},\"potentialAction\":[{\"@type\":\"SearchAction\",\"target\":{\"@type\":\"EntryPoint\",\"urlTemplate\":\"https:\\\/\\\/www.eldiariodetucuman.com\\\/web\\\/?s={search_term_string}\"},\"query-input\":{\"@type\":\"PropertyValueSpecification\",\"valueRequired\":true,\"valueName\":\"search_term_string\"}}],\"inLanguage\":\"es\"},{\"@type\":\"Organization\",\"@id\":\"https:\\\/\\\/www.eldiariodetucuman.com\\\/web\\\/#organization\",\"name\":\"El Diario de Tucuman\",\"url\":\"https:\\\/\\\/www.eldiariodetucuman.com\\\/web\\\/\",\"logo\":{\"@type\":\"ImageObject\",\"inLanguage\":\"es\",\"@id\":\"https:\\\/\\\/www.eldiariodetucuman.com\\\/web\\\/#\\\/schema\\\/logo\\\/image\\\/\",\"url\":\"http:\\\/\\\/www.eldiariodetucuman.com\\\/web\\\/wp-content\\\/uploads\\\/2017\\\/12\\\/el-diario-de-tucuman.jpg\",\"contentUrl\":\"http:\\\/\\\/www.eldiariodetucuman.com\\\/web\\\/wp-content\\\/uploads\\\/2017\\\/12\\\/el-diario-de-tucuman.jpg\",\"width\":272,\"height\":92,\"caption\":\"El Diario de Tucuman\"},\"image\":{\"@id\":\"https:\\\/\\\/www.eldiariodetucuman.com\\\/web\\\/#\\\/schema\\\/logo\\\/image\\\/\"}},{\"@type\":\"Person\",\"@id\":\"https:\\\/\\\/www.eldiariodetucuman.com\\\/web\\\/#\\\/schema\\\/person\\\/7e6644a46e60888f6b868594407e08dd\",\"name\":\"Redactor Uno\",\"image\":{\"@type\":\"ImageObject\",\"inLanguage\":\"es\",\"@id\":\"https:\\\/\\\/secure.gravatar.com\\\/avatar\\\/0049b1bdf1bd548385c9ea6b9356431717930913089febd2ba904f0187d7d074?s=96&d=mm&r=g\",\"url\":\"https:\\\/\\\/secure.gravatar.com\\\/avatar\\\/0049b1bdf1bd548385c9ea6b9356431717930913089febd2ba904f0187d7d074?s=96&d=mm&r=g\",\"contentUrl\":\"https:\\\/\\\/secure.gravatar.com\\\/avatar\\\/0049b1bdf1bd548385c9ea6b9356431717930913089febd2ba904f0187d7d074?s=96&d=mm&r=g\",\"caption\":\"Redactor Uno\"},\"url\":\"https:\\\/\\\/www.eldiariodetucuman.com\\\/web\\\/author\\\/mramasco\\\/\"}]}<\/script>\n<!-- \/ Yoast SEO plugin. -->","yoast_head_json":{"title":"Un desconocido excomisario encabeza la lista de LLA en la tercera secci\u00f3n y enfrentar\u00e1 al kirchnerismo - El Diario de Tucuman","robots":{"index":"index","follow":"follow","max-snippet":"max-snippet:-1","max-image-preview":"max-image-preview:large","max-video-preview":"max-video-preview:-1"},"canonical":"https:\/\/www.eldiariodetucuman.com\/web\/un-desconocido-excomisario-encabeza-la-lista-de-lla-en-la-tercera-seccion-y-enfrentara-al-kirchnerismo\/","og_locale":"es_ES","og_type":"article","og_title":"Un desconocido excomisario encabeza la lista de LLA en la tercera secci\u00f3n y enfrentar\u00e1 al kirchnerismo - El Diario de Tucuman","og_description":"Tras una jornada de fren\u00e9ticas negociaciones, La Libertad Avanza, el espacio que lidera Javier Milei, se encamina a ungir al excomisario Maximiliano Bondarenko como primer candidato a diputado bonaerense para enfrentar al kirchnerismo en la tercera secci\u00f3n electoral, el gran basti\u00f3n del peronismo, en las legislativas del 7 de septiembre pr\u00f3ximo. Exaliado de Facundo Manes [&hellip;]","og_url":"https:\/\/www.eldiariodetucuman.com\/web\/un-desconocido-excomisario-encabeza-la-lista-de-lla-en-la-tercera-seccion-y-enfrentara-al-kirchnerismo\/","og_site_name":"El Diario de Tucuman","article_published_time":"2025-07-19T23:38:34+00:00","article_modified_time":"2025-07-19T23:38:36+00:00","og_image":[{"width":1200,"height":720,"url":"https:\/\/www.eldiariodetucuman.com\/web\/wp-content\/uploads\/2025\/07\/maximiliano-bondarenko-la-sorpresa-de-milei-en-la-42TUVEHCYRB6HG4S7CRVVC3OJY.jpg","type":"image\/jpeg"}],"author":"Redactor Uno","twitter_card":"summary_large_image","twitter_misc":{"Escrito por":"Redactor Uno","Tiempo de lectura":"3 minutos"},"schema":{"@context":"https:\/\/schema.org","@graph":[{"@type":"Article","@id":"https:\/\/www.eldiariodetucuman.com\/web\/un-desconocido-excomisario-encabeza-la-lista-de-lla-en-la-tercera-seccion-y-enfrentara-al-kirchnerismo\/#article","isPartOf":{"@id":"https:\/\/www.eldiariodetucuman.com\/web\/un-desconocido-excomisario-encabeza-la-lista-de-lla-en-la-tercera-seccion-y-enfrentara-al-kirchnerismo\/"},"author":{"name":"Redactor Uno","@id":"https:\/\/www.eldiariodetucuman.com\/web\/#\/schema\/person\/7e6644a46e60888f6b868594407e08dd"},"headline":"Un desconocido excomisario encabeza la lista de LLA en la tercera secci\u00f3n y enfrentar\u00e1 al kirchnerismo","datePublished":"2025-07-19T23:38:34+00:00","dateModified":"2025-07-19T23:38:36+00:00","mainEntityOfPage":{"@id":"https:\/\/www.eldiariodetucuman.com\/web\/un-desconocido-excomisario-encabeza-la-lista-de-lla-en-la-tercera-seccion-y-enfrentara-al-kirchnerismo\/"},"wordCount":641,"publisher":{"@id":"https:\/\/www.eldiariodetucuman.com\/web\/#organization"},"image":{"@id":"https:\/\/www.eldiariodetucuman.com\/web\/un-desconocido-excomisario-encabeza-la-lista-de-lla-en-la-tercera-seccion-y-enfrentara-al-kirchnerismo\/#primaryimage"},"thumbnailUrl":"https:\/\/www.eldiariodetucuman.com\/web\/wp-content\/uploads\/2025\/07\/maximiliano-bondarenko-la-sorpresa-de-milei-en-la-42TUVEHCYRB6HG4S7CRVVC3OJY.jpg","articleSection":["Politica"],"inLanguage":"es"},{"@type":"WebPage","@id":"https:\/\/www.eldiariodetucuman.com\/web\/un-desconocido-excomisario-encabeza-la-lista-de-lla-en-la-tercera-seccion-y-enfrentara-al-kirchnerismo\/","url":"https:\/\/www.eldiariodetucuman.com\/web\/un-desconocido-excomisario-encabeza-la-lista-de-lla-en-la-tercera-seccion-y-enfrentara-al-kirchnerismo\/","name":"Un desconocido excomisario encabeza la lista de LLA en la tercera secci\u00f3n y enfrentar\u00e1 al kirchnerismo - El Diario de Tucuman","isPartOf":{"@id":"https:\/\/www.eldiariodetucuman.com\/web\/#website"},"primaryImageOfPage":{"@id":"https:\/\/www.eldiariodetucuman.com\/web\/un-desconocido-excomisario-encabeza-la-lista-de-lla-en-la-tercera-seccion-y-enfrentara-al-kirchnerismo\/#primaryimage"},"image":{"@id":"https:\/\/www.eldiariodetucuman.com\/web\/un-desconocido-excomisario-encabeza-la-lista-de-lla-en-la-tercera-seccion-y-enfrentara-al-kirchnerismo\/#primaryimage"},"thumbnailUrl":"https:\/\/www.eldiariodetucuman.com\/web\/wp-content\/uploads\/2025\/07\/maximiliano-bondarenko-la-sorpresa-de-milei-en-la-42TUVEHCYRB6HG4S7CRVVC3OJY.jpg","datePublished":"2025-07-19T23:38:34+00:00","dateModified":"2025-07-19T23:38:36+00:00","breadcrumb":{"@id":"https:\/\/www.eldiariodetucuman.com\/web\/un-desconocido-excomisario-encabeza-la-lista-de-lla-en-la-tercera-seccion-y-enfrentara-al-kirchnerismo\/#breadcrumb"},"inLanguage":"es","potentialAction":[{"@type":"ReadAction","target":["https:\/\/www.eldiariodetucuman.com\/web\/un-desconocido-excomisario-encabeza-la-lista-de-lla-en-la-tercera-seccion-y-enfrentara-al-kirchnerismo\/"]}]},{"@type":"ImageObject","inLanguage":"es","@id":"https:\/\/www.eldiariodetucuman.com\/web\/un-desconocido-excomisario-encabeza-la-lista-de-lla-en-la-tercera-seccion-y-enfrentara-al-kirchnerismo\/#primaryimage","url":"https:\/\/www.eldiariodetucuman.com\/web\/wp-content\/uploads\/2025\/07\/maximiliano-bondarenko-la-sorpresa-de-milei-en-la-42TUVEHCYRB6HG4S7CRVVC3OJY.jpg","contentUrl":"https:\/\/www.eldiariodetucuman.com\/web\/wp-content\/uploads\/2025\/07\/maximiliano-bondarenko-la-sorpresa-de-milei-en-la-42TUVEHCYRB6HG4S7CRVVC3OJY.jpg","width":1200,"height":720},{"@type":"BreadcrumbList","@id":"https:\/\/www.eldiariodetucuman.com\/web\/un-desconocido-excomisario-encabeza-la-lista-de-lla-en-la-tercera-seccion-y-enfrentara-al-kirchnerismo\/#breadcrumb","itemListElement":[{"@type":"ListItem","position":1,"name":"Portada","item":"https:\/\/www.eldiariodetucuman.com\/web\/"},{"@type":"ListItem","position":2,"name":"Un desconocido excomisario encabeza la lista de LLA en la tercera secci\u00f3n y enfrentar\u00e1 al kirchnerismo"}]},{"@type":"WebSite","@id":"https:\/\/www.eldiariodetucuman.com\/web\/#website","url":"https:\/\/www.eldiariodetucuman.com\/web\/","name":"El Diario de Tucuman","description":"Diario Tucuman - Informaci\u00f3n y noticias","publisher":{"@id":"https:\/\/www.eldiariodetucuman.com\/web\/#organization"},"potentialAction":[{"@type":"SearchAction","target":{"@type":"EntryPoint","urlTemplate":"https:\/\/www.eldiariodetucuman.com\/web\/?s={search_term_string}"},"query-input":{"@type":"PropertyValueSpecification","valueRequired":true,"valueName":"search_term_string"}}],"inLanguage":"es"},{"@type":"Organization","@id":"https:\/\/www.eldiariodetucuman.com\/web\/#organization","name":"El Diario de Tucuman","url":"https:\/\/www.eldiariodetucuman.com\/web\/","logo":{"@type":"ImageObject","inLanguage":"es","@id":"https:\/\/www.eldiariodetucuman.com\/web\/#\/schema\/logo\/image\/","url":"http:\/\/www.eldiariodetucuman.com\/web\/wp-content\/uploads\/2017\/12\/el-diario-de-tucuman.jpg","contentUrl":"http:\/\/www.eldiariodetucuman.com\/web\/wp-content\/uploads\/2017\/12\/el-diario-de-tucuman.jpg","width":272,"height":92,"caption":"El Diario de Tucuman"},"image":{"@id":"https:\/\/www.eldiariodetucuman.com\/web\/#\/schema\/logo\/image\/"}},{"@type":"Person","@id":"https:\/\/www.eldiariodetucuman.com\/web\/#\/schema\/person\/7e6644a46e60888f6b868594407e08dd","name":"Redactor Uno","image":{"@type":"ImageObject","inLanguage":"es","@id":"https:\/\/secure.gravatar.com\/avatar\/0049b1bdf1bd548385c9ea6b9356431717930913089febd2ba904f0187d7d074?s=96&d=mm&r=g","url":"https:\/\/secure.gravatar.com\/avatar\/0049b1bdf1bd548385c9ea6b9356431717930913089febd2ba904f0187d7d074?s=96&d=mm&r=g","contentUrl":"https:\/\/secure.gravatar.com\/avatar\/0049b1bdf1bd548385c9ea6b9356431717930913089febd2ba904f0187d7d074?s=96&d=mm&r=g","caption":"Redactor Uno"},"url":"https:\/\/www.eldiariodetucuman.com\/web\/author\/mramasco\/"}]}},"_links":{"self":[{"href":"https:\/\/www.eldiariodetucuman.com\/web\/wp-json\/wp\/v2\/posts\/45104","targetHints":{"allow":["GET"]}}],"collection":[{"href":"https:\/\/www.eldiariodetucuman.com\/web\/wp-json\/wp\/v2\/posts"}],"about":[{"href":"https:\/\/www.eldiariodetucuman.com\/web\/wp-json\/wp\/v2\/types\/post"}],"author":[{"embeddable":true,"href":"https:\/\/www.eldiariodetucuman.com\/web\/wp-json\/wp\/v2\/users\/5"}],"replies":[{"embeddable":true,"href":"https:\/\/www.eldiariodetucuman.com\/web\/wp-json\/wp\/v2\/comments?post=45104"}],"version-history":[{"count":1,"href":"https:\/\/www.eldiariodetucuman.com\/web\/wp-json\/wp\/v2\/posts\/45104\/revisions"}],"predecessor-version":[{"id":45106,"href":"https:\/\/www.eldiariodetucuman.com\/web\/wp-json\/wp\/v2\/posts\/45104\/revisions\/45106"}],"wp:featuredmedia":[{"embeddable":true,"href":"https:\/\/www.eldiariodetucuman.com\/web\/wp-json\/wp\/v2\/media\/45105"}],"wp:attachment":[{"href":"https:\/\/www.eldiariodetucuman.com\/web\/wp-json\/wp\/v2\/media?parent=45104"}],"wp:term":[{"taxonomy":"category","embeddable":true,"href":"https:\/\/www.eldiariodetucuman.com\/web\/wp-json\/wp\/v2\/categories?post=45104"},{"taxonomy":"post_tag","embeddable":true,"href":"https:\/\/www.eldiariodetucuman.com\/web\/wp-json\/wp\/v2\/tags?post=45104"}],"curies":[{"name":"wp","href":"https:\/\/api.w.org\/{rel}","templated":true}]}}