{"id":45075,"date":"2025-07-16T19:45:33","date_gmt":"2025-07-16T22:45:33","guid":{"rendered":"https:\/\/www.eldiariodetucuman.com\/web\/jaldo-y-chahla-avanzaron-en-el-plan-de-contingencia-pluvial-para-san-miguel-de-tucuman\/"},"modified":"2025-07-16T19:45:33","modified_gmt":"2025-07-16T22:45:33","slug":"jaldo-y-chahla-avanzaron-en-el-plan-de-contingencia-pluvial-para-san-miguel-de-tucuman","status":"publish","type":"post","link":"https:\/\/www.eldiariodetucuman.com\/web\/jaldo-y-chahla-avanzaron-en-el-plan-de-contingencia-pluvial-para-san-miguel-de-tucuman\/","title":{"rendered":"Jaldo y Chahla avanzaron en el plan de contingencia pluvial para San Miguel de Tucum\u00e1n"},"content":{"rendered":"<p><\/p>\n<p id=\"isPasted\">El gobernador<strong> Osvaldo Jaldo, <\/strong>mantuvo una reuni\u00f3n con la intendenta de San Miguel de Tucum\u00e1n, <strong>Rossana Chahla,<\/strong> en Casa de Gobierno, en la que abordaron la agenda de temas vinculados a obras de infraestructura. Del encuentro tambi\u00e9n particip\u00f3 el ministro de Obras y Servicios P\u00fablicos, <strong>Marcelo Nazur.<\/strong><\/p>\n<p>Tras la reuni\u00f3n, Chahla calific\u00f3 el encuentro como muy productivo y destac\u00f3 que la conversaci\u00f3n gir\u00f3 en torno a los proyectos de no inundabilidad para la Capital y zonas aleda\u00f1as. \u201cHoy le mostr\u00e9 al Gobernador nuestro plan de contingencia de desag\u00fces pluviales y las obras que tendr\u00edamos que hacer a corto, mediano y largo plazo\u201d, explic\u00f3. Adem\u00e1s, se\u00f1al\u00f3 que los equipos t\u00e9cnicos del \u00e1rea explicaron al mandatario los aspectos hidr\u00e1ulicos del sistema pluvial.<\/p>\n<p>Entre los proyectos mencionados, la intendenta subray\u00f3 el trabajo conjunto en el Canal Sur, una obra de limpieza y adecuaci\u00f3n que ya se encuentra en marcha. \u201cEs muy importante, porque no es solo la limpieza: tambi\u00e9n hay que hacer arreglos que son fundamentales\u201d, detall\u00f3.<\/p>\n<p>Asimismo, anunci\u00f3 la elaboraci\u00f3n de intervenciones para los barrios 360 Viviendas y Margarita. \u201cNo ser\u00e1 una soluci\u00f3n definitiva, pero s\u00ed una provisoria que nos permita dar respuestas mientras avanzamos en un plan maestro de no inundabilidad para la provincia, algo que me pareci\u00f3 muy importante desarrollar junto al Gobernador\u201d, afirm\u00f3.<\/p>\n<p>Por otro lado, Chahla expres\u00f3 su preocupaci\u00f3n por la reducci\u00f3n de los recursos nacionales que llegan a Tucum\u00e1n y a los municipios. \u201cEsos recursos vuelven al vecino en servicios, en obras. Nos preocupa que se avance sobre la autonom\u00eda municipal y provincial\u201d, advirti\u00f3, y remarc\u00f3: \u201cNada mejor que un tucumano para defender a Tucum\u00e1n\u201d.<\/p>\n<p>En este contexto, reafirm\u00f3 su compromiso de no resignar ning\u00fan servicio a los vecinos ni ceder recursos que le corresponden a la ciudad. \u201cHoy m\u00e1s que nunca la gente necesita un municipio presente, y es lo que nosotros estamos haciendo\u201d, sostuvo.<\/p>\n<p>Fuente: <a href=\"https:\/\/www.comunicaciontucuman.gob.ar\/noticia\/gobernacion\/235752\/jaldo-chahla-avanzaron-plan-contingencia-pluvial-para-san-miguel-tucuman\"> Fuente de la nota <\/a><\/p>\n","protected":false},"excerpt":{"rendered":"<p>El gobernador Osvaldo Jaldo, mantuvo una reuni\u00f3n con la intendenta de San Miguel de Tucum\u00e1n, Rossana Chahla, en Casa de Gobierno, en la que abordaron la agenda de temas vinculados a obras de infraestructura. Del encuentro tambi\u00e9n particip\u00f3 el ministro de Obras y Servicios P\u00fablicos, Marcelo Nazur. Tras la reuni\u00f3n, Chahla calific\u00f3 el encuentro como [&hellip;]<\/p>\n","protected":false},"author":1,"featured_media":45076,"comment_status":"closed","ping_status":"open","sticky":false,"template":"","format":"standard","meta":{"footnotes":""},"categories":[3],"tags":[],"class_list":{"0":"post-45075","1":"post","2":"type-post","3":"status-publish","4":"format-standard","5":"has-post-thumbnail","7":"category-politica"},"yoast_head":"<!-- This site is optimized with the Yoast SEO plugin v27.4 - https:\/\/yoast.com\/product\/yoast-seo-wordpress\/ -->\n<title>Jaldo y Chahla avanzaron en el plan de contingencia pluvial para San Miguel de Tucum\u00e1n - El Diario de Tucuman<\/title>\n<meta name=\"robots\" content=\"index, follow, max-snippet:-1, max-image-preview:large, max-video-preview:-1\" \/>\n<link rel=\"canonical\" href=\"https:\/\/www.eldiariodetucuman.com\/web\/jaldo-y-chahla-avanzaron-en-el-plan-de-contingencia-pluvial-para-san-miguel-de-tucuman\/\" \/>\n<meta property=\"og:locale\" content=\"es_ES\" \/>\n<meta property=\"og:type\" content=\"article\" \/>\n<meta property=\"og:title\" content=\"Jaldo y Chahla avanzaron en el plan de contingencia pluvial para San Miguel de Tucum\u00e1n - El Diario de Tucuman\" \/>\n<meta property=\"og:description\" content=\"El gobernador Osvaldo Jaldo, mantuvo una reuni\u00f3n con la intendenta de San Miguel de Tucum\u00e1n, Rossana Chahla, en Casa de Gobierno, en la que abordaron la agenda de temas vinculados a obras de infraestructura. Del encuentro tambi\u00e9n particip\u00f3 el ministro de Obras y Servicios P\u00fablicos, Marcelo Nazur. Tras la reuni\u00f3n, Chahla calific\u00f3 el encuentro como [&hellip;]\" \/>\n<meta property=\"og:url\" content=\"https:\/\/www.eldiariodetucuman.com\/web\/jaldo-y-chahla-avanzaron-en-el-plan-de-contingencia-pluvial-para-san-miguel-de-tucuman\/\" \/>\n<meta property=\"og:site_name\" content=\"El Diario de Tucuman\" \/>\n<meta property=\"article:published_time\" content=\"2025-07-16T22:45:33+00:00\" \/>\n<meta name=\"author\" content=\"admin\" \/>\n<meta name=\"twitter:card\" content=\"summary_large_image\" \/>\n<meta name=\"twitter:label1\" content=\"Escrito por\" \/>\n\t<meta name=\"twitter:data1\" content=\"admin\" \/>\n\t<meta name=\"twitter:label2\" content=\"Tiempo de lectura\" \/>\n\t<meta name=\"twitter:data2\" content=\"2 minutos\" \/>\n<script type=\"application\/ld+json\" class=\"yoast-schema-graph\">{\"@context\":\"https:\\\/\\\/schema.org\",\"@graph\":[{\"@type\":\"Article\",\"@id\":\"https:\\\/\\\/www.eldiariodetucuman.com\\\/web\\\/jaldo-y-chahla-avanzaron-en-el-plan-de-contingencia-pluvial-para-san-miguel-de-tucuman\\\/#article\",\"isPartOf\":{\"@id\":\"https:\\\/\\\/www.eldiariodetucuman.com\\\/web\\\/jaldo-y-chahla-avanzaron-en-el-plan-de-contingencia-pluvial-para-san-miguel-de-tucuman\\\/\"},\"author\":{\"name\":\"admin\",\"@id\":\"https:\\\/\\\/www.eldiariodetucuman.com\\\/web\\\/#\\\/schema\\\/person\\\/9250197d75ab5483412e19678b121caa\"},\"headline\":\"Jaldo y Chahla avanzaron en el plan de contingencia pluvial para San Miguel de Tucum\u00e1n\",\"datePublished\":\"2025-07-16T22:45:33+00:00\",\"mainEntityOfPage\":{\"@id\":\"https:\\\/\\\/www.eldiariodetucuman.com\\\/web\\\/jaldo-y-chahla-avanzaron-en-el-plan-de-contingencia-pluvial-para-san-miguel-de-tucuman\\\/\"},\"wordCount\":353,\"publisher\":{\"@id\":\"https:\\\/\\\/www.eldiariodetucuman.com\\\/web\\\/#organization\"},\"image\":{\"@id\":\"https:\\\/\\\/www.eldiariodetucuman.com\\\/web\\\/jaldo-y-chahla-avanzaron-en-el-plan-de-contingencia-pluvial-para-san-miguel-de-tucuman\\\/#primaryimage\"},\"thumbnailUrl\":\"https:\\\/\\\/www.eldiariodetucuman.com\\\/web\\\/wp-content\\\/uploads\\\/2025\\\/07\\\/Jaldo-y-Chahla-avanzaron-en-el-plan-de-contingencia-pluvial.jpeg\",\"articleSection\":[\"Politica\"],\"inLanguage\":\"es\"},{\"@type\":\"WebPage\",\"@id\":\"https:\\\/\\\/www.eldiariodetucuman.com\\\/web\\\/jaldo-y-chahla-avanzaron-en-el-plan-de-contingencia-pluvial-para-san-miguel-de-tucuman\\\/\",\"url\":\"https:\\\/\\\/www.eldiariodetucuman.com\\\/web\\\/jaldo-y-chahla-avanzaron-en-el-plan-de-contingencia-pluvial-para-san-miguel-de-tucuman\\\/\",\"name\":\"Jaldo y Chahla avanzaron en el plan de contingencia pluvial para San Miguel de Tucum\u00e1n - El Diario de Tucuman\",\"isPartOf\":{\"@id\":\"https:\\\/\\\/www.eldiariodetucuman.com\\\/web\\\/#website\"},\"primaryImageOfPage\":{\"@id\":\"https:\\\/\\\/www.eldiariodetucuman.com\\\/web\\\/jaldo-y-chahla-avanzaron-en-el-plan-de-contingencia-pluvial-para-san-miguel-de-tucuman\\\/#primaryimage\"},\"image\":{\"@id\":\"https:\\\/\\\/www.eldiariodetucuman.com\\\/web\\\/jaldo-y-chahla-avanzaron-en-el-plan-de-contingencia-pluvial-para-san-miguel-de-tucuman\\\/#primaryimage\"},\"thumbnailUrl\":\"https:\\\/\\\/www.eldiariodetucuman.com\\\/web\\\/wp-content\\\/uploads\\\/2025\\\/07\\\/Jaldo-y-Chahla-avanzaron-en-el-plan-de-contingencia-pluvial.jpeg\",\"datePublished\":\"2025-07-16T22:45:33+00:00\",\"breadcrumb\":{\"@id\":\"https:\\\/\\\/www.eldiariodetucuman.com\\\/web\\\/jaldo-y-chahla-avanzaron-en-el-plan-de-contingencia-pluvial-para-san-miguel-de-tucuman\\\/#breadcrumb\"},\"inLanguage\":\"es\",\"potentialAction\":[{\"@type\":\"ReadAction\",\"target\":[\"https:\\\/\\\/www.eldiariodetucuman.com\\\/web\\\/jaldo-y-chahla-avanzaron-en-el-plan-de-contingencia-pluvial-para-san-miguel-de-tucuman\\\/\"]}]},{\"@type\":\"ImageObject\",\"inLanguage\":\"es\",\"@id\":\"https:\\\/\\\/www.eldiariodetucuman.com\\\/web\\\/jaldo-y-chahla-avanzaron-en-el-plan-de-contingencia-pluvial-para-san-miguel-de-tucuman\\\/#primaryimage\",\"url\":\"https:\\\/\\\/www.eldiariodetucuman.com\\\/web\\\/wp-content\\\/uploads\\\/2025\\\/07\\\/Jaldo-y-Chahla-avanzaron-en-el-plan-de-contingencia-pluvial.jpeg\",\"contentUrl\":\"https:\\\/\\\/www.eldiariodetucuman.com\\\/web\\\/wp-content\\\/uploads\\\/2025\\\/07\\\/Jaldo-y-Chahla-avanzaron-en-el-plan-de-contingencia-pluvial.jpeg\",\"width\":818,\"height\":460},{\"@type\":\"BreadcrumbList\",\"@id\":\"https:\\\/\\\/www.eldiariodetucuman.com\\\/web\\\/jaldo-y-chahla-avanzaron-en-el-plan-de-contingencia-pluvial-para-san-miguel-de-tucuman\\\/#breadcrumb\",\"itemListElement\":[{\"@type\":\"ListItem\",\"position\":1,\"name\":\"Portada\",\"item\":\"https:\\\/\\\/www.eldiariodetucuman.com\\\/web\\\/\"},{\"@type\":\"ListItem\",\"position\":2,\"name\":\"Jaldo y Chahla avanzaron en el plan de contingencia pluvial para San Miguel de Tucum\u00e1n\"}]},{\"@type\":\"WebSite\",\"@id\":\"https:\\\/\\\/www.eldiariodetucuman.com\\\/web\\\/#website\",\"url\":\"https:\\\/\\\/www.eldiariodetucuman.com\\\/web\\\/\",\"name\":\"El Diario de Tucuman\",\"description\":\"Diario Tucuman - Informaci\u00f3n y noticias\",\"publisher\":{\"@id\":\"https:\\\/\\\/www.eldiariodetucuman.com\\\/web\\\/#organization\"},\"potentialAction\":[{\"@type\":\"SearchAction\",\"target\":{\"@type\":\"EntryPoint\",\"urlTemplate\":\"https:\\\/\\\/www.eldiariodetucuman.com\\\/web\\\/?s={search_term_string}\"},\"query-input\":{\"@type\":\"PropertyValueSpecification\",\"valueRequired\":true,\"valueName\":\"search_term_string\"}}],\"inLanguage\":\"es\"},{\"@type\":\"Organization\",\"@id\":\"https:\\\/\\\/www.eldiariodetucuman.com\\\/web\\\/#organization\",\"name\":\"El Diario de Tucuman\",\"url\":\"https:\\\/\\\/www.eldiariodetucuman.com\\\/web\\\/\",\"logo\":{\"@type\":\"ImageObject\",\"inLanguage\":\"es\",\"@id\":\"https:\\\/\\\/www.eldiariodetucuman.com\\\/web\\\/#\\\/schema\\\/logo\\\/image\\\/\",\"url\":\"http:\\\/\\\/www.eldiariodetucuman.com\\\/web\\\/wp-content\\\/uploads\\\/2017\\\/12\\\/el-diario-de-tucuman.jpg\",\"contentUrl\":\"http:\\\/\\\/www.eldiariodetucuman.com\\\/web\\\/wp-content\\\/uploads\\\/2017\\\/12\\\/el-diario-de-tucuman.jpg\",\"width\":272,\"height\":92,\"caption\":\"El Diario de Tucuman\"},\"image\":{\"@id\":\"https:\\\/\\\/www.eldiariodetucuman.com\\\/web\\\/#\\\/schema\\\/logo\\\/image\\\/\"}},{\"@type\":\"Person\",\"@id\":\"https:\\\/\\\/www.eldiariodetucuman.com\\\/web\\\/#\\\/schema\\\/person\\\/9250197d75ab5483412e19678b121caa\",\"name\":\"admin\",\"image\":{\"@type\":\"ImageObject\",\"inLanguage\":\"es\",\"@id\":\"https:\\\/\\\/secure.gravatar.com\\\/avatar\\\/c44d117c2be811212c22cb481f6b8384b6873de103fbc49e7a03cc58d7dea4ac?s=96&d=mm&r=g\",\"url\":\"https:\\\/\\\/secure.gravatar.com\\\/avatar\\\/c44d117c2be811212c22cb481f6b8384b6873de103fbc49e7a03cc58d7dea4ac?s=96&d=mm&r=g\",\"contentUrl\":\"https:\\\/\\\/secure.gravatar.com\\\/avatar\\\/c44d117c2be811212c22cb481f6b8384b6873de103fbc49e7a03cc58d7dea4ac?s=96&d=mm&r=g\",\"caption\":\"admin\"},\"url\":\"https:\\\/\\\/www.eldiariodetucuman.com\\\/web\\\/author\\\/admin\\\/\"}]}<\/script>\n<!-- \/ Yoast SEO plugin. -->","yoast_head_json":{"title":"Jaldo y Chahla avanzaron en el plan de contingencia pluvial para San Miguel de Tucum\u00e1n - El Diario de Tucuman","robots":{"index":"index","follow":"follow","max-snippet":"max-snippet:-1","max-image-preview":"max-image-preview:large","max-video-preview":"max-video-preview:-1"},"canonical":"https:\/\/www.eldiariodetucuman.com\/web\/jaldo-y-chahla-avanzaron-en-el-plan-de-contingencia-pluvial-para-san-miguel-de-tucuman\/","og_locale":"es_ES","og_type":"article","og_title":"Jaldo y Chahla avanzaron en el plan de contingencia pluvial para San Miguel de Tucum\u00e1n - El Diario de Tucuman","og_description":"El gobernador Osvaldo Jaldo, mantuvo una reuni\u00f3n con la intendenta de San Miguel de Tucum\u00e1n, Rossana Chahla, en Casa de Gobierno, en la que abordaron la agenda de temas vinculados a obras de infraestructura. Del encuentro tambi\u00e9n particip\u00f3 el ministro de Obras y Servicios P\u00fablicos, Marcelo Nazur. Tras la reuni\u00f3n, Chahla calific\u00f3 el encuentro como [&hellip;]","og_url":"https:\/\/www.eldiariodetucuman.com\/web\/jaldo-y-chahla-avanzaron-en-el-plan-de-contingencia-pluvial-para-san-miguel-de-tucuman\/","og_site_name":"El Diario de Tucuman","article_published_time":"2025-07-16T22:45:33+00:00","author":"admin","twitter_card":"summary_large_image","twitter_misc":{"Escrito por":"admin","Tiempo de lectura":"2 minutos"},"schema":{"@context":"https:\/\/schema.org","@graph":[{"@type":"Article","@id":"https:\/\/www.eldiariodetucuman.com\/web\/jaldo-y-chahla-avanzaron-en-el-plan-de-contingencia-pluvial-para-san-miguel-de-tucuman\/#article","isPartOf":{"@id":"https:\/\/www.eldiariodetucuman.com\/web\/jaldo-y-chahla-avanzaron-en-el-plan-de-contingencia-pluvial-para-san-miguel-de-tucuman\/"},"author":{"name":"admin","@id":"https:\/\/www.eldiariodetucuman.com\/web\/#\/schema\/person\/9250197d75ab5483412e19678b121caa"},"headline":"Jaldo y Chahla avanzaron en el plan de contingencia pluvial para San Miguel de Tucum\u00e1n","datePublished":"2025-07-16T22:45:33+00:00","mainEntityOfPage":{"@id":"https:\/\/www.eldiariodetucuman.com\/web\/jaldo-y-chahla-avanzaron-en-el-plan-de-contingencia-pluvial-para-san-miguel-de-tucuman\/"},"wordCount":353,"publisher":{"@id":"https:\/\/www.eldiariodetucuman.com\/web\/#organization"},"image":{"@id":"https:\/\/www.eldiariodetucuman.com\/web\/jaldo-y-chahla-avanzaron-en-el-plan-de-contingencia-pluvial-para-san-miguel-de-tucuman\/#primaryimage"},"thumbnailUrl":"https:\/\/www.eldiariodetucuman.com\/web\/wp-content\/uploads\/2025\/07\/Jaldo-y-Chahla-avanzaron-en-el-plan-de-contingencia-pluvial.jpeg","articleSection":["Politica"],"inLanguage":"es"},{"@type":"WebPage","@id":"https:\/\/www.eldiariodetucuman.com\/web\/jaldo-y-chahla-avanzaron-en-el-plan-de-contingencia-pluvial-para-san-miguel-de-tucuman\/","url":"https:\/\/www.eldiariodetucuman.com\/web\/jaldo-y-chahla-avanzaron-en-el-plan-de-contingencia-pluvial-para-san-miguel-de-tucuman\/","name":"Jaldo y Chahla avanzaron en el plan de contingencia pluvial para San Miguel de Tucum\u00e1n - El Diario de Tucuman","isPartOf":{"@id":"https:\/\/www.eldiariodetucuman.com\/web\/#website"},"primaryImageOfPage":{"@id":"https:\/\/www.eldiariodetucuman.com\/web\/jaldo-y-chahla-avanzaron-en-el-plan-de-contingencia-pluvial-para-san-miguel-de-tucuman\/#primaryimage"},"image":{"@id":"https:\/\/www.eldiariodetucuman.com\/web\/jaldo-y-chahla-avanzaron-en-el-plan-de-contingencia-pluvial-para-san-miguel-de-tucuman\/#primaryimage"},"thumbnailUrl":"https:\/\/www.eldiariodetucuman.com\/web\/wp-content\/uploads\/2025\/07\/Jaldo-y-Chahla-avanzaron-en-el-plan-de-contingencia-pluvial.jpeg","datePublished":"2025-07-16T22:45:33+00:00","breadcrumb":{"@id":"https:\/\/www.eldiariodetucuman.com\/web\/jaldo-y-chahla-avanzaron-en-el-plan-de-contingencia-pluvial-para-san-miguel-de-tucuman\/#breadcrumb"},"inLanguage":"es","potentialAction":[{"@type":"ReadAction","target":["https:\/\/www.eldiariodetucuman.com\/web\/jaldo-y-chahla-avanzaron-en-el-plan-de-contingencia-pluvial-para-san-miguel-de-tucuman\/"]}]},{"@type":"ImageObject","inLanguage":"es","@id":"https:\/\/www.eldiariodetucuman.com\/web\/jaldo-y-chahla-avanzaron-en-el-plan-de-contingencia-pluvial-para-san-miguel-de-tucuman\/#primaryimage","url":"https:\/\/www.eldiariodetucuman.com\/web\/wp-content\/uploads\/2025\/07\/Jaldo-y-Chahla-avanzaron-en-el-plan-de-contingencia-pluvial.jpeg","contentUrl":"https:\/\/www.eldiariodetucuman.com\/web\/wp-content\/uploads\/2025\/07\/Jaldo-y-Chahla-avanzaron-en-el-plan-de-contingencia-pluvial.jpeg","width":818,"height":460},{"@type":"BreadcrumbList","@id":"https:\/\/www.eldiariodetucuman.com\/web\/jaldo-y-chahla-avanzaron-en-el-plan-de-contingencia-pluvial-para-san-miguel-de-tucuman\/#breadcrumb","itemListElement":[{"@type":"ListItem","position":1,"name":"Portada","item":"https:\/\/www.eldiariodetucuman.com\/web\/"},{"@type":"ListItem","position":2,"name":"Jaldo y Chahla avanzaron en el plan de contingencia pluvial para San Miguel de Tucum\u00e1n"}]},{"@type":"WebSite","@id":"https:\/\/www.eldiariodetucuman.com\/web\/#website","url":"https:\/\/www.eldiariodetucuman.com\/web\/","name":"El Diario de Tucuman","description":"Diario Tucuman - Informaci\u00f3n y noticias","publisher":{"@id":"https:\/\/www.eldiariodetucuman.com\/web\/#organization"},"potentialAction":[{"@type":"SearchAction","target":{"@type":"EntryPoint","urlTemplate":"https:\/\/www.eldiariodetucuman.com\/web\/?s={search_term_string}"},"query-input":{"@type":"PropertyValueSpecification","valueRequired":true,"valueName":"search_term_string"}}],"inLanguage":"es"},{"@type":"Organization","@id":"https:\/\/www.eldiariodetucuman.com\/web\/#organization","name":"El Diario de Tucuman","url":"https:\/\/www.eldiariodetucuman.com\/web\/","logo":{"@type":"ImageObject","inLanguage":"es","@id":"https:\/\/www.eldiariodetucuman.com\/web\/#\/schema\/logo\/image\/","url":"http:\/\/www.eldiariodetucuman.com\/web\/wp-content\/uploads\/2017\/12\/el-diario-de-tucuman.jpg","contentUrl":"http:\/\/www.eldiariodetucuman.com\/web\/wp-content\/uploads\/2017\/12\/el-diario-de-tucuman.jpg","width":272,"height":92,"caption":"El Diario de Tucuman"},"image":{"@id":"https:\/\/www.eldiariodetucuman.com\/web\/#\/schema\/logo\/image\/"}},{"@type":"Person","@id":"https:\/\/www.eldiariodetucuman.com\/web\/#\/schema\/person\/9250197d75ab5483412e19678b121caa","name":"admin","image":{"@type":"ImageObject","inLanguage":"es","@id":"https:\/\/secure.gravatar.com\/avatar\/c44d117c2be811212c22cb481f6b8384b6873de103fbc49e7a03cc58d7dea4ac?s=96&d=mm&r=g","url":"https:\/\/secure.gravatar.com\/avatar\/c44d117c2be811212c22cb481f6b8384b6873de103fbc49e7a03cc58d7dea4ac?s=96&d=mm&r=g","contentUrl":"https:\/\/secure.gravatar.com\/avatar\/c44d117c2be811212c22cb481f6b8384b6873de103fbc49e7a03cc58d7dea4ac?s=96&d=mm&r=g","caption":"admin"},"url":"https:\/\/www.eldiariodetucuman.com\/web\/author\/admin\/"}]}},"_links":{"self":[{"href":"https:\/\/www.eldiariodetucuman.com\/web\/wp-json\/wp\/v2\/posts\/45075","targetHints":{"allow":["GET"]}}],"collection":[{"href":"https:\/\/www.eldiariodetucuman.com\/web\/wp-json\/wp\/v2\/posts"}],"about":[{"href":"https:\/\/www.eldiariodetucuman.com\/web\/wp-json\/wp\/v2\/types\/post"}],"author":[{"embeddable":true,"href":"https:\/\/www.eldiariodetucuman.com\/web\/wp-json\/wp\/v2\/users\/1"}],"replies":[{"embeddable":true,"href":"https:\/\/www.eldiariodetucuman.com\/web\/wp-json\/wp\/v2\/comments?post=45075"}],"version-history":[{"count":0,"href":"https:\/\/www.eldiariodetucuman.com\/web\/wp-json\/wp\/v2\/posts\/45075\/revisions"}],"wp:featuredmedia":[{"embeddable":true,"href":"https:\/\/www.eldiariodetucuman.com\/web\/wp-json\/wp\/v2\/media\/45076"}],"wp:attachment":[{"href":"https:\/\/www.eldiariodetucuman.com\/web\/wp-json\/wp\/v2\/media?parent=45075"}],"wp:term":[{"taxonomy":"category","embeddable":true,"href":"https:\/\/www.eldiariodetucuman.com\/web\/wp-json\/wp\/v2\/categories?post=45075"},{"taxonomy":"post_tag","embeddable":true,"href":"https:\/\/www.eldiariodetucuman.com\/web\/wp-json\/wp\/v2\/tags?post=45075"}],"curies":[{"name":"wp","href":"https:\/\/api.w.org\/{rel}","templated":true}]}}