{"id":45072,"date":"2025-07-16T14:01:34","date_gmt":"2025-07-16T17:01:34","guid":{"rendered":"https:\/\/www.eldiariodetucuman.com\/web\/la-inflacion-del-indec-fue-del-16-en-junio-medido-antes-del-impacto-de-la-suba-del-dolar\/"},"modified":"2025-07-16T14:01:34","modified_gmt":"2025-07-16T17:01:34","slug":"la-inflacion-del-indec-fue-del-16-en-junio-medido-antes-del-impacto-de-la-suba-del-dolar","status":"publish","type":"post","link":"https:\/\/www.eldiariodetucuman.com\/web\/la-inflacion-del-indec-fue-del-16-en-junio-medido-antes-del-impacto-de-la-suba-del-dolar\/","title":{"rendered":"La inflaci\u00f3n del Indec fue del 1,6% en junio , medido antes del impacto de la suba del d\u00f3lar"},"content":{"rendered":"<p><\/p>\n<p>El \u00edndice oficial dio una suba del 0,1% respecto del mes anterior. Fue antes de la suba del d\u00f3lar.<\/p>\n<p>\u00a0El nivel general del \u00cdndice de precios al consumidor registr\u00f3 un alza mensual de 1,6% en junio de 2025, y acumul\u00f3 en el a\u00f1o una variaci\u00f3n de 15,1%. Se trata de una suba muy moderada, que en parte se explica porque la suba del d\u00f3lar que\u00a0ya se est\u00e1 trasladando a precios, ocurri\u00f3 en julio.<\/p>\n<p>De todas maneras sorprendi\u00f3 el contraste del n\u00famero del Indec que conduce Marco Lavagna con el\u00a0IPC de la Ciudad\u00a0que en Junio marc\u00f3 un 2,1%, registrando una suba muy importante del 0,5% respecto a Mayo.<\/p>\n<p>Como era de esperar, Milei festej\u00f3 el \u00edndice y aprovech\u00f3 para descargar sus insultos habituales: \u00abLo festejan los argentinos de bien y lo llora toda mandrilandia\u00bb.<\/p>\n<p>Las mediciones del Indec de Lavagna vienen siendo cuestionadas por la manera en que se arm\u00f3 la canasta del IPC, donde est\u00e1n subvalorados los servicios que han recibido aumentos siderales durante la gesti\u00f3n de Milei. Ahorta tambi\u00e9n se escuchan objeciones sobre como integran la canasta de alimentos que en Junio dio apenas un 0,6% de aumentos, muy lejos de la realidad que se observa en verduler\u00edas, carnicer\u00edas y almacenes.<\/p>\n<p>Como sea, la divisi\u00f3n de mayor aumento seg\u00fan el Indec fue Educaci\u00f3n (3,7%), por subas en el valor de las cuotas de los servicios educativos. Le sigui\u00f3 Vivienda, agua, electricidad y otros combustibles (3,4%), por incrementos en Alquiler de la vivienda y gastos conexos, por aumentos en alquileres y expensas a causa de la bonificaci\u00f3n en la remuneraci\u00f3n de encargados de edici\u00f3n.\u00a0<\/p>\n<p>La divisi\u00f3n con mayor incidencia en las regiones GBA, Pampeana, Noreste y Patagonia fue Vivienda, agua, electricidad y otros combustibles (3,4%).\u00a0<\/p>\n<p>En cambio, en Noroeste la mayor incidencia se registr\u00f3 en Prendas de vestir y calzado (0,5%), mientras que en Cuyo fue Recreaci\u00f3n y cultura (2,5%).\u00a0<\/p>\n<p>Las dos divisiones que registraron las menores variaciones en junio de 2025 fueron Alimentos y bebidas no alcoh\u00f3licas (0,6%) y Prendas de vestir y calzado (0,5%). A nivel de las categor\u00edas, los precios Regulados (2,2%) lideraron el incremento, seguida de IPC n\u00facleo (1,7%) y Estacionales (-0,2%).<\/p>\n<p>Para Julio las proyecciones de las consultoras no son tan alentadoras, por el impacto de la suba del d\u00f3lar.<\/p>\n<p>LPO<\/p>\n<p>Fuente: <a href=\"https:\/\/tucuman24.com\/nota\/185763\/la-inflacion-del-indec-fue-del-16-en-junio-medido-antes-del-impacto-de-la-suba-del-dolar.html\"> Fuente de la nota <\/a><\/p>\n","protected":false},"excerpt":{"rendered":"<p>El \u00edndice oficial dio una suba del 0,1% respecto del mes anterior. Fue antes de la suba del d\u00f3lar. \u00a0El nivel general del \u00cdndice de precios al consumidor registr\u00f3 un alza mensual de 1,6% en junio de 2025, y acumul\u00f3 en el a\u00f1o una variaci\u00f3n de 15,1%. Se trata de una suba muy moderada, que [&hellip;]<\/p>\n","protected":false},"author":1,"featured_media":44061,"comment_status":"closed","ping_status":"open","sticky":false,"template":"","format":"standard","meta":{"footnotes":""},"categories":[2],"tags":[],"class_list":{"0":"post-45072","1":"post","2":"type-post","3":"status-publish","4":"format-standard","5":"has-post-thumbnail","7":"category-actualidad"},"yoast_head":"<!-- This site is optimized with the Yoast SEO plugin v27.4 - https:\/\/yoast.com\/product\/yoast-seo-wordpress\/ -->\n<title>La inflaci\u00f3n del Indec fue del 1,6% en junio , medido antes del impacto de la suba del d\u00f3lar - El Diario de Tucuman<\/title>\n<meta name=\"robots\" content=\"index, follow, max-snippet:-1, max-image-preview:large, max-video-preview:-1\" \/>\n<link rel=\"canonical\" href=\"https:\/\/www.eldiariodetucuman.com\/web\/la-inflacion-del-indec-fue-del-16-en-junio-medido-antes-del-impacto-de-la-suba-del-dolar\/\" \/>\n<meta property=\"og:locale\" content=\"es_ES\" \/>\n<meta property=\"og:type\" content=\"article\" \/>\n<meta property=\"og:title\" content=\"La inflaci\u00f3n del Indec fue del 1,6% en junio , medido antes del impacto de la suba del d\u00f3lar - El Diario de Tucuman\" \/>\n<meta property=\"og:description\" content=\"El \u00edndice oficial dio una suba del 0,1% respecto del mes anterior. Fue antes de la suba del d\u00f3lar. \u00a0El nivel general del \u00cdndice de precios al consumidor registr\u00f3 un alza mensual de 1,6% en junio de 2025, y acumul\u00f3 en el a\u00f1o una variaci\u00f3n de 15,1%. Se trata de una suba muy moderada, que [&hellip;]\" \/>\n<meta property=\"og:url\" content=\"https:\/\/www.eldiariodetucuman.com\/web\/la-inflacion-del-indec-fue-del-16-en-junio-medido-antes-del-impacto-de-la-suba-del-dolar\/\" \/>\n<meta property=\"og:site_name\" content=\"El Diario de Tucuman\" \/>\n<meta property=\"article:published_time\" content=\"2025-07-16T17:01:34+00:00\" \/>\n<meta name=\"author\" content=\"admin\" \/>\n<meta name=\"twitter:card\" content=\"summary_large_image\" \/>\n<meta name=\"twitter:label1\" content=\"Escrito por\" \/>\n\t<meta name=\"twitter:data1\" content=\"admin\" \/>\n\t<meta name=\"twitter:label2\" content=\"Tiempo de lectura\" \/>\n\t<meta name=\"twitter:data2\" content=\"2 minutos\" \/>\n<script type=\"application\/ld+json\" class=\"yoast-schema-graph\">{\"@context\":\"https:\\\/\\\/schema.org\",\"@graph\":[{\"@type\":\"Article\",\"@id\":\"https:\\\/\\\/www.eldiariodetucuman.com\\\/web\\\/la-inflacion-del-indec-fue-del-16-en-junio-medido-antes-del-impacto-de-la-suba-del-dolar\\\/#article\",\"isPartOf\":{\"@id\":\"https:\\\/\\\/www.eldiariodetucuman.com\\\/web\\\/la-inflacion-del-indec-fue-del-16-en-junio-medido-antes-del-impacto-de-la-suba-del-dolar\\\/\"},\"author\":{\"name\":\"admin\",\"@id\":\"https:\\\/\\\/www.eldiariodetucuman.com\\\/web\\\/#\\\/schema\\\/person\\\/9250197d75ab5483412e19678b121caa\"},\"headline\":\"La inflaci\u00f3n del Indec fue del 1,6% en junio , medido antes del impacto de la suba del d\u00f3lar\",\"datePublished\":\"2025-07-16T17:01:34+00:00\",\"mainEntityOfPage\":{\"@id\":\"https:\\\/\\\/www.eldiariodetucuman.com\\\/web\\\/la-inflacion-del-indec-fue-del-16-en-junio-medido-antes-del-impacto-de-la-suba-del-dolar\\\/\"},\"wordCount\":408,\"publisher\":{\"@id\":\"https:\\\/\\\/www.eldiariodetucuman.com\\\/web\\\/#organization\"},\"image\":{\"@id\":\"https:\\\/\\\/www.eldiariodetucuman.com\\\/web\\\/la-inflacion-del-indec-fue-del-16-en-junio-medido-antes-del-impacto-de-la-suba-del-dolar\\\/#primaryimage\"},\"thumbnailUrl\":\"https:\\\/\\\/www.eldiariodetucuman.com\\\/web\\\/wp-content\\\/uploads\\\/2025\\\/04\\\/Una-familia-tipo-necesito-en-marzo-mas-de-1100000-para.png\",\"articleSection\":[\"Actualidad\"],\"inLanguage\":\"es\"},{\"@type\":\"WebPage\",\"@id\":\"https:\\\/\\\/www.eldiariodetucuman.com\\\/web\\\/la-inflacion-del-indec-fue-del-16-en-junio-medido-antes-del-impacto-de-la-suba-del-dolar\\\/\",\"url\":\"https:\\\/\\\/www.eldiariodetucuman.com\\\/web\\\/la-inflacion-del-indec-fue-del-16-en-junio-medido-antes-del-impacto-de-la-suba-del-dolar\\\/\",\"name\":\"La inflaci\u00f3n del Indec fue del 1,6% en junio , medido antes del impacto de la suba del d\u00f3lar - El Diario de Tucuman\",\"isPartOf\":{\"@id\":\"https:\\\/\\\/www.eldiariodetucuman.com\\\/web\\\/#website\"},\"primaryImageOfPage\":{\"@id\":\"https:\\\/\\\/www.eldiariodetucuman.com\\\/web\\\/la-inflacion-del-indec-fue-del-16-en-junio-medido-antes-del-impacto-de-la-suba-del-dolar\\\/#primaryimage\"},\"image\":{\"@id\":\"https:\\\/\\\/www.eldiariodetucuman.com\\\/web\\\/la-inflacion-del-indec-fue-del-16-en-junio-medido-antes-del-impacto-de-la-suba-del-dolar\\\/#primaryimage\"},\"thumbnailUrl\":\"https:\\\/\\\/www.eldiariodetucuman.com\\\/web\\\/wp-content\\\/uploads\\\/2025\\\/04\\\/Una-familia-tipo-necesito-en-marzo-mas-de-1100000-para.png\",\"datePublished\":\"2025-07-16T17:01:34+00:00\",\"breadcrumb\":{\"@id\":\"https:\\\/\\\/www.eldiariodetucuman.com\\\/web\\\/la-inflacion-del-indec-fue-del-16-en-junio-medido-antes-del-impacto-de-la-suba-del-dolar\\\/#breadcrumb\"},\"inLanguage\":\"es\",\"potentialAction\":[{\"@type\":\"ReadAction\",\"target\":[\"https:\\\/\\\/www.eldiariodetucuman.com\\\/web\\\/la-inflacion-del-indec-fue-del-16-en-junio-medido-antes-del-impacto-de-la-suba-del-dolar\\\/\"]}]},{\"@type\":\"ImageObject\",\"inLanguage\":\"es\",\"@id\":\"https:\\\/\\\/www.eldiariodetucuman.com\\\/web\\\/la-inflacion-del-indec-fue-del-16-en-junio-medido-antes-del-impacto-de-la-suba-del-dolar\\\/#primaryimage\",\"url\":\"https:\\\/\\\/www.eldiariodetucuman.com\\\/web\\\/wp-content\\\/uploads\\\/2025\\\/04\\\/Una-familia-tipo-necesito-en-marzo-mas-de-1100000-para.png\",\"contentUrl\":\"https:\\\/\\\/www.eldiariodetucuman.com\\\/web\\\/wp-content\\\/uploads\\\/2025\\\/04\\\/Una-familia-tipo-necesito-en-marzo-mas-de-1100000-para.png\",\"width\":655,\"height\":412},{\"@type\":\"BreadcrumbList\",\"@id\":\"https:\\\/\\\/www.eldiariodetucuman.com\\\/web\\\/la-inflacion-del-indec-fue-del-16-en-junio-medido-antes-del-impacto-de-la-suba-del-dolar\\\/#breadcrumb\",\"itemListElement\":[{\"@type\":\"ListItem\",\"position\":1,\"name\":\"Portada\",\"item\":\"https:\\\/\\\/www.eldiariodetucuman.com\\\/web\\\/\"},{\"@type\":\"ListItem\",\"position\":2,\"name\":\"La inflaci\u00f3n del Indec fue del 1,6% en junio , medido antes del impacto de la suba del d\u00f3lar\"}]},{\"@type\":\"WebSite\",\"@id\":\"https:\\\/\\\/www.eldiariodetucuman.com\\\/web\\\/#website\",\"url\":\"https:\\\/\\\/www.eldiariodetucuman.com\\\/web\\\/\",\"name\":\"El Diario de Tucuman\",\"description\":\"Diario Tucuman - Informaci\u00f3n y noticias\",\"publisher\":{\"@id\":\"https:\\\/\\\/www.eldiariodetucuman.com\\\/web\\\/#organization\"},\"potentialAction\":[{\"@type\":\"SearchAction\",\"target\":{\"@type\":\"EntryPoint\",\"urlTemplate\":\"https:\\\/\\\/www.eldiariodetucuman.com\\\/web\\\/?s={search_term_string}\"},\"query-input\":{\"@type\":\"PropertyValueSpecification\",\"valueRequired\":true,\"valueName\":\"search_term_string\"}}],\"inLanguage\":\"es\"},{\"@type\":\"Organization\",\"@id\":\"https:\\\/\\\/www.eldiariodetucuman.com\\\/web\\\/#organization\",\"name\":\"El Diario de Tucuman\",\"url\":\"https:\\\/\\\/www.eldiariodetucuman.com\\\/web\\\/\",\"logo\":{\"@type\":\"ImageObject\",\"inLanguage\":\"es\",\"@id\":\"https:\\\/\\\/www.eldiariodetucuman.com\\\/web\\\/#\\\/schema\\\/logo\\\/image\\\/\",\"url\":\"http:\\\/\\\/www.eldiariodetucuman.com\\\/web\\\/wp-content\\\/uploads\\\/2017\\\/12\\\/el-diario-de-tucuman.jpg\",\"contentUrl\":\"http:\\\/\\\/www.eldiariodetucuman.com\\\/web\\\/wp-content\\\/uploads\\\/2017\\\/12\\\/el-diario-de-tucuman.jpg\",\"width\":272,\"height\":92,\"caption\":\"El Diario de Tucuman\"},\"image\":{\"@id\":\"https:\\\/\\\/www.eldiariodetucuman.com\\\/web\\\/#\\\/schema\\\/logo\\\/image\\\/\"}},{\"@type\":\"Person\",\"@id\":\"https:\\\/\\\/www.eldiariodetucuman.com\\\/web\\\/#\\\/schema\\\/person\\\/9250197d75ab5483412e19678b121caa\",\"name\":\"admin\",\"image\":{\"@type\":\"ImageObject\",\"inLanguage\":\"es\",\"@id\":\"https:\\\/\\\/secure.gravatar.com\\\/avatar\\\/c44d117c2be811212c22cb481f6b8384b6873de103fbc49e7a03cc58d7dea4ac?s=96&d=mm&r=g\",\"url\":\"https:\\\/\\\/secure.gravatar.com\\\/avatar\\\/c44d117c2be811212c22cb481f6b8384b6873de103fbc49e7a03cc58d7dea4ac?s=96&d=mm&r=g\",\"contentUrl\":\"https:\\\/\\\/secure.gravatar.com\\\/avatar\\\/c44d117c2be811212c22cb481f6b8384b6873de103fbc49e7a03cc58d7dea4ac?s=96&d=mm&r=g\",\"caption\":\"admin\"},\"url\":\"https:\\\/\\\/www.eldiariodetucuman.com\\\/web\\\/author\\\/admin\\\/\"}]}<\/script>\n<!-- \/ Yoast SEO plugin. -->","yoast_head_json":{"title":"La inflaci\u00f3n del Indec fue del 1,6% en junio , medido antes del impacto de la suba del d\u00f3lar - El Diario de Tucuman","robots":{"index":"index","follow":"follow","max-snippet":"max-snippet:-1","max-image-preview":"max-image-preview:large","max-video-preview":"max-video-preview:-1"},"canonical":"https:\/\/www.eldiariodetucuman.com\/web\/la-inflacion-del-indec-fue-del-16-en-junio-medido-antes-del-impacto-de-la-suba-del-dolar\/","og_locale":"es_ES","og_type":"article","og_title":"La inflaci\u00f3n del Indec fue del 1,6% en junio , medido antes del impacto de la suba del d\u00f3lar - El Diario de Tucuman","og_description":"El \u00edndice oficial dio una suba del 0,1% respecto del mes anterior. Fue antes de la suba del d\u00f3lar. \u00a0El nivel general del \u00cdndice de precios al consumidor registr\u00f3 un alza mensual de 1,6% en junio de 2025, y acumul\u00f3 en el a\u00f1o una variaci\u00f3n de 15,1%. Se trata de una suba muy moderada, que [&hellip;]","og_url":"https:\/\/www.eldiariodetucuman.com\/web\/la-inflacion-del-indec-fue-del-16-en-junio-medido-antes-del-impacto-de-la-suba-del-dolar\/","og_site_name":"El Diario de Tucuman","article_published_time":"2025-07-16T17:01:34+00:00","author":"admin","twitter_card":"summary_large_image","twitter_misc":{"Escrito por":"admin","Tiempo de lectura":"2 minutos"},"schema":{"@context":"https:\/\/schema.org","@graph":[{"@type":"Article","@id":"https:\/\/www.eldiariodetucuman.com\/web\/la-inflacion-del-indec-fue-del-16-en-junio-medido-antes-del-impacto-de-la-suba-del-dolar\/#article","isPartOf":{"@id":"https:\/\/www.eldiariodetucuman.com\/web\/la-inflacion-del-indec-fue-del-16-en-junio-medido-antes-del-impacto-de-la-suba-del-dolar\/"},"author":{"name":"admin","@id":"https:\/\/www.eldiariodetucuman.com\/web\/#\/schema\/person\/9250197d75ab5483412e19678b121caa"},"headline":"La inflaci\u00f3n del Indec fue del 1,6% en junio , medido antes del impacto de la suba del d\u00f3lar","datePublished":"2025-07-16T17:01:34+00:00","mainEntityOfPage":{"@id":"https:\/\/www.eldiariodetucuman.com\/web\/la-inflacion-del-indec-fue-del-16-en-junio-medido-antes-del-impacto-de-la-suba-del-dolar\/"},"wordCount":408,"publisher":{"@id":"https:\/\/www.eldiariodetucuman.com\/web\/#organization"},"image":{"@id":"https:\/\/www.eldiariodetucuman.com\/web\/la-inflacion-del-indec-fue-del-16-en-junio-medido-antes-del-impacto-de-la-suba-del-dolar\/#primaryimage"},"thumbnailUrl":"https:\/\/www.eldiariodetucuman.com\/web\/wp-content\/uploads\/2025\/04\/Una-familia-tipo-necesito-en-marzo-mas-de-1100000-para.png","articleSection":["Actualidad"],"inLanguage":"es"},{"@type":"WebPage","@id":"https:\/\/www.eldiariodetucuman.com\/web\/la-inflacion-del-indec-fue-del-16-en-junio-medido-antes-del-impacto-de-la-suba-del-dolar\/","url":"https:\/\/www.eldiariodetucuman.com\/web\/la-inflacion-del-indec-fue-del-16-en-junio-medido-antes-del-impacto-de-la-suba-del-dolar\/","name":"La inflaci\u00f3n del Indec fue del 1,6% en junio , medido antes del impacto de la suba del d\u00f3lar - El Diario de Tucuman","isPartOf":{"@id":"https:\/\/www.eldiariodetucuman.com\/web\/#website"},"primaryImageOfPage":{"@id":"https:\/\/www.eldiariodetucuman.com\/web\/la-inflacion-del-indec-fue-del-16-en-junio-medido-antes-del-impacto-de-la-suba-del-dolar\/#primaryimage"},"image":{"@id":"https:\/\/www.eldiariodetucuman.com\/web\/la-inflacion-del-indec-fue-del-16-en-junio-medido-antes-del-impacto-de-la-suba-del-dolar\/#primaryimage"},"thumbnailUrl":"https:\/\/www.eldiariodetucuman.com\/web\/wp-content\/uploads\/2025\/04\/Una-familia-tipo-necesito-en-marzo-mas-de-1100000-para.png","datePublished":"2025-07-16T17:01:34+00:00","breadcrumb":{"@id":"https:\/\/www.eldiariodetucuman.com\/web\/la-inflacion-del-indec-fue-del-16-en-junio-medido-antes-del-impacto-de-la-suba-del-dolar\/#breadcrumb"},"inLanguage":"es","potentialAction":[{"@type":"ReadAction","target":["https:\/\/www.eldiariodetucuman.com\/web\/la-inflacion-del-indec-fue-del-16-en-junio-medido-antes-del-impacto-de-la-suba-del-dolar\/"]}]},{"@type":"ImageObject","inLanguage":"es","@id":"https:\/\/www.eldiariodetucuman.com\/web\/la-inflacion-del-indec-fue-del-16-en-junio-medido-antes-del-impacto-de-la-suba-del-dolar\/#primaryimage","url":"https:\/\/www.eldiariodetucuman.com\/web\/wp-content\/uploads\/2025\/04\/Una-familia-tipo-necesito-en-marzo-mas-de-1100000-para.png","contentUrl":"https:\/\/www.eldiariodetucuman.com\/web\/wp-content\/uploads\/2025\/04\/Una-familia-tipo-necesito-en-marzo-mas-de-1100000-para.png","width":655,"height":412},{"@type":"BreadcrumbList","@id":"https:\/\/www.eldiariodetucuman.com\/web\/la-inflacion-del-indec-fue-del-16-en-junio-medido-antes-del-impacto-de-la-suba-del-dolar\/#breadcrumb","itemListElement":[{"@type":"ListItem","position":1,"name":"Portada","item":"https:\/\/www.eldiariodetucuman.com\/web\/"},{"@type":"ListItem","position":2,"name":"La inflaci\u00f3n del Indec fue del 1,6% en junio , medido antes del impacto de la suba del d\u00f3lar"}]},{"@type":"WebSite","@id":"https:\/\/www.eldiariodetucuman.com\/web\/#website","url":"https:\/\/www.eldiariodetucuman.com\/web\/","name":"El Diario de Tucuman","description":"Diario Tucuman - Informaci\u00f3n y noticias","publisher":{"@id":"https:\/\/www.eldiariodetucuman.com\/web\/#organization"},"potentialAction":[{"@type":"SearchAction","target":{"@type":"EntryPoint","urlTemplate":"https:\/\/www.eldiariodetucuman.com\/web\/?s={search_term_string}"},"query-input":{"@type":"PropertyValueSpecification","valueRequired":true,"valueName":"search_term_string"}}],"inLanguage":"es"},{"@type":"Organization","@id":"https:\/\/www.eldiariodetucuman.com\/web\/#organization","name":"El Diario de Tucuman","url":"https:\/\/www.eldiariodetucuman.com\/web\/","logo":{"@type":"ImageObject","inLanguage":"es","@id":"https:\/\/www.eldiariodetucuman.com\/web\/#\/schema\/logo\/image\/","url":"http:\/\/www.eldiariodetucuman.com\/web\/wp-content\/uploads\/2017\/12\/el-diario-de-tucuman.jpg","contentUrl":"http:\/\/www.eldiariodetucuman.com\/web\/wp-content\/uploads\/2017\/12\/el-diario-de-tucuman.jpg","width":272,"height":92,"caption":"El Diario de Tucuman"},"image":{"@id":"https:\/\/www.eldiariodetucuman.com\/web\/#\/schema\/logo\/image\/"}},{"@type":"Person","@id":"https:\/\/www.eldiariodetucuman.com\/web\/#\/schema\/person\/9250197d75ab5483412e19678b121caa","name":"admin","image":{"@type":"ImageObject","inLanguage":"es","@id":"https:\/\/secure.gravatar.com\/avatar\/c44d117c2be811212c22cb481f6b8384b6873de103fbc49e7a03cc58d7dea4ac?s=96&d=mm&r=g","url":"https:\/\/secure.gravatar.com\/avatar\/c44d117c2be811212c22cb481f6b8384b6873de103fbc49e7a03cc58d7dea4ac?s=96&d=mm&r=g","contentUrl":"https:\/\/secure.gravatar.com\/avatar\/c44d117c2be811212c22cb481f6b8384b6873de103fbc49e7a03cc58d7dea4ac?s=96&d=mm&r=g","caption":"admin"},"url":"https:\/\/www.eldiariodetucuman.com\/web\/author\/admin\/"}]}},"_links":{"self":[{"href":"https:\/\/www.eldiariodetucuman.com\/web\/wp-json\/wp\/v2\/posts\/45072","targetHints":{"allow":["GET"]}}],"collection":[{"href":"https:\/\/www.eldiariodetucuman.com\/web\/wp-json\/wp\/v2\/posts"}],"about":[{"href":"https:\/\/www.eldiariodetucuman.com\/web\/wp-json\/wp\/v2\/types\/post"}],"author":[{"embeddable":true,"href":"https:\/\/www.eldiariodetucuman.com\/web\/wp-json\/wp\/v2\/users\/1"}],"replies":[{"embeddable":true,"href":"https:\/\/www.eldiariodetucuman.com\/web\/wp-json\/wp\/v2\/comments?post=45072"}],"version-history":[{"count":0,"href":"https:\/\/www.eldiariodetucuman.com\/web\/wp-json\/wp\/v2\/posts\/45072\/revisions"}],"wp:featuredmedia":[{"embeddable":true,"href":"https:\/\/www.eldiariodetucuman.com\/web\/wp-json\/wp\/v2\/media\/44061"}],"wp:attachment":[{"href":"https:\/\/www.eldiariodetucuman.com\/web\/wp-json\/wp\/v2\/media?parent=45072"}],"wp:term":[{"taxonomy":"category","embeddable":true,"href":"https:\/\/www.eldiariodetucuman.com\/web\/wp-json\/wp\/v2\/categories?post=45072"},{"taxonomy":"post_tag","embeddable":true,"href":"https:\/\/www.eldiariodetucuman.com\/web\/wp-json\/wp\/v2\/tags?post=45072"}],"curies":[{"name":"wp","href":"https:\/\/api.w.org\/{rel}","templated":true}]}}