{"id":45070,"date":"2025-07-16T13:56:05","date_gmt":"2025-07-16T16:56:05","guid":{"rendered":"https:\/\/www.eldiariodetucuman.com\/web\/robo-una-bicicleta-quedo-filmado-y-ahora-ira-a-prision-preventiva\/"},"modified":"2025-07-16T13:56:05","modified_gmt":"2025-07-16T16:56:05","slug":"robo-una-bicicleta-quedo-filmado-y-ahora-ira-a-prision-preventiva","status":"publish","type":"post","link":"https:\/\/www.eldiariodetucuman.com\/web\/robo-una-bicicleta-quedo-filmado-y-ahora-ira-a-prision-preventiva\/","title":{"rendered":"Rob\u00f3 una bicicleta, qued\u00f3 filmado y ahora ir\u00e1 a prisi\u00f3n preventiva"},"content":{"rendered":"<p>     <\/p>\n<p>image.png   <\/p>\n<p>Entre las evidencias, el investigador se refiri\u00f3 a las <strong>c\u00e1maras de seguridad <\/strong>que captaron el momento en calle Moreno primera cuadra de esta ciudad . \u201cEn las filmaciones se ve que, entre las 11:00 y las 12:00 horas, un sujeto (quien vest\u00eda un jean de color negro y un buzo de color azul oscuro) se llev\u00f3 una bicicleta (marca Venzo rodado 29)\u201d, indic\u00f3 el Auxiliar de Fiscal quien como riesgo procesal se\u00f1al\u00f3 la falta de arraigo (se encuentra en situaci\u00f3n de calle).<\/p>\n<p>Por las medidas que restan (declaraci\u00f3n testimonial e informe socioambiental), la jueza actuante resolvi\u00f3 otorgar la prisi\u00f3n preventiva por 15 d\u00edas.<\/p>\n<p>     <strong>FUENTE:<\/strong> MPF<br \/>\n<br \/>Fuente: <a href=\"https:\/\/www.lv12.com.ar\/prision-preventiva\/robo-una-bicicleta-quedo-filmado-y-ahora-ira-prision-preventiva-n182190\"> Fuente de la nota <\/a><\/p>\n","protected":false},"excerpt":{"rendered":"<p>image.png Entre las evidencias, el investigador se refiri\u00f3 a las c\u00e1maras de seguridad que captaron el momento en calle Moreno primera cuadra de esta ciudad . \u201cEn las filmaciones se ve que, entre las 11:00 y las 12:00 horas, un sujeto (quien vest\u00eda un jean de color negro y un buzo de color azul oscuro) [&hellip;]<\/p>\n","protected":false},"author":1,"featured_media":45071,"comment_status":"closed","ping_status":"open","sticky":false,"template":"","format":"standard","meta":{"footnotes":""},"categories":[927],"tags":[],"class_list":{"0":"post-45070","1":"post","2":"type-post","3":"status-publish","4":"format-standard","5":"has-post-thumbnail","7":"category-policiales"},"yoast_head":"<!-- This site is optimized with the Yoast SEO plugin v27.4 - https:\/\/yoast.com\/product\/yoast-seo-wordpress\/ -->\n<title>Rob\u00f3 una bicicleta, qued\u00f3 filmado y ahora ir\u00e1 a prisi\u00f3n preventiva - El Diario de Tucuman<\/title>\n<meta name=\"robots\" content=\"index, follow, max-snippet:-1, max-image-preview:large, max-video-preview:-1\" \/>\n<link rel=\"canonical\" href=\"https:\/\/www.eldiariodetucuman.com\/web\/robo-una-bicicleta-quedo-filmado-y-ahora-ira-a-prision-preventiva\/\" \/>\n<meta property=\"og:locale\" content=\"es_ES\" \/>\n<meta property=\"og:type\" content=\"article\" \/>\n<meta property=\"og:title\" content=\"Rob\u00f3 una bicicleta, qued\u00f3 filmado y ahora ir\u00e1 a prisi\u00f3n preventiva - El Diario de Tucuman\" \/>\n<meta property=\"og:description\" content=\"image.png Entre las evidencias, el investigador se refiri\u00f3 a las c\u00e1maras de seguridad que captaron el momento en calle Moreno primera cuadra de esta ciudad . \u201cEn las filmaciones se ve que, entre las 11:00 y las 12:00 horas, un sujeto (quien vest\u00eda un jean de color negro y un buzo de color azul oscuro) [&hellip;]\" \/>\n<meta property=\"og:url\" content=\"https:\/\/www.eldiariodetucuman.com\/web\/robo-una-bicicleta-quedo-filmado-y-ahora-ira-a-prision-preventiva\/\" \/>\n<meta property=\"og:site_name\" content=\"El Diario de Tucuman\" \/>\n<meta property=\"article:published_time\" content=\"2025-07-16T16:56:05+00:00\" \/>\n<meta name=\"author\" content=\"admin\" \/>\n<meta name=\"twitter:card\" content=\"summary_large_image\" \/>\n<meta name=\"twitter:label1\" content=\"Escrito por\" \/>\n\t<meta name=\"twitter:data1\" content=\"admin\" \/>\n\t<meta name=\"twitter:label2\" content=\"Tiempo de lectura\" \/>\n\t<meta name=\"twitter:data2\" content=\"1 minuto\" \/>\n<script type=\"application\/ld+json\" class=\"yoast-schema-graph\">{\"@context\":\"https:\\\/\\\/schema.org\",\"@graph\":[{\"@type\":\"Article\",\"@id\":\"https:\\\/\\\/www.eldiariodetucuman.com\\\/web\\\/robo-una-bicicleta-quedo-filmado-y-ahora-ira-a-prision-preventiva\\\/#article\",\"isPartOf\":{\"@id\":\"https:\\\/\\\/www.eldiariodetucuman.com\\\/web\\\/robo-una-bicicleta-quedo-filmado-y-ahora-ira-a-prision-preventiva\\\/\"},\"author\":{\"name\":\"admin\",\"@id\":\"https:\\\/\\\/www.eldiariodetucuman.com\\\/web\\\/#\\\/schema\\\/person\\\/9250197d75ab5483412e19678b121caa\"},\"headline\":\"Rob\u00f3 una bicicleta, qued\u00f3 filmado y ahora ir\u00e1 a prisi\u00f3n preventiva\",\"datePublished\":\"2025-07-16T16:56:05+00:00\",\"mainEntityOfPage\":{\"@id\":\"https:\\\/\\\/www.eldiariodetucuman.com\\\/web\\\/robo-una-bicicleta-quedo-filmado-y-ahora-ira-a-prision-preventiva\\\/\"},\"wordCount\":126,\"publisher\":{\"@id\":\"https:\\\/\\\/www.eldiariodetucuman.com\\\/web\\\/#organization\"},\"image\":{\"@id\":\"https:\\\/\\\/www.eldiariodetucuman.com\\\/web\\\/robo-una-bicicleta-quedo-filmado-y-ahora-ira-a-prision-preventiva\\\/#primaryimage\"},\"thumbnailUrl\":\"https:\\\/\\\/www.eldiariodetucuman.com\\\/web\\\/wp-content\\\/uploads\\\/2025\\\/07\\\/Robo-una-bicicleta-quedo-filmado-y-ahora-ira-a-prision.png\",\"articleSection\":[\"Policiales\"],\"inLanguage\":\"es\"},{\"@type\":\"WebPage\",\"@id\":\"https:\\\/\\\/www.eldiariodetucuman.com\\\/web\\\/robo-una-bicicleta-quedo-filmado-y-ahora-ira-a-prision-preventiva\\\/\",\"url\":\"https:\\\/\\\/www.eldiariodetucuman.com\\\/web\\\/robo-una-bicicleta-quedo-filmado-y-ahora-ira-a-prision-preventiva\\\/\",\"name\":\"Rob\u00f3 una bicicleta, qued\u00f3 filmado y ahora ir\u00e1 a prisi\u00f3n preventiva - El Diario de Tucuman\",\"isPartOf\":{\"@id\":\"https:\\\/\\\/www.eldiariodetucuman.com\\\/web\\\/#website\"},\"primaryImageOfPage\":{\"@id\":\"https:\\\/\\\/www.eldiariodetucuman.com\\\/web\\\/robo-una-bicicleta-quedo-filmado-y-ahora-ira-a-prision-preventiva\\\/#primaryimage\"},\"image\":{\"@id\":\"https:\\\/\\\/www.eldiariodetucuman.com\\\/web\\\/robo-una-bicicleta-quedo-filmado-y-ahora-ira-a-prision-preventiva\\\/#primaryimage\"},\"thumbnailUrl\":\"https:\\\/\\\/www.eldiariodetucuman.com\\\/web\\\/wp-content\\\/uploads\\\/2025\\\/07\\\/Robo-una-bicicleta-quedo-filmado-y-ahora-ira-a-prision.png\",\"datePublished\":\"2025-07-16T16:56:05+00:00\",\"breadcrumb\":{\"@id\":\"https:\\\/\\\/www.eldiariodetucuman.com\\\/web\\\/robo-una-bicicleta-quedo-filmado-y-ahora-ira-a-prision-preventiva\\\/#breadcrumb\"},\"inLanguage\":\"es\",\"potentialAction\":[{\"@type\":\"ReadAction\",\"target\":[\"https:\\\/\\\/www.eldiariodetucuman.com\\\/web\\\/robo-una-bicicleta-quedo-filmado-y-ahora-ira-a-prision-preventiva\\\/\"]}]},{\"@type\":\"ImageObject\",\"inLanguage\":\"es\",\"@id\":\"https:\\\/\\\/www.eldiariodetucuman.com\\\/web\\\/robo-una-bicicleta-quedo-filmado-y-ahora-ira-a-prision-preventiva\\\/#primaryimage\",\"url\":\"https:\\\/\\\/www.eldiariodetucuman.com\\\/web\\\/wp-content\\\/uploads\\\/2025\\\/07\\\/Robo-una-bicicleta-quedo-filmado-y-ahora-ira-a-prision.png\",\"contentUrl\":\"https:\\\/\\\/www.eldiariodetucuman.com\\\/web\\\/wp-content\\\/uploads\\\/2025\\\/07\\\/Robo-una-bicicleta-quedo-filmado-y-ahora-ira-a-prision.png\",\"width\":1200,\"height\":675},{\"@type\":\"BreadcrumbList\",\"@id\":\"https:\\\/\\\/www.eldiariodetucuman.com\\\/web\\\/robo-una-bicicleta-quedo-filmado-y-ahora-ira-a-prision-preventiva\\\/#breadcrumb\",\"itemListElement\":[{\"@type\":\"ListItem\",\"position\":1,\"name\":\"Portada\",\"item\":\"https:\\\/\\\/www.eldiariodetucuman.com\\\/web\\\/\"},{\"@type\":\"ListItem\",\"position\":2,\"name\":\"Rob\u00f3 una bicicleta, qued\u00f3 filmado y ahora ir\u00e1 a prisi\u00f3n preventiva\"}]},{\"@type\":\"WebSite\",\"@id\":\"https:\\\/\\\/www.eldiariodetucuman.com\\\/web\\\/#website\",\"url\":\"https:\\\/\\\/www.eldiariodetucuman.com\\\/web\\\/\",\"name\":\"El Diario de Tucuman\",\"description\":\"Diario Tucuman - Informaci\u00f3n y noticias\",\"publisher\":{\"@id\":\"https:\\\/\\\/www.eldiariodetucuman.com\\\/web\\\/#organization\"},\"potentialAction\":[{\"@type\":\"SearchAction\",\"target\":{\"@type\":\"EntryPoint\",\"urlTemplate\":\"https:\\\/\\\/www.eldiariodetucuman.com\\\/web\\\/?s={search_term_string}\"},\"query-input\":{\"@type\":\"PropertyValueSpecification\",\"valueRequired\":true,\"valueName\":\"search_term_string\"}}],\"inLanguage\":\"es\"},{\"@type\":\"Organization\",\"@id\":\"https:\\\/\\\/www.eldiariodetucuman.com\\\/web\\\/#organization\",\"name\":\"El Diario de Tucuman\",\"url\":\"https:\\\/\\\/www.eldiariodetucuman.com\\\/web\\\/\",\"logo\":{\"@type\":\"ImageObject\",\"inLanguage\":\"es\",\"@id\":\"https:\\\/\\\/www.eldiariodetucuman.com\\\/web\\\/#\\\/schema\\\/logo\\\/image\\\/\",\"url\":\"http:\\\/\\\/www.eldiariodetucuman.com\\\/web\\\/wp-content\\\/uploads\\\/2017\\\/12\\\/el-diario-de-tucuman.jpg\",\"contentUrl\":\"http:\\\/\\\/www.eldiariodetucuman.com\\\/web\\\/wp-content\\\/uploads\\\/2017\\\/12\\\/el-diario-de-tucuman.jpg\",\"width\":272,\"height\":92,\"caption\":\"El Diario de Tucuman\"},\"image\":{\"@id\":\"https:\\\/\\\/www.eldiariodetucuman.com\\\/web\\\/#\\\/schema\\\/logo\\\/image\\\/\"}},{\"@type\":\"Person\",\"@id\":\"https:\\\/\\\/www.eldiariodetucuman.com\\\/web\\\/#\\\/schema\\\/person\\\/9250197d75ab5483412e19678b121caa\",\"name\":\"admin\",\"image\":{\"@type\":\"ImageObject\",\"inLanguage\":\"es\",\"@id\":\"https:\\\/\\\/secure.gravatar.com\\\/avatar\\\/c44d117c2be811212c22cb481f6b8384b6873de103fbc49e7a03cc58d7dea4ac?s=96&d=mm&r=g\",\"url\":\"https:\\\/\\\/secure.gravatar.com\\\/avatar\\\/c44d117c2be811212c22cb481f6b8384b6873de103fbc49e7a03cc58d7dea4ac?s=96&d=mm&r=g\",\"contentUrl\":\"https:\\\/\\\/secure.gravatar.com\\\/avatar\\\/c44d117c2be811212c22cb481f6b8384b6873de103fbc49e7a03cc58d7dea4ac?s=96&d=mm&r=g\",\"caption\":\"admin\"},\"url\":\"https:\\\/\\\/www.eldiariodetucuman.com\\\/web\\\/author\\\/admin\\\/\"}]}<\/script>\n<!-- \/ Yoast SEO plugin. -->","yoast_head_json":{"title":"Rob\u00f3 una bicicleta, qued\u00f3 filmado y ahora ir\u00e1 a prisi\u00f3n preventiva - El Diario de Tucuman","robots":{"index":"index","follow":"follow","max-snippet":"max-snippet:-1","max-image-preview":"max-image-preview:large","max-video-preview":"max-video-preview:-1"},"canonical":"https:\/\/www.eldiariodetucuman.com\/web\/robo-una-bicicleta-quedo-filmado-y-ahora-ira-a-prision-preventiva\/","og_locale":"es_ES","og_type":"article","og_title":"Rob\u00f3 una bicicleta, qued\u00f3 filmado y ahora ir\u00e1 a prisi\u00f3n preventiva - El Diario de Tucuman","og_description":"image.png Entre las evidencias, el investigador se refiri\u00f3 a las c\u00e1maras de seguridad que captaron el momento en calle Moreno primera cuadra de esta ciudad . \u201cEn las filmaciones se ve que, entre las 11:00 y las 12:00 horas, un sujeto (quien vest\u00eda un jean de color negro y un buzo de color azul oscuro) [&hellip;]","og_url":"https:\/\/www.eldiariodetucuman.com\/web\/robo-una-bicicleta-quedo-filmado-y-ahora-ira-a-prision-preventiva\/","og_site_name":"El Diario de Tucuman","article_published_time":"2025-07-16T16:56:05+00:00","author":"admin","twitter_card":"summary_large_image","twitter_misc":{"Escrito por":"admin","Tiempo de lectura":"1 minuto"},"schema":{"@context":"https:\/\/schema.org","@graph":[{"@type":"Article","@id":"https:\/\/www.eldiariodetucuman.com\/web\/robo-una-bicicleta-quedo-filmado-y-ahora-ira-a-prision-preventiva\/#article","isPartOf":{"@id":"https:\/\/www.eldiariodetucuman.com\/web\/robo-una-bicicleta-quedo-filmado-y-ahora-ira-a-prision-preventiva\/"},"author":{"name":"admin","@id":"https:\/\/www.eldiariodetucuman.com\/web\/#\/schema\/person\/9250197d75ab5483412e19678b121caa"},"headline":"Rob\u00f3 una bicicleta, qued\u00f3 filmado y ahora ir\u00e1 a prisi\u00f3n preventiva","datePublished":"2025-07-16T16:56:05+00:00","mainEntityOfPage":{"@id":"https:\/\/www.eldiariodetucuman.com\/web\/robo-una-bicicleta-quedo-filmado-y-ahora-ira-a-prision-preventiva\/"},"wordCount":126,"publisher":{"@id":"https:\/\/www.eldiariodetucuman.com\/web\/#organization"},"image":{"@id":"https:\/\/www.eldiariodetucuman.com\/web\/robo-una-bicicleta-quedo-filmado-y-ahora-ira-a-prision-preventiva\/#primaryimage"},"thumbnailUrl":"https:\/\/www.eldiariodetucuman.com\/web\/wp-content\/uploads\/2025\/07\/Robo-una-bicicleta-quedo-filmado-y-ahora-ira-a-prision.png","articleSection":["Policiales"],"inLanguage":"es"},{"@type":"WebPage","@id":"https:\/\/www.eldiariodetucuman.com\/web\/robo-una-bicicleta-quedo-filmado-y-ahora-ira-a-prision-preventiva\/","url":"https:\/\/www.eldiariodetucuman.com\/web\/robo-una-bicicleta-quedo-filmado-y-ahora-ira-a-prision-preventiva\/","name":"Rob\u00f3 una bicicleta, qued\u00f3 filmado y ahora ir\u00e1 a prisi\u00f3n preventiva - El Diario de Tucuman","isPartOf":{"@id":"https:\/\/www.eldiariodetucuman.com\/web\/#website"},"primaryImageOfPage":{"@id":"https:\/\/www.eldiariodetucuman.com\/web\/robo-una-bicicleta-quedo-filmado-y-ahora-ira-a-prision-preventiva\/#primaryimage"},"image":{"@id":"https:\/\/www.eldiariodetucuman.com\/web\/robo-una-bicicleta-quedo-filmado-y-ahora-ira-a-prision-preventiva\/#primaryimage"},"thumbnailUrl":"https:\/\/www.eldiariodetucuman.com\/web\/wp-content\/uploads\/2025\/07\/Robo-una-bicicleta-quedo-filmado-y-ahora-ira-a-prision.png","datePublished":"2025-07-16T16:56:05+00:00","breadcrumb":{"@id":"https:\/\/www.eldiariodetucuman.com\/web\/robo-una-bicicleta-quedo-filmado-y-ahora-ira-a-prision-preventiva\/#breadcrumb"},"inLanguage":"es","potentialAction":[{"@type":"ReadAction","target":["https:\/\/www.eldiariodetucuman.com\/web\/robo-una-bicicleta-quedo-filmado-y-ahora-ira-a-prision-preventiva\/"]}]},{"@type":"ImageObject","inLanguage":"es","@id":"https:\/\/www.eldiariodetucuman.com\/web\/robo-una-bicicleta-quedo-filmado-y-ahora-ira-a-prision-preventiva\/#primaryimage","url":"https:\/\/www.eldiariodetucuman.com\/web\/wp-content\/uploads\/2025\/07\/Robo-una-bicicleta-quedo-filmado-y-ahora-ira-a-prision.png","contentUrl":"https:\/\/www.eldiariodetucuman.com\/web\/wp-content\/uploads\/2025\/07\/Robo-una-bicicleta-quedo-filmado-y-ahora-ira-a-prision.png","width":1200,"height":675},{"@type":"BreadcrumbList","@id":"https:\/\/www.eldiariodetucuman.com\/web\/robo-una-bicicleta-quedo-filmado-y-ahora-ira-a-prision-preventiva\/#breadcrumb","itemListElement":[{"@type":"ListItem","position":1,"name":"Portada","item":"https:\/\/www.eldiariodetucuman.com\/web\/"},{"@type":"ListItem","position":2,"name":"Rob\u00f3 una bicicleta, qued\u00f3 filmado y ahora ir\u00e1 a prisi\u00f3n preventiva"}]},{"@type":"WebSite","@id":"https:\/\/www.eldiariodetucuman.com\/web\/#website","url":"https:\/\/www.eldiariodetucuman.com\/web\/","name":"El Diario de Tucuman","description":"Diario Tucuman - Informaci\u00f3n y noticias","publisher":{"@id":"https:\/\/www.eldiariodetucuman.com\/web\/#organization"},"potentialAction":[{"@type":"SearchAction","target":{"@type":"EntryPoint","urlTemplate":"https:\/\/www.eldiariodetucuman.com\/web\/?s={search_term_string}"},"query-input":{"@type":"PropertyValueSpecification","valueRequired":true,"valueName":"search_term_string"}}],"inLanguage":"es"},{"@type":"Organization","@id":"https:\/\/www.eldiariodetucuman.com\/web\/#organization","name":"El Diario de Tucuman","url":"https:\/\/www.eldiariodetucuman.com\/web\/","logo":{"@type":"ImageObject","inLanguage":"es","@id":"https:\/\/www.eldiariodetucuman.com\/web\/#\/schema\/logo\/image\/","url":"http:\/\/www.eldiariodetucuman.com\/web\/wp-content\/uploads\/2017\/12\/el-diario-de-tucuman.jpg","contentUrl":"http:\/\/www.eldiariodetucuman.com\/web\/wp-content\/uploads\/2017\/12\/el-diario-de-tucuman.jpg","width":272,"height":92,"caption":"El Diario de Tucuman"},"image":{"@id":"https:\/\/www.eldiariodetucuman.com\/web\/#\/schema\/logo\/image\/"}},{"@type":"Person","@id":"https:\/\/www.eldiariodetucuman.com\/web\/#\/schema\/person\/9250197d75ab5483412e19678b121caa","name":"admin","image":{"@type":"ImageObject","inLanguage":"es","@id":"https:\/\/secure.gravatar.com\/avatar\/c44d117c2be811212c22cb481f6b8384b6873de103fbc49e7a03cc58d7dea4ac?s=96&d=mm&r=g","url":"https:\/\/secure.gravatar.com\/avatar\/c44d117c2be811212c22cb481f6b8384b6873de103fbc49e7a03cc58d7dea4ac?s=96&d=mm&r=g","contentUrl":"https:\/\/secure.gravatar.com\/avatar\/c44d117c2be811212c22cb481f6b8384b6873de103fbc49e7a03cc58d7dea4ac?s=96&d=mm&r=g","caption":"admin"},"url":"https:\/\/www.eldiariodetucuman.com\/web\/author\/admin\/"}]}},"_links":{"self":[{"href":"https:\/\/www.eldiariodetucuman.com\/web\/wp-json\/wp\/v2\/posts\/45070","targetHints":{"allow":["GET"]}}],"collection":[{"href":"https:\/\/www.eldiariodetucuman.com\/web\/wp-json\/wp\/v2\/posts"}],"about":[{"href":"https:\/\/www.eldiariodetucuman.com\/web\/wp-json\/wp\/v2\/types\/post"}],"author":[{"embeddable":true,"href":"https:\/\/www.eldiariodetucuman.com\/web\/wp-json\/wp\/v2\/users\/1"}],"replies":[{"embeddable":true,"href":"https:\/\/www.eldiariodetucuman.com\/web\/wp-json\/wp\/v2\/comments?post=45070"}],"version-history":[{"count":0,"href":"https:\/\/www.eldiariodetucuman.com\/web\/wp-json\/wp\/v2\/posts\/45070\/revisions"}],"wp:featuredmedia":[{"embeddable":true,"href":"https:\/\/www.eldiariodetucuman.com\/web\/wp-json\/wp\/v2\/media\/45071"}],"wp:attachment":[{"href":"https:\/\/www.eldiariodetucuman.com\/web\/wp-json\/wp\/v2\/media?parent=45070"}],"wp:term":[{"taxonomy":"category","embeddable":true,"href":"https:\/\/www.eldiariodetucuman.com\/web\/wp-json\/wp\/v2\/categories?post=45070"},{"taxonomy":"post_tag","embeddable":true,"href":"https:\/\/www.eldiariodetucuman.com\/web\/wp-json\/wp\/v2\/tags?post=45070"}],"curies":[{"name":"wp","href":"https:\/\/api.w.org\/{rel}","templated":true}]}}