{"id":45063,"date":"2025-07-15T19:43:55","date_gmt":"2025-07-15T22:43:55","guid":{"rendered":"https:\/\/www.eldiariodetucuman.com\/web\/vamos-a-entrar-con-las-empresas-y-volver-a-poner-el-ladrillo-en-el-procrear-tucuman\/"},"modified":"2025-07-15T19:43:55","modified_gmt":"2025-07-15T22:43:55","slug":"vamos-a-entrar-con-las-empresas-y-volver-a-poner-el-ladrillo-en-el-procrear-tucuman","status":"publish","type":"post","link":"https:\/\/www.eldiariodetucuman.com\/web\/vamos-a-entrar-con-las-empresas-y-volver-a-poner-el-ladrillo-en-el-procrear-tucuman\/","title":{"rendered":"\u201cVamos a entrar con las empresas y volver a poner el ladrillo en el Procrear Tucum\u00e1n\u00bb"},"content":{"rendered":"<p><\/p>\n<p>El gobernador <strong>Osvaldo Jaldo <\/strong>reafirm\u00f3 este martes que el Gobierno de Tucum\u00e1n cumpli\u00f3 con todos los pasos administrativos para avanzar con la reactivaci\u00f3n del complejo habitacional Procrear Tucum\u00e1n. Se trata del emprendimiento habitacional m\u00e1s grande del pa\u00eds, que prev\u00e9 la construcci\u00f3n de 1.600 viviendas, 1.400 lotes con infraestructura y la generaci\u00f3n de unos 7.000 empleos durante ejecuci\u00f3n.<\/p>\n<p>\u201cAl otro d\u00eda que el Gobierno nacional anunci\u00f3 la desfinanciaci\u00f3n del Procrear Tucum\u00e1n, la Provincia present\u00f3 una nota solicitando la transferencia de las 100 hect\u00e1reas, lo ya construido \u2013casi un 20 % de avance\u2013 y los contratos con las 22\/23 empresas que estaban trabajando\u201d, sostuvo el mandatario provincial.<\/p>\n<p>Jaldo explic\u00f3 que Naci\u00f3n colabor\u00f3 con las gestiones necesarias, se firmaron convenios y adendas, y actualmente las autoridades del Banco Hipotecario realizan los \u00faltimos relevamientos para concluir el traspaso. \u201cEntiendo que hoy, ma\u00f1ana o a m\u00e1s tardar el viernes, el Banco Hipotecario debe emitir los certificados finales para que la pr\u00f3xima semana podamos ingresar con las empresas y continuar con la obra\u201d, asegur\u00f3.<\/p>\n<p>El Gobernador remarc\u00f3 la importancia del proyecto no solo en t\u00e9rminos habitacionales, sino tambi\u00e9n por su impacto en la econom\u00eda local. \u201cVamos a dinamizar la econom\u00eda, generar puestos de trabajo y, en esta etapa, los recursos los pondr\u00e1 la Provincia con fondos propios. Si necesitamos acudir a una fuente de financiamiento, tambi\u00e9n lo haremos, ya que recuperaremos esa inversi\u00f3n cuando se vendan las viviendas\u201d, afirm\u00f3.<\/p>\n<p>Fuente: <a href=\"https:\/\/www.comunicaciontucuman.gob.ar\/noticia\/gobernacion\/235732\/vamos-entrar-empresas-volver-poner-ladrillo-procrear-tucuman\"> Fuente de la nota <\/a><\/p>\n","protected":false},"excerpt":{"rendered":"<p>El gobernador Osvaldo Jaldo reafirm\u00f3 este martes que el Gobierno de Tucum\u00e1n cumpli\u00f3 con todos los pasos administrativos para avanzar con la reactivaci\u00f3n del complejo habitacional Procrear Tucum\u00e1n. Se trata del emprendimiento habitacional m\u00e1s grande del pa\u00eds, que prev\u00e9 la construcci\u00f3n de 1.600 viviendas, 1.400 lotes con infraestructura y la generaci\u00f3n de unos 7.000 empleos [&hellip;]<\/p>\n","protected":false},"author":1,"featured_media":45064,"comment_status":"closed","ping_status":"open","sticky":false,"template":"","format":"standard","meta":{"footnotes":""},"categories":[3],"tags":[],"class_list":{"0":"post-45063","1":"post","2":"type-post","3":"status-publish","4":"format-standard","5":"has-post-thumbnail","7":"category-politica"},"yoast_head":"<!-- This site is optimized with the Yoast SEO plugin v27.4 - https:\/\/yoast.com\/product\/yoast-seo-wordpress\/ -->\n<title>\u201cVamos a entrar con las empresas y volver a poner el ladrillo en el Procrear Tucum\u00e1n&quot; - El Diario de Tucuman<\/title>\n<meta name=\"robots\" content=\"index, follow, max-snippet:-1, max-image-preview:large, max-video-preview:-1\" \/>\n<link rel=\"canonical\" href=\"https:\/\/www.eldiariodetucuman.com\/web\/vamos-a-entrar-con-las-empresas-y-volver-a-poner-el-ladrillo-en-el-procrear-tucuman\/\" \/>\n<meta property=\"og:locale\" content=\"es_ES\" \/>\n<meta property=\"og:type\" content=\"article\" \/>\n<meta property=\"og:title\" content=\"\u201cVamos a entrar con las empresas y volver a poner el ladrillo en el Procrear Tucum\u00e1n&quot; - El Diario de Tucuman\" \/>\n<meta property=\"og:description\" content=\"El gobernador Osvaldo Jaldo reafirm\u00f3 este martes que el Gobierno de Tucum\u00e1n cumpli\u00f3 con todos los pasos administrativos para avanzar con la reactivaci\u00f3n del complejo habitacional Procrear Tucum\u00e1n. Se trata del emprendimiento habitacional m\u00e1s grande del pa\u00eds, que prev\u00e9 la construcci\u00f3n de 1.600 viviendas, 1.400 lotes con infraestructura y la generaci\u00f3n de unos 7.000 empleos [&hellip;]\" \/>\n<meta property=\"og:url\" content=\"https:\/\/www.eldiariodetucuman.com\/web\/vamos-a-entrar-con-las-empresas-y-volver-a-poner-el-ladrillo-en-el-procrear-tucuman\/\" \/>\n<meta property=\"og:site_name\" content=\"El Diario de Tucuman\" \/>\n<meta property=\"article:published_time\" content=\"2025-07-15T22:43:55+00:00\" \/>\n<meta name=\"author\" content=\"admin\" \/>\n<meta name=\"twitter:card\" content=\"summary_large_image\" \/>\n<meta name=\"twitter:label1\" content=\"Escrito por\" \/>\n\t<meta name=\"twitter:data1\" content=\"admin\" \/>\n\t<meta name=\"twitter:label2\" content=\"Tiempo de lectura\" \/>\n\t<meta name=\"twitter:data2\" content=\"1 minuto\" \/>\n<script type=\"application\/ld+json\" class=\"yoast-schema-graph\">{\"@context\":\"https:\\\/\\\/schema.org\",\"@graph\":[{\"@type\":\"Article\",\"@id\":\"https:\\\/\\\/www.eldiariodetucuman.com\\\/web\\\/vamos-a-entrar-con-las-empresas-y-volver-a-poner-el-ladrillo-en-el-procrear-tucuman\\\/#article\",\"isPartOf\":{\"@id\":\"https:\\\/\\\/www.eldiariodetucuman.com\\\/web\\\/vamos-a-entrar-con-las-empresas-y-volver-a-poner-el-ladrillo-en-el-procrear-tucuman\\\/\"},\"author\":{\"name\":\"admin\",\"@id\":\"https:\\\/\\\/www.eldiariodetucuman.com\\\/web\\\/#\\\/schema\\\/person\\\/9250197d75ab5483412e19678b121caa\"},\"headline\":\"\u201cVamos a entrar con las empresas y volver a poner el ladrillo en el Procrear Tucum\u00e1n\u00bb\",\"datePublished\":\"2025-07-15T22:43:55+00:00\",\"mainEntityOfPage\":{\"@id\":\"https:\\\/\\\/www.eldiariodetucuman.com\\\/web\\\/vamos-a-entrar-con-las-empresas-y-volver-a-poner-el-ladrillo-en-el-procrear-tucuman\\\/\"},\"wordCount\":270,\"publisher\":{\"@id\":\"https:\\\/\\\/www.eldiariodetucuman.com\\\/web\\\/#organization\"},\"image\":{\"@id\":\"https:\\\/\\\/www.eldiariodetucuman.com\\\/web\\\/vamos-a-entrar-con-las-empresas-y-volver-a-poner-el-ladrillo-en-el-procrear-tucuman\\\/#primaryimage\"},\"thumbnailUrl\":\"https:\\\/\\\/www.eldiariodetucuman.com\\\/web\\\/wp-content\\\/uploads\\\/2025\\\/07\\\/Vamos-a-entrar-con-las-empresas-y-volver-a-poner.jpg\",\"articleSection\":[\"Politica\"],\"inLanguage\":\"es\"},{\"@type\":\"WebPage\",\"@id\":\"https:\\\/\\\/www.eldiariodetucuman.com\\\/web\\\/vamos-a-entrar-con-las-empresas-y-volver-a-poner-el-ladrillo-en-el-procrear-tucuman\\\/\",\"url\":\"https:\\\/\\\/www.eldiariodetucuman.com\\\/web\\\/vamos-a-entrar-con-las-empresas-y-volver-a-poner-el-ladrillo-en-el-procrear-tucuman\\\/\",\"name\":\"\u201cVamos a entrar con las empresas y volver a poner el ladrillo en el Procrear Tucum\u00e1n\\\" - El Diario de Tucuman\",\"isPartOf\":{\"@id\":\"https:\\\/\\\/www.eldiariodetucuman.com\\\/web\\\/#website\"},\"primaryImageOfPage\":{\"@id\":\"https:\\\/\\\/www.eldiariodetucuman.com\\\/web\\\/vamos-a-entrar-con-las-empresas-y-volver-a-poner-el-ladrillo-en-el-procrear-tucuman\\\/#primaryimage\"},\"image\":{\"@id\":\"https:\\\/\\\/www.eldiariodetucuman.com\\\/web\\\/vamos-a-entrar-con-las-empresas-y-volver-a-poner-el-ladrillo-en-el-procrear-tucuman\\\/#primaryimage\"},\"thumbnailUrl\":\"https:\\\/\\\/www.eldiariodetucuman.com\\\/web\\\/wp-content\\\/uploads\\\/2025\\\/07\\\/Vamos-a-entrar-con-las-empresas-y-volver-a-poner.jpg\",\"datePublished\":\"2025-07-15T22:43:55+00:00\",\"breadcrumb\":{\"@id\":\"https:\\\/\\\/www.eldiariodetucuman.com\\\/web\\\/vamos-a-entrar-con-las-empresas-y-volver-a-poner-el-ladrillo-en-el-procrear-tucuman\\\/#breadcrumb\"},\"inLanguage\":\"es\",\"potentialAction\":[{\"@type\":\"ReadAction\",\"target\":[\"https:\\\/\\\/www.eldiariodetucuman.com\\\/web\\\/vamos-a-entrar-con-las-empresas-y-volver-a-poner-el-ladrillo-en-el-procrear-tucuman\\\/\"]}]},{\"@type\":\"ImageObject\",\"inLanguage\":\"es\",\"@id\":\"https:\\\/\\\/www.eldiariodetucuman.com\\\/web\\\/vamos-a-entrar-con-las-empresas-y-volver-a-poner-el-ladrillo-en-el-procrear-tucuman\\\/#primaryimage\",\"url\":\"https:\\\/\\\/www.eldiariodetucuman.com\\\/web\\\/wp-content\\\/uploads\\\/2025\\\/07\\\/Vamos-a-entrar-con-las-empresas-y-volver-a-poner.jpg\",\"contentUrl\":\"https:\\\/\\\/www.eldiariodetucuman.com\\\/web\\\/wp-content\\\/uploads\\\/2025\\\/07\\\/Vamos-a-entrar-con-las-empresas-y-volver-a-poner.jpg\",\"width\":818,\"height\":460},{\"@type\":\"BreadcrumbList\",\"@id\":\"https:\\\/\\\/www.eldiariodetucuman.com\\\/web\\\/vamos-a-entrar-con-las-empresas-y-volver-a-poner-el-ladrillo-en-el-procrear-tucuman\\\/#breadcrumb\",\"itemListElement\":[{\"@type\":\"ListItem\",\"position\":1,\"name\":\"Portada\",\"item\":\"https:\\\/\\\/www.eldiariodetucuman.com\\\/web\\\/\"},{\"@type\":\"ListItem\",\"position\":2,\"name\":\"\u201cVamos a entrar con las empresas y volver a poner el ladrillo en el Procrear Tucum\u00e1n\u00bb\"}]},{\"@type\":\"WebSite\",\"@id\":\"https:\\\/\\\/www.eldiariodetucuman.com\\\/web\\\/#website\",\"url\":\"https:\\\/\\\/www.eldiariodetucuman.com\\\/web\\\/\",\"name\":\"El Diario de Tucuman\",\"description\":\"Diario Tucuman - Informaci\u00f3n y noticias\",\"publisher\":{\"@id\":\"https:\\\/\\\/www.eldiariodetucuman.com\\\/web\\\/#organization\"},\"potentialAction\":[{\"@type\":\"SearchAction\",\"target\":{\"@type\":\"EntryPoint\",\"urlTemplate\":\"https:\\\/\\\/www.eldiariodetucuman.com\\\/web\\\/?s={search_term_string}\"},\"query-input\":{\"@type\":\"PropertyValueSpecification\",\"valueRequired\":true,\"valueName\":\"search_term_string\"}}],\"inLanguage\":\"es\"},{\"@type\":\"Organization\",\"@id\":\"https:\\\/\\\/www.eldiariodetucuman.com\\\/web\\\/#organization\",\"name\":\"El Diario de Tucuman\",\"url\":\"https:\\\/\\\/www.eldiariodetucuman.com\\\/web\\\/\",\"logo\":{\"@type\":\"ImageObject\",\"inLanguage\":\"es\",\"@id\":\"https:\\\/\\\/www.eldiariodetucuman.com\\\/web\\\/#\\\/schema\\\/logo\\\/image\\\/\",\"url\":\"http:\\\/\\\/www.eldiariodetucuman.com\\\/web\\\/wp-content\\\/uploads\\\/2017\\\/12\\\/el-diario-de-tucuman.jpg\",\"contentUrl\":\"http:\\\/\\\/www.eldiariodetucuman.com\\\/web\\\/wp-content\\\/uploads\\\/2017\\\/12\\\/el-diario-de-tucuman.jpg\",\"width\":272,\"height\":92,\"caption\":\"El Diario de Tucuman\"},\"image\":{\"@id\":\"https:\\\/\\\/www.eldiariodetucuman.com\\\/web\\\/#\\\/schema\\\/logo\\\/image\\\/\"}},{\"@type\":\"Person\",\"@id\":\"https:\\\/\\\/www.eldiariodetucuman.com\\\/web\\\/#\\\/schema\\\/person\\\/9250197d75ab5483412e19678b121caa\",\"name\":\"admin\",\"image\":{\"@type\":\"ImageObject\",\"inLanguage\":\"es\",\"@id\":\"https:\\\/\\\/secure.gravatar.com\\\/avatar\\\/c44d117c2be811212c22cb481f6b8384b6873de103fbc49e7a03cc58d7dea4ac?s=96&d=mm&r=g\",\"url\":\"https:\\\/\\\/secure.gravatar.com\\\/avatar\\\/c44d117c2be811212c22cb481f6b8384b6873de103fbc49e7a03cc58d7dea4ac?s=96&d=mm&r=g\",\"contentUrl\":\"https:\\\/\\\/secure.gravatar.com\\\/avatar\\\/c44d117c2be811212c22cb481f6b8384b6873de103fbc49e7a03cc58d7dea4ac?s=96&d=mm&r=g\",\"caption\":\"admin\"},\"url\":\"https:\\\/\\\/www.eldiariodetucuman.com\\\/web\\\/author\\\/admin\\\/\"}]}<\/script>\n<!-- \/ Yoast SEO plugin. -->","yoast_head_json":{"title":"\u201cVamos a entrar con las empresas y volver a poner el ladrillo en el Procrear Tucum\u00e1n\" - El Diario de Tucuman","robots":{"index":"index","follow":"follow","max-snippet":"max-snippet:-1","max-image-preview":"max-image-preview:large","max-video-preview":"max-video-preview:-1"},"canonical":"https:\/\/www.eldiariodetucuman.com\/web\/vamos-a-entrar-con-las-empresas-y-volver-a-poner-el-ladrillo-en-el-procrear-tucuman\/","og_locale":"es_ES","og_type":"article","og_title":"\u201cVamos a entrar con las empresas y volver a poner el ladrillo en el Procrear Tucum\u00e1n\" - El Diario de Tucuman","og_description":"El gobernador Osvaldo Jaldo reafirm\u00f3 este martes que el Gobierno de Tucum\u00e1n cumpli\u00f3 con todos los pasos administrativos para avanzar con la reactivaci\u00f3n del complejo habitacional Procrear Tucum\u00e1n. Se trata del emprendimiento habitacional m\u00e1s grande del pa\u00eds, que prev\u00e9 la construcci\u00f3n de 1.600 viviendas, 1.400 lotes con infraestructura y la generaci\u00f3n de unos 7.000 empleos [&hellip;]","og_url":"https:\/\/www.eldiariodetucuman.com\/web\/vamos-a-entrar-con-las-empresas-y-volver-a-poner-el-ladrillo-en-el-procrear-tucuman\/","og_site_name":"El Diario de Tucuman","article_published_time":"2025-07-15T22:43:55+00:00","author":"admin","twitter_card":"summary_large_image","twitter_misc":{"Escrito por":"admin","Tiempo de lectura":"1 minuto"},"schema":{"@context":"https:\/\/schema.org","@graph":[{"@type":"Article","@id":"https:\/\/www.eldiariodetucuman.com\/web\/vamos-a-entrar-con-las-empresas-y-volver-a-poner-el-ladrillo-en-el-procrear-tucuman\/#article","isPartOf":{"@id":"https:\/\/www.eldiariodetucuman.com\/web\/vamos-a-entrar-con-las-empresas-y-volver-a-poner-el-ladrillo-en-el-procrear-tucuman\/"},"author":{"name":"admin","@id":"https:\/\/www.eldiariodetucuman.com\/web\/#\/schema\/person\/9250197d75ab5483412e19678b121caa"},"headline":"\u201cVamos a entrar con las empresas y volver a poner el ladrillo en el Procrear Tucum\u00e1n\u00bb","datePublished":"2025-07-15T22:43:55+00:00","mainEntityOfPage":{"@id":"https:\/\/www.eldiariodetucuman.com\/web\/vamos-a-entrar-con-las-empresas-y-volver-a-poner-el-ladrillo-en-el-procrear-tucuman\/"},"wordCount":270,"publisher":{"@id":"https:\/\/www.eldiariodetucuman.com\/web\/#organization"},"image":{"@id":"https:\/\/www.eldiariodetucuman.com\/web\/vamos-a-entrar-con-las-empresas-y-volver-a-poner-el-ladrillo-en-el-procrear-tucuman\/#primaryimage"},"thumbnailUrl":"https:\/\/www.eldiariodetucuman.com\/web\/wp-content\/uploads\/2025\/07\/Vamos-a-entrar-con-las-empresas-y-volver-a-poner.jpg","articleSection":["Politica"],"inLanguage":"es"},{"@type":"WebPage","@id":"https:\/\/www.eldiariodetucuman.com\/web\/vamos-a-entrar-con-las-empresas-y-volver-a-poner-el-ladrillo-en-el-procrear-tucuman\/","url":"https:\/\/www.eldiariodetucuman.com\/web\/vamos-a-entrar-con-las-empresas-y-volver-a-poner-el-ladrillo-en-el-procrear-tucuman\/","name":"\u201cVamos a entrar con las empresas y volver a poner el ladrillo en el Procrear Tucum\u00e1n\" - El Diario de Tucuman","isPartOf":{"@id":"https:\/\/www.eldiariodetucuman.com\/web\/#website"},"primaryImageOfPage":{"@id":"https:\/\/www.eldiariodetucuman.com\/web\/vamos-a-entrar-con-las-empresas-y-volver-a-poner-el-ladrillo-en-el-procrear-tucuman\/#primaryimage"},"image":{"@id":"https:\/\/www.eldiariodetucuman.com\/web\/vamos-a-entrar-con-las-empresas-y-volver-a-poner-el-ladrillo-en-el-procrear-tucuman\/#primaryimage"},"thumbnailUrl":"https:\/\/www.eldiariodetucuman.com\/web\/wp-content\/uploads\/2025\/07\/Vamos-a-entrar-con-las-empresas-y-volver-a-poner.jpg","datePublished":"2025-07-15T22:43:55+00:00","breadcrumb":{"@id":"https:\/\/www.eldiariodetucuman.com\/web\/vamos-a-entrar-con-las-empresas-y-volver-a-poner-el-ladrillo-en-el-procrear-tucuman\/#breadcrumb"},"inLanguage":"es","potentialAction":[{"@type":"ReadAction","target":["https:\/\/www.eldiariodetucuman.com\/web\/vamos-a-entrar-con-las-empresas-y-volver-a-poner-el-ladrillo-en-el-procrear-tucuman\/"]}]},{"@type":"ImageObject","inLanguage":"es","@id":"https:\/\/www.eldiariodetucuman.com\/web\/vamos-a-entrar-con-las-empresas-y-volver-a-poner-el-ladrillo-en-el-procrear-tucuman\/#primaryimage","url":"https:\/\/www.eldiariodetucuman.com\/web\/wp-content\/uploads\/2025\/07\/Vamos-a-entrar-con-las-empresas-y-volver-a-poner.jpg","contentUrl":"https:\/\/www.eldiariodetucuman.com\/web\/wp-content\/uploads\/2025\/07\/Vamos-a-entrar-con-las-empresas-y-volver-a-poner.jpg","width":818,"height":460},{"@type":"BreadcrumbList","@id":"https:\/\/www.eldiariodetucuman.com\/web\/vamos-a-entrar-con-las-empresas-y-volver-a-poner-el-ladrillo-en-el-procrear-tucuman\/#breadcrumb","itemListElement":[{"@type":"ListItem","position":1,"name":"Portada","item":"https:\/\/www.eldiariodetucuman.com\/web\/"},{"@type":"ListItem","position":2,"name":"\u201cVamos a entrar con las empresas y volver a poner el ladrillo en el Procrear Tucum\u00e1n\u00bb"}]},{"@type":"WebSite","@id":"https:\/\/www.eldiariodetucuman.com\/web\/#website","url":"https:\/\/www.eldiariodetucuman.com\/web\/","name":"El Diario de Tucuman","description":"Diario Tucuman - Informaci\u00f3n y noticias","publisher":{"@id":"https:\/\/www.eldiariodetucuman.com\/web\/#organization"},"potentialAction":[{"@type":"SearchAction","target":{"@type":"EntryPoint","urlTemplate":"https:\/\/www.eldiariodetucuman.com\/web\/?s={search_term_string}"},"query-input":{"@type":"PropertyValueSpecification","valueRequired":true,"valueName":"search_term_string"}}],"inLanguage":"es"},{"@type":"Organization","@id":"https:\/\/www.eldiariodetucuman.com\/web\/#organization","name":"El Diario de Tucuman","url":"https:\/\/www.eldiariodetucuman.com\/web\/","logo":{"@type":"ImageObject","inLanguage":"es","@id":"https:\/\/www.eldiariodetucuman.com\/web\/#\/schema\/logo\/image\/","url":"http:\/\/www.eldiariodetucuman.com\/web\/wp-content\/uploads\/2017\/12\/el-diario-de-tucuman.jpg","contentUrl":"http:\/\/www.eldiariodetucuman.com\/web\/wp-content\/uploads\/2017\/12\/el-diario-de-tucuman.jpg","width":272,"height":92,"caption":"El Diario de Tucuman"},"image":{"@id":"https:\/\/www.eldiariodetucuman.com\/web\/#\/schema\/logo\/image\/"}},{"@type":"Person","@id":"https:\/\/www.eldiariodetucuman.com\/web\/#\/schema\/person\/9250197d75ab5483412e19678b121caa","name":"admin","image":{"@type":"ImageObject","inLanguage":"es","@id":"https:\/\/secure.gravatar.com\/avatar\/c44d117c2be811212c22cb481f6b8384b6873de103fbc49e7a03cc58d7dea4ac?s=96&d=mm&r=g","url":"https:\/\/secure.gravatar.com\/avatar\/c44d117c2be811212c22cb481f6b8384b6873de103fbc49e7a03cc58d7dea4ac?s=96&d=mm&r=g","contentUrl":"https:\/\/secure.gravatar.com\/avatar\/c44d117c2be811212c22cb481f6b8384b6873de103fbc49e7a03cc58d7dea4ac?s=96&d=mm&r=g","caption":"admin"},"url":"https:\/\/www.eldiariodetucuman.com\/web\/author\/admin\/"}]}},"_links":{"self":[{"href":"https:\/\/www.eldiariodetucuman.com\/web\/wp-json\/wp\/v2\/posts\/45063","targetHints":{"allow":["GET"]}}],"collection":[{"href":"https:\/\/www.eldiariodetucuman.com\/web\/wp-json\/wp\/v2\/posts"}],"about":[{"href":"https:\/\/www.eldiariodetucuman.com\/web\/wp-json\/wp\/v2\/types\/post"}],"author":[{"embeddable":true,"href":"https:\/\/www.eldiariodetucuman.com\/web\/wp-json\/wp\/v2\/users\/1"}],"replies":[{"embeddable":true,"href":"https:\/\/www.eldiariodetucuman.com\/web\/wp-json\/wp\/v2\/comments?post=45063"}],"version-history":[{"count":0,"href":"https:\/\/www.eldiariodetucuman.com\/web\/wp-json\/wp\/v2\/posts\/45063\/revisions"}],"wp:featuredmedia":[{"embeddable":true,"href":"https:\/\/www.eldiariodetucuman.com\/web\/wp-json\/wp\/v2\/media\/45064"}],"wp:attachment":[{"href":"https:\/\/www.eldiariodetucuman.com\/web\/wp-json\/wp\/v2\/media?parent=45063"}],"wp:term":[{"taxonomy":"category","embeddable":true,"href":"https:\/\/www.eldiariodetucuman.com\/web\/wp-json\/wp\/v2\/categories?post=45063"},{"taxonomy":"post_tag","embeddable":true,"href":"https:\/\/www.eldiariodetucuman.com\/web\/wp-json\/wp\/v2\/tags?post=45063"}],"curies":[{"name":"wp","href":"https:\/\/api.w.org\/{rel}","templated":true}]}}