{"id":45060,"date":"2025-07-14T20:28:30","date_gmt":"2025-07-14T23:28:30","guid":{"rendered":"https:\/\/www.eldiariodetucuman.com\/web\/milei-celebro-el-numero-de-la-inflacion-de-junio-con-el-equipo-economico\/"},"modified":"2025-07-14T20:28:32","modified_gmt":"2025-07-14T23:28:32","slug":"milei-celebro-el-numero-de-la-inflacion-de-junio-con-el-equipo-economico","status":"publish","type":"post","link":"https:\/\/www.eldiariodetucuman.com\/web\/milei-celebro-el-numero-de-la-inflacion-de-junio-con-el-equipo-economico\/","title":{"rendered":"Milei celebr\u00f3 el n\u00famero de la inflaci\u00f3n de junio con el equipo econ\u00f3mico"},"content":{"rendered":"<p><\/p>\n<p class=\"com-paragraph  --capital --s\">Por <strong>Javier Blanco<\/strong><\/p>\n<p class=\"com-paragraph   --s\">El Gobierno <strong>convoc\u00f3 a una licitaci\u00f3n de deuda en pesos extraordinaria<\/strong>, fuera de cronograma, para ofrecerle a los bancos la posibilidad de <strong>recolocar los m\u00e1s de $10 billones<\/strong> que les quedaron \u201cboyando\u201d luego del final de las <strong>Letras Fiscales de Liquidez (LEFI)<\/strong>. El objetivo: intentar que ese dinero <strong>estacione por entre 13 y 91 d\u00edas<\/strong> en seis <strong>Letras de Capitalizaci\u00f3n (Lecap)<\/strong>.<\/p>\n<p class=\"com-paragraph   --s\">La convocatoria oficial fue lanzada por el <strong>secretario de Finanzas, Pablo Quirno<\/strong>, mediante un posteo en la red X.<\/p>\n<p class=\"com-paragraph   --s\">Por <strong>Laura Serra<\/strong><\/p>\n<p class=\"com-paragraph   --s\">Los gobernadores tienen \u201cmillones\u201d de razones para que el Congreso apruebe cuanto antes el proyecto de ley de su autor\u00eda que obligar\u00eda al Gobierno a coparticipar de manera diaria y autom\u00e1tica el<strong> Fondo de los Aportes del Tesoro Nacional (ATN)<\/strong>. Se trata de una caja millonaria &#8211;<strong>este a\u00f1o recaudar\u00eda cerca de $1 bill\u00f3n<\/strong>&#8211; que actualmente retiene en su totalidad la Naci\u00f3n y reparte solo una peque\u00f1a parte entre las provincias de manera arbitraria.<\/p>\n<p class=\"com-paragraph   --s\">El proyecto que tiene media sanci\u00f3n del Senado elimina la discrecionalidad pol\u00edtica en la distribuci\u00f3n de los ATN al plantear un mecanismo autom\u00e1tico de reparto acorde a la ley de coparticipaci\u00f3n. As\u00ed, de ser convertido en ley <strong>a la Naci\u00f3n le corresponder\u00eda el 41,2% de ese fondo<\/strong> mientras que<strong> el 58,8% restante se repartir\u00eda entre las provincias <\/strong>seg\u00fan los coeficientes de coparticipaci\u00f3n. Ser\u00edan<strong> millones de pesos adicionales<\/strong> que recibir\u00edan diariamente todos los gobernadores mientras que la Naci\u00f3n solo retendr\u00e1 un porcentaje, no ya la totalidad del fondo.<\/p>\n<p class=\"com-paragraph   --s\">Por <strong>Mar\u00eda Jos\u00e9 Lucesole<\/strong><\/p>\n<p class=\"com-paragraph   --s\">LA PLATA.- La elecci\u00f3n del 7 de septiembre en la provincia de Buenos Aires tendr\u00e1 14,3 millones de personas habilitadas para votar. El padr\u00f3n no s\u00f3lo se increment\u00f3 desde la \u00faltima elecci\u00f3n en 2023, cuando fueron habilitados 14 millones de electores. Tambi\u00e9n trae una novedad significativa en t\u00e9rminos pol\u00edticos: la <strong>primera secci\u00f3n electoral tendr\u00e1 m\u00e1s electores que la tercera.<\/strong><\/p>\n<p class=\"com-paragraph   --s\">El dato es gravitante para las expectativas del peronismo que en los \u00faltimos comicios realiz\u00f3 <strong>siempre una ventaja considerable en la tercera secci\u00f3n<\/strong>, que ayud\u00f3 a compensar los distritos donde obtuvo peores resultados. Por este mismo motivo <strong>Cristina Kirchner <\/strong>hab\u00eda anunciado su candidatura por la tercera secci\u00f3n, considerada la capital del peronismo.<\/p>\n<p class=\"com-paragraph   --s\">Por <strong>Paz Garc\u00eda Pastormerlo<\/strong><\/p>\n<p class=\"com-paragraph   --s\">SAN CARLOS DE BARILOCHE.- El gobierno nacional nombr\u00f3 a una nueva titular de la delegaci\u00f3n de <strong>PAMI<\/strong> de <strong>El Bols\u00f3n <\/strong>y ATE denunci\u00f3 que est\u00e1n reemplazando a \u201cpersonal con a\u00f1os de trayectoria para copar de militantes libertarios todos los organismos del Estado Nacional\u201d.<\/p>\n<p class=\"com-paragraph   --s\">La nueva titular es <strong>Natalia Salinas<\/strong>. Seg\u00fan ATE, \u201cuna comerciante militante de La Libertad Avanza (LLA)\u201d sin experiencia para el cargo.<\/p>\n<p class=\"com-paragraph   --s\">En El Bols\u00f3n, la pol\u00e9mica surgi\u00f3 a fines de junio, cuando trascendi\u00f3 que los empleados de PAMI de esa localidad cerraron el local de la instituci\u00f3n para adherir a la movilizaci\u00f3n en apoyo a <strong>Cristina Kirchner<\/strong> y no atendieron a los afiliados. \u201cGente mayor que lleg\u00f3 al lugar y no fue atendida en todo el d\u00eda. Un desastre\u201d, dijeron a este diario fuentes al tanto del expediente interno que se abri\u00f3 en la instituci\u00f3n. Ese episodio deriv\u00f3 en el despido de la jefa del centro de atenci\u00f3n del local del PAMI en El Bols\u00f3n y la suspensi\u00f3n de otros dos empleados.<\/p>\n<p class=\"com-paragraph   --s\">Por <strong>Pablo Mannino<\/strong><\/p>\n<p class=\"com-paragraph   --s\">MENDOZA.- Mendoza se sumar\u00e1 a la ola nacional y <strong>har\u00e1 las elecciones legislativas provinciales el 26 de octubre<\/strong>, el mismo d\u00eda que los comicios para cargos nacionales. As\u00ed, la decisi\u00f3n de unificar las votaciones, que se realizar\u00e1n con <strong>urnas diferentes pero con boleta \u00fanica papel,<\/strong> es una se\u00f1al de la buena sinton\u00eda que el Gobierno local de <strong>Alfredo Cornejo<\/strong> logr\u00f3 sostener con <strong>Javier Milei<\/strong>, a pesar de los embates del presidente a todos los gobernadores.<\/p>\n<p class=\"com-paragraph   --s\">Ahora resta conocer un segundo enigma: si el gobernador radical Cornejo se aliar\u00e1 a<strong> La Libertad Avanza <\/strong>(LLA), aun con la principal exigencia que hasta ahora sostienen los libertarios con el nombre de la papeleta, que deber\u00e1 ser exclusivamente \u201cvioleta\u201d. Todo indica que la firma est\u00e1 cerca de concretarse, indicaron a <strong>LA NACI\u00d3N<\/strong> fuentes provinciales.<\/p>\n<p class=\"com-paragraph   --s\">Por <strong>Hern\u00e1n Cappiello<\/strong><\/p>\n<p class=\"com-paragraph   --s\">La <strong>C\u00e1mara Federal de Casaci\u00f3n<\/strong> ratific\u00f3 el fallo que anul\u00f3 la absoluci\u00f3n de<strong> L\u00e1zaro Antonio B\u00e1ez <\/strong>en una causa donde est\u00e1 acusado de evasi\u00f3n tributaria agravada por m\u00e1s de 50 millones de pesos mediante el uso de<strong> facturas truchas<\/strong>. Los jueces de la Sala IV del tribunal<strong> Mariano Borinsky <\/strong>y <strong>Gustavo Hornos<\/strong> declararon inadmisibles los recursos extraordinarios presentados por las defensas.<\/p>\n<p class=\"com-paragraph   --s\"><strong>\u201cLos remedios extraordinarios presentados no pueden hallar viabilidad formal, por cuanto no se dirigen contra una sentencia definitiva ni equiparable a tal\u201d<\/strong>, dijeron los camaristas en la sentencia.<\/p>\n<p class=\"com-paragraph   --s\"><strong>\u201cLos argentinos de bien entendieron que la riqueza se genera y no se imprime\u201c<\/strong>, afirm\u00f3 el presidente <strong>Javier Milei<\/strong> al compartir los datos que arroj\u00f3 una encuesta de opini\u00f3n p\u00fablica sobre su Gobierno. <strong>\u201cEn octubre las urnas hablar\u00e1n. La libertad arrasa\u201d<\/strong>, vaticin\u00f3.<\/p>\n<p class=\"com-paragraph   --s\">A trav\u00e9s de su cuenta de X, el mandatario comparti\u00f3 una publicaci\u00f3n de Manuel Adorni, en la que el portavoz asegur\u00f3 que<strong> \u201cla gente sigue creyendo en lo que eligi\u00f3 en la \u00faltima elecci\u00f3n presidencial\u201d<\/strong>, al tiempo que indic\u00f3 que le <strong>\u201cresulta incre\u00edble que la vieja pol\u00edtica siga insistiendo\u201d<\/strong>.<\/p>\n<p class=\"com-paragraph   --s\">La incorporaci\u00f3n del exintendente de Merlo <strong>Ra\u00fal Othaceh\u00e9<\/strong> a la alianza Somos Buenos Aires, inscripta para competir en las elecciones bonaerenses del 7 de septiembre, calde\u00f3 los \u00e1nimos en el radicalismo provincial, uno de los socios de la coalici\u00f3n que incluye tambi\u00e9n a peronistas disidentes, la Coalici\u00f3n C\u00edvica, el GEN y el espacio de <strong>Emilio Monz\u00f3<\/strong>, entre otras fuerzas. La UCR provincial difundi\u00f3 un comunicado en el que subray\u00f3 que \u201cno hay nuevas incorporaciones al frente Somos Buenos Aires\u201d y que no fue \u201cnotificada\u201d ni particip\u00f3 de \u201cninguna discusi\u00f3n formal\u201d.<\/p>\n<p class=\"com-paragraph   --s\">\u201cLa UCR bonaerense informa que no hay nuevas incorporaciones al frente Somos Buenos Aires: toda ampliaci\u00f3n debe respetar los mecanismos institucionales acordados\u201d, se\u00f1al\u00f3 el partido que conducen, en conjunto y de manera provisoria, el exintendente de Trenque Lauquen <strong>Miguel Fern\u00e1ndez<\/strong> y el diputado provincial <strong>Pablo Domenichini<\/strong>.<\/p>\n<p class=\"com-paragraph   --s\">El <strong>ministro de Desregulaci\u00f3n y Transformaci\u00f3n del Estado, Federico Sturzenegger<\/strong>, analiz\u00f3 este domingo en LN+ el reciente <strong>paquete de leyes con impacto fiscal <\/strong>que aprob\u00f3 la <strong>C\u00e1mara de Senadores<\/strong>. En un escenario de tensi\u00f3n pol\u00edtica entre el oficialismo y la oposici\u00f3n, el funcionario diferenci\u00f3 una de las iniciativas del resto y realiz\u00f3 una sorpresiva definici\u00f3n sobre el futuro de esa norma en particular, en caso de que el <strong>Gobierno nacional <\/strong>deba tomar una decisi\u00f3n final.<\/p>\n<p class=\"com-paragraph   --s\">Por <strong>Luis Majul<\/strong><\/p>\n<p class=\"com-paragraph   --s\">Porqu\u00e9 Milei est\u00e1 tan tranquilo.<\/p>\n<p class=\"com-paragraph   --s\">La nueva oposici\u00f3n ampliada y el periodismo tradicional est\u00e1n convencidos de que a Milei, el jueves pasado, en el Senado, le entr\u00f3 <strong>\u201cuna bala casi mortal\u201d<\/strong>.<\/p>\n<p class=\"com-paragraph   --s\">Por <strong>Melisa Reinhold<\/strong><\/p>\n<p class=\"com-paragraph   --s\">La Argentina volvi\u00f3 a sufrir un rev\u00e9s en la Justicia de Estados Unidos, luego de que se rechazara el pedido de suspender la orden que obliga al Gobierno a transferir el 51% de las acciones de YPF a los fondos demandantes. En una rueda ya de por s\u00ed negativa a nivel internacional por las amenazas arancelarias de Donald Trump, los <strong>d\u00f3lares tienden al alza y las acciones argentinas que cotizan en Wall Street operan en rojo.<\/strong><\/p>\n<p class=\"com-paragraph   --s\">En la primera rueda de la semana, el <strong>d\u00f3lar oficial minorista<\/strong> aparece en las pantallas del Banco Naci\u00f3n a $1285, una suba de $10 frente al cierre anterior (+0,8%). Cada entidad financiera tiene su propia cotizaci\u00f3n, lo que explica que<strong> el precio promedio del mercado sea de $1280,27,<\/strong> de acuerdo con el relevamiento diario que hace el Banco Central (BCRA).<\/p>\n<p class=\"com-paragraph   --s\">Por <strong>Sof\u00eda Diamante<\/strong><\/p>\n<p class=\"com-paragraph   --s\">La Justicia de Estados Unidos volvi\u00f3 a fallar en contra de la Argentina al rechazar el pedido de<strong> suspender la orden <\/strong>que obliga al Estado argentino a transferir el 51% de las acciones de YPF a los fondos beneficiarios que demandaron al pa\u00eds. Ahora, el Estado argentino <strong>tiene un plazo de tres d\u00edas m\u00e1s antes de entrar en desacato <\/strong>si no cumple con el fallo o consigue un acuerdo previo.<\/p>\n<p class=\"com-paragraph   --s\">El pa\u00eds ya apel\u00f3 esta decisi\u00f3n al tribunal superior de la Corte de Apelaciones, pero no hay certezas de que se expida antes de las pr\u00f3ximas 72 horas.<\/p>\n<p class=\"com-paragraph   --s\">Por <strong>Jaime Rosemberg<\/strong><\/p>\n<p class=\"com-paragraph   --s\">En una rutina que repiten desde hace meses, <strong>Patricia Bullrich <\/strong>lleg\u00f3 en la ma\u00f1ana del domingo a la quinta presidencial de Olivos, donde lo esperaba el presidente <strong>Javier Milei<\/strong>. \u201cS\u00faper normal, nada que podamos destacar, ma\u00f1ana puede ser un desayuno con otro ministro\u201d, afirmaron cerca del Presidente en relaci\u00f3n a la reuni\u00f3n, en la que-seg\u00fan el propio Milei-hablaron del \u201ccamino a octubre\u201d, fecha de las elecciones legislativas nacionales que el Gobierno ve como fundamentales para \u201cdefender los logros\u201d, amenazados por \u201clos que quieren romper todo\u201d, en referencia a la ofensiva opositora en el Congreso.<\/p>\n<p class=\"com-paragraph   --s\">\u00bfBullrich ser\u00e1 candidata a senadora nacional en octubre? La ministra lo neg\u00f3 anoche en LN+. Pero cerca del Presidente la definen como \u201cla mejor candidata\u201d con la vista puesta en el pr\u00f3ximo Senado y tambi\u00e9n en la pelea por la jefatura de gobierno porte\u00f1o en 2027. Allegados a Bullrich, quien da se\u00f1ales algo difusas en torno a su deseo personal, ya se entusiasman con su jefa como \u201cfuerte contrapeso\u201d de la vicepresidenta <strong>Victoria Villarruel<\/strong>, luego del virulento intercambio entre ambas luego de la sesi\u00f3n en el Senado que termin\u00f3 en fuerte derrota para la Casa Rosada.<\/p>\n<p class=\"com-paragraph   --s\">Este s\u00e1bado,<strong> Myriam Bregman <\/strong>y <strong>Nicol\u00e1s del Ca\u00f1o <\/strong>fueron parte de un encuentro en el Club Platense del Partido de Trabajadores Socialistas (PTS) junto con trabajadores en reclamo contra el ajuste, el aumento de salarios, los despidos y en defensa de la salud y la educaci\u00f3n p\u00fablica.<\/p>\n<p class=\"com-paragraph   --s\">\u201cHay que empezar a coordinar las luchas y organizarnos en serio. Tenemos que construir una herramienta propia de la clase trabajadora\u201d, dijo Bregman. Tambi\u00e9n destac\u00f3 los diversos sectores de trabajadores presentes, como el Astillero R\u00edo Santiago, los docentes y trabajadores de la salud, estatales, despedidos de Georgalos, Secco, Shell y otras empresas, y de Vialidad Nacional.<\/p>\n<p class=\"com-paragraph   --s\">Por Javier Fuego Simondet<\/p>\n<p class=\"com-paragraph   --s\">El s\u00e1bado 19 de julio a la medianoche, cuando finalice el plazo para presentar candidaturas para la elecci\u00f3n bonaerense del 7 de septiembre pr\u00f3ximo, habr\u00e1 24 legisladores provinciales que no estar\u00e1n entre los inscriptos y no podr\u00e1n revalidar sus mandatos. Luego de la media sanci\u00f3n que obtuvo en el Senado provincial el 25 de junio con el voto afirmativo de la vicegobernadora Ver\u00f3nica Magario para desempatar una votaci\u00f3n que hab\u00eda resultado igualada, el proyecto impulsado por el peronismo para restablecer la reelecci\u00f3n indefinida de los legisladores provinciales qued\u00f3 cajoneado en la C\u00e1mara de Diputados y sin chances de ser revitalizado.<\/p>\n<p class=\"com-paragraph   --s\">El Gobierno dio un paso clave el \u00faltimo viernes en su plan para privatizar 10.000 kil\u00f3metros de ruta. Lanz\u00f3 el denominado <strong>\u201c<\/strong><strong>data room<\/strong><strong>\u201d<\/strong>. Se trata de algo as\u00ed como la creaci\u00f3n de un espacio para desandar las dudas de los interesados y para poner a disposici\u00f3n los datos del proyecto.<\/p>\n<p class=\"com-paragraph   --s\">Si bien <strong>aparecieron varios conocidos del mundo de la obra p\u00fablica vial<\/strong>, lo cierto es que m\u00e1s all\u00e1 del apuro del Gobierno,<strong> la incertidumbre es la moneda de cambio en esas reuniones virtuales y presenciales<\/strong>.<\/p>\n<p class=\"com-paragraph   --s\">Por Sof\u00eda Diamante<\/p>\n<p class=\"com-paragraph   --s\">Mart\u00edn Uribe es economista, profesor titular de la Universidad de Columbia en Nueva York e investigador asociado del National Bureau of Economic Research (NBER) de Estados Unidos. Estudi\u00f3 su licenciatura en la Universidad Nacional de C\u00f3rdoba e hizo el m\u00e1ster en econom\u00eda en el Centro de Estudios Macroecon\u00f3micos de Argentina (CEMA).<\/p>\n<p class=\"com-paragraph   --s\">Uribe se doctor\u00f3 en econom\u00eda por la Universidad de Chicago y fue parte de la Divisi\u00f3n de Finanzas Internacionales de la Junta de Gobernadores de la Reserva Federal (Fed) de los Estados Unidos.<\/p>\n<p class=\"com-paragraph   --s\">Por Mariano De Vedia<\/p>\n<p class=\"com-paragraph   --s\">\u201cLa Argentina ahora se encuentra <strong>en el puesto n\u00famero 23 de las potencias mundiales<\/strong>\u201d.<strong> <\/strong>La afirmaci\u00f3n del presidente <strong>Javier Milei<\/strong> en su mensaje en la <strong>Bolsa de Comercio<\/strong>, refrendada en otras ocasiones por el propio mandatario y por el ministro de Defensa, <strong>Luis Petri<\/strong>, le dio relieve a la clasificaci\u00f3n del poder\u00edo militar que se registra en el Global Fire Power (GFP) 2025.<\/p>\n<p class=\"com-paragraph   --s\">La ubicaci\u00f3n de la Argentina en el ranking militar, sobre un total de 145 pa\u00edses, <strong>sorprendi\u00f3 a distintas voces del sector castrense<\/strong> consultadas por <strong>LA NACION<\/strong>. En la medici\u00f3n GFP 2025, que eval\u00faa un conjunto de 60 factores \u2212desde personal militar, equipamiento, presupuesto, capacidad log\u00edstica, extensi\u00f3n territorial, acceso a recursos naturales y desarrollo tecnol\u00f3gico\u2212, <strong>la Argentina aparece en el puesto 33<\/strong>, diez posiciones por debajo de la indicada por el Presidente.<\/p>\n<p class=\"com-paragraph   --s\">En la medici\u00f3n de 2024, incluso, nuestro pa\u00eds se hab\u00eda <strong>clasificado en el 28\u00b0 lugar<\/strong> y en a\u00f1os anteriores, durante las gestiones kirchneristas, naveg\u00f3 por posiciones similares. \u201cEl ranking resume lo que podemos definir como el milagro argentino. De otro modo, <strong>no se entiende c\u00f3mo unas Fuerzas Armadas que no cuentan con un submarino operativo \u2013Chile tiene cuatro y Per\u00fa, seis\u2212, pagan salarios bajos y carecen de municiones y de elementos m\u00ednimos para su funcionamiento<\/strong> ocupan el tercer lugar en Am\u00e9rica Latina, despu\u00e9s de Brasil y M\u00e9xico\u201d, grafic\u00f3 una fuente castrense.<\/p>\n<p>El presidente Javier Milei junto a su par estadounidense, Donald TrumpX @WhiteHouse<\/p>\n<p class=\"com-paragraph   --s\">Por Jaime Rosemberg<\/p>\n<p class=\"com-paragraph   --s\">Por primera vez en mucho tiempo, y a diferencia de lo que ocurre en la pol\u00edtica local, los que se pelean son otros, y es el gobierno de <strong>Javier <\/strong><strong>Milei <\/strong>el que apuesta al consenso para conseguir un acuerdo ventajoso.<\/p>\n<p class=\"com-paragraph   --s\">Desde la Casa Rosada y la Canciller\u00eda que encabeza <strong>Gerardo Werthein<\/strong> miran con detallada atenci\u00f3n la reciente pelea entre su principal aliado estrat\u00e9gico, el presidente de Estados Unidos <strong>Donald Trump<\/strong>, y su principal socio regional, su par brasile\u00f1o <strong>Luiz In\u00e1cio Lula da Silva<\/strong>, con quien Milei ensay\u00f3 hace unos d\u00edas una especie de tibio deshielo durante la \u00faltima reuni\u00f3n de mandatarios del Mercosur.<\/p>\n<p class=\"com-paragraph   --s\">Este lunes por la ma\u00f1ana, la <strong>Agencia de Recaudaci\u00f3n y Control Aduanero<\/strong><strong> <\/strong>(ARCA) inform\u00f3 una nueva modificaci\u00f3n que beneficiar\u00e1 a los <strong>empleadores de Casas Particulares<\/strong>: la habilitaci\u00f3n del <strong>d\u00e9bito autom\u00e1tico para el pago de aportes y contribuciones <\/strong>a la seguridad social.<\/p>\n<p class=\"com-paragraph   --s\">La medida se estableci\u00f3 mediante la Resoluci\u00f3n General 5723\/2025 publicada en el Bolet\u00edn Oficial, pero <strong>entrar\u00e1 en vigencia a partir de ma\u00f1ana, martes 15 de julio<\/strong>. Entre los beneficios que destac\u00f3 el organismo de recaudaci\u00f3n se encuentra la <strong>posibilidad de adherir al d\u00e9bito autom\u00e1tico una \u00fanica vez<\/strong> en vez de tener que ingresar todos los meses como ocurr\u00eda hasta ahora.<\/p>\n<p>Romper con todos es mucho m\u00e1s caroPresidencia<\/p>\n<p class=\"com-paragraph   --s\">Por Joaqu\u00edn Morales Sol\u00e1<\/p>\n<p class=\"com-paragraph   --s\">Alguien le habr\u00e1 informado al Presidente c\u00f3mo es la lenta renovaci\u00f3n de los legisladores en el Congreso? \u00bfQui\u00e9n le dijo, en todo caso, que el pr\u00f3ximo 11 de diciembre, luego de que asuman los legisladores elegidos el 26 de octubre, \u00e9l tendr\u00e1 la mayor\u00eda absoluta en las dos c\u00e1maras del<strong>Poder Legislativo<\/strong>? Las respuestas servir\u00edan para explicar por qu\u00e9<strong>Javier Milei<\/strong>decidi\u00f3 romper con todos los gobernadores cuando muchos de ellos lo ayudaron a tramitar con \u00e9xito en el<strong>Congreso<\/strong>los proyectos de leyes m\u00e1s osados de su a\u00f1o y medio de gobierno. El jefe del Estado acaba de asegurar que esperar\u00e1 el 11 de diciembre para vengarse del incre\u00edble rejunte de gobernadores para sacarle leyes en el Congreso que podr\u00edan, seg\u00fan el oficialismo, trastornar las cuentas p\u00fablicas.El Presidente no es un pol\u00edtico, y cree que el poder le da derecho a recibir sin dar nunca nada. Pero \u00bfnadie le advierte al jefe del Estado que est\u00e1 tocando una melod\u00eda que la pol\u00edtica no sabe bailar? Cuando alboreaba el fin de semana, la vicepresidenta,<strong>Victoria Villarruel<\/strong>, anunci\u00f3 a la ciudad y al mundo que ella daba por rota su relaci\u00f3n con el Presidente, despu\u00e9s de que este la llamara \u201ctraidora\u201d por presidir una sesi\u00f3n ordinaria del<strong>Senado<\/strong>;ese era el deber de Villarruel. Milei rompi\u00f3 tambi\u00e9n con su vieja aliada. M\u00e1s all\u00e1 de la gravedad que significa que el Presidente les haya declarado una guerra precoz a la vicepresidenta y a todos los gobernadores (\u201c\u00bfA todos?\u201d, le repregunt\u00f3 el periodista Luis Majul, y Milei le respondi\u00f3: \u201cA todos\u201d), centellean las ineptitudes, la mala praxis y los prejuicios en el gobierno libertario.<\/p>\n<p class=\"com-paragraph   --s\">El periodista y precandidato a diputado nacional <strong>Ricardo Bustos fue liberado este domingo por la tarde<\/strong><strong> <\/strong>tras permanecer demorado un par de horas por asistir a un acto p\u00fablico de <strong>La Libertad Avanza<\/strong> (LLA) en Chubut. El evento estaba organizado por el diputado cercano a Karina Milei, <strong>C\u00e9sar Treffinger<\/strong>, quien hab\u00eda impuesto una<strong> denuncia y orden de restricci\u00f3n perimetral contra Bustos<\/strong>.<\/p>\n<p class=\"com-paragraph   --s\">\u201cDesde los 18 a\u00f1os que soy liberal, no como el presidente del partido [Treffinger], que <strong>me meti\u00f3 una falsa denuncia de que hab\u00eda intimidado a su hijito con una foto<\/strong>\u201c, declar\u00f3 el periodista este lunes por la ma\u00f1ana. Seg\u00fan cont\u00f3 en di\u00e1logo con Urbana Play, <strong>hac\u00eda dos meses se hab\u00eda sacado una foto con el hijo de Treffinger <\/strong>y se la hab\u00eda enviado al padre en un gesto amistoso.<\/p>\n<p class=\"com-paragraph   --s\">Y cuestion\u00f3: \u201cNo la hice p\u00fablica en ninguna red, la hizo p\u00fablica \u00e9l y <strong>la utiliz\u00f3 para revictimizar a su hijo<\/strong>. Se la mand\u00e9 diciendo que hab\u00eda estado muy bueno el acto y \u00e9l me contest\u00f3 con un emoji de una mano afirmativa. <strong>Dos meses despu\u00e9s se siente amenazado y \u2018oh, casualidad\u2019 me denuncia dos d\u00edas antes de un acto de campa\u00f1a<\/strong>. \u00bfLa foto es de hace dos meses y ahora me denuncia por amenazas y hostigamiento?\u201c.<\/p>\n<p>Crisis sanitaria: en medio de resistencias, el Gobierno insistir\u00e1 con las reformas administrativas y hospitalariasRicardo Pristupluk<\/p>\n<p class=\"com-paragraph   --s\">Por Fabiola Czubaj<\/p>\n<p class=\"com-paragraph   --s\">En las \u00faltimas semanas, a medida que se extingu\u00eda el plazo con facultades extraordinarias que el Congreso hab\u00eda concedido a la Casa Rosada, una bater\u00eda de cambios alcanz\u00f3 a la gesti\u00f3n sanitaria nacional dentro y fuera del Ministerio de Salud. Unificaci\u00f3n de la administraci\u00f3n de los hospitales nacionales, remuneraci\u00f3n electiva de la beca para los profesionales en formaci\u00f3n dentro del sistema nacional de residencias, disoluci\u00f3n de institutos y delegaciones de Salud en las provincias o eliminaci\u00f3n de potestades acumuladas desde hac\u00eda m\u00e1s de medio siglo para crear organismos fueron algunas de las \u00faltimas decisiones oficializadas.<\/p>\n<p class=\"com-paragraph   --s\">En esa cartera, seg\u00fan plantean, las decisiones \u201cavanzan\u201d a una reducci\u00f3n de la estructura central, financiamiento limitado a lo que por ley le compete al Estado nacional (por ejemplo, citan el calendario de vacunaci\u00f3n), dictado de gu\u00edas y protocolos que unifiquen criterios de atenci\u00f3n y respuesta a enfermedades, asistencia t\u00e9cnica a las provincias con intervenci\u00f3n de la Organizaci\u00f3n Panamericana de la Salud (OPS) y mayor responsabilidad de los gobiernos provinciales con una administraci\u00f3n federal de funciones y servicios de salud.<\/p>\n<p>Solo en Off | El espa\u00f1ol Pedro S\u00e1nchez sobrevuela la Argentina, pero evita poner un pie cerca de Javier MileiGetty Images<\/p>\n<p class=\"com-paragraph   --s\">Las cosas mejoraron y mucho en el v\u00ednculo bilateral entre la Argentina y Espa\u00f1a, afectado desde aquellos chisporroteos personales de mayo de 2024 que incluyeron acusaciones de \u201ccorrupci\u00f3n\u201d de boca del presidente <strong>Javier Milei<\/strong> hacia <strong>Bego\u00f1a S\u00e1nchez<\/strong>, la pareja del presidente espa\u00f1ol <strong>Pedro S\u00e1nchez<\/strong>, en pleno congreso del partido de ultraderecha <strong>Vox<\/strong>. Antes y despu\u00e9s, aparecieron respuestas no menos contundentes de ministros del gobierno de Espa\u00f1a.<\/p>\n<p class=\"com-paragraph   --s\">Pero la reconstrucci\u00f3n de las relaciones, normalizadas en lo formal con el intercambio de embajadores en Buenos Aires y Madrid, no alcanza a\u00fan a los presidentes. La prueba: mientras atraviesa una delicada etapa de su gesti\u00f3n, con acusaciones de corrupci\u00f3n que recaen sobre miembros del gobierno y del Partido Socialista, <strong>S\u00e1nchez iniciar\u00e1 el s\u00e1bado que viene una gira sudamericana con tres paradas: Santiago de Chile, Montevideo y Asunci\u00f3n.<\/strong><\/p>\n<p class=\"com-paragraph   --s\"><strong>Buenos Aires<\/strong>, que seguramente ser\u00e1 sobrevolado por el avi\u00f3n que utilizar\u00e1 el socialista espa\u00f1ol,<strong> no figura como parada en el plan de vuelo<\/strong>.<\/p>\n<p class=\"com-paragraph   --s\">Por Claudio Jacquelin<\/p>\n<p class=\"com-paragraph   --s\"><strong>\u201cJodan todo lo que quieran. Los espero el 11 de diciembre\u201d<\/strong>, amenaz\u00f3 <strong>Javier Milei<\/strong> despu\u00e9s de una semana para el olvido en el Congreso y m\u00e1s all\u00e1. La frase no solo trasunta una<strong> confianza extrema <\/strong>del Presidente en el futuro inmediato, sino que es tambi\u00e9n el <strong>l\u00e1tigo <\/strong>con el que pretende mantener a raya a quienes lo desaf\u00edan para acortar el tiempo que le queda hasta el recambio parlamentario sin tantos sobresaltos.<\/p>\n<p class=\"com-paragraph   --s\">Ser\u00e1 una tarea compleja. No solo por la diversidad de actores y asuntos con los que deber\u00e1 lidiar durante cinco meses, que en la Argentina de la fragilidad y la provisionalidad suelen ser mucho m\u00e1s largos que lo que indican el calendario y el reloj.<\/p>\n<p class=\"com-paragraph   --s\">Por Guillermo Oliveto<\/p>\n<p class=\"com-paragraph   --s\">El cambio abrupto que est\u00e1n experimentando la vida y la conciencia ciudadanas es de tal magnitud que la interpretaci\u00f3n social requiere una dosis de mayor agudeza y sofisticaci\u00f3n. Flota en el ambiente un interrogante que tiene la impronta de un enigma. \u00bfC\u00f3mo puede ser que solo el 30% de la poblaci\u00f3n reconozca tener una capacidad de consumo que le permite sostener o mejorar su calidad de vida y el gobierno nacional cuente, en simult\u00e1neo, con 50% o m\u00e1s de aprobaci\u00f3n?<\/p>\n<p class=\"com-paragraph   --s\">Por Jaime Rosemberg<\/p>\n<p class=\"com-paragraph   --s\">Las cosas mejoraron y mucho en el v\u00ednculo bilateral entre la Argentina y Espa\u00f1a, afectado desde aquellos chisporroteos personales de mayo de 2024 que incluyeron acusaciones de \u201ccorrupci\u00f3n\u201d de boca del presidente <strong>Javier Milei <\/strong>hacia <strong>Bego\u00f1a S\u00e1nchez<\/strong>, la pareja del presidente espa\u00f1ol <strong>Pedro S\u00e1nchez<\/strong>, en pleno congreso del partido de ultraderecha <strong>Vox<\/strong>. Antes y despu\u00e9s, aparecieron respuestas no menos contundentes de ministros del gobierno de Espa\u00f1a.<\/p>\n<p>Horacio Mar\u00edn, CEO de YPF.<\/p>\n<p class=\"com-paragraph   --s\"><strong>Horacio Mar\u00edn<\/strong>, CEO de YPF, confirm\u00f3 que la compa\u00f1\u00eda junto a otras siete empresas cerr\u00f3 la semana pasada un <strong>financiamiento de US$2000 millones <\/strong>para construir un oleoducto que permitir\u00e1 \u201caumentar las exportaciones del sector petrolero\u201d del pa\u00eds.<\/p>\n<p class=\"com-paragraph   --s\">En di\u00e1logo con Luis Majul en <strong>LN+<\/strong>, el directivo precis\u00f3 que la operaci\u00f3n reuni\u00f3 a <strong>14 bancos internacionales<\/strong>, entre ellos <strong>JP Morgan, Citi Bank, Santander, Ita\u00fa y Deutsche Bank <\/strong>y destac\u00f3 que es el primer proyecto de este tipo que se desarrolla \u00edntegramente desde el sector privado. <strong>\u201cNo hay m\u00e1s Estado bobo\u201d<\/strong>, dijo.<\/p>\n<p class=\"com-paragraph   --s\">Por <strong>Jaime Rosemberg<\/strong><\/p>\n<p class=\"com-paragraph   --s\">\u201cLa impunidad sigue, el terrorismo tambi\u00e9n\u201d, dice el actor <strong>Ricardo Dar\u00edn<\/strong> en el final del env\u00edo institucional de poco m\u00e1s de un minuto, que la <strong>AMIA<\/strong> prepar\u00f3 para el <strong>aniversario n\u00famero 31 del atentado terrorista <\/strong>a la sede de la calle Pasteur. Ataque que la mutual jud\u00eda recordar\u00e1, como cada a\u00f1o, el pr\u00f3ximo viernes a las 9.53, frente a la reconstruida sede comunitaria.<\/p>\n<p class=\"com-paragraph   --s\">Se prev\u00e9 que, al igual que el a\u00f1o pasado, cuando se cumplieron tres d\u00e9cadas del ataque que dejara 85 muertos y centenares de heridos, el presidente <strong>Javier Milei<\/strong> est\u00e9 en las primeras filas, frente al escenario y sin ser mencionado por la organizaci\u00f3n, para acompa\u00f1ar a los familiares en reclamo de justicia.<\/p>\n<p>Maximiliano Pullaro, Antonio Bonfatti y Omar Perotti, en la Corte Suprema<\/p>\n<p class=\"com-paragraph   --s\">Por <strong>Jos\u00e9 E. Bord\u00f3n<\/strong><\/p>\n<p class=\"com-paragraph   --s\">SANTA FE.- Conformada por <strong>69 convencionales<\/strong>, electos en los comicios del pasado 13 de abril, este lunes comenzar\u00e1 a deliberar en esta capital la <strong>Convenci\u00f3n Reformadora<\/strong>, que tendr\u00e1 la misi\u00f3n hist\u00f3rica de <strong>modificar parcialmente la Constituci\u00f3n provincial<\/strong>, vigente desde 1962.<\/p>\n<p class=\"com-paragraph   --s\">En total, <strong>son 42 los art\u00edculos habilitados para reformar<\/strong>, seg\u00fan lo estableci\u00f3 la ley sancionada por la Legislatura el 6 de diciembre de 2024. Entre los temas centrales que estar\u00e1n en discusi\u00f3n se destacan la <strong>reelecci\u00f3n de autoridades, el voto joven, la implementaci\u00f3n de la \u201cficha limpia\u201d, la autonom\u00eda municipal, la eliminaci\u00f3n de fueros y la reforma del funcionamiento de la Corte Suprema<\/strong>.<\/p>\n<p>Algunos bienes asociados al tipo de cambio mostraron subas superiores al nivel general durante la semana que pas\u00f3: l\u00e1cteos, aceites, az\u00facar, bebidas, productos de limpieza y de cuidado personal<br \/>\nDaniel Basualdo<\/p>\n<p class=\"com-paragraph   --s\">Por Mar\u00eda Julieta Rumi<\/p>\n<p class=\"com-paragraph   --s\">Si bien el <strong>d\u00f3lar oficial<\/strong> mayorista cerr\u00f3 nuevamente al<strong> alza<\/strong> la semana pasada y acumula una correcci\u00f3n de 5,7% en lo que va de julio, <strong>por ahora los relevamientos de precios de distintas consultoras no vislumbran un impacto en la inflaci\u00f3n <\/strong>(el llamado <strong>pass through<\/strong>) significativo, aunque advierten que hay que ver c\u00f3mo transcurre el resto del mes. Ma\u00f1ana, el Indec dar\u00e1 a conocer el dato de la inflaci\u00f3n de junio, que los economistas privados estiman entre un 1,7% y un 2%, mientras que el Gobierno espera que se ubique por debajo del 2.<\/p>\n<p class=\"com-paragraph   --s\">\u201cLa segunda semana de julio arroj\u00f3 un alza de 0,5% (+0,2 puntos porcentuales vs. la segunda semana de junio). Lideraron estacionales (+0,8%, con hoteles encabezando) y el IPC n\u00facleo (+0,5%). Adem\u00e1s, algunos bienes asociados al tipo de cambio mostraron subas superiores al nivel general durante esta semana: l\u00e1cteos, aceites, az\u00facar, bebidas, productos de limpieza y de cuidado personal\u201d, informaron en la consultora<strong> Equilibra.<\/strong><\/p>\n<p>La ministra de Seguridad Patricia Bullrich en Comunidad de Negocios  (LN+)Captura de Pantalla<\/p>\n<p class=\"com-paragraph   --s\">La ministra de Seguridad,<strong> <\/strong><strong>Patricia Bullrich<\/strong>, habl\u00f3 este domingo sobre una posible candidatura a senadora, opin\u00f3 sobre el voto de <strong>Luis Juez <\/strong>en favor de la emergencia en discapacidad y critic\u00f3 a la vicepresidente <strong>Victoria Villarruel<\/strong>, con quien mantuvo entredichos tras un debate complicado para el Gobierno en la C\u00e1mara alta.<\/p>\n<p class=\"com-paragraph   --s\">En di\u00e1logo con Jos\u00e9 Del Rio para Comunidad de Negocios, y a prop\u00f3sito del encuentro que mantuvo en la ma\u00f1ana del s\u00e1bado con el presidente Javier Milei,<strong> Bullrich descart\u00f3 aspirar a ocupar una banca en el Congreso.<\/strong> \u201cNo se habl\u00f3 para nada de eso\u201d, fue la frase que utiliz\u00f3 la titular de la cartera de Seguridad.<\/p>\n<p>El ministro de Desregulaci\u00f3n, Federico Sturzenegger, en La Cornisa (LN+)Captura de Pantalla<\/p>\n<p class=\"com-paragraph   --s\">El ministro de Desregulaci\u00f3n, <strong>Federico Sturzenegger<\/strong>, dijo este domingo que no vetar\u00eda la redistribuci\u00f3n autom\u00e1tica de Aportes del Tesoro Nacional (ATN) a las provincias, proyecto que fue aprobado por el Senado el pasado jueves, y explic\u00f3 por qu\u00e9. En LN+, el funcionario sostuvo que <strong>la promulgaci\u00f3n de esta norma \u201ccambia todo\u201d ya que abrir\u00eda la puerta a que la ley de coparticipaci\u00f3n pudiera ser modificada desde el Congreso<\/strong>.<\/p>\n<p class=\"com-paragraph   --s\">\u201cUno de los proyectos que aprob\u00f3 el Senado la semana pasada fue repartir los ATN de manera diferente, algo que pidieron los mismos gobernadores. La ley de coparticipaci\u00f3n la hicieron [Ra\u00fal] Alfons\u00edn y [Antonio] Cafiero. Alfons\u00edn ten\u00eda la visi\u00f3n de que las provincias centrales ten\u00edan que transferir recursos a las perif\u00e9ricas, que deb\u00edan recibir m\u00e1s. La m\u00e1s perjudicada en eso era Buenos Aires. Y Cafiero acept\u00f3\u201d, introdujo Sturzenegger.<\/p>\n<p>En los pr\u00f3ximos d\u00edas los monotributistas deber\u00e1n recategorizarse<br \/>\nShutterstock<\/p>\n<p class=\"com-paragraph   --s\">Por Silvia Stang<\/p>\n<p class=\"com-paragraph   --s\">El monto <strong>m\u00e1ximo de facturaci\u00f3n anual del sistema del monotributo <\/strong>se elevar\u00e1 de los actuales $82.370.281,28 a una<strong> cifra que rondar\u00e1 los $95 millones.<\/strong> Adem\u00e1s, subir\u00e1n los importes de los <strong>ingresos m\u00ednimos y m\u00e1ximos que habilitan a estar en cada una de las categor\u00edas<\/strong> del esquema, y <strong>las cifras a pagar cada mes, <\/strong>tanto por el impuesto como por los aportes al sistema jubilatorio y a la obra social.<\/p>\n<p class=\"com-paragraph   --s\">En todos los casos, para las subas se aplicar\u00e1 un \u00edndice que se ubicar\u00e1 <strong>entre el 15% y el 16%. <\/strong>Ser\u00e1 as\u00ed porque, seg\u00fan lo establecido por ley, el esquema del r\u00e9gimen impositivo simplificado o monotributo <strong>se actualiza dos veces al a\u00f1o: en enero y en julio<\/strong> y, en el caso de este mes, el reajuste debe hacerse <strong>seg\u00fan la inflaci\u00f3n acumulada en el primer semestre del a\u00f1o.<\/strong><\/p>\n<p>El presidente Javier Milei junto a ministros en la Casa Rosada<br \/>\nPresidencia<\/p>\n<p class=\"com-paragraph   --s\">Por Delfina Celichini<\/p>\n<p class=\"com-paragraph   --s\">Despu\u00e9s de una semana en la que encaden\u00f3 seis derrotas legislativas consecutivas, el Gobierno se repliega y piensa sus pr\u00f3ximos pasos. Usar\u00e1 el tiempo a su favor: <strong>retrasar\u00e1 el veto a las tres leyes sancionadas el jueves pasado en el Senado<\/strong> -el paquete previsional y la emergencia en discapacidad- para <strong>reconectar con antiguos aliados<\/strong> que le soltaron la mano: macristas, radicales y gobernadores dialoguistas.<\/p>\n<p class=\"com-paragraph   --s\"><strong>Javier Milei<\/strong> tiene diez d\u00edas h\u00e1biles para vetar las normas, pero ese plazo se cuenta a partir de que el Congreso las comunica formalmente al Poder Ejecutivo. Ese reloj a\u00fan no empez\u00f3 a correr, y el oficialismo busca estirar al m\u00e1ximo ese punto de partida. Todos miran al mi\u00e9rcoles como la fecha clave: si los proyectos se giran entonces, el Presidente podr\u00eda demorar su decisi\u00f3n hasta el 30 de julio.<\/p>\n<p><a href=\"https:\/\/www.lanacion.com.ar\/politica\/javier-milei-en-vivo-las-ultimas-medidas-del-gobierno-nid14072025\/\">Fuente de la nota <\/a><\/p>\n","protected":false},"excerpt":{"rendered":"<p>Por Javier Blanco El Gobierno convoc\u00f3 a una licitaci\u00f3n de deuda en pesos extraordinaria, fuera de cronograma, para ofrecerle a los bancos la posibilidad de recolocar los m\u00e1s de $10 billones que les quedaron \u201cboyando\u201d luego del final de las Letras Fiscales de Liquidez (LEFI). El objetivo: intentar que ese dinero estacione por entre 13 [&hellip;]<\/p>\n","protected":false},"author":5,"featured_media":45061,"comment_status":"closed","ping_status":"open","sticky":false,"template":"","format":"standard","meta":{"footnotes":""},"categories":[3],"tags":[],"class_list":{"0":"post-45060","1":"post","2":"type-post","3":"status-publish","4":"format-standard","5":"has-post-thumbnail","7":"category-politica"},"yoast_head":"<!-- This site is optimized with the Yoast SEO plugin v27.4 - https:\/\/yoast.com\/product\/yoast-seo-wordpress\/ -->\n<title>Milei celebr\u00f3 el n\u00famero de la inflaci\u00f3n de junio con el equipo econ\u00f3mico - El Diario de Tucuman<\/title>\n<meta name=\"robots\" content=\"index, follow, max-snippet:-1, max-image-preview:large, max-video-preview:-1\" \/>\n<link rel=\"canonical\" href=\"https:\/\/www.eldiariodetucuman.com\/web\/milei-celebro-el-numero-de-la-inflacion-de-junio-con-el-equipo-economico\/\" \/>\n<meta property=\"og:locale\" content=\"es_ES\" \/>\n<meta property=\"og:type\" content=\"article\" \/>\n<meta property=\"og:title\" content=\"Milei celebr\u00f3 el n\u00famero de la inflaci\u00f3n de junio con el equipo econ\u00f3mico - El Diario de Tucuman\" \/>\n<meta property=\"og:description\" content=\"Por Javier Blanco El Gobierno convoc\u00f3 a una licitaci\u00f3n de deuda en pesos extraordinaria, fuera de cronograma, para ofrecerle a los bancos la posibilidad de recolocar los m\u00e1s de $10 billones que les quedaron \u201cboyando\u201d luego del final de las Letras Fiscales de Liquidez (LEFI). El objetivo: intentar que ese dinero estacione por entre 13 [&hellip;]\" \/>\n<meta property=\"og:url\" content=\"https:\/\/www.eldiariodetucuman.com\/web\/milei-celebro-el-numero-de-la-inflacion-de-junio-con-el-equipo-economico\/\" \/>\n<meta property=\"og:site_name\" content=\"El Diario de Tucuman\" \/>\n<meta property=\"article:published_time\" content=\"2025-07-14T23:28:30+00:00\" \/>\n<meta property=\"article:modified_time\" content=\"2025-07-14T23:28:32+00:00\" \/>\n<meta property=\"og:image\" content=\"https:\/\/www.eldiariodetucuman.com\/web\/wp-content\/uploads\/2025\/07\/la-foto-que-javier-milei-publico-en-su-cuenta-de-FZKNDHNOKVHEXDLF6DYCVDAEJY.jpeg\" \/>\n\t<meta property=\"og:image:width\" content=\"1200\" \/>\n\t<meta property=\"og:image:height\" content=\"868\" \/>\n\t<meta property=\"og:image:type\" content=\"image\/jpeg\" \/>\n<meta name=\"author\" content=\"Redactor Uno\" \/>\n<meta name=\"twitter:card\" content=\"summary_large_image\" \/>\n<meta name=\"twitter:label1\" content=\"Escrito por\" \/>\n\t<meta name=\"twitter:data1\" content=\"Redactor Uno\" \/>\n\t<meta name=\"twitter:label2\" content=\"Tiempo de lectura\" \/>\n\t<meta name=\"twitter:data2\" content=\"24 minutos\" \/>\n<script type=\"application\/ld+json\" class=\"yoast-schema-graph\">{\"@context\":\"https:\\\/\\\/schema.org\",\"@graph\":[{\"@type\":\"Article\",\"@id\":\"https:\\\/\\\/www.eldiariodetucuman.com\\\/web\\\/milei-celebro-el-numero-de-la-inflacion-de-junio-con-el-equipo-economico\\\/#article\",\"isPartOf\":{\"@id\":\"https:\\\/\\\/www.eldiariodetucuman.com\\\/web\\\/milei-celebro-el-numero-de-la-inflacion-de-junio-con-el-equipo-economico\\\/\"},\"author\":{\"name\":\"Redactor Uno\",\"@id\":\"https:\\\/\\\/www.eldiariodetucuman.com\\\/web\\\/#\\\/schema\\\/person\\\/7e6644a46e60888f6b868594407e08dd\"},\"headline\":\"Milei celebr\u00f3 el n\u00famero de la inflaci\u00f3n de junio con el equipo econ\u00f3mico\",\"datePublished\":\"2025-07-14T23:28:30+00:00\",\"dateModified\":\"2025-07-14T23:28:32+00:00\",\"mainEntityOfPage\":{\"@id\":\"https:\\\/\\\/www.eldiariodetucuman.com\\\/web\\\/milei-celebro-el-numero-de-la-inflacion-de-junio-con-el-equipo-economico\\\/\"},\"wordCount\":4905,\"publisher\":{\"@id\":\"https:\\\/\\\/www.eldiariodetucuman.com\\\/web\\\/#organization\"},\"image\":{\"@id\":\"https:\\\/\\\/www.eldiariodetucuman.com\\\/web\\\/milei-celebro-el-numero-de-la-inflacion-de-junio-con-el-equipo-economico\\\/#primaryimage\"},\"thumbnailUrl\":\"https:\\\/\\\/www.eldiariodetucuman.com\\\/web\\\/wp-content\\\/uploads\\\/2025\\\/07\\\/la-foto-que-javier-milei-publico-en-su-cuenta-de-FZKNDHNOKVHEXDLF6DYCVDAEJY.jpeg\",\"articleSection\":[\"Politica\"],\"inLanguage\":\"es\"},{\"@type\":\"WebPage\",\"@id\":\"https:\\\/\\\/www.eldiariodetucuman.com\\\/web\\\/milei-celebro-el-numero-de-la-inflacion-de-junio-con-el-equipo-economico\\\/\",\"url\":\"https:\\\/\\\/www.eldiariodetucuman.com\\\/web\\\/milei-celebro-el-numero-de-la-inflacion-de-junio-con-el-equipo-economico\\\/\",\"name\":\"Milei celebr\u00f3 el n\u00famero de la inflaci\u00f3n de junio con el equipo econ\u00f3mico - El Diario de Tucuman\",\"isPartOf\":{\"@id\":\"https:\\\/\\\/www.eldiariodetucuman.com\\\/web\\\/#website\"},\"primaryImageOfPage\":{\"@id\":\"https:\\\/\\\/www.eldiariodetucuman.com\\\/web\\\/milei-celebro-el-numero-de-la-inflacion-de-junio-con-el-equipo-economico\\\/#primaryimage\"},\"image\":{\"@id\":\"https:\\\/\\\/www.eldiariodetucuman.com\\\/web\\\/milei-celebro-el-numero-de-la-inflacion-de-junio-con-el-equipo-economico\\\/#primaryimage\"},\"thumbnailUrl\":\"https:\\\/\\\/www.eldiariodetucuman.com\\\/web\\\/wp-content\\\/uploads\\\/2025\\\/07\\\/la-foto-que-javier-milei-publico-en-su-cuenta-de-FZKNDHNOKVHEXDLF6DYCVDAEJY.jpeg\",\"datePublished\":\"2025-07-14T23:28:30+00:00\",\"dateModified\":\"2025-07-14T23:28:32+00:00\",\"breadcrumb\":{\"@id\":\"https:\\\/\\\/www.eldiariodetucuman.com\\\/web\\\/milei-celebro-el-numero-de-la-inflacion-de-junio-con-el-equipo-economico\\\/#breadcrumb\"},\"inLanguage\":\"es\",\"potentialAction\":[{\"@type\":\"ReadAction\",\"target\":[\"https:\\\/\\\/www.eldiariodetucuman.com\\\/web\\\/milei-celebro-el-numero-de-la-inflacion-de-junio-con-el-equipo-economico\\\/\"]}]},{\"@type\":\"ImageObject\",\"inLanguage\":\"es\",\"@id\":\"https:\\\/\\\/www.eldiariodetucuman.com\\\/web\\\/milei-celebro-el-numero-de-la-inflacion-de-junio-con-el-equipo-economico\\\/#primaryimage\",\"url\":\"https:\\\/\\\/www.eldiariodetucuman.com\\\/web\\\/wp-content\\\/uploads\\\/2025\\\/07\\\/la-foto-que-javier-milei-publico-en-su-cuenta-de-FZKNDHNOKVHEXDLF6DYCVDAEJY.jpeg\",\"contentUrl\":\"https:\\\/\\\/www.eldiariodetucuman.com\\\/web\\\/wp-content\\\/uploads\\\/2025\\\/07\\\/la-foto-que-javier-milei-publico-en-su-cuenta-de-FZKNDHNOKVHEXDLF6DYCVDAEJY.jpeg\",\"width\":1200,\"height\":868},{\"@type\":\"BreadcrumbList\",\"@id\":\"https:\\\/\\\/www.eldiariodetucuman.com\\\/web\\\/milei-celebro-el-numero-de-la-inflacion-de-junio-con-el-equipo-economico\\\/#breadcrumb\",\"itemListElement\":[{\"@type\":\"ListItem\",\"position\":1,\"name\":\"Portada\",\"item\":\"https:\\\/\\\/www.eldiariodetucuman.com\\\/web\\\/\"},{\"@type\":\"ListItem\",\"position\":2,\"name\":\"Milei celebr\u00f3 el n\u00famero de la inflaci\u00f3n de junio con el equipo econ\u00f3mico\"}]},{\"@type\":\"WebSite\",\"@id\":\"https:\\\/\\\/www.eldiariodetucuman.com\\\/web\\\/#website\",\"url\":\"https:\\\/\\\/www.eldiariodetucuman.com\\\/web\\\/\",\"name\":\"El Diario de Tucuman\",\"description\":\"Diario Tucuman - Informaci\u00f3n y noticias\",\"publisher\":{\"@id\":\"https:\\\/\\\/www.eldiariodetucuman.com\\\/web\\\/#organization\"},\"potentialAction\":[{\"@type\":\"SearchAction\",\"target\":{\"@type\":\"EntryPoint\",\"urlTemplate\":\"https:\\\/\\\/www.eldiariodetucuman.com\\\/web\\\/?s={search_term_string}\"},\"query-input\":{\"@type\":\"PropertyValueSpecification\",\"valueRequired\":true,\"valueName\":\"search_term_string\"}}],\"inLanguage\":\"es\"},{\"@type\":\"Organization\",\"@id\":\"https:\\\/\\\/www.eldiariodetucuman.com\\\/web\\\/#organization\",\"name\":\"El Diario de Tucuman\",\"url\":\"https:\\\/\\\/www.eldiariodetucuman.com\\\/web\\\/\",\"logo\":{\"@type\":\"ImageObject\",\"inLanguage\":\"es\",\"@id\":\"https:\\\/\\\/www.eldiariodetucuman.com\\\/web\\\/#\\\/schema\\\/logo\\\/image\\\/\",\"url\":\"http:\\\/\\\/www.eldiariodetucuman.com\\\/web\\\/wp-content\\\/uploads\\\/2017\\\/12\\\/el-diario-de-tucuman.jpg\",\"contentUrl\":\"http:\\\/\\\/www.eldiariodetucuman.com\\\/web\\\/wp-content\\\/uploads\\\/2017\\\/12\\\/el-diario-de-tucuman.jpg\",\"width\":272,\"height\":92,\"caption\":\"El Diario de Tucuman\"},\"image\":{\"@id\":\"https:\\\/\\\/www.eldiariodetucuman.com\\\/web\\\/#\\\/schema\\\/logo\\\/image\\\/\"}},{\"@type\":\"Person\",\"@id\":\"https:\\\/\\\/www.eldiariodetucuman.com\\\/web\\\/#\\\/schema\\\/person\\\/7e6644a46e60888f6b868594407e08dd\",\"name\":\"Redactor Uno\",\"image\":{\"@type\":\"ImageObject\",\"inLanguage\":\"es\",\"@id\":\"https:\\\/\\\/secure.gravatar.com\\\/avatar\\\/0049b1bdf1bd548385c9ea6b9356431717930913089febd2ba904f0187d7d074?s=96&d=mm&r=g\",\"url\":\"https:\\\/\\\/secure.gravatar.com\\\/avatar\\\/0049b1bdf1bd548385c9ea6b9356431717930913089febd2ba904f0187d7d074?s=96&d=mm&r=g\",\"contentUrl\":\"https:\\\/\\\/secure.gravatar.com\\\/avatar\\\/0049b1bdf1bd548385c9ea6b9356431717930913089febd2ba904f0187d7d074?s=96&d=mm&r=g\",\"caption\":\"Redactor Uno\"},\"url\":\"https:\\\/\\\/www.eldiariodetucuman.com\\\/web\\\/author\\\/mramasco\\\/\"}]}<\/script>\n<!-- \/ Yoast SEO plugin. -->","yoast_head_json":{"title":"Milei celebr\u00f3 el n\u00famero de la inflaci\u00f3n de junio con el equipo econ\u00f3mico - El Diario de Tucuman","robots":{"index":"index","follow":"follow","max-snippet":"max-snippet:-1","max-image-preview":"max-image-preview:large","max-video-preview":"max-video-preview:-1"},"canonical":"https:\/\/www.eldiariodetucuman.com\/web\/milei-celebro-el-numero-de-la-inflacion-de-junio-con-el-equipo-economico\/","og_locale":"es_ES","og_type":"article","og_title":"Milei celebr\u00f3 el n\u00famero de la inflaci\u00f3n de junio con el equipo econ\u00f3mico - El Diario de Tucuman","og_description":"Por Javier Blanco El Gobierno convoc\u00f3 a una licitaci\u00f3n de deuda en pesos extraordinaria, fuera de cronograma, para ofrecerle a los bancos la posibilidad de recolocar los m\u00e1s de $10 billones que les quedaron \u201cboyando\u201d luego del final de las Letras Fiscales de Liquidez (LEFI). El objetivo: intentar que ese dinero estacione por entre 13 [&hellip;]","og_url":"https:\/\/www.eldiariodetucuman.com\/web\/milei-celebro-el-numero-de-la-inflacion-de-junio-con-el-equipo-economico\/","og_site_name":"El Diario de Tucuman","article_published_time":"2025-07-14T23:28:30+00:00","article_modified_time":"2025-07-14T23:28:32+00:00","og_image":[{"width":1200,"height":868,"url":"https:\/\/www.eldiariodetucuman.com\/web\/wp-content\/uploads\/2025\/07\/la-foto-que-javier-milei-publico-en-su-cuenta-de-FZKNDHNOKVHEXDLF6DYCVDAEJY.jpeg","type":"image\/jpeg"}],"author":"Redactor Uno","twitter_card":"summary_large_image","twitter_misc":{"Escrito por":"Redactor Uno","Tiempo de lectura":"24 minutos"},"schema":{"@context":"https:\/\/schema.org","@graph":[{"@type":"Article","@id":"https:\/\/www.eldiariodetucuman.com\/web\/milei-celebro-el-numero-de-la-inflacion-de-junio-con-el-equipo-economico\/#article","isPartOf":{"@id":"https:\/\/www.eldiariodetucuman.com\/web\/milei-celebro-el-numero-de-la-inflacion-de-junio-con-el-equipo-economico\/"},"author":{"name":"Redactor Uno","@id":"https:\/\/www.eldiariodetucuman.com\/web\/#\/schema\/person\/7e6644a46e60888f6b868594407e08dd"},"headline":"Milei celebr\u00f3 el n\u00famero de la inflaci\u00f3n de junio con el equipo econ\u00f3mico","datePublished":"2025-07-14T23:28:30+00:00","dateModified":"2025-07-14T23:28:32+00:00","mainEntityOfPage":{"@id":"https:\/\/www.eldiariodetucuman.com\/web\/milei-celebro-el-numero-de-la-inflacion-de-junio-con-el-equipo-economico\/"},"wordCount":4905,"publisher":{"@id":"https:\/\/www.eldiariodetucuman.com\/web\/#organization"},"image":{"@id":"https:\/\/www.eldiariodetucuman.com\/web\/milei-celebro-el-numero-de-la-inflacion-de-junio-con-el-equipo-economico\/#primaryimage"},"thumbnailUrl":"https:\/\/www.eldiariodetucuman.com\/web\/wp-content\/uploads\/2025\/07\/la-foto-que-javier-milei-publico-en-su-cuenta-de-FZKNDHNOKVHEXDLF6DYCVDAEJY.jpeg","articleSection":["Politica"],"inLanguage":"es"},{"@type":"WebPage","@id":"https:\/\/www.eldiariodetucuman.com\/web\/milei-celebro-el-numero-de-la-inflacion-de-junio-con-el-equipo-economico\/","url":"https:\/\/www.eldiariodetucuman.com\/web\/milei-celebro-el-numero-de-la-inflacion-de-junio-con-el-equipo-economico\/","name":"Milei celebr\u00f3 el n\u00famero de la inflaci\u00f3n de junio con el equipo econ\u00f3mico - El Diario de Tucuman","isPartOf":{"@id":"https:\/\/www.eldiariodetucuman.com\/web\/#website"},"primaryImageOfPage":{"@id":"https:\/\/www.eldiariodetucuman.com\/web\/milei-celebro-el-numero-de-la-inflacion-de-junio-con-el-equipo-economico\/#primaryimage"},"image":{"@id":"https:\/\/www.eldiariodetucuman.com\/web\/milei-celebro-el-numero-de-la-inflacion-de-junio-con-el-equipo-economico\/#primaryimage"},"thumbnailUrl":"https:\/\/www.eldiariodetucuman.com\/web\/wp-content\/uploads\/2025\/07\/la-foto-que-javier-milei-publico-en-su-cuenta-de-FZKNDHNOKVHEXDLF6DYCVDAEJY.jpeg","datePublished":"2025-07-14T23:28:30+00:00","dateModified":"2025-07-14T23:28:32+00:00","breadcrumb":{"@id":"https:\/\/www.eldiariodetucuman.com\/web\/milei-celebro-el-numero-de-la-inflacion-de-junio-con-el-equipo-economico\/#breadcrumb"},"inLanguage":"es","potentialAction":[{"@type":"ReadAction","target":["https:\/\/www.eldiariodetucuman.com\/web\/milei-celebro-el-numero-de-la-inflacion-de-junio-con-el-equipo-economico\/"]}]},{"@type":"ImageObject","inLanguage":"es","@id":"https:\/\/www.eldiariodetucuman.com\/web\/milei-celebro-el-numero-de-la-inflacion-de-junio-con-el-equipo-economico\/#primaryimage","url":"https:\/\/www.eldiariodetucuman.com\/web\/wp-content\/uploads\/2025\/07\/la-foto-que-javier-milei-publico-en-su-cuenta-de-FZKNDHNOKVHEXDLF6DYCVDAEJY.jpeg","contentUrl":"https:\/\/www.eldiariodetucuman.com\/web\/wp-content\/uploads\/2025\/07\/la-foto-que-javier-milei-publico-en-su-cuenta-de-FZKNDHNOKVHEXDLF6DYCVDAEJY.jpeg","width":1200,"height":868},{"@type":"BreadcrumbList","@id":"https:\/\/www.eldiariodetucuman.com\/web\/milei-celebro-el-numero-de-la-inflacion-de-junio-con-el-equipo-economico\/#breadcrumb","itemListElement":[{"@type":"ListItem","position":1,"name":"Portada","item":"https:\/\/www.eldiariodetucuman.com\/web\/"},{"@type":"ListItem","position":2,"name":"Milei celebr\u00f3 el n\u00famero de la inflaci\u00f3n de junio con el equipo econ\u00f3mico"}]},{"@type":"WebSite","@id":"https:\/\/www.eldiariodetucuman.com\/web\/#website","url":"https:\/\/www.eldiariodetucuman.com\/web\/","name":"El Diario de Tucuman","description":"Diario Tucuman - Informaci\u00f3n y noticias","publisher":{"@id":"https:\/\/www.eldiariodetucuman.com\/web\/#organization"},"potentialAction":[{"@type":"SearchAction","target":{"@type":"EntryPoint","urlTemplate":"https:\/\/www.eldiariodetucuman.com\/web\/?s={search_term_string}"},"query-input":{"@type":"PropertyValueSpecification","valueRequired":true,"valueName":"search_term_string"}}],"inLanguage":"es"},{"@type":"Organization","@id":"https:\/\/www.eldiariodetucuman.com\/web\/#organization","name":"El Diario de Tucuman","url":"https:\/\/www.eldiariodetucuman.com\/web\/","logo":{"@type":"ImageObject","inLanguage":"es","@id":"https:\/\/www.eldiariodetucuman.com\/web\/#\/schema\/logo\/image\/","url":"http:\/\/www.eldiariodetucuman.com\/web\/wp-content\/uploads\/2017\/12\/el-diario-de-tucuman.jpg","contentUrl":"http:\/\/www.eldiariodetucuman.com\/web\/wp-content\/uploads\/2017\/12\/el-diario-de-tucuman.jpg","width":272,"height":92,"caption":"El Diario de Tucuman"},"image":{"@id":"https:\/\/www.eldiariodetucuman.com\/web\/#\/schema\/logo\/image\/"}},{"@type":"Person","@id":"https:\/\/www.eldiariodetucuman.com\/web\/#\/schema\/person\/7e6644a46e60888f6b868594407e08dd","name":"Redactor Uno","image":{"@type":"ImageObject","inLanguage":"es","@id":"https:\/\/secure.gravatar.com\/avatar\/0049b1bdf1bd548385c9ea6b9356431717930913089febd2ba904f0187d7d074?s=96&d=mm&r=g","url":"https:\/\/secure.gravatar.com\/avatar\/0049b1bdf1bd548385c9ea6b9356431717930913089febd2ba904f0187d7d074?s=96&d=mm&r=g","contentUrl":"https:\/\/secure.gravatar.com\/avatar\/0049b1bdf1bd548385c9ea6b9356431717930913089febd2ba904f0187d7d074?s=96&d=mm&r=g","caption":"Redactor Uno"},"url":"https:\/\/www.eldiariodetucuman.com\/web\/author\/mramasco\/"}]}},"_links":{"self":[{"href":"https:\/\/www.eldiariodetucuman.com\/web\/wp-json\/wp\/v2\/posts\/45060","targetHints":{"allow":["GET"]}}],"collection":[{"href":"https:\/\/www.eldiariodetucuman.com\/web\/wp-json\/wp\/v2\/posts"}],"about":[{"href":"https:\/\/www.eldiariodetucuman.com\/web\/wp-json\/wp\/v2\/types\/post"}],"author":[{"embeddable":true,"href":"https:\/\/www.eldiariodetucuman.com\/web\/wp-json\/wp\/v2\/users\/5"}],"replies":[{"embeddable":true,"href":"https:\/\/www.eldiariodetucuman.com\/web\/wp-json\/wp\/v2\/comments?post=45060"}],"version-history":[{"count":1,"href":"https:\/\/www.eldiariodetucuman.com\/web\/wp-json\/wp\/v2\/posts\/45060\/revisions"}],"predecessor-version":[{"id":45062,"href":"https:\/\/www.eldiariodetucuman.com\/web\/wp-json\/wp\/v2\/posts\/45060\/revisions\/45062"}],"wp:featuredmedia":[{"embeddable":true,"href":"https:\/\/www.eldiariodetucuman.com\/web\/wp-json\/wp\/v2\/media\/45061"}],"wp:attachment":[{"href":"https:\/\/www.eldiariodetucuman.com\/web\/wp-json\/wp\/v2\/media?parent=45060"}],"wp:term":[{"taxonomy":"category","embeddable":true,"href":"https:\/\/www.eldiariodetucuman.com\/web\/wp-json\/wp\/v2\/categories?post=45060"},{"taxonomy":"post_tag","embeddable":true,"href":"https:\/\/www.eldiariodetucuman.com\/web\/wp-json\/wp\/v2\/tags?post=45060"}],"curies":[{"name":"wp","href":"https:\/\/api.w.org\/{rel}","templated":true}]}}