{"id":45056,"date":"2025-07-14T19:41:53","date_gmt":"2025-07-14T22:41:53","guid":{"rendered":"https:\/\/www.eldiariodetucuman.com\/web\/turistas-recorrieron-la-casa-de-gobierno\/"},"modified":"2025-07-14T19:41:53","modified_gmt":"2025-07-14T22:41:53","slug":"turistas-recorrieron-la-casa-de-gobierno","status":"publish","type":"post","link":"https:\/\/www.eldiariodetucuman.com\/web\/turistas-recorrieron-la-casa-de-gobierno\/","title":{"rendered":"Turistas recorrieron la Casa de Gobierno"},"content":{"rendered":"<p><\/p>\n<p>Turistas de las provincias de Santa Fe, C\u00f3rdoba, Misiones\u00a0y Uruguay&#13;<br \/>\nrecorrieron el centro de hist\u00f3rico de San Miguel de Tucum\u00e1n e hicieron la tradicional visita a la Casa de Gobierno y su Sal\u00f3n Blanco. All\u00ed, fueron recibidos por el ministro de Gobierno y Justicia, <strong>Regino Amado, <\/strong>y conocieron la historia del palacio gubernamental.<\/p>\n<\/p>\n<p><strong>Visitantes:<\/strong><\/p>\n<p><strong>Gustavo, <\/strong>oriundo de Cosqu\u00edn y radicado en Reconquista, Santa Fe, visit\u00f3 por tercera vez Tucum\u00e1n. \u201cMe qued\u00e9 impactado al conocer por primera vez el Sal\u00f3n Blanco de la Casa de Gobierno.&#13;<br \/>\n. La verdad es que es hermoso, hermoso\u201d, expres\u00f3 emocionado.<\/p>\n<p>Su primera visita fue con la escuela en 1981 y regres\u00f3 en 2010 por trabajo. Esta vez, lleg\u00f3 como turista: \u201cDe ac\u00e1 a la Catedral y despu\u00e9s del almuerzo a Taf\u00ed del Valle\u201d, cont\u00f3 sobre su recorrido.<\/p>\n<p data-end=\"273\" data-start=\"144\"><strong>Alicia Noem\u00ed Winslet,<\/strong> de Posadas, Misiones, visit\u00f3 Tucum\u00e1n por primera vez junto a su hija y qued\u00f3 emocionada por la experiencia. Al recorrer el Sal\u00f3n Blanco, no dud\u00f3 en elogiarlo<strong\/>: \u201ces una obra de arte\u00bb.<\/p>\n<\/p>\n<p>Fuente: <a href=\"https:\/\/www.comunicaciontucuman.gob.ar\/noticia\/gobernacion\/235711\/turistas-recorrieron-casa-gobierno\"> Fuente de la nota <\/a><\/p>\n","protected":false},"excerpt":{"rendered":"<p>Turistas de las provincias de Santa Fe, C\u00f3rdoba, Misiones\u00a0y Uruguay&#13; recorrieron el centro de hist\u00f3rico de San Miguel de Tucum\u00e1n e hicieron la tradicional visita a la Casa de Gobierno y su Sal\u00f3n Blanco. All\u00ed, fueron recibidos por el ministro de Gobierno y Justicia, Regino Amado, y conocieron la historia del palacio gubernamental. Visitantes: Gustavo, [&hellip;]<\/p>\n","protected":false},"author":1,"featured_media":45057,"comment_status":"closed","ping_status":"open","sticky":false,"template":"","format":"standard","meta":{"footnotes":""},"categories":[3],"tags":[],"class_list":{"0":"post-45056","1":"post","2":"type-post","3":"status-publish","4":"format-standard","5":"has-post-thumbnail","7":"category-politica"},"yoast_head":"<!-- This site is optimized with the Yoast SEO plugin v27.4 - https:\/\/yoast.com\/product\/yoast-seo-wordpress\/ -->\n<title>Turistas recorrieron la Casa de Gobierno - El Diario de Tucuman<\/title>\n<meta name=\"robots\" content=\"index, follow, max-snippet:-1, max-image-preview:large, max-video-preview:-1\" \/>\n<link rel=\"canonical\" href=\"https:\/\/www.eldiariodetucuman.com\/web\/turistas-recorrieron-la-casa-de-gobierno\/\" \/>\n<meta property=\"og:locale\" content=\"es_ES\" \/>\n<meta property=\"og:type\" content=\"article\" \/>\n<meta property=\"og:title\" content=\"Turistas recorrieron la Casa de Gobierno - El Diario de Tucuman\" \/>\n<meta property=\"og:description\" content=\"Turistas de las provincias de Santa Fe, C\u00f3rdoba, Misiones\u00a0y Uruguay&#013; recorrieron el centro de hist\u00f3rico de San Miguel de Tucum\u00e1n e hicieron la tradicional visita a la Casa de Gobierno y su Sal\u00f3n Blanco. All\u00ed, fueron recibidos por el ministro de Gobierno y Justicia, Regino Amado, y conocieron la historia del palacio gubernamental. Visitantes: Gustavo, [&hellip;]\" \/>\n<meta property=\"og:url\" content=\"https:\/\/www.eldiariodetucuman.com\/web\/turistas-recorrieron-la-casa-de-gobierno\/\" \/>\n<meta property=\"og:site_name\" content=\"El Diario de Tucuman\" \/>\n<meta property=\"article:published_time\" content=\"2025-07-14T22:41:53+00:00\" \/>\n<meta name=\"author\" content=\"admin\" \/>\n<meta name=\"twitter:card\" content=\"summary_large_image\" \/>\n<meta name=\"twitter:label1\" content=\"Escrito por\" \/>\n\t<meta name=\"twitter:data1\" content=\"admin\" \/>\n\t<meta name=\"twitter:label2\" content=\"Tiempo de lectura\" \/>\n\t<meta name=\"twitter:data2\" content=\"1 minuto\" \/>\n<script type=\"application\/ld+json\" class=\"yoast-schema-graph\">{\"@context\":\"https:\\\/\\\/schema.org\",\"@graph\":[{\"@type\":\"Article\",\"@id\":\"https:\\\/\\\/www.eldiariodetucuman.com\\\/web\\\/turistas-recorrieron-la-casa-de-gobierno\\\/#article\",\"isPartOf\":{\"@id\":\"https:\\\/\\\/www.eldiariodetucuman.com\\\/web\\\/turistas-recorrieron-la-casa-de-gobierno\\\/\"},\"author\":{\"name\":\"admin\",\"@id\":\"https:\\\/\\\/www.eldiariodetucuman.com\\\/web\\\/#\\\/schema\\\/person\\\/9250197d75ab5483412e19678b121caa\"},\"headline\":\"Turistas recorrieron la Casa de Gobierno\",\"datePublished\":\"2025-07-14T22:41:53+00:00\",\"mainEntityOfPage\":{\"@id\":\"https:\\\/\\\/www.eldiariodetucuman.com\\\/web\\\/turistas-recorrieron-la-casa-de-gobierno\\\/\"},\"wordCount\":186,\"publisher\":{\"@id\":\"https:\\\/\\\/www.eldiariodetucuman.com\\\/web\\\/#organization\"},\"image\":{\"@id\":\"https:\\\/\\\/www.eldiariodetucuman.com\\\/web\\\/turistas-recorrieron-la-casa-de-gobierno\\\/#primaryimage\"},\"thumbnailUrl\":\"https:\\\/\\\/www.eldiariodetucuman.com\\\/web\\\/wp-content\\\/uploads\\\/2025\\\/07\\\/Turistas-recorrieron-la-Casa-de-Gobierno.jpeg\",\"articleSection\":[\"Politica\"],\"inLanguage\":\"es\"},{\"@type\":\"WebPage\",\"@id\":\"https:\\\/\\\/www.eldiariodetucuman.com\\\/web\\\/turistas-recorrieron-la-casa-de-gobierno\\\/\",\"url\":\"https:\\\/\\\/www.eldiariodetucuman.com\\\/web\\\/turistas-recorrieron-la-casa-de-gobierno\\\/\",\"name\":\"Turistas recorrieron la Casa de Gobierno - El Diario de Tucuman\",\"isPartOf\":{\"@id\":\"https:\\\/\\\/www.eldiariodetucuman.com\\\/web\\\/#website\"},\"primaryImageOfPage\":{\"@id\":\"https:\\\/\\\/www.eldiariodetucuman.com\\\/web\\\/turistas-recorrieron-la-casa-de-gobierno\\\/#primaryimage\"},\"image\":{\"@id\":\"https:\\\/\\\/www.eldiariodetucuman.com\\\/web\\\/turistas-recorrieron-la-casa-de-gobierno\\\/#primaryimage\"},\"thumbnailUrl\":\"https:\\\/\\\/www.eldiariodetucuman.com\\\/web\\\/wp-content\\\/uploads\\\/2025\\\/07\\\/Turistas-recorrieron-la-Casa-de-Gobierno.jpeg\",\"datePublished\":\"2025-07-14T22:41:53+00:00\",\"breadcrumb\":{\"@id\":\"https:\\\/\\\/www.eldiariodetucuman.com\\\/web\\\/turistas-recorrieron-la-casa-de-gobierno\\\/#breadcrumb\"},\"inLanguage\":\"es\",\"potentialAction\":[{\"@type\":\"ReadAction\",\"target\":[\"https:\\\/\\\/www.eldiariodetucuman.com\\\/web\\\/turistas-recorrieron-la-casa-de-gobierno\\\/\"]}]},{\"@type\":\"ImageObject\",\"inLanguage\":\"es\",\"@id\":\"https:\\\/\\\/www.eldiariodetucuman.com\\\/web\\\/turistas-recorrieron-la-casa-de-gobierno\\\/#primaryimage\",\"url\":\"https:\\\/\\\/www.eldiariodetucuman.com\\\/web\\\/wp-content\\\/uploads\\\/2025\\\/07\\\/Turistas-recorrieron-la-Casa-de-Gobierno.jpeg\",\"contentUrl\":\"https:\\\/\\\/www.eldiariodetucuman.com\\\/web\\\/wp-content\\\/uploads\\\/2025\\\/07\\\/Turistas-recorrieron-la-Casa-de-Gobierno.jpeg\",\"width\":818,\"height\":460},{\"@type\":\"BreadcrumbList\",\"@id\":\"https:\\\/\\\/www.eldiariodetucuman.com\\\/web\\\/turistas-recorrieron-la-casa-de-gobierno\\\/#breadcrumb\",\"itemListElement\":[{\"@type\":\"ListItem\",\"position\":1,\"name\":\"Portada\",\"item\":\"https:\\\/\\\/www.eldiariodetucuman.com\\\/web\\\/\"},{\"@type\":\"ListItem\",\"position\":2,\"name\":\"Turistas recorrieron la Casa de Gobierno\"}]},{\"@type\":\"WebSite\",\"@id\":\"https:\\\/\\\/www.eldiariodetucuman.com\\\/web\\\/#website\",\"url\":\"https:\\\/\\\/www.eldiariodetucuman.com\\\/web\\\/\",\"name\":\"El Diario de Tucuman\",\"description\":\"Diario Tucuman - Informaci\u00f3n y noticias\",\"publisher\":{\"@id\":\"https:\\\/\\\/www.eldiariodetucuman.com\\\/web\\\/#organization\"},\"potentialAction\":[{\"@type\":\"SearchAction\",\"target\":{\"@type\":\"EntryPoint\",\"urlTemplate\":\"https:\\\/\\\/www.eldiariodetucuman.com\\\/web\\\/?s={search_term_string}\"},\"query-input\":{\"@type\":\"PropertyValueSpecification\",\"valueRequired\":true,\"valueName\":\"search_term_string\"}}],\"inLanguage\":\"es\"},{\"@type\":\"Organization\",\"@id\":\"https:\\\/\\\/www.eldiariodetucuman.com\\\/web\\\/#organization\",\"name\":\"El Diario de Tucuman\",\"url\":\"https:\\\/\\\/www.eldiariodetucuman.com\\\/web\\\/\",\"logo\":{\"@type\":\"ImageObject\",\"inLanguage\":\"es\",\"@id\":\"https:\\\/\\\/www.eldiariodetucuman.com\\\/web\\\/#\\\/schema\\\/logo\\\/image\\\/\",\"url\":\"http:\\\/\\\/www.eldiariodetucuman.com\\\/web\\\/wp-content\\\/uploads\\\/2017\\\/12\\\/el-diario-de-tucuman.jpg\",\"contentUrl\":\"http:\\\/\\\/www.eldiariodetucuman.com\\\/web\\\/wp-content\\\/uploads\\\/2017\\\/12\\\/el-diario-de-tucuman.jpg\",\"width\":272,\"height\":92,\"caption\":\"El Diario de Tucuman\"},\"image\":{\"@id\":\"https:\\\/\\\/www.eldiariodetucuman.com\\\/web\\\/#\\\/schema\\\/logo\\\/image\\\/\"}},{\"@type\":\"Person\",\"@id\":\"https:\\\/\\\/www.eldiariodetucuman.com\\\/web\\\/#\\\/schema\\\/person\\\/9250197d75ab5483412e19678b121caa\",\"name\":\"admin\",\"image\":{\"@type\":\"ImageObject\",\"inLanguage\":\"es\",\"@id\":\"https:\\\/\\\/secure.gravatar.com\\\/avatar\\\/c44d117c2be811212c22cb481f6b8384b6873de103fbc49e7a03cc58d7dea4ac?s=96&d=mm&r=g\",\"url\":\"https:\\\/\\\/secure.gravatar.com\\\/avatar\\\/c44d117c2be811212c22cb481f6b8384b6873de103fbc49e7a03cc58d7dea4ac?s=96&d=mm&r=g\",\"contentUrl\":\"https:\\\/\\\/secure.gravatar.com\\\/avatar\\\/c44d117c2be811212c22cb481f6b8384b6873de103fbc49e7a03cc58d7dea4ac?s=96&d=mm&r=g\",\"caption\":\"admin\"},\"url\":\"https:\\\/\\\/www.eldiariodetucuman.com\\\/web\\\/author\\\/admin\\\/\"}]}<\/script>\n<!-- \/ Yoast SEO plugin. -->","yoast_head_json":{"title":"Turistas recorrieron la Casa de Gobierno - El Diario de Tucuman","robots":{"index":"index","follow":"follow","max-snippet":"max-snippet:-1","max-image-preview":"max-image-preview:large","max-video-preview":"max-video-preview:-1"},"canonical":"https:\/\/www.eldiariodetucuman.com\/web\/turistas-recorrieron-la-casa-de-gobierno\/","og_locale":"es_ES","og_type":"article","og_title":"Turistas recorrieron la Casa de Gobierno - El Diario de Tucuman","og_description":"Turistas de las provincias de Santa Fe, C\u00f3rdoba, Misiones\u00a0y Uruguay&#13; recorrieron el centro de hist\u00f3rico de San Miguel de Tucum\u00e1n e hicieron la tradicional visita a la Casa de Gobierno y su Sal\u00f3n Blanco. All\u00ed, fueron recibidos por el ministro de Gobierno y Justicia, Regino Amado, y conocieron la historia del palacio gubernamental. Visitantes: Gustavo, [&hellip;]","og_url":"https:\/\/www.eldiariodetucuman.com\/web\/turistas-recorrieron-la-casa-de-gobierno\/","og_site_name":"El Diario de Tucuman","article_published_time":"2025-07-14T22:41:53+00:00","author":"admin","twitter_card":"summary_large_image","twitter_misc":{"Escrito por":"admin","Tiempo de lectura":"1 minuto"},"schema":{"@context":"https:\/\/schema.org","@graph":[{"@type":"Article","@id":"https:\/\/www.eldiariodetucuman.com\/web\/turistas-recorrieron-la-casa-de-gobierno\/#article","isPartOf":{"@id":"https:\/\/www.eldiariodetucuman.com\/web\/turistas-recorrieron-la-casa-de-gobierno\/"},"author":{"name":"admin","@id":"https:\/\/www.eldiariodetucuman.com\/web\/#\/schema\/person\/9250197d75ab5483412e19678b121caa"},"headline":"Turistas recorrieron la Casa de Gobierno","datePublished":"2025-07-14T22:41:53+00:00","mainEntityOfPage":{"@id":"https:\/\/www.eldiariodetucuman.com\/web\/turistas-recorrieron-la-casa-de-gobierno\/"},"wordCount":186,"publisher":{"@id":"https:\/\/www.eldiariodetucuman.com\/web\/#organization"},"image":{"@id":"https:\/\/www.eldiariodetucuman.com\/web\/turistas-recorrieron-la-casa-de-gobierno\/#primaryimage"},"thumbnailUrl":"https:\/\/www.eldiariodetucuman.com\/web\/wp-content\/uploads\/2025\/07\/Turistas-recorrieron-la-Casa-de-Gobierno.jpeg","articleSection":["Politica"],"inLanguage":"es"},{"@type":"WebPage","@id":"https:\/\/www.eldiariodetucuman.com\/web\/turistas-recorrieron-la-casa-de-gobierno\/","url":"https:\/\/www.eldiariodetucuman.com\/web\/turistas-recorrieron-la-casa-de-gobierno\/","name":"Turistas recorrieron la Casa de Gobierno - El Diario de Tucuman","isPartOf":{"@id":"https:\/\/www.eldiariodetucuman.com\/web\/#website"},"primaryImageOfPage":{"@id":"https:\/\/www.eldiariodetucuman.com\/web\/turistas-recorrieron-la-casa-de-gobierno\/#primaryimage"},"image":{"@id":"https:\/\/www.eldiariodetucuman.com\/web\/turistas-recorrieron-la-casa-de-gobierno\/#primaryimage"},"thumbnailUrl":"https:\/\/www.eldiariodetucuman.com\/web\/wp-content\/uploads\/2025\/07\/Turistas-recorrieron-la-Casa-de-Gobierno.jpeg","datePublished":"2025-07-14T22:41:53+00:00","breadcrumb":{"@id":"https:\/\/www.eldiariodetucuman.com\/web\/turistas-recorrieron-la-casa-de-gobierno\/#breadcrumb"},"inLanguage":"es","potentialAction":[{"@type":"ReadAction","target":["https:\/\/www.eldiariodetucuman.com\/web\/turistas-recorrieron-la-casa-de-gobierno\/"]}]},{"@type":"ImageObject","inLanguage":"es","@id":"https:\/\/www.eldiariodetucuman.com\/web\/turistas-recorrieron-la-casa-de-gobierno\/#primaryimage","url":"https:\/\/www.eldiariodetucuman.com\/web\/wp-content\/uploads\/2025\/07\/Turistas-recorrieron-la-Casa-de-Gobierno.jpeg","contentUrl":"https:\/\/www.eldiariodetucuman.com\/web\/wp-content\/uploads\/2025\/07\/Turistas-recorrieron-la-Casa-de-Gobierno.jpeg","width":818,"height":460},{"@type":"BreadcrumbList","@id":"https:\/\/www.eldiariodetucuman.com\/web\/turistas-recorrieron-la-casa-de-gobierno\/#breadcrumb","itemListElement":[{"@type":"ListItem","position":1,"name":"Portada","item":"https:\/\/www.eldiariodetucuman.com\/web\/"},{"@type":"ListItem","position":2,"name":"Turistas recorrieron la Casa de Gobierno"}]},{"@type":"WebSite","@id":"https:\/\/www.eldiariodetucuman.com\/web\/#website","url":"https:\/\/www.eldiariodetucuman.com\/web\/","name":"El Diario de Tucuman","description":"Diario Tucuman - Informaci\u00f3n y noticias","publisher":{"@id":"https:\/\/www.eldiariodetucuman.com\/web\/#organization"},"potentialAction":[{"@type":"SearchAction","target":{"@type":"EntryPoint","urlTemplate":"https:\/\/www.eldiariodetucuman.com\/web\/?s={search_term_string}"},"query-input":{"@type":"PropertyValueSpecification","valueRequired":true,"valueName":"search_term_string"}}],"inLanguage":"es"},{"@type":"Organization","@id":"https:\/\/www.eldiariodetucuman.com\/web\/#organization","name":"El Diario de Tucuman","url":"https:\/\/www.eldiariodetucuman.com\/web\/","logo":{"@type":"ImageObject","inLanguage":"es","@id":"https:\/\/www.eldiariodetucuman.com\/web\/#\/schema\/logo\/image\/","url":"http:\/\/www.eldiariodetucuman.com\/web\/wp-content\/uploads\/2017\/12\/el-diario-de-tucuman.jpg","contentUrl":"http:\/\/www.eldiariodetucuman.com\/web\/wp-content\/uploads\/2017\/12\/el-diario-de-tucuman.jpg","width":272,"height":92,"caption":"El Diario de Tucuman"},"image":{"@id":"https:\/\/www.eldiariodetucuman.com\/web\/#\/schema\/logo\/image\/"}},{"@type":"Person","@id":"https:\/\/www.eldiariodetucuman.com\/web\/#\/schema\/person\/9250197d75ab5483412e19678b121caa","name":"admin","image":{"@type":"ImageObject","inLanguage":"es","@id":"https:\/\/secure.gravatar.com\/avatar\/c44d117c2be811212c22cb481f6b8384b6873de103fbc49e7a03cc58d7dea4ac?s=96&d=mm&r=g","url":"https:\/\/secure.gravatar.com\/avatar\/c44d117c2be811212c22cb481f6b8384b6873de103fbc49e7a03cc58d7dea4ac?s=96&d=mm&r=g","contentUrl":"https:\/\/secure.gravatar.com\/avatar\/c44d117c2be811212c22cb481f6b8384b6873de103fbc49e7a03cc58d7dea4ac?s=96&d=mm&r=g","caption":"admin"},"url":"https:\/\/www.eldiariodetucuman.com\/web\/author\/admin\/"}]}},"_links":{"self":[{"href":"https:\/\/www.eldiariodetucuman.com\/web\/wp-json\/wp\/v2\/posts\/45056","targetHints":{"allow":["GET"]}}],"collection":[{"href":"https:\/\/www.eldiariodetucuman.com\/web\/wp-json\/wp\/v2\/posts"}],"about":[{"href":"https:\/\/www.eldiariodetucuman.com\/web\/wp-json\/wp\/v2\/types\/post"}],"author":[{"embeddable":true,"href":"https:\/\/www.eldiariodetucuman.com\/web\/wp-json\/wp\/v2\/users\/1"}],"replies":[{"embeddable":true,"href":"https:\/\/www.eldiariodetucuman.com\/web\/wp-json\/wp\/v2\/comments?post=45056"}],"version-history":[{"count":0,"href":"https:\/\/www.eldiariodetucuman.com\/web\/wp-json\/wp\/v2\/posts\/45056\/revisions"}],"wp:featuredmedia":[{"embeddable":true,"href":"https:\/\/www.eldiariodetucuman.com\/web\/wp-json\/wp\/v2\/media\/45057"}],"wp:attachment":[{"href":"https:\/\/www.eldiariodetucuman.com\/web\/wp-json\/wp\/v2\/media?parent=45056"}],"wp:term":[{"taxonomy":"category","embeddable":true,"href":"https:\/\/www.eldiariodetucuman.com\/web\/wp-json\/wp\/v2\/categories?post=45056"},{"taxonomy":"post_tag","embeddable":true,"href":"https:\/\/www.eldiariodetucuman.com\/web\/wp-json\/wp\/v2\/tags?post=45056"}],"curies":[{"name":"wp","href":"https:\/\/api.w.org\/{rel}","templated":true}]}}