{"id":45052,"date":"2025-07-14T13:59:24","date_gmt":"2025-07-14T16:59:24","guid":{"rendered":"https:\/\/www.eldiariodetucuman.com\/web\/se-conocera-la-inflacion-de-junio-habra-registrado-el-indec-un-pequeno-rebote\/"},"modified":"2025-07-14T13:59:24","modified_gmt":"2025-07-14T16:59:24","slug":"se-conocera-la-inflacion-de-junio-habra-registrado-el-indec-un-pequeno-rebote","status":"publish","type":"post","link":"https:\/\/www.eldiariodetucuman.com\/web\/se-conocera-la-inflacion-de-junio-habra-registrado-el-indec-un-pequeno-rebote\/","title":{"rendered":"Se conocer\u00e1 la inflaci\u00f3n de junio: \u00bfhabr\u00e1 registrado el INDEC un peque\u00f1o rebote?"},"content":{"rendered":"<p><\/p>\n<p>Seg\u00fan las consultoras privadas, el sexto mes del a\u00f1o dej\u00f3 un alza de precios del 1,8%, contra el 1,5% de mayo.<\/p>\n<p>El Instituto Nacional de Estad\u00edstica y Censos (Indec) dar\u00e1 a conocer el lunes la variaci\u00f3n del\u00a0<strong>\u00cdndice de Precios al Consumidor de junio\u00a0<\/strong>que, seg\u00fan las consultoras privadas,\u00a0<strong>habr\u00eda alcanzado el 1,8%<\/strong>. De confirmarse el pron\u00f3stico del Relevamiento de Expectativas del Mercado (REM) que realiza todos los meses el Banco Central, se colocar\u00eda por encima del 1,5% de mayo, el menor registro de los \u00faltimos cinco a\u00f1os.<\/p>\n<p>El propio presidente\u00a0<strong>Javier Milei asegur\u00f3 la semana pasada que el descenso de la inflaci\u00f3n\u00a0<\/strong>\u201cno ser\u00e1 un movimiento rectil\u00edneo, sino m\u00e1s bien en forma de \u2018serrucho\u2019 pero tendiendo hacia la baja\u201d.<\/p>\n<p>Seg\u00fan anticip\u00f3\u00a0<strong>C&amp;T Asesores Econ\u00f3micos<\/strong>, en base a su relevamiento de precios minoristas para el Gran Buenos Aires (GBA),\u00a0<strong>el alza de precios en junio fue del 2%<\/strong>, cifra que coincidi\u00f3 con el pron\u00f3stico de la consultora Equilibra.<\/p>\n<p>Seg\u00fan estas estimaciones, los precios de los alimentos y bebidas, junto con el de los servicios y bienes regulados, impulsaron la suba del \u00edndice, mientras que otros servicios, compensaron en t\u00e9rminos estad\u00edsticos, hacia la baja.<\/p>\n<p>Un escal\u00f3n m\u00e1s abajo se ubic\u00f3\u00a0<strong>Orlando Ferreres, con el 1,9%<\/strong>, y m\u00e1s abajo del promedio,<strong>\u00a0con el 1,7%, se ubic\u00f3 la estimaci\u00f3n de la consultora Analytica,<\/strong>\u00a0que tambi\u00e9n puso como centro del incremento, el alza en alimentos y bebidas.<\/p>\n<p>Un antecedente de que la desaceleraci\u00f3n de la inflaci\u00f3n se tom\u00f3 \u201cun respiro\u201d en junio la dio\u00a0<strong>la Direcci\u00f3n de Estad\u00edsticas de la Ciudad de Buenos Aires, que registr\u00f3 un aumento de precios del 2,1% en junio<\/strong>,\u00a0por encima del 1,6% en mayo.<\/p>\n<p>Mientras tanto, el ministro de Econom\u00eda,\u00a0<strong>Luis Caputo<\/strong>\u00a0asegur\u00f3 el viernes que \u201ccon este gobierno, que evit\u00f3 el infierno hiperinflacionario que nos hab\u00edan plantado no nos desviaremos nunca del rumbo\u201d de tener super\u00e1vit fiscal, para evitar la suba de precios.<\/p>\n<p>DATACLAVE<\/p>\n<p>Fuente: <a href=\"https:\/\/tucuman24.com\/nota\/185618\/se-conocera-la-inflacion-de-junio-habra-registrado-el-indec-un-pequeno-rebote.html\"> Fuente de la nota <\/a><\/p>\n","protected":false},"excerpt":{"rendered":"<p>Seg\u00fan las consultoras privadas, el sexto mes del a\u00f1o dej\u00f3 un alza de precios del 1,8%, contra el 1,5% de mayo. El Instituto Nacional de Estad\u00edstica y Censos (Indec) dar\u00e1 a conocer el lunes la variaci\u00f3n del\u00a0\u00cdndice de Precios al Consumidor de junio\u00a0que, seg\u00fan las consultoras privadas,\u00a0habr\u00eda alcanzado el 1,8%. De confirmarse el pron\u00f3stico del [&hellip;]<\/p>\n","protected":false},"author":1,"featured_media":45053,"comment_status":"closed","ping_status":"open","sticky":false,"template":"","format":"standard","meta":{"footnotes":""},"categories":[2],"tags":[],"class_list":{"0":"post-45052","1":"post","2":"type-post","3":"status-publish","4":"format-standard","5":"has-post-thumbnail","7":"category-actualidad"},"yoast_head":"<!-- This site is optimized with the Yoast SEO plugin v27.4 - https:\/\/yoast.com\/product\/yoast-seo-wordpress\/ -->\n<title>Se conocer\u00e1 la inflaci\u00f3n de junio: \u00bfhabr\u00e1 registrado el INDEC un peque\u00f1o rebote? - El Diario de Tucuman<\/title>\n<meta name=\"robots\" content=\"index, follow, max-snippet:-1, max-image-preview:large, max-video-preview:-1\" \/>\n<link rel=\"canonical\" href=\"https:\/\/www.eldiariodetucuman.com\/web\/se-conocera-la-inflacion-de-junio-habra-registrado-el-indec-un-pequeno-rebote\/\" \/>\n<meta property=\"og:locale\" content=\"es_ES\" \/>\n<meta property=\"og:type\" content=\"article\" \/>\n<meta property=\"og:title\" content=\"Se conocer\u00e1 la inflaci\u00f3n de junio: \u00bfhabr\u00e1 registrado el INDEC un peque\u00f1o rebote? - El Diario de Tucuman\" \/>\n<meta property=\"og:description\" content=\"Seg\u00fan las consultoras privadas, el sexto mes del a\u00f1o dej\u00f3 un alza de precios del 1,8%, contra el 1,5% de mayo. El Instituto Nacional de Estad\u00edstica y Censos (Indec) dar\u00e1 a conocer el lunes la variaci\u00f3n del\u00a0\u00cdndice de Precios al Consumidor de junio\u00a0que, seg\u00fan las consultoras privadas,\u00a0habr\u00eda alcanzado el 1,8%. De confirmarse el pron\u00f3stico del [&hellip;]\" \/>\n<meta property=\"og:url\" content=\"https:\/\/www.eldiariodetucuman.com\/web\/se-conocera-la-inflacion-de-junio-habra-registrado-el-indec-un-pequeno-rebote\/\" \/>\n<meta property=\"og:site_name\" content=\"El Diario de Tucuman\" \/>\n<meta property=\"article:published_time\" content=\"2025-07-14T16:59:24+00:00\" \/>\n<meta name=\"author\" content=\"admin\" \/>\n<meta name=\"twitter:card\" content=\"summary_large_image\" \/>\n<meta name=\"twitter:label1\" content=\"Escrito por\" \/>\n\t<meta name=\"twitter:data1\" content=\"admin\" \/>\n\t<meta name=\"twitter:label2\" content=\"Tiempo de lectura\" \/>\n\t<meta name=\"twitter:data2\" content=\"2 minutos\" \/>\n<script type=\"application\/ld+json\" class=\"yoast-schema-graph\">{\"@context\":\"https:\\\/\\\/schema.org\",\"@graph\":[{\"@type\":\"Article\",\"@id\":\"https:\\\/\\\/www.eldiariodetucuman.com\\\/web\\\/se-conocera-la-inflacion-de-junio-habra-registrado-el-indec-un-pequeno-rebote\\\/#article\",\"isPartOf\":{\"@id\":\"https:\\\/\\\/www.eldiariodetucuman.com\\\/web\\\/se-conocera-la-inflacion-de-junio-habra-registrado-el-indec-un-pequeno-rebote\\\/\"},\"author\":{\"name\":\"admin\",\"@id\":\"https:\\\/\\\/www.eldiariodetucuman.com\\\/web\\\/#\\\/schema\\\/person\\\/9250197d75ab5483412e19678b121caa\"},\"headline\":\"Se conocer\u00e1 la inflaci\u00f3n de junio: \u00bfhabr\u00e1 registrado el INDEC un peque\u00f1o rebote?\",\"datePublished\":\"2025-07-14T16:59:24+00:00\",\"mainEntityOfPage\":{\"@id\":\"https:\\\/\\\/www.eldiariodetucuman.com\\\/web\\\/se-conocera-la-inflacion-de-junio-habra-registrado-el-indec-un-pequeno-rebote\\\/\"},\"wordCount\":360,\"publisher\":{\"@id\":\"https:\\\/\\\/www.eldiariodetucuman.com\\\/web\\\/#organization\"},\"image\":{\"@id\":\"https:\\\/\\\/www.eldiariodetucuman.com\\\/web\\\/se-conocera-la-inflacion-de-junio-habra-registrado-el-indec-un-pequeno-rebote\\\/#primaryimage\"},\"thumbnailUrl\":\"https:\\\/\\\/www.eldiariodetucuman.com\\\/web\\\/wp-content\\\/uploads\\\/2025\\\/07\\\/Se-conocera-la-inflacion-de-junio-\u00bfhabra-registrado-el-INDEC.png\",\"articleSection\":[\"Actualidad\"],\"inLanguage\":\"es\"},{\"@type\":\"WebPage\",\"@id\":\"https:\\\/\\\/www.eldiariodetucuman.com\\\/web\\\/se-conocera-la-inflacion-de-junio-habra-registrado-el-indec-un-pequeno-rebote\\\/\",\"url\":\"https:\\\/\\\/www.eldiariodetucuman.com\\\/web\\\/se-conocera-la-inflacion-de-junio-habra-registrado-el-indec-un-pequeno-rebote\\\/\",\"name\":\"Se conocer\u00e1 la inflaci\u00f3n de junio: \u00bfhabr\u00e1 registrado el INDEC un peque\u00f1o rebote? - El Diario de Tucuman\",\"isPartOf\":{\"@id\":\"https:\\\/\\\/www.eldiariodetucuman.com\\\/web\\\/#website\"},\"primaryImageOfPage\":{\"@id\":\"https:\\\/\\\/www.eldiariodetucuman.com\\\/web\\\/se-conocera-la-inflacion-de-junio-habra-registrado-el-indec-un-pequeno-rebote\\\/#primaryimage\"},\"image\":{\"@id\":\"https:\\\/\\\/www.eldiariodetucuman.com\\\/web\\\/se-conocera-la-inflacion-de-junio-habra-registrado-el-indec-un-pequeno-rebote\\\/#primaryimage\"},\"thumbnailUrl\":\"https:\\\/\\\/www.eldiariodetucuman.com\\\/web\\\/wp-content\\\/uploads\\\/2025\\\/07\\\/Se-conocera-la-inflacion-de-junio-\u00bfhabra-registrado-el-INDEC.png\",\"datePublished\":\"2025-07-14T16:59:24+00:00\",\"breadcrumb\":{\"@id\":\"https:\\\/\\\/www.eldiariodetucuman.com\\\/web\\\/se-conocera-la-inflacion-de-junio-habra-registrado-el-indec-un-pequeno-rebote\\\/#breadcrumb\"},\"inLanguage\":\"es\",\"potentialAction\":[{\"@type\":\"ReadAction\",\"target\":[\"https:\\\/\\\/www.eldiariodetucuman.com\\\/web\\\/se-conocera-la-inflacion-de-junio-habra-registrado-el-indec-un-pequeno-rebote\\\/\"]}]},{\"@type\":\"ImageObject\",\"inLanguage\":\"es\",\"@id\":\"https:\\\/\\\/www.eldiariodetucuman.com\\\/web\\\/se-conocera-la-inflacion-de-junio-habra-registrado-el-indec-un-pequeno-rebote\\\/#primaryimage\",\"url\":\"https:\\\/\\\/www.eldiariodetucuman.com\\\/web\\\/wp-content\\\/uploads\\\/2025\\\/07\\\/Se-conocera-la-inflacion-de-junio-\u00bfhabra-registrado-el-INDEC.png\",\"contentUrl\":\"https:\\\/\\\/www.eldiariodetucuman.com\\\/web\\\/wp-content\\\/uploads\\\/2025\\\/07\\\/Se-conocera-la-inflacion-de-junio-\u00bfhabra-registrado-el-INDEC.png\",\"width\":772,\"height\":435},{\"@type\":\"BreadcrumbList\",\"@id\":\"https:\\\/\\\/www.eldiariodetucuman.com\\\/web\\\/se-conocera-la-inflacion-de-junio-habra-registrado-el-indec-un-pequeno-rebote\\\/#breadcrumb\",\"itemListElement\":[{\"@type\":\"ListItem\",\"position\":1,\"name\":\"Portada\",\"item\":\"https:\\\/\\\/www.eldiariodetucuman.com\\\/web\\\/\"},{\"@type\":\"ListItem\",\"position\":2,\"name\":\"Se conocer\u00e1 la inflaci\u00f3n de junio: \u00bfhabr\u00e1 registrado el INDEC un peque\u00f1o rebote?\"}]},{\"@type\":\"WebSite\",\"@id\":\"https:\\\/\\\/www.eldiariodetucuman.com\\\/web\\\/#website\",\"url\":\"https:\\\/\\\/www.eldiariodetucuman.com\\\/web\\\/\",\"name\":\"El Diario de Tucuman\",\"description\":\"Diario Tucuman - Informaci\u00f3n y noticias\",\"publisher\":{\"@id\":\"https:\\\/\\\/www.eldiariodetucuman.com\\\/web\\\/#organization\"},\"potentialAction\":[{\"@type\":\"SearchAction\",\"target\":{\"@type\":\"EntryPoint\",\"urlTemplate\":\"https:\\\/\\\/www.eldiariodetucuman.com\\\/web\\\/?s={search_term_string}\"},\"query-input\":{\"@type\":\"PropertyValueSpecification\",\"valueRequired\":true,\"valueName\":\"search_term_string\"}}],\"inLanguage\":\"es\"},{\"@type\":\"Organization\",\"@id\":\"https:\\\/\\\/www.eldiariodetucuman.com\\\/web\\\/#organization\",\"name\":\"El Diario de Tucuman\",\"url\":\"https:\\\/\\\/www.eldiariodetucuman.com\\\/web\\\/\",\"logo\":{\"@type\":\"ImageObject\",\"inLanguage\":\"es\",\"@id\":\"https:\\\/\\\/www.eldiariodetucuman.com\\\/web\\\/#\\\/schema\\\/logo\\\/image\\\/\",\"url\":\"http:\\\/\\\/www.eldiariodetucuman.com\\\/web\\\/wp-content\\\/uploads\\\/2017\\\/12\\\/el-diario-de-tucuman.jpg\",\"contentUrl\":\"http:\\\/\\\/www.eldiariodetucuman.com\\\/web\\\/wp-content\\\/uploads\\\/2017\\\/12\\\/el-diario-de-tucuman.jpg\",\"width\":272,\"height\":92,\"caption\":\"El Diario de Tucuman\"},\"image\":{\"@id\":\"https:\\\/\\\/www.eldiariodetucuman.com\\\/web\\\/#\\\/schema\\\/logo\\\/image\\\/\"}},{\"@type\":\"Person\",\"@id\":\"https:\\\/\\\/www.eldiariodetucuman.com\\\/web\\\/#\\\/schema\\\/person\\\/9250197d75ab5483412e19678b121caa\",\"name\":\"admin\",\"image\":{\"@type\":\"ImageObject\",\"inLanguage\":\"es\",\"@id\":\"https:\\\/\\\/secure.gravatar.com\\\/avatar\\\/c44d117c2be811212c22cb481f6b8384b6873de103fbc49e7a03cc58d7dea4ac?s=96&d=mm&r=g\",\"url\":\"https:\\\/\\\/secure.gravatar.com\\\/avatar\\\/c44d117c2be811212c22cb481f6b8384b6873de103fbc49e7a03cc58d7dea4ac?s=96&d=mm&r=g\",\"contentUrl\":\"https:\\\/\\\/secure.gravatar.com\\\/avatar\\\/c44d117c2be811212c22cb481f6b8384b6873de103fbc49e7a03cc58d7dea4ac?s=96&d=mm&r=g\",\"caption\":\"admin\"},\"url\":\"https:\\\/\\\/www.eldiariodetucuman.com\\\/web\\\/author\\\/admin\\\/\"}]}<\/script>\n<!-- \/ Yoast SEO plugin. -->","yoast_head_json":{"title":"Se conocer\u00e1 la inflaci\u00f3n de junio: \u00bfhabr\u00e1 registrado el INDEC un peque\u00f1o rebote? - El Diario de Tucuman","robots":{"index":"index","follow":"follow","max-snippet":"max-snippet:-1","max-image-preview":"max-image-preview:large","max-video-preview":"max-video-preview:-1"},"canonical":"https:\/\/www.eldiariodetucuman.com\/web\/se-conocera-la-inflacion-de-junio-habra-registrado-el-indec-un-pequeno-rebote\/","og_locale":"es_ES","og_type":"article","og_title":"Se conocer\u00e1 la inflaci\u00f3n de junio: \u00bfhabr\u00e1 registrado el INDEC un peque\u00f1o rebote? - El Diario de Tucuman","og_description":"Seg\u00fan las consultoras privadas, el sexto mes del a\u00f1o dej\u00f3 un alza de precios del 1,8%, contra el 1,5% de mayo. El Instituto Nacional de Estad\u00edstica y Censos (Indec) dar\u00e1 a conocer el lunes la variaci\u00f3n del\u00a0\u00cdndice de Precios al Consumidor de junio\u00a0que, seg\u00fan las consultoras privadas,\u00a0habr\u00eda alcanzado el 1,8%. De confirmarse el pron\u00f3stico del [&hellip;]","og_url":"https:\/\/www.eldiariodetucuman.com\/web\/se-conocera-la-inflacion-de-junio-habra-registrado-el-indec-un-pequeno-rebote\/","og_site_name":"El Diario de Tucuman","article_published_time":"2025-07-14T16:59:24+00:00","author":"admin","twitter_card":"summary_large_image","twitter_misc":{"Escrito por":"admin","Tiempo de lectura":"2 minutos"},"schema":{"@context":"https:\/\/schema.org","@graph":[{"@type":"Article","@id":"https:\/\/www.eldiariodetucuman.com\/web\/se-conocera-la-inflacion-de-junio-habra-registrado-el-indec-un-pequeno-rebote\/#article","isPartOf":{"@id":"https:\/\/www.eldiariodetucuman.com\/web\/se-conocera-la-inflacion-de-junio-habra-registrado-el-indec-un-pequeno-rebote\/"},"author":{"name":"admin","@id":"https:\/\/www.eldiariodetucuman.com\/web\/#\/schema\/person\/9250197d75ab5483412e19678b121caa"},"headline":"Se conocer\u00e1 la inflaci\u00f3n de junio: \u00bfhabr\u00e1 registrado el INDEC un peque\u00f1o rebote?","datePublished":"2025-07-14T16:59:24+00:00","mainEntityOfPage":{"@id":"https:\/\/www.eldiariodetucuman.com\/web\/se-conocera-la-inflacion-de-junio-habra-registrado-el-indec-un-pequeno-rebote\/"},"wordCount":360,"publisher":{"@id":"https:\/\/www.eldiariodetucuman.com\/web\/#organization"},"image":{"@id":"https:\/\/www.eldiariodetucuman.com\/web\/se-conocera-la-inflacion-de-junio-habra-registrado-el-indec-un-pequeno-rebote\/#primaryimage"},"thumbnailUrl":"https:\/\/www.eldiariodetucuman.com\/web\/wp-content\/uploads\/2025\/07\/Se-conocera-la-inflacion-de-junio-\u00bfhabra-registrado-el-INDEC.png","articleSection":["Actualidad"],"inLanguage":"es"},{"@type":"WebPage","@id":"https:\/\/www.eldiariodetucuman.com\/web\/se-conocera-la-inflacion-de-junio-habra-registrado-el-indec-un-pequeno-rebote\/","url":"https:\/\/www.eldiariodetucuman.com\/web\/se-conocera-la-inflacion-de-junio-habra-registrado-el-indec-un-pequeno-rebote\/","name":"Se conocer\u00e1 la inflaci\u00f3n de junio: \u00bfhabr\u00e1 registrado el INDEC un peque\u00f1o rebote? - El Diario de Tucuman","isPartOf":{"@id":"https:\/\/www.eldiariodetucuman.com\/web\/#website"},"primaryImageOfPage":{"@id":"https:\/\/www.eldiariodetucuman.com\/web\/se-conocera-la-inflacion-de-junio-habra-registrado-el-indec-un-pequeno-rebote\/#primaryimage"},"image":{"@id":"https:\/\/www.eldiariodetucuman.com\/web\/se-conocera-la-inflacion-de-junio-habra-registrado-el-indec-un-pequeno-rebote\/#primaryimage"},"thumbnailUrl":"https:\/\/www.eldiariodetucuman.com\/web\/wp-content\/uploads\/2025\/07\/Se-conocera-la-inflacion-de-junio-\u00bfhabra-registrado-el-INDEC.png","datePublished":"2025-07-14T16:59:24+00:00","breadcrumb":{"@id":"https:\/\/www.eldiariodetucuman.com\/web\/se-conocera-la-inflacion-de-junio-habra-registrado-el-indec-un-pequeno-rebote\/#breadcrumb"},"inLanguage":"es","potentialAction":[{"@type":"ReadAction","target":["https:\/\/www.eldiariodetucuman.com\/web\/se-conocera-la-inflacion-de-junio-habra-registrado-el-indec-un-pequeno-rebote\/"]}]},{"@type":"ImageObject","inLanguage":"es","@id":"https:\/\/www.eldiariodetucuman.com\/web\/se-conocera-la-inflacion-de-junio-habra-registrado-el-indec-un-pequeno-rebote\/#primaryimage","url":"https:\/\/www.eldiariodetucuman.com\/web\/wp-content\/uploads\/2025\/07\/Se-conocera-la-inflacion-de-junio-\u00bfhabra-registrado-el-INDEC.png","contentUrl":"https:\/\/www.eldiariodetucuman.com\/web\/wp-content\/uploads\/2025\/07\/Se-conocera-la-inflacion-de-junio-\u00bfhabra-registrado-el-INDEC.png","width":772,"height":435},{"@type":"BreadcrumbList","@id":"https:\/\/www.eldiariodetucuman.com\/web\/se-conocera-la-inflacion-de-junio-habra-registrado-el-indec-un-pequeno-rebote\/#breadcrumb","itemListElement":[{"@type":"ListItem","position":1,"name":"Portada","item":"https:\/\/www.eldiariodetucuman.com\/web\/"},{"@type":"ListItem","position":2,"name":"Se conocer\u00e1 la inflaci\u00f3n de junio: \u00bfhabr\u00e1 registrado el INDEC un peque\u00f1o rebote?"}]},{"@type":"WebSite","@id":"https:\/\/www.eldiariodetucuman.com\/web\/#website","url":"https:\/\/www.eldiariodetucuman.com\/web\/","name":"El Diario de Tucuman","description":"Diario Tucuman - Informaci\u00f3n y noticias","publisher":{"@id":"https:\/\/www.eldiariodetucuman.com\/web\/#organization"},"potentialAction":[{"@type":"SearchAction","target":{"@type":"EntryPoint","urlTemplate":"https:\/\/www.eldiariodetucuman.com\/web\/?s={search_term_string}"},"query-input":{"@type":"PropertyValueSpecification","valueRequired":true,"valueName":"search_term_string"}}],"inLanguage":"es"},{"@type":"Organization","@id":"https:\/\/www.eldiariodetucuman.com\/web\/#organization","name":"El Diario de Tucuman","url":"https:\/\/www.eldiariodetucuman.com\/web\/","logo":{"@type":"ImageObject","inLanguage":"es","@id":"https:\/\/www.eldiariodetucuman.com\/web\/#\/schema\/logo\/image\/","url":"http:\/\/www.eldiariodetucuman.com\/web\/wp-content\/uploads\/2017\/12\/el-diario-de-tucuman.jpg","contentUrl":"http:\/\/www.eldiariodetucuman.com\/web\/wp-content\/uploads\/2017\/12\/el-diario-de-tucuman.jpg","width":272,"height":92,"caption":"El Diario de Tucuman"},"image":{"@id":"https:\/\/www.eldiariodetucuman.com\/web\/#\/schema\/logo\/image\/"}},{"@type":"Person","@id":"https:\/\/www.eldiariodetucuman.com\/web\/#\/schema\/person\/9250197d75ab5483412e19678b121caa","name":"admin","image":{"@type":"ImageObject","inLanguage":"es","@id":"https:\/\/secure.gravatar.com\/avatar\/c44d117c2be811212c22cb481f6b8384b6873de103fbc49e7a03cc58d7dea4ac?s=96&d=mm&r=g","url":"https:\/\/secure.gravatar.com\/avatar\/c44d117c2be811212c22cb481f6b8384b6873de103fbc49e7a03cc58d7dea4ac?s=96&d=mm&r=g","contentUrl":"https:\/\/secure.gravatar.com\/avatar\/c44d117c2be811212c22cb481f6b8384b6873de103fbc49e7a03cc58d7dea4ac?s=96&d=mm&r=g","caption":"admin"},"url":"https:\/\/www.eldiariodetucuman.com\/web\/author\/admin\/"}]}},"_links":{"self":[{"href":"https:\/\/www.eldiariodetucuman.com\/web\/wp-json\/wp\/v2\/posts\/45052","targetHints":{"allow":["GET"]}}],"collection":[{"href":"https:\/\/www.eldiariodetucuman.com\/web\/wp-json\/wp\/v2\/posts"}],"about":[{"href":"https:\/\/www.eldiariodetucuman.com\/web\/wp-json\/wp\/v2\/types\/post"}],"author":[{"embeddable":true,"href":"https:\/\/www.eldiariodetucuman.com\/web\/wp-json\/wp\/v2\/users\/1"}],"replies":[{"embeddable":true,"href":"https:\/\/www.eldiariodetucuman.com\/web\/wp-json\/wp\/v2\/comments?post=45052"}],"version-history":[{"count":0,"href":"https:\/\/www.eldiariodetucuman.com\/web\/wp-json\/wp\/v2\/posts\/45052\/revisions"}],"wp:featuredmedia":[{"embeddable":true,"href":"https:\/\/www.eldiariodetucuman.com\/web\/wp-json\/wp\/v2\/media\/45053"}],"wp:attachment":[{"href":"https:\/\/www.eldiariodetucuman.com\/web\/wp-json\/wp\/v2\/media?parent=45052"}],"wp:term":[{"taxonomy":"category","embeddable":true,"href":"https:\/\/www.eldiariodetucuman.com\/web\/wp-json\/wp\/v2\/categories?post=45052"},{"taxonomy":"post_tag","embeddable":true,"href":"https:\/\/www.eldiariodetucuman.com\/web\/wp-json\/wp\/v2\/tags?post=45052"}],"curies":[{"name":"wp","href":"https:\/\/api.w.org\/{rel}","templated":true}]}}