{"id":45044,"date":"2025-07-13T11:58:36","date_gmt":"2025-07-13T14:58:36","guid":{"rendered":"https:\/\/www.eldiariodetucuman.com\/web\/?p=45044"},"modified":"2025-07-14T11:59:22","modified_gmt":"2025-07-14T14:59:22","slug":"refuerzan-los-recorridos-preventivos-en-yerba-buena-y-tafi-viejo","status":"publish","type":"post","link":"https:\/\/www.eldiariodetucuman.com\/web\/refuerzan-los-recorridos-preventivos-en-yerba-buena-y-tafi-viejo\/","title":{"rendered":"Refuerzan los recorridos preventivos en Yerba Buena y Taf\u00ed Viejo"},"content":{"rendered":"<div class=\"post-media\">\n<div class=\"post-header-area\">\n<p class=\"sumario\">Este s\u00e1bado, la Unidad Regional Norte (URN) puso en marcha un importante despliegue de seguridad en distintos municipios de nuestra provincia a fines de proteger a la poblaci\u00f3n y preservar el orden p\u00fablico.<\/p>\n<\/div>\n<\/div>\n<div class=\"articleBody\">\n<p>&nbsp;<\/p>\n<p>\u201cEstamos convocados a trabajar en servicio a la comunidad y contamos con todos los recursos de Unidad Regional Norte\u201d comenz\u00f3 diciendo el jefe de Zona 3, comisario inspector Gustavo Cabrera, sobre el procedimiento que incluye la participaci\u00f3n de la Guardia de Infanter\u00eda, Divisiones de Patrullas Motorizadas y personal dependiente de las distintas jefaturas zonales que componen la URN.<\/p>\n<p>Este megaoperativo se desarrolla de manera simult\u00e1nea en Yerba Buena, Taf\u00ed Viejo y Las Talitas, donde se desplegaron 50 m\u00f3viles, entre camionetas y motoveh\u00edculos, adem\u00e1s de un total de 150 efectivos que recorren activamente las distintas zonas. Respecto del tipo de cobertura territorial a ejecutarse, el jefe de zona expres\u00f3: \u201cSer\u00e1n controles vehiculares, identificaci\u00f3n de personas y recorridos preventivos, todas las tareas que involucra nuestro trabajo diario\u201d<\/p>\n<p>Finalmente, Cabrera cerr\u00f3 con un contundente mensaje: \u201cEl objetivo primordial de la Polic\u00eda es llevarle seguridad y tranquilidad a toda la poblaci\u00f3n cumpliendo con las directivas del Ministerio de Seguridad y la jefatura de Polic\u00eda\u201d<\/p>\n<\/div>\n","protected":false},"excerpt":{"rendered":"<p>Este s\u00e1bado, la Unidad Regional Norte (URN) puso en marcha un importante despliegue de seguridad en distintos municipios de nuestra provincia a fines de proteger a la poblaci\u00f3n y preservar el orden p\u00fablico. &nbsp; \u201cEstamos convocados a trabajar en servicio a la comunidad y contamos con todos los recursos de Unidad Regional Norte\u201d comenz\u00f3 diciendo [&hellip;]<\/p>\n","protected":false},"author":6,"featured_media":45045,"comment_status":"closed","ping_status":"open","sticky":false,"template":"","format":"standard","meta":{"footnotes":""},"categories":[1],"tags":[],"class_list":{"0":"post-45044","1":"post","2":"type-post","3":"status-publish","4":"format-standard","5":"has-post-thumbnail","7":"category-portada"},"yoast_head":"<!-- This site is optimized with the Yoast SEO plugin v27.4 - https:\/\/yoast.com\/product\/yoast-seo-wordpress\/ -->\n<title>Refuerzan los recorridos preventivos en Yerba Buena y Taf\u00ed Viejo - El Diario de Tucuman<\/title>\n<meta name=\"robots\" content=\"index, follow, max-snippet:-1, max-image-preview:large, max-video-preview:-1\" \/>\n<link rel=\"canonical\" href=\"https:\/\/www.eldiariodetucuman.com\/web\/refuerzan-los-recorridos-preventivos-en-yerba-buena-y-tafi-viejo\/\" \/>\n<meta property=\"og:locale\" content=\"es_ES\" \/>\n<meta property=\"og:type\" content=\"article\" \/>\n<meta property=\"og:title\" content=\"Refuerzan los recorridos preventivos en Yerba Buena y Taf\u00ed Viejo - El Diario de Tucuman\" \/>\n<meta property=\"og:description\" content=\"Este s\u00e1bado, la Unidad Regional Norte (URN) puso en marcha un importante despliegue de seguridad en distintos municipios de nuestra provincia a fines de proteger a la poblaci\u00f3n y preservar el orden p\u00fablico. &nbsp; \u201cEstamos convocados a trabajar en servicio a la comunidad y contamos con todos los recursos de Unidad Regional Norte\u201d comenz\u00f3 diciendo [&hellip;]\" \/>\n<meta property=\"og:url\" content=\"https:\/\/www.eldiariodetucuman.com\/web\/refuerzan-los-recorridos-preventivos-en-yerba-buena-y-tafi-viejo\/\" \/>\n<meta property=\"og:site_name\" content=\"El Diario de Tucuman\" \/>\n<meta property=\"article:published_time\" content=\"2025-07-13T14:58:36+00:00\" \/>\n<meta property=\"article:modified_time\" content=\"2025-07-14T14:59:22+00:00\" \/>\n<meta property=\"og:image\" content=\"https:\/\/www.eldiariodetucuman.com\/web\/wp-content\/uploads\/2025\/07\/730x473_250713212031_76654.jpg\" \/>\n\t<meta property=\"og:image:width\" content=\"730\" \/>\n\t<meta property=\"og:image:height\" content=\"473\" \/>\n\t<meta property=\"og:image:type\" content=\"image\/jpeg\" \/>\n<meta name=\"author\" content=\"Prensa Diario\" \/>\n<meta name=\"twitter:card\" content=\"summary_large_image\" \/>\n<meta name=\"twitter:label1\" content=\"Escrito por\" \/>\n\t<meta name=\"twitter:data1\" content=\"Prensa Diario\" \/>\n\t<meta name=\"twitter:label2\" content=\"Tiempo de lectura\" \/>\n\t<meta name=\"twitter:data2\" content=\"2 minutos\" \/>\n<script type=\"application\/ld+json\" class=\"yoast-schema-graph\">{\"@context\":\"https:\\\/\\\/schema.org\",\"@graph\":[{\"@type\":\"Article\",\"@id\":\"https:\\\/\\\/www.eldiariodetucuman.com\\\/web\\\/refuerzan-los-recorridos-preventivos-en-yerba-buena-y-tafi-viejo\\\/#article\",\"isPartOf\":{\"@id\":\"https:\\\/\\\/www.eldiariodetucuman.com\\\/web\\\/refuerzan-los-recorridos-preventivos-en-yerba-buena-y-tafi-viejo\\\/\"},\"author\":{\"name\":\"Prensa Diario\",\"@id\":\"https:\\\/\\\/www.eldiariodetucuman.com\\\/web\\\/#\\\/schema\\\/person\\\/4776f6fa00c1acf0bcc3e31a39e1b58d\"},\"headline\":\"Refuerzan los recorridos preventivos en Yerba Buena y Taf\u00ed Viejo\",\"datePublished\":\"2025-07-13T14:58:36+00:00\",\"dateModified\":\"2025-07-14T14:59:22+00:00\",\"mainEntityOfPage\":{\"@id\":\"https:\\\/\\\/www.eldiariodetucuman.com\\\/web\\\/refuerzan-los-recorridos-preventivos-en-yerba-buena-y-tafi-viejo\\\/\"},\"wordCount\":215,\"publisher\":{\"@id\":\"https:\\\/\\\/www.eldiariodetucuman.com\\\/web\\\/#organization\"},\"image\":{\"@id\":\"https:\\\/\\\/www.eldiariodetucuman.com\\\/web\\\/refuerzan-los-recorridos-preventivos-en-yerba-buena-y-tafi-viejo\\\/#primaryimage\"},\"thumbnailUrl\":\"https:\\\/\\\/www.eldiariodetucuman.com\\\/web\\\/wp-content\\\/uploads\\\/2025\\\/07\\\/730x473_250713212031_76654.jpg\",\"articleSection\":[\"Portada\"],\"inLanguage\":\"es\"},{\"@type\":\"WebPage\",\"@id\":\"https:\\\/\\\/www.eldiariodetucuman.com\\\/web\\\/refuerzan-los-recorridos-preventivos-en-yerba-buena-y-tafi-viejo\\\/\",\"url\":\"https:\\\/\\\/www.eldiariodetucuman.com\\\/web\\\/refuerzan-los-recorridos-preventivos-en-yerba-buena-y-tafi-viejo\\\/\",\"name\":\"Refuerzan los recorridos preventivos en Yerba Buena y Taf\u00ed Viejo - El Diario de Tucuman\",\"isPartOf\":{\"@id\":\"https:\\\/\\\/www.eldiariodetucuman.com\\\/web\\\/#website\"},\"primaryImageOfPage\":{\"@id\":\"https:\\\/\\\/www.eldiariodetucuman.com\\\/web\\\/refuerzan-los-recorridos-preventivos-en-yerba-buena-y-tafi-viejo\\\/#primaryimage\"},\"image\":{\"@id\":\"https:\\\/\\\/www.eldiariodetucuman.com\\\/web\\\/refuerzan-los-recorridos-preventivos-en-yerba-buena-y-tafi-viejo\\\/#primaryimage\"},\"thumbnailUrl\":\"https:\\\/\\\/www.eldiariodetucuman.com\\\/web\\\/wp-content\\\/uploads\\\/2025\\\/07\\\/730x473_250713212031_76654.jpg\",\"datePublished\":\"2025-07-13T14:58:36+00:00\",\"dateModified\":\"2025-07-14T14:59:22+00:00\",\"breadcrumb\":{\"@id\":\"https:\\\/\\\/www.eldiariodetucuman.com\\\/web\\\/refuerzan-los-recorridos-preventivos-en-yerba-buena-y-tafi-viejo\\\/#breadcrumb\"},\"inLanguage\":\"es\",\"potentialAction\":[{\"@type\":\"ReadAction\",\"target\":[\"https:\\\/\\\/www.eldiariodetucuman.com\\\/web\\\/refuerzan-los-recorridos-preventivos-en-yerba-buena-y-tafi-viejo\\\/\"]}]},{\"@type\":\"ImageObject\",\"inLanguage\":\"es\",\"@id\":\"https:\\\/\\\/www.eldiariodetucuman.com\\\/web\\\/refuerzan-los-recorridos-preventivos-en-yerba-buena-y-tafi-viejo\\\/#primaryimage\",\"url\":\"https:\\\/\\\/www.eldiariodetucuman.com\\\/web\\\/wp-content\\\/uploads\\\/2025\\\/07\\\/730x473_250713212031_76654.jpg\",\"contentUrl\":\"https:\\\/\\\/www.eldiariodetucuman.com\\\/web\\\/wp-content\\\/uploads\\\/2025\\\/07\\\/730x473_250713212031_76654.jpg\",\"width\":730,\"height\":473},{\"@type\":\"BreadcrumbList\",\"@id\":\"https:\\\/\\\/www.eldiariodetucuman.com\\\/web\\\/refuerzan-los-recorridos-preventivos-en-yerba-buena-y-tafi-viejo\\\/#breadcrumb\",\"itemListElement\":[{\"@type\":\"ListItem\",\"position\":1,\"name\":\"Portada\",\"item\":\"https:\\\/\\\/www.eldiariodetucuman.com\\\/web\\\/\"},{\"@type\":\"ListItem\",\"position\":2,\"name\":\"Refuerzan los recorridos preventivos en Yerba Buena y Taf\u00ed Viejo\"}]},{\"@type\":\"WebSite\",\"@id\":\"https:\\\/\\\/www.eldiariodetucuman.com\\\/web\\\/#website\",\"url\":\"https:\\\/\\\/www.eldiariodetucuman.com\\\/web\\\/\",\"name\":\"El Diario de Tucuman\",\"description\":\"Diario Tucuman - Informaci\u00f3n y noticias\",\"publisher\":{\"@id\":\"https:\\\/\\\/www.eldiariodetucuman.com\\\/web\\\/#organization\"},\"potentialAction\":[{\"@type\":\"SearchAction\",\"target\":{\"@type\":\"EntryPoint\",\"urlTemplate\":\"https:\\\/\\\/www.eldiariodetucuman.com\\\/web\\\/?s={search_term_string}\"},\"query-input\":{\"@type\":\"PropertyValueSpecification\",\"valueRequired\":true,\"valueName\":\"search_term_string\"}}],\"inLanguage\":\"es\"},{\"@type\":\"Organization\",\"@id\":\"https:\\\/\\\/www.eldiariodetucuman.com\\\/web\\\/#organization\",\"name\":\"El Diario de Tucuman\",\"url\":\"https:\\\/\\\/www.eldiariodetucuman.com\\\/web\\\/\",\"logo\":{\"@type\":\"ImageObject\",\"inLanguage\":\"es\",\"@id\":\"https:\\\/\\\/www.eldiariodetucuman.com\\\/web\\\/#\\\/schema\\\/logo\\\/image\\\/\",\"url\":\"http:\\\/\\\/www.eldiariodetucuman.com\\\/web\\\/wp-content\\\/uploads\\\/2017\\\/12\\\/el-diario-de-tucuman.jpg\",\"contentUrl\":\"http:\\\/\\\/www.eldiariodetucuman.com\\\/web\\\/wp-content\\\/uploads\\\/2017\\\/12\\\/el-diario-de-tucuman.jpg\",\"width\":272,\"height\":92,\"caption\":\"El Diario de Tucuman\"},\"image\":{\"@id\":\"https:\\\/\\\/www.eldiariodetucuman.com\\\/web\\\/#\\\/schema\\\/logo\\\/image\\\/\"}},{\"@type\":\"Person\",\"@id\":\"https:\\\/\\\/www.eldiariodetucuman.com\\\/web\\\/#\\\/schema\\\/person\\\/4776f6fa00c1acf0bcc3e31a39e1b58d\",\"name\":\"Prensa Diario\",\"image\":{\"@type\":\"ImageObject\",\"inLanguage\":\"es\",\"@id\":\"https:\\\/\\\/secure.gravatar.com\\\/avatar\\\/ee3d460a4d48b7aedf9a319916e57ffbc2884e778e7a8ed48fcf3815359c87e3?s=96&d=mm&r=g\",\"url\":\"https:\\\/\\\/secure.gravatar.com\\\/avatar\\\/ee3d460a4d48b7aedf9a319916e57ffbc2884e778e7a8ed48fcf3815359c87e3?s=96&d=mm&r=g\",\"contentUrl\":\"https:\\\/\\\/secure.gravatar.com\\\/avatar\\\/ee3d460a4d48b7aedf9a319916e57ffbc2884e778e7a8ed48fcf3815359c87e3?s=96&d=mm&r=g\",\"caption\":\"Prensa Diario\"},\"url\":\"https:\\\/\\\/www.eldiariodetucuman.com\\\/web\\\/author\\\/prensadiario\\\/\"}]}<\/script>\n<!-- \/ Yoast SEO plugin. -->","yoast_head_json":{"title":"Refuerzan los recorridos preventivos en Yerba Buena y Taf\u00ed Viejo - El Diario de Tucuman","robots":{"index":"index","follow":"follow","max-snippet":"max-snippet:-1","max-image-preview":"max-image-preview:large","max-video-preview":"max-video-preview:-1"},"canonical":"https:\/\/www.eldiariodetucuman.com\/web\/refuerzan-los-recorridos-preventivos-en-yerba-buena-y-tafi-viejo\/","og_locale":"es_ES","og_type":"article","og_title":"Refuerzan los recorridos preventivos en Yerba Buena y Taf\u00ed Viejo - El Diario de Tucuman","og_description":"Este s\u00e1bado, la Unidad Regional Norte (URN) puso en marcha un importante despliegue de seguridad en distintos municipios de nuestra provincia a fines de proteger a la poblaci\u00f3n y preservar el orden p\u00fablico. &nbsp; \u201cEstamos convocados a trabajar en servicio a la comunidad y contamos con todos los recursos de Unidad Regional Norte\u201d comenz\u00f3 diciendo [&hellip;]","og_url":"https:\/\/www.eldiariodetucuman.com\/web\/refuerzan-los-recorridos-preventivos-en-yerba-buena-y-tafi-viejo\/","og_site_name":"El Diario de Tucuman","article_published_time":"2025-07-13T14:58:36+00:00","article_modified_time":"2025-07-14T14:59:22+00:00","og_image":[{"width":730,"height":473,"url":"https:\/\/www.eldiariodetucuman.com\/web\/wp-content\/uploads\/2025\/07\/730x473_250713212031_76654.jpg","type":"image\/jpeg"}],"author":"Prensa Diario","twitter_card":"summary_large_image","twitter_misc":{"Escrito por":"Prensa Diario","Tiempo de lectura":"2 minutos"},"schema":{"@context":"https:\/\/schema.org","@graph":[{"@type":"Article","@id":"https:\/\/www.eldiariodetucuman.com\/web\/refuerzan-los-recorridos-preventivos-en-yerba-buena-y-tafi-viejo\/#article","isPartOf":{"@id":"https:\/\/www.eldiariodetucuman.com\/web\/refuerzan-los-recorridos-preventivos-en-yerba-buena-y-tafi-viejo\/"},"author":{"name":"Prensa Diario","@id":"https:\/\/www.eldiariodetucuman.com\/web\/#\/schema\/person\/4776f6fa00c1acf0bcc3e31a39e1b58d"},"headline":"Refuerzan los recorridos preventivos en Yerba Buena y Taf\u00ed Viejo","datePublished":"2025-07-13T14:58:36+00:00","dateModified":"2025-07-14T14:59:22+00:00","mainEntityOfPage":{"@id":"https:\/\/www.eldiariodetucuman.com\/web\/refuerzan-los-recorridos-preventivos-en-yerba-buena-y-tafi-viejo\/"},"wordCount":215,"publisher":{"@id":"https:\/\/www.eldiariodetucuman.com\/web\/#organization"},"image":{"@id":"https:\/\/www.eldiariodetucuman.com\/web\/refuerzan-los-recorridos-preventivos-en-yerba-buena-y-tafi-viejo\/#primaryimage"},"thumbnailUrl":"https:\/\/www.eldiariodetucuman.com\/web\/wp-content\/uploads\/2025\/07\/730x473_250713212031_76654.jpg","articleSection":["Portada"],"inLanguage":"es"},{"@type":"WebPage","@id":"https:\/\/www.eldiariodetucuman.com\/web\/refuerzan-los-recorridos-preventivos-en-yerba-buena-y-tafi-viejo\/","url":"https:\/\/www.eldiariodetucuman.com\/web\/refuerzan-los-recorridos-preventivos-en-yerba-buena-y-tafi-viejo\/","name":"Refuerzan los recorridos preventivos en Yerba Buena y Taf\u00ed Viejo - El Diario de Tucuman","isPartOf":{"@id":"https:\/\/www.eldiariodetucuman.com\/web\/#website"},"primaryImageOfPage":{"@id":"https:\/\/www.eldiariodetucuman.com\/web\/refuerzan-los-recorridos-preventivos-en-yerba-buena-y-tafi-viejo\/#primaryimage"},"image":{"@id":"https:\/\/www.eldiariodetucuman.com\/web\/refuerzan-los-recorridos-preventivos-en-yerba-buena-y-tafi-viejo\/#primaryimage"},"thumbnailUrl":"https:\/\/www.eldiariodetucuman.com\/web\/wp-content\/uploads\/2025\/07\/730x473_250713212031_76654.jpg","datePublished":"2025-07-13T14:58:36+00:00","dateModified":"2025-07-14T14:59:22+00:00","breadcrumb":{"@id":"https:\/\/www.eldiariodetucuman.com\/web\/refuerzan-los-recorridos-preventivos-en-yerba-buena-y-tafi-viejo\/#breadcrumb"},"inLanguage":"es","potentialAction":[{"@type":"ReadAction","target":["https:\/\/www.eldiariodetucuman.com\/web\/refuerzan-los-recorridos-preventivos-en-yerba-buena-y-tafi-viejo\/"]}]},{"@type":"ImageObject","inLanguage":"es","@id":"https:\/\/www.eldiariodetucuman.com\/web\/refuerzan-los-recorridos-preventivos-en-yerba-buena-y-tafi-viejo\/#primaryimage","url":"https:\/\/www.eldiariodetucuman.com\/web\/wp-content\/uploads\/2025\/07\/730x473_250713212031_76654.jpg","contentUrl":"https:\/\/www.eldiariodetucuman.com\/web\/wp-content\/uploads\/2025\/07\/730x473_250713212031_76654.jpg","width":730,"height":473},{"@type":"BreadcrumbList","@id":"https:\/\/www.eldiariodetucuman.com\/web\/refuerzan-los-recorridos-preventivos-en-yerba-buena-y-tafi-viejo\/#breadcrumb","itemListElement":[{"@type":"ListItem","position":1,"name":"Portada","item":"https:\/\/www.eldiariodetucuman.com\/web\/"},{"@type":"ListItem","position":2,"name":"Refuerzan los recorridos preventivos en Yerba Buena y Taf\u00ed Viejo"}]},{"@type":"WebSite","@id":"https:\/\/www.eldiariodetucuman.com\/web\/#website","url":"https:\/\/www.eldiariodetucuman.com\/web\/","name":"El Diario de Tucuman","description":"Diario Tucuman - Informaci\u00f3n y noticias","publisher":{"@id":"https:\/\/www.eldiariodetucuman.com\/web\/#organization"},"potentialAction":[{"@type":"SearchAction","target":{"@type":"EntryPoint","urlTemplate":"https:\/\/www.eldiariodetucuman.com\/web\/?s={search_term_string}"},"query-input":{"@type":"PropertyValueSpecification","valueRequired":true,"valueName":"search_term_string"}}],"inLanguage":"es"},{"@type":"Organization","@id":"https:\/\/www.eldiariodetucuman.com\/web\/#organization","name":"El Diario de Tucuman","url":"https:\/\/www.eldiariodetucuman.com\/web\/","logo":{"@type":"ImageObject","inLanguage":"es","@id":"https:\/\/www.eldiariodetucuman.com\/web\/#\/schema\/logo\/image\/","url":"http:\/\/www.eldiariodetucuman.com\/web\/wp-content\/uploads\/2017\/12\/el-diario-de-tucuman.jpg","contentUrl":"http:\/\/www.eldiariodetucuman.com\/web\/wp-content\/uploads\/2017\/12\/el-diario-de-tucuman.jpg","width":272,"height":92,"caption":"El Diario de Tucuman"},"image":{"@id":"https:\/\/www.eldiariodetucuman.com\/web\/#\/schema\/logo\/image\/"}},{"@type":"Person","@id":"https:\/\/www.eldiariodetucuman.com\/web\/#\/schema\/person\/4776f6fa00c1acf0bcc3e31a39e1b58d","name":"Prensa Diario","image":{"@type":"ImageObject","inLanguage":"es","@id":"https:\/\/secure.gravatar.com\/avatar\/ee3d460a4d48b7aedf9a319916e57ffbc2884e778e7a8ed48fcf3815359c87e3?s=96&d=mm&r=g","url":"https:\/\/secure.gravatar.com\/avatar\/ee3d460a4d48b7aedf9a319916e57ffbc2884e778e7a8ed48fcf3815359c87e3?s=96&d=mm&r=g","contentUrl":"https:\/\/secure.gravatar.com\/avatar\/ee3d460a4d48b7aedf9a319916e57ffbc2884e778e7a8ed48fcf3815359c87e3?s=96&d=mm&r=g","caption":"Prensa Diario"},"url":"https:\/\/www.eldiariodetucuman.com\/web\/author\/prensadiario\/"}]}},"_links":{"self":[{"href":"https:\/\/www.eldiariodetucuman.com\/web\/wp-json\/wp\/v2\/posts\/45044","targetHints":{"allow":["GET"]}}],"collection":[{"href":"https:\/\/www.eldiariodetucuman.com\/web\/wp-json\/wp\/v2\/posts"}],"about":[{"href":"https:\/\/www.eldiariodetucuman.com\/web\/wp-json\/wp\/v2\/types\/post"}],"author":[{"embeddable":true,"href":"https:\/\/www.eldiariodetucuman.com\/web\/wp-json\/wp\/v2\/users\/6"}],"replies":[{"embeddable":true,"href":"https:\/\/www.eldiariodetucuman.com\/web\/wp-json\/wp\/v2\/comments?post=45044"}],"version-history":[{"count":1,"href":"https:\/\/www.eldiariodetucuman.com\/web\/wp-json\/wp\/v2\/posts\/45044\/revisions"}],"predecessor-version":[{"id":45046,"href":"https:\/\/www.eldiariodetucuman.com\/web\/wp-json\/wp\/v2\/posts\/45044\/revisions\/45046"}],"wp:featuredmedia":[{"embeddable":true,"href":"https:\/\/www.eldiariodetucuman.com\/web\/wp-json\/wp\/v2\/media\/45045"}],"wp:attachment":[{"href":"https:\/\/www.eldiariodetucuman.com\/web\/wp-json\/wp\/v2\/media?parent=45044"}],"wp:term":[{"taxonomy":"category","embeddable":true,"href":"https:\/\/www.eldiariodetucuman.com\/web\/wp-json\/wp\/v2\/categories?post=45044"},{"taxonomy":"post_tag","embeddable":true,"href":"https:\/\/www.eldiariodetucuman.com\/web\/wp-json\/wp\/v2\/tags?post=45044"}],"curies":[{"name":"wp","href":"https:\/\/api.w.org\/{rel}","templated":true}]}}