{"id":45027,"date":"2025-07-12T13:57:22","date_gmt":"2025-07-12T16:57:22","guid":{"rendered":"https:\/\/www.eldiariodetucuman.com\/web\/wall-street-cayo-desde-maximos-historicos-ante-el-temor-a-una-guerra-comercial-por-los-aranceles\/"},"modified":"2025-07-12T13:57:22","modified_gmt":"2025-07-12T16:57:22","slug":"wall-street-cayo-desde-maximos-historicos-ante-el-temor-a-una-guerra-comercial-por-los-aranceles","status":"publish","type":"post","link":"https:\/\/www.eldiariodetucuman.com\/web\/wall-street-cayo-desde-maximos-historicos-ante-el-temor-a-una-guerra-comercial-por-los-aranceles\/","title":{"rendered":"Wall Street cay\u00f3 desde m\u00e1ximos hist\u00f3ricos ante el temor a una guerra comercial por los aranceles"},"content":{"rendered":"<p><\/p>\n<p>Los \u00edndices en Nueva York bajaron este viernes y los mercados se mostraron atentos a la pol\u00edtica arancelaria de EEUU.<\/p>\n<p><strong>La bolsa de Nueva York<\/strong>\u00a0cay\u00f3 el viernes 11 de julio, despu\u00e9s que la decisi\u00f3n del presidente\u00a0<strong>Donald Trump<\/strong>, de imponer aranceles comerciales a\u00a0<strong>Canad\u00e1<\/strong>\u00a0a partir del pr\u00f3ximo mes, aument\u00f3 las preocupaciones por una guerra comercial global en ciernes.<\/p>\n<p><strong>En este contexto el \u00edndice Dow Jones de Industriales baj\u00f3 un 0,63% a 44.371,51 puntos; el S&amp;P500 perdi\u00f3 un 0,36% a 6.257,63 puntos y el Nasdaq Composite se depreci\u00f3 un 0,22% hasta los 20.585,53 puntos<\/strong><\/p>\n<h2><strong>Trump anunci\u00f3 un abultado arancel para Canad\u00e1 y encendi\u00f3 las alarmas<\/strong><\/h2>\n<p>El S&amp;P500 y el Nasdaq Composite cayeron desde sus m\u00e1ximos hist\u00f3ricos de cierre en la rueda anterior, despu\u00e9s que Trump publicara una carta en la que describ\u00eda un arancel comercial del 35% a Canad\u00e1, vigente a partir del 1\u00b0 de agosto. Los nuevos aranceles se sumar\u00e1n a los recientes aranceles sectoriales del presidente, quien adem\u00e1s afirm\u00f3 que el gravamen ten\u00eda como objetivo, en parte, presionar a\u00a0<strong>Ottawa<\/strong>\u00a0para que frenara el flujo ilegal de fentanilo a trav\u00e9s de su frontera hacia EEUU.\u00a0<strong>El presidente tambi\u00e9n denunci\u00f3 pr\u00e1cticas comerciales desleales por parte de Canad\u00e1, dado que Ottawa ya tiene aranceles extremadamente altos contra varias empresas y sectores estadounidenses<\/strong>.<\/p>\n<p>El mandatario envi\u00f3 una serie de cartas esta semana en las que se describen los grav\u00e1menes contra varias econom\u00edas importantes, incluyendo un arancel del 25% para Corea del Sur y Jap\u00f3n y uno del 50% para Brasil, que asever\u00f3 que proceder\u00eda rec\u00edprocamente si EEUU impusiera el arancel del 50%.<\/p>\n<p>Trump tambi\u00e9n afirm\u00f3 el jueves que la\u00a0<strong>Uni\u00f3n Europea<\/strong>\u00a0podr\u00eda recibir una carta sobre los aranceles el viernes, lo que pone en duda el progreso de las negociaciones comerciales entre Washington y el principal bloque comercial.<\/p>\n<h2>Algunas de las acciones destacadas de Wall Street<\/h2>\n<p>En el sector empresarial, la confianza se vio impulsada por\u00a0<strong>Nvidia<\/strong>\u00a0que avanz\u00f3 un 0,6% a d\u00edas de superar una valoraci\u00f3n de mercado de u$s4 billones por primera vez en la historia, y consolid\u00f3 as\u00ed su posici\u00f3n como la empresa cotizada m\u00e1s valiosa del mundo.<\/p>\n<p>Adem\u00e1s, las acciones de\u00a0<strong>Levi Strauss<\/strong>\u00a0treparon un 11,4% despu\u00e9s que el fabricante de vaqueros elevara sus previsiones de ventas, para indicar que espera absorber algunos costos arancelarios por ahora.<\/p>\n<p>Mientras tanto,\u00a0<strong>PENN Entertainment Inc<\/strong>\u00a0cay\u00f3 m\u00e1s de un 7% por temor a una desaceleraci\u00f3n del crecimiento, despu\u00e9s que Iowa e Indiana informaran una disminuci\u00f3n en los ingresos del sector juego a nivel nacional.<\/p>\n<p>Las acciones de\u00a0<strong>PayPal<\/strong>\u00a0cayeron un 6% y\u00a0<strong>Block Inc<\/strong>\u00a0baj\u00f3 un 5,4% despu\u00e9s de conocerse algunos informes sobre JPMorgan Chase &amp; Co., que planea cobrar a empresas fintech por el acceso a datos de clientes.<\/p>\n<p>Seg\u00fan Bloomberg, JPMorgan agreg\u00f3 hojas de precios, a listas de datos, que detallan nuevas tarifas que podr\u00edan ascender a cientos de millones de d\u00f3lares. Estas \u201clistas de datos y su agregado\u201d sirven como intermediarios que conectan bancos y empresas fintech. Las tarifas variar\u00e1n seg\u00fan c\u00f3mo las empresas utilicen la informaci\u00f3n, y enfrentar\u00e1n cargos m\u00e1s altos las compa\u00f1\u00edas centradas en pagos.<\/p>\n<p><strong>Las acciones de AMC Entertainment<\/strong>\u00a0aumentaron un 11,5% el viernes despu\u00e9s que el analista de Wedbush Grpup, Michael Pachter, mejorara la calificaci\u00f3n de la antigua acci\u00f3n meme de Neutral a Mejor Rendimiento, y elevara su precio objetivo de u$s4,00 desde los u$s3,00.<\/p>\n<p>La mejora llega cuando Pachter ve m\u00faltiples catalizadores para la cadena de cines, incluyendo beneficios de un calendario de estrenos m\u00e1s consistente en los pr\u00f3ximos trimestres y potenciales ganancias de cuota de mercado en 2025 y 2026.<\/p>\n<h2>Se acerca la temporada de resultados trimestrales<\/h2>\n<p>La presentaci\u00f3n de resultados del segundo trimestre comenzar\u00e1 con fuerza la pr\u00f3xima semana, con varios bancos importantes, como JPMorgan Chase, Wells Fargo, Citigroup y Bank of New York Mellon, que publicar\u00e1n sus trimestrales el martes.<\/p>\n<p>El calendario de datos econ\u00f3micos est\u00e1 pr\u00e1cticamente vac\u00edo el viernes, y\u00a0<strong>la atenci\u00f3n se centra en la publicaci\u00f3n del \u00edndice de precios al consumidor de junio<\/strong>\u00a0la pr\u00f3xima semana, que se espera muestre un aumento mensual del 0,3%.<\/p>\n<h2>Morgan Stanley afirma que el \u00abProyecto \u00abBeautiful Bill\u2019 impulsar\u00e1 ligeramente el PBI hasta 2027<\/h2>\n<p>El recientemente aprobado \u00abProyecto de Ley Grande y Hermoso\u00bb (\u201cBeautiful Bill\u2019) solo ofrecer\u00e1 un apoyo modesto al crecimiento econ\u00f3mico de EEUU Morgan Stanley pronostica un aumento de 0,4 puntos porcentuales en el PBI real en 2026 y del 0,2% en 2027.<\/p>\n<p>Si bien el proyecto de ley anticipa el d\u00e9ficit mediante recortes de impuestos y retrasa los recortes del gasto hasta a\u00f1os posteriores, Morgan Stanley cree que el impulso fiscal \u00abno ser\u00e1 suficiente para compensar los efectos directos e indirectos de los aranceles y los controles migratorios\u00bb. La firma a\u00f1adi\u00f3:\u00a0<strong>\u201cQuienes buscan un impulso fiscal significativo para el crecimiento a partir del \u2018Beautiful Bill\u2019 probablemente se sentir\u00e1n decepcionados\u201d<\/strong>.<\/p>\n<p>El an\u00e1lisis se produce en medio de una ola de nuevas amenazas arancelarias por parte de la administraci\u00f3n Trump. De implementarse, la tasa arancelaria efectiva se disparar\u00eda al 17-18%.<\/p>\n<p>A pesar de estos acontecimientos, Morgan Stanley no modific\u00f3 su perspectiva de crecimiento base, y cit\u00f3 posibles \u00abrampas de salida\u00bb antes de que los aranceles entren en vigor.<\/p>\n<p>No obstante,\u00a0<strong>la firma advirti\u00f3 que los riesgos para la inflaci\u00f3n siguen en alza<\/strong>, ya que los nuevos aranceles podr\u00edan \u00abmantener la inflaci\u00f3n significativamente por encima del 2% hasta bien entrado 2026\u00bb.<\/p>\n<p>La firma tambi\u00e9n se\u00f1al\u00f3 las limitaciones de la pol\u00edtica fiscal. \u00abLos multiplicadores fiscales son desfavorables: las medidas pol\u00edticas contractivas tienden a tener un mayor impacto que las expansivas\u00bb.<\/p>\n<p>Para finalizar, si bien el \u2018Beautiful Bill\u2019 ofrece cierto apoyo a corto plazo, Morgan Stanley anticipa una econom\u00eda de crecimiento lento e inflaci\u00f3n firme, impulsada por los efectos combinados de las pol\u00edticas comerciales, migratorias, fiscales y regulatorias.<\/p>\n<p>FUENTE \u00c1MBITO<\/p>\n<p>Fuente: <a href=\"https:\/\/tucuman24.com\/nota\/185385\/wall-street-cayo-desde-maximos-historicos-ante-el-temor-a-una-guerra-comercial-por-los-aranceles.html\"> Fuente de la nota <\/a><\/p>\n","protected":false},"excerpt":{"rendered":"<p>Los \u00edndices en Nueva York bajaron este viernes y los mercados se mostraron atentos a la pol\u00edtica arancelaria de EEUU. La bolsa de Nueva York\u00a0cay\u00f3 el viernes 11 de julio, despu\u00e9s que la decisi\u00f3n del presidente\u00a0Donald Trump, de imponer aranceles comerciales a\u00a0Canad\u00e1\u00a0a partir del pr\u00f3ximo mes, aument\u00f3 las preocupaciones por una guerra comercial global en [&hellip;]<\/p>\n","protected":false},"author":1,"featured_media":45028,"comment_status":"closed","ping_status":"open","sticky":false,"template":"","format":"standard","meta":{"footnotes":""},"categories":[2],"tags":[],"class_list":{"0":"post-45027","1":"post","2":"type-post","3":"status-publish","4":"format-standard","5":"has-post-thumbnail","7":"category-actualidad"},"yoast_head":"<!-- This site is optimized with the Yoast SEO plugin v27.4 - https:\/\/yoast.com\/product\/yoast-seo-wordpress\/ -->\n<title>Wall Street cay\u00f3 desde m\u00e1ximos hist\u00f3ricos ante el temor a una guerra comercial por los aranceles - El Diario de Tucuman<\/title>\n<meta name=\"robots\" content=\"index, follow, max-snippet:-1, max-image-preview:large, max-video-preview:-1\" \/>\n<link rel=\"canonical\" href=\"https:\/\/www.eldiariodetucuman.com\/web\/wall-street-cayo-desde-maximos-historicos-ante-el-temor-a-una-guerra-comercial-por-los-aranceles\/\" \/>\n<meta property=\"og:locale\" content=\"es_ES\" \/>\n<meta property=\"og:type\" content=\"article\" \/>\n<meta property=\"og:title\" content=\"Wall Street cay\u00f3 desde m\u00e1ximos hist\u00f3ricos ante el temor a una guerra comercial por los aranceles - El Diario de Tucuman\" \/>\n<meta property=\"og:description\" content=\"Los \u00edndices en Nueva York bajaron este viernes y los mercados se mostraron atentos a la pol\u00edtica arancelaria de EEUU. La bolsa de Nueva York\u00a0cay\u00f3 el viernes 11 de julio, despu\u00e9s que la decisi\u00f3n del presidente\u00a0Donald Trump, de imponer aranceles comerciales a\u00a0Canad\u00e1\u00a0a partir del pr\u00f3ximo mes, aument\u00f3 las preocupaciones por una guerra comercial global en [&hellip;]\" \/>\n<meta property=\"og:url\" content=\"https:\/\/www.eldiariodetucuman.com\/web\/wall-street-cayo-desde-maximos-historicos-ante-el-temor-a-una-guerra-comercial-por-los-aranceles\/\" \/>\n<meta property=\"og:site_name\" content=\"El Diario de Tucuman\" \/>\n<meta property=\"article:published_time\" content=\"2025-07-12T16:57:22+00:00\" \/>\n<meta name=\"author\" content=\"admin\" \/>\n<meta name=\"twitter:card\" content=\"summary_large_image\" \/>\n<meta name=\"twitter:label1\" content=\"Escrito por\" \/>\n\t<meta name=\"twitter:data1\" content=\"admin\" \/>\n\t<meta name=\"twitter:label2\" content=\"Tiempo de lectura\" \/>\n\t<meta name=\"twitter:data2\" content=\"5 minutos\" \/>\n<script type=\"application\/ld+json\" class=\"yoast-schema-graph\">{\"@context\":\"https:\\\/\\\/schema.org\",\"@graph\":[{\"@type\":\"Article\",\"@id\":\"https:\\\/\\\/www.eldiariodetucuman.com\\\/web\\\/wall-street-cayo-desde-maximos-historicos-ante-el-temor-a-una-guerra-comercial-por-los-aranceles\\\/#article\",\"isPartOf\":{\"@id\":\"https:\\\/\\\/www.eldiariodetucuman.com\\\/web\\\/wall-street-cayo-desde-maximos-historicos-ante-el-temor-a-una-guerra-comercial-por-los-aranceles\\\/\"},\"author\":{\"name\":\"admin\",\"@id\":\"https:\\\/\\\/www.eldiariodetucuman.com\\\/web\\\/#\\\/schema\\\/person\\\/9250197d75ab5483412e19678b121caa\"},\"headline\":\"Wall Street cay\u00f3 desde m\u00e1ximos hist\u00f3ricos ante el temor a una guerra comercial por los aranceles\",\"datePublished\":\"2025-07-12T16:57:22+00:00\",\"mainEntityOfPage\":{\"@id\":\"https:\\\/\\\/www.eldiariodetucuman.com\\\/web\\\/wall-street-cayo-desde-maximos-historicos-ante-el-temor-a-una-guerra-comercial-por-los-aranceles\\\/\"},\"wordCount\":1026,\"publisher\":{\"@id\":\"https:\\\/\\\/www.eldiariodetucuman.com\\\/web\\\/#organization\"},\"image\":{\"@id\":\"https:\\\/\\\/www.eldiariodetucuman.com\\\/web\\\/wall-street-cayo-desde-maximos-historicos-ante-el-temor-a-una-guerra-comercial-por-los-aranceles\\\/#primaryimage\"},\"thumbnailUrl\":\"https:\\\/\\\/www.eldiariodetucuman.com\\\/web\\\/wp-content\\\/uploads\\\/2025\\\/07\\\/Wall-Street-cayo-desde-maximos-historicos-ante-el-temor-a.png\",\"articleSection\":[\"Actualidad\"],\"inLanguage\":\"es\"},{\"@type\":\"WebPage\",\"@id\":\"https:\\\/\\\/www.eldiariodetucuman.com\\\/web\\\/wall-street-cayo-desde-maximos-historicos-ante-el-temor-a-una-guerra-comercial-por-los-aranceles\\\/\",\"url\":\"https:\\\/\\\/www.eldiariodetucuman.com\\\/web\\\/wall-street-cayo-desde-maximos-historicos-ante-el-temor-a-una-guerra-comercial-por-los-aranceles\\\/\",\"name\":\"Wall Street cay\u00f3 desde m\u00e1ximos hist\u00f3ricos ante el temor a una guerra comercial por los aranceles - El Diario de Tucuman\",\"isPartOf\":{\"@id\":\"https:\\\/\\\/www.eldiariodetucuman.com\\\/web\\\/#website\"},\"primaryImageOfPage\":{\"@id\":\"https:\\\/\\\/www.eldiariodetucuman.com\\\/web\\\/wall-street-cayo-desde-maximos-historicos-ante-el-temor-a-una-guerra-comercial-por-los-aranceles\\\/#primaryimage\"},\"image\":{\"@id\":\"https:\\\/\\\/www.eldiariodetucuman.com\\\/web\\\/wall-street-cayo-desde-maximos-historicos-ante-el-temor-a-una-guerra-comercial-por-los-aranceles\\\/#primaryimage\"},\"thumbnailUrl\":\"https:\\\/\\\/www.eldiariodetucuman.com\\\/web\\\/wp-content\\\/uploads\\\/2025\\\/07\\\/Wall-Street-cayo-desde-maximos-historicos-ante-el-temor-a.png\",\"datePublished\":\"2025-07-12T16:57:22+00:00\",\"breadcrumb\":{\"@id\":\"https:\\\/\\\/www.eldiariodetucuman.com\\\/web\\\/wall-street-cayo-desde-maximos-historicos-ante-el-temor-a-una-guerra-comercial-por-los-aranceles\\\/#breadcrumb\"},\"inLanguage\":\"es\",\"potentialAction\":[{\"@type\":\"ReadAction\",\"target\":[\"https:\\\/\\\/www.eldiariodetucuman.com\\\/web\\\/wall-street-cayo-desde-maximos-historicos-ante-el-temor-a-una-guerra-comercial-por-los-aranceles\\\/\"]}]},{\"@type\":\"ImageObject\",\"inLanguage\":\"es\",\"@id\":\"https:\\\/\\\/www.eldiariodetucuman.com\\\/web\\\/wall-street-cayo-desde-maximos-historicos-ante-el-temor-a-una-guerra-comercial-por-los-aranceles\\\/#primaryimage\",\"url\":\"https:\\\/\\\/www.eldiariodetucuman.com\\\/web\\\/wp-content\\\/uploads\\\/2025\\\/07\\\/Wall-Street-cayo-desde-maximos-historicos-ante-el-temor-a.png\",\"contentUrl\":\"https:\\\/\\\/www.eldiariodetucuman.com\\\/web\\\/wp-content\\\/uploads\\\/2025\\\/07\\\/Wall-Street-cayo-desde-maximos-historicos-ante-el-temor-a.png\",\"width\":1124,\"height\":720},{\"@type\":\"BreadcrumbList\",\"@id\":\"https:\\\/\\\/www.eldiariodetucuman.com\\\/web\\\/wall-street-cayo-desde-maximos-historicos-ante-el-temor-a-una-guerra-comercial-por-los-aranceles\\\/#breadcrumb\",\"itemListElement\":[{\"@type\":\"ListItem\",\"position\":1,\"name\":\"Portada\",\"item\":\"https:\\\/\\\/www.eldiariodetucuman.com\\\/web\\\/\"},{\"@type\":\"ListItem\",\"position\":2,\"name\":\"Wall Street cay\u00f3 desde m\u00e1ximos hist\u00f3ricos ante el temor a una guerra comercial por los aranceles\"}]},{\"@type\":\"WebSite\",\"@id\":\"https:\\\/\\\/www.eldiariodetucuman.com\\\/web\\\/#website\",\"url\":\"https:\\\/\\\/www.eldiariodetucuman.com\\\/web\\\/\",\"name\":\"El Diario de Tucuman\",\"description\":\"Diario Tucuman - Informaci\u00f3n y noticias\",\"publisher\":{\"@id\":\"https:\\\/\\\/www.eldiariodetucuman.com\\\/web\\\/#organization\"},\"potentialAction\":[{\"@type\":\"SearchAction\",\"target\":{\"@type\":\"EntryPoint\",\"urlTemplate\":\"https:\\\/\\\/www.eldiariodetucuman.com\\\/web\\\/?s={search_term_string}\"},\"query-input\":{\"@type\":\"PropertyValueSpecification\",\"valueRequired\":true,\"valueName\":\"search_term_string\"}}],\"inLanguage\":\"es\"},{\"@type\":\"Organization\",\"@id\":\"https:\\\/\\\/www.eldiariodetucuman.com\\\/web\\\/#organization\",\"name\":\"El Diario de Tucuman\",\"url\":\"https:\\\/\\\/www.eldiariodetucuman.com\\\/web\\\/\",\"logo\":{\"@type\":\"ImageObject\",\"inLanguage\":\"es\",\"@id\":\"https:\\\/\\\/www.eldiariodetucuman.com\\\/web\\\/#\\\/schema\\\/logo\\\/image\\\/\",\"url\":\"http:\\\/\\\/www.eldiariodetucuman.com\\\/web\\\/wp-content\\\/uploads\\\/2017\\\/12\\\/el-diario-de-tucuman.jpg\",\"contentUrl\":\"http:\\\/\\\/www.eldiariodetucuman.com\\\/web\\\/wp-content\\\/uploads\\\/2017\\\/12\\\/el-diario-de-tucuman.jpg\",\"width\":272,\"height\":92,\"caption\":\"El Diario de Tucuman\"},\"image\":{\"@id\":\"https:\\\/\\\/www.eldiariodetucuman.com\\\/web\\\/#\\\/schema\\\/logo\\\/image\\\/\"}},{\"@type\":\"Person\",\"@id\":\"https:\\\/\\\/www.eldiariodetucuman.com\\\/web\\\/#\\\/schema\\\/person\\\/9250197d75ab5483412e19678b121caa\",\"name\":\"admin\",\"image\":{\"@type\":\"ImageObject\",\"inLanguage\":\"es\",\"@id\":\"https:\\\/\\\/secure.gravatar.com\\\/avatar\\\/c44d117c2be811212c22cb481f6b8384b6873de103fbc49e7a03cc58d7dea4ac?s=96&d=mm&r=g\",\"url\":\"https:\\\/\\\/secure.gravatar.com\\\/avatar\\\/c44d117c2be811212c22cb481f6b8384b6873de103fbc49e7a03cc58d7dea4ac?s=96&d=mm&r=g\",\"contentUrl\":\"https:\\\/\\\/secure.gravatar.com\\\/avatar\\\/c44d117c2be811212c22cb481f6b8384b6873de103fbc49e7a03cc58d7dea4ac?s=96&d=mm&r=g\",\"caption\":\"admin\"},\"url\":\"https:\\\/\\\/www.eldiariodetucuman.com\\\/web\\\/author\\\/admin\\\/\"}]}<\/script>\n<!-- \/ Yoast SEO plugin. -->","yoast_head_json":{"title":"Wall Street cay\u00f3 desde m\u00e1ximos hist\u00f3ricos ante el temor a una guerra comercial por los aranceles - El Diario de Tucuman","robots":{"index":"index","follow":"follow","max-snippet":"max-snippet:-1","max-image-preview":"max-image-preview:large","max-video-preview":"max-video-preview:-1"},"canonical":"https:\/\/www.eldiariodetucuman.com\/web\/wall-street-cayo-desde-maximos-historicos-ante-el-temor-a-una-guerra-comercial-por-los-aranceles\/","og_locale":"es_ES","og_type":"article","og_title":"Wall Street cay\u00f3 desde m\u00e1ximos hist\u00f3ricos ante el temor a una guerra comercial por los aranceles - El Diario de Tucuman","og_description":"Los \u00edndices en Nueva York bajaron este viernes y los mercados se mostraron atentos a la pol\u00edtica arancelaria de EEUU. La bolsa de Nueva York\u00a0cay\u00f3 el viernes 11 de julio, despu\u00e9s que la decisi\u00f3n del presidente\u00a0Donald Trump, de imponer aranceles comerciales a\u00a0Canad\u00e1\u00a0a partir del pr\u00f3ximo mes, aument\u00f3 las preocupaciones por una guerra comercial global en [&hellip;]","og_url":"https:\/\/www.eldiariodetucuman.com\/web\/wall-street-cayo-desde-maximos-historicos-ante-el-temor-a-una-guerra-comercial-por-los-aranceles\/","og_site_name":"El Diario de Tucuman","article_published_time":"2025-07-12T16:57:22+00:00","author":"admin","twitter_card":"summary_large_image","twitter_misc":{"Escrito por":"admin","Tiempo de lectura":"5 minutos"},"schema":{"@context":"https:\/\/schema.org","@graph":[{"@type":"Article","@id":"https:\/\/www.eldiariodetucuman.com\/web\/wall-street-cayo-desde-maximos-historicos-ante-el-temor-a-una-guerra-comercial-por-los-aranceles\/#article","isPartOf":{"@id":"https:\/\/www.eldiariodetucuman.com\/web\/wall-street-cayo-desde-maximos-historicos-ante-el-temor-a-una-guerra-comercial-por-los-aranceles\/"},"author":{"name":"admin","@id":"https:\/\/www.eldiariodetucuman.com\/web\/#\/schema\/person\/9250197d75ab5483412e19678b121caa"},"headline":"Wall Street cay\u00f3 desde m\u00e1ximos hist\u00f3ricos ante el temor a una guerra comercial por los aranceles","datePublished":"2025-07-12T16:57:22+00:00","mainEntityOfPage":{"@id":"https:\/\/www.eldiariodetucuman.com\/web\/wall-street-cayo-desde-maximos-historicos-ante-el-temor-a-una-guerra-comercial-por-los-aranceles\/"},"wordCount":1026,"publisher":{"@id":"https:\/\/www.eldiariodetucuman.com\/web\/#organization"},"image":{"@id":"https:\/\/www.eldiariodetucuman.com\/web\/wall-street-cayo-desde-maximos-historicos-ante-el-temor-a-una-guerra-comercial-por-los-aranceles\/#primaryimage"},"thumbnailUrl":"https:\/\/www.eldiariodetucuman.com\/web\/wp-content\/uploads\/2025\/07\/Wall-Street-cayo-desde-maximos-historicos-ante-el-temor-a.png","articleSection":["Actualidad"],"inLanguage":"es"},{"@type":"WebPage","@id":"https:\/\/www.eldiariodetucuman.com\/web\/wall-street-cayo-desde-maximos-historicos-ante-el-temor-a-una-guerra-comercial-por-los-aranceles\/","url":"https:\/\/www.eldiariodetucuman.com\/web\/wall-street-cayo-desde-maximos-historicos-ante-el-temor-a-una-guerra-comercial-por-los-aranceles\/","name":"Wall Street cay\u00f3 desde m\u00e1ximos hist\u00f3ricos ante el temor a una guerra comercial por los aranceles - El Diario de Tucuman","isPartOf":{"@id":"https:\/\/www.eldiariodetucuman.com\/web\/#website"},"primaryImageOfPage":{"@id":"https:\/\/www.eldiariodetucuman.com\/web\/wall-street-cayo-desde-maximos-historicos-ante-el-temor-a-una-guerra-comercial-por-los-aranceles\/#primaryimage"},"image":{"@id":"https:\/\/www.eldiariodetucuman.com\/web\/wall-street-cayo-desde-maximos-historicos-ante-el-temor-a-una-guerra-comercial-por-los-aranceles\/#primaryimage"},"thumbnailUrl":"https:\/\/www.eldiariodetucuman.com\/web\/wp-content\/uploads\/2025\/07\/Wall-Street-cayo-desde-maximos-historicos-ante-el-temor-a.png","datePublished":"2025-07-12T16:57:22+00:00","breadcrumb":{"@id":"https:\/\/www.eldiariodetucuman.com\/web\/wall-street-cayo-desde-maximos-historicos-ante-el-temor-a-una-guerra-comercial-por-los-aranceles\/#breadcrumb"},"inLanguage":"es","potentialAction":[{"@type":"ReadAction","target":["https:\/\/www.eldiariodetucuman.com\/web\/wall-street-cayo-desde-maximos-historicos-ante-el-temor-a-una-guerra-comercial-por-los-aranceles\/"]}]},{"@type":"ImageObject","inLanguage":"es","@id":"https:\/\/www.eldiariodetucuman.com\/web\/wall-street-cayo-desde-maximos-historicos-ante-el-temor-a-una-guerra-comercial-por-los-aranceles\/#primaryimage","url":"https:\/\/www.eldiariodetucuman.com\/web\/wp-content\/uploads\/2025\/07\/Wall-Street-cayo-desde-maximos-historicos-ante-el-temor-a.png","contentUrl":"https:\/\/www.eldiariodetucuman.com\/web\/wp-content\/uploads\/2025\/07\/Wall-Street-cayo-desde-maximos-historicos-ante-el-temor-a.png","width":1124,"height":720},{"@type":"BreadcrumbList","@id":"https:\/\/www.eldiariodetucuman.com\/web\/wall-street-cayo-desde-maximos-historicos-ante-el-temor-a-una-guerra-comercial-por-los-aranceles\/#breadcrumb","itemListElement":[{"@type":"ListItem","position":1,"name":"Portada","item":"https:\/\/www.eldiariodetucuman.com\/web\/"},{"@type":"ListItem","position":2,"name":"Wall Street cay\u00f3 desde m\u00e1ximos hist\u00f3ricos ante el temor a una guerra comercial por los aranceles"}]},{"@type":"WebSite","@id":"https:\/\/www.eldiariodetucuman.com\/web\/#website","url":"https:\/\/www.eldiariodetucuman.com\/web\/","name":"El Diario de Tucuman","description":"Diario Tucuman - Informaci\u00f3n y noticias","publisher":{"@id":"https:\/\/www.eldiariodetucuman.com\/web\/#organization"},"potentialAction":[{"@type":"SearchAction","target":{"@type":"EntryPoint","urlTemplate":"https:\/\/www.eldiariodetucuman.com\/web\/?s={search_term_string}"},"query-input":{"@type":"PropertyValueSpecification","valueRequired":true,"valueName":"search_term_string"}}],"inLanguage":"es"},{"@type":"Organization","@id":"https:\/\/www.eldiariodetucuman.com\/web\/#organization","name":"El Diario de Tucuman","url":"https:\/\/www.eldiariodetucuman.com\/web\/","logo":{"@type":"ImageObject","inLanguage":"es","@id":"https:\/\/www.eldiariodetucuman.com\/web\/#\/schema\/logo\/image\/","url":"http:\/\/www.eldiariodetucuman.com\/web\/wp-content\/uploads\/2017\/12\/el-diario-de-tucuman.jpg","contentUrl":"http:\/\/www.eldiariodetucuman.com\/web\/wp-content\/uploads\/2017\/12\/el-diario-de-tucuman.jpg","width":272,"height":92,"caption":"El Diario de Tucuman"},"image":{"@id":"https:\/\/www.eldiariodetucuman.com\/web\/#\/schema\/logo\/image\/"}},{"@type":"Person","@id":"https:\/\/www.eldiariodetucuman.com\/web\/#\/schema\/person\/9250197d75ab5483412e19678b121caa","name":"admin","image":{"@type":"ImageObject","inLanguage":"es","@id":"https:\/\/secure.gravatar.com\/avatar\/c44d117c2be811212c22cb481f6b8384b6873de103fbc49e7a03cc58d7dea4ac?s=96&d=mm&r=g","url":"https:\/\/secure.gravatar.com\/avatar\/c44d117c2be811212c22cb481f6b8384b6873de103fbc49e7a03cc58d7dea4ac?s=96&d=mm&r=g","contentUrl":"https:\/\/secure.gravatar.com\/avatar\/c44d117c2be811212c22cb481f6b8384b6873de103fbc49e7a03cc58d7dea4ac?s=96&d=mm&r=g","caption":"admin"},"url":"https:\/\/www.eldiariodetucuman.com\/web\/author\/admin\/"}]}},"_links":{"self":[{"href":"https:\/\/www.eldiariodetucuman.com\/web\/wp-json\/wp\/v2\/posts\/45027","targetHints":{"allow":["GET"]}}],"collection":[{"href":"https:\/\/www.eldiariodetucuman.com\/web\/wp-json\/wp\/v2\/posts"}],"about":[{"href":"https:\/\/www.eldiariodetucuman.com\/web\/wp-json\/wp\/v2\/types\/post"}],"author":[{"embeddable":true,"href":"https:\/\/www.eldiariodetucuman.com\/web\/wp-json\/wp\/v2\/users\/1"}],"replies":[{"embeddable":true,"href":"https:\/\/www.eldiariodetucuman.com\/web\/wp-json\/wp\/v2\/comments?post=45027"}],"version-history":[{"count":0,"href":"https:\/\/www.eldiariodetucuman.com\/web\/wp-json\/wp\/v2\/posts\/45027\/revisions"}],"wp:featuredmedia":[{"embeddable":true,"href":"https:\/\/www.eldiariodetucuman.com\/web\/wp-json\/wp\/v2\/media\/45028"}],"wp:attachment":[{"href":"https:\/\/www.eldiariodetucuman.com\/web\/wp-json\/wp\/v2\/media?parent=45027"}],"wp:term":[{"taxonomy":"category","embeddable":true,"href":"https:\/\/www.eldiariodetucuman.com\/web\/wp-json\/wp\/v2\/categories?post=45027"},{"taxonomy":"post_tag","embeddable":true,"href":"https:\/\/www.eldiariodetucuman.com\/web\/wp-json\/wp\/v2\/tags?post=45027"}],"curies":[{"name":"wp","href":"https:\/\/api.w.org\/{rel}","templated":true}]}}