{"id":45022,"date":"2025-07-11T20:22:25","date_gmt":"2025-07-11T23:22:25","guid":{"rendered":"https:\/\/www.eldiariodetucuman.com\/web\/detectan-movimientos-de-cuentas-congeladas-y-piden-interrogar-al-creador-de-la-criptomoneda\/"},"modified":"2025-07-11T20:22:28","modified_gmt":"2025-07-11T23:22:28","slug":"detectan-movimientos-de-cuentas-congeladas-y-piden-interrogar-al-creador-de-la-criptomoneda","status":"publish","type":"post","link":"https:\/\/www.eldiariodetucuman.com\/web\/detectan-movimientos-de-cuentas-congeladas-y-piden-interrogar-al-creador-de-la-criptomoneda\/","title":{"rendered":"Detectan movimientos de cuentas \u201ccongeladas\u201d y piden interrogar al creador de la criptomoneda"},"content":{"rendered":"<p><\/p>\n<p class=\"com-paragraph  --capital --s\">El abogado de uno de los damnificados en la demanda colectiva que tramita en los Estados Unidos por el caso $LIBRA advirti\u00f3 que existen movimientos en las cuentas que la Justicia norteamericana congel\u00f3 a fines de mayo y pidi\u00f3 que se cite a declarar al creador del activo, <strong>Hayden Mark Davis y a Benjamin Chow,<\/strong> quien habr\u00eda prestado servicios para el lanzamiento de la moneda virtual. <\/p>\n<p class=\"com-paragraph   --s\">La solicitud -realizada por el demandante Omar Hurlock- busca abrir una instancia previa a la audiencia prevista para el pr\u00f3ximo 19 de agosto, un procedimiento que en Estados Unidos se conoce como \u201cdiscovery\u201d. <\/p>\n<p>El 14 de febrero, Milei promocion\u00f3 el activo en su cuenta de X y tras experimentar una repentina alza, su cotizaci\u00f3n se desplom\u00f3LN+<\/p>\n<p class=\"com-paragraph   --s\">El demandante solicita a la jueza federal <strong>Jennifer Rochon<\/strong> que Chow<strong> <\/strong>-el empresario que habr\u00eda prestado la plataforma operativa para el desarrollo del proyecto- defina en un interrogatorio cu\u00e1l era su v\u00ednculo con $LIBRA y que Davis ofrezca precisiones sobre un serie de billeteras, especialmente una, que seg\u00fan su abogado, actuar\u00eda de manera autom\u00e1tica pero no fue identificada. <\/p>\n<p class=\"com-paragraph   --s\">Adem\u00e1s, siempre a trav\u00e9s de su abogada, Margaret B. Hoppin, Hurlock pide que los empresarios entreguen documentaci\u00f3n y sean interrogados antes de la audiencia. <\/p>\n<p class=\"com-paragraph   --s\">Los demandantes acusan a <strong>Hayden Davis <\/strong>y el resto de los involucrados en el lanzamiento de <strong>$LIBRA <\/strong>de promocionar falsamente a la cripto como una oportunidad de inversi\u00f3n en la econom\u00eda argentina. En total, estiman que fueron defraudados unos <strong>75.000 inversores<\/strong>.<\/p>\n<p>Benjamin Chow, Ben Chow, ex CEO\u00a0de\u00a0MeteoraLinkedin Ben Chow<\/p>\n<p class=\"com-paragraph   --s\">A fines de mayo, la Justicia de los Estados Unidos congel\u00f3 <strong>US$280 millones <\/strong>de las ganancias generadas por la venta de la criptomoneda $LIBRA, que el 14 de febrero difundi\u00f3 el presidente <strong>Javier Milei. <\/strong>La jueza tambi\u00e9n orden\u00f3 a <strong>Circle Internet Group <\/strong>congelar aproximadamente <strong>$58 millones <\/strong>en criptomonedas <strong>USDC<\/strong>, de Solana, almacenados en billeteras virtuales directamente vinculadas al presunto fraude.<strong> <\/strong><\/p>\n<p class=\"com-paragraph   --s\"><strong>El caso pas\u00f3 del fuero estadual al federal <\/strong>y, por si fuera poco, <strong>se unific\u00f3 con otra demanda colectiva<\/strong>que por otro criptoactivo afrontan en Nueva York el \u201cempresario\u201d<strong>Hayden Mark Davis<\/strong>, su hermano, su padre y otros protagonistas del esc\u00e1ndalo.<\/p>\n<p class=\"com-paragraph   --s\">Presentada a mediados de marzo, la demanda colectiva por $LIBRA apunta contra lo que calific\u00f3 como un \u201clanzamiento <strong>enga\u00f1oso, manipulado y fundamentalmente injusto\u201d <\/strong>de la criptomoneda. Tambi\u00e9n <strong>identific\u00f3 a Milei como una figura decisiva en las maniobras \u201cfraudulentas\u201d <\/strong>que desarrollaron Davis y otros para captar inversionistas, y mencionaron al jefe de Estado, por su nombre, en seis ocasiones a lo largo de las 45 carillas. <\/p>\n<p class=\"com-paragraph   --s\">Ni el presidente Milei, ni su hermana Karina, ni ninguna otra de las figuras locales asociadas al lanzamiento de $LIBRA <strong>est\u00e1n siendo investigadas en Estados Unidos<\/strong> porque los demandantes prefirieron excluirlos para evitar contratiempos con la Justicia local, donde s\u00ed est\u00e1n siendo investigados. <\/p>\n<p><a href=\"https:\/\/www.lanacion.com.ar\/politica\/detectan-movimientos-de-cuentas-congeladas-y-piden-interrogar-al-creador-de-la-criptomoneda-nid11072025\/\">Fuente de la nota <\/a><\/p>\n","protected":false},"excerpt":{"rendered":"<p>El abogado de uno de los damnificados en la demanda colectiva que tramita en los Estados Unidos por el caso $LIBRA advirti\u00f3 que existen movimientos en las cuentas que la Justicia norteamericana congel\u00f3 a fines de mayo y pidi\u00f3 que se cite a declarar al creador del activo, Hayden Mark Davis y a Benjamin Chow, [&hellip;]<\/p>\n","protected":false},"author":5,"featured_media":45023,"comment_status":"closed","ping_status":"open","sticky":false,"template":"","format":"standard","meta":{"footnotes":""},"categories":[3],"tags":[],"class_list":{"0":"post-45022","1":"post","2":"type-post","3":"status-publish","4":"format-standard","5":"has-post-thumbnail","7":"category-politica"},"yoast_head":"<!-- This site is optimized with the Yoast SEO plugin v27.4 - https:\/\/yoast.com\/product\/yoast-seo-wordpress\/ -->\n<title>Detectan movimientos de cuentas \u201ccongeladas\u201d y piden interrogar al creador de la criptomoneda - El Diario de Tucuman<\/title>\n<meta name=\"robots\" content=\"index, follow, max-snippet:-1, max-image-preview:large, max-video-preview:-1\" \/>\n<link rel=\"canonical\" href=\"https:\/\/www.eldiariodetucuman.com\/web\/detectan-movimientos-de-cuentas-congeladas-y-piden-interrogar-al-creador-de-la-criptomoneda\/\" \/>\n<meta property=\"og:locale\" content=\"es_ES\" \/>\n<meta property=\"og:type\" content=\"article\" \/>\n<meta property=\"og:title\" content=\"Detectan movimientos de cuentas \u201ccongeladas\u201d y piden interrogar al creador de la criptomoneda - El Diario de Tucuman\" \/>\n<meta property=\"og:description\" content=\"El abogado de uno de los damnificados en la demanda colectiva que tramita en los Estados Unidos por el caso $LIBRA advirti\u00f3 que existen movimientos en las cuentas que la Justicia norteamericana congel\u00f3 a fines de mayo y pidi\u00f3 que se cite a declarar al creador del activo, Hayden Mark Davis y a Benjamin Chow, [&hellip;]\" \/>\n<meta property=\"og:url\" content=\"https:\/\/www.eldiariodetucuman.com\/web\/detectan-movimientos-de-cuentas-congeladas-y-piden-interrogar-al-creador-de-la-criptomoneda\/\" \/>\n<meta property=\"og:site_name\" content=\"El Diario de Tucuman\" \/>\n<meta property=\"article:published_time\" content=\"2025-07-11T23:22:25+00:00\" \/>\n<meta property=\"article:modified_time\" content=\"2025-07-11T23:22:28+00:00\" \/>\n<meta property=\"og:image\" content=\"https:\/\/www.eldiariodetucuman.com\/web\/wp-content\/uploads\/2025\/07\/jennifer-louise-rochon-JCCLUEQRHJDYZPRERRXUB6I35E.jpg\" \/>\n\t<meta property=\"og:image:width\" content=\"1200\" \/>\n\t<meta property=\"og:image:height\" content=\"800\" \/>\n\t<meta property=\"og:image:type\" content=\"image\/jpeg\" \/>\n<meta name=\"author\" content=\"Redactor Uno\" \/>\n<meta name=\"twitter:card\" content=\"summary_large_image\" \/>\n<meta name=\"twitter:label1\" content=\"Escrito por\" \/>\n\t<meta name=\"twitter:data1\" content=\"Redactor Uno\" \/>\n\t<meta name=\"twitter:label2\" content=\"Tiempo de lectura\" \/>\n\t<meta name=\"twitter:data2\" content=\"2 minutos\" \/>\n<script type=\"application\/ld+json\" class=\"yoast-schema-graph\">{\"@context\":\"https:\\\/\\\/schema.org\",\"@graph\":[{\"@type\":\"Article\",\"@id\":\"https:\\\/\\\/www.eldiariodetucuman.com\\\/web\\\/detectan-movimientos-de-cuentas-congeladas-y-piden-interrogar-al-creador-de-la-criptomoneda\\\/#article\",\"isPartOf\":{\"@id\":\"https:\\\/\\\/www.eldiariodetucuman.com\\\/web\\\/detectan-movimientos-de-cuentas-congeladas-y-piden-interrogar-al-creador-de-la-criptomoneda\\\/\"},\"author\":{\"name\":\"Redactor Uno\",\"@id\":\"https:\\\/\\\/www.eldiariodetucuman.com\\\/web\\\/#\\\/schema\\\/person\\\/7e6644a46e60888f6b868594407e08dd\"},\"headline\":\"Detectan movimientos de cuentas \u201ccongeladas\u201d y piden interrogar al creador de la criptomoneda\",\"datePublished\":\"2025-07-11T23:22:25+00:00\",\"dateModified\":\"2025-07-11T23:22:28+00:00\",\"mainEntityOfPage\":{\"@id\":\"https:\\\/\\\/www.eldiariodetucuman.com\\\/web\\\/detectan-movimientos-de-cuentas-congeladas-y-piden-interrogar-al-creador-de-la-criptomoneda\\\/\"},\"wordCount\":494,\"publisher\":{\"@id\":\"https:\\\/\\\/www.eldiariodetucuman.com\\\/web\\\/#organization\"},\"image\":{\"@id\":\"https:\\\/\\\/www.eldiariodetucuman.com\\\/web\\\/detectan-movimientos-de-cuentas-congeladas-y-piden-interrogar-al-creador-de-la-criptomoneda\\\/#primaryimage\"},\"thumbnailUrl\":\"https:\\\/\\\/www.eldiariodetucuman.com\\\/web\\\/wp-content\\\/uploads\\\/2025\\\/07\\\/jennifer-louise-rochon-JCCLUEQRHJDYZPRERRXUB6I35E.jpg\",\"articleSection\":[\"Politica\"],\"inLanguage\":\"es\"},{\"@type\":\"WebPage\",\"@id\":\"https:\\\/\\\/www.eldiariodetucuman.com\\\/web\\\/detectan-movimientos-de-cuentas-congeladas-y-piden-interrogar-al-creador-de-la-criptomoneda\\\/\",\"url\":\"https:\\\/\\\/www.eldiariodetucuman.com\\\/web\\\/detectan-movimientos-de-cuentas-congeladas-y-piden-interrogar-al-creador-de-la-criptomoneda\\\/\",\"name\":\"Detectan movimientos de cuentas \u201ccongeladas\u201d y piden interrogar al creador de la criptomoneda - El Diario de Tucuman\",\"isPartOf\":{\"@id\":\"https:\\\/\\\/www.eldiariodetucuman.com\\\/web\\\/#website\"},\"primaryImageOfPage\":{\"@id\":\"https:\\\/\\\/www.eldiariodetucuman.com\\\/web\\\/detectan-movimientos-de-cuentas-congeladas-y-piden-interrogar-al-creador-de-la-criptomoneda\\\/#primaryimage\"},\"image\":{\"@id\":\"https:\\\/\\\/www.eldiariodetucuman.com\\\/web\\\/detectan-movimientos-de-cuentas-congeladas-y-piden-interrogar-al-creador-de-la-criptomoneda\\\/#primaryimage\"},\"thumbnailUrl\":\"https:\\\/\\\/www.eldiariodetucuman.com\\\/web\\\/wp-content\\\/uploads\\\/2025\\\/07\\\/jennifer-louise-rochon-JCCLUEQRHJDYZPRERRXUB6I35E.jpg\",\"datePublished\":\"2025-07-11T23:22:25+00:00\",\"dateModified\":\"2025-07-11T23:22:28+00:00\",\"breadcrumb\":{\"@id\":\"https:\\\/\\\/www.eldiariodetucuman.com\\\/web\\\/detectan-movimientos-de-cuentas-congeladas-y-piden-interrogar-al-creador-de-la-criptomoneda\\\/#breadcrumb\"},\"inLanguage\":\"es\",\"potentialAction\":[{\"@type\":\"ReadAction\",\"target\":[\"https:\\\/\\\/www.eldiariodetucuman.com\\\/web\\\/detectan-movimientos-de-cuentas-congeladas-y-piden-interrogar-al-creador-de-la-criptomoneda\\\/\"]}]},{\"@type\":\"ImageObject\",\"inLanguage\":\"es\",\"@id\":\"https:\\\/\\\/www.eldiariodetucuman.com\\\/web\\\/detectan-movimientos-de-cuentas-congeladas-y-piden-interrogar-al-creador-de-la-criptomoneda\\\/#primaryimage\",\"url\":\"https:\\\/\\\/www.eldiariodetucuman.com\\\/web\\\/wp-content\\\/uploads\\\/2025\\\/07\\\/jennifer-louise-rochon-JCCLUEQRHJDYZPRERRXUB6I35E.jpg\",\"contentUrl\":\"https:\\\/\\\/www.eldiariodetucuman.com\\\/web\\\/wp-content\\\/uploads\\\/2025\\\/07\\\/jennifer-louise-rochon-JCCLUEQRHJDYZPRERRXUB6I35E.jpg\",\"width\":1200,\"height\":800},{\"@type\":\"BreadcrumbList\",\"@id\":\"https:\\\/\\\/www.eldiariodetucuman.com\\\/web\\\/detectan-movimientos-de-cuentas-congeladas-y-piden-interrogar-al-creador-de-la-criptomoneda\\\/#breadcrumb\",\"itemListElement\":[{\"@type\":\"ListItem\",\"position\":1,\"name\":\"Portada\",\"item\":\"https:\\\/\\\/www.eldiariodetucuman.com\\\/web\\\/\"},{\"@type\":\"ListItem\",\"position\":2,\"name\":\"Detectan movimientos de cuentas \u201ccongeladas\u201d y piden interrogar al creador de la criptomoneda\"}]},{\"@type\":\"WebSite\",\"@id\":\"https:\\\/\\\/www.eldiariodetucuman.com\\\/web\\\/#website\",\"url\":\"https:\\\/\\\/www.eldiariodetucuman.com\\\/web\\\/\",\"name\":\"El Diario de Tucuman\",\"description\":\"Diario Tucuman - Informaci\u00f3n y noticias\",\"publisher\":{\"@id\":\"https:\\\/\\\/www.eldiariodetucuman.com\\\/web\\\/#organization\"},\"potentialAction\":[{\"@type\":\"SearchAction\",\"target\":{\"@type\":\"EntryPoint\",\"urlTemplate\":\"https:\\\/\\\/www.eldiariodetucuman.com\\\/web\\\/?s={search_term_string}\"},\"query-input\":{\"@type\":\"PropertyValueSpecification\",\"valueRequired\":true,\"valueName\":\"search_term_string\"}}],\"inLanguage\":\"es\"},{\"@type\":\"Organization\",\"@id\":\"https:\\\/\\\/www.eldiariodetucuman.com\\\/web\\\/#organization\",\"name\":\"El Diario de Tucuman\",\"url\":\"https:\\\/\\\/www.eldiariodetucuman.com\\\/web\\\/\",\"logo\":{\"@type\":\"ImageObject\",\"inLanguage\":\"es\",\"@id\":\"https:\\\/\\\/www.eldiariodetucuman.com\\\/web\\\/#\\\/schema\\\/logo\\\/image\\\/\",\"url\":\"http:\\\/\\\/www.eldiariodetucuman.com\\\/web\\\/wp-content\\\/uploads\\\/2017\\\/12\\\/el-diario-de-tucuman.jpg\",\"contentUrl\":\"http:\\\/\\\/www.eldiariodetucuman.com\\\/web\\\/wp-content\\\/uploads\\\/2017\\\/12\\\/el-diario-de-tucuman.jpg\",\"width\":272,\"height\":92,\"caption\":\"El Diario de Tucuman\"},\"image\":{\"@id\":\"https:\\\/\\\/www.eldiariodetucuman.com\\\/web\\\/#\\\/schema\\\/logo\\\/image\\\/\"}},{\"@type\":\"Person\",\"@id\":\"https:\\\/\\\/www.eldiariodetucuman.com\\\/web\\\/#\\\/schema\\\/person\\\/7e6644a46e60888f6b868594407e08dd\",\"name\":\"Redactor Uno\",\"image\":{\"@type\":\"ImageObject\",\"inLanguage\":\"es\",\"@id\":\"https:\\\/\\\/secure.gravatar.com\\\/avatar\\\/0049b1bdf1bd548385c9ea6b9356431717930913089febd2ba904f0187d7d074?s=96&d=mm&r=g\",\"url\":\"https:\\\/\\\/secure.gravatar.com\\\/avatar\\\/0049b1bdf1bd548385c9ea6b9356431717930913089febd2ba904f0187d7d074?s=96&d=mm&r=g\",\"contentUrl\":\"https:\\\/\\\/secure.gravatar.com\\\/avatar\\\/0049b1bdf1bd548385c9ea6b9356431717930913089febd2ba904f0187d7d074?s=96&d=mm&r=g\",\"caption\":\"Redactor Uno\"},\"url\":\"https:\\\/\\\/www.eldiariodetucuman.com\\\/web\\\/author\\\/mramasco\\\/\"}]}<\/script>\n<!-- \/ Yoast SEO plugin. -->","yoast_head_json":{"title":"Detectan movimientos de cuentas \u201ccongeladas\u201d y piden interrogar al creador de la criptomoneda - El Diario de Tucuman","robots":{"index":"index","follow":"follow","max-snippet":"max-snippet:-1","max-image-preview":"max-image-preview:large","max-video-preview":"max-video-preview:-1"},"canonical":"https:\/\/www.eldiariodetucuman.com\/web\/detectan-movimientos-de-cuentas-congeladas-y-piden-interrogar-al-creador-de-la-criptomoneda\/","og_locale":"es_ES","og_type":"article","og_title":"Detectan movimientos de cuentas \u201ccongeladas\u201d y piden interrogar al creador de la criptomoneda - El Diario de Tucuman","og_description":"El abogado de uno de los damnificados en la demanda colectiva que tramita en los Estados Unidos por el caso $LIBRA advirti\u00f3 que existen movimientos en las cuentas que la Justicia norteamericana congel\u00f3 a fines de mayo y pidi\u00f3 que se cite a declarar al creador del activo, Hayden Mark Davis y a Benjamin Chow, [&hellip;]","og_url":"https:\/\/www.eldiariodetucuman.com\/web\/detectan-movimientos-de-cuentas-congeladas-y-piden-interrogar-al-creador-de-la-criptomoneda\/","og_site_name":"El Diario de Tucuman","article_published_time":"2025-07-11T23:22:25+00:00","article_modified_time":"2025-07-11T23:22:28+00:00","og_image":[{"width":1200,"height":800,"url":"https:\/\/www.eldiariodetucuman.com\/web\/wp-content\/uploads\/2025\/07\/jennifer-louise-rochon-JCCLUEQRHJDYZPRERRXUB6I35E.jpg","type":"image\/jpeg"}],"author":"Redactor Uno","twitter_card":"summary_large_image","twitter_misc":{"Escrito por":"Redactor Uno","Tiempo de lectura":"2 minutos"},"schema":{"@context":"https:\/\/schema.org","@graph":[{"@type":"Article","@id":"https:\/\/www.eldiariodetucuman.com\/web\/detectan-movimientos-de-cuentas-congeladas-y-piden-interrogar-al-creador-de-la-criptomoneda\/#article","isPartOf":{"@id":"https:\/\/www.eldiariodetucuman.com\/web\/detectan-movimientos-de-cuentas-congeladas-y-piden-interrogar-al-creador-de-la-criptomoneda\/"},"author":{"name":"Redactor Uno","@id":"https:\/\/www.eldiariodetucuman.com\/web\/#\/schema\/person\/7e6644a46e60888f6b868594407e08dd"},"headline":"Detectan movimientos de cuentas \u201ccongeladas\u201d y piden interrogar al creador de la criptomoneda","datePublished":"2025-07-11T23:22:25+00:00","dateModified":"2025-07-11T23:22:28+00:00","mainEntityOfPage":{"@id":"https:\/\/www.eldiariodetucuman.com\/web\/detectan-movimientos-de-cuentas-congeladas-y-piden-interrogar-al-creador-de-la-criptomoneda\/"},"wordCount":494,"publisher":{"@id":"https:\/\/www.eldiariodetucuman.com\/web\/#organization"},"image":{"@id":"https:\/\/www.eldiariodetucuman.com\/web\/detectan-movimientos-de-cuentas-congeladas-y-piden-interrogar-al-creador-de-la-criptomoneda\/#primaryimage"},"thumbnailUrl":"https:\/\/www.eldiariodetucuman.com\/web\/wp-content\/uploads\/2025\/07\/jennifer-louise-rochon-JCCLUEQRHJDYZPRERRXUB6I35E.jpg","articleSection":["Politica"],"inLanguage":"es"},{"@type":"WebPage","@id":"https:\/\/www.eldiariodetucuman.com\/web\/detectan-movimientos-de-cuentas-congeladas-y-piden-interrogar-al-creador-de-la-criptomoneda\/","url":"https:\/\/www.eldiariodetucuman.com\/web\/detectan-movimientos-de-cuentas-congeladas-y-piden-interrogar-al-creador-de-la-criptomoneda\/","name":"Detectan movimientos de cuentas \u201ccongeladas\u201d y piden interrogar al creador de la criptomoneda - El Diario de Tucuman","isPartOf":{"@id":"https:\/\/www.eldiariodetucuman.com\/web\/#website"},"primaryImageOfPage":{"@id":"https:\/\/www.eldiariodetucuman.com\/web\/detectan-movimientos-de-cuentas-congeladas-y-piden-interrogar-al-creador-de-la-criptomoneda\/#primaryimage"},"image":{"@id":"https:\/\/www.eldiariodetucuman.com\/web\/detectan-movimientos-de-cuentas-congeladas-y-piden-interrogar-al-creador-de-la-criptomoneda\/#primaryimage"},"thumbnailUrl":"https:\/\/www.eldiariodetucuman.com\/web\/wp-content\/uploads\/2025\/07\/jennifer-louise-rochon-JCCLUEQRHJDYZPRERRXUB6I35E.jpg","datePublished":"2025-07-11T23:22:25+00:00","dateModified":"2025-07-11T23:22:28+00:00","breadcrumb":{"@id":"https:\/\/www.eldiariodetucuman.com\/web\/detectan-movimientos-de-cuentas-congeladas-y-piden-interrogar-al-creador-de-la-criptomoneda\/#breadcrumb"},"inLanguage":"es","potentialAction":[{"@type":"ReadAction","target":["https:\/\/www.eldiariodetucuman.com\/web\/detectan-movimientos-de-cuentas-congeladas-y-piden-interrogar-al-creador-de-la-criptomoneda\/"]}]},{"@type":"ImageObject","inLanguage":"es","@id":"https:\/\/www.eldiariodetucuman.com\/web\/detectan-movimientos-de-cuentas-congeladas-y-piden-interrogar-al-creador-de-la-criptomoneda\/#primaryimage","url":"https:\/\/www.eldiariodetucuman.com\/web\/wp-content\/uploads\/2025\/07\/jennifer-louise-rochon-JCCLUEQRHJDYZPRERRXUB6I35E.jpg","contentUrl":"https:\/\/www.eldiariodetucuman.com\/web\/wp-content\/uploads\/2025\/07\/jennifer-louise-rochon-JCCLUEQRHJDYZPRERRXUB6I35E.jpg","width":1200,"height":800},{"@type":"BreadcrumbList","@id":"https:\/\/www.eldiariodetucuman.com\/web\/detectan-movimientos-de-cuentas-congeladas-y-piden-interrogar-al-creador-de-la-criptomoneda\/#breadcrumb","itemListElement":[{"@type":"ListItem","position":1,"name":"Portada","item":"https:\/\/www.eldiariodetucuman.com\/web\/"},{"@type":"ListItem","position":2,"name":"Detectan movimientos de cuentas \u201ccongeladas\u201d y piden interrogar al creador de la criptomoneda"}]},{"@type":"WebSite","@id":"https:\/\/www.eldiariodetucuman.com\/web\/#website","url":"https:\/\/www.eldiariodetucuman.com\/web\/","name":"El Diario de Tucuman","description":"Diario Tucuman - Informaci\u00f3n y noticias","publisher":{"@id":"https:\/\/www.eldiariodetucuman.com\/web\/#organization"},"potentialAction":[{"@type":"SearchAction","target":{"@type":"EntryPoint","urlTemplate":"https:\/\/www.eldiariodetucuman.com\/web\/?s={search_term_string}"},"query-input":{"@type":"PropertyValueSpecification","valueRequired":true,"valueName":"search_term_string"}}],"inLanguage":"es"},{"@type":"Organization","@id":"https:\/\/www.eldiariodetucuman.com\/web\/#organization","name":"El Diario de Tucuman","url":"https:\/\/www.eldiariodetucuman.com\/web\/","logo":{"@type":"ImageObject","inLanguage":"es","@id":"https:\/\/www.eldiariodetucuman.com\/web\/#\/schema\/logo\/image\/","url":"http:\/\/www.eldiariodetucuman.com\/web\/wp-content\/uploads\/2017\/12\/el-diario-de-tucuman.jpg","contentUrl":"http:\/\/www.eldiariodetucuman.com\/web\/wp-content\/uploads\/2017\/12\/el-diario-de-tucuman.jpg","width":272,"height":92,"caption":"El Diario de Tucuman"},"image":{"@id":"https:\/\/www.eldiariodetucuman.com\/web\/#\/schema\/logo\/image\/"}},{"@type":"Person","@id":"https:\/\/www.eldiariodetucuman.com\/web\/#\/schema\/person\/7e6644a46e60888f6b868594407e08dd","name":"Redactor Uno","image":{"@type":"ImageObject","inLanguage":"es","@id":"https:\/\/secure.gravatar.com\/avatar\/0049b1bdf1bd548385c9ea6b9356431717930913089febd2ba904f0187d7d074?s=96&d=mm&r=g","url":"https:\/\/secure.gravatar.com\/avatar\/0049b1bdf1bd548385c9ea6b9356431717930913089febd2ba904f0187d7d074?s=96&d=mm&r=g","contentUrl":"https:\/\/secure.gravatar.com\/avatar\/0049b1bdf1bd548385c9ea6b9356431717930913089febd2ba904f0187d7d074?s=96&d=mm&r=g","caption":"Redactor Uno"},"url":"https:\/\/www.eldiariodetucuman.com\/web\/author\/mramasco\/"}]}},"_links":{"self":[{"href":"https:\/\/www.eldiariodetucuman.com\/web\/wp-json\/wp\/v2\/posts\/45022","targetHints":{"allow":["GET"]}}],"collection":[{"href":"https:\/\/www.eldiariodetucuman.com\/web\/wp-json\/wp\/v2\/posts"}],"about":[{"href":"https:\/\/www.eldiariodetucuman.com\/web\/wp-json\/wp\/v2\/types\/post"}],"author":[{"embeddable":true,"href":"https:\/\/www.eldiariodetucuman.com\/web\/wp-json\/wp\/v2\/users\/5"}],"replies":[{"embeddable":true,"href":"https:\/\/www.eldiariodetucuman.com\/web\/wp-json\/wp\/v2\/comments?post=45022"}],"version-history":[{"count":1,"href":"https:\/\/www.eldiariodetucuman.com\/web\/wp-json\/wp\/v2\/posts\/45022\/revisions"}],"predecessor-version":[{"id":45024,"href":"https:\/\/www.eldiariodetucuman.com\/web\/wp-json\/wp\/v2\/posts\/45022\/revisions\/45024"}],"wp:featuredmedia":[{"embeddable":true,"href":"https:\/\/www.eldiariodetucuman.com\/web\/wp-json\/wp\/v2\/media\/45023"}],"wp:attachment":[{"href":"https:\/\/www.eldiariodetucuman.com\/web\/wp-json\/wp\/v2\/media?parent=45022"}],"wp:term":[{"taxonomy":"category","embeddable":true,"href":"https:\/\/www.eldiariodetucuman.com\/web\/wp-json\/wp\/v2\/categories?post=45022"},{"taxonomy":"post_tag","embeddable":true,"href":"https:\/\/www.eldiariodetucuman.com\/web\/wp-json\/wp\/v2\/tags?post=45022"}],"curies":[{"name":"wp","href":"https:\/\/api.w.org\/{rel}","templated":true}]}}