{"id":45020,"date":"2025-07-11T20:06:50","date_gmt":"2025-07-11T23:06:50","guid":{"rendered":"https:\/\/www.eldiariodetucuman.com\/web\/aldosivi-y-central-cordoba-igualaron-sin-goles-en-el-arranque-del-clausura\/"},"modified":"2025-07-11T20:06:50","modified_gmt":"2025-07-11T23:06:50","slug":"aldosivi-y-central-cordoba-igualaron-sin-goles-en-el-arranque-del-clausura","status":"publish","type":"post","link":"https:\/\/www.eldiariodetucuman.com\/web\/aldosivi-y-central-cordoba-igualaron-sin-goles-en-el-arranque-del-clausura\/","title":{"rendered":"Aldosivi y Central C\u00f3rdoba igualaron sin goles en el arranque del Clausura"},"content":{"rendered":"<p>    <\/p>\n<p>Tras un receso cargado de movimientos en los planteles, el f\u00fatbol argentino retom\u00f3 su actividad y los dos equipos llegaban con realidades dispares, pero con un objetivo com\u00fan: tener un mejor rendimiento que el que mostraron en el Apertura.<\/p>\n<p>Sin embargo, poco hicieron para romper la paridad y el nuevo campeonato abri\u00f3 con la misma t\u00f3nica que marca al f\u00fatbol argentino en los \u00faltimos a\u00f1os: m\u00e1s cuidado que ganas de vencer.<\/p>\n<p>El Tibur\u00f3n cerr\u00f3 la primera parte del a\u00f1o en la 13\u00aa posici\u00f3n con solo 15 puntos, pero afronta este nuevo semestre con energ\u00edas renovadas. El arribo del entrenador Mariano Charlier gener\u00f3 un cambio positivo en el equipo, que acumula tres partidos sin derrotas.<\/p>\n<p>En el cierre del torneo anterior obtuvo dos triunfos y luego super\u00f3 a Estudiantes por penales en Copa Argentina, lo que le permiti\u00f3 avanzar a octavos de final. No obstante, el equipo marplatense sufri\u00f3 una baja sensible: El\u00edas Torres, su principal carta de gol, ser\u00e1 transferido a Racing y no estar\u00e1 disponible.<\/p>\n<p>El Ferroviario, en tanto, finaliz\u00f3 el Apertura en la 11\u00aa ubicaci\u00f3n con 18 unidades, y su campa\u00f1a en la Copa Libertadores dej\u00f3 un sabor agridulce. El conjunto santiague\u00f1o sum\u00f3 11 puntos en su grupo, los mismos que Flamengo y Liga de Quito, pero qued\u00f3 eliminado por diferencia de gol.<\/p>\n<p>Central C\u00f3rdoba, con dicha eliminaci\u00f3n, se gan\u00f3 el derecho de jugar en la Copa Sudamericana, donde en los 16vos. de final se medir\u00e1 a Cerro Largo de Uruguay los martes 15 y 22 de julio, con cierre en Montevideo. El ganador jugar\u00e1 en octavos ante Lan\u00fas.<\/p>\n<p>      <strong> FUENTE:<\/strong> \u00c1mbito<br \/>\n<br \/>Fuente: <a href=\"https:\/\/www.lv12.com.ar\/aldosivi\/aldosivi-y-central-cordoba-igualaron-goles-el-arranque-del-clausura-n181994\"> Fuente de la nota <\/a><\/p>\n","protected":false},"excerpt":{"rendered":"<p>Tras un receso cargado de movimientos en los planteles, el f\u00fatbol argentino retom\u00f3 su actividad y los dos equipos llegaban con realidades dispares, pero con un objetivo com\u00fan: tener un mejor rendimiento que el que mostraron en el Apertura. Sin embargo, poco hicieron para romper la paridad y el nuevo campeonato abri\u00f3 con la misma [&hellip;]<\/p>\n","protected":false},"author":1,"featured_media":45021,"comment_status":"closed","ping_status":"open","sticky":false,"template":"","format":"standard","meta":{"footnotes":""},"categories":[6],"tags":[],"class_list":{"0":"post-45020","1":"post","2":"type-post","3":"status-publish","4":"format-standard","5":"has-post-thumbnail","7":"category-deporte"},"yoast_head":"<!-- This site is optimized with the Yoast SEO plugin v27.4 - https:\/\/yoast.com\/product\/yoast-seo-wordpress\/ -->\n<title>Aldosivi y Central C\u00f3rdoba igualaron sin goles en el arranque del Clausura - El Diario de Tucuman<\/title>\n<meta name=\"robots\" content=\"index, follow, max-snippet:-1, max-image-preview:large, max-video-preview:-1\" \/>\n<link rel=\"canonical\" href=\"https:\/\/www.eldiariodetucuman.com\/web\/aldosivi-y-central-cordoba-igualaron-sin-goles-en-el-arranque-del-clausura\/\" \/>\n<meta property=\"og:locale\" content=\"es_ES\" \/>\n<meta property=\"og:type\" content=\"article\" \/>\n<meta property=\"og:title\" content=\"Aldosivi y Central C\u00f3rdoba igualaron sin goles en el arranque del Clausura - El Diario de Tucuman\" \/>\n<meta property=\"og:description\" content=\"Tras un receso cargado de movimientos en los planteles, el f\u00fatbol argentino retom\u00f3 su actividad y los dos equipos llegaban con realidades dispares, pero con un objetivo com\u00fan: tener un mejor rendimiento que el que mostraron en el Apertura. Sin embargo, poco hicieron para romper la paridad y el nuevo campeonato abri\u00f3 con la misma [&hellip;]\" \/>\n<meta property=\"og:url\" content=\"https:\/\/www.eldiariodetucuman.com\/web\/aldosivi-y-central-cordoba-igualaron-sin-goles-en-el-arranque-del-clausura\/\" \/>\n<meta property=\"og:site_name\" content=\"El Diario de Tucuman\" \/>\n<meta property=\"article:published_time\" content=\"2025-07-11T23:06:50+00:00\" \/>\n<meta name=\"author\" content=\"admin\" \/>\n<meta name=\"twitter:card\" content=\"summary_large_image\" \/>\n<meta name=\"twitter:label1\" content=\"Escrito por\" \/>\n\t<meta name=\"twitter:data1\" content=\"admin\" \/>\n\t<meta name=\"twitter:label2\" content=\"Tiempo de lectura\" \/>\n\t<meta name=\"twitter:data2\" content=\"1 minuto\" \/>\n<script type=\"application\/ld+json\" class=\"yoast-schema-graph\">{\"@context\":\"https:\\\/\\\/schema.org\",\"@graph\":[{\"@type\":\"Article\",\"@id\":\"https:\\\/\\\/www.eldiariodetucuman.com\\\/web\\\/aldosivi-y-central-cordoba-igualaron-sin-goles-en-el-arranque-del-clausura\\\/#article\",\"isPartOf\":{\"@id\":\"https:\\\/\\\/www.eldiariodetucuman.com\\\/web\\\/aldosivi-y-central-cordoba-igualaron-sin-goles-en-el-arranque-del-clausura\\\/\"},\"author\":{\"name\":\"admin\",\"@id\":\"https:\\\/\\\/www.eldiariodetucuman.com\\\/web\\\/#\\\/schema\\\/person\\\/9250197d75ab5483412e19678b121caa\"},\"headline\":\"Aldosivi y Central C\u00f3rdoba igualaron sin goles en el arranque del Clausura\",\"datePublished\":\"2025-07-11T23:06:50+00:00\",\"mainEntityOfPage\":{\"@id\":\"https:\\\/\\\/www.eldiariodetucuman.com\\\/web\\\/aldosivi-y-central-cordoba-igualaron-sin-goles-en-el-arranque-del-clausura\\\/\"},\"wordCount\":291,\"publisher\":{\"@id\":\"https:\\\/\\\/www.eldiariodetucuman.com\\\/web\\\/#organization\"},\"image\":{\"@id\":\"https:\\\/\\\/www.eldiariodetucuman.com\\\/web\\\/aldosivi-y-central-cordoba-igualaron-sin-goles-en-el-arranque-del-clausura\\\/#primaryimage\"},\"thumbnailUrl\":\"https:\\\/\\\/www.eldiariodetucuman.com\\\/web\\\/wp-content\\\/uploads\\\/2025\\\/07\\\/Aldosivi-y-Central-Cordoba-igualaron-sin-goles-en-el-arranque.jpg\",\"articleSection\":[\"Deporte\"],\"inLanguage\":\"es\"},{\"@type\":\"WebPage\",\"@id\":\"https:\\\/\\\/www.eldiariodetucuman.com\\\/web\\\/aldosivi-y-central-cordoba-igualaron-sin-goles-en-el-arranque-del-clausura\\\/\",\"url\":\"https:\\\/\\\/www.eldiariodetucuman.com\\\/web\\\/aldosivi-y-central-cordoba-igualaron-sin-goles-en-el-arranque-del-clausura\\\/\",\"name\":\"Aldosivi y Central C\u00f3rdoba igualaron sin goles en el arranque del Clausura - El Diario de Tucuman\",\"isPartOf\":{\"@id\":\"https:\\\/\\\/www.eldiariodetucuman.com\\\/web\\\/#website\"},\"primaryImageOfPage\":{\"@id\":\"https:\\\/\\\/www.eldiariodetucuman.com\\\/web\\\/aldosivi-y-central-cordoba-igualaron-sin-goles-en-el-arranque-del-clausura\\\/#primaryimage\"},\"image\":{\"@id\":\"https:\\\/\\\/www.eldiariodetucuman.com\\\/web\\\/aldosivi-y-central-cordoba-igualaron-sin-goles-en-el-arranque-del-clausura\\\/#primaryimage\"},\"thumbnailUrl\":\"https:\\\/\\\/www.eldiariodetucuman.com\\\/web\\\/wp-content\\\/uploads\\\/2025\\\/07\\\/Aldosivi-y-Central-Cordoba-igualaron-sin-goles-en-el-arranque.jpg\",\"datePublished\":\"2025-07-11T23:06:50+00:00\",\"breadcrumb\":{\"@id\":\"https:\\\/\\\/www.eldiariodetucuman.com\\\/web\\\/aldosivi-y-central-cordoba-igualaron-sin-goles-en-el-arranque-del-clausura\\\/#breadcrumb\"},\"inLanguage\":\"es\",\"potentialAction\":[{\"@type\":\"ReadAction\",\"target\":[\"https:\\\/\\\/www.eldiariodetucuman.com\\\/web\\\/aldosivi-y-central-cordoba-igualaron-sin-goles-en-el-arranque-del-clausura\\\/\"]}]},{\"@type\":\"ImageObject\",\"inLanguage\":\"es\",\"@id\":\"https:\\\/\\\/www.eldiariodetucuman.com\\\/web\\\/aldosivi-y-central-cordoba-igualaron-sin-goles-en-el-arranque-del-clausura\\\/#primaryimage\",\"url\":\"https:\\\/\\\/www.eldiariodetucuman.com\\\/web\\\/wp-content\\\/uploads\\\/2025\\\/07\\\/Aldosivi-y-Central-Cordoba-igualaron-sin-goles-en-el-arranque.jpg\",\"contentUrl\":\"https:\\\/\\\/www.eldiariodetucuman.com\\\/web\\\/wp-content\\\/uploads\\\/2025\\\/07\\\/Aldosivi-y-Central-Cordoba-igualaron-sin-goles-en-el-arranque.jpg\",\"width\":1200,\"height\":675},{\"@type\":\"BreadcrumbList\",\"@id\":\"https:\\\/\\\/www.eldiariodetucuman.com\\\/web\\\/aldosivi-y-central-cordoba-igualaron-sin-goles-en-el-arranque-del-clausura\\\/#breadcrumb\",\"itemListElement\":[{\"@type\":\"ListItem\",\"position\":1,\"name\":\"Portada\",\"item\":\"https:\\\/\\\/www.eldiariodetucuman.com\\\/web\\\/\"},{\"@type\":\"ListItem\",\"position\":2,\"name\":\"Aldosivi y Central C\u00f3rdoba igualaron sin goles en el arranque del Clausura\"}]},{\"@type\":\"WebSite\",\"@id\":\"https:\\\/\\\/www.eldiariodetucuman.com\\\/web\\\/#website\",\"url\":\"https:\\\/\\\/www.eldiariodetucuman.com\\\/web\\\/\",\"name\":\"El Diario de Tucuman\",\"description\":\"Diario Tucuman - Informaci\u00f3n y noticias\",\"publisher\":{\"@id\":\"https:\\\/\\\/www.eldiariodetucuman.com\\\/web\\\/#organization\"},\"potentialAction\":[{\"@type\":\"SearchAction\",\"target\":{\"@type\":\"EntryPoint\",\"urlTemplate\":\"https:\\\/\\\/www.eldiariodetucuman.com\\\/web\\\/?s={search_term_string}\"},\"query-input\":{\"@type\":\"PropertyValueSpecification\",\"valueRequired\":true,\"valueName\":\"search_term_string\"}}],\"inLanguage\":\"es\"},{\"@type\":\"Organization\",\"@id\":\"https:\\\/\\\/www.eldiariodetucuman.com\\\/web\\\/#organization\",\"name\":\"El Diario de Tucuman\",\"url\":\"https:\\\/\\\/www.eldiariodetucuman.com\\\/web\\\/\",\"logo\":{\"@type\":\"ImageObject\",\"inLanguage\":\"es\",\"@id\":\"https:\\\/\\\/www.eldiariodetucuman.com\\\/web\\\/#\\\/schema\\\/logo\\\/image\\\/\",\"url\":\"http:\\\/\\\/www.eldiariodetucuman.com\\\/web\\\/wp-content\\\/uploads\\\/2017\\\/12\\\/el-diario-de-tucuman.jpg\",\"contentUrl\":\"http:\\\/\\\/www.eldiariodetucuman.com\\\/web\\\/wp-content\\\/uploads\\\/2017\\\/12\\\/el-diario-de-tucuman.jpg\",\"width\":272,\"height\":92,\"caption\":\"El Diario de Tucuman\"},\"image\":{\"@id\":\"https:\\\/\\\/www.eldiariodetucuman.com\\\/web\\\/#\\\/schema\\\/logo\\\/image\\\/\"}},{\"@type\":\"Person\",\"@id\":\"https:\\\/\\\/www.eldiariodetucuman.com\\\/web\\\/#\\\/schema\\\/person\\\/9250197d75ab5483412e19678b121caa\",\"name\":\"admin\",\"image\":{\"@type\":\"ImageObject\",\"inLanguage\":\"es\",\"@id\":\"https:\\\/\\\/secure.gravatar.com\\\/avatar\\\/c44d117c2be811212c22cb481f6b8384b6873de103fbc49e7a03cc58d7dea4ac?s=96&d=mm&r=g\",\"url\":\"https:\\\/\\\/secure.gravatar.com\\\/avatar\\\/c44d117c2be811212c22cb481f6b8384b6873de103fbc49e7a03cc58d7dea4ac?s=96&d=mm&r=g\",\"contentUrl\":\"https:\\\/\\\/secure.gravatar.com\\\/avatar\\\/c44d117c2be811212c22cb481f6b8384b6873de103fbc49e7a03cc58d7dea4ac?s=96&d=mm&r=g\",\"caption\":\"admin\"},\"url\":\"https:\\\/\\\/www.eldiariodetucuman.com\\\/web\\\/author\\\/admin\\\/\"}]}<\/script>\n<!-- \/ Yoast SEO plugin. -->","yoast_head_json":{"title":"Aldosivi y Central C\u00f3rdoba igualaron sin goles en el arranque del Clausura - El Diario de Tucuman","robots":{"index":"index","follow":"follow","max-snippet":"max-snippet:-1","max-image-preview":"max-image-preview:large","max-video-preview":"max-video-preview:-1"},"canonical":"https:\/\/www.eldiariodetucuman.com\/web\/aldosivi-y-central-cordoba-igualaron-sin-goles-en-el-arranque-del-clausura\/","og_locale":"es_ES","og_type":"article","og_title":"Aldosivi y Central C\u00f3rdoba igualaron sin goles en el arranque del Clausura - El Diario de Tucuman","og_description":"Tras un receso cargado de movimientos en los planteles, el f\u00fatbol argentino retom\u00f3 su actividad y los dos equipos llegaban con realidades dispares, pero con un objetivo com\u00fan: tener un mejor rendimiento que el que mostraron en el Apertura. Sin embargo, poco hicieron para romper la paridad y el nuevo campeonato abri\u00f3 con la misma [&hellip;]","og_url":"https:\/\/www.eldiariodetucuman.com\/web\/aldosivi-y-central-cordoba-igualaron-sin-goles-en-el-arranque-del-clausura\/","og_site_name":"El Diario de Tucuman","article_published_time":"2025-07-11T23:06:50+00:00","author":"admin","twitter_card":"summary_large_image","twitter_misc":{"Escrito por":"admin","Tiempo de lectura":"1 minuto"},"schema":{"@context":"https:\/\/schema.org","@graph":[{"@type":"Article","@id":"https:\/\/www.eldiariodetucuman.com\/web\/aldosivi-y-central-cordoba-igualaron-sin-goles-en-el-arranque-del-clausura\/#article","isPartOf":{"@id":"https:\/\/www.eldiariodetucuman.com\/web\/aldosivi-y-central-cordoba-igualaron-sin-goles-en-el-arranque-del-clausura\/"},"author":{"name":"admin","@id":"https:\/\/www.eldiariodetucuman.com\/web\/#\/schema\/person\/9250197d75ab5483412e19678b121caa"},"headline":"Aldosivi y Central C\u00f3rdoba igualaron sin goles en el arranque del Clausura","datePublished":"2025-07-11T23:06:50+00:00","mainEntityOfPage":{"@id":"https:\/\/www.eldiariodetucuman.com\/web\/aldosivi-y-central-cordoba-igualaron-sin-goles-en-el-arranque-del-clausura\/"},"wordCount":291,"publisher":{"@id":"https:\/\/www.eldiariodetucuman.com\/web\/#organization"},"image":{"@id":"https:\/\/www.eldiariodetucuman.com\/web\/aldosivi-y-central-cordoba-igualaron-sin-goles-en-el-arranque-del-clausura\/#primaryimage"},"thumbnailUrl":"https:\/\/www.eldiariodetucuman.com\/web\/wp-content\/uploads\/2025\/07\/Aldosivi-y-Central-Cordoba-igualaron-sin-goles-en-el-arranque.jpg","articleSection":["Deporte"],"inLanguage":"es"},{"@type":"WebPage","@id":"https:\/\/www.eldiariodetucuman.com\/web\/aldosivi-y-central-cordoba-igualaron-sin-goles-en-el-arranque-del-clausura\/","url":"https:\/\/www.eldiariodetucuman.com\/web\/aldosivi-y-central-cordoba-igualaron-sin-goles-en-el-arranque-del-clausura\/","name":"Aldosivi y Central C\u00f3rdoba igualaron sin goles en el arranque del Clausura - El Diario de Tucuman","isPartOf":{"@id":"https:\/\/www.eldiariodetucuman.com\/web\/#website"},"primaryImageOfPage":{"@id":"https:\/\/www.eldiariodetucuman.com\/web\/aldosivi-y-central-cordoba-igualaron-sin-goles-en-el-arranque-del-clausura\/#primaryimage"},"image":{"@id":"https:\/\/www.eldiariodetucuman.com\/web\/aldosivi-y-central-cordoba-igualaron-sin-goles-en-el-arranque-del-clausura\/#primaryimage"},"thumbnailUrl":"https:\/\/www.eldiariodetucuman.com\/web\/wp-content\/uploads\/2025\/07\/Aldosivi-y-Central-Cordoba-igualaron-sin-goles-en-el-arranque.jpg","datePublished":"2025-07-11T23:06:50+00:00","breadcrumb":{"@id":"https:\/\/www.eldiariodetucuman.com\/web\/aldosivi-y-central-cordoba-igualaron-sin-goles-en-el-arranque-del-clausura\/#breadcrumb"},"inLanguage":"es","potentialAction":[{"@type":"ReadAction","target":["https:\/\/www.eldiariodetucuman.com\/web\/aldosivi-y-central-cordoba-igualaron-sin-goles-en-el-arranque-del-clausura\/"]}]},{"@type":"ImageObject","inLanguage":"es","@id":"https:\/\/www.eldiariodetucuman.com\/web\/aldosivi-y-central-cordoba-igualaron-sin-goles-en-el-arranque-del-clausura\/#primaryimage","url":"https:\/\/www.eldiariodetucuman.com\/web\/wp-content\/uploads\/2025\/07\/Aldosivi-y-Central-Cordoba-igualaron-sin-goles-en-el-arranque.jpg","contentUrl":"https:\/\/www.eldiariodetucuman.com\/web\/wp-content\/uploads\/2025\/07\/Aldosivi-y-Central-Cordoba-igualaron-sin-goles-en-el-arranque.jpg","width":1200,"height":675},{"@type":"BreadcrumbList","@id":"https:\/\/www.eldiariodetucuman.com\/web\/aldosivi-y-central-cordoba-igualaron-sin-goles-en-el-arranque-del-clausura\/#breadcrumb","itemListElement":[{"@type":"ListItem","position":1,"name":"Portada","item":"https:\/\/www.eldiariodetucuman.com\/web\/"},{"@type":"ListItem","position":2,"name":"Aldosivi y Central C\u00f3rdoba igualaron sin goles en el arranque del Clausura"}]},{"@type":"WebSite","@id":"https:\/\/www.eldiariodetucuman.com\/web\/#website","url":"https:\/\/www.eldiariodetucuman.com\/web\/","name":"El Diario de Tucuman","description":"Diario Tucuman - Informaci\u00f3n y noticias","publisher":{"@id":"https:\/\/www.eldiariodetucuman.com\/web\/#organization"},"potentialAction":[{"@type":"SearchAction","target":{"@type":"EntryPoint","urlTemplate":"https:\/\/www.eldiariodetucuman.com\/web\/?s={search_term_string}"},"query-input":{"@type":"PropertyValueSpecification","valueRequired":true,"valueName":"search_term_string"}}],"inLanguage":"es"},{"@type":"Organization","@id":"https:\/\/www.eldiariodetucuman.com\/web\/#organization","name":"El Diario de Tucuman","url":"https:\/\/www.eldiariodetucuman.com\/web\/","logo":{"@type":"ImageObject","inLanguage":"es","@id":"https:\/\/www.eldiariodetucuman.com\/web\/#\/schema\/logo\/image\/","url":"http:\/\/www.eldiariodetucuman.com\/web\/wp-content\/uploads\/2017\/12\/el-diario-de-tucuman.jpg","contentUrl":"http:\/\/www.eldiariodetucuman.com\/web\/wp-content\/uploads\/2017\/12\/el-diario-de-tucuman.jpg","width":272,"height":92,"caption":"El Diario de Tucuman"},"image":{"@id":"https:\/\/www.eldiariodetucuman.com\/web\/#\/schema\/logo\/image\/"}},{"@type":"Person","@id":"https:\/\/www.eldiariodetucuman.com\/web\/#\/schema\/person\/9250197d75ab5483412e19678b121caa","name":"admin","image":{"@type":"ImageObject","inLanguage":"es","@id":"https:\/\/secure.gravatar.com\/avatar\/c44d117c2be811212c22cb481f6b8384b6873de103fbc49e7a03cc58d7dea4ac?s=96&d=mm&r=g","url":"https:\/\/secure.gravatar.com\/avatar\/c44d117c2be811212c22cb481f6b8384b6873de103fbc49e7a03cc58d7dea4ac?s=96&d=mm&r=g","contentUrl":"https:\/\/secure.gravatar.com\/avatar\/c44d117c2be811212c22cb481f6b8384b6873de103fbc49e7a03cc58d7dea4ac?s=96&d=mm&r=g","caption":"admin"},"url":"https:\/\/www.eldiariodetucuman.com\/web\/author\/admin\/"}]}},"_links":{"self":[{"href":"https:\/\/www.eldiariodetucuman.com\/web\/wp-json\/wp\/v2\/posts\/45020","targetHints":{"allow":["GET"]}}],"collection":[{"href":"https:\/\/www.eldiariodetucuman.com\/web\/wp-json\/wp\/v2\/posts"}],"about":[{"href":"https:\/\/www.eldiariodetucuman.com\/web\/wp-json\/wp\/v2\/types\/post"}],"author":[{"embeddable":true,"href":"https:\/\/www.eldiariodetucuman.com\/web\/wp-json\/wp\/v2\/users\/1"}],"replies":[{"embeddable":true,"href":"https:\/\/www.eldiariodetucuman.com\/web\/wp-json\/wp\/v2\/comments?post=45020"}],"version-history":[{"count":0,"href":"https:\/\/www.eldiariodetucuman.com\/web\/wp-json\/wp\/v2\/posts\/45020\/revisions"}],"wp:featuredmedia":[{"embeddable":true,"href":"https:\/\/www.eldiariodetucuman.com\/web\/wp-json\/wp\/v2\/media\/45021"}],"wp:attachment":[{"href":"https:\/\/www.eldiariodetucuman.com\/web\/wp-json\/wp\/v2\/media?parent=45020"}],"wp:term":[{"taxonomy":"category","embeddable":true,"href":"https:\/\/www.eldiariodetucuman.com\/web\/wp-json\/wp\/v2\/categories?post=45020"},{"taxonomy":"post_tag","embeddable":true,"href":"https:\/\/www.eldiariodetucuman.com\/web\/wp-json\/wp\/v2\/tags?post=45020"}],"curies":[{"name":"wp","href":"https:\/\/api.w.org\/{rel}","templated":true}]}}