{"id":44783,"date":"2025-06-19T13:40:21","date_gmt":"2025-06-19T16:40:21","guid":{"rendered":"https:\/\/www.eldiariodetucuman.com\/web\/premios-gardel-fans-de-airbag-criticaron-la-premiacion-a-charly-garcia\/"},"modified":"2025-06-19T13:40:21","modified_gmt":"2025-06-19T16:40:21","slug":"premios-gardel-fans-de-airbag-criticaron-la-premiacion-a-charly-garcia","status":"publish","type":"post","link":"https:\/\/www.eldiariodetucuman.com\/web\/premios-gardel-fans-de-airbag-criticaron-la-premiacion-a-charly-garcia\/","title":{"rendered":"Premios Gardel: fans de Airbag criticaron la premiaci\u00f3n a Charly Garc\u00eda"},"content":{"rendered":"<p><\/p>\n<p>\nCharly Garc\u00eda fue una de las grandes figuras de los Premios Gardel 2025, donde se llev\u00f3 dos estatuillas por su reciente \u00e1lbum \u201cLa L\u00f3gica del Escorpi\u00f3n\u201d. Sin embargo, parte del p\u00fablico expres\u00f3 su descontento con la elecci\u00f3n del jurado, especialmente los fan\u00e1ticos de Airbag, quienes cuestionaron que su canci\u00f3n \u201cAnarqu\u00eda en Buenos Aires\u201d no haya sido premiada.<\/p>\n<p>Garc\u00eda, de 73 a\u00f1os, obtuvo el Gardel a Mejor \u00c1lbum Artista de Rock y tambi\u00e9n a Mejor Canci\u00f3n de Rock por \u201cYo ya s\u00e9\u201d. Desde su silla de ruedas, el m\u00fasico celebr\u00f3 los reconocimientos comparti\u00e9ndolos en su cuenta de Instagram, agradeciendo a sus seguidores y demostrando que sigue vigente en la escena musical.<\/p>\n<p>En la categor\u00eda a Mejor \u00c1lbum Rock, Garc\u00eda compiti\u00f3 con David Leb\u00f3n (\u201cHerencia\u201d) y Lucy Patan\u00e9 (\u201cHija de ruta\u201d). Por el premio a Mejor Canci\u00f3n de Rock, los nominados inclu\u00edan adem\u00e1s a Eruca Sativa (\u201cL\u00edo\u201d), Dillom (\u201cBuenos tiempos\u201d), y la colaboraci\u00f3n de Turf y Dillom (\u201cPasos al costado\u201d), junto con \u201cAnarqu\u00eda\u201d de Airbag.<\/p>\n<p>La publicaci\u00f3n de los ganadores en la cuenta oficial de los Premios Gardel gener\u00f3 m\u00faltiples reacciones. En los comentarios de Instagram, seguidores de Airbag expresaron que el tema de los hermanos Sardelli merec\u00eda el galard\u00f3n. \u201cComo fan de Charly, simplemente digo que no era necesario\u201d, coment\u00f3 un usuario que sum\u00f3 cientos de \u201cme gusta\u201d. Otros se\u00f1alaron que, si bien reconocen la trayectoria de Garc\u00eda, esperaban que los premios tambi\u00e9n reflejaran el momento art\u00edstico actual.<\/p>\n<p>Frases como \u201cEn fin\u2026 celebremos los raros peinados nuevos\u201d y \u201cAirbag se lo merec\u00eda m\u00e1s que nadie\u201d se multiplicaron entre los comentarios, dejando en claro que la elecci\u00f3n de los jurados, si bien celebrada por muchos, tambi\u00e9n desat\u00f3 una intensa pol\u00e9mica.\n<\/p>\n<p><a href=\"https:\/\/lv7.com.ar\/premios-gardel-fans-de-airbag-criticaron-la-premiacion-a-charly-garcia\/\">Feunte de la nota<\/a><\/p>\n","protected":false},"excerpt":{"rendered":"<p>Charly Garc\u00eda fue una de las grandes figuras de los Premios Gardel 2025, donde se llev\u00f3 dos estatuillas por su reciente \u00e1lbum \u201cLa L\u00f3gica del Escorpi\u00f3n\u201d. Sin embargo, parte del p\u00fablico expres\u00f3 su descontento con la elecci\u00f3n del jurado, especialmente los fan\u00e1ticos de Airbag, quienes cuestionaron que su canci\u00f3n \u201cAnarqu\u00eda en Buenos Aires\u201d no haya [&hellip;]<\/p>\n","protected":false},"author":1,"featured_media":44784,"comment_status":"closed","ping_status":"open","sticky":false,"template":"","format":"standard","meta":{"footnotes":""},"categories":[191],"tags":[],"class_list":{"0":"post-44783","1":"post","2":"type-post","3":"status-publish","4":"format-standard","5":"has-post-thumbnail","7":"category-cartelera-de-espectaculos"},"yoast_head":"<!-- This site is optimized with the Yoast SEO plugin v27.4 - https:\/\/yoast.com\/product\/yoast-seo-wordpress\/ -->\n<title>Premios Gardel: fans de Airbag criticaron la premiaci\u00f3n a Charly Garc\u00eda - El Diario de Tucuman<\/title>\n<meta name=\"robots\" content=\"index, follow, max-snippet:-1, max-image-preview:large, max-video-preview:-1\" \/>\n<link rel=\"canonical\" href=\"https:\/\/www.eldiariodetucuman.com\/web\/premios-gardel-fans-de-airbag-criticaron-la-premiacion-a-charly-garcia\/\" \/>\n<meta property=\"og:locale\" content=\"es_ES\" \/>\n<meta property=\"og:type\" content=\"article\" \/>\n<meta property=\"og:title\" content=\"Premios Gardel: fans de Airbag criticaron la premiaci\u00f3n a Charly Garc\u00eda - El Diario de Tucuman\" \/>\n<meta property=\"og:description\" content=\"Charly Garc\u00eda fue una de las grandes figuras de los Premios Gardel 2025, donde se llev\u00f3 dos estatuillas por su reciente \u00e1lbum \u201cLa L\u00f3gica del Escorpi\u00f3n\u201d. Sin embargo, parte del p\u00fablico expres\u00f3 su descontento con la elecci\u00f3n del jurado, especialmente los fan\u00e1ticos de Airbag, quienes cuestionaron que su canci\u00f3n \u201cAnarqu\u00eda en Buenos Aires\u201d no haya [&hellip;]\" \/>\n<meta property=\"og:url\" content=\"https:\/\/www.eldiariodetucuman.com\/web\/premios-gardel-fans-de-airbag-criticaron-la-premiacion-a-charly-garcia\/\" \/>\n<meta property=\"og:site_name\" content=\"El Diario de Tucuman\" \/>\n<meta property=\"article:published_time\" content=\"2025-06-19T16:40:21+00:00\" \/>\n<meta name=\"author\" content=\"admin\" \/>\n<meta name=\"twitter:card\" content=\"summary_large_image\" \/>\n<meta name=\"twitter:label1\" content=\"Escrito por\" \/>\n\t<meta name=\"twitter:data1\" content=\"admin\" \/>\n\t<meta name=\"twitter:label2\" content=\"Tiempo de lectura\" \/>\n\t<meta name=\"twitter:data2\" content=\"2 minutos\" \/>\n<script type=\"application\/ld+json\" class=\"yoast-schema-graph\">{\"@context\":\"https:\\\/\\\/schema.org\",\"@graph\":[{\"@type\":\"Article\",\"@id\":\"https:\\\/\\\/www.eldiariodetucuman.com\\\/web\\\/premios-gardel-fans-de-airbag-criticaron-la-premiacion-a-charly-garcia\\\/#article\",\"isPartOf\":{\"@id\":\"https:\\\/\\\/www.eldiariodetucuman.com\\\/web\\\/premios-gardel-fans-de-airbag-criticaron-la-premiacion-a-charly-garcia\\\/\"},\"author\":{\"name\":\"admin\",\"@id\":\"https:\\\/\\\/www.eldiariodetucuman.com\\\/web\\\/#\\\/schema\\\/person\\\/9250197d75ab5483412e19678b121caa\"},\"headline\":\"Premios Gardel: fans de Airbag criticaron la premiaci\u00f3n a Charly Garc\u00eda\",\"datePublished\":\"2025-06-19T16:40:21+00:00\",\"mainEntityOfPage\":{\"@id\":\"https:\\\/\\\/www.eldiariodetucuman.com\\\/web\\\/premios-gardel-fans-de-airbag-criticaron-la-premiacion-a-charly-garcia\\\/\"},\"wordCount\":329,\"publisher\":{\"@id\":\"https:\\\/\\\/www.eldiariodetucuman.com\\\/web\\\/#organization\"},\"image\":{\"@id\":\"https:\\\/\\\/www.eldiariodetucuman.com\\\/web\\\/premios-gardel-fans-de-airbag-criticaron-la-premiacion-a-charly-garcia\\\/#primaryimage\"},\"thumbnailUrl\":\"https:\\\/\\\/www.eldiariodetucuman.com\\\/web\\\/wp-content\\\/uploads\\\/2025\\\/06\\\/CHARLY.webp.webp\",\"articleSection\":[\"Cartelera de espect\u00e1culos\"],\"inLanguage\":\"es\"},{\"@type\":\"WebPage\",\"@id\":\"https:\\\/\\\/www.eldiariodetucuman.com\\\/web\\\/premios-gardel-fans-de-airbag-criticaron-la-premiacion-a-charly-garcia\\\/\",\"url\":\"https:\\\/\\\/www.eldiariodetucuman.com\\\/web\\\/premios-gardel-fans-de-airbag-criticaron-la-premiacion-a-charly-garcia\\\/\",\"name\":\"Premios Gardel: fans de Airbag criticaron la premiaci\u00f3n a Charly Garc\u00eda - El Diario de Tucuman\",\"isPartOf\":{\"@id\":\"https:\\\/\\\/www.eldiariodetucuman.com\\\/web\\\/#website\"},\"primaryImageOfPage\":{\"@id\":\"https:\\\/\\\/www.eldiariodetucuman.com\\\/web\\\/premios-gardel-fans-de-airbag-criticaron-la-premiacion-a-charly-garcia\\\/#primaryimage\"},\"image\":{\"@id\":\"https:\\\/\\\/www.eldiariodetucuman.com\\\/web\\\/premios-gardel-fans-de-airbag-criticaron-la-premiacion-a-charly-garcia\\\/#primaryimage\"},\"thumbnailUrl\":\"https:\\\/\\\/www.eldiariodetucuman.com\\\/web\\\/wp-content\\\/uploads\\\/2025\\\/06\\\/CHARLY.webp.webp\",\"datePublished\":\"2025-06-19T16:40:21+00:00\",\"breadcrumb\":{\"@id\":\"https:\\\/\\\/www.eldiariodetucuman.com\\\/web\\\/premios-gardel-fans-de-airbag-criticaron-la-premiacion-a-charly-garcia\\\/#breadcrumb\"},\"inLanguage\":\"es\",\"potentialAction\":[{\"@type\":\"ReadAction\",\"target\":[\"https:\\\/\\\/www.eldiariodetucuman.com\\\/web\\\/premios-gardel-fans-de-airbag-criticaron-la-premiacion-a-charly-garcia\\\/\"]}]},{\"@type\":\"ImageObject\",\"inLanguage\":\"es\",\"@id\":\"https:\\\/\\\/www.eldiariodetucuman.com\\\/web\\\/premios-gardel-fans-de-airbag-criticaron-la-premiacion-a-charly-garcia\\\/#primaryimage\",\"url\":\"https:\\\/\\\/www.eldiariodetucuman.com\\\/web\\\/wp-content\\\/uploads\\\/2025\\\/06\\\/CHARLY.webp.webp\",\"contentUrl\":\"https:\\\/\\\/www.eldiariodetucuman.com\\\/web\\\/wp-content\\\/uploads\\\/2025\\\/06\\\/CHARLY.webp.webp\",\"width\":1200,\"height\":800},{\"@type\":\"BreadcrumbList\",\"@id\":\"https:\\\/\\\/www.eldiariodetucuman.com\\\/web\\\/premios-gardel-fans-de-airbag-criticaron-la-premiacion-a-charly-garcia\\\/#breadcrumb\",\"itemListElement\":[{\"@type\":\"ListItem\",\"position\":1,\"name\":\"Portada\",\"item\":\"https:\\\/\\\/www.eldiariodetucuman.com\\\/web\\\/\"},{\"@type\":\"ListItem\",\"position\":2,\"name\":\"Premios Gardel: fans de Airbag criticaron la premiaci\u00f3n a Charly Garc\u00eda\"}]},{\"@type\":\"WebSite\",\"@id\":\"https:\\\/\\\/www.eldiariodetucuman.com\\\/web\\\/#website\",\"url\":\"https:\\\/\\\/www.eldiariodetucuman.com\\\/web\\\/\",\"name\":\"El Diario de Tucuman\",\"description\":\"Diario Tucuman - Informaci\u00f3n y noticias\",\"publisher\":{\"@id\":\"https:\\\/\\\/www.eldiariodetucuman.com\\\/web\\\/#organization\"},\"potentialAction\":[{\"@type\":\"SearchAction\",\"target\":{\"@type\":\"EntryPoint\",\"urlTemplate\":\"https:\\\/\\\/www.eldiariodetucuman.com\\\/web\\\/?s={search_term_string}\"},\"query-input\":{\"@type\":\"PropertyValueSpecification\",\"valueRequired\":true,\"valueName\":\"search_term_string\"}}],\"inLanguage\":\"es\"},{\"@type\":\"Organization\",\"@id\":\"https:\\\/\\\/www.eldiariodetucuman.com\\\/web\\\/#organization\",\"name\":\"El Diario de Tucuman\",\"url\":\"https:\\\/\\\/www.eldiariodetucuman.com\\\/web\\\/\",\"logo\":{\"@type\":\"ImageObject\",\"inLanguage\":\"es\",\"@id\":\"https:\\\/\\\/www.eldiariodetucuman.com\\\/web\\\/#\\\/schema\\\/logo\\\/image\\\/\",\"url\":\"http:\\\/\\\/www.eldiariodetucuman.com\\\/web\\\/wp-content\\\/uploads\\\/2017\\\/12\\\/el-diario-de-tucuman.jpg\",\"contentUrl\":\"http:\\\/\\\/www.eldiariodetucuman.com\\\/web\\\/wp-content\\\/uploads\\\/2017\\\/12\\\/el-diario-de-tucuman.jpg\",\"width\":272,\"height\":92,\"caption\":\"El Diario de Tucuman\"},\"image\":{\"@id\":\"https:\\\/\\\/www.eldiariodetucuman.com\\\/web\\\/#\\\/schema\\\/logo\\\/image\\\/\"}},{\"@type\":\"Person\",\"@id\":\"https:\\\/\\\/www.eldiariodetucuman.com\\\/web\\\/#\\\/schema\\\/person\\\/9250197d75ab5483412e19678b121caa\",\"name\":\"admin\",\"image\":{\"@type\":\"ImageObject\",\"inLanguage\":\"es\",\"@id\":\"https:\\\/\\\/secure.gravatar.com\\\/avatar\\\/c44d117c2be811212c22cb481f6b8384b6873de103fbc49e7a03cc58d7dea4ac?s=96&d=mm&r=g\",\"url\":\"https:\\\/\\\/secure.gravatar.com\\\/avatar\\\/c44d117c2be811212c22cb481f6b8384b6873de103fbc49e7a03cc58d7dea4ac?s=96&d=mm&r=g\",\"contentUrl\":\"https:\\\/\\\/secure.gravatar.com\\\/avatar\\\/c44d117c2be811212c22cb481f6b8384b6873de103fbc49e7a03cc58d7dea4ac?s=96&d=mm&r=g\",\"caption\":\"admin\"},\"url\":\"https:\\\/\\\/www.eldiariodetucuman.com\\\/web\\\/author\\\/admin\\\/\"}]}<\/script>\n<!-- \/ Yoast SEO plugin. -->","yoast_head_json":{"title":"Premios Gardel: fans de Airbag criticaron la premiaci\u00f3n a Charly Garc\u00eda - El Diario de Tucuman","robots":{"index":"index","follow":"follow","max-snippet":"max-snippet:-1","max-image-preview":"max-image-preview:large","max-video-preview":"max-video-preview:-1"},"canonical":"https:\/\/www.eldiariodetucuman.com\/web\/premios-gardel-fans-de-airbag-criticaron-la-premiacion-a-charly-garcia\/","og_locale":"es_ES","og_type":"article","og_title":"Premios Gardel: fans de Airbag criticaron la premiaci\u00f3n a Charly Garc\u00eda - El Diario de Tucuman","og_description":"Charly Garc\u00eda fue una de las grandes figuras de los Premios Gardel 2025, donde se llev\u00f3 dos estatuillas por su reciente \u00e1lbum \u201cLa L\u00f3gica del Escorpi\u00f3n\u201d. Sin embargo, parte del p\u00fablico expres\u00f3 su descontento con la elecci\u00f3n del jurado, especialmente los fan\u00e1ticos de Airbag, quienes cuestionaron que su canci\u00f3n \u201cAnarqu\u00eda en Buenos Aires\u201d no haya [&hellip;]","og_url":"https:\/\/www.eldiariodetucuman.com\/web\/premios-gardel-fans-de-airbag-criticaron-la-premiacion-a-charly-garcia\/","og_site_name":"El Diario de Tucuman","article_published_time":"2025-06-19T16:40:21+00:00","author":"admin","twitter_card":"summary_large_image","twitter_misc":{"Escrito por":"admin","Tiempo de lectura":"2 minutos"},"schema":{"@context":"https:\/\/schema.org","@graph":[{"@type":"Article","@id":"https:\/\/www.eldiariodetucuman.com\/web\/premios-gardel-fans-de-airbag-criticaron-la-premiacion-a-charly-garcia\/#article","isPartOf":{"@id":"https:\/\/www.eldiariodetucuman.com\/web\/premios-gardel-fans-de-airbag-criticaron-la-premiacion-a-charly-garcia\/"},"author":{"name":"admin","@id":"https:\/\/www.eldiariodetucuman.com\/web\/#\/schema\/person\/9250197d75ab5483412e19678b121caa"},"headline":"Premios Gardel: fans de Airbag criticaron la premiaci\u00f3n a Charly Garc\u00eda","datePublished":"2025-06-19T16:40:21+00:00","mainEntityOfPage":{"@id":"https:\/\/www.eldiariodetucuman.com\/web\/premios-gardel-fans-de-airbag-criticaron-la-premiacion-a-charly-garcia\/"},"wordCount":329,"publisher":{"@id":"https:\/\/www.eldiariodetucuman.com\/web\/#organization"},"image":{"@id":"https:\/\/www.eldiariodetucuman.com\/web\/premios-gardel-fans-de-airbag-criticaron-la-premiacion-a-charly-garcia\/#primaryimage"},"thumbnailUrl":"https:\/\/www.eldiariodetucuman.com\/web\/wp-content\/uploads\/2025\/06\/CHARLY.webp.webp","articleSection":["Cartelera de espect\u00e1culos"],"inLanguage":"es"},{"@type":"WebPage","@id":"https:\/\/www.eldiariodetucuman.com\/web\/premios-gardel-fans-de-airbag-criticaron-la-premiacion-a-charly-garcia\/","url":"https:\/\/www.eldiariodetucuman.com\/web\/premios-gardel-fans-de-airbag-criticaron-la-premiacion-a-charly-garcia\/","name":"Premios Gardel: fans de Airbag criticaron la premiaci\u00f3n a Charly Garc\u00eda - El Diario de Tucuman","isPartOf":{"@id":"https:\/\/www.eldiariodetucuman.com\/web\/#website"},"primaryImageOfPage":{"@id":"https:\/\/www.eldiariodetucuman.com\/web\/premios-gardel-fans-de-airbag-criticaron-la-premiacion-a-charly-garcia\/#primaryimage"},"image":{"@id":"https:\/\/www.eldiariodetucuman.com\/web\/premios-gardel-fans-de-airbag-criticaron-la-premiacion-a-charly-garcia\/#primaryimage"},"thumbnailUrl":"https:\/\/www.eldiariodetucuman.com\/web\/wp-content\/uploads\/2025\/06\/CHARLY.webp.webp","datePublished":"2025-06-19T16:40:21+00:00","breadcrumb":{"@id":"https:\/\/www.eldiariodetucuman.com\/web\/premios-gardel-fans-de-airbag-criticaron-la-premiacion-a-charly-garcia\/#breadcrumb"},"inLanguage":"es","potentialAction":[{"@type":"ReadAction","target":["https:\/\/www.eldiariodetucuman.com\/web\/premios-gardel-fans-de-airbag-criticaron-la-premiacion-a-charly-garcia\/"]}]},{"@type":"ImageObject","inLanguage":"es","@id":"https:\/\/www.eldiariodetucuman.com\/web\/premios-gardel-fans-de-airbag-criticaron-la-premiacion-a-charly-garcia\/#primaryimage","url":"https:\/\/www.eldiariodetucuman.com\/web\/wp-content\/uploads\/2025\/06\/CHARLY.webp.webp","contentUrl":"https:\/\/www.eldiariodetucuman.com\/web\/wp-content\/uploads\/2025\/06\/CHARLY.webp.webp","width":1200,"height":800},{"@type":"BreadcrumbList","@id":"https:\/\/www.eldiariodetucuman.com\/web\/premios-gardel-fans-de-airbag-criticaron-la-premiacion-a-charly-garcia\/#breadcrumb","itemListElement":[{"@type":"ListItem","position":1,"name":"Portada","item":"https:\/\/www.eldiariodetucuman.com\/web\/"},{"@type":"ListItem","position":2,"name":"Premios Gardel: fans de Airbag criticaron la premiaci\u00f3n a Charly Garc\u00eda"}]},{"@type":"WebSite","@id":"https:\/\/www.eldiariodetucuman.com\/web\/#website","url":"https:\/\/www.eldiariodetucuman.com\/web\/","name":"El Diario de Tucuman","description":"Diario Tucuman - Informaci\u00f3n y noticias","publisher":{"@id":"https:\/\/www.eldiariodetucuman.com\/web\/#organization"},"potentialAction":[{"@type":"SearchAction","target":{"@type":"EntryPoint","urlTemplate":"https:\/\/www.eldiariodetucuman.com\/web\/?s={search_term_string}"},"query-input":{"@type":"PropertyValueSpecification","valueRequired":true,"valueName":"search_term_string"}}],"inLanguage":"es"},{"@type":"Organization","@id":"https:\/\/www.eldiariodetucuman.com\/web\/#organization","name":"El Diario de Tucuman","url":"https:\/\/www.eldiariodetucuman.com\/web\/","logo":{"@type":"ImageObject","inLanguage":"es","@id":"https:\/\/www.eldiariodetucuman.com\/web\/#\/schema\/logo\/image\/","url":"http:\/\/www.eldiariodetucuman.com\/web\/wp-content\/uploads\/2017\/12\/el-diario-de-tucuman.jpg","contentUrl":"http:\/\/www.eldiariodetucuman.com\/web\/wp-content\/uploads\/2017\/12\/el-diario-de-tucuman.jpg","width":272,"height":92,"caption":"El Diario de Tucuman"},"image":{"@id":"https:\/\/www.eldiariodetucuman.com\/web\/#\/schema\/logo\/image\/"}},{"@type":"Person","@id":"https:\/\/www.eldiariodetucuman.com\/web\/#\/schema\/person\/9250197d75ab5483412e19678b121caa","name":"admin","image":{"@type":"ImageObject","inLanguage":"es","@id":"https:\/\/secure.gravatar.com\/avatar\/c44d117c2be811212c22cb481f6b8384b6873de103fbc49e7a03cc58d7dea4ac?s=96&d=mm&r=g","url":"https:\/\/secure.gravatar.com\/avatar\/c44d117c2be811212c22cb481f6b8384b6873de103fbc49e7a03cc58d7dea4ac?s=96&d=mm&r=g","contentUrl":"https:\/\/secure.gravatar.com\/avatar\/c44d117c2be811212c22cb481f6b8384b6873de103fbc49e7a03cc58d7dea4ac?s=96&d=mm&r=g","caption":"admin"},"url":"https:\/\/www.eldiariodetucuman.com\/web\/author\/admin\/"}]}},"_links":{"self":[{"href":"https:\/\/www.eldiariodetucuman.com\/web\/wp-json\/wp\/v2\/posts\/44783","targetHints":{"allow":["GET"]}}],"collection":[{"href":"https:\/\/www.eldiariodetucuman.com\/web\/wp-json\/wp\/v2\/posts"}],"about":[{"href":"https:\/\/www.eldiariodetucuman.com\/web\/wp-json\/wp\/v2\/types\/post"}],"author":[{"embeddable":true,"href":"https:\/\/www.eldiariodetucuman.com\/web\/wp-json\/wp\/v2\/users\/1"}],"replies":[{"embeddable":true,"href":"https:\/\/www.eldiariodetucuman.com\/web\/wp-json\/wp\/v2\/comments?post=44783"}],"version-history":[{"count":0,"href":"https:\/\/www.eldiariodetucuman.com\/web\/wp-json\/wp\/v2\/posts\/44783\/revisions"}],"wp:featuredmedia":[{"embeddable":true,"href":"https:\/\/www.eldiariodetucuman.com\/web\/wp-json\/wp\/v2\/media\/44784"}],"wp:attachment":[{"href":"https:\/\/www.eldiariodetucuman.com\/web\/wp-json\/wp\/v2\/media?parent=44783"}],"wp:term":[{"taxonomy":"category","embeddable":true,"href":"https:\/\/www.eldiariodetucuman.com\/web\/wp-json\/wp\/v2\/categories?post=44783"},{"taxonomy":"post_tag","embeddable":true,"href":"https:\/\/www.eldiariodetucuman.com\/web\/wp-json\/wp\/v2\/tags?post=44783"}],"curies":[{"name":"wp","href":"https:\/\/api.w.org\/{rel}","templated":true}]}}