{"id":4412,"date":"2018-01-02T10:53:56","date_gmt":"2018-01-02T13:53:56","guid":{"rendered":"http:\/\/www.eldiariodetucuman.com\/web\/?p=4412"},"modified":"2018-01-02T15:55:59","modified_gmt":"2018-01-02T18:55:59","slug":"ano-se-despereza-dakar-futbol-verano-abierto-australia-seven","status":"publish","type":"post","link":"https:\/\/www.eldiariodetucuman.com\/web\/ano-se-despereza-dakar-futbol-verano-abierto-australia-seven\/","title":{"rendered":"El a\u00f1o se despereza con el Dakar, el f\u00fatbol de verano, el Abierto de Australia y el Seven"},"content":{"rendered":"<div>\n<div readability=\"286\">\n<p>Enero<\/p>\n<p>Mi\u00e9rcoles 3: Atl\u00e9tico comienza la pretemporada en Ojo de Agua.<\/p>\n<p>mi\u00e9rcoles 3: San Mart\u00edn comienza la pretemporada en el Complejo Mirkin.<\/p>\n<p>6 al 20: Rally Dakar.<\/p>\n<p>Mi\u00e9rcoles 10: Talleres retoma su participaci\u00f3n en la Liga Nacional. Recibe a BHY Tiro Federal.<\/p>\n<p>jueves 11: en Mar del Plata, comienza el f\u00fatbol de verano con San Lorenzo-Defensa y Justicia, desde las 22.10.<\/p>\n<p>jueves 11: regresa a la competencia en la Serie A-1 Monteros Voley. En su cancha recibe, a las 22, al \u00faltimo campe\u00f3n, Bol\u00edvar.<\/p>\n<p>Viernes 12: a las 22.10, en Salta, Atl\u00e9tico enfrenta a Talleres (transmite TyC Sports).<\/p>\n<p>viernes 12: Asociaci\u00f3n Mitre retoma su participaci\u00f3n en la Liga Nacional. Recibe a Tiro Federal.<\/p>\n<p>13 y 14: primera fecha del Torneo de Verano de motocross y cuatriciclos en Taf\u00ed del Valle.<\/p>\n<p>s\u00e1bado 13: Tucum\u00e1n de Gimnasia debuta en la Serie A-2 de voley buscando el ascenso. En su cancha, recibir\u00e1 a Ateneo de Catamarca, desde las 21.<\/p>\n<p>domingo 14: Atl\u00e9tico juega en Brasil contra Sport Recife, por la Copa \u201cAriano Suassuna\u201d.<\/p>\n<p>martes 16: la caravana del Dakar pasar\u00e1 en enlace por Tucum\u00e1n.<\/p>\n<p>mi\u00e9rcoles 17: Gimnasia de La Plata-Atl\u00e9tico. Amistoso.<\/p>\n<p>viernes 19: Arsenal-Atl\u00e9tico. Amistoso.<\/p>\n<p>15 al 28: Abierto de Australia, primer Grand Slam de tenis.<\/p>\n<p>domingo 21: en Mar del Plata, a las 22.10, Boca-River (Fox Sports Premium).<\/p>\n<p>s\u00e1bado 27: XIX Seven de Rugby Taf\u00ed del Valle.<\/p>\n<p>lunes 22: comienza la fase Preliminar de la Copa Libertadores.<\/p>\n<p>23 al 25: primera de las 12 fechas del TN, en Potrero de Los Funes, San Luis.<\/p>\n<p>viernes 26: Tucum\u00e1n BB retoma la actividad en el Torneo Federal de b\u00e1squet. Recibe a El Tribuno.<\/p>\n<p>26 al 28: primera de las 13 fechas del Rally Mundial en Montecarlo.<\/p>\n<p>domingo 28: comienza el Federal C: Newbery enfrenta a Graneros y Marapa visita a Deportivo El Galp\u00f3n (Met\u00e1n).<\/p>\n<p>lunes 29: Atl\u00e9tico vuelve a jugar en la Superliga. A las 19, recibe a Temperley.<\/p>\n<p>febrero<\/p>\n<p>viernes 2: Ciudadela B\u00e1squet retoma la actividad en el Torneo Federal. Recibe, desde las 22, a Nicol\u00e1s Avellaneda, de Santiago del Estero.<\/p>\n<p>2 al 4: 45\u00b0 Olimp\u00edadas Intervillas de Taf\u00ed del Valle.<\/p>\n<p>2 al 4: Copa Davis, primera ronda del Grupo Mundial.<\/p>\n<p>3 y 4: segunda fecha del campeonato tucumano de yachting en Taf\u00ed del Valle.<\/p>\n<p>s\u00e1bado 3: la B Nacional retoma con la fecha 13. San Mart\u00edn recibir\u00e1 a Los Andes, en horario a confirmar.<\/p>\n<p>domingo 4: San Jorge debuta en el Federal A contra Sportivo Patria.<\/p>\n<p>domingo 4: Juan Bautista Alberdi retoma la actividad en el Torneo Federal de B\u00e1squet. Recibe a El Tribuno.<\/p>\n<p>domingo 4: se jugar\u00e1 la edici\u00f3n 52 del S\u00faper Bowl, en Minneapolis.<\/p>\n<p>domingo 4: comenzar\u00e1 la actividad turf\u00edstica en el hip\u00f3dromo de Tucum\u00e1n.<\/p>\n<p>9 al 25: Juegos Ol\u00edmpicos de Invierno. Pyeongchang (Corea del Sur).<\/p>\n<p>s\u00e1bado 10: \u201cCopa de Verano Dique El Cadillal\u201d, descenso.<\/p>\n<p>12 al 18: ATP de tenis de Buenos Aires.<\/p>\n<p>17 y 18: tercera fecha del campeonato tucumano de yachting en Taf\u00ed del Valle.<\/p>\n<p>domingo 18: Juego de las Estrellas de la NBA, en el Staples Center de Los \u00c1ngeles, California.<\/p>\n<p>domingo 25: en San Pedro de Colalao, el Abierto del NOA de mountain bike, que repartir\u00e1 puntos internacionales.<\/p>\n<p>23 al 25: primera de las 10 fechas del Rally Argentino.<\/p>\n<p>marzo<\/p>\n<p>2 al 4: primera de 12 fechas del Top Race.<\/p>\n<p>3 y 4: tercera y \u00faltima fecha del campeonato tucumano de yachting.<\/p>\n<p>domingo 11: se disputar\u00e1 el Gran Premio \u201cMart\u00edn Cossio\u201d en Raco, primera fecha del cross rural de mountain bike.<\/p>\n<p>martes 13: Atl\u00e9tico debuta en la Copa Libertadores, a las 19.15, ante Libertad de Paraguay, en el Monumental.<\/p>\n<p>13 al 17: primera de seis fechas del Circuito Tucumano de squash.<\/p>\n<p>16 al 18: primera fecha del S\u00faper TC 2000 de 12 que se correr\u00e1n.<\/p>\n<p>domingo 25: primera de las 21 fechas de la F-1 en Melbourne, Australia.<\/p>\n<p>s\u00e1bado 10: comienza el Nacional de Clubes de rugby (Nataci\u00f3n, Lawn Tennis, Tucum\u00e1n Rugby y Los Tarcos, en el \u201cA\u201d y en el \u201cB\u201d, Universitario) y el Torneo del Interior (en el \u201cA\u201d estar\u00e1n Lince y Huirapuca, y Cardenales, en el \u201cC\u201d).<\/p>\n<p>abril<\/p>\n<p>mi\u00e9rcoles 4: Atl\u00e9tico visita a Pe\u00f1arol en Uruguay, por la Copa Libertadores.<\/p>\n<p>6 al 8: Argentina recibe a Ecuador o Chile por la fecha 1 del Grupo Americano I de Davis. Tambi\u00e9n se juegan los cuartos de final del Grupo Mundial.<\/p>\n<p>6 al 8: segunda fecha del Rally Argentino, en Tucum\u00e1n.<\/p>\n<p>6 al 8: Masters de Augusta (golf).<\/p>\n<p>mi\u00e9rcoles 11: finaliza la temporada regular de la NBA.<\/p>\n<p>14 al 28: finales de la NBA.<\/p>\n<p>MI\u00c9RCOLES 18: Atl\u00e9tico enfrenta a The Strongest en Bolivia, por la Libertadores.<\/p>\n<p>mi\u00e9rcoles 25: Atl\u00e9tico recibe a The Strongest, por la Libertadores.<\/p>\n<p>27 al 29: quinta fecha del Rally Mundial, en Argentina.<\/p>\n<p>============09 CRED (12056150)============<\/p>\n<p>la gaceta \/ foto de Osvaldo Ripoll<\/p>\n<p>============27 TEX Opini\u00f3n (12056154)============<\/p>\n<p>copa libertadores<\/p>\n<p>Atl\u00e9tico compartir\u00e1 el grupo 3 con Nacional, The Strongest y Pe\u00f1arol<\/p>\n<p>El \u201cDecano\u201d vuelve a hacer historia con su segunda clasificaci\u00f3n al torneo continental en a\u00f1os consecutivos. Su objetivo: avanzar a los octavos de final. Boca, River, Estudiantes, Racing, Independiente y Banfield buscar\u00e1n lo mismo.<\/p>\n<p><b>Copa Libertadores<br \/><\/b><br \/>Atl\u00e9tico compartir\u00e1 el grupo 3 con Nacional, The Strongest y Pe\u00f1arol<br \/>El \u201cDecano\u201d vuelve a hacer historia con su segunda clasificaci\u00f3n al torneo continental en a\u00f1os consecutivos. Su objetivo: avanzar a los octavos de final. Boca, River, Estudiantes, Racing, Independiente y Banfield buscar\u00e1n lo mismo.<\/p>\n<p><b>Enero<\/b><\/p>\n<p>Mi\u00e9rcoles 3: Atl\u00e9tico comienza la pretemporada en Ojo de Agua.<br \/>mi\u00e9rcoles 3: San Mart\u00edn comienza la pretemporada en el Complejo Mirkin.<br \/>6 al 20: Rally Dakar.<br \/>Mi\u00e9rcoles 10: Talleres retoma su participaci\u00f3n en la Liga Nacional. Recibe a BHY Tiro Federal.<br \/>jueves 11: en Mar del Plata, comienza el f\u00fatbol de verano con San Lorenzo-Defensa y Justicia, desde las 22.10.<br \/>jueves 11: regresa a la competencia en la Serie A-1 Monteros Voley. En su cancha recibe, a las 22, al \u00faltimo campe\u00f3n, Bol\u00edvar.<br \/>Viernes 12: a las 22.10, en Salta, Atl\u00e9tico enfrenta a Talleres (transmite TyC Sports).<br \/>viernes 12: Asociaci\u00f3n Mitre retoma su participaci\u00f3n en la Liga Nacional. Recibe a Tiro Federal.<br \/>13 y 14: primera fecha del Torneo de Verano de motocross y cuatriciclos en Taf\u00ed del Valle.<br \/>s\u00e1bado 13: Tucum\u00e1n de Gimnasia debuta en la Serie A-2 de voley buscando el ascenso. En su cancha, recibir\u00e1 a Ateneo de Catamarca, desde las 21.<br \/>domingo 14: Atl\u00e9tico juega en Brasil contra Sport Recife, por la Copa \u201cAriano Suassuna\u201d.<br \/>martes 16: la caravana del Dakar pasar\u00e1 en enlace por Tucum\u00e1n.<br \/>mi\u00e9rcoles 17: Gimnasia de La Plata-Atl\u00e9tico. Amistoso.<br \/>viernes 19: Arsenal-Atl\u00e9tico. Amistoso.<br \/>15 al 28: Abierto de Australia, primer Grand Slam de tenis.<br \/>domingo 21: en Mar del Plata, a las 22.10, Boca-River (Fox Sports Premium).<br \/>s\u00e1bado 27: XIX Seven de Rugby Taf\u00ed del Valle.<br \/>lunes 22: comienza la fase Preliminar de la Copa Libertadores.<br \/>23 al 25: primera de las 12 fechas del TN, en Potrero de Los Funes, San Luis.<br \/>viernes 26: Tucum\u00e1n BB retoma la actividad en el Torneo Federal de b\u00e1squet. Recibe a El Tribuno.<br \/>26 al 28: primera de las 13 fechas del Rally Mundial en Montecarlo.<br \/>domingo 28: comienza el Federal C: Newbery enfrenta a Graneros y Marapa visita a Deportivo El Galp\u00f3n (Met\u00e1n).<br \/>lunes 29: Atl\u00e9tico vuelve a jugar en la Superliga. A las 19, recibe a Temperley.<\/p>\n<p><b>Febrero<br \/><\/b><br \/>Viernes 2: Ciudadela B\u00e1squet retoma la actividad en el Torneo Federal. Recibe, desde las 22, a Nicol\u00e1s Avellaneda, de Santiago del Estero.<br \/>2 al 4: 45\u00b0 Olimp\u00edadas Intervillas de Taf\u00ed del Valle.<br \/>2 al 4: Copa Davis, primera ronda del Grupo Mundial.<br \/>3 y 4: segunda fecha del campeonato tucumano de yachting en Taf\u00ed del Valle.<br \/>s\u00e1bado 3: la B Nacional retoma con la fecha 13. San Mart\u00edn recibir\u00e1 a Los Andes, en horario a confirmar.<br \/>domingo 4: San Jorge debuta en el Federal A contra Sportivo Patria.<br \/>domingo 4: Juan Bautista Alberdi retoma la actividad en el Torneo Federal de B\u00e1squet. Recibe a El Tribuno.<br \/>domingo 4: se jugar\u00e1 la edici\u00f3n 52 del S\u00faper Bowl, en Minneapolis.<br \/>domingo 4: comenzar\u00e1 la actividad turf\u00edstica en el hip\u00f3dromo de Tucum\u00e1n.<br \/>9 al 25: Juegos Ol\u00edmpicos de Invierno. Pyeongchang (Corea del Sur).<br \/>s\u00e1bado 10: \u201cCopa de Verano Dique El Cadillal\u201d, descenso.<br \/>12 al 18: ATP de tenis de Buenos Aires.<br \/>17 y 18: tercera fecha del campeonato tucumano de yachting en Taf\u00ed del Valle.<br \/>domingo 18: Juego de las Estrellas de la NBA, en el Staples Center de Los \u00c1ngeles, California.<br \/>domingo 25: en San Pedro de Colalao, el Abierto del NOA de mountain bike, que repartir\u00e1 puntos internacionales.<br \/>23 al 25: primera de las 10 fechas del Rally Argentino.<\/p>\n<p><b>Marzo<\/b><\/p>\n<p>2 al 4: primera de 12 fechas del Top Race.<br \/>3 y 4: tercera y \u00faltima fecha del campeonato tucumano de yachting.<br \/>domingo 11: se disputar\u00e1 el Gran Premio \u201cMart\u00edn Cossio\u201d en Raco, primera fecha del cross rural de mountain bike.<br \/>martes 13: Atl\u00e9tico debuta en la Copa Libertadores, a las 19.15, ante Libertad de Paraguay, en el Monumental.<br \/>13 al 17: primera de seis fechas del Circuito Tucumano de squash.<br \/>16 al 18: primera fecha del S\u00faper TC 2000 de 12 que se correr\u00e1n.<br \/>domingo 25: primera de las 21 fechas de la F-1 en Melbourne, Australia.<br \/>s\u00e1bado 10: comienza el Nacional de Clubes de rugby (Nataci\u00f3n, Lawn Tennis, Tucum\u00e1n Rugby y Los Tarcos, en el \u201cA\u201d y en el \u201cB\u201d, Universitario) y el Torneo del Interior (en el \u201cA\u201d estar\u00e1n Lince y Huirapuca, y Cardenales, en el \u201cC\u201d).<\/p>\n<p><b>Abril<\/b><\/p>\n<p>mi\u00e9rcoles 4: Atl\u00e9tico visita a Pe\u00f1arol en Uruguay, por la Copa Libertadores.<br \/>6 al 8: Argentina recibe a Ecuador o Chile por la fecha 1 del Grupo Americano I de Davis. Tambi\u00e9n se juegan los cuartos de final del Grupo Mundial.<br \/>6 al 8: segunda fecha del Rally Argentino, en Tucum\u00e1n.<br \/>6 al 8: Masters de Augusta (golf).<br \/>mi\u00e9rcoles 11: finaliza la temporada regular de la NBA.<br \/>14 al 28: finales de la NBA.<br \/>MI\u00c9RCOLES 18: Atl\u00e9tico enfrenta a The Strongest en Bolivia, por la Libertadores.<br \/>mi\u00e9rcoles 25: Atl\u00e9tico recibe a The Strongest, por la Libertadores.<br \/>27 al 29: quinta fecha del Rally Mundial, en Argentina.<\/p>\n<\/p><\/div>\n<\/div>\n","protected":false},"excerpt":{"rendered":"<p>Enero Mi\u00e9rcoles 3: Atl\u00e9tico comienza la pretemporada en Ojo de Agua. mi\u00e9rcoles 3: San Mart\u00edn comienza la pretemporada en el Complejo Mirkin. 6 al 20: Rally Dakar. Mi\u00e9rcoles 10: Talleres retoma su participaci\u00f3n en la Liga Nacional. Recibe a BHY Tiro Federal. jueves 11: en Mar del Plata, comienza el f\u00fatbol de verano con San [&hellip;]<\/p>\n","protected":false},"author":1,"featured_media":4413,"comment_status":"open","ping_status":"closed","sticky":false,"template":"","format":"standard","meta":{"footnotes":""},"categories":[6],"tags":[],"class_list":{"0":"post-4412","1":"post","2":"type-post","3":"status-publish","4":"format-standard","5":"has-post-thumbnail","7":"category-deporte"},"yoast_head":"<!-- This site is optimized with the Yoast SEO plugin v27.4 - https:\/\/yoast.com\/product\/yoast-seo-wordpress\/ -->\n<title>El a\u00f1o se despereza con el Dakar, el f\u00fatbol de verano, el Abierto de Australia y el Seven - El Diario de Tucuman<\/title>\n<meta name=\"robots\" content=\"index, follow, max-snippet:-1, max-image-preview:large, max-video-preview:-1\" \/>\n<link rel=\"canonical\" href=\"https:\/\/www.eldiariodetucuman.com\/web\/ano-se-despereza-dakar-futbol-verano-abierto-australia-seven\/\" \/>\n<meta property=\"og:locale\" content=\"es_ES\" \/>\n<meta property=\"og:type\" content=\"article\" \/>\n<meta property=\"og:title\" content=\"El a\u00f1o se despereza con el Dakar, el f\u00fatbol de verano, el Abierto de Australia y el Seven - El Diario de Tucuman\" \/>\n<meta property=\"og:description\" content=\"Enero Mi\u00e9rcoles 3: Atl\u00e9tico comienza la pretemporada en Ojo de Agua. mi\u00e9rcoles 3: San Mart\u00edn comienza la pretemporada en el Complejo Mirkin. 6 al 20: Rally Dakar. Mi\u00e9rcoles 10: Talleres retoma su participaci\u00f3n en la Liga Nacional. Recibe a BHY Tiro Federal. jueves 11: en Mar del Plata, comienza el f\u00fatbol de verano con San [&hellip;]\" \/>\n<meta property=\"og:url\" content=\"https:\/\/www.eldiariodetucuman.com\/web\/ano-se-despereza-dakar-futbol-verano-abierto-australia-seven\/\" \/>\n<meta property=\"og:site_name\" content=\"El Diario de Tucuman\" \/>\n<meta property=\"article:published_time\" content=\"2018-01-02T13:53:56+00:00\" \/>\n<meta property=\"article:modified_time\" content=\"2018-01-02T18:55:59+00:00\" \/>\n<meta property=\"og:image\" content=\"https:\/\/www.eldiariodetucuman.com\/web\/wp-content\/uploads\/2018\/01\/934d13adc477d0f87c9e65c145b1dd62.jpeg\" \/>\n\t<meta property=\"og:image:width\" content=\"970\" \/>\n\t<meta property=\"og:image:height\" content=\"680\" \/>\n\t<meta property=\"og:image:type\" content=\"image\/jpeg\" \/>\n<meta name=\"author\" content=\"admin\" \/>\n<meta name=\"twitter:card\" content=\"summary_large_image\" \/>\n<meta name=\"twitter:label1\" content=\"Escrito por\" \/>\n\t<meta name=\"twitter:data1\" content=\"admin\" \/>\n\t<meta name=\"twitter:label2\" content=\"Tiempo de lectura\" \/>\n\t<meta name=\"twitter:data2\" content=\"8 minutos\" \/>\n<script type=\"application\/ld+json\" class=\"yoast-schema-graph\">{\"@context\":\"https:\\\/\\\/schema.org\",\"@graph\":[{\"@type\":\"Article\",\"@id\":\"https:\\\/\\\/www.eldiariodetucuman.com\\\/web\\\/ano-se-despereza-dakar-futbol-verano-abierto-australia-seven\\\/#article\",\"isPartOf\":{\"@id\":\"https:\\\/\\\/www.eldiariodetucuman.com\\\/web\\\/ano-se-despereza-dakar-futbol-verano-abierto-australia-seven\\\/\"},\"author\":{\"name\":\"admin\",\"@id\":\"https:\\\/\\\/www.eldiariodetucuman.com\\\/web\\\/#\\\/schema\\\/person\\\/9250197d75ab5483412e19678b121caa\"},\"headline\":\"El a\u00f1o se despereza con el Dakar, el f\u00fatbol de verano, el Abierto de Australia y el Seven\",\"datePublished\":\"2018-01-02T13:53:56+00:00\",\"dateModified\":\"2018-01-02T18:55:59+00:00\",\"mainEntityOfPage\":{\"@id\":\"https:\\\/\\\/www.eldiariodetucuman.com\\\/web\\\/ano-se-despereza-dakar-futbol-verano-abierto-australia-seven\\\/\"},\"wordCount\":1615,\"commentCount\":0,\"publisher\":{\"@id\":\"https:\\\/\\\/www.eldiariodetucuman.com\\\/web\\\/#organization\"},\"image\":{\"@id\":\"https:\\\/\\\/www.eldiariodetucuman.com\\\/web\\\/ano-se-despereza-dakar-futbol-verano-abierto-australia-seven\\\/#primaryimage\"},\"thumbnailUrl\":\"https:\\\/\\\/www.eldiariodetucuman.com\\\/web\\\/wp-content\\\/uploads\\\/2018\\\/01\\\/934d13adc477d0f87c9e65c145b1dd62.jpeg\",\"articleSection\":[\"Deporte\"],\"inLanguage\":\"es\",\"potentialAction\":[{\"@type\":\"CommentAction\",\"name\":\"Comment\",\"target\":[\"https:\\\/\\\/www.eldiariodetucuman.com\\\/web\\\/ano-se-despereza-dakar-futbol-verano-abierto-australia-seven\\\/#respond\"]}]},{\"@type\":\"WebPage\",\"@id\":\"https:\\\/\\\/www.eldiariodetucuman.com\\\/web\\\/ano-se-despereza-dakar-futbol-verano-abierto-australia-seven\\\/\",\"url\":\"https:\\\/\\\/www.eldiariodetucuman.com\\\/web\\\/ano-se-despereza-dakar-futbol-verano-abierto-australia-seven\\\/\",\"name\":\"El a\u00f1o se despereza con el Dakar, el f\u00fatbol de verano, el Abierto de Australia y el Seven - El Diario de Tucuman\",\"isPartOf\":{\"@id\":\"https:\\\/\\\/www.eldiariodetucuman.com\\\/web\\\/#website\"},\"primaryImageOfPage\":{\"@id\":\"https:\\\/\\\/www.eldiariodetucuman.com\\\/web\\\/ano-se-despereza-dakar-futbol-verano-abierto-australia-seven\\\/#primaryimage\"},\"image\":{\"@id\":\"https:\\\/\\\/www.eldiariodetucuman.com\\\/web\\\/ano-se-despereza-dakar-futbol-verano-abierto-australia-seven\\\/#primaryimage\"},\"thumbnailUrl\":\"https:\\\/\\\/www.eldiariodetucuman.com\\\/web\\\/wp-content\\\/uploads\\\/2018\\\/01\\\/934d13adc477d0f87c9e65c145b1dd62.jpeg\",\"datePublished\":\"2018-01-02T13:53:56+00:00\",\"dateModified\":\"2018-01-02T18:55:59+00:00\",\"breadcrumb\":{\"@id\":\"https:\\\/\\\/www.eldiariodetucuman.com\\\/web\\\/ano-se-despereza-dakar-futbol-verano-abierto-australia-seven\\\/#breadcrumb\"},\"inLanguage\":\"es\",\"potentialAction\":[{\"@type\":\"ReadAction\",\"target\":[\"https:\\\/\\\/www.eldiariodetucuman.com\\\/web\\\/ano-se-despereza-dakar-futbol-verano-abierto-australia-seven\\\/\"]}]},{\"@type\":\"ImageObject\",\"inLanguage\":\"es\",\"@id\":\"https:\\\/\\\/www.eldiariodetucuman.com\\\/web\\\/ano-se-despereza-dakar-futbol-verano-abierto-australia-seven\\\/#primaryimage\",\"url\":\"https:\\\/\\\/www.eldiariodetucuman.com\\\/web\\\/wp-content\\\/uploads\\\/2018\\\/01\\\/934d13adc477d0f87c9e65c145b1dd62.jpeg\",\"contentUrl\":\"https:\\\/\\\/www.eldiariodetucuman.com\\\/web\\\/wp-content\\\/uploads\\\/2018\\\/01\\\/934d13adc477d0f87c9e65c145b1dd62.jpeg\",\"width\":970,\"height\":680},{\"@type\":\"BreadcrumbList\",\"@id\":\"https:\\\/\\\/www.eldiariodetucuman.com\\\/web\\\/ano-se-despereza-dakar-futbol-verano-abierto-australia-seven\\\/#breadcrumb\",\"itemListElement\":[{\"@type\":\"ListItem\",\"position\":1,\"name\":\"Portada\",\"item\":\"https:\\\/\\\/www.eldiariodetucuman.com\\\/web\\\/\"},{\"@type\":\"ListItem\",\"position\":2,\"name\":\"El a\u00f1o se despereza con el Dakar, el f\u00fatbol de verano, el Abierto de Australia y el Seven\"}]},{\"@type\":\"WebSite\",\"@id\":\"https:\\\/\\\/www.eldiariodetucuman.com\\\/web\\\/#website\",\"url\":\"https:\\\/\\\/www.eldiariodetucuman.com\\\/web\\\/\",\"name\":\"El Diario de Tucuman\",\"description\":\"Diario Tucuman - Informaci\u00f3n y noticias\",\"publisher\":{\"@id\":\"https:\\\/\\\/www.eldiariodetucuman.com\\\/web\\\/#organization\"},\"potentialAction\":[{\"@type\":\"SearchAction\",\"target\":{\"@type\":\"EntryPoint\",\"urlTemplate\":\"https:\\\/\\\/www.eldiariodetucuman.com\\\/web\\\/?s={search_term_string}\"},\"query-input\":{\"@type\":\"PropertyValueSpecification\",\"valueRequired\":true,\"valueName\":\"search_term_string\"}}],\"inLanguage\":\"es\"},{\"@type\":\"Organization\",\"@id\":\"https:\\\/\\\/www.eldiariodetucuman.com\\\/web\\\/#organization\",\"name\":\"El Diario de Tucuman\",\"url\":\"https:\\\/\\\/www.eldiariodetucuman.com\\\/web\\\/\",\"logo\":{\"@type\":\"ImageObject\",\"inLanguage\":\"es\",\"@id\":\"https:\\\/\\\/www.eldiariodetucuman.com\\\/web\\\/#\\\/schema\\\/logo\\\/image\\\/\",\"url\":\"http:\\\/\\\/www.eldiariodetucuman.com\\\/web\\\/wp-content\\\/uploads\\\/2017\\\/12\\\/el-diario-de-tucuman.jpg\",\"contentUrl\":\"http:\\\/\\\/www.eldiariodetucuman.com\\\/web\\\/wp-content\\\/uploads\\\/2017\\\/12\\\/el-diario-de-tucuman.jpg\",\"width\":272,\"height\":92,\"caption\":\"El Diario de Tucuman\"},\"image\":{\"@id\":\"https:\\\/\\\/www.eldiariodetucuman.com\\\/web\\\/#\\\/schema\\\/logo\\\/image\\\/\"}},{\"@type\":\"Person\",\"@id\":\"https:\\\/\\\/www.eldiariodetucuman.com\\\/web\\\/#\\\/schema\\\/person\\\/9250197d75ab5483412e19678b121caa\",\"name\":\"admin\",\"image\":{\"@type\":\"ImageObject\",\"inLanguage\":\"es\",\"@id\":\"https:\\\/\\\/secure.gravatar.com\\\/avatar\\\/c44d117c2be811212c22cb481f6b8384b6873de103fbc49e7a03cc58d7dea4ac?s=96&d=mm&r=g\",\"url\":\"https:\\\/\\\/secure.gravatar.com\\\/avatar\\\/c44d117c2be811212c22cb481f6b8384b6873de103fbc49e7a03cc58d7dea4ac?s=96&d=mm&r=g\",\"contentUrl\":\"https:\\\/\\\/secure.gravatar.com\\\/avatar\\\/c44d117c2be811212c22cb481f6b8384b6873de103fbc49e7a03cc58d7dea4ac?s=96&d=mm&r=g\",\"caption\":\"admin\"},\"url\":\"https:\\\/\\\/www.eldiariodetucuman.com\\\/web\\\/author\\\/admin\\\/\"}]}<\/script>\n<!-- \/ Yoast SEO plugin. -->","yoast_head_json":{"title":"El a\u00f1o se despereza con el Dakar, el f\u00fatbol de verano, el Abierto de Australia y el Seven - El Diario de Tucuman","robots":{"index":"index","follow":"follow","max-snippet":"max-snippet:-1","max-image-preview":"max-image-preview:large","max-video-preview":"max-video-preview:-1"},"canonical":"https:\/\/www.eldiariodetucuman.com\/web\/ano-se-despereza-dakar-futbol-verano-abierto-australia-seven\/","og_locale":"es_ES","og_type":"article","og_title":"El a\u00f1o se despereza con el Dakar, el f\u00fatbol de verano, el Abierto de Australia y el Seven - El Diario de Tucuman","og_description":"Enero Mi\u00e9rcoles 3: Atl\u00e9tico comienza la pretemporada en Ojo de Agua. mi\u00e9rcoles 3: San Mart\u00edn comienza la pretemporada en el Complejo Mirkin. 6 al 20: Rally Dakar. Mi\u00e9rcoles 10: Talleres retoma su participaci\u00f3n en la Liga Nacional. Recibe a BHY Tiro Federal. jueves 11: en Mar del Plata, comienza el f\u00fatbol de verano con San [&hellip;]","og_url":"https:\/\/www.eldiariodetucuman.com\/web\/ano-se-despereza-dakar-futbol-verano-abierto-australia-seven\/","og_site_name":"El Diario de Tucuman","article_published_time":"2018-01-02T13:53:56+00:00","article_modified_time":"2018-01-02T18:55:59+00:00","og_image":[{"width":970,"height":680,"url":"https:\/\/www.eldiariodetucuman.com\/web\/wp-content\/uploads\/2018\/01\/934d13adc477d0f87c9e65c145b1dd62.jpeg","type":"image\/jpeg"}],"author":"admin","twitter_card":"summary_large_image","twitter_misc":{"Escrito por":"admin","Tiempo de lectura":"8 minutos"},"schema":{"@context":"https:\/\/schema.org","@graph":[{"@type":"Article","@id":"https:\/\/www.eldiariodetucuman.com\/web\/ano-se-despereza-dakar-futbol-verano-abierto-australia-seven\/#article","isPartOf":{"@id":"https:\/\/www.eldiariodetucuman.com\/web\/ano-se-despereza-dakar-futbol-verano-abierto-australia-seven\/"},"author":{"name":"admin","@id":"https:\/\/www.eldiariodetucuman.com\/web\/#\/schema\/person\/9250197d75ab5483412e19678b121caa"},"headline":"El a\u00f1o se despereza con el Dakar, el f\u00fatbol de verano, el Abierto de Australia y el Seven","datePublished":"2018-01-02T13:53:56+00:00","dateModified":"2018-01-02T18:55:59+00:00","mainEntityOfPage":{"@id":"https:\/\/www.eldiariodetucuman.com\/web\/ano-se-despereza-dakar-futbol-verano-abierto-australia-seven\/"},"wordCount":1615,"commentCount":0,"publisher":{"@id":"https:\/\/www.eldiariodetucuman.com\/web\/#organization"},"image":{"@id":"https:\/\/www.eldiariodetucuman.com\/web\/ano-se-despereza-dakar-futbol-verano-abierto-australia-seven\/#primaryimage"},"thumbnailUrl":"https:\/\/www.eldiariodetucuman.com\/web\/wp-content\/uploads\/2018\/01\/934d13adc477d0f87c9e65c145b1dd62.jpeg","articleSection":["Deporte"],"inLanguage":"es","potentialAction":[{"@type":"CommentAction","name":"Comment","target":["https:\/\/www.eldiariodetucuman.com\/web\/ano-se-despereza-dakar-futbol-verano-abierto-australia-seven\/#respond"]}]},{"@type":"WebPage","@id":"https:\/\/www.eldiariodetucuman.com\/web\/ano-se-despereza-dakar-futbol-verano-abierto-australia-seven\/","url":"https:\/\/www.eldiariodetucuman.com\/web\/ano-se-despereza-dakar-futbol-verano-abierto-australia-seven\/","name":"El a\u00f1o se despereza con el Dakar, el f\u00fatbol de verano, el Abierto de Australia y el Seven - El Diario de Tucuman","isPartOf":{"@id":"https:\/\/www.eldiariodetucuman.com\/web\/#website"},"primaryImageOfPage":{"@id":"https:\/\/www.eldiariodetucuman.com\/web\/ano-se-despereza-dakar-futbol-verano-abierto-australia-seven\/#primaryimage"},"image":{"@id":"https:\/\/www.eldiariodetucuman.com\/web\/ano-se-despereza-dakar-futbol-verano-abierto-australia-seven\/#primaryimage"},"thumbnailUrl":"https:\/\/www.eldiariodetucuman.com\/web\/wp-content\/uploads\/2018\/01\/934d13adc477d0f87c9e65c145b1dd62.jpeg","datePublished":"2018-01-02T13:53:56+00:00","dateModified":"2018-01-02T18:55:59+00:00","breadcrumb":{"@id":"https:\/\/www.eldiariodetucuman.com\/web\/ano-se-despereza-dakar-futbol-verano-abierto-australia-seven\/#breadcrumb"},"inLanguage":"es","potentialAction":[{"@type":"ReadAction","target":["https:\/\/www.eldiariodetucuman.com\/web\/ano-se-despereza-dakar-futbol-verano-abierto-australia-seven\/"]}]},{"@type":"ImageObject","inLanguage":"es","@id":"https:\/\/www.eldiariodetucuman.com\/web\/ano-se-despereza-dakar-futbol-verano-abierto-australia-seven\/#primaryimage","url":"https:\/\/www.eldiariodetucuman.com\/web\/wp-content\/uploads\/2018\/01\/934d13adc477d0f87c9e65c145b1dd62.jpeg","contentUrl":"https:\/\/www.eldiariodetucuman.com\/web\/wp-content\/uploads\/2018\/01\/934d13adc477d0f87c9e65c145b1dd62.jpeg","width":970,"height":680},{"@type":"BreadcrumbList","@id":"https:\/\/www.eldiariodetucuman.com\/web\/ano-se-despereza-dakar-futbol-verano-abierto-australia-seven\/#breadcrumb","itemListElement":[{"@type":"ListItem","position":1,"name":"Portada","item":"https:\/\/www.eldiariodetucuman.com\/web\/"},{"@type":"ListItem","position":2,"name":"El a\u00f1o se despereza con el Dakar, el f\u00fatbol de verano, el Abierto de Australia y el Seven"}]},{"@type":"WebSite","@id":"https:\/\/www.eldiariodetucuman.com\/web\/#website","url":"https:\/\/www.eldiariodetucuman.com\/web\/","name":"El Diario de Tucuman","description":"Diario Tucuman - Informaci\u00f3n y noticias","publisher":{"@id":"https:\/\/www.eldiariodetucuman.com\/web\/#organization"},"potentialAction":[{"@type":"SearchAction","target":{"@type":"EntryPoint","urlTemplate":"https:\/\/www.eldiariodetucuman.com\/web\/?s={search_term_string}"},"query-input":{"@type":"PropertyValueSpecification","valueRequired":true,"valueName":"search_term_string"}}],"inLanguage":"es"},{"@type":"Organization","@id":"https:\/\/www.eldiariodetucuman.com\/web\/#organization","name":"El Diario de Tucuman","url":"https:\/\/www.eldiariodetucuman.com\/web\/","logo":{"@type":"ImageObject","inLanguage":"es","@id":"https:\/\/www.eldiariodetucuman.com\/web\/#\/schema\/logo\/image\/","url":"http:\/\/www.eldiariodetucuman.com\/web\/wp-content\/uploads\/2017\/12\/el-diario-de-tucuman.jpg","contentUrl":"http:\/\/www.eldiariodetucuman.com\/web\/wp-content\/uploads\/2017\/12\/el-diario-de-tucuman.jpg","width":272,"height":92,"caption":"El Diario de Tucuman"},"image":{"@id":"https:\/\/www.eldiariodetucuman.com\/web\/#\/schema\/logo\/image\/"}},{"@type":"Person","@id":"https:\/\/www.eldiariodetucuman.com\/web\/#\/schema\/person\/9250197d75ab5483412e19678b121caa","name":"admin","image":{"@type":"ImageObject","inLanguage":"es","@id":"https:\/\/secure.gravatar.com\/avatar\/c44d117c2be811212c22cb481f6b8384b6873de103fbc49e7a03cc58d7dea4ac?s=96&d=mm&r=g","url":"https:\/\/secure.gravatar.com\/avatar\/c44d117c2be811212c22cb481f6b8384b6873de103fbc49e7a03cc58d7dea4ac?s=96&d=mm&r=g","contentUrl":"https:\/\/secure.gravatar.com\/avatar\/c44d117c2be811212c22cb481f6b8384b6873de103fbc49e7a03cc58d7dea4ac?s=96&d=mm&r=g","caption":"admin"},"url":"https:\/\/www.eldiariodetucuman.com\/web\/author\/admin\/"}]}},"_links":{"self":[{"href":"https:\/\/www.eldiariodetucuman.com\/web\/wp-json\/wp\/v2\/posts\/4412","targetHints":{"allow":["GET"]}}],"collection":[{"href":"https:\/\/www.eldiariodetucuman.com\/web\/wp-json\/wp\/v2\/posts"}],"about":[{"href":"https:\/\/www.eldiariodetucuman.com\/web\/wp-json\/wp\/v2\/types\/post"}],"author":[{"embeddable":true,"href":"https:\/\/www.eldiariodetucuman.com\/web\/wp-json\/wp\/v2\/users\/1"}],"replies":[{"embeddable":true,"href":"https:\/\/www.eldiariodetucuman.com\/web\/wp-json\/wp\/v2\/comments?post=4412"}],"version-history":[{"count":1,"href":"https:\/\/www.eldiariodetucuman.com\/web\/wp-json\/wp\/v2\/posts\/4412\/revisions"}],"predecessor-version":[{"id":4429,"href":"https:\/\/www.eldiariodetucuman.com\/web\/wp-json\/wp\/v2\/posts\/4412\/revisions\/4429"}],"wp:featuredmedia":[{"embeddable":true,"href":"https:\/\/www.eldiariodetucuman.com\/web\/wp-json\/wp\/v2\/media\/4413"}],"wp:attachment":[{"href":"https:\/\/www.eldiariodetucuman.com\/web\/wp-json\/wp\/v2\/media?parent=4412"}],"wp:term":[{"taxonomy":"category","embeddable":true,"href":"https:\/\/www.eldiariodetucuman.com\/web\/wp-json\/wp\/v2\/categories?post=4412"},{"taxonomy":"post_tag","embeddable":true,"href":"https:\/\/www.eldiariodetucuman.com\/web\/wp-json\/wp\/v2\/tags?post=4412"}],"curies":[{"name":"wp","href":"https:\/\/api.w.org\/{rel}","templated":true}]}}