{"id":4399,"date":"2018-01-02T08:29:26","date_gmt":"2018-01-02T11:29:26","guid":{"rendered":"http:\/\/www.eldiariodetucuman.com\/web\/?p=4399"},"modified":"2018-01-02T08:29:26","modified_gmt":"2018-01-02T11:29:26","slug":"tragedia-de-loma-bola-el-club-admitio-que-la-medica-despego-sin-las-perneras-colocadas","status":"publish","type":"post","link":"https:\/\/www.eldiariodetucuman.com\/web\/tragedia-de-loma-bola-el-club-admitio-que-la-medica-despego-sin-las-perneras-colocadas\/","title":{"rendered":"Tragedia de Loma Bola | El club admiti\u00f3 que la m\u00e9dica \u00abdespeg\u00f3 sin las perneras colocadas\u00bb"},"content":{"rendered":"<section class=\"row\">\n<div class=\"col-xs-12\">Mediante un comunicado publicado en su p\u00e1gina de Facebook, el\u00a0<strong>Club de Vuelo Libre Los Caranchos<\/strong>\u00a0afirm\u00f3 que recolecta material sobre el accidente y que esperan el testimonio del piloto Ariel Salazar.<\/div>\n<\/section>\n<section class=\"row\">\n<div class=\"col-xs-8 col-sm-12 col-md-8 reduced-size region-3\">\n<div class=\"detail-body \">\n<div class=\"preview\">\n<div class=\"inside-note col-xs-12\"><!--more--><\/div>\n<p>El\u00a0<strong>Club de Vuelo Libre Los Caranchos<\/strong>\u00a0emiti\u00f3 un comunicado a ra\u00edz de la muerte de\u00a0<strong>Natalia Vargas<\/strong>, quien cay\u00f3 desde 120 metros durante un vuelo en el cerro San Javier. All\u00ed explicaron que ella sali\u00f3 \u201csin las perneras colocadas\u201d y explicaron que esperan la versi\u00f3n del piloto, quien se encuentra en una \u201cprofunda crisis\u201d.<\/p>\n<\/div>\n<article id=\"note-body\" class=\"note-body\" data-twitter-link=\"https:\/\/twitter.com\/intent\/tweet?url=https:\/\/www.minutouno.com\/c3055948&amp;v\u00eda=minutounocom&amp;related=MinutoUno&amp;text=\">\n<div class=\"row\">\n<div class=\"inside-note col-xs-12\">\n<div class=\"inside-note col-xs-12\"><\/div>\n<div id=\"2694284-680005931_wrap\" class=\"embed_cont type_video no-epigrafe no-copyright\">\n<div id=\"2694284-680005931_content\" class=\"embed_content\">\n<div id=\"2694284-680005931_embed\">\n<div id=\"mediaPlayer_2694284-680005931\"><iframe loading=\"lazy\" src=\"https:\/\/www.minutouno.com\/services\/embed.php?idAdjunto=2694284&amp;idAdjuntoTamano=&amp;width=622&amp;height=351&amp;tipo=video\" width=\"622\" height=\"351\" frameborder=\"0\" scrolling=\"no\" allowfullscreen=\"allowfullscreen\" data-mce-fragment=\"1\"><\/iframe><\/div>\n<\/div>\n<\/div>\n<\/div>\n<p>Desde la instituci\u00f3n lamentaron \u201cprofundamente el\u00a0accidente\u00a0que le costara la vida a Natalia Vargas y que\u00a0<span id=\"saysCMSEmphasisr7k455229ol\" class=\"saysCMSEmphasis\">ha sumido al piloto Ariel Salazar en una crisis de la que no puede salir<\/span>\u201d. Tambi\u00e9n afirmaron que est\u00e1n \u201crecolectando y analizando fotos y videos, conversando con personas que estuvieron presentes en el momento del accidente\u201d.<\/p>\n<div class=\"inside-note col-xs-12\"><\/div>\n<div class=\" adm-master-placement\">\u00abLo que observamos es que la pasajera despeg\u00f3 sin las perneras colocadas, desconocemos los motivos que produjeron esto\u00bb<\/div>\n<\/div>\n<p>Tambi\u00e9n indicaron que esperan \u201ccontar, a la brevedad posible, con el relato del piloto, quien a\u00fan no pudo realizarlo por la profunda crisis en que se encuentra\u201d.<\/p>\n<div><span class=\"twitter-quote\">\u00abEstamos recolectando y analizando fotos y videos, conversando con personas que estuvieron presentes en el momento del accidente\u00bb<\/span><\/div>\n<p>\u201cHasta el momento,\u00a0<span id=\"saysCMSEmphasis9nv985iy43d\" class=\"saysCMSEmphasis\">lo que observamos es que la pasajera despeg\u00f3 sin las perneras c<\/span><span class=\"saysCMSEmphasis\">olocadas, desconocemos los motivos que produjeron esto<\/span>, pero rogamos tener paciencia al p\u00fablico general, no hacerse eco de versiones de ning\u00fan tipo, hasta tanto no tengamos los elementos suficientes para arribar a una conclusi\u00f3n definitiva\u201d, explicaron.<\/p>\n<div id=\"embed13_wrap\" class=\"embed_cont type_freetext no-epigrafe no-copyright\">\n<div id=\"embed13_content\" class=\"embed_content\">\n<div id=\"embed13_embed\"><iframe loading=\"lazy\" src=\"https:\/\/www.facebook.com\/plugins\/post.php?href=https%3A%2F%2Fwww.facebook.com%2FLomaBolaParapente%2Fposts%2F1788009684566107&amp;width=500\" width=\"500\" height=\"288\" frameborder=\"0\" scrolling=\"no\" data-mce-fragment=\"1\"><\/iframe><\/div>\n<div><\/div>\n<div>Fuente:\u00a0<a href=\"https:\/\/www.minutouno.com\/notas\/3055948-segun-el-club-la-medica-que-murio-un-parapente-despego-las-perneras-colocadas\">https:\/\/www.minutouno.com\/notas\/3055948-segun-el-club-la-medica-que-murio-un-parapente-despego-las-perneras-colocadas<\/a><\/div>\n<\/div>\n<\/div>\n<p>&nbsp;<\/p>\n<\/div>\n<\/article>\n<\/div>\n<\/div>\n<\/section>\n","protected":false},"excerpt":{"rendered":"<p>Mediante un comunicado publicado en su p\u00e1gina de Facebook, el\u00a0Club de Vuelo Libre Los Caranchos\u00a0afirm\u00f3 que recolecta material sobre el accidente y que esperan el testimonio del piloto Ariel Salazar.<\/p>\n","protected":false},"author":5,"featured_media":4400,"comment_status":"closed","ping_status":"open","sticky":false,"template":"","format":"standard","meta":{"footnotes":""},"categories":[1],"tags":[1281,1357,931,61],"class_list":{"0":"post-4399","1":"post","2":"type-post","3":"status-publish","4":"format-standard","5":"has-post-thumbnail","7":"category-portada","8":"tag-loma-bola","9":"tag-natalia-vargas","10":"tag-san-javier","11":"tag-tucuman"},"yoast_head":"<!-- This site is optimized with the Yoast SEO plugin v27.4 - https:\/\/yoast.com\/product\/yoast-seo-wordpress\/ -->\n<title>Tragedia de Loma Bola | El club admiti\u00f3 que la m\u00e9dica &quot;despeg\u00f3 sin las perneras colocadas&quot; - El Diario de Tucuman<\/title>\n<meta name=\"description\" content=\"Mediante un comunicado publicado en su p\u00e1gina de Facebook, el\u00a0Club de Vuelo Libre Los Caranchos\u00a0afirm\u00f3 que recolecta material sobre el accidente y que esperan el testimonio del piloto Ariel Salazar.\" \/>\n<meta name=\"robots\" content=\"index, follow, max-snippet:-1, max-image-preview:large, max-video-preview:-1\" \/>\n<link rel=\"canonical\" href=\"https:\/\/www.eldiariodetucuman.com\/web\/tragedia-de-loma-bola-el-club-admitio-que-la-medica-despego-sin-las-perneras-colocadas\/\" \/>\n<meta property=\"og:locale\" content=\"es_ES\" \/>\n<meta property=\"og:type\" content=\"article\" \/>\n<meta property=\"og:title\" content=\"Tragedia de Loma Bola | El club admiti\u00f3 que la m\u00e9dica &quot;despeg\u00f3 sin las perneras colocadas&quot; - El Diario de Tucuman\" \/>\n<meta property=\"og:description\" content=\"Mediante un comunicado publicado en su p\u00e1gina de Facebook, el\u00a0Club de Vuelo Libre Los Caranchos\u00a0afirm\u00f3 que recolecta material sobre el accidente y que esperan el testimonio del piloto Ariel Salazar.\" \/>\n<meta property=\"og:url\" content=\"https:\/\/www.eldiariodetucuman.com\/web\/tragedia-de-loma-bola-el-club-admitio-que-la-medica-despego-sin-las-perneras-colocadas\/\" \/>\n<meta property=\"og:site_name\" content=\"El Diario de Tucuman\" \/>\n<meta property=\"article:published_time\" content=\"2018-01-02T11:29:26+00:00\" \/>\n<meta property=\"og:image\" content=\"https:\/\/www.eldiariodetucuman.com\/web\/wp-content\/uploads\/2018\/01\/nataliavargas.jpeg\" \/>\n\t<meta property=\"og:image:width\" content=\"1500\" \/>\n\t<meta property=\"og:image:height\" content=\"850\" \/>\n\t<meta property=\"og:image:type\" content=\"image\/jpeg\" \/>\n<meta name=\"author\" content=\"Redactor Uno\" \/>\n<meta name=\"twitter:card\" content=\"summary_large_image\" \/>\n<meta name=\"twitter:label1\" content=\"Escrito por\" \/>\n\t<meta name=\"twitter:data1\" content=\"Redactor Uno\" \/>\n\t<meta name=\"twitter:label2\" content=\"Tiempo de lectura\" \/>\n\t<meta name=\"twitter:data2\" content=\"1 minuto\" \/>\n<script type=\"application\/ld+json\" class=\"yoast-schema-graph\">{\"@context\":\"https:\\\/\\\/schema.org\",\"@graph\":[{\"@type\":\"Article\",\"@id\":\"https:\\\/\\\/www.eldiariodetucuman.com\\\/web\\\/tragedia-de-loma-bola-el-club-admitio-que-la-medica-despego-sin-las-perneras-colocadas\\\/#article\",\"isPartOf\":{\"@id\":\"https:\\\/\\\/www.eldiariodetucuman.com\\\/web\\\/tragedia-de-loma-bola-el-club-admitio-que-la-medica-despego-sin-las-perneras-colocadas\\\/\"},\"author\":{\"name\":\"Redactor Uno\",\"@id\":\"https:\\\/\\\/www.eldiariodetucuman.com\\\/web\\\/#\\\/schema\\\/person\\\/7e6644a46e60888f6b868594407e08dd\"},\"headline\":\"Tragedia de Loma Bola | El club admiti\u00f3 que la m\u00e9dica \u00abdespeg\u00f3 sin las perneras colocadas\u00bb\",\"datePublished\":\"2018-01-02T11:29:26+00:00\",\"mainEntityOfPage\":{\"@id\":\"https:\\\/\\\/www.eldiariodetucuman.com\\\/web\\\/tragedia-de-loma-bola-el-club-admitio-que-la-medica-despego-sin-las-perneras-colocadas\\\/\"},\"wordCount\":288,\"publisher\":{\"@id\":\"https:\\\/\\\/www.eldiariodetucuman.com\\\/web\\\/#organization\"},\"image\":{\"@id\":\"https:\\\/\\\/www.eldiariodetucuman.com\\\/web\\\/tragedia-de-loma-bola-el-club-admitio-que-la-medica-despego-sin-las-perneras-colocadas\\\/#primaryimage\"},\"thumbnailUrl\":\"https:\\\/\\\/www.eldiariodetucuman.com\\\/web\\\/wp-content\\\/uploads\\\/2018\\\/01\\\/nataliavargas.jpeg\",\"keywords\":[\"Loma Bola\",\"Natalia Vargas\",\"san javier\",\"Tucuman\"],\"articleSection\":[\"Portada\"],\"inLanguage\":\"es\"},{\"@type\":\"WebPage\",\"@id\":\"https:\\\/\\\/www.eldiariodetucuman.com\\\/web\\\/tragedia-de-loma-bola-el-club-admitio-que-la-medica-despego-sin-las-perneras-colocadas\\\/\",\"url\":\"https:\\\/\\\/www.eldiariodetucuman.com\\\/web\\\/tragedia-de-loma-bola-el-club-admitio-que-la-medica-despego-sin-las-perneras-colocadas\\\/\",\"name\":\"Tragedia de Loma Bola | El club admiti\u00f3 que la m\u00e9dica \\\"despeg\u00f3 sin las perneras colocadas\\\" - El Diario de Tucuman\",\"isPartOf\":{\"@id\":\"https:\\\/\\\/www.eldiariodetucuman.com\\\/web\\\/#website\"},\"primaryImageOfPage\":{\"@id\":\"https:\\\/\\\/www.eldiariodetucuman.com\\\/web\\\/tragedia-de-loma-bola-el-club-admitio-que-la-medica-despego-sin-las-perneras-colocadas\\\/#primaryimage\"},\"image\":{\"@id\":\"https:\\\/\\\/www.eldiariodetucuman.com\\\/web\\\/tragedia-de-loma-bola-el-club-admitio-que-la-medica-despego-sin-las-perneras-colocadas\\\/#primaryimage\"},\"thumbnailUrl\":\"https:\\\/\\\/www.eldiariodetucuman.com\\\/web\\\/wp-content\\\/uploads\\\/2018\\\/01\\\/nataliavargas.jpeg\",\"datePublished\":\"2018-01-02T11:29:26+00:00\",\"description\":\"Mediante un comunicado publicado en su p\u00e1gina de Facebook, el\u00a0Club de Vuelo Libre Los Caranchos\u00a0afirm\u00f3 que recolecta material sobre el accidente y que esperan el testimonio del piloto Ariel Salazar.\",\"breadcrumb\":{\"@id\":\"https:\\\/\\\/www.eldiariodetucuman.com\\\/web\\\/tragedia-de-loma-bola-el-club-admitio-que-la-medica-despego-sin-las-perneras-colocadas\\\/#breadcrumb\"},\"inLanguage\":\"es\",\"potentialAction\":[{\"@type\":\"ReadAction\",\"target\":[\"https:\\\/\\\/www.eldiariodetucuman.com\\\/web\\\/tragedia-de-loma-bola-el-club-admitio-que-la-medica-despego-sin-las-perneras-colocadas\\\/\"]}]},{\"@type\":\"ImageObject\",\"inLanguage\":\"es\",\"@id\":\"https:\\\/\\\/www.eldiariodetucuman.com\\\/web\\\/tragedia-de-loma-bola-el-club-admitio-que-la-medica-despego-sin-las-perneras-colocadas\\\/#primaryimage\",\"url\":\"https:\\\/\\\/www.eldiariodetucuman.com\\\/web\\\/wp-content\\\/uploads\\\/2018\\\/01\\\/nataliavargas.jpeg\",\"contentUrl\":\"https:\\\/\\\/www.eldiariodetucuman.com\\\/web\\\/wp-content\\\/uploads\\\/2018\\\/01\\\/nataliavargas.jpeg\",\"width\":1500,\"height\":850},{\"@type\":\"BreadcrumbList\",\"@id\":\"https:\\\/\\\/www.eldiariodetucuman.com\\\/web\\\/tragedia-de-loma-bola-el-club-admitio-que-la-medica-despego-sin-las-perneras-colocadas\\\/#breadcrumb\",\"itemListElement\":[{\"@type\":\"ListItem\",\"position\":1,\"name\":\"Portada\",\"item\":\"https:\\\/\\\/www.eldiariodetucuman.com\\\/web\\\/\"},{\"@type\":\"ListItem\",\"position\":2,\"name\":\"Tragedia de Loma Bola | El club admiti\u00f3 que la m\u00e9dica \u00abdespeg\u00f3 sin las perneras colocadas\u00bb\"}]},{\"@type\":\"WebSite\",\"@id\":\"https:\\\/\\\/www.eldiariodetucuman.com\\\/web\\\/#website\",\"url\":\"https:\\\/\\\/www.eldiariodetucuman.com\\\/web\\\/\",\"name\":\"El Diario de Tucuman\",\"description\":\"Diario Tucuman - Informaci\u00f3n y noticias\",\"publisher\":{\"@id\":\"https:\\\/\\\/www.eldiariodetucuman.com\\\/web\\\/#organization\"},\"potentialAction\":[{\"@type\":\"SearchAction\",\"target\":{\"@type\":\"EntryPoint\",\"urlTemplate\":\"https:\\\/\\\/www.eldiariodetucuman.com\\\/web\\\/?s={search_term_string}\"},\"query-input\":{\"@type\":\"PropertyValueSpecification\",\"valueRequired\":true,\"valueName\":\"search_term_string\"}}],\"inLanguage\":\"es\"},{\"@type\":\"Organization\",\"@id\":\"https:\\\/\\\/www.eldiariodetucuman.com\\\/web\\\/#organization\",\"name\":\"El Diario de Tucuman\",\"url\":\"https:\\\/\\\/www.eldiariodetucuman.com\\\/web\\\/\",\"logo\":{\"@type\":\"ImageObject\",\"inLanguage\":\"es\",\"@id\":\"https:\\\/\\\/www.eldiariodetucuman.com\\\/web\\\/#\\\/schema\\\/logo\\\/image\\\/\",\"url\":\"http:\\\/\\\/www.eldiariodetucuman.com\\\/web\\\/wp-content\\\/uploads\\\/2017\\\/12\\\/el-diario-de-tucuman.jpg\",\"contentUrl\":\"http:\\\/\\\/www.eldiariodetucuman.com\\\/web\\\/wp-content\\\/uploads\\\/2017\\\/12\\\/el-diario-de-tucuman.jpg\",\"width\":272,\"height\":92,\"caption\":\"El Diario de Tucuman\"},\"image\":{\"@id\":\"https:\\\/\\\/www.eldiariodetucuman.com\\\/web\\\/#\\\/schema\\\/logo\\\/image\\\/\"}},{\"@type\":\"Person\",\"@id\":\"https:\\\/\\\/www.eldiariodetucuman.com\\\/web\\\/#\\\/schema\\\/person\\\/7e6644a46e60888f6b868594407e08dd\",\"name\":\"Redactor Uno\",\"image\":{\"@type\":\"ImageObject\",\"inLanguage\":\"es\",\"@id\":\"https:\\\/\\\/secure.gravatar.com\\\/avatar\\\/0049b1bdf1bd548385c9ea6b9356431717930913089febd2ba904f0187d7d074?s=96&d=mm&r=g\",\"url\":\"https:\\\/\\\/secure.gravatar.com\\\/avatar\\\/0049b1bdf1bd548385c9ea6b9356431717930913089febd2ba904f0187d7d074?s=96&d=mm&r=g\",\"contentUrl\":\"https:\\\/\\\/secure.gravatar.com\\\/avatar\\\/0049b1bdf1bd548385c9ea6b9356431717930913089febd2ba904f0187d7d074?s=96&d=mm&r=g\",\"caption\":\"Redactor Uno\"},\"url\":\"https:\\\/\\\/www.eldiariodetucuman.com\\\/web\\\/author\\\/mramasco\\\/\"}]}<\/script>\n<!-- \/ Yoast SEO plugin. -->","yoast_head_json":{"title":"Tragedia de Loma Bola | El club admiti\u00f3 que la m\u00e9dica \"despeg\u00f3 sin las perneras colocadas\" - El Diario de Tucuman","description":"Mediante un comunicado publicado en su p\u00e1gina de Facebook, el\u00a0Club de Vuelo Libre Los Caranchos\u00a0afirm\u00f3 que recolecta material sobre el accidente y que esperan el testimonio del piloto Ariel Salazar.","robots":{"index":"index","follow":"follow","max-snippet":"max-snippet:-1","max-image-preview":"max-image-preview:large","max-video-preview":"max-video-preview:-1"},"canonical":"https:\/\/www.eldiariodetucuman.com\/web\/tragedia-de-loma-bola-el-club-admitio-que-la-medica-despego-sin-las-perneras-colocadas\/","og_locale":"es_ES","og_type":"article","og_title":"Tragedia de Loma Bola | El club admiti\u00f3 que la m\u00e9dica \"despeg\u00f3 sin las perneras colocadas\" - El Diario de Tucuman","og_description":"Mediante un comunicado publicado en su p\u00e1gina de Facebook, el\u00a0Club de Vuelo Libre Los Caranchos\u00a0afirm\u00f3 que recolecta material sobre el accidente y que esperan el testimonio del piloto Ariel Salazar.","og_url":"https:\/\/www.eldiariodetucuman.com\/web\/tragedia-de-loma-bola-el-club-admitio-que-la-medica-despego-sin-las-perneras-colocadas\/","og_site_name":"El Diario de Tucuman","article_published_time":"2018-01-02T11:29:26+00:00","og_image":[{"width":1500,"height":850,"url":"https:\/\/www.eldiariodetucuman.com\/web\/wp-content\/uploads\/2018\/01\/nataliavargas.jpeg","type":"image\/jpeg"}],"author":"Redactor Uno","twitter_card":"summary_large_image","twitter_misc":{"Escrito por":"Redactor Uno","Tiempo de lectura":"1 minuto"},"schema":{"@context":"https:\/\/schema.org","@graph":[{"@type":"Article","@id":"https:\/\/www.eldiariodetucuman.com\/web\/tragedia-de-loma-bola-el-club-admitio-que-la-medica-despego-sin-las-perneras-colocadas\/#article","isPartOf":{"@id":"https:\/\/www.eldiariodetucuman.com\/web\/tragedia-de-loma-bola-el-club-admitio-que-la-medica-despego-sin-las-perneras-colocadas\/"},"author":{"name":"Redactor Uno","@id":"https:\/\/www.eldiariodetucuman.com\/web\/#\/schema\/person\/7e6644a46e60888f6b868594407e08dd"},"headline":"Tragedia de Loma Bola | El club admiti\u00f3 que la m\u00e9dica \u00abdespeg\u00f3 sin las perneras colocadas\u00bb","datePublished":"2018-01-02T11:29:26+00:00","mainEntityOfPage":{"@id":"https:\/\/www.eldiariodetucuman.com\/web\/tragedia-de-loma-bola-el-club-admitio-que-la-medica-despego-sin-las-perneras-colocadas\/"},"wordCount":288,"publisher":{"@id":"https:\/\/www.eldiariodetucuman.com\/web\/#organization"},"image":{"@id":"https:\/\/www.eldiariodetucuman.com\/web\/tragedia-de-loma-bola-el-club-admitio-que-la-medica-despego-sin-las-perneras-colocadas\/#primaryimage"},"thumbnailUrl":"https:\/\/www.eldiariodetucuman.com\/web\/wp-content\/uploads\/2018\/01\/nataliavargas.jpeg","keywords":["Loma Bola","Natalia Vargas","san javier","Tucuman"],"articleSection":["Portada"],"inLanguage":"es"},{"@type":"WebPage","@id":"https:\/\/www.eldiariodetucuman.com\/web\/tragedia-de-loma-bola-el-club-admitio-que-la-medica-despego-sin-las-perneras-colocadas\/","url":"https:\/\/www.eldiariodetucuman.com\/web\/tragedia-de-loma-bola-el-club-admitio-que-la-medica-despego-sin-las-perneras-colocadas\/","name":"Tragedia de Loma Bola | El club admiti\u00f3 que la m\u00e9dica \"despeg\u00f3 sin las perneras colocadas\" - El Diario de Tucuman","isPartOf":{"@id":"https:\/\/www.eldiariodetucuman.com\/web\/#website"},"primaryImageOfPage":{"@id":"https:\/\/www.eldiariodetucuman.com\/web\/tragedia-de-loma-bola-el-club-admitio-que-la-medica-despego-sin-las-perneras-colocadas\/#primaryimage"},"image":{"@id":"https:\/\/www.eldiariodetucuman.com\/web\/tragedia-de-loma-bola-el-club-admitio-que-la-medica-despego-sin-las-perneras-colocadas\/#primaryimage"},"thumbnailUrl":"https:\/\/www.eldiariodetucuman.com\/web\/wp-content\/uploads\/2018\/01\/nataliavargas.jpeg","datePublished":"2018-01-02T11:29:26+00:00","description":"Mediante un comunicado publicado en su p\u00e1gina de Facebook, el\u00a0Club de Vuelo Libre Los Caranchos\u00a0afirm\u00f3 que recolecta material sobre el accidente y que esperan el testimonio del piloto Ariel Salazar.","breadcrumb":{"@id":"https:\/\/www.eldiariodetucuman.com\/web\/tragedia-de-loma-bola-el-club-admitio-que-la-medica-despego-sin-las-perneras-colocadas\/#breadcrumb"},"inLanguage":"es","potentialAction":[{"@type":"ReadAction","target":["https:\/\/www.eldiariodetucuman.com\/web\/tragedia-de-loma-bola-el-club-admitio-que-la-medica-despego-sin-las-perneras-colocadas\/"]}]},{"@type":"ImageObject","inLanguage":"es","@id":"https:\/\/www.eldiariodetucuman.com\/web\/tragedia-de-loma-bola-el-club-admitio-que-la-medica-despego-sin-las-perneras-colocadas\/#primaryimage","url":"https:\/\/www.eldiariodetucuman.com\/web\/wp-content\/uploads\/2018\/01\/nataliavargas.jpeg","contentUrl":"https:\/\/www.eldiariodetucuman.com\/web\/wp-content\/uploads\/2018\/01\/nataliavargas.jpeg","width":1500,"height":850},{"@type":"BreadcrumbList","@id":"https:\/\/www.eldiariodetucuman.com\/web\/tragedia-de-loma-bola-el-club-admitio-que-la-medica-despego-sin-las-perneras-colocadas\/#breadcrumb","itemListElement":[{"@type":"ListItem","position":1,"name":"Portada","item":"https:\/\/www.eldiariodetucuman.com\/web\/"},{"@type":"ListItem","position":2,"name":"Tragedia de Loma Bola | El club admiti\u00f3 que la m\u00e9dica \u00abdespeg\u00f3 sin las perneras colocadas\u00bb"}]},{"@type":"WebSite","@id":"https:\/\/www.eldiariodetucuman.com\/web\/#website","url":"https:\/\/www.eldiariodetucuman.com\/web\/","name":"El Diario de Tucuman","description":"Diario Tucuman - Informaci\u00f3n y noticias","publisher":{"@id":"https:\/\/www.eldiariodetucuman.com\/web\/#organization"},"potentialAction":[{"@type":"SearchAction","target":{"@type":"EntryPoint","urlTemplate":"https:\/\/www.eldiariodetucuman.com\/web\/?s={search_term_string}"},"query-input":{"@type":"PropertyValueSpecification","valueRequired":true,"valueName":"search_term_string"}}],"inLanguage":"es"},{"@type":"Organization","@id":"https:\/\/www.eldiariodetucuman.com\/web\/#organization","name":"El Diario de Tucuman","url":"https:\/\/www.eldiariodetucuman.com\/web\/","logo":{"@type":"ImageObject","inLanguage":"es","@id":"https:\/\/www.eldiariodetucuman.com\/web\/#\/schema\/logo\/image\/","url":"http:\/\/www.eldiariodetucuman.com\/web\/wp-content\/uploads\/2017\/12\/el-diario-de-tucuman.jpg","contentUrl":"http:\/\/www.eldiariodetucuman.com\/web\/wp-content\/uploads\/2017\/12\/el-diario-de-tucuman.jpg","width":272,"height":92,"caption":"El Diario de Tucuman"},"image":{"@id":"https:\/\/www.eldiariodetucuman.com\/web\/#\/schema\/logo\/image\/"}},{"@type":"Person","@id":"https:\/\/www.eldiariodetucuman.com\/web\/#\/schema\/person\/7e6644a46e60888f6b868594407e08dd","name":"Redactor Uno","image":{"@type":"ImageObject","inLanguage":"es","@id":"https:\/\/secure.gravatar.com\/avatar\/0049b1bdf1bd548385c9ea6b9356431717930913089febd2ba904f0187d7d074?s=96&d=mm&r=g","url":"https:\/\/secure.gravatar.com\/avatar\/0049b1bdf1bd548385c9ea6b9356431717930913089febd2ba904f0187d7d074?s=96&d=mm&r=g","contentUrl":"https:\/\/secure.gravatar.com\/avatar\/0049b1bdf1bd548385c9ea6b9356431717930913089febd2ba904f0187d7d074?s=96&d=mm&r=g","caption":"Redactor Uno"},"url":"https:\/\/www.eldiariodetucuman.com\/web\/author\/mramasco\/"}]}},"_links":{"self":[{"href":"https:\/\/www.eldiariodetucuman.com\/web\/wp-json\/wp\/v2\/posts\/4399","targetHints":{"allow":["GET"]}}],"collection":[{"href":"https:\/\/www.eldiariodetucuman.com\/web\/wp-json\/wp\/v2\/posts"}],"about":[{"href":"https:\/\/www.eldiariodetucuman.com\/web\/wp-json\/wp\/v2\/types\/post"}],"author":[{"embeddable":true,"href":"https:\/\/www.eldiariodetucuman.com\/web\/wp-json\/wp\/v2\/users\/5"}],"replies":[{"embeddable":true,"href":"https:\/\/www.eldiariodetucuman.com\/web\/wp-json\/wp\/v2\/comments?post=4399"}],"version-history":[{"count":2,"href":"https:\/\/www.eldiariodetucuman.com\/web\/wp-json\/wp\/v2\/posts\/4399\/revisions"}],"predecessor-version":[{"id":4402,"href":"https:\/\/www.eldiariodetucuman.com\/web\/wp-json\/wp\/v2\/posts\/4399\/revisions\/4402"}],"wp:featuredmedia":[{"embeddable":true,"href":"https:\/\/www.eldiariodetucuman.com\/web\/wp-json\/wp\/v2\/media\/4400"}],"wp:attachment":[{"href":"https:\/\/www.eldiariodetucuman.com\/web\/wp-json\/wp\/v2\/media?parent=4399"}],"wp:term":[{"taxonomy":"category","embeddable":true,"href":"https:\/\/www.eldiariodetucuman.com\/web\/wp-json\/wp\/v2\/categories?post=4399"},{"taxonomy":"post_tag","embeddable":true,"href":"https:\/\/www.eldiariodetucuman.com\/web\/wp-json\/wp\/v2\/tags?post=4399"}],"curies":[{"name":"wp","href":"https:\/\/api.w.org\/{rel}","templated":true}]}}