{"id":4393,"date":"2018-01-01T10:53:07","date_gmt":"2018-01-01T13:53:07","guid":{"rendered":"http:\/\/www.eldiariodetucuman.com\/web\/?p=4393"},"modified":"2018-01-02T15:59:27","modified_gmt":"2018-01-02T18:59:27","slug":"argentino-pella-tendra-dificil-estreno-doha","status":"publish","type":"post","link":"https:\/\/www.eldiariodetucuman.com\/web\/argentino-pella-tendra-dificil-estreno-doha\/","title":{"rendered":"El argentino Pella tendr\u00e1 un dif\u00edcil estreno en Doha"},"content":{"rendered":"<div>\n<div readability=\"59\">\n<p>El argentino <b>Guido Pella<\/b> asumir\u00e1 un dif\u00edcil estreno en el ATP 250 de tenis de Doha, Qatar, uno de los cert\u00e1menes que marcar\u00e1 el arranque de la temporada 2018 del circuito internacional.<\/p>\n<p>El zurdo bahiense, de 27 a\u00f1os y ubicado en el puesto 64 del ranking mundial, se topar\u00e1 -en principio, este martes 2 de enero- con el espa\u00f1ol <b>Albert Ramos<\/b> (23 y cuarto preclasificado), inform\u00f3 T\u00e9lam.<\/p>\n<p>En los antecedentes previos entre s\u00ed, el jugador nacido en Barcelona se impuso en los dos cotejos. Ramos festej\u00f3 en la primera ronda del ATP Buenos Aires 2017 (6-7, 6-4 y 7-6) y en cuartos de final San Pablo 2017 (6-4, 3-6 y 6-4).<\/p>\n<p>El m\u00e1ximo favorito del torneo que otorgar\u00e1 premios por 1.386.000 d\u00f3lares y se celebrar\u00e1 sobre superficie dura es el austr\u00edaco <b>Dominic<\/b> <b>Thiem <\/b>(5), quien debutar\u00e1 ante el ruso <b>Evgeny Donskoy (<\/b>72)<\/p>\n<p>El ganador de las \u00faltimas dos ediciones del certamen qatar\u00ed result\u00f3 el serbio <b>Novak Djokovic<\/b> (12), quien fue campe\u00f3n en 2016 (derrot\u00f3 en la final al espa\u00f1ol <b>Rafael Nadal<\/b>) y 2017 (super\u00f3 al escoc\u00e9s <b>Andy Murray<\/b>).\u00a0<\/p>\n<p><br mce_bogus=\"1\"><\/div>\n<\/div>\n","protected":false},"excerpt":{"rendered":"<p>El argentino Guido Pella asumir\u00e1 un dif\u00edcil estreno en el ATP 250 de tenis de Doha, Qatar, uno de los cert\u00e1menes que marcar\u00e1 el arranque de la temporada 2018 del circuito internacional. El zurdo bahiense, de 27 a\u00f1os y ubicado en el puesto 64 del ranking mundial, se topar\u00e1 -en principio, este martes 2 de [&hellip;]<\/p>\n","protected":false},"author":1,"featured_media":4394,"comment_status":"open","ping_status":"closed","sticky":false,"template":"","format":"standard","meta":{"footnotes":""},"categories":[6],"tags":[],"class_list":{"0":"post-4393","1":"post","2":"type-post","3":"status-publish","4":"format-standard","5":"has-post-thumbnail","7":"category-deporte"},"yoast_head":"<!-- This site is optimized with the Yoast SEO plugin v27.4 - https:\/\/yoast.com\/product\/yoast-seo-wordpress\/ -->\n<title>El argentino Pella tendr\u00e1 un dif\u00edcil estreno en Doha - El Diario de Tucuman<\/title>\n<meta name=\"robots\" content=\"index, follow, max-snippet:-1, max-image-preview:large, max-video-preview:-1\" \/>\n<link rel=\"canonical\" href=\"https:\/\/www.eldiariodetucuman.com\/web\/argentino-pella-tendra-dificil-estreno-doha\/\" \/>\n<meta property=\"og:locale\" content=\"es_ES\" \/>\n<meta property=\"og:type\" content=\"article\" \/>\n<meta property=\"og:title\" content=\"El argentino Pella tendr\u00e1 un dif\u00edcil estreno en Doha - El Diario de Tucuman\" \/>\n<meta property=\"og:description\" content=\"El argentino Guido Pella asumir\u00e1 un dif\u00edcil estreno en el ATP 250 de tenis de Doha, Qatar, uno de los cert\u00e1menes que marcar\u00e1 el arranque de la temporada 2018 del circuito internacional. El zurdo bahiense, de 27 a\u00f1os y ubicado en el puesto 64 del ranking mundial, se topar\u00e1 -en principio, este martes 2 de [&hellip;]\" \/>\n<meta property=\"og:url\" content=\"https:\/\/www.eldiariodetucuman.com\/web\/argentino-pella-tendra-dificil-estreno-doha\/\" \/>\n<meta property=\"og:site_name\" content=\"El Diario de Tucuman\" \/>\n<meta property=\"article:published_time\" content=\"2018-01-01T13:53:07+00:00\" \/>\n<meta property=\"article:modified_time\" content=\"2018-01-02T18:59:27+00:00\" \/>\n<meta property=\"og:image\" content=\"https:\/\/www.eldiariodetucuman.com\/web\/wp-content\/uploads\/2018\/01\/89462ea5cee9f8d49c254f4f7e88cc67.jpeg\" \/>\n\t<meta property=\"og:image:width\" content=\"1500\" \/>\n\t<meta property=\"og:image:height\" content=\"850\" \/>\n\t<meta property=\"og:image:type\" content=\"image\/jpeg\" \/>\n<meta name=\"author\" content=\"admin\" \/>\n<meta name=\"twitter:card\" content=\"summary_large_image\" \/>\n<meta name=\"twitter:label1\" content=\"Escrito por\" \/>\n\t<meta name=\"twitter:data1\" content=\"admin\" \/>\n\t<meta name=\"twitter:label2\" content=\"Tiempo de lectura\" \/>\n\t<meta name=\"twitter:data2\" content=\"1 minuto\" \/>\n<script type=\"application\/ld+json\" class=\"yoast-schema-graph\">{\"@context\":\"https:\\\/\\\/schema.org\",\"@graph\":[{\"@type\":\"Article\",\"@id\":\"https:\\\/\\\/www.eldiariodetucuman.com\\\/web\\\/argentino-pella-tendra-dificil-estreno-doha\\\/#article\",\"isPartOf\":{\"@id\":\"https:\\\/\\\/www.eldiariodetucuman.com\\\/web\\\/argentino-pella-tendra-dificil-estreno-doha\\\/\"},\"author\":{\"name\":\"admin\",\"@id\":\"https:\\\/\\\/www.eldiariodetucuman.com\\\/web\\\/#\\\/schema\\\/person\\\/9250197d75ab5483412e19678b121caa\"},\"headline\":\"El argentino Pella tendr\u00e1 un dif\u00edcil estreno en Doha\",\"datePublished\":\"2018-01-01T13:53:07+00:00\",\"dateModified\":\"2018-01-02T18:59:27+00:00\",\"mainEntityOfPage\":{\"@id\":\"https:\\\/\\\/www.eldiariodetucuman.com\\\/web\\\/argentino-pella-tendra-dificil-estreno-doha\\\/\"},\"wordCount\":185,\"commentCount\":0,\"publisher\":{\"@id\":\"https:\\\/\\\/www.eldiariodetucuman.com\\\/web\\\/#organization\"},\"image\":{\"@id\":\"https:\\\/\\\/www.eldiariodetucuman.com\\\/web\\\/argentino-pella-tendra-dificil-estreno-doha\\\/#primaryimage\"},\"thumbnailUrl\":\"https:\\\/\\\/www.eldiariodetucuman.com\\\/web\\\/wp-content\\\/uploads\\\/2018\\\/01\\\/89462ea5cee9f8d49c254f4f7e88cc67.jpeg\",\"articleSection\":[\"Deporte\"],\"inLanguage\":\"es\",\"potentialAction\":[{\"@type\":\"CommentAction\",\"name\":\"Comment\",\"target\":[\"https:\\\/\\\/www.eldiariodetucuman.com\\\/web\\\/argentino-pella-tendra-dificil-estreno-doha\\\/#respond\"]}]},{\"@type\":\"WebPage\",\"@id\":\"https:\\\/\\\/www.eldiariodetucuman.com\\\/web\\\/argentino-pella-tendra-dificil-estreno-doha\\\/\",\"url\":\"https:\\\/\\\/www.eldiariodetucuman.com\\\/web\\\/argentino-pella-tendra-dificil-estreno-doha\\\/\",\"name\":\"El argentino Pella tendr\u00e1 un dif\u00edcil estreno en Doha - El Diario de Tucuman\",\"isPartOf\":{\"@id\":\"https:\\\/\\\/www.eldiariodetucuman.com\\\/web\\\/#website\"},\"primaryImageOfPage\":{\"@id\":\"https:\\\/\\\/www.eldiariodetucuman.com\\\/web\\\/argentino-pella-tendra-dificil-estreno-doha\\\/#primaryimage\"},\"image\":{\"@id\":\"https:\\\/\\\/www.eldiariodetucuman.com\\\/web\\\/argentino-pella-tendra-dificil-estreno-doha\\\/#primaryimage\"},\"thumbnailUrl\":\"https:\\\/\\\/www.eldiariodetucuman.com\\\/web\\\/wp-content\\\/uploads\\\/2018\\\/01\\\/89462ea5cee9f8d49c254f4f7e88cc67.jpeg\",\"datePublished\":\"2018-01-01T13:53:07+00:00\",\"dateModified\":\"2018-01-02T18:59:27+00:00\",\"breadcrumb\":{\"@id\":\"https:\\\/\\\/www.eldiariodetucuman.com\\\/web\\\/argentino-pella-tendra-dificil-estreno-doha\\\/#breadcrumb\"},\"inLanguage\":\"es\",\"potentialAction\":[{\"@type\":\"ReadAction\",\"target\":[\"https:\\\/\\\/www.eldiariodetucuman.com\\\/web\\\/argentino-pella-tendra-dificil-estreno-doha\\\/\"]}]},{\"@type\":\"ImageObject\",\"inLanguage\":\"es\",\"@id\":\"https:\\\/\\\/www.eldiariodetucuman.com\\\/web\\\/argentino-pella-tendra-dificil-estreno-doha\\\/#primaryimage\",\"url\":\"https:\\\/\\\/www.eldiariodetucuman.com\\\/web\\\/wp-content\\\/uploads\\\/2018\\\/01\\\/89462ea5cee9f8d49c254f4f7e88cc67.jpeg\",\"contentUrl\":\"https:\\\/\\\/www.eldiariodetucuman.com\\\/web\\\/wp-content\\\/uploads\\\/2018\\\/01\\\/89462ea5cee9f8d49c254f4f7e88cc67.jpeg\",\"width\":1500,\"height\":850},{\"@type\":\"BreadcrumbList\",\"@id\":\"https:\\\/\\\/www.eldiariodetucuman.com\\\/web\\\/argentino-pella-tendra-dificil-estreno-doha\\\/#breadcrumb\",\"itemListElement\":[{\"@type\":\"ListItem\",\"position\":1,\"name\":\"Portada\",\"item\":\"https:\\\/\\\/www.eldiariodetucuman.com\\\/web\\\/\"},{\"@type\":\"ListItem\",\"position\":2,\"name\":\"El argentino Pella tendr\u00e1 un dif\u00edcil estreno en Doha\"}]},{\"@type\":\"WebSite\",\"@id\":\"https:\\\/\\\/www.eldiariodetucuman.com\\\/web\\\/#website\",\"url\":\"https:\\\/\\\/www.eldiariodetucuman.com\\\/web\\\/\",\"name\":\"El Diario de Tucuman\",\"description\":\"Diario Tucuman - Informaci\u00f3n y noticias\",\"publisher\":{\"@id\":\"https:\\\/\\\/www.eldiariodetucuman.com\\\/web\\\/#organization\"},\"potentialAction\":[{\"@type\":\"SearchAction\",\"target\":{\"@type\":\"EntryPoint\",\"urlTemplate\":\"https:\\\/\\\/www.eldiariodetucuman.com\\\/web\\\/?s={search_term_string}\"},\"query-input\":{\"@type\":\"PropertyValueSpecification\",\"valueRequired\":true,\"valueName\":\"search_term_string\"}}],\"inLanguage\":\"es\"},{\"@type\":\"Organization\",\"@id\":\"https:\\\/\\\/www.eldiariodetucuman.com\\\/web\\\/#organization\",\"name\":\"El Diario de Tucuman\",\"url\":\"https:\\\/\\\/www.eldiariodetucuman.com\\\/web\\\/\",\"logo\":{\"@type\":\"ImageObject\",\"inLanguage\":\"es\",\"@id\":\"https:\\\/\\\/www.eldiariodetucuman.com\\\/web\\\/#\\\/schema\\\/logo\\\/image\\\/\",\"url\":\"http:\\\/\\\/www.eldiariodetucuman.com\\\/web\\\/wp-content\\\/uploads\\\/2017\\\/12\\\/el-diario-de-tucuman.jpg\",\"contentUrl\":\"http:\\\/\\\/www.eldiariodetucuman.com\\\/web\\\/wp-content\\\/uploads\\\/2017\\\/12\\\/el-diario-de-tucuman.jpg\",\"width\":272,\"height\":92,\"caption\":\"El Diario de Tucuman\"},\"image\":{\"@id\":\"https:\\\/\\\/www.eldiariodetucuman.com\\\/web\\\/#\\\/schema\\\/logo\\\/image\\\/\"}},{\"@type\":\"Person\",\"@id\":\"https:\\\/\\\/www.eldiariodetucuman.com\\\/web\\\/#\\\/schema\\\/person\\\/9250197d75ab5483412e19678b121caa\",\"name\":\"admin\",\"image\":{\"@type\":\"ImageObject\",\"inLanguage\":\"es\",\"@id\":\"https:\\\/\\\/secure.gravatar.com\\\/avatar\\\/c44d117c2be811212c22cb481f6b8384b6873de103fbc49e7a03cc58d7dea4ac?s=96&d=mm&r=g\",\"url\":\"https:\\\/\\\/secure.gravatar.com\\\/avatar\\\/c44d117c2be811212c22cb481f6b8384b6873de103fbc49e7a03cc58d7dea4ac?s=96&d=mm&r=g\",\"contentUrl\":\"https:\\\/\\\/secure.gravatar.com\\\/avatar\\\/c44d117c2be811212c22cb481f6b8384b6873de103fbc49e7a03cc58d7dea4ac?s=96&d=mm&r=g\",\"caption\":\"admin\"},\"url\":\"https:\\\/\\\/www.eldiariodetucuman.com\\\/web\\\/author\\\/admin\\\/\"}]}<\/script>\n<!-- \/ Yoast SEO plugin. -->","yoast_head_json":{"title":"El argentino Pella tendr\u00e1 un dif\u00edcil estreno en Doha - El Diario de Tucuman","robots":{"index":"index","follow":"follow","max-snippet":"max-snippet:-1","max-image-preview":"max-image-preview:large","max-video-preview":"max-video-preview:-1"},"canonical":"https:\/\/www.eldiariodetucuman.com\/web\/argentino-pella-tendra-dificil-estreno-doha\/","og_locale":"es_ES","og_type":"article","og_title":"El argentino Pella tendr\u00e1 un dif\u00edcil estreno en Doha - El Diario de Tucuman","og_description":"El argentino Guido Pella asumir\u00e1 un dif\u00edcil estreno en el ATP 250 de tenis de Doha, Qatar, uno de los cert\u00e1menes que marcar\u00e1 el arranque de la temporada 2018 del circuito internacional. El zurdo bahiense, de 27 a\u00f1os y ubicado en el puesto 64 del ranking mundial, se topar\u00e1 -en principio, este martes 2 de [&hellip;]","og_url":"https:\/\/www.eldiariodetucuman.com\/web\/argentino-pella-tendra-dificil-estreno-doha\/","og_site_name":"El Diario de Tucuman","article_published_time":"2018-01-01T13:53:07+00:00","article_modified_time":"2018-01-02T18:59:27+00:00","og_image":[{"width":1500,"height":850,"url":"https:\/\/www.eldiariodetucuman.com\/web\/wp-content\/uploads\/2018\/01\/89462ea5cee9f8d49c254f4f7e88cc67.jpeg","type":"image\/jpeg"}],"author":"admin","twitter_card":"summary_large_image","twitter_misc":{"Escrito por":"admin","Tiempo de lectura":"1 minuto"},"schema":{"@context":"https:\/\/schema.org","@graph":[{"@type":"Article","@id":"https:\/\/www.eldiariodetucuman.com\/web\/argentino-pella-tendra-dificil-estreno-doha\/#article","isPartOf":{"@id":"https:\/\/www.eldiariodetucuman.com\/web\/argentino-pella-tendra-dificil-estreno-doha\/"},"author":{"name":"admin","@id":"https:\/\/www.eldiariodetucuman.com\/web\/#\/schema\/person\/9250197d75ab5483412e19678b121caa"},"headline":"El argentino Pella tendr\u00e1 un dif\u00edcil estreno en Doha","datePublished":"2018-01-01T13:53:07+00:00","dateModified":"2018-01-02T18:59:27+00:00","mainEntityOfPage":{"@id":"https:\/\/www.eldiariodetucuman.com\/web\/argentino-pella-tendra-dificil-estreno-doha\/"},"wordCount":185,"commentCount":0,"publisher":{"@id":"https:\/\/www.eldiariodetucuman.com\/web\/#organization"},"image":{"@id":"https:\/\/www.eldiariodetucuman.com\/web\/argentino-pella-tendra-dificil-estreno-doha\/#primaryimage"},"thumbnailUrl":"https:\/\/www.eldiariodetucuman.com\/web\/wp-content\/uploads\/2018\/01\/89462ea5cee9f8d49c254f4f7e88cc67.jpeg","articleSection":["Deporte"],"inLanguage":"es","potentialAction":[{"@type":"CommentAction","name":"Comment","target":["https:\/\/www.eldiariodetucuman.com\/web\/argentino-pella-tendra-dificil-estreno-doha\/#respond"]}]},{"@type":"WebPage","@id":"https:\/\/www.eldiariodetucuman.com\/web\/argentino-pella-tendra-dificil-estreno-doha\/","url":"https:\/\/www.eldiariodetucuman.com\/web\/argentino-pella-tendra-dificil-estreno-doha\/","name":"El argentino Pella tendr\u00e1 un dif\u00edcil estreno en Doha - El Diario de Tucuman","isPartOf":{"@id":"https:\/\/www.eldiariodetucuman.com\/web\/#website"},"primaryImageOfPage":{"@id":"https:\/\/www.eldiariodetucuman.com\/web\/argentino-pella-tendra-dificil-estreno-doha\/#primaryimage"},"image":{"@id":"https:\/\/www.eldiariodetucuman.com\/web\/argentino-pella-tendra-dificil-estreno-doha\/#primaryimage"},"thumbnailUrl":"https:\/\/www.eldiariodetucuman.com\/web\/wp-content\/uploads\/2018\/01\/89462ea5cee9f8d49c254f4f7e88cc67.jpeg","datePublished":"2018-01-01T13:53:07+00:00","dateModified":"2018-01-02T18:59:27+00:00","breadcrumb":{"@id":"https:\/\/www.eldiariodetucuman.com\/web\/argentino-pella-tendra-dificil-estreno-doha\/#breadcrumb"},"inLanguage":"es","potentialAction":[{"@type":"ReadAction","target":["https:\/\/www.eldiariodetucuman.com\/web\/argentino-pella-tendra-dificil-estreno-doha\/"]}]},{"@type":"ImageObject","inLanguage":"es","@id":"https:\/\/www.eldiariodetucuman.com\/web\/argentino-pella-tendra-dificil-estreno-doha\/#primaryimage","url":"https:\/\/www.eldiariodetucuman.com\/web\/wp-content\/uploads\/2018\/01\/89462ea5cee9f8d49c254f4f7e88cc67.jpeg","contentUrl":"https:\/\/www.eldiariodetucuman.com\/web\/wp-content\/uploads\/2018\/01\/89462ea5cee9f8d49c254f4f7e88cc67.jpeg","width":1500,"height":850},{"@type":"BreadcrumbList","@id":"https:\/\/www.eldiariodetucuman.com\/web\/argentino-pella-tendra-dificil-estreno-doha\/#breadcrumb","itemListElement":[{"@type":"ListItem","position":1,"name":"Portada","item":"https:\/\/www.eldiariodetucuman.com\/web\/"},{"@type":"ListItem","position":2,"name":"El argentino Pella tendr\u00e1 un dif\u00edcil estreno en Doha"}]},{"@type":"WebSite","@id":"https:\/\/www.eldiariodetucuman.com\/web\/#website","url":"https:\/\/www.eldiariodetucuman.com\/web\/","name":"El Diario de Tucuman","description":"Diario Tucuman - Informaci\u00f3n y noticias","publisher":{"@id":"https:\/\/www.eldiariodetucuman.com\/web\/#organization"},"potentialAction":[{"@type":"SearchAction","target":{"@type":"EntryPoint","urlTemplate":"https:\/\/www.eldiariodetucuman.com\/web\/?s={search_term_string}"},"query-input":{"@type":"PropertyValueSpecification","valueRequired":true,"valueName":"search_term_string"}}],"inLanguage":"es"},{"@type":"Organization","@id":"https:\/\/www.eldiariodetucuman.com\/web\/#organization","name":"El Diario de Tucuman","url":"https:\/\/www.eldiariodetucuman.com\/web\/","logo":{"@type":"ImageObject","inLanguage":"es","@id":"https:\/\/www.eldiariodetucuman.com\/web\/#\/schema\/logo\/image\/","url":"http:\/\/www.eldiariodetucuman.com\/web\/wp-content\/uploads\/2017\/12\/el-diario-de-tucuman.jpg","contentUrl":"http:\/\/www.eldiariodetucuman.com\/web\/wp-content\/uploads\/2017\/12\/el-diario-de-tucuman.jpg","width":272,"height":92,"caption":"El Diario de Tucuman"},"image":{"@id":"https:\/\/www.eldiariodetucuman.com\/web\/#\/schema\/logo\/image\/"}},{"@type":"Person","@id":"https:\/\/www.eldiariodetucuman.com\/web\/#\/schema\/person\/9250197d75ab5483412e19678b121caa","name":"admin","image":{"@type":"ImageObject","inLanguage":"es","@id":"https:\/\/secure.gravatar.com\/avatar\/c44d117c2be811212c22cb481f6b8384b6873de103fbc49e7a03cc58d7dea4ac?s=96&d=mm&r=g","url":"https:\/\/secure.gravatar.com\/avatar\/c44d117c2be811212c22cb481f6b8384b6873de103fbc49e7a03cc58d7dea4ac?s=96&d=mm&r=g","contentUrl":"https:\/\/secure.gravatar.com\/avatar\/c44d117c2be811212c22cb481f6b8384b6873de103fbc49e7a03cc58d7dea4ac?s=96&d=mm&r=g","caption":"admin"},"url":"https:\/\/www.eldiariodetucuman.com\/web\/author\/admin\/"}]}},"_links":{"self":[{"href":"https:\/\/www.eldiariodetucuman.com\/web\/wp-json\/wp\/v2\/posts\/4393","targetHints":{"allow":["GET"]}}],"collection":[{"href":"https:\/\/www.eldiariodetucuman.com\/web\/wp-json\/wp\/v2\/posts"}],"about":[{"href":"https:\/\/www.eldiariodetucuman.com\/web\/wp-json\/wp\/v2\/types\/post"}],"author":[{"embeddable":true,"href":"https:\/\/www.eldiariodetucuman.com\/web\/wp-json\/wp\/v2\/users\/1"}],"replies":[{"embeddable":true,"href":"https:\/\/www.eldiariodetucuman.com\/web\/wp-json\/wp\/v2\/comments?post=4393"}],"version-history":[{"count":1,"href":"https:\/\/www.eldiariodetucuman.com\/web\/wp-json\/wp\/v2\/posts\/4393\/revisions"}],"predecessor-version":[{"id":4437,"href":"https:\/\/www.eldiariodetucuman.com\/web\/wp-json\/wp\/v2\/posts\/4393\/revisions\/4437"}],"wp:featuredmedia":[{"embeddable":true,"href":"https:\/\/www.eldiariodetucuman.com\/web\/wp-json\/wp\/v2\/media\/4394"}],"wp:attachment":[{"href":"https:\/\/www.eldiariodetucuman.com\/web\/wp-json\/wp\/v2\/media?parent=4393"}],"wp:term":[{"taxonomy":"category","embeddable":true,"href":"https:\/\/www.eldiariodetucuman.com\/web\/wp-json\/wp\/v2\/categories?post=4393"},{"taxonomy":"post_tag","embeddable":true,"href":"https:\/\/www.eldiariodetucuman.com\/web\/wp-json\/wp\/v2\/tags?post=4393"}],"curies":[{"name":"wp","href":"https:\/\/api.w.org\/{rel}","templated":true}]}}