{"id":43918,"date":"2025-04-09T14:13:52","date_gmt":"2025-04-09T17:13:52","guid":{"rendered":"https:\/\/www.eldiariodetucuman.com\/web\/?p=43918"},"modified":"2025-04-09T14:13:52","modified_gmt":"2025-04-09T17:13:52","slug":"el-fmi-llego-a-un-acuerdo-tecnico-con-argentina-por-usd-20-000-millones","status":"publish","type":"post","link":"https:\/\/www.eldiariodetucuman.com\/web\/el-fmi-llego-a-un-acuerdo-tecnico-con-argentina-por-usd-20-000-millones\/","title":{"rendered":"El FMI lleg\u00f3 a un acuerdo t\u00e9cnico con Argentina por\u00a0USD 20.000 millones"},"content":{"rendered":"<header class=\"article-header\" data-tadevel-template=\"web\/article-header\">Se pondr\u00e1 a consideraci\u00f3n del directorio en los pr\u00f3ximos d\u00edas. El programa tendr\u00e1 una duraci\u00f3n de cuatro a\u00f1os y el organismo destac\u00f3 los \u201cavances iniciales\u201d del plan econ\u00f3mico del Poder Ejecutivo.<\/p>\n<\/header>\n<p><!--more--><\/p>\n<header class=\"article-header\" data-tadevel-template=\"web\/article-header\">\n<p class=\"article-deck\"><span style=\"color: #222222; font-family: Verdana, BlinkMacSystemFont, -apple-system, 'Segoe UI', Roboto, Oxygen, Ubuntu, Cantarell, 'Open Sans', 'Helvetica Neue', sans-serif; font-size: 15px;\">El <\/span><strong>Fondo Monetario Internacional (FMI)<\/strong><span style=\"color: #222222; font-family: Verdana, BlinkMacSystemFont, -apple-system, 'Segoe UI', Roboto, Oxygen, Ubuntu, Cantarell, 'Open Sans', 'Helvetica Neue', sans-serif; font-size: 15px;\">inform\u00f3 que lleg\u00f3 a un acuerdo t\u00e9cnico con el Gobierno argentino por\u00a0<\/span><strong style=\"color: #222222; font-family: Verdana, BlinkMacSystemFont, -apple-system, 'Segoe UI', Roboto, Oxygen, Ubuntu, Cantarell, 'Open Sans', 'Helvetica Neue', sans-serif; font-size: 15px;\">USD 20.000 millones<\/strong><span style=\"color: #222222; font-family: Verdana, BlinkMacSystemFont, -apple-system, 'Segoe UI', Roboto, Oxygen, Ubuntu, Cantarell, 'Open Sans', 'Helvetica Neue', sans-serif; font-size: 15px;\">, que pondr\u00e1 a consideraci\u00f3n del directorio en los pr\u00f3ximos d\u00edas. El programa tendr\u00e1 una duraci\u00f3n de cuatro a\u00f1os y el organismo destac\u00f3 los \u201cavances iniciales\u201d del plan econ\u00f3mico del Poder Ejecutivo y mencion\u00f3 la necesidad de una nueva fase que incluya reformas y una consolidaci\u00f3n de la estabilidad.<\/span><\/p>\n<p class=\"article-deck\">\u201cEl personal t\u00e9cnico del FMI y las autoridades argentinas han llegado a un acuerdo a nivel de personal t\u00e9cnico sobre un programa econ\u00f3mico integral que podr\u00eda respaldarse con un acuerdo de\u00a0<strong>48 meses<\/strong><strong>\u00a0<\/strong>en el marco del Servicio Ampliado del FMI (SAF) por un total de 20.000 millones de d\u00f3lares estadounidenses (15.267 millones de DEG o el 479% de la cuota), sujeto a la aprobaci\u00f3n del Directorio Ejecutivo del FMI\u201d, menciona un comunicado.<\/p>\n<p class=\"article-deck\">\u201cEl acuerdo se basa en los <strong>impresionantes avances iniciales<\/strong><strong>\u00a0<\/strong>de las autoridades en la estabilizaci\u00f3n de la econom\u00eda, respaldados por un s\u00f3lido\u00a0<strong>ancla fiscal<\/strong>, que est\u00e1 generando una r\u00e1pida desinflaci\u00f3n y una recuperaci\u00f3n de la actividad y los indicadores sociales. El programa respalda la siguiente fase de la agenda de estabilizaci\u00f3n y reformas de Argentina, cuyo objetivo es consolidar la estabilidad macroecon\u00f3mica, fortalecer la sostenibilidad externa y generar un crecimiento s\u00f3lido y m\u00e1s sostenible, a la vez que se gestiona el contexto mundial m\u00e1s complejo\u201d, concluy\u00f3 el organismo.<\/p>\n<p class=\"article-deck\">El <i>board\u00a0<\/i>del organismo tendr\u00e1 a consideraci\u00f3n este viernes el resultado de la negociaci\u00f3n t\u00e9cnica y pol\u00edtica que comenz\u00f3 hace algo m\u00e1s de cuatro meses entre el\u00a0<i>staff\u00a0<\/i>del FMI y el Gobierno argentino. La Casa Rosada aspira a conseguir un fuerte respaldo de divisas para la autoridad monetaria en momentos en que las reservas netas siguen en terreno negativo y el BCRA requiere un\u00a0<strong>apoyo de capitalizaci\u00f3n<\/strong> para afrontar la volatilidad financiera internacional desatada por las medidas arancelarias de los Estados Unidos.<\/p>\n<p class=\"article-deck\">El monto final y la velocidad que tendr\u00e1 la secuencia de desembolsos desde Washington hacia Buenos Aires determinar\u00e1, adem\u00e1s, cu\u00e1l ser\u00e1 el ritmo al que el Gobierno podr\u00eda liberar algunas restricciones cambiarias o, incluso, modificar el esquema de tipo de cambio que reemplace al actual, integrado por el d\u00f3lar\u00a0<i>blend<\/i>\u00a0y el\u00a0<i>crawling peg<\/i> de 1% mensual.<\/p>\n<p class=\"article-deck\">El viernes pasado Infobae hab\u00eda anticipado que el debate interno en el directorio sobre el primer giro de divisas hacia el BCRA giraba en un monto de entre USD 10.000 millones y USD 12.000 millones, lo que implicar\u00eda el 50 o 60% del total del nuevo programa, y tambi\u00e9n que esa \u00faltima discusi\u00f3n tendr\u00eda un nuevo cap\u00edtulo este viernes.<\/p>\n<p class=\"article-deck\">El Gobierno solicit\u00f3 que el pr\u00e9stamo sea por USD 20.000 millones, que todos los d\u00f3lares que ingresen ser\u00e1n de libre disponibilidad y que es un error \u201crestar\u201d de la cuenta el pago de intereses de los pr\u00f3ximos cuatro a\u00f1os, ya que comenzar\u00e1n a ser relevantes reci\u00e9n a partir de 2027. Sin embargo, como esos pagos no se realizar\u00e1n por adelantado, todos los d\u00f3lares que lleguen antes de esas fechas son considerados \u201cusables\u201d para el Banco Central.<\/p>\n<\/header>\n<div class=\"columns\" data-tadevel-template=\"web\/article-columns\">\n<div class=\"column-main\">\n<div class=\"article-body\" data-tadevel-template=\"web\/article-body\">\n<div class=\"article-body-content\">\n<p>La recta final del pr\u00e9stamo transcurre en medio de un tembladeral en los mercados internacionales por la aplicaci\u00f3n de aranceles que anunci\u00f3\u00a0<strong>Donald Trump<\/strong> el mi\u00e9rcoles pasado. El Gobierno, en paralelo, analiza otras fuentes de ingresos de divisas adem\u00e1s del FMI y otros organismos multilaterales. En las \u00faltimas semanas hubo contactos con bancos para testear la posibilidad de que el BCRA licite otro REPO -Repurchase Agreement- para captar liquidez de cara al pago de capital con bonistas de julio. La autoridad monetaria tambi\u00e9n espera un refinanciamiento de los USD 5.000 millones que empiezan a vencer en junio hasta julio de 2026 del tramo del swap de monedas con China que activ\u00f3 el Gobierno anterior.<\/p>\n<p><strong>Fuente:<\/strong> <a href=\"https:\/\/www.losprimeros.tv\/economia\/el-fmi-llego-a-un-acuerdo-tecnico-con-argentina-por-usd-20-000-millones_a67f5bbd78bb7af13403368e6\">https:\/\/www.losprimeros.tv\/economia\/el-fmi-llego-a-un-acuerdo-tecnico-con-argentina-por-usd-20-000-millones_a67f5bbd78bb7af13403368e6<\/a><\/p>\n<\/div>\n<\/div>\n<\/div>\n<\/div>\n","protected":false},"excerpt":{"rendered":"<p>Se pondr\u00e1 a consideraci\u00f3n del directorio en los pr\u00f3ximos d\u00edas. El programa tendr\u00e1 una duraci\u00f3n de cuatro a\u00f1os y el organismo destac\u00f3 los \u201cavances iniciales\u201d del plan econ\u00f3mico del Poder Ejecutivo.<\/p>\n","protected":false},"author":5,"featured_media":41939,"comment_status":"closed","ping_status":"open","sticky":false,"template":"","format":"standard","meta":{"footnotes":""},"categories":[2],"tags":[134,1612,5428],"class_list":{"0":"post-43918","1":"post","2":"type-post","3":"status-publish","4":"format-standard","5":"has-post-thumbnail","7":"category-actualidad","8":"tag-argentina","9":"tag-fmi","10":"tag-prestamos"},"yoast_head":"<!-- This site is optimized with the Yoast SEO plugin v27.4 - https:\/\/yoast.com\/product\/yoast-seo-wordpress\/ -->\n<title>El FMI lleg\u00f3 a un acuerdo t\u00e9cnico con Argentina por\u00a0USD 20.000 millones - El Diario de Tucuman<\/title>\n<meta name=\"robots\" content=\"index, follow, max-snippet:-1, max-image-preview:large, max-video-preview:-1\" \/>\n<link rel=\"canonical\" href=\"https:\/\/www.eldiariodetucuman.com\/web\/el-fmi-llego-a-un-acuerdo-tecnico-con-argentina-por-usd-20-000-millones\/\" \/>\n<meta property=\"og:locale\" content=\"es_ES\" \/>\n<meta property=\"og:type\" content=\"article\" \/>\n<meta property=\"og:title\" content=\"El FMI lleg\u00f3 a un acuerdo t\u00e9cnico con Argentina por\u00a0USD 20.000 millones - El Diario de Tucuman\" \/>\n<meta property=\"og:description\" content=\"Se pondr\u00e1 a consideraci\u00f3n del directorio en los pr\u00f3ximos d\u00edas. El programa tendr\u00e1 una duraci\u00f3n de cuatro a\u00f1os y el organismo destac\u00f3 los \u201cavances iniciales\u201d del plan econ\u00f3mico del Poder Ejecutivo.\" \/>\n<meta property=\"og:url\" content=\"https:\/\/www.eldiariodetucuman.com\/web\/el-fmi-llego-a-un-acuerdo-tecnico-con-argentina-por-usd-20-000-millones\/\" \/>\n<meta property=\"og:site_name\" content=\"El Diario de Tucuman\" \/>\n<meta property=\"article:published_time\" content=\"2025-04-09T17:13:52+00:00\" \/>\n<meta property=\"og:image\" content=\"https:\/\/www.eldiariodetucuman.com\/web\/wp-content\/uploads\/2024\/06\/fmi.webp\" \/>\n\t<meta property=\"og:image:width\" content=\"748\" \/>\n\t<meta property=\"og:image:height\" content=\"420\" \/>\n\t<meta property=\"og:image:type\" content=\"image\/webp\" \/>\n<meta name=\"author\" content=\"Redactor Uno\" \/>\n<meta name=\"twitter:card\" content=\"summary_large_image\" \/>\n<meta name=\"twitter:label1\" content=\"Escrito por\" \/>\n\t<meta name=\"twitter:data1\" content=\"Redactor Uno\" \/>\n\t<meta name=\"twitter:label2\" content=\"Tiempo de lectura\" \/>\n\t<meta name=\"twitter:data2\" content=\"4 minutos\" \/>\n<script type=\"application\/ld+json\" class=\"yoast-schema-graph\">{\"@context\":\"https:\\\/\\\/schema.org\",\"@graph\":[{\"@type\":\"Article\",\"@id\":\"https:\\\/\\\/www.eldiariodetucuman.com\\\/web\\\/el-fmi-llego-a-un-acuerdo-tecnico-con-argentina-por-usd-20-000-millones\\\/#article\",\"isPartOf\":{\"@id\":\"https:\\\/\\\/www.eldiariodetucuman.com\\\/web\\\/el-fmi-llego-a-un-acuerdo-tecnico-con-argentina-por-usd-20-000-millones\\\/\"},\"author\":{\"name\":\"Redactor Uno\",\"@id\":\"https:\\\/\\\/www.eldiariodetucuman.com\\\/web\\\/#\\\/schema\\\/person\\\/7e6644a46e60888f6b868594407e08dd\"},\"headline\":\"El FMI lleg\u00f3 a un acuerdo t\u00e9cnico con Argentina por\u00a0USD 20.000 millones\",\"datePublished\":\"2025-04-09T17:13:52+00:00\",\"mainEntityOfPage\":{\"@id\":\"https:\\\/\\\/www.eldiariodetucuman.com\\\/web\\\/el-fmi-llego-a-un-acuerdo-tecnico-con-argentina-por-usd-20-000-millones\\\/\"},\"wordCount\":724,\"publisher\":{\"@id\":\"https:\\\/\\\/www.eldiariodetucuman.com\\\/web\\\/#organization\"},\"image\":{\"@id\":\"https:\\\/\\\/www.eldiariodetucuman.com\\\/web\\\/el-fmi-llego-a-un-acuerdo-tecnico-con-argentina-por-usd-20-000-millones\\\/#primaryimage\"},\"thumbnailUrl\":\"https:\\\/\\\/www.eldiariodetucuman.com\\\/web\\\/wp-content\\\/uploads\\\/2024\\\/06\\\/fmi.webp\",\"keywords\":[\"Argentina\",\"FMI\",\"pr\u00e9stamos\"],\"articleSection\":[\"Actualidad\"],\"inLanguage\":\"es\"},{\"@type\":\"WebPage\",\"@id\":\"https:\\\/\\\/www.eldiariodetucuman.com\\\/web\\\/el-fmi-llego-a-un-acuerdo-tecnico-con-argentina-por-usd-20-000-millones\\\/\",\"url\":\"https:\\\/\\\/www.eldiariodetucuman.com\\\/web\\\/el-fmi-llego-a-un-acuerdo-tecnico-con-argentina-por-usd-20-000-millones\\\/\",\"name\":\"El FMI lleg\u00f3 a un acuerdo t\u00e9cnico con Argentina por\u00a0USD 20.000 millones - El Diario de Tucuman\",\"isPartOf\":{\"@id\":\"https:\\\/\\\/www.eldiariodetucuman.com\\\/web\\\/#website\"},\"primaryImageOfPage\":{\"@id\":\"https:\\\/\\\/www.eldiariodetucuman.com\\\/web\\\/el-fmi-llego-a-un-acuerdo-tecnico-con-argentina-por-usd-20-000-millones\\\/#primaryimage\"},\"image\":{\"@id\":\"https:\\\/\\\/www.eldiariodetucuman.com\\\/web\\\/el-fmi-llego-a-un-acuerdo-tecnico-con-argentina-por-usd-20-000-millones\\\/#primaryimage\"},\"thumbnailUrl\":\"https:\\\/\\\/www.eldiariodetucuman.com\\\/web\\\/wp-content\\\/uploads\\\/2024\\\/06\\\/fmi.webp\",\"datePublished\":\"2025-04-09T17:13:52+00:00\",\"breadcrumb\":{\"@id\":\"https:\\\/\\\/www.eldiariodetucuman.com\\\/web\\\/el-fmi-llego-a-un-acuerdo-tecnico-con-argentina-por-usd-20-000-millones\\\/#breadcrumb\"},\"inLanguage\":\"es\",\"potentialAction\":[{\"@type\":\"ReadAction\",\"target\":[\"https:\\\/\\\/www.eldiariodetucuman.com\\\/web\\\/el-fmi-llego-a-un-acuerdo-tecnico-con-argentina-por-usd-20-000-millones\\\/\"]}]},{\"@type\":\"ImageObject\",\"inLanguage\":\"es\",\"@id\":\"https:\\\/\\\/www.eldiariodetucuman.com\\\/web\\\/el-fmi-llego-a-un-acuerdo-tecnico-con-argentina-por-usd-20-000-millones\\\/#primaryimage\",\"url\":\"https:\\\/\\\/www.eldiariodetucuman.com\\\/web\\\/wp-content\\\/uploads\\\/2024\\\/06\\\/fmi.webp\",\"contentUrl\":\"https:\\\/\\\/www.eldiariodetucuman.com\\\/web\\\/wp-content\\\/uploads\\\/2024\\\/06\\\/fmi.webp\",\"width\":748,\"height\":420},{\"@type\":\"BreadcrumbList\",\"@id\":\"https:\\\/\\\/www.eldiariodetucuman.com\\\/web\\\/el-fmi-llego-a-un-acuerdo-tecnico-con-argentina-por-usd-20-000-millones\\\/#breadcrumb\",\"itemListElement\":[{\"@type\":\"ListItem\",\"position\":1,\"name\":\"Portada\",\"item\":\"https:\\\/\\\/www.eldiariodetucuman.com\\\/web\\\/\"},{\"@type\":\"ListItem\",\"position\":2,\"name\":\"El FMI lleg\u00f3 a un acuerdo t\u00e9cnico con Argentina por\u00a0USD 20.000 millones\"}]},{\"@type\":\"WebSite\",\"@id\":\"https:\\\/\\\/www.eldiariodetucuman.com\\\/web\\\/#website\",\"url\":\"https:\\\/\\\/www.eldiariodetucuman.com\\\/web\\\/\",\"name\":\"El Diario de Tucuman\",\"description\":\"Diario Tucuman - Informaci\u00f3n y noticias\",\"publisher\":{\"@id\":\"https:\\\/\\\/www.eldiariodetucuman.com\\\/web\\\/#organization\"},\"potentialAction\":[{\"@type\":\"SearchAction\",\"target\":{\"@type\":\"EntryPoint\",\"urlTemplate\":\"https:\\\/\\\/www.eldiariodetucuman.com\\\/web\\\/?s={search_term_string}\"},\"query-input\":{\"@type\":\"PropertyValueSpecification\",\"valueRequired\":true,\"valueName\":\"search_term_string\"}}],\"inLanguage\":\"es\"},{\"@type\":\"Organization\",\"@id\":\"https:\\\/\\\/www.eldiariodetucuman.com\\\/web\\\/#organization\",\"name\":\"El Diario de Tucuman\",\"url\":\"https:\\\/\\\/www.eldiariodetucuman.com\\\/web\\\/\",\"logo\":{\"@type\":\"ImageObject\",\"inLanguage\":\"es\",\"@id\":\"https:\\\/\\\/www.eldiariodetucuman.com\\\/web\\\/#\\\/schema\\\/logo\\\/image\\\/\",\"url\":\"http:\\\/\\\/www.eldiariodetucuman.com\\\/web\\\/wp-content\\\/uploads\\\/2017\\\/12\\\/el-diario-de-tucuman.jpg\",\"contentUrl\":\"http:\\\/\\\/www.eldiariodetucuman.com\\\/web\\\/wp-content\\\/uploads\\\/2017\\\/12\\\/el-diario-de-tucuman.jpg\",\"width\":272,\"height\":92,\"caption\":\"El Diario de Tucuman\"},\"image\":{\"@id\":\"https:\\\/\\\/www.eldiariodetucuman.com\\\/web\\\/#\\\/schema\\\/logo\\\/image\\\/\"}},{\"@type\":\"Person\",\"@id\":\"https:\\\/\\\/www.eldiariodetucuman.com\\\/web\\\/#\\\/schema\\\/person\\\/7e6644a46e60888f6b868594407e08dd\",\"name\":\"Redactor Uno\",\"image\":{\"@type\":\"ImageObject\",\"inLanguage\":\"es\",\"@id\":\"https:\\\/\\\/secure.gravatar.com\\\/avatar\\\/0049b1bdf1bd548385c9ea6b9356431717930913089febd2ba904f0187d7d074?s=96&d=mm&r=g\",\"url\":\"https:\\\/\\\/secure.gravatar.com\\\/avatar\\\/0049b1bdf1bd548385c9ea6b9356431717930913089febd2ba904f0187d7d074?s=96&d=mm&r=g\",\"contentUrl\":\"https:\\\/\\\/secure.gravatar.com\\\/avatar\\\/0049b1bdf1bd548385c9ea6b9356431717930913089febd2ba904f0187d7d074?s=96&d=mm&r=g\",\"caption\":\"Redactor Uno\"},\"url\":\"https:\\\/\\\/www.eldiariodetucuman.com\\\/web\\\/author\\\/mramasco\\\/\"}]}<\/script>\n<!-- \/ Yoast SEO plugin. -->","yoast_head_json":{"title":"El FMI lleg\u00f3 a un acuerdo t\u00e9cnico con Argentina por\u00a0USD 20.000 millones - El Diario de Tucuman","robots":{"index":"index","follow":"follow","max-snippet":"max-snippet:-1","max-image-preview":"max-image-preview:large","max-video-preview":"max-video-preview:-1"},"canonical":"https:\/\/www.eldiariodetucuman.com\/web\/el-fmi-llego-a-un-acuerdo-tecnico-con-argentina-por-usd-20-000-millones\/","og_locale":"es_ES","og_type":"article","og_title":"El FMI lleg\u00f3 a un acuerdo t\u00e9cnico con Argentina por\u00a0USD 20.000 millones - El Diario de Tucuman","og_description":"Se pondr\u00e1 a consideraci\u00f3n del directorio en los pr\u00f3ximos d\u00edas. El programa tendr\u00e1 una duraci\u00f3n de cuatro a\u00f1os y el organismo destac\u00f3 los \u201cavances iniciales\u201d del plan econ\u00f3mico del Poder Ejecutivo.","og_url":"https:\/\/www.eldiariodetucuman.com\/web\/el-fmi-llego-a-un-acuerdo-tecnico-con-argentina-por-usd-20-000-millones\/","og_site_name":"El Diario de Tucuman","article_published_time":"2025-04-09T17:13:52+00:00","og_image":[{"width":748,"height":420,"url":"https:\/\/www.eldiariodetucuman.com\/web\/wp-content\/uploads\/2024\/06\/fmi.webp","type":"image\/webp"}],"author":"Redactor Uno","twitter_card":"summary_large_image","twitter_misc":{"Escrito por":"Redactor Uno","Tiempo de lectura":"4 minutos"},"schema":{"@context":"https:\/\/schema.org","@graph":[{"@type":"Article","@id":"https:\/\/www.eldiariodetucuman.com\/web\/el-fmi-llego-a-un-acuerdo-tecnico-con-argentina-por-usd-20-000-millones\/#article","isPartOf":{"@id":"https:\/\/www.eldiariodetucuman.com\/web\/el-fmi-llego-a-un-acuerdo-tecnico-con-argentina-por-usd-20-000-millones\/"},"author":{"name":"Redactor Uno","@id":"https:\/\/www.eldiariodetucuman.com\/web\/#\/schema\/person\/7e6644a46e60888f6b868594407e08dd"},"headline":"El FMI lleg\u00f3 a un acuerdo t\u00e9cnico con Argentina por\u00a0USD 20.000 millones","datePublished":"2025-04-09T17:13:52+00:00","mainEntityOfPage":{"@id":"https:\/\/www.eldiariodetucuman.com\/web\/el-fmi-llego-a-un-acuerdo-tecnico-con-argentina-por-usd-20-000-millones\/"},"wordCount":724,"publisher":{"@id":"https:\/\/www.eldiariodetucuman.com\/web\/#organization"},"image":{"@id":"https:\/\/www.eldiariodetucuman.com\/web\/el-fmi-llego-a-un-acuerdo-tecnico-con-argentina-por-usd-20-000-millones\/#primaryimage"},"thumbnailUrl":"https:\/\/www.eldiariodetucuman.com\/web\/wp-content\/uploads\/2024\/06\/fmi.webp","keywords":["Argentina","FMI","pr\u00e9stamos"],"articleSection":["Actualidad"],"inLanguage":"es"},{"@type":"WebPage","@id":"https:\/\/www.eldiariodetucuman.com\/web\/el-fmi-llego-a-un-acuerdo-tecnico-con-argentina-por-usd-20-000-millones\/","url":"https:\/\/www.eldiariodetucuman.com\/web\/el-fmi-llego-a-un-acuerdo-tecnico-con-argentina-por-usd-20-000-millones\/","name":"El FMI lleg\u00f3 a un acuerdo t\u00e9cnico con Argentina por\u00a0USD 20.000 millones - El Diario de Tucuman","isPartOf":{"@id":"https:\/\/www.eldiariodetucuman.com\/web\/#website"},"primaryImageOfPage":{"@id":"https:\/\/www.eldiariodetucuman.com\/web\/el-fmi-llego-a-un-acuerdo-tecnico-con-argentina-por-usd-20-000-millones\/#primaryimage"},"image":{"@id":"https:\/\/www.eldiariodetucuman.com\/web\/el-fmi-llego-a-un-acuerdo-tecnico-con-argentina-por-usd-20-000-millones\/#primaryimage"},"thumbnailUrl":"https:\/\/www.eldiariodetucuman.com\/web\/wp-content\/uploads\/2024\/06\/fmi.webp","datePublished":"2025-04-09T17:13:52+00:00","breadcrumb":{"@id":"https:\/\/www.eldiariodetucuman.com\/web\/el-fmi-llego-a-un-acuerdo-tecnico-con-argentina-por-usd-20-000-millones\/#breadcrumb"},"inLanguage":"es","potentialAction":[{"@type":"ReadAction","target":["https:\/\/www.eldiariodetucuman.com\/web\/el-fmi-llego-a-un-acuerdo-tecnico-con-argentina-por-usd-20-000-millones\/"]}]},{"@type":"ImageObject","inLanguage":"es","@id":"https:\/\/www.eldiariodetucuman.com\/web\/el-fmi-llego-a-un-acuerdo-tecnico-con-argentina-por-usd-20-000-millones\/#primaryimage","url":"https:\/\/www.eldiariodetucuman.com\/web\/wp-content\/uploads\/2024\/06\/fmi.webp","contentUrl":"https:\/\/www.eldiariodetucuman.com\/web\/wp-content\/uploads\/2024\/06\/fmi.webp","width":748,"height":420},{"@type":"BreadcrumbList","@id":"https:\/\/www.eldiariodetucuman.com\/web\/el-fmi-llego-a-un-acuerdo-tecnico-con-argentina-por-usd-20-000-millones\/#breadcrumb","itemListElement":[{"@type":"ListItem","position":1,"name":"Portada","item":"https:\/\/www.eldiariodetucuman.com\/web\/"},{"@type":"ListItem","position":2,"name":"El FMI lleg\u00f3 a un acuerdo t\u00e9cnico con Argentina por\u00a0USD 20.000 millones"}]},{"@type":"WebSite","@id":"https:\/\/www.eldiariodetucuman.com\/web\/#website","url":"https:\/\/www.eldiariodetucuman.com\/web\/","name":"El Diario de Tucuman","description":"Diario Tucuman - Informaci\u00f3n y noticias","publisher":{"@id":"https:\/\/www.eldiariodetucuman.com\/web\/#organization"},"potentialAction":[{"@type":"SearchAction","target":{"@type":"EntryPoint","urlTemplate":"https:\/\/www.eldiariodetucuman.com\/web\/?s={search_term_string}"},"query-input":{"@type":"PropertyValueSpecification","valueRequired":true,"valueName":"search_term_string"}}],"inLanguage":"es"},{"@type":"Organization","@id":"https:\/\/www.eldiariodetucuman.com\/web\/#organization","name":"El Diario de Tucuman","url":"https:\/\/www.eldiariodetucuman.com\/web\/","logo":{"@type":"ImageObject","inLanguage":"es","@id":"https:\/\/www.eldiariodetucuman.com\/web\/#\/schema\/logo\/image\/","url":"http:\/\/www.eldiariodetucuman.com\/web\/wp-content\/uploads\/2017\/12\/el-diario-de-tucuman.jpg","contentUrl":"http:\/\/www.eldiariodetucuman.com\/web\/wp-content\/uploads\/2017\/12\/el-diario-de-tucuman.jpg","width":272,"height":92,"caption":"El Diario de Tucuman"},"image":{"@id":"https:\/\/www.eldiariodetucuman.com\/web\/#\/schema\/logo\/image\/"}},{"@type":"Person","@id":"https:\/\/www.eldiariodetucuman.com\/web\/#\/schema\/person\/7e6644a46e60888f6b868594407e08dd","name":"Redactor Uno","image":{"@type":"ImageObject","inLanguage":"es","@id":"https:\/\/secure.gravatar.com\/avatar\/0049b1bdf1bd548385c9ea6b9356431717930913089febd2ba904f0187d7d074?s=96&d=mm&r=g","url":"https:\/\/secure.gravatar.com\/avatar\/0049b1bdf1bd548385c9ea6b9356431717930913089febd2ba904f0187d7d074?s=96&d=mm&r=g","contentUrl":"https:\/\/secure.gravatar.com\/avatar\/0049b1bdf1bd548385c9ea6b9356431717930913089febd2ba904f0187d7d074?s=96&d=mm&r=g","caption":"Redactor Uno"},"url":"https:\/\/www.eldiariodetucuman.com\/web\/author\/mramasco\/"}]}},"_links":{"self":[{"href":"https:\/\/www.eldiariodetucuman.com\/web\/wp-json\/wp\/v2\/posts\/43918","targetHints":{"allow":["GET"]}}],"collection":[{"href":"https:\/\/www.eldiariodetucuman.com\/web\/wp-json\/wp\/v2\/posts"}],"about":[{"href":"https:\/\/www.eldiariodetucuman.com\/web\/wp-json\/wp\/v2\/types\/post"}],"author":[{"embeddable":true,"href":"https:\/\/www.eldiariodetucuman.com\/web\/wp-json\/wp\/v2\/users\/5"}],"replies":[{"embeddable":true,"href":"https:\/\/www.eldiariodetucuman.com\/web\/wp-json\/wp\/v2\/comments?post=43918"}],"version-history":[{"count":1,"href":"https:\/\/www.eldiariodetucuman.com\/web\/wp-json\/wp\/v2\/posts\/43918\/revisions"}],"predecessor-version":[{"id":43919,"href":"https:\/\/www.eldiariodetucuman.com\/web\/wp-json\/wp\/v2\/posts\/43918\/revisions\/43919"}],"wp:featuredmedia":[{"embeddable":true,"href":"https:\/\/www.eldiariodetucuman.com\/web\/wp-json\/wp\/v2\/media\/41939"}],"wp:attachment":[{"href":"https:\/\/www.eldiariodetucuman.com\/web\/wp-json\/wp\/v2\/media?parent=43918"}],"wp:term":[{"taxonomy":"category","embeddable":true,"href":"https:\/\/www.eldiariodetucuman.com\/web\/wp-json\/wp\/v2\/categories?post=43918"},{"taxonomy":"post_tag","embeddable":true,"href":"https:\/\/www.eldiariodetucuman.com\/web\/wp-json\/wp\/v2\/tags?post=43918"}],"curies":[{"name":"wp","href":"https:\/\/api.w.org\/{rel}","templated":true}]}}