{"id":4391,"date":"2017-12-31T11:25:17","date_gmt":"2017-12-31T14:25:17","guid":{"rendered":"http:\/\/www.eldiariodetucuman.com\/web\/?p=4391"},"modified":"2018-01-02T16:09:37","modified_gmt":"2018-01-02T19:09:37","slug":"2017-intenso-logros-comerciales-conectividad-aerea","status":"publish","type":"post","link":"https:\/\/www.eldiariodetucuman.com\/web\/2017-intenso-logros-comerciales-conectividad-aerea\/","title":{"rendered":"Un 2017 intenso, de logros comerciales y conectividad a\u00e9rea"},"content":{"rendered":"<div>\n<div readability=\"233\">\n<p>El 2017 fue un a\u00f1o intenso y de trabajo constante. El gobernador <strong>Juan Manzur<\/strong> realiz\u00f3 diversas gestiones exitosas. Logr\u00f3 ampliar el mercado del lim\u00f3n, hizo un marcado cuidado de las econom\u00edas regionales, especialmente el az\u00facar. Realiz\u00f3 viajes comerciales y su espacio pol\u00edtico gan\u00f3 las elecciones a diputados nacionales a fines de octubre.<\/p>\n<p>\u201cQue los tucumanos tengan un <strong>buen a\u00f1o, con paz, salud, alegr\u00eda<\/strong> y prosperidad. Buscamos un pueblo con<strong> esperanza<\/strong>, que mire hacia adelante y que cuide el futuro, que son los <strong>criaturas<\/strong> y es donde tenemos que poner nuestro esfuerzo\u201d, dijo al levantar la copa durante un brindis de fin de a\u00f1o en el Sal\u00f3n Blanco de la Casa de Gobierno.<\/p>\n<p><strong>El lim\u00f3n y su regreso a los Estados Unidos<\/strong><\/p>\n<p>Sin dudas el mayor logro fue el ingreso del<strong> lim\u00f3n<\/strong> a Estados Unidos prevista para el 2018. La importancia de este mercado radica en que al tener mayores posibilidades para la colocaci\u00f3n del lim\u00f3n en el exterior se pueden lograr mayores precios en los lugares que son nuestros mercados tradicionales. Se estima que las exportaciones por a\u00f1o rondar\u00edan las 20.000 toneladas, en \u00e9pocas de contra estaci\u00f3n, durante la temporada estival del norte del continente. \u201cLa llegada del lim\u00f3n a Estados Unidos es un s\u00edmbolo de lucha\u201d, coment\u00f3 en mayo de este a\u00f1o el gobernador.<\/p>\n<p><a href=\"http:\/\/comunicaciontucuman.gob.ar\/wp-content\/uploads\/2017\/12\/collage_manzur_1.jpg\"><img loading=\"lazy\" decoding=\"async\" class=\"size-medium wp-image-149814 alignright\" src=\"http:\/\/comunicaciontucuman.gob.ar\/wp-content\/uploads\/2017\/12\/collage_manzur_1-300x166.jpg\" alt=\"collage_manzur_1\" width=\"300\" height=\"166\"><\/a><\/p>\n<p>Adem\u00e1s de Norteam\u00e9rica, el gobernador junto a su equipo de trabajo logr\u00f3 abrir mercados en Brasil y M\u00e9xico. Al respecto expres\u00f3: \u201cLa apertura del mercado de Brasil para el ingreso del lim\u00f3n de Tucum\u00e1n nos abre una gran expectativa, por eso es que r\u00e1pidamente tomamos contacto con las autoridades y tuvimos dos reuniones\u201d.<\/p>\n<p>Sobre el ingreso al pa\u00eds azteca, dijo \u201clas exportaciones rondar\u00e1n las diez mil toneladas de lim\u00f3n, que representa US$ 12 millones\u201d.<\/p>\n<p><strong>Defensa de la industria azucarera<\/strong><\/p>\n<p>Durante el 2017, el gobernador hizo una important\u00edsima defensa de la actividad azucarera. El logro m\u00e1s destacado fue que en la Reforma Tributaria eliminen el \u00edtem que propon\u00eda un aumento impositivo sobre las bebidas azucaradas. El acuerdo alcanzado cosech\u00f3 elogios por parte de los empresarios. Incluso en este marco, Coca- Cola anunci\u00f3 que el a\u00f1o que viene invertir\u00e1 $ 50 millones en Tucum\u00e1n.<\/p>\n<p>A su vez, el sector produjo 985.300 toneladas de az\u00facar este a\u00f1o. Al finalizar la zafra, el gobierno provincial y los gremios firmaron los planes interzafra que beneficiar\u00e1n a 5 mil obreros.<\/p>\n<p><strong>Gobernadores<\/strong><\/p>\n<p><a href=\"http:\/\/comunicaciontucuman.gob.ar\/wp-content\/uploads\/2017\/10\/cumbre-gobernadores-peronistas3.jpg\"><img loading=\"lazy\" decoding=\"async\" class=\"size-medium wp-image-143065 alignleft\" src=\"http:\/\/comunicaciontucuman.gob.ar\/wp-content\/uploads\/2017\/10\/cumbre-gobernadores-peronistas3-300x166.jpg\" alt=\"cumbre-gobernadores-peronistas3\" width=\"300\" height=\"166\"><\/a><\/p>\n<p>La participaci\u00f3n del titular del Ejecutivo en la liga de gobernadores fue fundamental para negociar con el gobierno macrista beneficios para la provincia. El Pacto Fiscal firmado por 23 provincias lo tuvo a Manzur como un negociador pol\u00edtico de peso. La buena relaci\u00f3n con sus pares de la regi\u00f3n, como Juan Schiaretti, Sergio U\u00f1ac o Lucia Corpacci posibilit\u00f3 que los mandatarios provinciales sean una fuerza pol\u00edtica reconocida y respetado a nivel Nacional.<\/p>\n<p><strong>Integraci\u00f3n al mundo<\/strong><\/p>\n<p>Manzur fue el gobernador que m\u00e1s viajes realiz\u00f3 al exterior, desde el regreso de la democracia, logrando diversas negociaciones para el beneficio de Tucum\u00e1n. En varias de esas actividades lo hizo como presidente<strong> Pro Tempore de la Zona Com\u00fan de Sur<\/strong> (Zicosur).<\/p>\n<p>\u00a0<\/p>\n<p><a href=\"http:\/\/comunicaciontucuman.gob.ar\/wp-content\/uploads\/2017\/12\/collage_manzur_4.jpg\"><img loading=\"lazy\" decoding=\"async\" class=\"size-medium wp-image-149815 alignleft\" src=\"http:\/\/comunicaciontucuman.gob.ar\/wp-content\/uploads\/2017\/12\/collage_manzur_4-300x166.jpg\" alt=\"collage_manzur_4\" width=\"300\" height=\"166\"><\/a><\/p>\n<p>Durante agosto, el primer mandatario visit\u00f3 Brasil. Tras su regreso, dijo que el recorrido por diversos mercados de R\u00edo de Janeiro, Bello Horizonte y Recife, arrojar\u00e1 buenos resultados a futuro para la actividad productiva, tur\u00edstica y cultural tucumana. En este sentido, destac\u00f3 que \u201cfueron jornadas hist\u00f3ricas en Brasil, con el Gobierno de Tucum\u00e1n al frente, junto a los empresarios. Esto es lo que queremos para Tucum\u00e1n: trabajar juntos y mirar hacia adelante\u201d.<\/p>\n<p>En diciembre realiz\u00f3 una gira oficial por los Estados Unidos de nueve d\u00edas durante los que se puso en contacto con mandatarios de gobierno, referentes de organismos internacionales, inversores, empresarios, cient\u00edficos, con el objetivo de abrir nuevas puertas para posicionar a la provincia en ese pa\u00eds. Recorri\u00f3 las ciudades de Nueva York, Washington, Los \u00c1ngeles, San Diego, Sacramento y San Francisco, fue buscar nuevas alternativas para introducir los productos tucumanos agroalimenticios e industriales en el mercado estadounidense; establecer lazos estrat\u00e9gicos con universidades extranjeras para la transferencia de tecnolog\u00eda y conocimiento y atraer la experiencia de profesionales tucumanos que triunfaron fuera de Argentina.<\/p>\n<p>En ese viaje se reuni\u00f3 con el arquitecto <strong>C\u00e9sar Pelli<\/strong>, para supervisar el proyecto de la ciudad c\u00edvica. Disert\u00f3 en el Consejo de las Am\u00e9ricas. Suscribi\u00f3 un convenio marco de cooperaci\u00f3n con el City College de la Universidad de Nueva York mediante el cual la casa de estudios brindar\u00e1 capacitaci\u00f3n a docentes y estudiantes tucumanos.<\/p>\n<p><a href=\"http:\/\/comunicaciontucuman.gob.ar\/wp-content\/uploads\/2017\/12\/collage_manzur_3.jpg\"><img loading=\"lazy\" decoding=\"async\" class=\"size-medium wp-image-149818 alignright\" src=\"http:\/\/comunicaciontucuman.gob.ar\/wp-content\/uploads\/2017\/12\/collage_manzur_3-300x166.jpg\" alt=\"collage_manzur_3\" width=\"300\" height=\"166\"><\/a><\/p>\n<p>Visit\u00f3 oficinas de la OEA y su secretario General, <strong>Luis Almagro<\/strong> anunci\u00f3 que visitar\u00e1 en marzo la provincia.<\/p>\n<p>Fue recibido por su par del Estado de California, <strong>Jerry Brown<\/strong>, con qui\u00e9n firm\u00f3 un memor\u00e1ndum de trabajo para que Tucum\u00e1n y California realicen en conjunto pol\u00edticas para luchar contra el cambio clim\u00e1tico y la creaci\u00f3n de nuevas formas de energ\u00eda renovables.<\/p>\n<p>Lo recibi\u00f3 la Supervisora del Primer Distrito del Condado de Los Angeles (LA), <strong>Hilda Sol\u00eds<\/strong>, con qui\u00e9n acord\u00f3 trabajar en una agenda en com\u00fan en temas referidos a la agricultura, educaci\u00f3n, salud, ciencia, turismo, entre otros.<\/p>\n<p>Firm\u00f3 un acuerdo con el Departamento de Polic\u00eda de Los Angeles (LA) para fortalecer la cooperaci\u00f3n en programas de capacitaci\u00f3n relacionados con la reducci\u00f3n de la criminalidad, polic\u00eda comunitaria, actuaci\u00f3n contra bandas criminales y desarrollo juvenil entre la Polic\u00eda de Tucum\u00e1n y la de LA.<\/p>\n<p><a href=\"http:\/\/comunicaciontucuman.gob.ar\/wp-content\/uploads\/2016\/12\/ESCUELAS-e1512654799503.jpg\"><img loading=\"lazy\" decoding=\"async\" class=\"alignnone size-medium wp-image-109150\" src=\"http:\/\/comunicaciontucuman.gob.ar\/wp-content\/uploads\/2016\/12\/ESCUELAS-e1512654799503-300x166.jpg\" alt=\"manzur-escuelas\" width=\"300\" height=\"166\"><\/a><a href=\"http:\/\/comunicaciontucuman.gob.ar\/wp-content\/uploads\/2017\/03\/Manzur-Argentina-Trabaja-2-LS.jpg\"><img loading=\"lazy\" decoding=\"async\" class=\"alignnone size-medium wp-image-119475\" src=\"http:\/\/comunicaciontucuman.gob.ar\/wp-content\/uploads\/2017\/03\/Manzur-Argentina-Trabaja-2-LS-300x166.jpg\" alt=\"Manzur-Argentina-Trabaja-2-LS\" width=\"300\" height=\"166\"><\/a><\/p>\n<p><strong>La salud y la educaci\u00f3n<\/strong>, pilares de este gobierno crece a pasos agigantados con un doble objetivo: brindar mayor y mejor calidad de vida a los tucumanos y garantizar los 180 d\u00edas de clases a los alumnos. Este verano m\u00e1s de 45 mil chicos ser\u00e1n incluidos en actividades de verano gracias a la coordinaci\u00f3n entre los ministerio de Desarrollo Social y Educaci\u00f3n.<\/p>\n<p><strong>Voto de confianza<\/strong><\/p>\n<p>Este a\u00f1o se realizaron las elecciones Primarias Abiertas Simult\u00e1neas y Obligatorias (PASO), donde el peronismo se impuso ampliamente. Luego, en octubre fueron las generales a diputados nacionales y nuevamente el espacio conducido por Manzur, gan\u00f3 por m\u00e1s de 140 mil votos. \u201cEn el 2015 ganamos por 12 puntos de diferencia y ahora superamos los 15 puntos\u201d, dijo el Primer Mandatario tras la victoria y afirm\u00f3 que redoblar\u00e1n los esfuerzos para pelar por los temas centrales de la gesti\u00f3n: trabajo, producci\u00f3n, salud y educaci\u00f3n.<\/p>\n<p><a href=\"http:\/\/comunicaciontucuman.gob.ar\/wp-content\/uploads\/2017\/10\/Manzur-Jaldo-Elecciones-LS-2.jpg\"><img loading=\"lazy\" decoding=\"async\" class=\"size-medium wp-image-142549 alignleft\" src=\"http:\/\/comunicaciontucuman.gob.ar\/wp-content\/uploads\/2017\/10\/Manzur-Jaldo-Elecciones-LS-2-300x166.jpg\" alt=\"Manzur-Jaldo-Elecciones-LS-2\" width=\"300\" height=\"166\"><\/a><\/p>\n<p>En este marco se sum\u00f3 la decisi\u00f3n de la Justicia Federal de Tucum\u00e1n que rechaz\u00f3 las denuncias realizadas contra los resultados de las elecciones del pasado 23 de agosto de 2015. \u201cLa Justicia dijo que se trabaj\u00f3 en el marco de la legalidad. Siempre dijimos la verdad\u201d, asever\u00f3 el gobernador. El juez federal Fernando Povi\u00f1a, consider\u00f3 que Gendarmer\u00eda Nacional no descuid\u00f3 la cadena de custodia de las urnas. Adem\u00e1s, afirm\u00f3 que el Correo Argentino no cometi\u00f3 delitos al contar los votos, ya que se trataba de un escrutinio de car\u00e1cter provisorio, sin impacto alguno en el resultado final.<\/p>\n<p><strong>Conectividad a\u00e9rea<\/strong><\/p>\n<p>Fue el mayor logro tur\u00edstico en mucho tiempo. Crecieron las rutas desde Tucum\u00e1n hacia otras provincias y pa\u00edses. De este modo, hay vuelos a Lima, Santiago de Chile y desde abril a Sao Paulo. Dentro del pa\u00eds los tucumanos adem\u00e1s de viajar a Buenos Aires, pueden ir a C\u00f3rdoba y Jujuy.<\/p>\n<p><a href=\"http:\/\/comunicaciontucuman.gob.ar\/wp-content\/uploads\/2017\/09\/Jaldo-Manzur-Avianca-LS-5.jpg\"><img loading=\"lazy\" decoding=\"async\" class=\"size-medium wp-image-138955 alignright\" src=\"http:\/\/comunicaciontucuman.gob.ar\/wp-content\/uploads\/2017\/09\/Jaldo-Manzur-Avianca-LS-5-300x166.jpg\" alt=\"Jaldo-Manzur-Avianca-LS-5\" width=\"300\" height=\"166\"><\/a><\/p>\n<p>A esto se suma, la ampliaci\u00f3n de la pista del aeropuerto. La m\u00e1s larga del pa\u00eds. Al respecto, Manzur destac\u00f3 que \u201cla obra significar\u00e1, por un lado, mejoras en la conectividad nacional e internacional de la provincia, y por otro, un incremento en las exportaciones, especialmente de ar\u00e1ndanos\u201d.<\/p>\n<p><strong>Mayor v\u00ednculo con el sector cient\u00edfico y acad\u00e9mico<\/strong><\/p>\n<p>El gobernador reconoci\u00f3 a diversos acad\u00e9micos que cuyo aporte es fundamental para el progreso humano. De este modo, en agosto con una cena de gala en el Sal\u00f3n Blanco de Casa de Gobierno, homenaje\u00f3 a los presidentes y miembros de academias nacionales de todo el pa\u00eds. \u201cEl Gobierno y el pueblo de la provincia han querido homenajear a todos estos hombres y mujeres que han obtenido las m\u00e1ximas calificaciones a trav\u00e9s del esfuerzo y el estudio, durante muchos a\u00f1os de sacrificio y, como Gobernador, yo me siento muy orgulloso\u201d, expres\u00f3.<\/p>\n<p><a href=\"http:\/\/comunicaciontucuman.gob.ar\/wp-content\/uploads\/2017\/11\/Manzur-cesar-pelli.jpg\"><img loading=\"lazy\" decoding=\"async\" class=\"alignnone size-medium wp-image-146143\" src=\"http:\/\/comunicaciontucuman.gob.ar\/wp-content\/uploads\/2017\/11\/Manzur-cesar-pelli-300x166.jpg\" alt=\"Manzur-cesar-pelli\" width=\"300\" height=\"166\"><\/a><a href=\"http:\/\/comunicaciontucuman.gob.ar\/wp-content\/uploads\/2017\/12\/manzur-gobernador-y-reunion-council-of-americas.jpg\"><img loading=\"lazy\" decoding=\"async\" class=\"alignnone size-medium wp-image-149836\" src=\"http:\/\/comunicaciontucuman.gob.ar\/wp-content\/uploads\/2017\/12\/manzur-gobernador-y-reunion-council-of-americas-300x166.jpg\" alt=\"manzur-gobernador-y-reunion-council-of-americas\" width=\"300\" height=\"166\"><\/a><\/p>\n<p>Manzur, tambi\u00e9n reconoci\u00f3 al neurocirujano,<strong> Pedro Lylyk<\/strong>, quien particip\u00f3 de las jornadas de concientizaci\u00f3n sobre accidente cerebrovascular (ACV) y al economista<strong> V\u00edctor El\u00edas<\/strong>, quien este a\u00f1o cumpli\u00f3 80 y a otros destacados acad\u00e9micos.<\/p>\n<p><a href=\"http:\/\/comunicaciontucuman.gob.ar\/wp-content\/uploads\/2017\/08\/el-gobbernador-y-daniel-agostini-051.jpg\"><img loading=\"lazy\" decoding=\"async\" class=\"alignnone size-medium wp-image-134863\" src=\"http:\/\/comunicaciontucuman.gob.ar\/wp-content\/uploads\/2017\/08\/el-gobbernador-y-daniel-agostini-051-300x166.jpg\" alt=\"el gobbernador y daniel agostini 05\" width=\"300\" height=\"166\"><\/a><a href=\"http:\/\/comunicaciontucuman.gob.ar\/wp-content\/uploads\/2017\/10\/el-gobernador-con-MIDACHI-04.jpg\"><img loading=\"lazy\" decoding=\"async\" class=\"alignnone size-medium wp-image-141103\" src=\"http:\/\/comunicaciontucuman.gob.ar\/wp-content\/uploads\/2017\/10\/el-gobernador-con-MIDACHI-04-300x166.jpg\" alt=\"el gobernador con MIDACHI 04\" width=\"300\" height=\"166\"><\/a><\/p>\n<p>La Cultura no estuvo agenda en la gesti\u00f3n del Gobernador en este 2017, recibiendo a una gran variedad de artistas que brindaron sus shows en el Teatro Mercedes Sosa a lo largo de este a\u00f1o. Actores, actrices y cantantes se hicieron un hueco y en su ajetreado tiempo y visitaron a Manzur en Casa de Gobierno.<\/p>\n<p><span><strong>GALERIA DE FOTOS<\/strong><\/span><\/p>\n<p><a href=\"http:\/\/comunicaciontucuman.gob.ar\/wp-content\/uploads\/2017\/12\/manzur-oea.jpeg\"><img loading=\"lazy\" decoding=\"async\" class=\"alignnone size-medium wp-image-149835\" src=\"http:\/\/comunicaciontucuman.gob.ar\/wp-content\/uploads\/2017\/12\/manzur-oea-300x166.jpeg\" alt=\"manzur oea\" width=\"300\" height=\"166\"><\/a> <a href=\"http:\/\/comunicaciontucuman.gob.ar\/wp-content\/uploads\/2017\/12\/reunion-Manzur-Solis-Los-Angeles.jpg\"><img loading=\"lazy\" decoding=\"async\" class=\"alignnone size-medium wp-image-149834\" src=\"http:\/\/comunicaciontucuman.gob.ar\/wp-content\/uploads\/2017\/12\/reunion-Manzur-Solis-Los-Angeles-300x166.jpg\" alt=\"reunion-Manzur-Solis-Los-Angeles\" width=\"300\" height=\"166\"><\/a> <a href=\"http:\/\/comunicaciontucuman.gob.ar\/wp-content\/uploads\/2017\/12\/collage_manzur_5.jpg\"><img loading=\"lazy\" decoding=\"async\" class=\"alignnone size-medium wp-image-149817\" src=\"http:\/\/comunicaciontucuman.gob.ar\/wp-content\/uploads\/2017\/12\/collage_manzur_5-300x166.jpg\" alt=\"collage_manzur_5\" width=\"300\" height=\"166\"><\/a> <a href=\"http:\/\/comunicaciontucuman.gob.ar\/wp-content\/uploads\/2017\/12\/collage_manzur_6.jpg\"><img loading=\"lazy\" decoding=\"async\" class=\"alignnone size-medium wp-image-149816\" src=\"http:\/\/comunicaciontucuman.gob.ar\/wp-content\/uploads\/2017\/12\/collage_manzur_6-300x166.jpg\" alt=\"collage_manzur_6\" width=\"300\" height=\"166\"><\/a><\/p>\n<\/div>\n<\/div>\n","protected":false},"excerpt":{"rendered":"<p>El 2017 fue un a\u00f1o intenso y de trabajo constante. El gobernador Juan Manzur realiz\u00f3 diversas gestiones exitosas. Logr\u00f3 ampliar el mercado del lim\u00f3n, hizo un marcado cuidado de las econom\u00edas regionales, especialmente el az\u00facar. Realiz\u00f3 viajes comerciales y su espacio pol\u00edtico gan\u00f3 las elecciones a diputados nacionales a fines de octubre. \u201cQue los tucumanos [&hellip;]<\/p>\n","protected":false},"author":1,"featured_media":4392,"comment_status":"open","ping_status":"closed","sticky":false,"template":"","format":"standard","meta":{"footnotes":""},"categories":[3],"tags":[],"class_list":{"0":"post-4391","1":"post","2":"type-post","3":"status-publish","4":"format-standard","5":"has-post-thumbnail","7":"category-politica"},"yoast_head":"<!-- This site is optimized with the Yoast SEO plugin v27.4 - https:\/\/yoast.com\/product\/yoast-seo-wordpress\/ -->\n<title>Un 2017 intenso, de logros comerciales y conectividad a\u00e9rea - El Diario de Tucuman<\/title>\n<meta name=\"robots\" content=\"index, follow, max-snippet:-1, max-image-preview:large, max-video-preview:-1\" \/>\n<link rel=\"canonical\" href=\"https:\/\/www.eldiariodetucuman.com\/web\/2017-intenso-logros-comerciales-conectividad-aerea\/\" \/>\n<meta property=\"og:locale\" content=\"es_ES\" \/>\n<meta property=\"og:type\" content=\"article\" \/>\n<meta property=\"og:title\" content=\"Un 2017 intenso, de logros comerciales y conectividad a\u00e9rea - El Diario de Tucuman\" \/>\n<meta property=\"og:description\" content=\"El 2017 fue un a\u00f1o intenso y de trabajo constante. El gobernador Juan Manzur realiz\u00f3 diversas gestiones exitosas. Logr\u00f3 ampliar el mercado del lim\u00f3n, hizo un marcado cuidado de las econom\u00edas regionales, especialmente el az\u00facar. Realiz\u00f3 viajes comerciales y su espacio pol\u00edtico gan\u00f3 las elecciones a diputados nacionales a fines de octubre. \u201cQue los tucumanos [&hellip;]\" \/>\n<meta property=\"og:url\" content=\"https:\/\/www.eldiariodetucuman.com\/web\/2017-intenso-logros-comerciales-conectividad-aerea\/\" \/>\n<meta property=\"og:site_name\" content=\"El Diario de Tucuman\" \/>\n<meta property=\"article:published_time\" content=\"2017-12-31T14:25:17+00:00\" \/>\n<meta property=\"article:modified_time\" content=\"2018-01-02T19:09:37+00:00\" \/>\n<meta property=\"og:image\" content=\"https:\/\/www.eldiariodetucuman.com\/web\/wp-content\/uploads\/2017\/12\/1136ff115e081c124f492816dfce7ea0.jpeg\" \/>\n\t<meta property=\"og:image:width\" content=\"1024\" \/>\n\t<meta property=\"og:image:height\" content=\"683\" \/>\n\t<meta property=\"og:image:type\" content=\"image\/jpeg\" \/>\n<meta name=\"author\" content=\"admin\" \/>\n<meta name=\"twitter:card\" content=\"summary_large_image\" \/>\n<meta name=\"twitter:label1\" content=\"Escrito por\" \/>\n\t<meta name=\"twitter:data1\" content=\"admin\" \/>\n\t<meta name=\"twitter:label2\" content=\"Tiempo de lectura\" \/>\n\t<meta name=\"twitter:data2\" content=\"8 minutos\" \/>\n<script type=\"application\/ld+json\" class=\"yoast-schema-graph\">{\"@context\":\"https:\\\/\\\/schema.org\",\"@graph\":[{\"@type\":\"Article\",\"@id\":\"https:\\\/\\\/www.eldiariodetucuman.com\\\/web\\\/2017-intenso-logros-comerciales-conectividad-aerea\\\/#article\",\"isPartOf\":{\"@id\":\"https:\\\/\\\/www.eldiariodetucuman.com\\\/web\\\/2017-intenso-logros-comerciales-conectividad-aerea\\\/\"},\"author\":{\"name\":\"admin\",\"@id\":\"https:\\\/\\\/www.eldiariodetucuman.com\\\/web\\\/#\\\/schema\\\/person\\\/9250197d75ab5483412e19678b121caa\"},\"headline\":\"Un 2017 intenso, de logros comerciales y conectividad a\u00e9rea\",\"datePublished\":\"2017-12-31T14:25:17+00:00\",\"dateModified\":\"2018-01-02T19:09:37+00:00\",\"mainEntityOfPage\":{\"@id\":\"https:\\\/\\\/www.eldiariodetucuman.com\\\/web\\\/2017-intenso-logros-comerciales-conectividad-aerea\\\/\"},\"wordCount\":1530,\"commentCount\":0,\"publisher\":{\"@id\":\"https:\\\/\\\/www.eldiariodetucuman.com\\\/web\\\/#organization\"},\"image\":{\"@id\":\"https:\\\/\\\/www.eldiariodetucuman.com\\\/web\\\/2017-intenso-logros-comerciales-conectividad-aerea\\\/#primaryimage\"},\"thumbnailUrl\":\"https:\\\/\\\/www.eldiariodetucuman.com\\\/web\\\/wp-content\\\/uploads\\\/2017\\\/12\\\/1136ff115e081c124f492816dfce7ea0.jpeg\",\"articleSection\":[\"Politica\"],\"inLanguage\":\"es\",\"potentialAction\":[{\"@type\":\"CommentAction\",\"name\":\"Comment\",\"target\":[\"https:\\\/\\\/www.eldiariodetucuman.com\\\/web\\\/2017-intenso-logros-comerciales-conectividad-aerea\\\/#respond\"]}]},{\"@type\":\"WebPage\",\"@id\":\"https:\\\/\\\/www.eldiariodetucuman.com\\\/web\\\/2017-intenso-logros-comerciales-conectividad-aerea\\\/\",\"url\":\"https:\\\/\\\/www.eldiariodetucuman.com\\\/web\\\/2017-intenso-logros-comerciales-conectividad-aerea\\\/\",\"name\":\"Un 2017 intenso, de logros comerciales y conectividad a\u00e9rea - El Diario de Tucuman\",\"isPartOf\":{\"@id\":\"https:\\\/\\\/www.eldiariodetucuman.com\\\/web\\\/#website\"},\"primaryImageOfPage\":{\"@id\":\"https:\\\/\\\/www.eldiariodetucuman.com\\\/web\\\/2017-intenso-logros-comerciales-conectividad-aerea\\\/#primaryimage\"},\"image\":{\"@id\":\"https:\\\/\\\/www.eldiariodetucuman.com\\\/web\\\/2017-intenso-logros-comerciales-conectividad-aerea\\\/#primaryimage\"},\"thumbnailUrl\":\"https:\\\/\\\/www.eldiariodetucuman.com\\\/web\\\/wp-content\\\/uploads\\\/2017\\\/12\\\/1136ff115e081c124f492816dfce7ea0.jpeg\",\"datePublished\":\"2017-12-31T14:25:17+00:00\",\"dateModified\":\"2018-01-02T19:09:37+00:00\",\"breadcrumb\":{\"@id\":\"https:\\\/\\\/www.eldiariodetucuman.com\\\/web\\\/2017-intenso-logros-comerciales-conectividad-aerea\\\/#breadcrumb\"},\"inLanguage\":\"es\",\"potentialAction\":[{\"@type\":\"ReadAction\",\"target\":[\"https:\\\/\\\/www.eldiariodetucuman.com\\\/web\\\/2017-intenso-logros-comerciales-conectividad-aerea\\\/\"]}]},{\"@type\":\"ImageObject\",\"inLanguage\":\"es\",\"@id\":\"https:\\\/\\\/www.eldiariodetucuman.com\\\/web\\\/2017-intenso-logros-comerciales-conectividad-aerea\\\/#primaryimage\",\"url\":\"https:\\\/\\\/www.eldiariodetucuman.com\\\/web\\\/wp-content\\\/uploads\\\/2017\\\/12\\\/1136ff115e081c124f492816dfce7ea0.jpeg\",\"contentUrl\":\"https:\\\/\\\/www.eldiariodetucuman.com\\\/web\\\/wp-content\\\/uploads\\\/2017\\\/12\\\/1136ff115e081c124f492816dfce7ea0.jpeg\",\"width\":1024,\"height\":683},{\"@type\":\"BreadcrumbList\",\"@id\":\"https:\\\/\\\/www.eldiariodetucuman.com\\\/web\\\/2017-intenso-logros-comerciales-conectividad-aerea\\\/#breadcrumb\",\"itemListElement\":[{\"@type\":\"ListItem\",\"position\":1,\"name\":\"Portada\",\"item\":\"https:\\\/\\\/www.eldiariodetucuman.com\\\/web\\\/\"},{\"@type\":\"ListItem\",\"position\":2,\"name\":\"Un 2017 intenso, de logros comerciales y conectividad a\u00e9rea\"}]},{\"@type\":\"WebSite\",\"@id\":\"https:\\\/\\\/www.eldiariodetucuman.com\\\/web\\\/#website\",\"url\":\"https:\\\/\\\/www.eldiariodetucuman.com\\\/web\\\/\",\"name\":\"El Diario de Tucuman\",\"description\":\"Diario Tucuman - Informaci\u00f3n y noticias\",\"publisher\":{\"@id\":\"https:\\\/\\\/www.eldiariodetucuman.com\\\/web\\\/#organization\"},\"potentialAction\":[{\"@type\":\"SearchAction\",\"target\":{\"@type\":\"EntryPoint\",\"urlTemplate\":\"https:\\\/\\\/www.eldiariodetucuman.com\\\/web\\\/?s={search_term_string}\"},\"query-input\":{\"@type\":\"PropertyValueSpecification\",\"valueRequired\":true,\"valueName\":\"search_term_string\"}}],\"inLanguage\":\"es\"},{\"@type\":\"Organization\",\"@id\":\"https:\\\/\\\/www.eldiariodetucuman.com\\\/web\\\/#organization\",\"name\":\"El Diario de Tucuman\",\"url\":\"https:\\\/\\\/www.eldiariodetucuman.com\\\/web\\\/\",\"logo\":{\"@type\":\"ImageObject\",\"inLanguage\":\"es\",\"@id\":\"https:\\\/\\\/www.eldiariodetucuman.com\\\/web\\\/#\\\/schema\\\/logo\\\/image\\\/\",\"url\":\"http:\\\/\\\/www.eldiariodetucuman.com\\\/web\\\/wp-content\\\/uploads\\\/2017\\\/12\\\/el-diario-de-tucuman.jpg\",\"contentUrl\":\"http:\\\/\\\/www.eldiariodetucuman.com\\\/web\\\/wp-content\\\/uploads\\\/2017\\\/12\\\/el-diario-de-tucuman.jpg\",\"width\":272,\"height\":92,\"caption\":\"El Diario de Tucuman\"},\"image\":{\"@id\":\"https:\\\/\\\/www.eldiariodetucuman.com\\\/web\\\/#\\\/schema\\\/logo\\\/image\\\/\"}},{\"@type\":\"Person\",\"@id\":\"https:\\\/\\\/www.eldiariodetucuman.com\\\/web\\\/#\\\/schema\\\/person\\\/9250197d75ab5483412e19678b121caa\",\"name\":\"admin\",\"image\":{\"@type\":\"ImageObject\",\"inLanguage\":\"es\",\"@id\":\"https:\\\/\\\/secure.gravatar.com\\\/avatar\\\/c44d117c2be811212c22cb481f6b8384b6873de103fbc49e7a03cc58d7dea4ac?s=96&d=mm&r=g\",\"url\":\"https:\\\/\\\/secure.gravatar.com\\\/avatar\\\/c44d117c2be811212c22cb481f6b8384b6873de103fbc49e7a03cc58d7dea4ac?s=96&d=mm&r=g\",\"contentUrl\":\"https:\\\/\\\/secure.gravatar.com\\\/avatar\\\/c44d117c2be811212c22cb481f6b8384b6873de103fbc49e7a03cc58d7dea4ac?s=96&d=mm&r=g\",\"caption\":\"admin\"},\"url\":\"https:\\\/\\\/www.eldiariodetucuman.com\\\/web\\\/author\\\/admin\\\/\"}]}<\/script>\n<!-- \/ Yoast SEO plugin. -->","yoast_head_json":{"title":"Un 2017 intenso, de logros comerciales y conectividad a\u00e9rea - El Diario de Tucuman","robots":{"index":"index","follow":"follow","max-snippet":"max-snippet:-1","max-image-preview":"max-image-preview:large","max-video-preview":"max-video-preview:-1"},"canonical":"https:\/\/www.eldiariodetucuman.com\/web\/2017-intenso-logros-comerciales-conectividad-aerea\/","og_locale":"es_ES","og_type":"article","og_title":"Un 2017 intenso, de logros comerciales y conectividad a\u00e9rea - El Diario de Tucuman","og_description":"El 2017 fue un a\u00f1o intenso y de trabajo constante. El gobernador Juan Manzur realiz\u00f3 diversas gestiones exitosas. Logr\u00f3 ampliar el mercado del lim\u00f3n, hizo un marcado cuidado de las econom\u00edas regionales, especialmente el az\u00facar. Realiz\u00f3 viajes comerciales y su espacio pol\u00edtico gan\u00f3 las elecciones a diputados nacionales a fines de octubre. \u201cQue los tucumanos [&hellip;]","og_url":"https:\/\/www.eldiariodetucuman.com\/web\/2017-intenso-logros-comerciales-conectividad-aerea\/","og_site_name":"El Diario de Tucuman","article_published_time":"2017-12-31T14:25:17+00:00","article_modified_time":"2018-01-02T19:09:37+00:00","og_image":[{"width":1024,"height":683,"url":"https:\/\/www.eldiariodetucuman.com\/web\/wp-content\/uploads\/2017\/12\/1136ff115e081c124f492816dfce7ea0.jpeg","type":"image\/jpeg"}],"author":"admin","twitter_card":"summary_large_image","twitter_misc":{"Escrito por":"admin","Tiempo de lectura":"8 minutos"},"schema":{"@context":"https:\/\/schema.org","@graph":[{"@type":"Article","@id":"https:\/\/www.eldiariodetucuman.com\/web\/2017-intenso-logros-comerciales-conectividad-aerea\/#article","isPartOf":{"@id":"https:\/\/www.eldiariodetucuman.com\/web\/2017-intenso-logros-comerciales-conectividad-aerea\/"},"author":{"name":"admin","@id":"https:\/\/www.eldiariodetucuman.com\/web\/#\/schema\/person\/9250197d75ab5483412e19678b121caa"},"headline":"Un 2017 intenso, de logros comerciales y conectividad a\u00e9rea","datePublished":"2017-12-31T14:25:17+00:00","dateModified":"2018-01-02T19:09:37+00:00","mainEntityOfPage":{"@id":"https:\/\/www.eldiariodetucuman.com\/web\/2017-intenso-logros-comerciales-conectividad-aerea\/"},"wordCount":1530,"commentCount":0,"publisher":{"@id":"https:\/\/www.eldiariodetucuman.com\/web\/#organization"},"image":{"@id":"https:\/\/www.eldiariodetucuman.com\/web\/2017-intenso-logros-comerciales-conectividad-aerea\/#primaryimage"},"thumbnailUrl":"https:\/\/www.eldiariodetucuman.com\/web\/wp-content\/uploads\/2017\/12\/1136ff115e081c124f492816dfce7ea0.jpeg","articleSection":["Politica"],"inLanguage":"es","potentialAction":[{"@type":"CommentAction","name":"Comment","target":["https:\/\/www.eldiariodetucuman.com\/web\/2017-intenso-logros-comerciales-conectividad-aerea\/#respond"]}]},{"@type":"WebPage","@id":"https:\/\/www.eldiariodetucuman.com\/web\/2017-intenso-logros-comerciales-conectividad-aerea\/","url":"https:\/\/www.eldiariodetucuman.com\/web\/2017-intenso-logros-comerciales-conectividad-aerea\/","name":"Un 2017 intenso, de logros comerciales y conectividad a\u00e9rea - El Diario de Tucuman","isPartOf":{"@id":"https:\/\/www.eldiariodetucuman.com\/web\/#website"},"primaryImageOfPage":{"@id":"https:\/\/www.eldiariodetucuman.com\/web\/2017-intenso-logros-comerciales-conectividad-aerea\/#primaryimage"},"image":{"@id":"https:\/\/www.eldiariodetucuman.com\/web\/2017-intenso-logros-comerciales-conectividad-aerea\/#primaryimage"},"thumbnailUrl":"https:\/\/www.eldiariodetucuman.com\/web\/wp-content\/uploads\/2017\/12\/1136ff115e081c124f492816dfce7ea0.jpeg","datePublished":"2017-12-31T14:25:17+00:00","dateModified":"2018-01-02T19:09:37+00:00","breadcrumb":{"@id":"https:\/\/www.eldiariodetucuman.com\/web\/2017-intenso-logros-comerciales-conectividad-aerea\/#breadcrumb"},"inLanguage":"es","potentialAction":[{"@type":"ReadAction","target":["https:\/\/www.eldiariodetucuman.com\/web\/2017-intenso-logros-comerciales-conectividad-aerea\/"]}]},{"@type":"ImageObject","inLanguage":"es","@id":"https:\/\/www.eldiariodetucuman.com\/web\/2017-intenso-logros-comerciales-conectividad-aerea\/#primaryimage","url":"https:\/\/www.eldiariodetucuman.com\/web\/wp-content\/uploads\/2017\/12\/1136ff115e081c124f492816dfce7ea0.jpeg","contentUrl":"https:\/\/www.eldiariodetucuman.com\/web\/wp-content\/uploads\/2017\/12\/1136ff115e081c124f492816dfce7ea0.jpeg","width":1024,"height":683},{"@type":"BreadcrumbList","@id":"https:\/\/www.eldiariodetucuman.com\/web\/2017-intenso-logros-comerciales-conectividad-aerea\/#breadcrumb","itemListElement":[{"@type":"ListItem","position":1,"name":"Portada","item":"https:\/\/www.eldiariodetucuman.com\/web\/"},{"@type":"ListItem","position":2,"name":"Un 2017 intenso, de logros comerciales y conectividad a\u00e9rea"}]},{"@type":"WebSite","@id":"https:\/\/www.eldiariodetucuman.com\/web\/#website","url":"https:\/\/www.eldiariodetucuman.com\/web\/","name":"El Diario de Tucuman","description":"Diario Tucuman - Informaci\u00f3n y noticias","publisher":{"@id":"https:\/\/www.eldiariodetucuman.com\/web\/#organization"},"potentialAction":[{"@type":"SearchAction","target":{"@type":"EntryPoint","urlTemplate":"https:\/\/www.eldiariodetucuman.com\/web\/?s={search_term_string}"},"query-input":{"@type":"PropertyValueSpecification","valueRequired":true,"valueName":"search_term_string"}}],"inLanguage":"es"},{"@type":"Organization","@id":"https:\/\/www.eldiariodetucuman.com\/web\/#organization","name":"El Diario de Tucuman","url":"https:\/\/www.eldiariodetucuman.com\/web\/","logo":{"@type":"ImageObject","inLanguage":"es","@id":"https:\/\/www.eldiariodetucuman.com\/web\/#\/schema\/logo\/image\/","url":"http:\/\/www.eldiariodetucuman.com\/web\/wp-content\/uploads\/2017\/12\/el-diario-de-tucuman.jpg","contentUrl":"http:\/\/www.eldiariodetucuman.com\/web\/wp-content\/uploads\/2017\/12\/el-diario-de-tucuman.jpg","width":272,"height":92,"caption":"El Diario de Tucuman"},"image":{"@id":"https:\/\/www.eldiariodetucuman.com\/web\/#\/schema\/logo\/image\/"}},{"@type":"Person","@id":"https:\/\/www.eldiariodetucuman.com\/web\/#\/schema\/person\/9250197d75ab5483412e19678b121caa","name":"admin","image":{"@type":"ImageObject","inLanguage":"es","@id":"https:\/\/secure.gravatar.com\/avatar\/c44d117c2be811212c22cb481f6b8384b6873de103fbc49e7a03cc58d7dea4ac?s=96&d=mm&r=g","url":"https:\/\/secure.gravatar.com\/avatar\/c44d117c2be811212c22cb481f6b8384b6873de103fbc49e7a03cc58d7dea4ac?s=96&d=mm&r=g","contentUrl":"https:\/\/secure.gravatar.com\/avatar\/c44d117c2be811212c22cb481f6b8384b6873de103fbc49e7a03cc58d7dea4ac?s=96&d=mm&r=g","caption":"admin"},"url":"https:\/\/www.eldiariodetucuman.com\/web\/author\/admin\/"}]}},"_links":{"self":[{"href":"https:\/\/www.eldiariodetucuman.com\/web\/wp-json\/wp\/v2\/posts\/4391","targetHints":{"allow":["GET"]}}],"collection":[{"href":"https:\/\/www.eldiariodetucuman.com\/web\/wp-json\/wp\/v2\/posts"}],"about":[{"href":"https:\/\/www.eldiariodetucuman.com\/web\/wp-json\/wp\/v2\/types\/post"}],"author":[{"embeddable":true,"href":"https:\/\/www.eldiariodetucuman.com\/web\/wp-json\/wp\/v2\/users\/1"}],"replies":[{"embeddable":true,"href":"https:\/\/www.eldiariodetucuman.com\/web\/wp-json\/wp\/v2\/comments?post=4391"}],"version-history":[{"count":1,"href":"https:\/\/www.eldiariodetucuman.com\/web\/wp-json\/wp\/v2\/posts\/4391\/revisions"}],"predecessor-version":[{"id":4449,"href":"https:\/\/www.eldiariodetucuman.com\/web\/wp-json\/wp\/v2\/posts\/4391\/revisions\/4449"}],"wp:featuredmedia":[{"embeddable":true,"href":"https:\/\/www.eldiariodetucuman.com\/web\/wp-json\/wp\/v2\/media\/4392"}],"wp:attachment":[{"href":"https:\/\/www.eldiariodetucuman.com\/web\/wp-json\/wp\/v2\/media?parent=4391"}],"wp:term":[{"taxonomy":"category","embeddable":true,"href":"https:\/\/www.eldiariodetucuman.com\/web\/wp-json\/wp\/v2\/categories?post=4391"},{"taxonomy":"post_tag","embeddable":true,"href":"https:\/\/www.eldiariodetucuman.com\/web\/wp-json\/wp\/v2\/tags?post=4391"}],"curies":[{"name":"wp","href":"https:\/\/api.w.org\/{rel}","templated":true}]}}