{"id":43888,"date":"2025-04-07T11:44:14","date_gmt":"2025-04-07T14:44:14","guid":{"rendered":"https:\/\/www.eldiariodetucuman.com\/web\/?p=43888"},"modified":"2025-04-07T11:44:14","modified_gmt":"2025-04-07T14:44:14","slug":"barrio-procrear-ii-aceleran-las-gestiones-para-reactivar-las-obras","status":"publish","type":"post","link":"https:\/\/www.eldiariodetucuman.com\/web\/barrio-procrear-ii-aceleran-las-gestiones-para-reactivar-las-obras\/","title":{"rendered":"Barrio Procrear II: aceleran las gestiones para reactivar las obras"},"content":{"rendered":"<p>Referentes de 22 empresas de la construcci\u00f3n dialogaron con el Gobernador.<!--more--><\/p>\n<p>Con el objetivo de reiniciar las obras del megaemprendimiento habitacional Procrear II, el gobernador,\u00a0<strong>Osvaldo Jaldo<\/strong>, se reuni\u00f3 en la Casa de Gobierno con los representantes de la C\u00e1mara Tucumana de la Construcci\u00f3n.<\/p>\n<p>Con financiamiento provincial, se garantizar\u00e1 la construcci\u00f3n de 1.656 viviendas y 1.491 lotes con servicios en un predio de 100 hect\u00e1reas en Manantial Sur,\u00a0cedido por la Naci\u00f3n a Tucum\u00e1n. Las tareas van a generar m\u00e1s de 6.000 puestos de trabajo en la construcci\u00f3n y la reactivaci\u00f3n de la industria asociada y la econom\u00eda local, movilizando a m\u00e1s de 15.000 trabajadores.<\/p>\n<p>En ese marco, referentes de 22 empresas de la construcci\u00f3n dialogaron con el Gobernador, con el ministro de Econom\u00eda y Producci\u00f3n,\u00a0<strong>Daniel Abad<\/strong>; con el ministro de Obras y Servicios P\u00fablicos,\u00a0<strong>Marcelo Nazur<\/strong>; y el interventor del Instituto Provincial de Vivienda y Desarrollo Urbano,<strong>\u00a0Hugo Cabral<\/strong>. Estuvieron acompa\u00f1ados por el presidente de C\u00e1mara,\u00a0<strong>Jorge Garber.\u00a0<\/strong><\/p>\n<p>Al respecto, el ministro Nazur detall\u00f3: \u201cAnalizamos distintos factores, evacuamos dudas y seguimos trabajando en este gran emprendimiento sobre el que definimos etapas y otras m\u00e1s t\u00e9cnicas que estamos avanzando\u201d.<\/p>\n<p>\u201cLa primera etapa es analizar los contratos y cuestiones administrativas, donde junto a la C\u00e1mara Tucumana de la Construcci\u00f3n nos pusimos plazos para resolverlo en la inmediatez\u201d, coment\u00f3.<\/p>\n<p><strong>Nazur confirm\u00f3 que son 22 empresas que trabajar\u00e1n en la ejecuci\u00f3n y 17 contratos que tendr\u00e1n a cargo el reinicio de las obras de las viviendas del Procrear II. \u201cEstamos analizando el inicio de obras y queremos que sea lo antes posible, pero primero debemos resolver los temas administrativos; vamos a respetar el proyecto original y si hay modificaciones ser\u00e1n m\u00ednimas\u201d.<\/strong><\/p>\n<p>Por su parte, Jorge Garber, presidente de la C\u00e1mara Tucumana de la Construcci\u00f3n, agradeci\u00f3 a Jaldo por dar continuidad a la obra del Procrear II: \u201cEl Gobernador va para adelante en un megaproyecto, no solamente para Tucum\u00e1n sino para la Argentina, porque recordemos que este es el proyecto habitacional m\u00e1s grande del pa\u00eds y se necesitan cientos de miles de millones de pesos para llevarlo adelante\u201d.<\/p>\n<p>En ese marco, el empresario indic\u00f3 que se fij\u00f3 una fecha tope que \u201cno supere los 45 d\u00edas para tener listos los contratos\u201d para reiniciar el proyecto.<\/p>\n<p>El emprendimiento, que contar\u00e1 con 1.656 unidades habitacionales y 1.491 lotes con servicio, demandar\u00e1 la ocupaci\u00f3n de 10.000 puestos de trabajo en toda su ejecuci\u00f3n: \u201cSer\u00e1 un 50% de esa cifra en la primera etapa, pero recordemos que la construcci\u00f3n no solamente genera puestos de trabajo directos, sino de manera indirecta en igual o mayor cantidad, m\u00e1s un mont\u00f3n de actividades directamente relacionadas que van a tener un impulso din\u00e1mico a la hora de comenzar las obras en Manantial Sur\u201d, a\u00f1adi\u00f3 Garber.<\/p>\n<p>Por \u00faltimo, Garber explic\u00f3 que las viviendas del Procrear II tendr\u00e1n de dos a tres dormitorios, \u201calgunas de caracter\u00edsticas evolutivas y viviendas unifamiliares que van a ir insertadas en los lotes de servicio\u201d.<\/p>\n<p><strong>Fuente:<\/strong> <a href=\"https:\/\/www.comunicaciontucuman.gob.ar\/noticia\/gobernacion\/233767\/avanzan-gestiones-para-construccion-barrio-procrear-ii\">https:\/\/www.comunicaciontucuman.gob.ar\/noticia\/gobernacion\/233767\/avanzan-gestiones-para-construccion-barrio-procrear-ii<\/a><\/p>\n","protected":false},"excerpt":{"rendered":"<p>Referentes de 22 empresas de la construcci\u00f3n dialogaron con el Gobernador.<\/p>\n","protected":false},"author":5,"featured_media":43889,"comment_status":"closed","ping_status":"open","sticky":false,"template":"","format":"standard","meta":{"footnotes":""},"categories":[3,1],"tags":[85,61,487],"class_list":{"0":"post-43888","1":"post","2":"type-post","3":"status-publish","4":"format-standard","5":"has-post-thumbnail","7":"category-politica","8":"category-portada","9":"tag-obras","10":"tag-tucuman","11":"tag-viviendas"},"yoast_head":"<!-- This site is optimized with the Yoast SEO plugin v27.4 - https:\/\/yoast.com\/product\/yoast-seo-wordpress\/ -->\n<title>Barrio Procrear II: aceleran las gestiones para reactivar las obras - El Diario de Tucuman<\/title>\n<meta name=\"robots\" content=\"index, follow, max-snippet:-1, max-image-preview:large, max-video-preview:-1\" \/>\n<link rel=\"canonical\" href=\"https:\/\/www.eldiariodetucuman.com\/web\/barrio-procrear-ii-aceleran-las-gestiones-para-reactivar-las-obras\/\" \/>\n<meta property=\"og:locale\" content=\"es_ES\" \/>\n<meta property=\"og:type\" content=\"article\" \/>\n<meta property=\"og:title\" content=\"Barrio Procrear II: aceleran las gestiones para reactivar las obras - El Diario de Tucuman\" \/>\n<meta property=\"og:description\" content=\"Referentes de 22 empresas de la construcci\u00f3n dialogaron con el Gobernador.\" \/>\n<meta property=\"og:url\" content=\"https:\/\/www.eldiariodetucuman.com\/web\/barrio-procrear-ii-aceleran-las-gestiones-para-reactivar-las-obras\/\" \/>\n<meta property=\"og:site_name\" content=\"El Diario de Tucuman\" \/>\n<meta property=\"article:published_time\" content=\"2025-04-07T14:44:14+00:00\" \/>\n<meta property=\"og:image\" content=\"https:\/\/www.eldiariodetucuman.com\/web\/wp-content\/uploads\/2025\/04\/procrear-II.jpeg\" \/>\n\t<meta property=\"og:image:width\" content=\"1600\" \/>\n\t<meta property=\"og:image:height\" content=\"1066\" \/>\n\t<meta property=\"og:image:type\" content=\"image\/jpeg\" \/>\n<meta name=\"author\" content=\"Redactor Uno\" \/>\n<meta name=\"twitter:card\" content=\"summary_large_image\" \/>\n<meta name=\"twitter:label1\" content=\"Escrito por\" \/>\n\t<meta name=\"twitter:data1\" content=\"Redactor Uno\" \/>\n\t<meta name=\"twitter:label2\" content=\"Tiempo de lectura\" \/>\n\t<meta name=\"twitter:data2\" content=\"3 minutos\" \/>\n<script type=\"application\/ld+json\" class=\"yoast-schema-graph\">{\"@context\":\"https:\\\/\\\/schema.org\",\"@graph\":[{\"@type\":\"Article\",\"@id\":\"https:\\\/\\\/www.eldiariodetucuman.com\\\/web\\\/barrio-procrear-ii-aceleran-las-gestiones-para-reactivar-las-obras\\\/#article\",\"isPartOf\":{\"@id\":\"https:\\\/\\\/www.eldiariodetucuman.com\\\/web\\\/barrio-procrear-ii-aceleran-las-gestiones-para-reactivar-las-obras\\\/\"},\"author\":{\"name\":\"Redactor Uno\",\"@id\":\"https:\\\/\\\/www.eldiariodetucuman.com\\\/web\\\/#\\\/schema\\\/person\\\/7e6644a46e60888f6b868594407e08dd\"},\"headline\":\"Barrio Procrear II: aceleran las gestiones para reactivar las obras\",\"datePublished\":\"2025-04-07T14:44:14+00:00\",\"mainEntityOfPage\":{\"@id\":\"https:\\\/\\\/www.eldiariodetucuman.com\\\/web\\\/barrio-procrear-ii-aceleran-las-gestiones-para-reactivar-las-obras\\\/\"},\"wordCount\":534,\"publisher\":{\"@id\":\"https:\\\/\\\/www.eldiariodetucuman.com\\\/web\\\/#organization\"},\"image\":{\"@id\":\"https:\\\/\\\/www.eldiariodetucuman.com\\\/web\\\/barrio-procrear-ii-aceleran-las-gestiones-para-reactivar-las-obras\\\/#primaryimage\"},\"thumbnailUrl\":\"https:\\\/\\\/www.eldiariodetucuman.com\\\/web\\\/wp-content\\\/uploads\\\/2025\\\/04\\\/procrear-II.jpeg\",\"keywords\":[\"obras\",\"Tucuman\",\"viviendas\"],\"articleSection\":[\"Politica\",\"Portada\"],\"inLanguage\":\"es\"},{\"@type\":\"WebPage\",\"@id\":\"https:\\\/\\\/www.eldiariodetucuman.com\\\/web\\\/barrio-procrear-ii-aceleran-las-gestiones-para-reactivar-las-obras\\\/\",\"url\":\"https:\\\/\\\/www.eldiariodetucuman.com\\\/web\\\/barrio-procrear-ii-aceleran-las-gestiones-para-reactivar-las-obras\\\/\",\"name\":\"Barrio Procrear II: aceleran las gestiones para reactivar las obras - El Diario de Tucuman\",\"isPartOf\":{\"@id\":\"https:\\\/\\\/www.eldiariodetucuman.com\\\/web\\\/#website\"},\"primaryImageOfPage\":{\"@id\":\"https:\\\/\\\/www.eldiariodetucuman.com\\\/web\\\/barrio-procrear-ii-aceleran-las-gestiones-para-reactivar-las-obras\\\/#primaryimage\"},\"image\":{\"@id\":\"https:\\\/\\\/www.eldiariodetucuman.com\\\/web\\\/barrio-procrear-ii-aceleran-las-gestiones-para-reactivar-las-obras\\\/#primaryimage\"},\"thumbnailUrl\":\"https:\\\/\\\/www.eldiariodetucuman.com\\\/web\\\/wp-content\\\/uploads\\\/2025\\\/04\\\/procrear-II.jpeg\",\"datePublished\":\"2025-04-07T14:44:14+00:00\",\"breadcrumb\":{\"@id\":\"https:\\\/\\\/www.eldiariodetucuman.com\\\/web\\\/barrio-procrear-ii-aceleran-las-gestiones-para-reactivar-las-obras\\\/#breadcrumb\"},\"inLanguage\":\"es\",\"potentialAction\":[{\"@type\":\"ReadAction\",\"target\":[\"https:\\\/\\\/www.eldiariodetucuman.com\\\/web\\\/barrio-procrear-ii-aceleran-las-gestiones-para-reactivar-las-obras\\\/\"]}]},{\"@type\":\"ImageObject\",\"inLanguage\":\"es\",\"@id\":\"https:\\\/\\\/www.eldiariodetucuman.com\\\/web\\\/barrio-procrear-ii-aceleran-las-gestiones-para-reactivar-las-obras\\\/#primaryimage\",\"url\":\"https:\\\/\\\/www.eldiariodetucuman.com\\\/web\\\/wp-content\\\/uploads\\\/2025\\\/04\\\/procrear-II.jpeg\",\"contentUrl\":\"https:\\\/\\\/www.eldiariodetucuman.com\\\/web\\\/wp-content\\\/uploads\\\/2025\\\/04\\\/procrear-II.jpeg\",\"width\":1600,\"height\":1066},{\"@type\":\"BreadcrumbList\",\"@id\":\"https:\\\/\\\/www.eldiariodetucuman.com\\\/web\\\/barrio-procrear-ii-aceleran-las-gestiones-para-reactivar-las-obras\\\/#breadcrumb\",\"itemListElement\":[{\"@type\":\"ListItem\",\"position\":1,\"name\":\"Portada\",\"item\":\"https:\\\/\\\/www.eldiariodetucuman.com\\\/web\\\/\"},{\"@type\":\"ListItem\",\"position\":2,\"name\":\"Barrio Procrear II: aceleran las gestiones para reactivar las obras\"}]},{\"@type\":\"WebSite\",\"@id\":\"https:\\\/\\\/www.eldiariodetucuman.com\\\/web\\\/#website\",\"url\":\"https:\\\/\\\/www.eldiariodetucuman.com\\\/web\\\/\",\"name\":\"El Diario de Tucuman\",\"description\":\"Diario Tucuman - Informaci\u00f3n y noticias\",\"publisher\":{\"@id\":\"https:\\\/\\\/www.eldiariodetucuman.com\\\/web\\\/#organization\"},\"potentialAction\":[{\"@type\":\"SearchAction\",\"target\":{\"@type\":\"EntryPoint\",\"urlTemplate\":\"https:\\\/\\\/www.eldiariodetucuman.com\\\/web\\\/?s={search_term_string}\"},\"query-input\":{\"@type\":\"PropertyValueSpecification\",\"valueRequired\":true,\"valueName\":\"search_term_string\"}}],\"inLanguage\":\"es\"},{\"@type\":\"Organization\",\"@id\":\"https:\\\/\\\/www.eldiariodetucuman.com\\\/web\\\/#organization\",\"name\":\"El Diario de Tucuman\",\"url\":\"https:\\\/\\\/www.eldiariodetucuman.com\\\/web\\\/\",\"logo\":{\"@type\":\"ImageObject\",\"inLanguage\":\"es\",\"@id\":\"https:\\\/\\\/www.eldiariodetucuman.com\\\/web\\\/#\\\/schema\\\/logo\\\/image\\\/\",\"url\":\"http:\\\/\\\/www.eldiariodetucuman.com\\\/web\\\/wp-content\\\/uploads\\\/2017\\\/12\\\/el-diario-de-tucuman.jpg\",\"contentUrl\":\"http:\\\/\\\/www.eldiariodetucuman.com\\\/web\\\/wp-content\\\/uploads\\\/2017\\\/12\\\/el-diario-de-tucuman.jpg\",\"width\":272,\"height\":92,\"caption\":\"El Diario de Tucuman\"},\"image\":{\"@id\":\"https:\\\/\\\/www.eldiariodetucuman.com\\\/web\\\/#\\\/schema\\\/logo\\\/image\\\/\"}},{\"@type\":\"Person\",\"@id\":\"https:\\\/\\\/www.eldiariodetucuman.com\\\/web\\\/#\\\/schema\\\/person\\\/7e6644a46e60888f6b868594407e08dd\",\"name\":\"Redactor Uno\",\"image\":{\"@type\":\"ImageObject\",\"inLanguage\":\"es\",\"@id\":\"https:\\\/\\\/secure.gravatar.com\\\/avatar\\\/0049b1bdf1bd548385c9ea6b9356431717930913089febd2ba904f0187d7d074?s=96&d=mm&r=g\",\"url\":\"https:\\\/\\\/secure.gravatar.com\\\/avatar\\\/0049b1bdf1bd548385c9ea6b9356431717930913089febd2ba904f0187d7d074?s=96&d=mm&r=g\",\"contentUrl\":\"https:\\\/\\\/secure.gravatar.com\\\/avatar\\\/0049b1bdf1bd548385c9ea6b9356431717930913089febd2ba904f0187d7d074?s=96&d=mm&r=g\",\"caption\":\"Redactor Uno\"},\"url\":\"https:\\\/\\\/www.eldiariodetucuman.com\\\/web\\\/author\\\/mramasco\\\/\"}]}<\/script>\n<!-- \/ Yoast SEO plugin. -->","yoast_head_json":{"title":"Barrio Procrear II: aceleran las gestiones para reactivar las obras - El Diario de Tucuman","robots":{"index":"index","follow":"follow","max-snippet":"max-snippet:-1","max-image-preview":"max-image-preview:large","max-video-preview":"max-video-preview:-1"},"canonical":"https:\/\/www.eldiariodetucuman.com\/web\/barrio-procrear-ii-aceleran-las-gestiones-para-reactivar-las-obras\/","og_locale":"es_ES","og_type":"article","og_title":"Barrio Procrear II: aceleran las gestiones para reactivar las obras - El Diario de Tucuman","og_description":"Referentes de 22 empresas de la construcci\u00f3n dialogaron con el Gobernador.","og_url":"https:\/\/www.eldiariodetucuman.com\/web\/barrio-procrear-ii-aceleran-las-gestiones-para-reactivar-las-obras\/","og_site_name":"El Diario de Tucuman","article_published_time":"2025-04-07T14:44:14+00:00","og_image":[{"width":1600,"height":1066,"url":"https:\/\/www.eldiariodetucuman.com\/web\/wp-content\/uploads\/2025\/04\/procrear-II.jpeg","type":"image\/jpeg"}],"author":"Redactor Uno","twitter_card":"summary_large_image","twitter_misc":{"Escrito por":"Redactor Uno","Tiempo de lectura":"3 minutos"},"schema":{"@context":"https:\/\/schema.org","@graph":[{"@type":"Article","@id":"https:\/\/www.eldiariodetucuman.com\/web\/barrio-procrear-ii-aceleran-las-gestiones-para-reactivar-las-obras\/#article","isPartOf":{"@id":"https:\/\/www.eldiariodetucuman.com\/web\/barrio-procrear-ii-aceleran-las-gestiones-para-reactivar-las-obras\/"},"author":{"name":"Redactor Uno","@id":"https:\/\/www.eldiariodetucuman.com\/web\/#\/schema\/person\/7e6644a46e60888f6b868594407e08dd"},"headline":"Barrio Procrear II: aceleran las gestiones para reactivar las obras","datePublished":"2025-04-07T14:44:14+00:00","mainEntityOfPage":{"@id":"https:\/\/www.eldiariodetucuman.com\/web\/barrio-procrear-ii-aceleran-las-gestiones-para-reactivar-las-obras\/"},"wordCount":534,"publisher":{"@id":"https:\/\/www.eldiariodetucuman.com\/web\/#organization"},"image":{"@id":"https:\/\/www.eldiariodetucuman.com\/web\/barrio-procrear-ii-aceleran-las-gestiones-para-reactivar-las-obras\/#primaryimage"},"thumbnailUrl":"https:\/\/www.eldiariodetucuman.com\/web\/wp-content\/uploads\/2025\/04\/procrear-II.jpeg","keywords":["obras","Tucuman","viviendas"],"articleSection":["Politica","Portada"],"inLanguage":"es"},{"@type":"WebPage","@id":"https:\/\/www.eldiariodetucuman.com\/web\/barrio-procrear-ii-aceleran-las-gestiones-para-reactivar-las-obras\/","url":"https:\/\/www.eldiariodetucuman.com\/web\/barrio-procrear-ii-aceleran-las-gestiones-para-reactivar-las-obras\/","name":"Barrio Procrear II: aceleran las gestiones para reactivar las obras - El Diario de Tucuman","isPartOf":{"@id":"https:\/\/www.eldiariodetucuman.com\/web\/#website"},"primaryImageOfPage":{"@id":"https:\/\/www.eldiariodetucuman.com\/web\/barrio-procrear-ii-aceleran-las-gestiones-para-reactivar-las-obras\/#primaryimage"},"image":{"@id":"https:\/\/www.eldiariodetucuman.com\/web\/barrio-procrear-ii-aceleran-las-gestiones-para-reactivar-las-obras\/#primaryimage"},"thumbnailUrl":"https:\/\/www.eldiariodetucuman.com\/web\/wp-content\/uploads\/2025\/04\/procrear-II.jpeg","datePublished":"2025-04-07T14:44:14+00:00","breadcrumb":{"@id":"https:\/\/www.eldiariodetucuman.com\/web\/barrio-procrear-ii-aceleran-las-gestiones-para-reactivar-las-obras\/#breadcrumb"},"inLanguage":"es","potentialAction":[{"@type":"ReadAction","target":["https:\/\/www.eldiariodetucuman.com\/web\/barrio-procrear-ii-aceleran-las-gestiones-para-reactivar-las-obras\/"]}]},{"@type":"ImageObject","inLanguage":"es","@id":"https:\/\/www.eldiariodetucuman.com\/web\/barrio-procrear-ii-aceleran-las-gestiones-para-reactivar-las-obras\/#primaryimage","url":"https:\/\/www.eldiariodetucuman.com\/web\/wp-content\/uploads\/2025\/04\/procrear-II.jpeg","contentUrl":"https:\/\/www.eldiariodetucuman.com\/web\/wp-content\/uploads\/2025\/04\/procrear-II.jpeg","width":1600,"height":1066},{"@type":"BreadcrumbList","@id":"https:\/\/www.eldiariodetucuman.com\/web\/barrio-procrear-ii-aceleran-las-gestiones-para-reactivar-las-obras\/#breadcrumb","itemListElement":[{"@type":"ListItem","position":1,"name":"Portada","item":"https:\/\/www.eldiariodetucuman.com\/web\/"},{"@type":"ListItem","position":2,"name":"Barrio Procrear II: aceleran las gestiones para reactivar las obras"}]},{"@type":"WebSite","@id":"https:\/\/www.eldiariodetucuman.com\/web\/#website","url":"https:\/\/www.eldiariodetucuman.com\/web\/","name":"El Diario de Tucuman","description":"Diario Tucuman - Informaci\u00f3n y noticias","publisher":{"@id":"https:\/\/www.eldiariodetucuman.com\/web\/#organization"},"potentialAction":[{"@type":"SearchAction","target":{"@type":"EntryPoint","urlTemplate":"https:\/\/www.eldiariodetucuman.com\/web\/?s={search_term_string}"},"query-input":{"@type":"PropertyValueSpecification","valueRequired":true,"valueName":"search_term_string"}}],"inLanguage":"es"},{"@type":"Organization","@id":"https:\/\/www.eldiariodetucuman.com\/web\/#organization","name":"El Diario de Tucuman","url":"https:\/\/www.eldiariodetucuman.com\/web\/","logo":{"@type":"ImageObject","inLanguage":"es","@id":"https:\/\/www.eldiariodetucuman.com\/web\/#\/schema\/logo\/image\/","url":"http:\/\/www.eldiariodetucuman.com\/web\/wp-content\/uploads\/2017\/12\/el-diario-de-tucuman.jpg","contentUrl":"http:\/\/www.eldiariodetucuman.com\/web\/wp-content\/uploads\/2017\/12\/el-diario-de-tucuman.jpg","width":272,"height":92,"caption":"El Diario de Tucuman"},"image":{"@id":"https:\/\/www.eldiariodetucuman.com\/web\/#\/schema\/logo\/image\/"}},{"@type":"Person","@id":"https:\/\/www.eldiariodetucuman.com\/web\/#\/schema\/person\/7e6644a46e60888f6b868594407e08dd","name":"Redactor Uno","image":{"@type":"ImageObject","inLanguage":"es","@id":"https:\/\/secure.gravatar.com\/avatar\/0049b1bdf1bd548385c9ea6b9356431717930913089febd2ba904f0187d7d074?s=96&d=mm&r=g","url":"https:\/\/secure.gravatar.com\/avatar\/0049b1bdf1bd548385c9ea6b9356431717930913089febd2ba904f0187d7d074?s=96&d=mm&r=g","contentUrl":"https:\/\/secure.gravatar.com\/avatar\/0049b1bdf1bd548385c9ea6b9356431717930913089febd2ba904f0187d7d074?s=96&d=mm&r=g","caption":"Redactor Uno"},"url":"https:\/\/www.eldiariodetucuman.com\/web\/author\/mramasco\/"}]}},"_links":{"self":[{"href":"https:\/\/www.eldiariodetucuman.com\/web\/wp-json\/wp\/v2\/posts\/43888","targetHints":{"allow":["GET"]}}],"collection":[{"href":"https:\/\/www.eldiariodetucuman.com\/web\/wp-json\/wp\/v2\/posts"}],"about":[{"href":"https:\/\/www.eldiariodetucuman.com\/web\/wp-json\/wp\/v2\/types\/post"}],"author":[{"embeddable":true,"href":"https:\/\/www.eldiariodetucuman.com\/web\/wp-json\/wp\/v2\/users\/5"}],"replies":[{"embeddable":true,"href":"https:\/\/www.eldiariodetucuman.com\/web\/wp-json\/wp\/v2\/comments?post=43888"}],"version-history":[{"count":1,"href":"https:\/\/www.eldiariodetucuman.com\/web\/wp-json\/wp\/v2\/posts\/43888\/revisions"}],"predecessor-version":[{"id":43890,"href":"https:\/\/www.eldiariodetucuman.com\/web\/wp-json\/wp\/v2\/posts\/43888\/revisions\/43890"}],"wp:featuredmedia":[{"embeddable":true,"href":"https:\/\/www.eldiariodetucuman.com\/web\/wp-json\/wp\/v2\/media\/43889"}],"wp:attachment":[{"href":"https:\/\/www.eldiariodetucuman.com\/web\/wp-json\/wp\/v2\/media?parent=43888"}],"wp:term":[{"taxonomy":"category","embeddable":true,"href":"https:\/\/www.eldiariodetucuman.com\/web\/wp-json\/wp\/v2\/categories?post=43888"},{"taxonomy":"post_tag","embeddable":true,"href":"https:\/\/www.eldiariodetucuman.com\/web\/wp-json\/wp\/v2\/tags?post=43888"}],"curies":[{"name":"wp","href":"https:\/\/api.w.org\/{rel}","templated":true}]}}