{"id":4354,"date":"2017-12-29T10:53:01","date_gmt":"2017-12-29T13:53:01","guid":{"rendered":"http:\/\/www.eldiariodetucuman.com\/web\/?p=4354"},"modified":"2018-01-02T15:58:24","modified_gmt":"2018-01-02T18:58:24","slug":"neme-racing-team-esta-viaje","status":"publish","type":"post","link":"https:\/\/www.eldiariodetucuman.com\/web\/neme-racing-team-esta-viaje\/","title":{"rendered":"El Neme Racing Team est\u00e1 de viaje"},"content":{"rendered":"<div>\n<div readability=\"85\">\n<p>La avanzada del Neme Racing Team ya est\u00e1 en viaje a Lima (en la foto, la Toyota SW4 montada en un cami\u00f3n mosquito); llegar\u00e1 entre el 1 y el 2 de enero. El piloto, Ricardo Neme, se va por avi\u00f3n, el d\u00eda 3.<\/p>\n<p>La avanzada del Neme Racing Team ya est\u00e1 en viaje a Lima (en la foto, la Toyota SW4 montada en un cami\u00f3n mosquito); llegar\u00e1 entre el 1 y el 2 de enero. El piloto, Ricardo Neme, se va por avi\u00f3n, el d\u00eda 3.<\/p>\n<p>Entre los veh\u00edculos m\u00e1s grandes que forman parte de la caravana \u201cdakariana\u201d lo de los Kamaz es impresionante: ganaron 12 de las \u00faltimas 15 carreras. En la presente edici\u00f3n siguen siendo los favoritos, ante los Iveco, los \u00fanicos camiones que desde 2009 han podido derrotar a los Kamaz, que ser\u00e1n un cuarteto en el Dakar 2018. El equipo ruso no quiere dejar de ganar, pero los dirigidos por Vladimir \u201cEl Zar\u201d Chagin, ganador en siete ocasiones de la prueba, tuvieron que adaptarse a la nueva reglamentaci\u00f3n que les obligar\u00e1 a utilizar motores de 13 litros. La lista de rivales se completa con los MAZ de Bielorrusia, que presentar\u00e1n un cami\u00f3n con trompa, pr\u00f3ximamente un cambio que ser\u00e1 reglamentario en el Dakar. Tambi\u00e9n deber\u00e1n ser tenidos en cuenta los Tatra checos, que en la edici\u00f3n pasada quedaron por detr\u00e1s de Kamaz, Iveco y MAZ quedando s\u00e9ptimos. Tambi\u00e9n los Hino, que forman parte del grupo Toyota, y los Renault quieren dar pelea en una categor\u00eda dominada por los rusos.<\/p>\n<p><b>Motos: derrocar a los reyes austr\u00edacos<\/b><\/p>\n<p>En las \u00faltimas 16 ediciones, s\u00f3lo una marca estuvo en lo m\u00e1s alto: KTM. El fabricante austr\u00edaco tendr\u00e1 en sus filas oficiales al campe\u00f3n brit\u00e1nico Sam Sunderland; al subcampe\u00f3n Matthias Walkner, de Austria; al australiano campe\u00f3n en 2016, Toby Price, y al franc\u00e9s Antoine Meo. Ellos estar\u00e1n acompa\u00f1ados por los pilotos de KTM Rally Factory Racing, Laia Sanz y el salte\u00f1o debutante Luciano Benavides. Precisamente, en el equipo oficial Honda, Kevin, hermano de Benavides, est\u00e1 al nivel de \u201cesperanza\u201d en la marca japonesa que qued\u00f3 impactada con el cuarto puesto que el salte\u00f1o logr\u00f3 en su primer Dakar, all\u00e1 por 2016. Los otros pilotos que pueden destronar a los reyes austr\u00edacos son: el espa\u00f1ol, Joan Barreda Bort; el portugu\u00e9s, Paulo Go\u00e7alves; el estadounidense, Ricky Brabec y el franc\u00e9s, Michael Metge. La Honda CRF450 Rally tuvo cambios en el dise\u00f1o de las suspensiones, efectivos seg\u00fan las seis victorias conseguidas durante este a\u00f1o y el segundo puesto de Benavides en la Copa del Mundo.<\/p>\n<\/p><\/div>\n<\/div>\n","protected":false},"excerpt":{"rendered":"<p>La avanzada del Neme Racing Team ya est\u00e1 en viaje a Lima (en la foto, la Toyota SW4 montada en un cami\u00f3n mosquito); llegar\u00e1 entre el 1 y el 2 de enero. El piloto, Ricardo Neme, se va por avi\u00f3n, el d\u00eda 3. La avanzada del Neme Racing Team ya est\u00e1 en viaje a Lima [&hellip;]<\/p>\n","protected":false},"author":1,"featured_media":4355,"comment_status":"open","ping_status":"closed","sticky":false,"template":"","format":"standard","meta":{"footnotes":""},"categories":[6],"tags":[],"class_list":{"0":"post-4354","1":"post","2":"type-post","3":"status-publish","4":"format-standard","5":"has-post-thumbnail","7":"category-deporte"},"yoast_head":"<!-- This site is optimized with the Yoast SEO plugin v27.4 - https:\/\/yoast.com\/product\/yoast-seo-wordpress\/ -->\n<title>El Neme Racing Team est\u00e1 de viaje - El Diario de Tucuman<\/title>\n<meta name=\"robots\" content=\"index, follow, max-snippet:-1, max-image-preview:large, max-video-preview:-1\" \/>\n<link rel=\"canonical\" href=\"https:\/\/www.eldiariodetucuman.com\/web\/neme-racing-team-esta-viaje\/\" \/>\n<meta property=\"og:locale\" content=\"es_ES\" \/>\n<meta property=\"og:type\" content=\"article\" \/>\n<meta property=\"og:title\" content=\"El Neme Racing Team est\u00e1 de viaje - El Diario de Tucuman\" \/>\n<meta property=\"og:description\" content=\"La avanzada del Neme Racing Team ya est\u00e1 en viaje a Lima (en la foto, la Toyota SW4 montada en un cami\u00f3n mosquito); llegar\u00e1 entre el 1 y el 2 de enero. El piloto, Ricardo Neme, se va por avi\u00f3n, el d\u00eda 3. La avanzada del Neme Racing Team ya est\u00e1 en viaje a Lima [&hellip;]\" \/>\n<meta property=\"og:url\" content=\"https:\/\/www.eldiariodetucuman.com\/web\/neme-racing-team-esta-viaje\/\" \/>\n<meta property=\"og:site_name\" content=\"El Diario de Tucuman\" \/>\n<meta property=\"article:published_time\" content=\"2017-12-29T13:53:01+00:00\" \/>\n<meta property=\"article:modified_time\" content=\"2018-01-02T18:58:24+00:00\" \/>\n<meta property=\"og:image\" content=\"https:\/\/www.eldiariodetucuman.com\/web\/wp-content\/uploads\/2017\/12\/62bb198d7c0f2bfeb6a14280247521d8.jpeg\" \/>\n\t<meta property=\"og:image:width\" content=\"970\" \/>\n\t<meta property=\"og:image:height\" content=\"715\" \/>\n\t<meta property=\"og:image:type\" content=\"image\/jpeg\" \/>\n<meta name=\"author\" content=\"admin\" \/>\n<meta name=\"twitter:card\" content=\"summary_large_image\" \/>\n<meta name=\"twitter:label1\" content=\"Escrito por\" \/>\n\t<meta name=\"twitter:data1\" content=\"admin\" \/>\n\t<meta name=\"twitter:label2\" content=\"Tiempo de lectura\" \/>\n\t<meta name=\"twitter:data2\" content=\"2 minutos\" \/>\n<script type=\"application\/ld+json\" class=\"yoast-schema-graph\">{\"@context\":\"https:\\\/\\\/schema.org\",\"@graph\":[{\"@type\":\"Article\",\"@id\":\"https:\\\/\\\/www.eldiariodetucuman.com\\\/web\\\/neme-racing-team-esta-viaje\\\/#article\",\"isPartOf\":{\"@id\":\"https:\\\/\\\/www.eldiariodetucuman.com\\\/web\\\/neme-racing-team-esta-viaje\\\/\"},\"author\":{\"name\":\"admin\",\"@id\":\"https:\\\/\\\/www.eldiariodetucuman.com\\\/web\\\/#\\\/schema\\\/person\\\/9250197d75ab5483412e19678b121caa\"},\"headline\":\"El Neme Racing Team est\u00e1 de viaje\",\"datePublished\":\"2017-12-29T13:53:01+00:00\",\"dateModified\":\"2018-01-02T18:58:24+00:00\",\"mainEntityOfPage\":{\"@id\":\"https:\\\/\\\/www.eldiariodetucuman.com\\\/web\\\/neme-racing-team-esta-viaje\\\/\"},\"wordCount\":456,\"commentCount\":0,\"publisher\":{\"@id\":\"https:\\\/\\\/www.eldiariodetucuman.com\\\/web\\\/#organization\"},\"image\":{\"@id\":\"https:\\\/\\\/www.eldiariodetucuman.com\\\/web\\\/neme-racing-team-esta-viaje\\\/#primaryimage\"},\"thumbnailUrl\":\"https:\\\/\\\/www.eldiariodetucuman.com\\\/web\\\/wp-content\\\/uploads\\\/2017\\\/12\\\/62bb198d7c0f2bfeb6a14280247521d8.jpeg\",\"articleSection\":[\"Deporte\"],\"inLanguage\":\"es\",\"potentialAction\":[{\"@type\":\"CommentAction\",\"name\":\"Comment\",\"target\":[\"https:\\\/\\\/www.eldiariodetucuman.com\\\/web\\\/neme-racing-team-esta-viaje\\\/#respond\"]}]},{\"@type\":\"WebPage\",\"@id\":\"https:\\\/\\\/www.eldiariodetucuman.com\\\/web\\\/neme-racing-team-esta-viaje\\\/\",\"url\":\"https:\\\/\\\/www.eldiariodetucuman.com\\\/web\\\/neme-racing-team-esta-viaje\\\/\",\"name\":\"El Neme Racing Team est\u00e1 de viaje - El Diario de Tucuman\",\"isPartOf\":{\"@id\":\"https:\\\/\\\/www.eldiariodetucuman.com\\\/web\\\/#website\"},\"primaryImageOfPage\":{\"@id\":\"https:\\\/\\\/www.eldiariodetucuman.com\\\/web\\\/neme-racing-team-esta-viaje\\\/#primaryimage\"},\"image\":{\"@id\":\"https:\\\/\\\/www.eldiariodetucuman.com\\\/web\\\/neme-racing-team-esta-viaje\\\/#primaryimage\"},\"thumbnailUrl\":\"https:\\\/\\\/www.eldiariodetucuman.com\\\/web\\\/wp-content\\\/uploads\\\/2017\\\/12\\\/62bb198d7c0f2bfeb6a14280247521d8.jpeg\",\"datePublished\":\"2017-12-29T13:53:01+00:00\",\"dateModified\":\"2018-01-02T18:58:24+00:00\",\"breadcrumb\":{\"@id\":\"https:\\\/\\\/www.eldiariodetucuman.com\\\/web\\\/neme-racing-team-esta-viaje\\\/#breadcrumb\"},\"inLanguage\":\"es\",\"potentialAction\":[{\"@type\":\"ReadAction\",\"target\":[\"https:\\\/\\\/www.eldiariodetucuman.com\\\/web\\\/neme-racing-team-esta-viaje\\\/\"]}]},{\"@type\":\"ImageObject\",\"inLanguage\":\"es\",\"@id\":\"https:\\\/\\\/www.eldiariodetucuman.com\\\/web\\\/neme-racing-team-esta-viaje\\\/#primaryimage\",\"url\":\"https:\\\/\\\/www.eldiariodetucuman.com\\\/web\\\/wp-content\\\/uploads\\\/2017\\\/12\\\/62bb198d7c0f2bfeb6a14280247521d8.jpeg\",\"contentUrl\":\"https:\\\/\\\/www.eldiariodetucuman.com\\\/web\\\/wp-content\\\/uploads\\\/2017\\\/12\\\/62bb198d7c0f2bfeb6a14280247521d8.jpeg\",\"width\":970,\"height\":715},{\"@type\":\"BreadcrumbList\",\"@id\":\"https:\\\/\\\/www.eldiariodetucuman.com\\\/web\\\/neme-racing-team-esta-viaje\\\/#breadcrumb\",\"itemListElement\":[{\"@type\":\"ListItem\",\"position\":1,\"name\":\"Portada\",\"item\":\"https:\\\/\\\/www.eldiariodetucuman.com\\\/web\\\/\"},{\"@type\":\"ListItem\",\"position\":2,\"name\":\"El Neme Racing Team est\u00e1 de viaje\"}]},{\"@type\":\"WebSite\",\"@id\":\"https:\\\/\\\/www.eldiariodetucuman.com\\\/web\\\/#website\",\"url\":\"https:\\\/\\\/www.eldiariodetucuman.com\\\/web\\\/\",\"name\":\"El Diario de Tucuman\",\"description\":\"Diario Tucuman - Informaci\u00f3n y noticias\",\"publisher\":{\"@id\":\"https:\\\/\\\/www.eldiariodetucuman.com\\\/web\\\/#organization\"},\"potentialAction\":[{\"@type\":\"SearchAction\",\"target\":{\"@type\":\"EntryPoint\",\"urlTemplate\":\"https:\\\/\\\/www.eldiariodetucuman.com\\\/web\\\/?s={search_term_string}\"},\"query-input\":{\"@type\":\"PropertyValueSpecification\",\"valueRequired\":true,\"valueName\":\"search_term_string\"}}],\"inLanguage\":\"es\"},{\"@type\":\"Organization\",\"@id\":\"https:\\\/\\\/www.eldiariodetucuman.com\\\/web\\\/#organization\",\"name\":\"El Diario de Tucuman\",\"url\":\"https:\\\/\\\/www.eldiariodetucuman.com\\\/web\\\/\",\"logo\":{\"@type\":\"ImageObject\",\"inLanguage\":\"es\",\"@id\":\"https:\\\/\\\/www.eldiariodetucuman.com\\\/web\\\/#\\\/schema\\\/logo\\\/image\\\/\",\"url\":\"http:\\\/\\\/www.eldiariodetucuman.com\\\/web\\\/wp-content\\\/uploads\\\/2017\\\/12\\\/el-diario-de-tucuman.jpg\",\"contentUrl\":\"http:\\\/\\\/www.eldiariodetucuman.com\\\/web\\\/wp-content\\\/uploads\\\/2017\\\/12\\\/el-diario-de-tucuman.jpg\",\"width\":272,\"height\":92,\"caption\":\"El Diario de Tucuman\"},\"image\":{\"@id\":\"https:\\\/\\\/www.eldiariodetucuman.com\\\/web\\\/#\\\/schema\\\/logo\\\/image\\\/\"}},{\"@type\":\"Person\",\"@id\":\"https:\\\/\\\/www.eldiariodetucuman.com\\\/web\\\/#\\\/schema\\\/person\\\/9250197d75ab5483412e19678b121caa\",\"name\":\"admin\",\"image\":{\"@type\":\"ImageObject\",\"inLanguage\":\"es\",\"@id\":\"https:\\\/\\\/secure.gravatar.com\\\/avatar\\\/c44d117c2be811212c22cb481f6b8384b6873de103fbc49e7a03cc58d7dea4ac?s=96&d=mm&r=g\",\"url\":\"https:\\\/\\\/secure.gravatar.com\\\/avatar\\\/c44d117c2be811212c22cb481f6b8384b6873de103fbc49e7a03cc58d7dea4ac?s=96&d=mm&r=g\",\"contentUrl\":\"https:\\\/\\\/secure.gravatar.com\\\/avatar\\\/c44d117c2be811212c22cb481f6b8384b6873de103fbc49e7a03cc58d7dea4ac?s=96&d=mm&r=g\",\"caption\":\"admin\"},\"url\":\"https:\\\/\\\/www.eldiariodetucuman.com\\\/web\\\/author\\\/admin\\\/\"}]}<\/script>\n<!-- \/ Yoast SEO plugin. -->","yoast_head_json":{"title":"El Neme Racing Team est\u00e1 de viaje - El Diario de Tucuman","robots":{"index":"index","follow":"follow","max-snippet":"max-snippet:-1","max-image-preview":"max-image-preview:large","max-video-preview":"max-video-preview:-1"},"canonical":"https:\/\/www.eldiariodetucuman.com\/web\/neme-racing-team-esta-viaje\/","og_locale":"es_ES","og_type":"article","og_title":"El Neme Racing Team est\u00e1 de viaje - El Diario de Tucuman","og_description":"La avanzada del Neme Racing Team ya est\u00e1 en viaje a Lima (en la foto, la Toyota SW4 montada en un cami\u00f3n mosquito); llegar\u00e1 entre el 1 y el 2 de enero. El piloto, Ricardo Neme, se va por avi\u00f3n, el d\u00eda 3. La avanzada del Neme Racing Team ya est\u00e1 en viaje a Lima [&hellip;]","og_url":"https:\/\/www.eldiariodetucuman.com\/web\/neme-racing-team-esta-viaje\/","og_site_name":"El Diario de Tucuman","article_published_time":"2017-12-29T13:53:01+00:00","article_modified_time":"2018-01-02T18:58:24+00:00","og_image":[{"width":970,"height":715,"url":"https:\/\/www.eldiariodetucuman.com\/web\/wp-content\/uploads\/2017\/12\/62bb198d7c0f2bfeb6a14280247521d8.jpeg","type":"image\/jpeg"}],"author":"admin","twitter_card":"summary_large_image","twitter_misc":{"Escrito por":"admin","Tiempo de lectura":"2 minutos"},"schema":{"@context":"https:\/\/schema.org","@graph":[{"@type":"Article","@id":"https:\/\/www.eldiariodetucuman.com\/web\/neme-racing-team-esta-viaje\/#article","isPartOf":{"@id":"https:\/\/www.eldiariodetucuman.com\/web\/neme-racing-team-esta-viaje\/"},"author":{"name":"admin","@id":"https:\/\/www.eldiariodetucuman.com\/web\/#\/schema\/person\/9250197d75ab5483412e19678b121caa"},"headline":"El Neme Racing Team est\u00e1 de viaje","datePublished":"2017-12-29T13:53:01+00:00","dateModified":"2018-01-02T18:58:24+00:00","mainEntityOfPage":{"@id":"https:\/\/www.eldiariodetucuman.com\/web\/neme-racing-team-esta-viaje\/"},"wordCount":456,"commentCount":0,"publisher":{"@id":"https:\/\/www.eldiariodetucuman.com\/web\/#organization"},"image":{"@id":"https:\/\/www.eldiariodetucuman.com\/web\/neme-racing-team-esta-viaje\/#primaryimage"},"thumbnailUrl":"https:\/\/www.eldiariodetucuman.com\/web\/wp-content\/uploads\/2017\/12\/62bb198d7c0f2bfeb6a14280247521d8.jpeg","articleSection":["Deporte"],"inLanguage":"es","potentialAction":[{"@type":"CommentAction","name":"Comment","target":["https:\/\/www.eldiariodetucuman.com\/web\/neme-racing-team-esta-viaje\/#respond"]}]},{"@type":"WebPage","@id":"https:\/\/www.eldiariodetucuman.com\/web\/neme-racing-team-esta-viaje\/","url":"https:\/\/www.eldiariodetucuman.com\/web\/neme-racing-team-esta-viaje\/","name":"El Neme Racing Team est\u00e1 de viaje - El Diario de Tucuman","isPartOf":{"@id":"https:\/\/www.eldiariodetucuman.com\/web\/#website"},"primaryImageOfPage":{"@id":"https:\/\/www.eldiariodetucuman.com\/web\/neme-racing-team-esta-viaje\/#primaryimage"},"image":{"@id":"https:\/\/www.eldiariodetucuman.com\/web\/neme-racing-team-esta-viaje\/#primaryimage"},"thumbnailUrl":"https:\/\/www.eldiariodetucuman.com\/web\/wp-content\/uploads\/2017\/12\/62bb198d7c0f2bfeb6a14280247521d8.jpeg","datePublished":"2017-12-29T13:53:01+00:00","dateModified":"2018-01-02T18:58:24+00:00","breadcrumb":{"@id":"https:\/\/www.eldiariodetucuman.com\/web\/neme-racing-team-esta-viaje\/#breadcrumb"},"inLanguage":"es","potentialAction":[{"@type":"ReadAction","target":["https:\/\/www.eldiariodetucuman.com\/web\/neme-racing-team-esta-viaje\/"]}]},{"@type":"ImageObject","inLanguage":"es","@id":"https:\/\/www.eldiariodetucuman.com\/web\/neme-racing-team-esta-viaje\/#primaryimage","url":"https:\/\/www.eldiariodetucuman.com\/web\/wp-content\/uploads\/2017\/12\/62bb198d7c0f2bfeb6a14280247521d8.jpeg","contentUrl":"https:\/\/www.eldiariodetucuman.com\/web\/wp-content\/uploads\/2017\/12\/62bb198d7c0f2bfeb6a14280247521d8.jpeg","width":970,"height":715},{"@type":"BreadcrumbList","@id":"https:\/\/www.eldiariodetucuman.com\/web\/neme-racing-team-esta-viaje\/#breadcrumb","itemListElement":[{"@type":"ListItem","position":1,"name":"Portada","item":"https:\/\/www.eldiariodetucuman.com\/web\/"},{"@type":"ListItem","position":2,"name":"El Neme Racing Team est\u00e1 de viaje"}]},{"@type":"WebSite","@id":"https:\/\/www.eldiariodetucuman.com\/web\/#website","url":"https:\/\/www.eldiariodetucuman.com\/web\/","name":"El Diario de Tucuman","description":"Diario Tucuman - Informaci\u00f3n y noticias","publisher":{"@id":"https:\/\/www.eldiariodetucuman.com\/web\/#organization"},"potentialAction":[{"@type":"SearchAction","target":{"@type":"EntryPoint","urlTemplate":"https:\/\/www.eldiariodetucuman.com\/web\/?s={search_term_string}"},"query-input":{"@type":"PropertyValueSpecification","valueRequired":true,"valueName":"search_term_string"}}],"inLanguage":"es"},{"@type":"Organization","@id":"https:\/\/www.eldiariodetucuman.com\/web\/#organization","name":"El Diario de Tucuman","url":"https:\/\/www.eldiariodetucuman.com\/web\/","logo":{"@type":"ImageObject","inLanguage":"es","@id":"https:\/\/www.eldiariodetucuman.com\/web\/#\/schema\/logo\/image\/","url":"http:\/\/www.eldiariodetucuman.com\/web\/wp-content\/uploads\/2017\/12\/el-diario-de-tucuman.jpg","contentUrl":"http:\/\/www.eldiariodetucuman.com\/web\/wp-content\/uploads\/2017\/12\/el-diario-de-tucuman.jpg","width":272,"height":92,"caption":"El Diario de Tucuman"},"image":{"@id":"https:\/\/www.eldiariodetucuman.com\/web\/#\/schema\/logo\/image\/"}},{"@type":"Person","@id":"https:\/\/www.eldiariodetucuman.com\/web\/#\/schema\/person\/9250197d75ab5483412e19678b121caa","name":"admin","image":{"@type":"ImageObject","inLanguage":"es","@id":"https:\/\/secure.gravatar.com\/avatar\/c44d117c2be811212c22cb481f6b8384b6873de103fbc49e7a03cc58d7dea4ac?s=96&d=mm&r=g","url":"https:\/\/secure.gravatar.com\/avatar\/c44d117c2be811212c22cb481f6b8384b6873de103fbc49e7a03cc58d7dea4ac?s=96&d=mm&r=g","contentUrl":"https:\/\/secure.gravatar.com\/avatar\/c44d117c2be811212c22cb481f6b8384b6873de103fbc49e7a03cc58d7dea4ac?s=96&d=mm&r=g","caption":"admin"},"url":"https:\/\/www.eldiariodetucuman.com\/web\/author\/admin\/"}]}},"_links":{"self":[{"href":"https:\/\/www.eldiariodetucuman.com\/web\/wp-json\/wp\/v2\/posts\/4354","targetHints":{"allow":["GET"]}}],"collection":[{"href":"https:\/\/www.eldiariodetucuman.com\/web\/wp-json\/wp\/v2\/posts"}],"about":[{"href":"https:\/\/www.eldiariodetucuman.com\/web\/wp-json\/wp\/v2\/types\/post"}],"author":[{"embeddable":true,"href":"https:\/\/www.eldiariodetucuman.com\/web\/wp-json\/wp\/v2\/users\/1"}],"replies":[{"embeddable":true,"href":"https:\/\/www.eldiariodetucuman.com\/web\/wp-json\/wp\/v2\/comments?post=4354"}],"version-history":[{"count":1,"href":"https:\/\/www.eldiariodetucuman.com\/web\/wp-json\/wp\/v2\/posts\/4354\/revisions"}],"predecessor-version":[{"id":4435,"href":"https:\/\/www.eldiariodetucuman.com\/web\/wp-json\/wp\/v2\/posts\/4354\/revisions\/4435"}],"wp:featuredmedia":[{"embeddable":true,"href":"https:\/\/www.eldiariodetucuman.com\/web\/wp-json\/wp\/v2\/media\/4355"}],"wp:attachment":[{"href":"https:\/\/www.eldiariodetucuman.com\/web\/wp-json\/wp\/v2\/media?parent=4354"}],"wp:term":[{"taxonomy":"category","embeddable":true,"href":"https:\/\/www.eldiariodetucuman.com\/web\/wp-json\/wp\/v2\/categories?post=4354"},{"taxonomy":"post_tag","embeddable":true,"href":"https:\/\/www.eldiariodetucuman.com\/web\/wp-json\/wp\/v2\/tags?post=4354"}],"curies":[{"name":"wp","href":"https:\/\/api.w.org\/{rel}","templated":true}]}}