{"id":4348,"date":"2017-12-28T11:24:44","date_gmt":"2017-12-28T14:24:44","guid":{"rendered":"http:\/\/www.eldiariodetucuman.com\/web\/?p=4348"},"modified":"2018-01-02T15:57:48","modified_gmt":"2018-01-02T18:57:48","slug":"yedlin-resalto-la-provincia-esta-ordenada-no-deudas","status":"publish","type":"post","link":"https:\/\/www.eldiariodetucuman.com\/web\/yedlin-resalto-la-provincia-esta-ordenada-no-deudas\/","title":{"rendered":"Yedlin resalt\u00f3 que la Provincia est\u00e1 ordenada y no tiene deudas"},"content":{"rendered":"<div>\n<div readability=\"48.777020447907\">\n<p>El diputado nacional por Tucum\u00e1n, <strong>Pablo Yedlin<\/strong>, asumi\u00f3 recientemente en su banca. Pero a lo largo de los dos a\u00f1os de la gesti\u00f3n del gobernador <strong>Juan Manzur<\/strong>, se desempe\u00f1\u00f3 como secretario General de la Gobernaci\u00f3n. En este marco realiz\u00f3 un balance de a\u00f1o.<\/p>\n<blockquote readability=\"12\">\n<p>Terminamos un a\u00f1o dif\u00edcil, donde los argentinos pasamos muchas zozobras, con tarifas e inflaci\u00f3n alta, pero donde Tucum\u00e1n logr\u00f3 sostener los salarios y pagar aguinaldos\u201d, coment\u00f3 Yedlin y agreg\u00f3 que \u201ca todo esto se suma que continuamos invirtiendo en salud y logramos superar los 180 d\u00edas de clases\u201d.<\/p>\n<\/blockquote>\n<p>El parlamentario, tambi\u00e9n dijo que \u201cfue un a\u00f1o de elecciones en donde los tucumanos nos brindaron su apoyo en las urnas\u201d. En este sentido, resalt\u00f3 que \u201cla Provincia no est\u00e1 endeudada, incluso en el Congreso logramos que se d\u00e9 marcha atr\u00e1s con iniciativas que iban a afectar a la industria azucareras\u201d. Tambi\u00e9n \u201clogramos que el a\u00f1o que viene se aumenten las obras p\u00fablicas y mayores partidas para la UNT\u201d.<\/p>\n<\/div>\n<\/div>\n","protected":false},"excerpt":{"rendered":"<p>El diputado nacional por Tucum\u00e1n, Pablo Yedlin, asumi\u00f3 recientemente en su banca. Pero a lo largo de los dos a\u00f1os de la gesti\u00f3n del gobernador Juan Manzur, se desempe\u00f1\u00f3 como secretario General de la Gobernaci\u00f3n. En este marco realiz\u00f3 un balance de a\u00f1o. Terminamos un a\u00f1o dif\u00edcil, donde los argentinos pasamos muchas zozobras, con tarifas [&hellip;]<\/p>\n","protected":false},"author":1,"featured_media":4349,"comment_status":"open","ping_status":"closed","sticky":false,"template":"","format":"standard","meta":{"footnotes":""},"categories":[3],"tags":[],"class_list":{"0":"post-4348","1":"post","2":"type-post","3":"status-publish","4":"format-standard","5":"has-post-thumbnail","7":"category-politica"},"yoast_head":"<!-- This site is optimized with the Yoast SEO plugin v27.4 - https:\/\/yoast.com\/product\/yoast-seo-wordpress\/ -->\n<title>Yedlin resalt\u00f3 que la Provincia est\u00e1 ordenada y no tiene deudas - El Diario de Tucuman<\/title>\n<meta name=\"robots\" content=\"index, follow, max-snippet:-1, max-image-preview:large, max-video-preview:-1\" \/>\n<link rel=\"canonical\" href=\"https:\/\/www.eldiariodetucuman.com\/web\/yedlin-resalto-la-provincia-esta-ordenada-no-deudas\/\" \/>\n<meta property=\"og:locale\" content=\"es_ES\" \/>\n<meta property=\"og:type\" content=\"article\" \/>\n<meta property=\"og:title\" content=\"Yedlin resalt\u00f3 que la Provincia est\u00e1 ordenada y no tiene deudas - El Diario de Tucuman\" \/>\n<meta property=\"og:description\" content=\"El diputado nacional por Tucum\u00e1n, Pablo Yedlin, asumi\u00f3 recientemente en su banca. Pero a lo largo de los dos a\u00f1os de la gesti\u00f3n del gobernador Juan Manzur, se desempe\u00f1\u00f3 como secretario General de la Gobernaci\u00f3n. En este marco realiz\u00f3 un balance de a\u00f1o. Terminamos un a\u00f1o dif\u00edcil, donde los argentinos pasamos muchas zozobras, con tarifas [&hellip;]\" \/>\n<meta property=\"og:url\" content=\"https:\/\/www.eldiariodetucuman.com\/web\/yedlin-resalto-la-provincia-esta-ordenada-no-deudas\/\" \/>\n<meta property=\"og:site_name\" content=\"El Diario de Tucuman\" \/>\n<meta property=\"article:published_time\" content=\"2017-12-28T14:24:44+00:00\" \/>\n<meta property=\"article:modified_time\" content=\"2018-01-02T18:57:48+00:00\" \/>\n<meta property=\"og:image\" content=\"https:\/\/www.eldiariodetucuman.com\/web\/wp-content\/uploads\/2017\/12\/16cc082ac7b4249a5bc14cfb956ceeef.jpeg\" \/>\n\t<meta property=\"og:image:width\" content=\"750\" \/>\n\t<meta property=\"og:image:height\" content=\"416\" \/>\n\t<meta property=\"og:image:type\" content=\"image\/jpeg\" \/>\n<meta name=\"author\" content=\"admin\" \/>\n<meta name=\"twitter:card\" content=\"summary_large_image\" \/>\n<meta name=\"twitter:label1\" content=\"Escrito por\" \/>\n\t<meta name=\"twitter:data1\" content=\"admin\" \/>\n\t<meta name=\"twitter:label2\" content=\"Tiempo de lectura\" \/>\n\t<meta name=\"twitter:data2\" content=\"1 minuto\" \/>\n<script type=\"application\/ld+json\" class=\"yoast-schema-graph\">{\"@context\":\"https:\\\/\\\/schema.org\",\"@graph\":[{\"@type\":\"Article\",\"@id\":\"https:\\\/\\\/www.eldiariodetucuman.com\\\/web\\\/yedlin-resalto-la-provincia-esta-ordenada-no-deudas\\\/#article\",\"isPartOf\":{\"@id\":\"https:\\\/\\\/www.eldiariodetucuman.com\\\/web\\\/yedlin-resalto-la-provincia-esta-ordenada-no-deudas\\\/\"},\"author\":{\"name\":\"admin\",\"@id\":\"https:\\\/\\\/www.eldiariodetucuman.com\\\/web\\\/#\\\/schema\\\/person\\\/9250197d75ab5483412e19678b121caa\"},\"headline\":\"Yedlin resalt\u00f3 que la Provincia est\u00e1 ordenada y no tiene deudas\",\"datePublished\":\"2017-12-28T14:24:44+00:00\",\"dateModified\":\"2018-01-02T18:57:48+00:00\",\"mainEntityOfPage\":{\"@id\":\"https:\\\/\\\/www.eldiariodetucuman.com\\\/web\\\/yedlin-resalto-la-provincia-esta-ordenada-no-deudas\\\/\"},\"wordCount\":186,\"commentCount\":0,\"publisher\":{\"@id\":\"https:\\\/\\\/www.eldiariodetucuman.com\\\/web\\\/#organization\"},\"image\":{\"@id\":\"https:\\\/\\\/www.eldiariodetucuman.com\\\/web\\\/yedlin-resalto-la-provincia-esta-ordenada-no-deudas\\\/#primaryimage\"},\"thumbnailUrl\":\"https:\\\/\\\/www.eldiariodetucuman.com\\\/web\\\/wp-content\\\/uploads\\\/2017\\\/12\\\/16cc082ac7b4249a5bc14cfb956ceeef.jpeg\",\"articleSection\":[\"Politica\"],\"inLanguage\":\"es\",\"potentialAction\":[{\"@type\":\"CommentAction\",\"name\":\"Comment\",\"target\":[\"https:\\\/\\\/www.eldiariodetucuman.com\\\/web\\\/yedlin-resalto-la-provincia-esta-ordenada-no-deudas\\\/#respond\"]}]},{\"@type\":\"WebPage\",\"@id\":\"https:\\\/\\\/www.eldiariodetucuman.com\\\/web\\\/yedlin-resalto-la-provincia-esta-ordenada-no-deudas\\\/\",\"url\":\"https:\\\/\\\/www.eldiariodetucuman.com\\\/web\\\/yedlin-resalto-la-provincia-esta-ordenada-no-deudas\\\/\",\"name\":\"Yedlin resalt\u00f3 que la Provincia est\u00e1 ordenada y no tiene deudas - El Diario de Tucuman\",\"isPartOf\":{\"@id\":\"https:\\\/\\\/www.eldiariodetucuman.com\\\/web\\\/#website\"},\"primaryImageOfPage\":{\"@id\":\"https:\\\/\\\/www.eldiariodetucuman.com\\\/web\\\/yedlin-resalto-la-provincia-esta-ordenada-no-deudas\\\/#primaryimage\"},\"image\":{\"@id\":\"https:\\\/\\\/www.eldiariodetucuman.com\\\/web\\\/yedlin-resalto-la-provincia-esta-ordenada-no-deudas\\\/#primaryimage\"},\"thumbnailUrl\":\"https:\\\/\\\/www.eldiariodetucuman.com\\\/web\\\/wp-content\\\/uploads\\\/2017\\\/12\\\/16cc082ac7b4249a5bc14cfb956ceeef.jpeg\",\"datePublished\":\"2017-12-28T14:24:44+00:00\",\"dateModified\":\"2018-01-02T18:57:48+00:00\",\"breadcrumb\":{\"@id\":\"https:\\\/\\\/www.eldiariodetucuman.com\\\/web\\\/yedlin-resalto-la-provincia-esta-ordenada-no-deudas\\\/#breadcrumb\"},\"inLanguage\":\"es\",\"potentialAction\":[{\"@type\":\"ReadAction\",\"target\":[\"https:\\\/\\\/www.eldiariodetucuman.com\\\/web\\\/yedlin-resalto-la-provincia-esta-ordenada-no-deudas\\\/\"]}]},{\"@type\":\"ImageObject\",\"inLanguage\":\"es\",\"@id\":\"https:\\\/\\\/www.eldiariodetucuman.com\\\/web\\\/yedlin-resalto-la-provincia-esta-ordenada-no-deudas\\\/#primaryimage\",\"url\":\"https:\\\/\\\/www.eldiariodetucuman.com\\\/web\\\/wp-content\\\/uploads\\\/2017\\\/12\\\/16cc082ac7b4249a5bc14cfb956ceeef.jpeg\",\"contentUrl\":\"https:\\\/\\\/www.eldiariodetucuman.com\\\/web\\\/wp-content\\\/uploads\\\/2017\\\/12\\\/16cc082ac7b4249a5bc14cfb956ceeef.jpeg\",\"width\":750,\"height\":416},{\"@type\":\"BreadcrumbList\",\"@id\":\"https:\\\/\\\/www.eldiariodetucuman.com\\\/web\\\/yedlin-resalto-la-provincia-esta-ordenada-no-deudas\\\/#breadcrumb\",\"itemListElement\":[{\"@type\":\"ListItem\",\"position\":1,\"name\":\"Portada\",\"item\":\"https:\\\/\\\/www.eldiariodetucuman.com\\\/web\\\/\"},{\"@type\":\"ListItem\",\"position\":2,\"name\":\"Yedlin resalt\u00f3 que la Provincia est\u00e1 ordenada y no tiene deudas\"}]},{\"@type\":\"WebSite\",\"@id\":\"https:\\\/\\\/www.eldiariodetucuman.com\\\/web\\\/#website\",\"url\":\"https:\\\/\\\/www.eldiariodetucuman.com\\\/web\\\/\",\"name\":\"El Diario de Tucuman\",\"description\":\"Diario Tucuman - Informaci\u00f3n y noticias\",\"publisher\":{\"@id\":\"https:\\\/\\\/www.eldiariodetucuman.com\\\/web\\\/#organization\"},\"potentialAction\":[{\"@type\":\"SearchAction\",\"target\":{\"@type\":\"EntryPoint\",\"urlTemplate\":\"https:\\\/\\\/www.eldiariodetucuman.com\\\/web\\\/?s={search_term_string}\"},\"query-input\":{\"@type\":\"PropertyValueSpecification\",\"valueRequired\":true,\"valueName\":\"search_term_string\"}}],\"inLanguage\":\"es\"},{\"@type\":\"Organization\",\"@id\":\"https:\\\/\\\/www.eldiariodetucuman.com\\\/web\\\/#organization\",\"name\":\"El Diario de Tucuman\",\"url\":\"https:\\\/\\\/www.eldiariodetucuman.com\\\/web\\\/\",\"logo\":{\"@type\":\"ImageObject\",\"inLanguage\":\"es\",\"@id\":\"https:\\\/\\\/www.eldiariodetucuman.com\\\/web\\\/#\\\/schema\\\/logo\\\/image\\\/\",\"url\":\"http:\\\/\\\/www.eldiariodetucuman.com\\\/web\\\/wp-content\\\/uploads\\\/2017\\\/12\\\/el-diario-de-tucuman.jpg\",\"contentUrl\":\"http:\\\/\\\/www.eldiariodetucuman.com\\\/web\\\/wp-content\\\/uploads\\\/2017\\\/12\\\/el-diario-de-tucuman.jpg\",\"width\":272,\"height\":92,\"caption\":\"El Diario de Tucuman\"},\"image\":{\"@id\":\"https:\\\/\\\/www.eldiariodetucuman.com\\\/web\\\/#\\\/schema\\\/logo\\\/image\\\/\"}},{\"@type\":\"Person\",\"@id\":\"https:\\\/\\\/www.eldiariodetucuman.com\\\/web\\\/#\\\/schema\\\/person\\\/9250197d75ab5483412e19678b121caa\",\"name\":\"admin\",\"image\":{\"@type\":\"ImageObject\",\"inLanguage\":\"es\",\"@id\":\"https:\\\/\\\/secure.gravatar.com\\\/avatar\\\/c44d117c2be811212c22cb481f6b8384b6873de103fbc49e7a03cc58d7dea4ac?s=96&d=mm&r=g\",\"url\":\"https:\\\/\\\/secure.gravatar.com\\\/avatar\\\/c44d117c2be811212c22cb481f6b8384b6873de103fbc49e7a03cc58d7dea4ac?s=96&d=mm&r=g\",\"contentUrl\":\"https:\\\/\\\/secure.gravatar.com\\\/avatar\\\/c44d117c2be811212c22cb481f6b8384b6873de103fbc49e7a03cc58d7dea4ac?s=96&d=mm&r=g\",\"caption\":\"admin\"},\"url\":\"https:\\\/\\\/www.eldiariodetucuman.com\\\/web\\\/author\\\/admin\\\/\"}]}<\/script>\n<!-- \/ Yoast SEO plugin. -->","yoast_head_json":{"title":"Yedlin resalt\u00f3 que la Provincia est\u00e1 ordenada y no tiene deudas - El Diario de Tucuman","robots":{"index":"index","follow":"follow","max-snippet":"max-snippet:-1","max-image-preview":"max-image-preview:large","max-video-preview":"max-video-preview:-1"},"canonical":"https:\/\/www.eldiariodetucuman.com\/web\/yedlin-resalto-la-provincia-esta-ordenada-no-deudas\/","og_locale":"es_ES","og_type":"article","og_title":"Yedlin resalt\u00f3 que la Provincia est\u00e1 ordenada y no tiene deudas - El Diario de Tucuman","og_description":"El diputado nacional por Tucum\u00e1n, Pablo Yedlin, asumi\u00f3 recientemente en su banca. Pero a lo largo de los dos a\u00f1os de la gesti\u00f3n del gobernador Juan Manzur, se desempe\u00f1\u00f3 como secretario General de la Gobernaci\u00f3n. En este marco realiz\u00f3 un balance de a\u00f1o. Terminamos un a\u00f1o dif\u00edcil, donde los argentinos pasamos muchas zozobras, con tarifas [&hellip;]","og_url":"https:\/\/www.eldiariodetucuman.com\/web\/yedlin-resalto-la-provincia-esta-ordenada-no-deudas\/","og_site_name":"El Diario de Tucuman","article_published_time":"2017-12-28T14:24:44+00:00","article_modified_time":"2018-01-02T18:57:48+00:00","og_image":[{"width":750,"height":416,"url":"https:\/\/www.eldiariodetucuman.com\/web\/wp-content\/uploads\/2017\/12\/16cc082ac7b4249a5bc14cfb956ceeef.jpeg","type":"image\/jpeg"}],"author":"admin","twitter_card":"summary_large_image","twitter_misc":{"Escrito por":"admin","Tiempo de lectura":"1 minuto"},"schema":{"@context":"https:\/\/schema.org","@graph":[{"@type":"Article","@id":"https:\/\/www.eldiariodetucuman.com\/web\/yedlin-resalto-la-provincia-esta-ordenada-no-deudas\/#article","isPartOf":{"@id":"https:\/\/www.eldiariodetucuman.com\/web\/yedlin-resalto-la-provincia-esta-ordenada-no-deudas\/"},"author":{"name":"admin","@id":"https:\/\/www.eldiariodetucuman.com\/web\/#\/schema\/person\/9250197d75ab5483412e19678b121caa"},"headline":"Yedlin resalt\u00f3 que la Provincia est\u00e1 ordenada y no tiene deudas","datePublished":"2017-12-28T14:24:44+00:00","dateModified":"2018-01-02T18:57:48+00:00","mainEntityOfPage":{"@id":"https:\/\/www.eldiariodetucuman.com\/web\/yedlin-resalto-la-provincia-esta-ordenada-no-deudas\/"},"wordCount":186,"commentCount":0,"publisher":{"@id":"https:\/\/www.eldiariodetucuman.com\/web\/#organization"},"image":{"@id":"https:\/\/www.eldiariodetucuman.com\/web\/yedlin-resalto-la-provincia-esta-ordenada-no-deudas\/#primaryimage"},"thumbnailUrl":"https:\/\/www.eldiariodetucuman.com\/web\/wp-content\/uploads\/2017\/12\/16cc082ac7b4249a5bc14cfb956ceeef.jpeg","articleSection":["Politica"],"inLanguage":"es","potentialAction":[{"@type":"CommentAction","name":"Comment","target":["https:\/\/www.eldiariodetucuman.com\/web\/yedlin-resalto-la-provincia-esta-ordenada-no-deudas\/#respond"]}]},{"@type":"WebPage","@id":"https:\/\/www.eldiariodetucuman.com\/web\/yedlin-resalto-la-provincia-esta-ordenada-no-deudas\/","url":"https:\/\/www.eldiariodetucuman.com\/web\/yedlin-resalto-la-provincia-esta-ordenada-no-deudas\/","name":"Yedlin resalt\u00f3 que la Provincia est\u00e1 ordenada y no tiene deudas - El Diario de Tucuman","isPartOf":{"@id":"https:\/\/www.eldiariodetucuman.com\/web\/#website"},"primaryImageOfPage":{"@id":"https:\/\/www.eldiariodetucuman.com\/web\/yedlin-resalto-la-provincia-esta-ordenada-no-deudas\/#primaryimage"},"image":{"@id":"https:\/\/www.eldiariodetucuman.com\/web\/yedlin-resalto-la-provincia-esta-ordenada-no-deudas\/#primaryimage"},"thumbnailUrl":"https:\/\/www.eldiariodetucuman.com\/web\/wp-content\/uploads\/2017\/12\/16cc082ac7b4249a5bc14cfb956ceeef.jpeg","datePublished":"2017-12-28T14:24:44+00:00","dateModified":"2018-01-02T18:57:48+00:00","breadcrumb":{"@id":"https:\/\/www.eldiariodetucuman.com\/web\/yedlin-resalto-la-provincia-esta-ordenada-no-deudas\/#breadcrumb"},"inLanguage":"es","potentialAction":[{"@type":"ReadAction","target":["https:\/\/www.eldiariodetucuman.com\/web\/yedlin-resalto-la-provincia-esta-ordenada-no-deudas\/"]}]},{"@type":"ImageObject","inLanguage":"es","@id":"https:\/\/www.eldiariodetucuman.com\/web\/yedlin-resalto-la-provincia-esta-ordenada-no-deudas\/#primaryimage","url":"https:\/\/www.eldiariodetucuman.com\/web\/wp-content\/uploads\/2017\/12\/16cc082ac7b4249a5bc14cfb956ceeef.jpeg","contentUrl":"https:\/\/www.eldiariodetucuman.com\/web\/wp-content\/uploads\/2017\/12\/16cc082ac7b4249a5bc14cfb956ceeef.jpeg","width":750,"height":416},{"@type":"BreadcrumbList","@id":"https:\/\/www.eldiariodetucuman.com\/web\/yedlin-resalto-la-provincia-esta-ordenada-no-deudas\/#breadcrumb","itemListElement":[{"@type":"ListItem","position":1,"name":"Portada","item":"https:\/\/www.eldiariodetucuman.com\/web\/"},{"@type":"ListItem","position":2,"name":"Yedlin resalt\u00f3 que la Provincia est\u00e1 ordenada y no tiene deudas"}]},{"@type":"WebSite","@id":"https:\/\/www.eldiariodetucuman.com\/web\/#website","url":"https:\/\/www.eldiariodetucuman.com\/web\/","name":"El Diario de Tucuman","description":"Diario Tucuman - Informaci\u00f3n y noticias","publisher":{"@id":"https:\/\/www.eldiariodetucuman.com\/web\/#organization"},"potentialAction":[{"@type":"SearchAction","target":{"@type":"EntryPoint","urlTemplate":"https:\/\/www.eldiariodetucuman.com\/web\/?s={search_term_string}"},"query-input":{"@type":"PropertyValueSpecification","valueRequired":true,"valueName":"search_term_string"}}],"inLanguage":"es"},{"@type":"Organization","@id":"https:\/\/www.eldiariodetucuman.com\/web\/#organization","name":"El Diario de Tucuman","url":"https:\/\/www.eldiariodetucuman.com\/web\/","logo":{"@type":"ImageObject","inLanguage":"es","@id":"https:\/\/www.eldiariodetucuman.com\/web\/#\/schema\/logo\/image\/","url":"http:\/\/www.eldiariodetucuman.com\/web\/wp-content\/uploads\/2017\/12\/el-diario-de-tucuman.jpg","contentUrl":"http:\/\/www.eldiariodetucuman.com\/web\/wp-content\/uploads\/2017\/12\/el-diario-de-tucuman.jpg","width":272,"height":92,"caption":"El Diario de Tucuman"},"image":{"@id":"https:\/\/www.eldiariodetucuman.com\/web\/#\/schema\/logo\/image\/"}},{"@type":"Person","@id":"https:\/\/www.eldiariodetucuman.com\/web\/#\/schema\/person\/9250197d75ab5483412e19678b121caa","name":"admin","image":{"@type":"ImageObject","inLanguage":"es","@id":"https:\/\/secure.gravatar.com\/avatar\/c44d117c2be811212c22cb481f6b8384b6873de103fbc49e7a03cc58d7dea4ac?s=96&d=mm&r=g","url":"https:\/\/secure.gravatar.com\/avatar\/c44d117c2be811212c22cb481f6b8384b6873de103fbc49e7a03cc58d7dea4ac?s=96&d=mm&r=g","contentUrl":"https:\/\/secure.gravatar.com\/avatar\/c44d117c2be811212c22cb481f6b8384b6873de103fbc49e7a03cc58d7dea4ac?s=96&d=mm&r=g","caption":"admin"},"url":"https:\/\/www.eldiariodetucuman.com\/web\/author\/admin\/"}]}},"_links":{"self":[{"href":"https:\/\/www.eldiariodetucuman.com\/web\/wp-json\/wp\/v2\/posts\/4348","targetHints":{"allow":["GET"]}}],"collection":[{"href":"https:\/\/www.eldiariodetucuman.com\/web\/wp-json\/wp\/v2\/posts"}],"about":[{"href":"https:\/\/www.eldiariodetucuman.com\/web\/wp-json\/wp\/v2\/types\/post"}],"author":[{"embeddable":true,"href":"https:\/\/www.eldiariodetucuman.com\/web\/wp-json\/wp\/v2\/users\/1"}],"replies":[{"embeddable":true,"href":"https:\/\/www.eldiariodetucuman.com\/web\/wp-json\/wp\/v2\/comments?post=4348"}],"version-history":[{"count":1,"href":"https:\/\/www.eldiariodetucuman.com\/web\/wp-json\/wp\/v2\/posts\/4348\/revisions"}],"predecessor-version":[{"id":4433,"href":"https:\/\/www.eldiariodetucuman.com\/web\/wp-json\/wp\/v2\/posts\/4348\/revisions\/4433"}],"wp:featuredmedia":[{"embeddable":true,"href":"https:\/\/www.eldiariodetucuman.com\/web\/wp-json\/wp\/v2\/media\/4349"}],"wp:attachment":[{"href":"https:\/\/www.eldiariodetucuman.com\/web\/wp-json\/wp\/v2\/media?parent=4348"}],"wp:term":[{"taxonomy":"category","embeddable":true,"href":"https:\/\/www.eldiariodetucuman.com\/web\/wp-json\/wp\/v2\/categories?post=4348"},{"taxonomy":"post_tag","embeddable":true,"href":"https:\/\/www.eldiariodetucuman.com\/web\/wp-json\/wp\/v2\/tags?post=4348"}],"curies":[{"name":"wp","href":"https:\/\/api.w.org\/{rel}","templated":true}]}}