{"id":4335,"date":"2017-12-28T10:53:47","date_gmt":"2017-12-28T13:53:47","guid":{"rendered":"http:\/\/www.eldiariodetucuman.com\/web\/?p=4335"},"modified":"2017-12-28T10:57:07","modified_gmt":"2017-12-28T13:57:07","slug":"emanuel-molina-hablo-primera-vez-tras-la-sancion-doping-no-hice-nada","status":"publish","type":"post","link":"https:\/\/www.eldiariodetucuman.com\/web\/emanuel-molina-hablo-primera-vez-tras-la-sancion-doping-no-hice-nada\/","title":{"rendered":"Emanuel Molina habl\u00f3 por primera vez tras la sanci\u00f3n por doping: \u201cno hice nada\u201d"},"content":{"rendered":"<div>\n<div readability=\"138\">\n<p>El v\u00ednculo entre<b> Emanuel Molina<\/b> y el f\u00fatbol de Primera no ha sido todo lo agradable que \u00e9l \u201cMago\u201d hubiera deseado. M\u00e1s bien podr\u00eda decirse que su sufrimiento coquete\u00f3 con la misma eternidad, despu\u00e9s de haber sido figura clave en Atl\u00e9tico campe\u00f3n de la B Nacional. Luego se present\u00f3 contra Racing en el debut en la m\u00e1xima categor\u00eda y se rompi\u00f3 los ligamentos. Casi un a\u00f1o afuera. Y cuando volvi\u00f3, un hecho todav\u00eda sin resolver lo mand\u00f3 nuevamente al costado de la l\u00ednea de cal: fue suspendido por haber utilizado un corticoide llamado betametasona, prohibido desde 2012.<\/p>\n<p>\u201cJam\u00e1s tom\u00e9 nada que no me hayan dado en el club. Antes de eso, en 10 a\u00f1os de carrera jam\u00e1s tuve un problema as\u00ed, ni de expulsiones siquiera. Por suerte ya pas\u00f3 todo. Fueron ocho meses interminables de dudas, porque no sab\u00eda cu\u00e1ndo iba a poder volver a jugar\u201d, le resume parte de su calvario Molina a LG Deportiva mientras descansa con su familia en C\u00f3rdoba, donde naci\u00f3.<\/p>\n<p>De hecho, Molina no fue sancionado, s\u00ed suspendido. Los \u00edndices de betametasona en su cuerpo tampoco cubr\u00edan el m\u00ednimo de lo que se conoce como doping. \u201cSi ten\u00e9s 0.5, es doping, pero yo ten\u00eda 0.303. Despu\u00e9s dijeron no s\u00e9 que cosa, y bueno, lo cierto es que yo me termin\u00e9 haciendo cargo de algo que no hice\u201d, lamenta el talentoso volante ofensivo que desde el pr\u00f3ximo 6 de enero estar\u00e1 habilitado para jugar. <\/p>\n<p>\u201cEl club siempre estuvo a mi lado, por eso le ped\u00ed ir a fondo con la investigaci\u00f3n. Pens\u00e9 que esto iba a llevar dos o tres meses, pero pasaron siete hasta que me informaron que pod\u00eda volver a jugar despu\u00e9s de las vacaciones. Fue dur\u00edsimo. Muy diferente a una lesi\u00f3n. Los futbolistas somos propensos a lastimarnos. Puede pasar. Pero esto del doping, no. Es un golpe inesperado\u201d, confiesa el \u201cMago\u201d, resignado porque pag\u00f3 los platos rotos. <\/p>\n<p>\u201cLa palabra doping es muy fuerte. Cuando se lee doping, enseguida se le viene a la cabeza a la gente que por ah\u00ed solo lee los t\u00edtulos que fue por una droga social o algo as\u00ed. Es feo cuando te tildan de drogadicto. Mi familia la pas\u00f3 peor que yo en eso\u201d, reconoce Molina.<\/p>\n<p>\u201cNo puedo olvidarme de lo que pas\u00f3, pero s\u00ed puedo decirte que voy a seguir adelante. Ya est\u00e1. Ahora solo pienso en hacer una gran pretemporada y en volver a jugar un partido oficial. Necesito sentirme importante dentro de una cancha de f\u00fatbol, \u00bfviste? Se me hizo demasiado larga la espera\u201d, reconoce Molina, que desoja las margaritas del tiempo perdido entre la lesi\u00f3n y aquel regreso que dur\u00f3 poco, por la sanci\u00f3n.<\/p>\n<p>\u201cYa est\u00e1, hay que mirar para adelante -insiste-. Quiz\u00e1s alg\u00fan d\u00eda sepa qu\u00e9 pas\u00f3. Mientras tanto solo pienso en empezar de cero\u201d.<\/p>\n<p><b>Boca, River y los visitantes<\/b><\/p>\n<p>El titular de la Superliga, Mariano Elizondo, afirm\u00f3 que tanto River como Boca definir\u00e1n si quieren o no p\u00fablico visitante para sus partidos de local a partir de agosto en caso de que las condiciones est\u00e9n aseguradas. \u201cAmbas canchas habitualmente se ven llenas. Ellos definir\u00e1n luego si quieren visitantes o no en cada fecha, al igual que el resto de los locales. Una vez que lo definan, las autoridades van a validar o no ese partido\u201d, expres\u00f3 Elizondo a T\u00e9lam en la presentaci\u00f3n del calendario completo de la Superliga.<\/p>\n<p><b>Bronca contra Buffarini<\/b><\/p>\n<p>Los hinchas de San Lorenzo se mostraron su fastidio con Julio Buffarini, el nuevo refuerzo de Boca. \u201cTraidor\u201d, le escribieron al lado de un mural al jugador cordob\u00e9s.<\/p>\n<p><b>Armani, cerca del \u201cMillo\u201d<\/b><\/p>\n<p>\u201cHemos recibido una oferta de River por Franco Armani. Es un ofrecimiento bastante fuerte. Franco dice que ya complet\u00f3 un ciclo ac\u00e1 y quiere jugar en un equipo grande de su pa\u00eds\u201d, sostuvo Andr\u00e9s Botero, presidente de Atl\u00e9tico Nacional de Colombia, sobre el arquero santafesino.<\/p>\n<p><b>El fixture del Federal C<\/b><\/p>\n<p>Marapa, campe\u00f3n del Anual, formar\u00e1 parte de la zona 7 de la zona Norte del Federal C, mientras que Jorge Newbery y Graneros lo har\u00e1n en el grupo 8. El torneo arrancar\u00e1 el 28 de enero. Los \u201cLeones\u201d de Alberdi debutar\u00e1n de visitante ante El Galp\u00f3n (Met\u00e1n). El grupo se completa con Deportivo YPF y Atl\u00e9tico Taco Pozo (ambos de la Liga de Joaqu\u00edn V. Gonz\u00e1lez). Los \u201cAviadores\u201d recibir\u00e1n a Graneros en la zona que comparten con Villa Beba (Rosario de la Frontera) y Deportivo G\u00fcemes (Met\u00e1n). <\/p>\n<p><b>PSG vigila a Neymar <\/b><\/p>\n<p>Neymar se encuentra de vacaciones en Brasil, donde pasar\u00e1 las fiestas de fin de a\u00f1o vigilado por los dirigentes de PSG a trav\u00e9s de un sistema de GPS. El delantero tendr\u00e1 que cumplir una rutina m\u00ednima de ejercicios monitoreada por el sistema satelital con el objetivo de evitar excesos y mantenerse en correctas condiciones f\u00edsicas para el reinicio de la pretemporada de su equipo, en enero.<\/p>\n<p><b>El City no para de ganar<\/b><\/p>\n<p>Manchester City derrot\u00f3 por 1 a 0 a Newcastle y se afianza en la cima de la Liga Premier. El equipo del \u201cKun\u201d Ag\u00fcero y Nicol\u00e1s Otamendi le sac\u00f3 15 puntos de ventaja a su escolta, Manchester United.<\/p>\n<\/p><\/div>\n<\/div>\n","protected":false},"excerpt":{"rendered":"<p>El v\u00ednculo entre Emanuel Molina y el f\u00fatbol de Primera no ha sido todo lo agradable que \u00e9l \u201cMago\u201d hubiera deseado. M\u00e1s bien podr\u00eda decirse que su sufrimiento coquete\u00f3 con la misma eternidad, despu\u00e9s de haber sido figura clave en Atl\u00e9tico campe\u00f3n de la B Nacional. Luego se present\u00f3 contra Racing en el debut en [&hellip;]<\/p>\n","protected":false},"author":1,"featured_media":4336,"comment_status":"open","ping_status":"closed","sticky":false,"template":"","format":"standard","meta":{"footnotes":""},"categories":[6],"tags":[],"class_list":{"0":"post-4335","1":"post","2":"type-post","3":"status-publish","4":"format-standard","5":"has-post-thumbnail","7":"category-deporte"},"yoast_head":"<!-- This site is optimized with the Yoast SEO plugin v27.4 - https:\/\/yoast.com\/product\/yoast-seo-wordpress\/ -->\n<title>Emanuel Molina habl\u00f3 por primera vez tras la sanci\u00f3n por doping: \u201cno hice nada\u201d - El Diario de Tucuman<\/title>\n<meta name=\"robots\" content=\"index, follow, max-snippet:-1, max-image-preview:large, max-video-preview:-1\" \/>\n<link rel=\"canonical\" href=\"https:\/\/www.eldiariodetucuman.com\/web\/emanuel-molina-hablo-primera-vez-tras-la-sancion-doping-no-hice-nada\/\" \/>\n<meta property=\"og:locale\" content=\"es_ES\" \/>\n<meta property=\"og:type\" content=\"article\" \/>\n<meta property=\"og:title\" content=\"Emanuel Molina habl\u00f3 por primera vez tras la sanci\u00f3n por doping: \u201cno hice nada\u201d - El Diario de Tucuman\" \/>\n<meta property=\"og:description\" content=\"El v\u00ednculo entre Emanuel Molina y el f\u00fatbol de Primera no ha sido todo lo agradable que \u00e9l \u201cMago\u201d hubiera deseado. M\u00e1s bien podr\u00eda decirse que su sufrimiento coquete\u00f3 con la misma eternidad, despu\u00e9s de haber sido figura clave en Atl\u00e9tico campe\u00f3n de la B Nacional. Luego se present\u00f3 contra Racing en el debut en [&hellip;]\" \/>\n<meta property=\"og:url\" content=\"https:\/\/www.eldiariodetucuman.com\/web\/emanuel-molina-hablo-primera-vez-tras-la-sancion-doping-no-hice-nada\/\" \/>\n<meta property=\"og:site_name\" content=\"El Diario de Tucuman\" \/>\n<meta property=\"article:published_time\" content=\"2017-12-28T13:53:47+00:00\" \/>\n<meta property=\"article:modified_time\" content=\"2017-12-28T13:57:07+00:00\" \/>\n<meta property=\"og:image\" content=\"https:\/\/www.eldiariodetucuman.com\/web\/wp-content\/uploads\/2017\/12\/b014adbcfd780e9a70d252d35f452ce1.jpeg\" \/>\n\t<meta property=\"og:image:width\" content=\"970\" \/>\n\t<meta property=\"og:image:height\" content=\"580\" \/>\n\t<meta property=\"og:image:type\" content=\"image\/jpeg\" \/>\n<meta name=\"author\" content=\"admin\" \/>\n<meta name=\"twitter:card\" content=\"summary_large_image\" \/>\n<meta name=\"twitter:label1\" content=\"Escrito por\" \/>\n\t<meta name=\"twitter:data1\" content=\"admin\" \/>\n\t<meta name=\"twitter:label2\" content=\"Tiempo de lectura\" \/>\n\t<meta name=\"twitter:data2\" content=\"4 minutos\" \/>\n<script type=\"application\/ld+json\" class=\"yoast-schema-graph\">{\"@context\":\"https:\\\/\\\/schema.org\",\"@graph\":[{\"@type\":\"Article\",\"@id\":\"https:\\\/\\\/www.eldiariodetucuman.com\\\/web\\\/emanuel-molina-hablo-primera-vez-tras-la-sancion-doping-no-hice-nada\\\/#article\",\"isPartOf\":{\"@id\":\"https:\\\/\\\/www.eldiariodetucuman.com\\\/web\\\/emanuel-molina-hablo-primera-vez-tras-la-sancion-doping-no-hice-nada\\\/\"},\"author\":{\"name\":\"admin\",\"@id\":\"https:\\\/\\\/www.eldiariodetucuman.com\\\/web\\\/#\\\/schema\\\/person\\\/9250197d75ab5483412e19678b121caa\"},\"headline\":\"Emanuel Molina habl\u00f3 por primera vez tras la sanci\u00f3n por doping: \u201cno hice nada\u201d\",\"datePublished\":\"2017-12-28T13:53:47+00:00\",\"dateModified\":\"2017-12-28T13:57:07+00:00\",\"mainEntityOfPage\":{\"@id\":\"https:\\\/\\\/www.eldiariodetucuman.com\\\/web\\\/emanuel-molina-hablo-primera-vez-tras-la-sancion-doping-no-hice-nada\\\/\"},\"wordCount\":909,\"commentCount\":0,\"publisher\":{\"@id\":\"https:\\\/\\\/www.eldiariodetucuman.com\\\/web\\\/#organization\"},\"image\":{\"@id\":\"https:\\\/\\\/www.eldiariodetucuman.com\\\/web\\\/emanuel-molina-hablo-primera-vez-tras-la-sancion-doping-no-hice-nada\\\/#primaryimage\"},\"thumbnailUrl\":\"https:\\\/\\\/www.eldiariodetucuman.com\\\/web\\\/wp-content\\\/uploads\\\/2017\\\/12\\\/b014adbcfd780e9a70d252d35f452ce1.jpeg\",\"articleSection\":[\"Deporte\"],\"inLanguage\":\"es\",\"potentialAction\":[{\"@type\":\"CommentAction\",\"name\":\"Comment\",\"target\":[\"https:\\\/\\\/www.eldiariodetucuman.com\\\/web\\\/emanuel-molina-hablo-primera-vez-tras-la-sancion-doping-no-hice-nada\\\/#respond\"]}]},{\"@type\":\"WebPage\",\"@id\":\"https:\\\/\\\/www.eldiariodetucuman.com\\\/web\\\/emanuel-molina-hablo-primera-vez-tras-la-sancion-doping-no-hice-nada\\\/\",\"url\":\"https:\\\/\\\/www.eldiariodetucuman.com\\\/web\\\/emanuel-molina-hablo-primera-vez-tras-la-sancion-doping-no-hice-nada\\\/\",\"name\":\"Emanuel Molina habl\u00f3 por primera vez tras la sanci\u00f3n por doping: \u201cno hice nada\u201d - El Diario de Tucuman\",\"isPartOf\":{\"@id\":\"https:\\\/\\\/www.eldiariodetucuman.com\\\/web\\\/#website\"},\"primaryImageOfPage\":{\"@id\":\"https:\\\/\\\/www.eldiariodetucuman.com\\\/web\\\/emanuel-molina-hablo-primera-vez-tras-la-sancion-doping-no-hice-nada\\\/#primaryimage\"},\"image\":{\"@id\":\"https:\\\/\\\/www.eldiariodetucuman.com\\\/web\\\/emanuel-molina-hablo-primera-vez-tras-la-sancion-doping-no-hice-nada\\\/#primaryimage\"},\"thumbnailUrl\":\"https:\\\/\\\/www.eldiariodetucuman.com\\\/web\\\/wp-content\\\/uploads\\\/2017\\\/12\\\/b014adbcfd780e9a70d252d35f452ce1.jpeg\",\"datePublished\":\"2017-12-28T13:53:47+00:00\",\"dateModified\":\"2017-12-28T13:57:07+00:00\",\"breadcrumb\":{\"@id\":\"https:\\\/\\\/www.eldiariodetucuman.com\\\/web\\\/emanuel-molina-hablo-primera-vez-tras-la-sancion-doping-no-hice-nada\\\/#breadcrumb\"},\"inLanguage\":\"es\",\"potentialAction\":[{\"@type\":\"ReadAction\",\"target\":[\"https:\\\/\\\/www.eldiariodetucuman.com\\\/web\\\/emanuel-molina-hablo-primera-vez-tras-la-sancion-doping-no-hice-nada\\\/\"]}]},{\"@type\":\"ImageObject\",\"inLanguage\":\"es\",\"@id\":\"https:\\\/\\\/www.eldiariodetucuman.com\\\/web\\\/emanuel-molina-hablo-primera-vez-tras-la-sancion-doping-no-hice-nada\\\/#primaryimage\",\"url\":\"https:\\\/\\\/www.eldiariodetucuman.com\\\/web\\\/wp-content\\\/uploads\\\/2017\\\/12\\\/b014adbcfd780e9a70d252d35f452ce1.jpeg\",\"contentUrl\":\"https:\\\/\\\/www.eldiariodetucuman.com\\\/web\\\/wp-content\\\/uploads\\\/2017\\\/12\\\/b014adbcfd780e9a70d252d35f452ce1.jpeg\",\"width\":970,\"height\":580},{\"@type\":\"BreadcrumbList\",\"@id\":\"https:\\\/\\\/www.eldiariodetucuman.com\\\/web\\\/emanuel-molina-hablo-primera-vez-tras-la-sancion-doping-no-hice-nada\\\/#breadcrumb\",\"itemListElement\":[{\"@type\":\"ListItem\",\"position\":1,\"name\":\"Portada\",\"item\":\"https:\\\/\\\/www.eldiariodetucuman.com\\\/web\\\/\"},{\"@type\":\"ListItem\",\"position\":2,\"name\":\"Emanuel Molina habl\u00f3 por primera vez tras la sanci\u00f3n por doping: \u201cno hice nada\u201d\"}]},{\"@type\":\"WebSite\",\"@id\":\"https:\\\/\\\/www.eldiariodetucuman.com\\\/web\\\/#website\",\"url\":\"https:\\\/\\\/www.eldiariodetucuman.com\\\/web\\\/\",\"name\":\"El Diario de Tucuman\",\"description\":\"Diario Tucuman - Informaci\u00f3n y noticias\",\"publisher\":{\"@id\":\"https:\\\/\\\/www.eldiariodetucuman.com\\\/web\\\/#organization\"},\"potentialAction\":[{\"@type\":\"SearchAction\",\"target\":{\"@type\":\"EntryPoint\",\"urlTemplate\":\"https:\\\/\\\/www.eldiariodetucuman.com\\\/web\\\/?s={search_term_string}\"},\"query-input\":{\"@type\":\"PropertyValueSpecification\",\"valueRequired\":true,\"valueName\":\"search_term_string\"}}],\"inLanguage\":\"es\"},{\"@type\":\"Organization\",\"@id\":\"https:\\\/\\\/www.eldiariodetucuman.com\\\/web\\\/#organization\",\"name\":\"El Diario de Tucuman\",\"url\":\"https:\\\/\\\/www.eldiariodetucuman.com\\\/web\\\/\",\"logo\":{\"@type\":\"ImageObject\",\"inLanguage\":\"es\",\"@id\":\"https:\\\/\\\/www.eldiariodetucuman.com\\\/web\\\/#\\\/schema\\\/logo\\\/image\\\/\",\"url\":\"http:\\\/\\\/www.eldiariodetucuman.com\\\/web\\\/wp-content\\\/uploads\\\/2017\\\/12\\\/el-diario-de-tucuman.jpg\",\"contentUrl\":\"http:\\\/\\\/www.eldiariodetucuman.com\\\/web\\\/wp-content\\\/uploads\\\/2017\\\/12\\\/el-diario-de-tucuman.jpg\",\"width\":272,\"height\":92,\"caption\":\"El Diario de Tucuman\"},\"image\":{\"@id\":\"https:\\\/\\\/www.eldiariodetucuman.com\\\/web\\\/#\\\/schema\\\/logo\\\/image\\\/\"}},{\"@type\":\"Person\",\"@id\":\"https:\\\/\\\/www.eldiariodetucuman.com\\\/web\\\/#\\\/schema\\\/person\\\/9250197d75ab5483412e19678b121caa\",\"name\":\"admin\",\"image\":{\"@type\":\"ImageObject\",\"inLanguage\":\"es\",\"@id\":\"https:\\\/\\\/secure.gravatar.com\\\/avatar\\\/c44d117c2be811212c22cb481f6b8384b6873de103fbc49e7a03cc58d7dea4ac?s=96&d=mm&r=g\",\"url\":\"https:\\\/\\\/secure.gravatar.com\\\/avatar\\\/c44d117c2be811212c22cb481f6b8384b6873de103fbc49e7a03cc58d7dea4ac?s=96&d=mm&r=g\",\"contentUrl\":\"https:\\\/\\\/secure.gravatar.com\\\/avatar\\\/c44d117c2be811212c22cb481f6b8384b6873de103fbc49e7a03cc58d7dea4ac?s=96&d=mm&r=g\",\"caption\":\"admin\"},\"url\":\"https:\\\/\\\/www.eldiariodetucuman.com\\\/web\\\/author\\\/admin\\\/\"}]}<\/script>\n<!-- \/ Yoast SEO plugin. -->","yoast_head_json":{"title":"Emanuel Molina habl\u00f3 por primera vez tras la sanci\u00f3n por doping: \u201cno hice nada\u201d - El Diario de Tucuman","robots":{"index":"index","follow":"follow","max-snippet":"max-snippet:-1","max-image-preview":"max-image-preview:large","max-video-preview":"max-video-preview:-1"},"canonical":"https:\/\/www.eldiariodetucuman.com\/web\/emanuel-molina-hablo-primera-vez-tras-la-sancion-doping-no-hice-nada\/","og_locale":"es_ES","og_type":"article","og_title":"Emanuel Molina habl\u00f3 por primera vez tras la sanci\u00f3n por doping: \u201cno hice nada\u201d - El Diario de Tucuman","og_description":"El v\u00ednculo entre Emanuel Molina y el f\u00fatbol de Primera no ha sido todo lo agradable que \u00e9l \u201cMago\u201d hubiera deseado. M\u00e1s bien podr\u00eda decirse que su sufrimiento coquete\u00f3 con la misma eternidad, despu\u00e9s de haber sido figura clave en Atl\u00e9tico campe\u00f3n de la B Nacional. Luego se present\u00f3 contra Racing en el debut en [&hellip;]","og_url":"https:\/\/www.eldiariodetucuman.com\/web\/emanuel-molina-hablo-primera-vez-tras-la-sancion-doping-no-hice-nada\/","og_site_name":"El Diario de Tucuman","article_published_time":"2017-12-28T13:53:47+00:00","article_modified_time":"2017-12-28T13:57:07+00:00","og_image":[{"width":970,"height":580,"url":"https:\/\/www.eldiariodetucuman.com\/web\/wp-content\/uploads\/2017\/12\/b014adbcfd780e9a70d252d35f452ce1.jpeg","type":"image\/jpeg"}],"author":"admin","twitter_card":"summary_large_image","twitter_misc":{"Escrito por":"admin","Tiempo de lectura":"4 minutos"},"schema":{"@context":"https:\/\/schema.org","@graph":[{"@type":"Article","@id":"https:\/\/www.eldiariodetucuman.com\/web\/emanuel-molina-hablo-primera-vez-tras-la-sancion-doping-no-hice-nada\/#article","isPartOf":{"@id":"https:\/\/www.eldiariodetucuman.com\/web\/emanuel-molina-hablo-primera-vez-tras-la-sancion-doping-no-hice-nada\/"},"author":{"name":"admin","@id":"https:\/\/www.eldiariodetucuman.com\/web\/#\/schema\/person\/9250197d75ab5483412e19678b121caa"},"headline":"Emanuel Molina habl\u00f3 por primera vez tras la sanci\u00f3n por doping: \u201cno hice nada\u201d","datePublished":"2017-12-28T13:53:47+00:00","dateModified":"2017-12-28T13:57:07+00:00","mainEntityOfPage":{"@id":"https:\/\/www.eldiariodetucuman.com\/web\/emanuel-molina-hablo-primera-vez-tras-la-sancion-doping-no-hice-nada\/"},"wordCount":909,"commentCount":0,"publisher":{"@id":"https:\/\/www.eldiariodetucuman.com\/web\/#organization"},"image":{"@id":"https:\/\/www.eldiariodetucuman.com\/web\/emanuel-molina-hablo-primera-vez-tras-la-sancion-doping-no-hice-nada\/#primaryimage"},"thumbnailUrl":"https:\/\/www.eldiariodetucuman.com\/web\/wp-content\/uploads\/2017\/12\/b014adbcfd780e9a70d252d35f452ce1.jpeg","articleSection":["Deporte"],"inLanguage":"es","potentialAction":[{"@type":"CommentAction","name":"Comment","target":["https:\/\/www.eldiariodetucuman.com\/web\/emanuel-molina-hablo-primera-vez-tras-la-sancion-doping-no-hice-nada\/#respond"]}]},{"@type":"WebPage","@id":"https:\/\/www.eldiariodetucuman.com\/web\/emanuel-molina-hablo-primera-vez-tras-la-sancion-doping-no-hice-nada\/","url":"https:\/\/www.eldiariodetucuman.com\/web\/emanuel-molina-hablo-primera-vez-tras-la-sancion-doping-no-hice-nada\/","name":"Emanuel Molina habl\u00f3 por primera vez tras la sanci\u00f3n por doping: \u201cno hice nada\u201d - El Diario de Tucuman","isPartOf":{"@id":"https:\/\/www.eldiariodetucuman.com\/web\/#website"},"primaryImageOfPage":{"@id":"https:\/\/www.eldiariodetucuman.com\/web\/emanuel-molina-hablo-primera-vez-tras-la-sancion-doping-no-hice-nada\/#primaryimage"},"image":{"@id":"https:\/\/www.eldiariodetucuman.com\/web\/emanuel-molina-hablo-primera-vez-tras-la-sancion-doping-no-hice-nada\/#primaryimage"},"thumbnailUrl":"https:\/\/www.eldiariodetucuman.com\/web\/wp-content\/uploads\/2017\/12\/b014adbcfd780e9a70d252d35f452ce1.jpeg","datePublished":"2017-12-28T13:53:47+00:00","dateModified":"2017-12-28T13:57:07+00:00","breadcrumb":{"@id":"https:\/\/www.eldiariodetucuman.com\/web\/emanuel-molina-hablo-primera-vez-tras-la-sancion-doping-no-hice-nada\/#breadcrumb"},"inLanguage":"es","potentialAction":[{"@type":"ReadAction","target":["https:\/\/www.eldiariodetucuman.com\/web\/emanuel-molina-hablo-primera-vez-tras-la-sancion-doping-no-hice-nada\/"]}]},{"@type":"ImageObject","inLanguage":"es","@id":"https:\/\/www.eldiariodetucuman.com\/web\/emanuel-molina-hablo-primera-vez-tras-la-sancion-doping-no-hice-nada\/#primaryimage","url":"https:\/\/www.eldiariodetucuman.com\/web\/wp-content\/uploads\/2017\/12\/b014adbcfd780e9a70d252d35f452ce1.jpeg","contentUrl":"https:\/\/www.eldiariodetucuman.com\/web\/wp-content\/uploads\/2017\/12\/b014adbcfd780e9a70d252d35f452ce1.jpeg","width":970,"height":580},{"@type":"BreadcrumbList","@id":"https:\/\/www.eldiariodetucuman.com\/web\/emanuel-molina-hablo-primera-vez-tras-la-sancion-doping-no-hice-nada\/#breadcrumb","itemListElement":[{"@type":"ListItem","position":1,"name":"Portada","item":"https:\/\/www.eldiariodetucuman.com\/web\/"},{"@type":"ListItem","position":2,"name":"Emanuel Molina habl\u00f3 por primera vez tras la sanci\u00f3n por doping: \u201cno hice nada\u201d"}]},{"@type":"WebSite","@id":"https:\/\/www.eldiariodetucuman.com\/web\/#website","url":"https:\/\/www.eldiariodetucuman.com\/web\/","name":"El Diario de Tucuman","description":"Diario Tucuman - Informaci\u00f3n y noticias","publisher":{"@id":"https:\/\/www.eldiariodetucuman.com\/web\/#organization"},"potentialAction":[{"@type":"SearchAction","target":{"@type":"EntryPoint","urlTemplate":"https:\/\/www.eldiariodetucuman.com\/web\/?s={search_term_string}"},"query-input":{"@type":"PropertyValueSpecification","valueRequired":true,"valueName":"search_term_string"}}],"inLanguage":"es"},{"@type":"Organization","@id":"https:\/\/www.eldiariodetucuman.com\/web\/#organization","name":"El Diario de Tucuman","url":"https:\/\/www.eldiariodetucuman.com\/web\/","logo":{"@type":"ImageObject","inLanguage":"es","@id":"https:\/\/www.eldiariodetucuman.com\/web\/#\/schema\/logo\/image\/","url":"http:\/\/www.eldiariodetucuman.com\/web\/wp-content\/uploads\/2017\/12\/el-diario-de-tucuman.jpg","contentUrl":"http:\/\/www.eldiariodetucuman.com\/web\/wp-content\/uploads\/2017\/12\/el-diario-de-tucuman.jpg","width":272,"height":92,"caption":"El Diario de Tucuman"},"image":{"@id":"https:\/\/www.eldiariodetucuman.com\/web\/#\/schema\/logo\/image\/"}},{"@type":"Person","@id":"https:\/\/www.eldiariodetucuman.com\/web\/#\/schema\/person\/9250197d75ab5483412e19678b121caa","name":"admin","image":{"@type":"ImageObject","inLanguage":"es","@id":"https:\/\/secure.gravatar.com\/avatar\/c44d117c2be811212c22cb481f6b8384b6873de103fbc49e7a03cc58d7dea4ac?s=96&d=mm&r=g","url":"https:\/\/secure.gravatar.com\/avatar\/c44d117c2be811212c22cb481f6b8384b6873de103fbc49e7a03cc58d7dea4ac?s=96&d=mm&r=g","contentUrl":"https:\/\/secure.gravatar.com\/avatar\/c44d117c2be811212c22cb481f6b8384b6873de103fbc49e7a03cc58d7dea4ac?s=96&d=mm&r=g","caption":"admin"},"url":"https:\/\/www.eldiariodetucuman.com\/web\/author\/admin\/"}]}},"_links":{"self":[{"href":"https:\/\/www.eldiariodetucuman.com\/web\/wp-json\/wp\/v2\/posts\/4335","targetHints":{"allow":["GET"]}}],"collection":[{"href":"https:\/\/www.eldiariodetucuman.com\/web\/wp-json\/wp\/v2\/posts"}],"about":[{"href":"https:\/\/www.eldiariodetucuman.com\/web\/wp-json\/wp\/v2\/types\/post"}],"author":[{"embeddable":true,"href":"https:\/\/www.eldiariodetucuman.com\/web\/wp-json\/wp\/v2\/users\/1"}],"replies":[{"embeddable":true,"href":"https:\/\/www.eldiariodetucuman.com\/web\/wp-json\/wp\/v2\/comments?post=4335"}],"version-history":[{"count":1,"href":"https:\/\/www.eldiariodetucuman.com\/web\/wp-json\/wp\/v2\/posts\/4335\/revisions"}],"predecessor-version":[{"id":4340,"href":"https:\/\/www.eldiariodetucuman.com\/web\/wp-json\/wp\/v2\/posts\/4335\/revisions\/4340"}],"wp:featuredmedia":[{"embeddable":true,"href":"https:\/\/www.eldiariodetucuman.com\/web\/wp-json\/wp\/v2\/media\/4336"}],"wp:attachment":[{"href":"https:\/\/www.eldiariodetucuman.com\/web\/wp-json\/wp\/v2\/media?parent=4335"}],"wp:term":[{"taxonomy":"category","embeddable":true,"href":"https:\/\/www.eldiariodetucuman.com\/web\/wp-json\/wp\/v2\/categories?post=4335"},{"taxonomy":"post_tag","embeddable":true,"href":"https:\/\/www.eldiariodetucuman.com\/web\/wp-json\/wp\/v2\/tags?post=4335"}],"curies":[{"name":"wp","href":"https:\/\/api.w.org\/{rel}","templated":true}]}}