{"id":4331,"date":"2017-12-28T10:53:14","date_gmt":"2017-12-28T13:53:14","guid":{"rendered":"http:\/\/www.eldiariodetucuman.com\/web\/?p=4331"},"modified":"2017-12-28T10:55:52","modified_gmt":"2017-12-28T13:55:52","slug":"dakar-2018-leyendas-buscan-triunfo","status":"publish","type":"post","link":"https:\/\/www.eldiariodetucuman.com\/web\/dakar-2018-leyendas-buscan-triunfo\/","title":{"rendered":"Dakar 2018: \u201cLeyendas\u201d que buscan el triunfo"},"content":{"rendered":"<div>\n<div readability=\"62\">\n<p>Entre los 86 pilotos de motos que tendr\u00e1 la carrera, ocho cuentan con el estado de \u201cLeyenda\u201d, rango que otorga la Amaury Sports Organisation (ASO) a todo competidor que particip\u00f3 10 veces. Entre ellos, no est\u00e1 el campe\u00f3n vigente, el brit\u00e1nico Sam Sunderland. \u201cProbablemente hay 10 pilotos capaces de ganar\u201d, es el pron\u00f3stico de quien correr\u00e1 por quinta vez. El an\u00e1lisis marca el cambio de era desde la \u00e9poca en la que los protagonistas eran Cyril D\u00e9spres y Marc Coma (actual director deportivo de la prueba), que se repart\u00edan los t\u00edtulos. Sunderland sabe que, en Motos, la experiencia hace tanta diferencia como el medio mec\u00e1nico. Y es en el lote de experimentados donde est\u00e1n esas \u201cLeyendas\u201d, estrellas que curiosamente todav\u00eda no han ganado. El portugu\u00e9s Paulo Goncalves, tras 12 participaciones, quiere su primer triunfo para terminar de confirmar su calidad \u201cdakariana\u201d luego de quedar apenas a un escal\u00f3n en 2015. En una situaci\u00f3n similar est\u00e1n el espa\u00f1ol Juan Pedrero Garc\u00eda y el franc\u00e9s Olivier Pain, ambos en escuder\u00edas oficiales. Laia Sanz brilla tambi\u00e9n sobre su KTM. La espa\u00f1ola con sus siete regulares participaciones en las que siempre finaliz\u00f3, construy\u00f3 su estrellato en base al respeto. Es la referente femenina del Dakar.<\/p>\n<p>CAMIONES<\/p>\n<p><b>Los bomberos corren<\/b><\/p>\n<p>La categor\u00eda perdi\u00f3 a uno de sus principales animadores el holand\u00e9s Gerard de Rooy, que opt\u00f3 por participar en un rally tambi\u00e9n extremo (el \u00c1frica Eco Race, creado para mantener el esp\u00edritu del Dakar original) aunque todo indica que la baja es por discrepancias con la organizaci\u00f3n. Pese a ello, su apellido seguir\u00e1 vigente porque con la asistencia de su equipo particular el cordob\u00e9s Federico Villagra intentar\u00e1 alterar el dominio ruso. Toda la legi\u00f3n rusa, con el campe\u00f3n Eduard Nikolaev a la cabeza, estar\u00e1 presente. Pero quiz\u00e1s la m\u00e1xima estrella entre los camiones est\u00e9 en el segmento de aficionados, porque el experimentado Richard de Groot tendr\u00e1 a su gran cami\u00f3n rojo ocupado, otra vez, exclusivamente por bomberos holandeses. El Firemen Dakarteam apoya a la Fundaci\u00f3n de Bomberos sin Fronteras, con la que ayudan a sus colegas de todo el mundo.<\/p>\n<\/p><\/div>\n<\/div>\n","protected":false},"excerpt":{"rendered":"<p>Entre los 86 pilotos de motos que tendr\u00e1 la carrera, ocho cuentan con el estado de \u201cLeyenda\u201d, rango que otorga la Amaury Sports Organisation (ASO) a todo competidor que particip\u00f3 10 veces. Entre ellos, no est\u00e1 el campe\u00f3n vigente, el brit\u00e1nico Sam Sunderland. \u201cProbablemente hay 10 pilotos capaces de ganar\u201d, es el pron\u00f3stico de quien [&hellip;]<\/p>\n","protected":false},"author":1,"featured_media":4332,"comment_status":"open","ping_status":"closed","sticky":false,"template":"","format":"standard","meta":{"footnotes":""},"categories":[6],"tags":[],"class_list":{"0":"post-4331","1":"post","2":"type-post","3":"status-publish","4":"format-standard","5":"has-post-thumbnail","7":"category-deporte"},"yoast_head":"<!-- This site is optimized with the Yoast SEO plugin v27.4 - https:\/\/yoast.com\/product\/yoast-seo-wordpress\/ -->\n<title>Dakar 2018: \u201cLeyendas\u201d que buscan el triunfo - El Diario de Tucuman<\/title>\n<meta name=\"robots\" content=\"index, follow, max-snippet:-1, max-image-preview:large, max-video-preview:-1\" \/>\n<link rel=\"canonical\" href=\"https:\/\/www.eldiariodetucuman.com\/web\/dakar-2018-leyendas-buscan-triunfo\/\" \/>\n<meta property=\"og:locale\" content=\"es_ES\" \/>\n<meta property=\"og:type\" content=\"article\" \/>\n<meta property=\"og:title\" content=\"Dakar 2018: \u201cLeyendas\u201d que buscan el triunfo - El Diario de Tucuman\" \/>\n<meta property=\"og:description\" content=\"Entre los 86 pilotos de motos que tendr\u00e1 la carrera, ocho cuentan con el estado de \u201cLeyenda\u201d, rango que otorga la Amaury Sports Organisation (ASO) a todo competidor que particip\u00f3 10 veces. Entre ellos, no est\u00e1 el campe\u00f3n vigente, el brit\u00e1nico Sam Sunderland. \u201cProbablemente hay 10 pilotos capaces de ganar\u201d, es el pron\u00f3stico de quien [&hellip;]\" \/>\n<meta property=\"og:url\" content=\"https:\/\/www.eldiariodetucuman.com\/web\/dakar-2018-leyendas-buscan-triunfo\/\" \/>\n<meta property=\"og:site_name\" content=\"El Diario de Tucuman\" \/>\n<meta property=\"article:published_time\" content=\"2017-12-28T13:53:14+00:00\" \/>\n<meta property=\"article:modified_time\" content=\"2017-12-28T13:55:52+00:00\" \/>\n<meta property=\"og:image\" content=\"https:\/\/www.eldiariodetucuman.com\/web\/wp-content\/uploads\/2017\/12\/08cd0f51c91f30ed95e0e48b45c9bcf4.jpeg\" \/>\n\t<meta property=\"og:image:width\" content=\"970\" \/>\n\t<meta property=\"og:image:height\" content=\"603\" \/>\n\t<meta property=\"og:image:type\" content=\"image\/jpeg\" \/>\n<meta name=\"author\" content=\"admin\" \/>\n<meta name=\"twitter:card\" content=\"summary_large_image\" \/>\n<meta name=\"twitter:label1\" content=\"Escrito por\" \/>\n\t<meta name=\"twitter:data1\" content=\"admin\" \/>\n\t<meta name=\"twitter:label2\" content=\"Tiempo de lectura\" \/>\n\t<meta name=\"twitter:data2\" content=\"2 minutos\" \/>\n<script type=\"application\/ld+json\" class=\"yoast-schema-graph\">{\"@context\":\"https:\\\/\\\/schema.org\",\"@graph\":[{\"@type\":\"Article\",\"@id\":\"https:\\\/\\\/www.eldiariodetucuman.com\\\/web\\\/dakar-2018-leyendas-buscan-triunfo\\\/#article\",\"isPartOf\":{\"@id\":\"https:\\\/\\\/www.eldiariodetucuman.com\\\/web\\\/dakar-2018-leyendas-buscan-triunfo\\\/\"},\"author\":{\"name\":\"admin\",\"@id\":\"https:\\\/\\\/www.eldiariodetucuman.com\\\/web\\\/#\\\/schema\\\/person\\\/9250197d75ab5483412e19678b121caa\"},\"headline\":\"Dakar 2018: \u201cLeyendas\u201d que buscan el triunfo\",\"datePublished\":\"2017-12-28T13:53:14+00:00\",\"dateModified\":\"2017-12-28T13:55:52+00:00\",\"mainEntityOfPage\":{\"@id\":\"https:\\\/\\\/www.eldiariodetucuman.com\\\/web\\\/dakar-2018-leyendas-buscan-triunfo\\\/\"},\"wordCount\":378,\"commentCount\":0,\"publisher\":{\"@id\":\"https:\\\/\\\/www.eldiariodetucuman.com\\\/web\\\/#organization\"},\"image\":{\"@id\":\"https:\\\/\\\/www.eldiariodetucuman.com\\\/web\\\/dakar-2018-leyendas-buscan-triunfo\\\/#primaryimage\"},\"thumbnailUrl\":\"https:\\\/\\\/www.eldiariodetucuman.com\\\/web\\\/wp-content\\\/uploads\\\/2017\\\/12\\\/08cd0f51c91f30ed95e0e48b45c9bcf4.jpeg\",\"articleSection\":[\"Deporte\"],\"inLanguage\":\"es\",\"potentialAction\":[{\"@type\":\"CommentAction\",\"name\":\"Comment\",\"target\":[\"https:\\\/\\\/www.eldiariodetucuman.com\\\/web\\\/dakar-2018-leyendas-buscan-triunfo\\\/#respond\"]}]},{\"@type\":\"WebPage\",\"@id\":\"https:\\\/\\\/www.eldiariodetucuman.com\\\/web\\\/dakar-2018-leyendas-buscan-triunfo\\\/\",\"url\":\"https:\\\/\\\/www.eldiariodetucuman.com\\\/web\\\/dakar-2018-leyendas-buscan-triunfo\\\/\",\"name\":\"Dakar 2018: \u201cLeyendas\u201d que buscan el triunfo - El Diario de Tucuman\",\"isPartOf\":{\"@id\":\"https:\\\/\\\/www.eldiariodetucuman.com\\\/web\\\/#website\"},\"primaryImageOfPage\":{\"@id\":\"https:\\\/\\\/www.eldiariodetucuman.com\\\/web\\\/dakar-2018-leyendas-buscan-triunfo\\\/#primaryimage\"},\"image\":{\"@id\":\"https:\\\/\\\/www.eldiariodetucuman.com\\\/web\\\/dakar-2018-leyendas-buscan-triunfo\\\/#primaryimage\"},\"thumbnailUrl\":\"https:\\\/\\\/www.eldiariodetucuman.com\\\/web\\\/wp-content\\\/uploads\\\/2017\\\/12\\\/08cd0f51c91f30ed95e0e48b45c9bcf4.jpeg\",\"datePublished\":\"2017-12-28T13:53:14+00:00\",\"dateModified\":\"2017-12-28T13:55:52+00:00\",\"breadcrumb\":{\"@id\":\"https:\\\/\\\/www.eldiariodetucuman.com\\\/web\\\/dakar-2018-leyendas-buscan-triunfo\\\/#breadcrumb\"},\"inLanguage\":\"es\",\"potentialAction\":[{\"@type\":\"ReadAction\",\"target\":[\"https:\\\/\\\/www.eldiariodetucuman.com\\\/web\\\/dakar-2018-leyendas-buscan-triunfo\\\/\"]}]},{\"@type\":\"ImageObject\",\"inLanguage\":\"es\",\"@id\":\"https:\\\/\\\/www.eldiariodetucuman.com\\\/web\\\/dakar-2018-leyendas-buscan-triunfo\\\/#primaryimage\",\"url\":\"https:\\\/\\\/www.eldiariodetucuman.com\\\/web\\\/wp-content\\\/uploads\\\/2017\\\/12\\\/08cd0f51c91f30ed95e0e48b45c9bcf4.jpeg\",\"contentUrl\":\"https:\\\/\\\/www.eldiariodetucuman.com\\\/web\\\/wp-content\\\/uploads\\\/2017\\\/12\\\/08cd0f51c91f30ed95e0e48b45c9bcf4.jpeg\",\"width\":970,\"height\":603},{\"@type\":\"BreadcrumbList\",\"@id\":\"https:\\\/\\\/www.eldiariodetucuman.com\\\/web\\\/dakar-2018-leyendas-buscan-triunfo\\\/#breadcrumb\",\"itemListElement\":[{\"@type\":\"ListItem\",\"position\":1,\"name\":\"Portada\",\"item\":\"https:\\\/\\\/www.eldiariodetucuman.com\\\/web\\\/\"},{\"@type\":\"ListItem\",\"position\":2,\"name\":\"Dakar 2018: \u201cLeyendas\u201d que buscan el triunfo\"}]},{\"@type\":\"WebSite\",\"@id\":\"https:\\\/\\\/www.eldiariodetucuman.com\\\/web\\\/#website\",\"url\":\"https:\\\/\\\/www.eldiariodetucuman.com\\\/web\\\/\",\"name\":\"El Diario de Tucuman\",\"description\":\"Diario Tucuman - Informaci\u00f3n y noticias\",\"publisher\":{\"@id\":\"https:\\\/\\\/www.eldiariodetucuman.com\\\/web\\\/#organization\"},\"potentialAction\":[{\"@type\":\"SearchAction\",\"target\":{\"@type\":\"EntryPoint\",\"urlTemplate\":\"https:\\\/\\\/www.eldiariodetucuman.com\\\/web\\\/?s={search_term_string}\"},\"query-input\":{\"@type\":\"PropertyValueSpecification\",\"valueRequired\":true,\"valueName\":\"search_term_string\"}}],\"inLanguage\":\"es\"},{\"@type\":\"Organization\",\"@id\":\"https:\\\/\\\/www.eldiariodetucuman.com\\\/web\\\/#organization\",\"name\":\"El Diario de Tucuman\",\"url\":\"https:\\\/\\\/www.eldiariodetucuman.com\\\/web\\\/\",\"logo\":{\"@type\":\"ImageObject\",\"inLanguage\":\"es\",\"@id\":\"https:\\\/\\\/www.eldiariodetucuman.com\\\/web\\\/#\\\/schema\\\/logo\\\/image\\\/\",\"url\":\"http:\\\/\\\/www.eldiariodetucuman.com\\\/web\\\/wp-content\\\/uploads\\\/2017\\\/12\\\/el-diario-de-tucuman.jpg\",\"contentUrl\":\"http:\\\/\\\/www.eldiariodetucuman.com\\\/web\\\/wp-content\\\/uploads\\\/2017\\\/12\\\/el-diario-de-tucuman.jpg\",\"width\":272,\"height\":92,\"caption\":\"El Diario de Tucuman\"},\"image\":{\"@id\":\"https:\\\/\\\/www.eldiariodetucuman.com\\\/web\\\/#\\\/schema\\\/logo\\\/image\\\/\"}},{\"@type\":\"Person\",\"@id\":\"https:\\\/\\\/www.eldiariodetucuman.com\\\/web\\\/#\\\/schema\\\/person\\\/9250197d75ab5483412e19678b121caa\",\"name\":\"admin\",\"image\":{\"@type\":\"ImageObject\",\"inLanguage\":\"es\",\"@id\":\"https:\\\/\\\/secure.gravatar.com\\\/avatar\\\/c44d117c2be811212c22cb481f6b8384b6873de103fbc49e7a03cc58d7dea4ac?s=96&d=mm&r=g\",\"url\":\"https:\\\/\\\/secure.gravatar.com\\\/avatar\\\/c44d117c2be811212c22cb481f6b8384b6873de103fbc49e7a03cc58d7dea4ac?s=96&d=mm&r=g\",\"contentUrl\":\"https:\\\/\\\/secure.gravatar.com\\\/avatar\\\/c44d117c2be811212c22cb481f6b8384b6873de103fbc49e7a03cc58d7dea4ac?s=96&d=mm&r=g\",\"caption\":\"admin\"},\"url\":\"https:\\\/\\\/www.eldiariodetucuman.com\\\/web\\\/author\\\/admin\\\/\"}]}<\/script>\n<!-- \/ Yoast SEO plugin. -->","yoast_head_json":{"title":"Dakar 2018: \u201cLeyendas\u201d que buscan el triunfo - El Diario de Tucuman","robots":{"index":"index","follow":"follow","max-snippet":"max-snippet:-1","max-image-preview":"max-image-preview:large","max-video-preview":"max-video-preview:-1"},"canonical":"https:\/\/www.eldiariodetucuman.com\/web\/dakar-2018-leyendas-buscan-triunfo\/","og_locale":"es_ES","og_type":"article","og_title":"Dakar 2018: \u201cLeyendas\u201d que buscan el triunfo - El Diario de Tucuman","og_description":"Entre los 86 pilotos de motos que tendr\u00e1 la carrera, ocho cuentan con el estado de \u201cLeyenda\u201d, rango que otorga la Amaury Sports Organisation (ASO) a todo competidor que particip\u00f3 10 veces. Entre ellos, no est\u00e1 el campe\u00f3n vigente, el brit\u00e1nico Sam Sunderland. \u201cProbablemente hay 10 pilotos capaces de ganar\u201d, es el pron\u00f3stico de quien [&hellip;]","og_url":"https:\/\/www.eldiariodetucuman.com\/web\/dakar-2018-leyendas-buscan-triunfo\/","og_site_name":"El Diario de Tucuman","article_published_time":"2017-12-28T13:53:14+00:00","article_modified_time":"2017-12-28T13:55:52+00:00","og_image":[{"width":970,"height":603,"url":"https:\/\/www.eldiariodetucuman.com\/web\/wp-content\/uploads\/2017\/12\/08cd0f51c91f30ed95e0e48b45c9bcf4.jpeg","type":"image\/jpeg"}],"author":"admin","twitter_card":"summary_large_image","twitter_misc":{"Escrito por":"admin","Tiempo de lectura":"2 minutos"},"schema":{"@context":"https:\/\/schema.org","@graph":[{"@type":"Article","@id":"https:\/\/www.eldiariodetucuman.com\/web\/dakar-2018-leyendas-buscan-triunfo\/#article","isPartOf":{"@id":"https:\/\/www.eldiariodetucuman.com\/web\/dakar-2018-leyendas-buscan-triunfo\/"},"author":{"name":"admin","@id":"https:\/\/www.eldiariodetucuman.com\/web\/#\/schema\/person\/9250197d75ab5483412e19678b121caa"},"headline":"Dakar 2018: \u201cLeyendas\u201d que buscan el triunfo","datePublished":"2017-12-28T13:53:14+00:00","dateModified":"2017-12-28T13:55:52+00:00","mainEntityOfPage":{"@id":"https:\/\/www.eldiariodetucuman.com\/web\/dakar-2018-leyendas-buscan-triunfo\/"},"wordCount":378,"commentCount":0,"publisher":{"@id":"https:\/\/www.eldiariodetucuman.com\/web\/#organization"},"image":{"@id":"https:\/\/www.eldiariodetucuman.com\/web\/dakar-2018-leyendas-buscan-triunfo\/#primaryimage"},"thumbnailUrl":"https:\/\/www.eldiariodetucuman.com\/web\/wp-content\/uploads\/2017\/12\/08cd0f51c91f30ed95e0e48b45c9bcf4.jpeg","articleSection":["Deporte"],"inLanguage":"es","potentialAction":[{"@type":"CommentAction","name":"Comment","target":["https:\/\/www.eldiariodetucuman.com\/web\/dakar-2018-leyendas-buscan-triunfo\/#respond"]}]},{"@type":"WebPage","@id":"https:\/\/www.eldiariodetucuman.com\/web\/dakar-2018-leyendas-buscan-triunfo\/","url":"https:\/\/www.eldiariodetucuman.com\/web\/dakar-2018-leyendas-buscan-triunfo\/","name":"Dakar 2018: \u201cLeyendas\u201d que buscan el triunfo - El Diario de Tucuman","isPartOf":{"@id":"https:\/\/www.eldiariodetucuman.com\/web\/#website"},"primaryImageOfPage":{"@id":"https:\/\/www.eldiariodetucuman.com\/web\/dakar-2018-leyendas-buscan-triunfo\/#primaryimage"},"image":{"@id":"https:\/\/www.eldiariodetucuman.com\/web\/dakar-2018-leyendas-buscan-triunfo\/#primaryimage"},"thumbnailUrl":"https:\/\/www.eldiariodetucuman.com\/web\/wp-content\/uploads\/2017\/12\/08cd0f51c91f30ed95e0e48b45c9bcf4.jpeg","datePublished":"2017-12-28T13:53:14+00:00","dateModified":"2017-12-28T13:55:52+00:00","breadcrumb":{"@id":"https:\/\/www.eldiariodetucuman.com\/web\/dakar-2018-leyendas-buscan-triunfo\/#breadcrumb"},"inLanguage":"es","potentialAction":[{"@type":"ReadAction","target":["https:\/\/www.eldiariodetucuman.com\/web\/dakar-2018-leyendas-buscan-triunfo\/"]}]},{"@type":"ImageObject","inLanguage":"es","@id":"https:\/\/www.eldiariodetucuman.com\/web\/dakar-2018-leyendas-buscan-triunfo\/#primaryimage","url":"https:\/\/www.eldiariodetucuman.com\/web\/wp-content\/uploads\/2017\/12\/08cd0f51c91f30ed95e0e48b45c9bcf4.jpeg","contentUrl":"https:\/\/www.eldiariodetucuman.com\/web\/wp-content\/uploads\/2017\/12\/08cd0f51c91f30ed95e0e48b45c9bcf4.jpeg","width":970,"height":603},{"@type":"BreadcrumbList","@id":"https:\/\/www.eldiariodetucuman.com\/web\/dakar-2018-leyendas-buscan-triunfo\/#breadcrumb","itemListElement":[{"@type":"ListItem","position":1,"name":"Portada","item":"https:\/\/www.eldiariodetucuman.com\/web\/"},{"@type":"ListItem","position":2,"name":"Dakar 2018: \u201cLeyendas\u201d que buscan el triunfo"}]},{"@type":"WebSite","@id":"https:\/\/www.eldiariodetucuman.com\/web\/#website","url":"https:\/\/www.eldiariodetucuman.com\/web\/","name":"El Diario de Tucuman","description":"Diario Tucuman - Informaci\u00f3n y noticias","publisher":{"@id":"https:\/\/www.eldiariodetucuman.com\/web\/#organization"},"potentialAction":[{"@type":"SearchAction","target":{"@type":"EntryPoint","urlTemplate":"https:\/\/www.eldiariodetucuman.com\/web\/?s={search_term_string}"},"query-input":{"@type":"PropertyValueSpecification","valueRequired":true,"valueName":"search_term_string"}}],"inLanguage":"es"},{"@type":"Organization","@id":"https:\/\/www.eldiariodetucuman.com\/web\/#organization","name":"El Diario de Tucuman","url":"https:\/\/www.eldiariodetucuman.com\/web\/","logo":{"@type":"ImageObject","inLanguage":"es","@id":"https:\/\/www.eldiariodetucuman.com\/web\/#\/schema\/logo\/image\/","url":"http:\/\/www.eldiariodetucuman.com\/web\/wp-content\/uploads\/2017\/12\/el-diario-de-tucuman.jpg","contentUrl":"http:\/\/www.eldiariodetucuman.com\/web\/wp-content\/uploads\/2017\/12\/el-diario-de-tucuman.jpg","width":272,"height":92,"caption":"El Diario de Tucuman"},"image":{"@id":"https:\/\/www.eldiariodetucuman.com\/web\/#\/schema\/logo\/image\/"}},{"@type":"Person","@id":"https:\/\/www.eldiariodetucuman.com\/web\/#\/schema\/person\/9250197d75ab5483412e19678b121caa","name":"admin","image":{"@type":"ImageObject","inLanguage":"es","@id":"https:\/\/secure.gravatar.com\/avatar\/c44d117c2be811212c22cb481f6b8384b6873de103fbc49e7a03cc58d7dea4ac?s=96&d=mm&r=g","url":"https:\/\/secure.gravatar.com\/avatar\/c44d117c2be811212c22cb481f6b8384b6873de103fbc49e7a03cc58d7dea4ac?s=96&d=mm&r=g","contentUrl":"https:\/\/secure.gravatar.com\/avatar\/c44d117c2be811212c22cb481f6b8384b6873de103fbc49e7a03cc58d7dea4ac?s=96&d=mm&r=g","caption":"admin"},"url":"https:\/\/www.eldiariodetucuman.com\/web\/author\/admin\/"}]}},"_links":{"self":[{"href":"https:\/\/www.eldiariodetucuman.com\/web\/wp-json\/wp\/v2\/posts\/4331","targetHints":{"allow":["GET"]}}],"collection":[{"href":"https:\/\/www.eldiariodetucuman.com\/web\/wp-json\/wp\/v2\/posts"}],"about":[{"href":"https:\/\/www.eldiariodetucuman.com\/web\/wp-json\/wp\/v2\/types\/post"}],"author":[{"embeddable":true,"href":"https:\/\/www.eldiariodetucuman.com\/web\/wp-json\/wp\/v2\/users\/1"}],"replies":[{"embeddable":true,"href":"https:\/\/www.eldiariodetucuman.com\/web\/wp-json\/wp\/v2\/comments?post=4331"}],"version-history":[{"count":1,"href":"https:\/\/www.eldiariodetucuman.com\/web\/wp-json\/wp\/v2\/posts\/4331\/revisions"}],"predecessor-version":[{"id":4337,"href":"https:\/\/www.eldiariodetucuman.com\/web\/wp-json\/wp\/v2\/posts\/4331\/revisions\/4337"}],"wp:featuredmedia":[{"embeddable":true,"href":"https:\/\/www.eldiariodetucuman.com\/web\/wp-json\/wp\/v2\/media\/4332"}],"wp:attachment":[{"href":"https:\/\/www.eldiariodetucuman.com\/web\/wp-json\/wp\/v2\/media?parent=4331"}],"wp:term":[{"taxonomy":"category","embeddable":true,"href":"https:\/\/www.eldiariodetucuman.com\/web\/wp-json\/wp\/v2\/categories?post=4331"},{"taxonomy":"post_tag","embeddable":true,"href":"https:\/\/www.eldiariodetucuman.com\/web\/wp-json\/wp\/v2\/tags?post=4331"}],"curies":[{"name":"wp","href":"https:\/\/api.w.org\/{rel}","templated":true}]}}