{"id":4326,"date":"2017-12-28T08:46:17","date_gmt":"2017-12-28T11:46:17","guid":{"rendered":"http:\/\/www.eldiariodetucuman.com\/web\/?p=4326"},"modified":"2017-12-28T08:46:17","modified_gmt":"2017-12-28T11:46:17","slug":"como-proteger-tu-casa-si-salis-de-vacaciones","status":"publish","type":"post","link":"https:\/\/www.eldiariodetucuman.com\/web\/como-proteger-tu-casa-si-salis-de-vacaciones\/","title":{"rendered":"C\u00f3mo proteger tu casa si sal\u00eds de vacaciones"},"content":{"rendered":"<div class=\"base-box blog-post p-single bp-horizontal-share post-149682 post type-post status-publish format-standard has-post-thumbnail category-archivo category-comunicados category-seguridad-ciudadana\">\n<div class=\"feature-img\">\u00a0Si bien la Polic\u00eda de la provincia intensific\u00f3 las tareas de prevenci\u00f3n durante las festividades y vacaciones, se dieron a conocer algunos consejos para evitar delitos.<\/div>\n<\/div>\n<p><!--more--><\/p>\n<div>El comisario\u00a0<strong>Eduardo D\u00edaz<\/strong>, jefe de Delitos contra la Propiedad, precis\u00f3 que\u00a0\u201cse deben tomar todos los recaudos a la hora salir de las viviendas, ya que los delincuentes suelen hacer inteligencia antes de cometer los delitos\u201d.<\/div>\n<div class=\"base-box blog-post p-single bp-horizontal-share post-149682 post type-post status-publish format-standard has-post-thumbnail category-archivo category-comunicados category-seguridad-ciudadana\">\n<div class=\"entry-content\">\n<blockquote class=\"mom_quote \">\n<p class=\"selectionShareable\">Adem\u00e1s, detall\u00f3:<\/p>\n<p class=\"selectionShareable\">*\u00a0No divulgue acerca de su viaje o pr\u00f3ximas vacaciones. Evite hacer publicaciones en las redes sociales<\/p>\n<p class=\"selectionShareable\">* Asegure puertas y ventanas con rejas, esas herramientas protegen a\u00fan m\u00e1s su propiedad<\/p>\n<p class=\"selectionShareable\">* Deje su casa bien iluminada en caso de ausentarse durante un tiempo prolongado<\/p>\n<p class=\"selectionShareable\">* Deje las llaves de su vivienda a un familiar o vecino \u00a0para que se ocupe de facturas de servicio, luces y cuidar su casa \u00a0durante su ausencia<\/p>\n<p class=\"selectionShareable\">* En caso de recibir diario de canillitas, suspenda la provisi\u00f3n hasta su regreso<\/p>\n<p class=\"selectionShareable\">* Tener grupos de Whatsapp con vecinos de confianza permite contactarse ante alguna situaci\u00f3n sospechosa<\/p>\n<\/blockquote>\n<p class=\"selectionShareable\">El jefe coment\u00f3 adem\u00e1s que, en relaci\u00f3n a los hechos que ocurrieron el fin de semana en distintos puntos, \u201ctenemos grandes avances, estamos haciendo un trabajo con c\u00e1maras de seguridad y otras pruebas a fin de esclarecer los hechos. Vamos a solicitar medidas a la Justicia\u201d, cerr\u00f3 el comisario.<\/p>\n<\/div>\n<\/div>\n<p><strong>Fuente:\u00a0<\/strong><a href=\"http:\/\/comunicaciontucuman.gob.ar\/2017\/12\/recomendaciones-para-proteger-las-viviendas-en-vacaciones\/\">http:\/\/comunicaciontucuman.gob.ar\/2017\/12\/recomendaciones-para-proteger-las-viviendas-en-vacaciones\/<\/a><\/p>\n<div class=\"np-posts\"><\/div>\n","protected":false},"excerpt":{"rendered":"<p>\u00a0Si bien la Polic\u00eda de la provincia intensific\u00f3 las tareas de prevenci\u00f3n durante las festividades y vacaciones, se dieron a conocer algunos consejos para evitar delitos.<\/p>\n","protected":false},"author":5,"featured_media":4327,"comment_status":"closed","ping_status":"open","sticky":false,"template":"","format":"standard","meta":{"footnotes":""},"categories":[1],"tags":[7,311,61,139,487],"class_list":{"0":"post-4326","1":"post","2":"type-post","3":"status-publish","4":"format-standard","5":"has-post-thumbnail","7":"category-portada","8":"tag-el-diario-de-tucuman","9":"tag-policia","10":"tag-tucuman","11":"tag-vacaciones","12":"tag-viviendas"},"yoast_head":"<!-- This site is optimized with the Yoast SEO plugin v27.4 - https:\/\/yoast.com\/product\/yoast-seo-wordpress\/ -->\n<title>C\u00f3mo proteger tu casa si sal\u00eds de vacaciones<\/title>\n<meta name=\"description\" content=\"\u00a0Si bien la Polic\u00eda de la provincia intensific\u00f3 las tareas de prevenci\u00f3n durante las festividades y vacaciones, se dieron a conocer algunos consejos para evitar delitos.\" \/>\n<meta name=\"robots\" content=\"index, follow, max-snippet:-1, max-image-preview:large, max-video-preview:-1\" \/>\n<link rel=\"canonical\" href=\"https:\/\/www.eldiariodetucuman.com\/web\/como-proteger-tu-casa-si-salis-de-vacaciones\/\" \/>\n<meta property=\"og:locale\" content=\"es_ES\" \/>\n<meta property=\"og:type\" content=\"article\" \/>\n<meta property=\"og:title\" content=\"C\u00f3mo proteger tu casa si sal\u00eds de vacaciones\" \/>\n<meta property=\"og:description\" content=\"\u00a0Si bien la Polic\u00eda de la provincia intensific\u00f3 las tareas de prevenci\u00f3n durante las festividades y vacaciones, se dieron a conocer algunos consejos para evitar delitos.\" \/>\n<meta property=\"og:url\" content=\"https:\/\/www.eldiariodetucuman.com\/web\/como-proteger-tu-casa-si-salis-de-vacaciones\/\" \/>\n<meta property=\"og:site_name\" content=\"El Diario de Tucuman\" \/>\n<meta property=\"article:published_time\" content=\"2017-12-28T11:46:17+00:00\" \/>\n<meta property=\"og:image\" content=\"https:\/\/www.eldiariodetucuman.com\/web\/wp-content\/uploads\/2017\/12\/policiacasa.jpg\" \/>\n\t<meta property=\"og:image:width\" content=\"1500\" \/>\n\t<meta property=\"og:image:height\" content=\"850\" \/>\n\t<meta property=\"og:image:type\" content=\"image\/jpeg\" \/>\n<meta name=\"author\" content=\"Redactor Uno\" \/>\n<meta name=\"twitter:card\" content=\"summary_large_image\" \/>\n<meta name=\"twitter:label1\" content=\"Escrito por\" \/>\n\t<meta name=\"twitter:data1\" content=\"Redactor Uno\" \/>\n\t<meta name=\"twitter:label2\" content=\"Tiempo de lectura\" \/>\n\t<meta name=\"twitter:data2\" content=\"1 minuto\" \/>\n<script type=\"application\/ld+json\" class=\"yoast-schema-graph\">{\"@context\":\"https:\\\/\\\/schema.org\",\"@graph\":[{\"@type\":\"Article\",\"@id\":\"https:\\\/\\\/www.eldiariodetucuman.com\\\/web\\\/como-proteger-tu-casa-si-salis-de-vacaciones\\\/#article\",\"isPartOf\":{\"@id\":\"https:\\\/\\\/www.eldiariodetucuman.com\\\/web\\\/como-proteger-tu-casa-si-salis-de-vacaciones\\\/\"},\"author\":{\"name\":\"Redactor Uno\",\"@id\":\"https:\\\/\\\/www.eldiariodetucuman.com\\\/web\\\/#\\\/schema\\\/person\\\/7e6644a46e60888f6b868594407e08dd\"},\"headline\":\"C\u00f3mo proteger tu casa si sal\u00eds de vacaciones\",\"datePublished\":\"2017-12-28T11:46:17+00:00\",\"mainEntityOfPage\":{\"@id\":\"https:\\\/\\\/www.eldiariodetucuman.com\\\/web\\\/como-proteger-tu-casa-si-salis-de-vacaciones\\\/\"},\"wordCount\":238,\"publisher\":{\"@id\":\"https:\\\/\\\/www.eldiariodetucuman.com\\\/web\\\/#organization\"},\"image\":{\"@id\":\"https:\\\/\\\/www.eldiariodetucuman.com\\\/web\\\/como-proteger-tu-casa-si-salis-de-vacaciones\\\/#primaryimage\"},\"thumbnailUrl\":\"https:\\\/\\\/www.eldiariodetucuman.com\\\/web\\\/wp-content\\\/uploads\\\/2017\\\/12\\\/policiacasa.jpg\",\"keywords\":[\"El Diario de Tucuman\",\"policia\",\"Tucuman\",\"vacaciones\",\"viviendas\"],\"articleSection\":[\"Portada\"],\"inLanguage\":\"es\"},{\"@type\":\"WebPage\",\"@id\":\"https:\\\/\\\/www.eldiariodetucuman.com\\\/web\\\/como-proteger-tu-casa-si-salis-de-vacaciones\\\/\",\"url\":\"https:\\\/\\\/www.eldiariodetucuman.com\\\/web\\\/como-proteger-tu-casa-si-salis-de-vacaciones\\\/\",\"name\":\"C\u00f3mo proteger tu casa si sal\u00eds de vacaciones\",\"isPartOf\":{\"@id\":\"https:\\\/\\\/www.eldiariodetucuman.com\\\/web\\\/#website\"},\"primaryImageOfPage\":{\"@id\":\"https:\\\/\\\/www.eldiariodetucuman.com\\\/web\\\/como-proteger-tu-casa-si-salis-de-vacaciones\\\/#primaryimage\"},\"image\":{\"@id\":\"https:\\\/\\\/www.eldiariodetucuman.com\\\/web\\\/como-proteger-tu-casa-si-salis-de-vacaciones\\\/#primaryimage\"},\"thumbnailUrl\":\"https:\\\/\\\/www.eldiariodetucuman.com\\\/web\\\/wp-content\\\/uploads\\\/2017\\\/12\\\/policiacasa.jpg\",\"datePublished\":\"2017-12-28T11:46:17+00:00\",\"description\":\"\u00a0Si bien la Polic\u00eda de la provincia intensific\u00f3 las tareas de prevenci\u00f3n durante las festividades y vacaciones, se dieron a conocer algunos consejos para evitar delitos.\",\"breadcrumb\":{\"@id\":\"https:\\\/\\\/www.eldiariodetucuman.com\\\/web\\\/como-proteger-tu-casa-si-salis-de-vacaciones\\\/#breadcrumb\"},\"inLanguage\":\"es\",\"potentialAction\":[{\"@type\":\"ReadAction\",\"target\":[\"https:\\\/\\\/www.eldiariodetucuman.com\\\/web\\\/como-proteger-tu-casa-si-salis-de-vacaciones\\\/\"]}]},{\"@type\":\"ImageObject\",\"inLanguage\":\"es\",\"@id\":\"https:\\\/\\\/www.eldiariodetucuman.com\\\/web\\\/como-proteger-tu-casa-si-salis-de-vacaciones\\\/#primaryimage\",\"url\":\"https:\\\/\\\/www.eldiariodetucuman.com\\\/web\\\/wp-content\\\/uploads\\\/2017\\\/12\\\/policiacasa.jpg\",\"contentUrl\":\"https:\\\/\\\/www.eldiariodetucuman.com\\\/web\\\/wp-content\\\/uploads\\\/2017\\\/12\\\/policiacasa.jpg\",\"width\":1500,\"height\":850},{\"@type\":\"BreadcrumbList\",\"@id\":\"https:\\\/\\\/www.eldiariodetucuman.com\\\/web\\\/como-proteger-tu-casa-si-salis-de-vacaciones\\\/#breadcrumb\",\"itemListElement\":[{\"@type\":\"ListItem\",\"position\":1,\"name\":\"Portada\",\"item\":\"https:\\\/\\\/www.eldiariodetucuman.com\\\/web\\\/\"},{\"@type\":\"ListItem\",\"position\":2,\"name\":\"C\u00f3mo proteger tu casa si sal\u00eds de vacaciones\"}]},{\"@type\":\"WebSite\",\"@id\":\"https:\\\/\\\/www.eldiariodetucuman.com\\\/web\\\/#website\",\"url\":\"https:\\\/\\\/www.eldiariodetucuman.com\\\/web\\\/\",\"name\":\"El Diario de Tucuman\",\"description\":\"Diario Tucuman - Informaci\u00f3n y noticias\",\"publisher\":{\"@id\":\"https:\\\/\\\/www.eldiariodetucuman.com\\\/web\\\/#organization\"},\"potentialAction\":[{\"@type\":\"SearchAction\",\"target\":{\"@type\":\"EntryPoint\",\"urlTemplate\":\"https:\\\/\\\/www.eldiariodetucuman.com\\\/web\\\/?s={search_term_string}\"},\"query-input\":{\"@type\":\"PropertyValueSpecification\",\"valueRequired\":true,\"valueName\":\"search_term_string\"}}],\"inLanguage\":\"es\"},{\"@type\":\"Organization\",\"@id\":\"https:\\\/\\\/www.eldiariodetucuman.com\\\/web\\\/#organization\",\"name\":\"El Diario de Tucuman\",\"url\":\"https:\\\/\\\/www.eldiariodetucuman.com\\\/web\\\/\",\"logo\":{\"@type\":\"ImageObject\",\"inLanguage\":\"es\",\"@id\":\"https:\\\/\\\/www.eldiariodetucuman.com\\\/web\\\/#\\\/schema\\\/logo\\\/image\\\/\",\"url\":\"http:\\\/\\\/www.eldiariodetucuman.com\\\/web\\\/wp-content\\\/uploads\\\/2017\\\/12\\\/el-diario-de-tucuman.jpg\",\"contentUrl\":\"http:\\\/\\\/www.eldiariodetucuman.com\\\/web\\\/wp-content\\\/uploads\\\/2017\\\/12\\\/el-diario-de-tucuman.jpg\",\"width\":272,\"height\":92,\"caption\":\"El Diario de Tucuman\"},\"image\":{\"@id\":\"https:\\\/\\\/www.eldiariodetucuman.com\\\/web\\\/#\\\/schema\\\/logo\\\/image\\\/\"}},{\"@type\":\"Person\",\"@id\":\"https:\\\/\\\/www.eldiariodetucuman.com\\\/web\\\/#\\\/schema\\\/person\\\/7e6644a46e60888f6b868594407e08dd\",\"name\":\"Redactor Uno\",\"image\":{\"@type\":\"ImageObject\",\"inLanguage\":\"es\",\"@id\":\"https:\\\/\\\/secure.gravatar.com\\\/avatar\\\/0049b1bdf1bd548385c9ea6b9356431717930913089febd2ba904f0187d7d074?s=96&d=mm&r=g\",\"url\":\"https:\\\/\\\/secure.gravatar.com\\\/avatar\\\/0049b1bdf1bd548385c9ea6b9356431717930913089febd2ba904f0187d7d074?s=96&d=mm&r=g\",\"contentUrl\":\"https:\\\/\\\/secure.gravatar.com\\\/avatar\\\/0049b1bdf1bd548385c9ea6b9356431717930913089febd2ba904f0187d7d074?s=96&d=mm&r=g\",\"caption\":\"Redactor Uno\"},\"url\":\"https:\\\/\\\/www.eldiariodetucuman.com\\\/web\\\/author\\\/mramasco\\\/\"}]}<\/script>\n<!-- \/ Yoast SEO plugin. -->","yoast_head_json":{"title":"C\u00f3mo proteger tu casa si sal\u00eds de vacaciones","description":"\u00a0Si bien la Polic\u00eda de la provincia intensific\u00f3 las tareas de prevenci\u00f3n durante las festividades y vacaciones, se dieron a conocer algunos consejos para evitar delitos.","robots":{"index":"index","follow":"follow","max-snippet":"max-snippet:-1","max-image-preview":"max-image-preview:large","max-video-preview":"max-video-preview:-1"},"canonical":"https:\/\/www.eldiariodetucuman.com\/web\/como-proteger-tu-casa-si-salis-de-vacaciones\/","og_locale":"es_ES","og_type":"article","og_title":"C\u00f3mo proteger tu casa si sal\u00eds de vacaciones","og_description":"\u00a0Si bien la Polic\u00eda de la provincia intensific\u00f3 las tareas de prevenci\u00f3n durante las festividades y vacaciones, se dieron a conocer algunos consejos para evitar delitos.","og_url":"https:\/\/www.eldiariodetucuman.com\/web\/como-proteger-tu-casa-si-salis-de-vacaciones\/","og_site_name":"El Diario de Tucuman","article_published_time":"2017-12-28T11:46:17+00:00","og_image":[{"width":1500,"height":850,"url":"https:\/\/www.eldiariodetucuman.com\/web\/wp-content\/uploads\/2017\/12\/policiacasa.jpg","type":"image\/jpeg"}],"author":"Redactor Uno","twitter_card":"summary_large_image","twitter_misc":{"Escrito por":"Redactor Uno","Tiempo de lectura":"1 minuto"},"schema":{"@context":"https:\/\/schema.org","@graph":[{"@type":"Article","@id":"https:\/\/www.eldiariodetucuman.com\/web\/como-proteger-tu-casa-si-salis-de-vacaciones\/#article","isPartOf":{"@id":"https:\/\/www.eldiariodetucuman.com\/web\/como-proteger-tu-casa-si-salis-de-vacaciones\/"},"author":{"name":"Redactor Uno","@id":"https:\/\/www.eldiariodetucuman.com\/web\/#\/schema\/person\/7e6644a46e60888f6b868594407e08dd"},"headline":"C\u00f3mo proteger tu casa si sal\u00eds de vacaciones","datePublished":"2017-12-28T11:46:17+00:00","mainEntityOfPage":{"@id":"https:\/\/www.eldiariodetucuman.com\/web\/como-proteger-tu-casa-si-salis-de-vacaciones\/"},"wordCount":238,"publisher":{"@id":"https:\/\/www.eldiariodetucuman.com\/web\/#organization"},"image":{"@id":"https:\/\/www.eldiariodetucuman.com\/web\/como-proteger-tu-casa-si-salis-de-vacaciones\/#primaryimage"},"thumbnailUrl":"https:\/\/www.eldiariodetucuman.com\/web\/wp-content\/uploads\/2017\/12\/policiacasa.jpg","keywords":["El Diario de Tucuman","policia","Tucuman","vacaciones","viviendas"],"articleSection":["Portada"],"inLanguage":"es"},{"@type":"WebPage","@id":"https:\/\/www.eldiariodetucuman.com\/web\/como-proteger-tu-casa-si-salis-de-vacaciones\/","url":"https:\/\/www.eldiariodetucuman.com\/web\/como-proteger-tu-casa-si-salis-de-vacaciones\/","name":"C\u00f3mo proteger tu casa si sal\u00eds de vacaciones","isPartOf":{"@id":"https:\/\/www.eldiariodetucuman.com\/web\/#website"},"primaryImageOfPage":{"@id":"https:\/\/www.eldiariodetucuman.com\/web\/como-proteger-tu-casa-si-salis-de-vacaciones\/#primaryimage"},"image":{"@id":"https:\/\/www.eldiariodetucuman.com\/web\/como-proteger-tu-casa-si-salis-de-vacaciones\/#primaryimage"},"thumbnailUrl":"https:\/\/www.eldiariodetucuman.com\/web\/wp-content\/uploads\/2017\/12\/policiacasa.jpg","datePublished":"2017-12-28T11:46:17+00:00","description":"\u00a0Si bien la Polic\u00eda de la provincia intensific\u00f3 las tareas de prevenci\u00f3n durante las festividades y vacaciones, se dieron a conocer algunos consejos para evitar delitos.","breadcrumb":{"@id":"https:\/\/www.eldiariodetucuman.com\/web\/como-proteger-tu-casa-si-salis-de-vacaciones\/#breadcrumb"},"inLanguage":"es","potentialAction":[{"@type":"ReadAction","target":["https:\/\/www.eldiariodetucuman.com\/web\/como-proteger-tu-casa-si-salis-de-vacaciones\/"]}]},{"@type":"ImageObject","inLanguage":"es","@id":"https:\/\/www.eldiariodetucuman.com\/web\/como-proteger-tu-casa-si-salis-de-vacaciones\/#primaryimage","url":"https:\/\/www.eldiariodetucuman.com\/web\/wp-content\/uploads\/2017\/12\/policiacasa.jpg","contentUrl":"https:\/\/www.eldiariodetucuman.com\/web\/wp-content\/uploads\/2017\/12\/policiacasa.jpg","width":1500,"height":850},{"@type":"BreadcrumbList","@id":"https:\/\/www.eldiariodetucuman.com\/web\/como-proteger-tu-casa-si-salis-de-vacaciones\/#breadcrumb","itemListElement":[{"@type":"ListItem","position":1,"name":"Portada","item":"https:\/\/www.eldiariodetucuman.com\/web\/"},{"@type":"ListItem","position":2,"name":"C\u00f3mo proteger tu casa si sal\u00eds de vacaciones"}]},{"@type":"WebSite","@id":"https:\/\/www.eldiariodetucuman.com\/web\/#website","url":"https:\/\/www.eldiariodetucuman.com\/web\/","name":"El Diario de Tucuman","description":"Diario Tucuman - Informaci\u00f3n y noticias","publisher":{"@id":"https:\/\/www.eldiariodetucuman.com\/web\/#organization"},"potentialAction":[{"@type":"SearchAction","target":{"@type":"EntryPoint","urlTemplate":"https:\/\/www.eldiariodetucuman.com\/web\/?s={search_term_string}"},"query-input":{"@type":"PropertyValueSpecification","valueRequired":true,"valueName":"search_term_string"}}],"inLanguage":"es"},{"@type":"Organization","@id":"https:\/\/www.eldiariodetucuman.com\/web\/#organization","name":"El Diario de Tucuman","url":"https:\/\/www.eldiariodetucuman.com\/web\/","logo":{"@type":"ImageObject","inLanguage":"es","@id":"https:\/\/www.eldiariodetucuman.com\/web\/#\/schema\/logo\/image\/","url":"http:\/\/www.eldiariodetucuman.com\/web\/wp-content\/uploads\/2017\/12\/el-diario-de-tucuman.jpg","contentUrl":"http:\/\/www.eldiariodetucuman.com\/web\/wp-content\/uploads\/2017\/12\/el-diario-de-tucuman.jpg","width":272,"height":92,"caption":"El Diario de Tucuman"},"image":{"@id":"https:\/\/www.eldiariodetucuman.com\/web\/#\/schema\/logo\/image\/"}},{"@type":"Person","@id":"https:\/\/www.eldiariodetucuman.com\/web\/#\/schema\/person\/7e6644a46e60888f6b868594407e08dd","name":"Redactor Uno","image":{"@type":"ImageObject","inLanguage":"es","@id":"https:\/\/secure.gravatar.com\/avatar\/0049b1bdf1bd548385c9ea6b9356431717930913089febd2ba904f0187d7d074?s=96&d=mm&r=g","url":"https:\/\/secure.gravatar.com\/avatar\/0049b1bdf1bd548385c9ea6b9356431717930913089febd2ba904f0187d7d074?s=96&d=mm&r=g","contentUrl":"https:\/\/secure.gravatar.com\/avatar\/0049b1bdf1bd548385c9ea6b9356431717930913089febd2ba904f0187d7d074?s=96&d=mm&r=g","caption":"Redactor Uno"},"url":"https:\/\/www.eldiariodetucuman.com\/web\/author\/mramasco\/"}]}},"_links":{"self":[{"href":"https:\/\/www.eldiariodetucuman.com\/web\/wp-json\/wp\/v2\/posts\/4326","targetHints":{"allow":["GET"]}}],"collection":[{"href":"https:\/\/www.eldiariodetucuman.com\/web\/wp-json\/wp\/v2\/posts"}],"about":[{"href":"https:\/\/www.eldiariodetucuman.com\/web\/wp-json\/wp\/v2\/types\/post"}],"author":[{"embeddable":true,"href":"https:\/\/www.eldiariodetucuman.com\/web\/wp-json\/wp\/v2\/users\/5"}],"replies":[{"embeddable":true,"href":"https:\/\/www.eldiariodetucuman.com\/web\/wp-json\/wp\/v2\/comments?post=4326"}],"version-history":[{"count":1,"href":"https:\/\/www.eldiariodetucuman.com\/web\/wp-json\/wp\/v2\/posts\/4326\/revisions"}],"predecessor-version":[{"id":4328,"href":"https:\/\/www.eldiariodetucuman.com\/web\/wp-json\/wp\/v2\/posts\/4326\/revisions\/4328"}],"wp:featuredmedia":[{"embeddable":true,"href":"https:\/\/www.eldiariodetucuman.com\/web\/wp-json\/wp\/v2\/media\/4327"}],"wp:attachment":[{"href":"https:\/\/www.eldiariodetucuman.com\/web\/wp-json\/wp\/v2\/media?parent=4326"}],"wp:term":[{"taxonomy":"category","embeddable":true,"href":"https:\/\/www.eldiariodetucuman.com\/web\/wp-json\/wp\/v2\/categories?post=4326"},{"taxonomy":"post_tag","embeddable":true,"href":"https:\/\/www.eldiariodetucuman.com\/web\/wp-json\/wp\/v2\/tags?post=4326"}],"curies":[{"name":"wp","href":"https:\/\/api.w.org\/{rel}","templated":true}]}}