{"id":43115,"date":"2024-11-11T10:33:21","date_gmt":"2024-11-11T13:33:21","guid":{"rendered":"https:\/\/www.eldiariodetucuman.com\/web\/?p=43115"},"modified":"2024-11-11T10:33:21","modified_gmt":"2024-11-11T13:33:21","slug":"transporte-publico-comienza-a-implementarse-el-sistema-de-pago-abierto","status":"publish","type":"post","link":"https:\/\/www.eldiariodetucuman.com\/web\/transporte-publico-comienza-a-implementarse-el-sistema-de-pago-abierto\/","title":{"rendered":"Transporte p\u00fablico: comienza a implementarse el sistema de pago abierto"},"content":{"rendered":"<article>\n<div id=\"detail-header\" class=\"article-header\">\n<div class=\"row\">\n<div class=\"col-12\">\n<div>\n<p>La l\u00ednea 130 ser\u00e1 la primera en incorporar el sistema de pago abierto, en el marco de un plan para mejorar el servicio de transporte.<\/p>\n<\/div>\n<\/div>\n<\/div>\n<\/div>\n<\/article>\n<p><!--more--><\/p>\n<article>\n<div id=\"detail-header\" class=\"article-header\">\n<div class=\"row\">\n<div class=\"col-12\">\n<div>\n<p>Tucum\u00e1n comenzar\u00e1 esta semana a implementar un sistema de pago abierto para el transporte p\u00fablico, iniciando en la l\u00ednea 130, que cubre rutas en la zona metropolitana. Esta prueba piloto busca facilitar a los usuarios el pago del boleto mediante tarjetas de d\u00e9bito, cr\u00e9dito y un c\u00f3digo QR desde el celular.<\/p>\n<p>La iniciativa se enmarca en un esfuerzo provincial para mejorar la calidad del transporte p\u00fablico y responder a la crisis que enfrenta el sector. Vicente Nicastro, secretario de Transporte de Tucum\u00e1n, explic\u00f3 que este sistema de pago abierto permite al usuario optar entre la tarjeta f\u00edsica o el pago mediante aplicaciones de billetera virtual, eliminando la necesidad de comprar tarjetas espec\u00edficas.<\/p>\n<p>\u201cQueremos que este sistema sea conveniente para todos, para que cada pasajero elija el m\u00e9todo de pago que le resulte m\u00e1s c\u00f3modo\u201d, declar\u00f3 Nicastro en di\u00e1logo con LV12 Radio Independencia. La nueva tecnolog\u00eda se instalar\u00e1 de forma gradual y se espera que m\u00e1s l\u00edneas de la zona metropolitana se sumen en los pr\u00f3ximos meses.<\/p>\n<p>La implementaci\u00f3n de este sistema incluye la instalaci\u00f3n de nuevo equipamiento en las unidades, como validadoras de pago y consolas para los choferes. Seg\u00fan el vicepresidente de AETAT, Jorge Berreta, se trata de una medida innovadora que no solo facilitar\u00e1 el pago sino que tambi\u00e9n permitir\u00e1 a los pasajeros seguir los recorridos en tiempo real a trav\u00e9s de una aplicaci\u00f3n m\u00f3vil. \u201cLos usuarios podr\u00e1n saber cu\u00e1nto falta para que llegue su colectivo, mejorando la experiencia de viaje y la planificaci\u00f3n\u201d, agreg\u00f3 Berreta.<\/p>\n<p>El proyecto es pionero a nivel nacional, situando a Tucum\u00e1n entre las primeras provincias en implementar este sistema, junto con el \u00c1rea Metropolitana de Buenos Aires (AMBA). La intenci\u00f3n es evaluar el funcionamiento de esta tecnolog\u00eda en el transporte urbano e interurbano y, eventualmente, extenderla a las \u00e1reas rurales en un lapso de tres a cuatro meses, explic\u00f3 Nicastro.<\/p>\n<p><strong>Fuente:<\/strong> <a href=\"https:\/\/www.lv12.com.ar\/transporte\/transporte-comienza-implementarse-el-sistema-pago-abierto-n169028\">https:\/\/www.lv12.com.ar\/transporte\/transporte-comienza-implementarse-el-sistema-pago-abierto-n169028<\/a><\/p>\n<\/div>\n<\/div>\n<\/div>\n<\/div>\n<\/article>\n","protected":false},"excerpt":{"rendered":"<p>La l\u00ednea 130 ser\u00e1 la primera en incorporar el sistema de pago abierto, en el marco de un plan para mejorar el servicio de transporte.<\/p>\n","protected":false},"author":5,"featured_media":43116,"comment_status":"closed","ping_status":"open","sticky":false,"template":"","format":"standard","meta":{"footnotes":""},"categories":[2],"tags":[5337,61],"class_list":{"0":"post-43115","1":"post","2":"type-post","3":"status-publish","4":"format-standard","5":"has-post-thumbnail","7":"category-actualidad","8":"tag-linea-130","9":"tag-tucuman"},"yoast_head":"<!-- This site is optimized with the Yoast SEO plugin v27.4 - https:\/\/yoast.com\/product\/yoast-seo-wordpress\/ -->\n<title>Transporte p\u00fablico: comienza a implementarse el sistema de pago abierto - El Diario de Tucuman<\/title>\n<meta name=\"robots\" content=\"index, follow, max-snippet:-1, max-image-preview:large, max-video-preview:-1\" \/>\n<link rel=\"canonical\" href=\"https:\/\/www.eldiariodetucuman.com\/web\/transporte-publico-comienza-a-implementarse-el-sistema-de-pago-abierto\/\" \/>\n<meta property=\"og:locale\" content=\"es_ES\" \/>\n<meta property=\"og:type\" content=\"article\" \/>\n<meta property=\"og:title\" content=\"Transporte p\u00fablico: comienza a implementarse el sistema de pago abierto - El Diario de Tucuman\" \/>\n<meta property=\"og:description\" content=\"La l\u00ednea 130 ser\u00e1 la primera en incorporar el sistema de pago abierto, en el marco de un plan para mejorar el servicio de transporte.\" \/>\n<meta property=\"og:url\" content=\"https:\/\/www.eldiariodetucuman.com\/web\/transporte-publico-comienza-a-implementarse-el-sistema-de-pago-abierto\/\" \/>\n<meta property=\"og:site_name\" content=\"El Diario de Tucuman\" \/>\n<meta property=\"article:published_time\" content=\"2024-11-11T13:33:21+00:00\" \/>\n<meta property=\"og:image\" content=\"https:\/\/www.eldiariodetucuman.com\/web\/wp-content\/uploads\/2024\/11\/linea-130.webp\" \/>\n\t<meta property=\"og:image:width\" content=\"675\" \/>\n\t<meta property=\"og:image:height\" content=\"675\" \/>\n\t<meta property=\"og:image:type\" content=\"image\/webp\" \/>\n<meta name=\"author\" content=\"Redactor Uno\" \/>\n<meta name=\"twitter:card\" content=\"summary_large_image\" \/>\n<meta name=\"twitter:label1\" content=\"Escrito por\" \/>\n\t<meta name=\"twitter:data1\" content=\"Redactor Uno\" \/>\n\t<meta name=\"twitter:label2\" content=\"Tiempo de lectura\" \/>\n\t<meta name=\"twitter:data2\" content=\"2 minutos\" \/>\n<script type=\"application\/ld+json\" class=\"yoast-schema-graph\">{\"@context\":\"https:\\\/\\\/schema.org\",\"@graph\":[{\"@type\":\"Article\",\"@id\":\"https:\\\/\\\/www.eldiariodetucuman.com\\\/web\\\/transporte-publico-comienza-a-implementarse-el-sistema-de-pago-abierto\\\/#article\",\"isPartOf\":{\"@id\":\"https:\\\/\\\/www.eldiariodetucuman.com\\\/web\\\/transporte-publico-comienza-a-implementarse-el-sistema-de-pago-abierto\\\/\"},\"author\":{\"name\":\"Redactor Uno\",\"@id\":\"https:\\\/\\\/www.eldiariodetucuman.com\\\/web\\\/#\\\/schema\\\/person\\\/7e6644a46e60888f6b868594407e08dd\"},\"headline\":\"Transporte p\u00fablico: comienza a implementarse el sistema de pago abierto\",\"datePublished\":\"2024-11-11T13:33:21+00:00\",\"mainEntityOfPage\":{\"@id\":\"https:\\\/\\\/www.eldiariodetucuman.com\\\/web\\\/transporte-publico-comienza-a-implementarse-el-sistema-de-pago-abierto\\\/\"},\"wordCount\":381,\"publisher\":{\"@id\":\"https:\\\/\\\/www.eldiariodetucuman.com\\\/web\\\/#organization\"},\"image\":{\"@id\":\"https:\\\/\\\/www.eldiariodetucuman.com\\\/web\\\/transporte-publico-comienza-a-implementarse-el-sistema-de-pago-abierto\\\/#primaryimage\"},\"thumbnailUrl\":\"https:\\\/\\\/www.eldiariodetucuman.com\\\/web\\\/wp-content\\\/uploads\\\/2024\\\/11\\\/linea-130.webp\",\"keywords\":[\"l\u00ednea 130\",\"Tucuman\"],\"articleSection\":[\"Actualidad\"],\"inLanguage\":\"es\"},{\"@type\":\"WebPage\",\"@id\":\"https:\\\/\\\/www.eldiariodetucuman.com\\\/web\\\/transporte-publico-comienza-a-implementarse-el-sistema-de-pago-abierto\\\/\",\"url\":\"https:\\\/\\\/www.eldiariodetucuman.com\\\/web\\\/transporte-publico-comienza-a-implementarse-el-sistema-de-pago-abierto\\\/\",\"name\":\"Transporte p\u00fablico: comienza a implementarse el sistema de pago abierto - El Diario de Tucuman\",\"isPartOf\":{\"@id\":\"https:\\\/\\\/www.eldiariodetucuman.com\\\/web\\\/#website\"},\"primaryImageOfPage\":{\"@id\":\"https:\\\/\\\/www.eldiariodetucuman.com\\\/web\\\/transporte-publico-comienza-a-implementarse-el-sistema-de-pago-abierto\\\/#primaryimage\"},\"image\":{\"@id\":\"https:\\\/\\\/www.eldiariodetucuman.com\\\/web\\\/transporte-publico-comienza-a-implementarse-el-sistema-de-pago-abierto\\\/#primaryimage\"},\"thumbnailUrl\":\"https:\\\/\\\/www.eldiariodetucuman.com\\\/web\\\/wp-content\\\/uploads\\\/2024\\\/11\\\/linea-130.webp\",\"datePublished\":\"2024-11-11T13:33:21+00:00\",\"breadcrumb\":{\"@id\":\"https:\\\/\\\/www.eldiariodetucuman.com\\\/web\\\/transporte-publico-comienza-a-implementarse-el-sistema-de-pago-abierto\\\/#breadcrumb\"},\"inLanguage\":\"es\",\"potentialAction\":[{\"@type\":\"ReadAction\",\"target\":[\"https:\\\/\\\/www.eldiariodetucuman.com\\\/web\\\/transporte-publico-comienza-a-implementarse-el-sistema-de-pago-abierto\\\/\"]}]},{\"@type\":\"ImageObject\",\"inLanguage\":\"es\",\"@id\":\"https:\\\/\\\/www.eldiariodetucuman.com\\\/web\\\/transporte-publico-comienza-a-implementarse-el-sistema-de-pago-abierto\\\/#primaryimage\",\"url\":\"https:\\\/\\\/www.eldiariodetucuman.com\\\/web\\\/wp-content\\\/uploads\\\/2024\\\/11\\\/linea-130.webp\",\"contentUrl\":\"https:\\\/\\\/www.eldiariodetucuman.com\\\/web\\\/wp-content\\\/uploads\\\/2024\\\/11\\\/linea-130.webp\",\"width\":675,\"height\":675},{\"@type\":\"BreadcrumbList\",\"@id\":\"https:\\\/\\\/www.eldiariodetucuman.com\\\/web\\\/transporte-publico-comienza-a-implementarse-el-sistema-de-pago-abierto\\\/#breadcrumb\",\"itemListElement\":[{\"@type\":\"ListItem\",\"position\":1,\"name\":\"Portada\",\"item\":\"https:\\\/\\\/www.eldiariodetucuman.com\\\/web\\\/\"},{\"@type\":\"ListItem\",\"position\":2,\"name\":\"Transporte p\u00fablico: comienza a implementarse el sistema de pago abierto\"}]},{\"@type\":\"WebSite\",\"@id\":\"https:\\\/\\\/www.eldiariodetucuman.com\\\/web\\\/#website\",\"url\":\"https:\\\/\\\/www.eldiariodetucuman.com\\\/web\\\/\",\"name\":\"El Diario de Tucuman\",\"description\":\"Diario Tucuman - Informaci\u00f3n y noticias\",\"publisher\":{\"@id\":\"https:\\\/\\\/www.eldiariodetucuman.com\\\/web\\\/#organization\"},\"potentialAction\":[{\"@type\":\"SearchAction\",\"target\":{\"@type\":\"EntryPoint\",\"urlTemplate\":\"https:\\\/\\\/www.eldiariodetucuman.com\\\/web\\\/?s={search_term_string}\"},\"query-input\":{\"@type\":\"PropertyValueSpecification\",\"valueRequired\":true,\"valueName\":\"search_term_string\"}}],\"inLanguage\":\"es\"},{\"@type\":\"Organization\",\"@id\":\"https:\\\/\\\/www.eldiariodetucuman.com\\\/web\\\/#organization\",\"name\":\"El Diario de Tucuman\",\"url\":\"https:\\\/\\\/www.eldiariodetucuman.com\\\/web\\\/\",\"logo\":{\"@type\":\"ImageObject\",\"inLanguage\":\"es\",\"@id\":\"https:\\\/\\\/www.eldiariodetucuman.com\\\/web\\\/#\\\/schema\\\/logo\\\/image\\\/\",\"url\":\"http:\\\/\\\/www.eldiariodetucuman.com\\\/web\\\/wp-content\\\/uploads\\\/2017\\\/12\\\/el-diario-de-tucuman.jpg\",\"contentUrl\":\"http:\\\/\\\/www.eldiariodetucuman.com\\\/web\\\/wp-content\\\/uploads\\\/2017\\\/12\\\/el-diario-de-tucuman.jpg\",\"width\":272,\"height\":92,\"caption\":\"El Diario de Tucuman\"},\"image\":{\"@id\":\"https:\\\/\\\/www.eldiariodetucuman.com\\\/web\\\/#\\\/schema\\\/logo\\\/image\\\/\"}},{\"@type\":\"Person\",\"@id\":\"https:\\\/\\\/www.eldiariodetucuman.com\\\/web\\\/#\\\/schema\\\/person\\\/7e6644a46e60888f6b868594407e08dd\",\"name\":\"Redactor Uno\",\"image\":{\"@type\":\"ImageObject\",\"inLanguage\":\"es\",\"@id\":\"https:\\\/\\\/secure.gravatar.com\\\/avatar\\\/0049b1bdf1bd548385c9ea6b9356431717930913089febd2ba904f0187d7d074?s=96&d=mm&r=g\",\"url\":\"https:\\\/\\\/secure.gravatar.com\\\/avatar\\\/0049b1bdf1bd548385c9ea6b9356431717930913089febd2ba904f0187d7d074?s=96&d=mm&r=g\",\"contentUrl\":\"https:\\\/\\\/secure.gravatar.com\\\/avatar\\\/0049b1bdf1bd548385c9ea6b9356431717930913089febd2ba904f0187d7d074?s=96&d=mm&r=g\",\"caption\":\"Redactor Uno\"},\"url\":\"https:\\\/\\\/www.eldiariodetucuman.com\\\/web\\\/author\\\/mramasco\\\/\"}]}<\/script>\n<!-- \/ Yoast SEO plugin. -->","yoast_head_json":{"title":"Transporte p\u00fablico: comienza a implementarse el sistema de pago abierto - El Diario de Tucuman","robots":{"index":"index","follow":"follow","max-snippet":"max-snippet:-1","max-image-preview":"max-image-preview:large","max-video-preview":"max-video-preview:-1"},"canonical":"https:\/\/www.eldiariodetucuman.com\/web\/transporte-publico-comienza-a-implementarse-el-sistema-de-pago-abierto\/","og_locale":"es_ES","og_type":"article","og_title":"Transporte p\u00fablico: comienza a implementarse el sistema de pago abierto - El Diario de Tucuman","og_description":"La l\u00ednea 130 ser\u00e1 la primera en incorporar el sistema de pago abierto, en el marco de un plan para mejorar el servicio de transporte.","og_url":"https:\/\/www.eldiariodetucuman.com\/web\/transporte-publico-comienza-a-implementarse-el-sistema-de-pago-abierto\/","og_site_name":"El Diario de Tucuman","article_published_time":"2024-11-11T13:33:21+00:00","og_image":[{"width":675,"height":675,"url":"https:\/\/www.eldiariodetucuman.com\/web\/wp-content\/uploads\/2024\/11\/linea-130.webp","type":"image\/webp"}],"author":"Redactor Uno","twitter_card":"summary_large_image","twitter_misc":{"Escrito por":"Redactor Uno","Tiempo de lectura":"2 minutos"},"schema":{"@context":"https:\/\/schema.org","@graph":[{"@type":"Article","@id":"https:\/\/www.eldiariodetucuman.com\/web\/transporte-publico-comienza-a-implementarse-el-sistema-de-pago-abierto\/#article","isPartOf":{"@id":"https:\/\/www.eldiariodetucuman.com\/web\/transporte-publico-comienza-a-implementarse-el-sistema-de-pago-abierto\/"},"author":{"name":"Redactor Uno","@id":"https:\/\/www.eldiariodetucuman.com\/web\/#\/schema\/person\/7e6644a46e60888f6b868594407e08dd"},"headline":"Transporte p\u00fablico: comienza a implementarse el sistema de pago abierto","datePublished":"2024-11-11T13:33:21+00:00","mainEntityOfPage":{"@id":"https:\/\/www.eldiariodetucuman.com\/web\/transporte-publico-comienza-a-implementarse-el-sistema-de-pago-abierto\/"},"wordCount":381,"publisher":{"@id":"https:\/\/www.eldiariodetucuman.com\/web\/#organization"},"image":{"@id":"https:\/\/www.eldiariodetucuman.com\/web\/transporte-publico-comienza-a-implementarse-el-sistema-de-pago-abierto\/#primaryimage"},"thumbnailUrl":"https:\/\/www.eldiariodetucuman.com\/web\/wp-content\/uploads\/2024\/11\/linea-130.webp","keywords":["l\u00ednea 130","Tucuman"],"articleSection":["Actualidad"],"inLanguage":"es"},{"@type":"WebPage","@id":"https:\/\/www.eldiariodetucuman.com\/web\/transporte-publico-comienza-a-implementarse-el-sistema-de-pago-abierto\/","url":"https:\/\/www.eldiariodetucuman.com\/web\/transporte-publico-comienza-a-implementarse-el-sistema-de-pago-abierto\/","name":"Transporte p\u00fablico: comienza a implementarse el sistema de pago abierto - El Diario de Tucuman","isPartOf":{"@id":"https:\/\/www.eldiariodetucuman.com\/web\/#website"},"primaryImageOfPage":{"@id":"https:\/\/www.eldiariodetucuman.com\/web\/transporte-publico-comienza-a-implementarse-el-sistema-de-pago-abierto\/#primaryimage"},"image":{"@id":"https:\/\/www.eldiariodetucuman.com\/web\/transporte-publico-comienza-a-implementarse-el-sistema-de-pago-abierto\/#primaryimage"},"thumbnailUrl":"https:\/\/www.eldiariodetucuman.com\/web\/wp-content\/uploads\/2024\/11\/linea-130.webp","datePublished":"2024-11-11T13:33:21+00:00","breadcrumb":{"@id":"https:\/\/www.eldiariodetucuman.com\/web\/transporte-publico-comienza-a-implementarse-el-sistema-de-pago-abierto\/#breadcrumb"},"inLanguage":"es","potentialAction":[{"@type":"ReadAction","target":["https:\/\/www.eldiariodetucuman.com\/web\/transporte-publico-comienza-a-implementarse-el-sistema-de-pago-abierto\/"]}]},{"@type":"ImageObject","inLanguage":"es","@id":"https:\/\/www.eldiariodetucuman.com\/web\/transporte-publico-comienza-a-implementarse-el-sistema-de-pago-abierto\/#primaryimage","url":"https:\/\/www.eldiariodetucuman.com\/web\/wp-content\/uploads\/2024\/11\/linea-130.webp","contentUrl":"https:\/\/www.eldiariodetucuman.com\/web\/wp-content\/uploads\/2024\/11\/linea-130.webp","width":675,"height":675},{"@type":"BreadcrumbList","@id":"https:\/\/www.eldiariodetucuman.com\/web\/transporte-publico-comienza-a-implementarse-el-sistema-de-pago-abierto\/#breadcrumb","itemListElement":[{"@type":"ListItem","position":1,"name":"Portada","item":"https:\/\/www.eldiariodetucuman.com\/web\/"},{"@type":"ListItem","position":2,"name":"Transporte p\u00fablico: comienza a implementarse el sistema de pago abierto"}]},{"@type":"WebSite","@id":"https:\/\/www.eldiariodetucuman.com\/web\/#website","url":"https:\/\/www.eldiariodetucuman.com\/web\/","name":"El Diario de Tucuman","description":"Diario Tucuman - Informaci\u00f3n y noticias","publisher":{"@id":"https:\/\/www.eldiariodetucuman.com\/web\/#organization"},"potentialAction":[{"@type":"SearchAction","target":{"@type":"EntryPoint","urlTemplate":"https:\/\/www.eldiariodetucuman.com\/web\/?s={search_term_string}"},"query-input":{"@type":"PropertyValueSpecification","valueRequired":true,"valueName":"search_term_string"}}],"inLanguage":"es"},{"@type":"Organization","@id":"https:\/\/www.eldiariodetucuman.com\/web\/#organization","name":"El Diario de Tucuman","url":"https:\/\/www.eldiariodetucuman.com\/web\/","logo":{"@type":"ImageObject","inLanguage":"es","@id":"https:\/\/www.eldiariodetucuman.com\/web\/#\/schema\/logo\/image\/","url":"http:\/\/www.eldiariodetucuman.com\/web\/wp-content\/uploads\/2017\/12\/el-diario-de-tucuman.jpg","contentUrl":"http:\/\/www.eldiariodetucuman.com\/web\/wp-content\/uploads\/2017\/12\/el-diario-de-tucuman.jpg","width":272,"height":92,"caption":"El Diario de Tucuman"},"image":{"@id":"https:\/\/www.eldiariodetucuman.com\/web\/#\/schema\/logo\/image\/"}},{"@type":"Person","@id":"https:\/\/www.eldiariodetucuman.com\/web\/#\/schema\/person\/7e6644a46e60888f6b868594407e08dd","name":"Redactor Uno","image":{"@type":"ImageObject","inLanguage":"es","@id":"https:\/\/secure.gravatar.com\/avatar\/0049b1bdf1bd548385c9ea6b9356431717930913089febd2ba904f0187d7d074?s=96&d=mm&r=g","url":"https:\/\/secure.gravatar.com\/avatar\/0049b1bdf1bd548385c9ea6b9356431717930913089febd2ba904f0187d7d074?s=96&d=mm&r=g","contentUrl":"https:\/\/secure.gravatar.com\/avatar\/0049b1bdf1bd548385c9ea6b9356431717930913089febd2ba904f0187d7d074?s=96&d=mm&r=g","caption":"Redactor Uno"},"url":"https:\/\/www.eldiariodetucuman.com\/web\/author\/mramasco\/"}]}},"_links":{"self":[{"href":"https:\/\/www.eldiariodetucuman.com\/web\/wp-json\/wp\/v2\/posts\/43115","targetHints":{"allow":["GET"]}}],"collection":[{"href":"https:\/\/www.eldiariodetucuman.com\/web\/wp-json\/wp\/v2\/posts"}],"about":[{"href":"https:\/\/www.eldiariodetucuman.com\/web\/wp-json\/wp\/v2\/types\/post"}],"author":[{"embeddable":true,"href":"https:\/\/www.eldiariodetucuman.com\/web\/wp-json\/wp\/v2\/users\/5"}],"replies":[{"embeddable":true,"href":"https:\/\/www.eldiariodetucuman.com\/web\/wp-json\/wp\/v2\/comments?post=43115"}],"version-history":[{"count":1,"href":"https:\/\/www.eldiariodetucuman.com\/web\/wp-json\/wp\/v2\/posts\/43115\/revisions"}],"predecessor-version":[{"id":43117,"href":"https:\/\/www.eldiariodetucuman.com\/web\/wp-json\/wp\/v2\/posts\/43115\/revisions\/43117"}],"wp:featuredmedia":[{"embeddable":true,"href":"https:\/\/www.eldiariodetucuman.com\/web\/wp-json\/wp\/v2\/media\/43116"}],"wp:attachment":[{"href":"https:\/\/www.eldiariodetucuman.com\/web\/wp-json\/wp\/v2\/media?parent=43115"}],"wp:term":[{"taxonomy":"category","embeddable":true,"href":"https:\/\/www.eldiariodetucuman.com\/web\/wp-json\/wp\/v2\/categories?post=43115"},{"taxonomy":"post_tag","embeddable":true,"href":"https:\/\/www.eldiariodetucuman.com\/web\/wp-json\/wp\/v2\/tags?post=43115"}],"curies":[{"name":"wp","href":"https:\/\/api.w.org\/{rel}","templated":true}]}}