{"id":43112,"date":"2024-11-11T10:26:48","date_gmt":"2024-11-11T13:26:48","guid":{"rendered":"https:\/\/www.eldiariodetucuman.com\/web\/?p=43112"},"modified":"2024-11-11T10:26:48","modified_gmt":"2024-11-11T13:26:48","slug":"tucuman-mas-conectado-la-ruta-provincial-307-tendra-puntos-de-wi-fi","status":"publish","type":"post","link":"https:\/\/www.eldiariodetucuman.com\/web\/tucuman-mas-conectado-la-ruta-provincial-307-tendra-puntos-de-wi-fi\/","title":{"rendered":"Tucum\u00e1n m\u00e1s conectado: la Ruta Provincial 307 tendr\u00e1 puntos de Wi-Fi"},"content":{"rendered":"<div class=\"row ts-gutter-30 noticia\">\n<div class=\"col-lg-8 nota-left-section\">\n<div id=\"details-news-231136\" class=\"single-post\">\n<div class=\"post-content-area\">\n<div class=\"articleBody\">\n<p>Con el objetivo de fortalecer la conectividad en la Ruta Provincial 307, se firm\u00f3 un convenio para instalar puntos de Wi-Fi y carteler\u00eda en campamentos clave de esta v\u00eda tur\u00edstica. Este proyecto beneficiar\u00e1 a trabajadores viales y a los turistas que transitan por el camino hacia el Valle Calchaqu\u00ed, brindando comunicaci\u00f3n en tramos donde la se\u00f1al es limitada y mejorando las condiciones de seguridad en una ruta que suele presentar desaf\u00edos durante la temporada de lluvias.<\/p>\n<\/div>\n<\/div>\n<\/div>\n<\/div>\n<\/div>\n<p><!--more--><\/p>\n<div class=\"row ts-gutter-30 noticia\">\n<div class=\"col-lg-8 nota-left-section\">\n<div id=\"details-news-231136\" class=\"single-post\">\n<div class=\"post-content-area\">\n<div class=\"articleBody\">\n<p>Firmaron el mismo el presidente del Ente Tucum\u00e1n Turismo<strong>, Domingo Amaya<\/strong>, el secretario de Relaciones Institucionales del Gobierno de Tucum\u00e1n<strong>, Ra\u00fal Albarrac\u00edn;\u00a0<\/strong>el Administrador de Vialidad de la Provincia de Tucum\u00e1n<strong>, Pablo D\u00edaz;\u00a0<\/strong>y el secretario general de Vialidad,\u00a0<strong>V\u00edctor Hugo \u00abKiko\u00bb<\/strong>\u00a0Baz\u00e1n y el intendente de Taf\u00ed del Valle,\u00a0<strong>Francisco Caliva.<\/strong><\/p>\n<p>Actualmente, la Direcci\u00f3n Provincial de Vialidad mantiene seis campamentos en la Ruta 307, ubicados en los kil\u00f3metros 11, 13, 23, 30, 38 y 60. En esta primera etapa, los campamentos de los kil\u00f3metros 23, 30 y 38 ser\u00e1n los primeros en recibir acceso a internet y se\u00f1alizaci\u00f3n correspondiente.<\/p>\n<p>Durante la firma del convenio, Amaya, subray\u00f3 la relevancia del proyecto en el marco de las pol\u00edticas de turismo: \u201cLa conectividad en esta ruta es clave para la tranquilidad y seguridad de nuestros visitantes. Adem\u00e1s, permitir\u00e1 que los trabajadores de Vialidad puedan mantenerse en comunicaci\u00f3n constante y garantizar una asistencia eficiente en caso de emergencias\u201d.<\/p>\n<p>Por su parte, Albarrac\u00edn expres\u00f3 que \u201cel convenio no solo mejora las condiciones de trabajo para los operarios de Vialidad, sino que tambi\u00e9n representa un servicio a la comunidad, permitiendo que los turistas tengan acceso a Wi-Fi a lo largo del camino y facilitando la comunicaci\u00f3n en situaciones de asistencia o socorro\u201d.<\/p>\n<p>V\u00edctor Hugo \u00abKiko\u00bb Baz\u00e1n, secretario general de Vialidad, tambi\u00e9n resalt\u00f3 la importancia del convenio para los trabajadores de la ruta: \u201cPara nuestros compa\u00f1eros, que a veces pasan de lunes a s\u00e1bado en los campamentos, esta conectividad significa un lazo directo con sus familias, adem\u00e1s de un servicio para los ciudadanos que recorren la ruta m\u00e1s importante de la provincia\u201d.<\/p>\n<p>El administrador de Vialidad Provincial, Pablo D\u00edaz, detall\u00f3 la participaci\u00f3n del organismo en el proyecto, explicando que \u201cVialidad se encargar\u00e1 de la colocaci\u00f3n de los carteles informativos en cada campamento con acceso a Wi-Fi, garantizando un servicio de comunicaci\u00f3n para todos los que transitan la Ruta Provincial 307, desde los trabajadores hasta los turistas\u201d.<\/p>\n<p>Este esfuerzo conjunto entre el Ente de Turismo, la Direcci\u00f3n de Vialidad y el Gobierno provincial refuerza el compromiso de modernizar y mejorar la infraestructura y servicios tur\u00edsticos en Tucum\u00e1n, con un impacto positivo en la experiencia de los visitantes y la calidad de vida de quienes trabajan en la regi\u00f3n.<\/p>\n<p><strong>Fuente:<\/strong> <a href=\"https:\/\/www.comunicaciontucuman.gob.ar\/noticia\/cultura\/231136\/ruta-provincial-307-tendra-conectividad-internet\">https:\/\/www.comunicaciontucuman.gob.ar\/noticia\/cultura\/231136\/ruta-provincial-307-tendra-conectividad-internet<\/a><\/p>\n<\/div>\n<\/div>\n<\/div>\n<\/div>\n<\/div>\n","protected":false},"excerpt":{"rendered":"<p>Con el objetivo de fortalecer la conectividad en la Ruta Provincial 307, se firm\u00f3 un convenio para instalar puntos de Wi-Fi y carteler\u00eda en campamentos clave de esta v\u00eda tur\u00edstica. Este proyecto beneficiar\u00e1 a trabajadores viales y a los turistas que transitan por el camino hacia el Valle Calchaqu\u00ed, brindando comunicaci\u00f3n en tramos donde la [&hellip;]<\/p>\n","protected":false},"author":5,"featured_media":43113,"comment_status":"closed","ping_status":"open","sticky":false,"template":"","format":"standard","meta":{"footnotes":""},"categories":[2],"tags":[37,61,697],"class_list":{"0":"post-43112","1":"post","2":"type-post","3":"status-publish","4":"format-standard","5":"has-post-thumbnail","7":"category-actualidad","8":"tag-internet","9":"tag-tucuman","10":"tag-wifi"},"yoast_head":"<!-- This site is optimized with the Yoast SEO plugin v27.4 - https:\/\/yoast.com\/product\/yoast-seo-wordpress\/ -->\n<title>Tucum\u00e1n m\u00e1s conectado: la Ruta Provincial 307 tendr\u00e1 puntos de Wi-Fi - El Diario de Tucuman<\/title>\n<meta name=\"robots\" content=\"index, follow, max-snippet:-1, max-image-preview:large, max-video-preview:-1\" \/>\n<link rel=\"canonical\" href=\"https:\/\/www.eldiariodetucuman.com\/web\/tucuman-mas-conectado-la-ruta-provincial-307-tendra-puntos-de-wi-fi\/\" \/>\n<meta property=\"og:locale\" content=\"es_ES\" \/>\n<meta property=\"og:type\" content=\"article\" \/>\n<meta property=\"og:title\" content=\"Tucum\u00e1n m\u00e1s conectado: la Ruta Provincial 307 tendr\u00e1 puntos de Wi-Fi - El Diario de Tucuman\" \/>\n<meta property=\"og:description\" content=\"Con el objetivo de fortalecer la conectividad en la Ruta Provincial 307, se firm\u00f3 un convenio para instalar puntos de Wi-Fi y carteler\u00eda en campamentos clave de esta v\u00eda tur\u00edstica. Este proyecto beneficiar\u00e1 a trabajadores viales y a los turistas que transitan por el camino hacia el Valle Calchaqu\u00ed, brindando comunicaci\u00f3n en tramos donde la [&hellip;]\" \/>\n<meta property=\"og:url\" content=\"https:\/\/www.eldiariodetucuman.com\/web\/tucuman-mas-conectado-la-ruta-provincial-307-tendra-puntos-de-wi-fi\/\" \/>\n<meta property=\"og:site_name\" content=\"El Diario de Tucuman\" \/>\n<meta property=\"article:published_time\" content=\"2024-11-11T13:26:48+00:00\" \/>\n<meta property=\"og:image\" content=\"https:\/\/www.eldiariodetucuman.com\/web\/wp-content\/uploads\/2024\/11\/ruta-307.jpg\" \/>\n\t<meta property=\"og:image:width\" content=\"730\" \/>\n\t<meta property=\"og:image:height\" content=\"473\" \/>\n\t<meta property=\"og:image:type\" content=\"image\/jpeg\" \/>\n<meta name=\"author\" content=\"Redactor Uno\" \/>\n<meta name=\"twitter:card\" content=\"summary_large_image\" \/>\n<meta name=\"twitter:label1\" content=\"Escrito por\" \/>\n\t<meta name=\"twitter:data1\" content=\"Redactor Uno\" \/>\n\t<meta name=\"twitter:label2\" content=\"Tiempo de lectura\" \/>\n\t<meta name=\"twitter:data2\" content=\"3 minutos\" \/>\n<script type=\"application\/ld+json\" class=\"yoast-schema-graph\">{\"@context\":\"https:\\\/\\\/schema.org\",\"@graph\":[{\"@type\":\"Article\",\"@id\":\"https:\\\/\\\/www.eldiariodetucuman.com\\\/web\\\/tucuman-mas-conectado-la-ruta-provincial-307-tendra-puntos-de-wi-fi\\\/#article\",\"isPartOf\":{\"@id\":\"https:\\\/\\\/www.eldiariodetucuman.com\\\/web\\\/tucuman-mas-conectado-la-ruta-provincial-307-tendra-puntos-de-wi-fi\\\/\"},\"author\":{\"name\":\"Redactor Uno\",\"@id\":\"https:\\\/\\\/www.eldiariodetucuman.com\\\/web\\\/#\\\/schema\\\/person\\\/7e6644a46e60888f6b868594407e08dd\"},\"headline\":\"Tucum\u00e1n m\u00e1s conectado: la Ruta Provincial 307 tendr\u00e1 puntos de Wi-Fi\",\"datePublished\":\"2024-11-11T13:26:48+00:00\",\"mainEntityOfPage\":{\"@id\":\"https:\\\/\\\/www.eldiariodetucuman.com\\\/web\\\/tucuman-mas-conectado-la-ruta-provincial-307-tendra-puntos-de-wi-fi\\\/\"},\"wordCount\":498,\"publisher\":{\"@id\":\"https:\\\/\\\/www.eldiariodetucuman.com\\\/web\\\/#organization\"},\"image\":{\"@id\":\"https:\\\/\\\/www.eldiariodetucuman.com\\\/web\\\/tucuman-mas-conectado-la-ruta-provincial-307-tendra-puntos-de-wi-fi\\\/#primaryimage\"},\"thumbnailUrl\":\"https:\\\/\\\/www.eldiariodetucuman.com\\\/web\\\/wp-content\\\/uploads\\\/2024\\\/11\\\/ruta-307.jpg\",\"keywords\":[\"Internet\",\"Tucuman\",\"wifi\"],\"articleSection\":[\"Actualidad\"],\"inLanguage\":\"es\"},{\"@type\":\"WebPage\",\"@id\":\"https:\\\/\\\/www.eldiariodetucuman.com\\\/web\\\/tucuman-mas-conectado-la-ruta-provincial-307-tendra-puntos-de-wi-fi\\\/\",\"url\":\"https:\\\/\\\/www.eldiariodetucuman.com\\\/web\\\/tucuman-mas-conectado-la-ruta-provincial-307-tendra-puntos-de-wi-fi\\\/\",\"name\":\"Tucum\u00e1n m\u00e1s conectado: la Ruta Provincial 307 tendr\u00e1 puntos de Wi-Fi - El Diario de Tucuman\",\"isPartOf\":{\"@id\":\"https:\\\/\\\/www.eldiariodetucuman.com\\\/web\\\/#website\"},\"primaryImageOfPage\":{\"@id\":\"https:\\\/\\\/www.eldiariodetucuman.com\\\/web\\\/tucuman-mas-conectado-la-ruta-provincial-307-tendra-puntos-de-wi-fi\\\/#primaryimage\"},\"image\":{\"@id\":\"https:\\\/\\\/www.eldiariodetucuman.com\\\/web\\\/tucuman-mas-conectado-la-ruta-provincial-307-tendra-puntos-de-wi-fi\\\/#primaryimage\"},\"thumbnailUrl\":\"https:\\\/\\\/www.eldiariodetucuman.com\\\/web\\\/wp-content\\\/uploads\\\/2024\\\/11\\\/ruta-307.jpg\",\"datePublished\":\"2024-11-11T13:26:48+00:00\",\"breadcrumb\":{\"@id\":\"https:\\\/\\\/www.eldiariodetucuman.com\\\/web\\\/tucuman-mas-conectado-la-ruta-provincial-307-tendra-puntos-de-wi-fi\\\/#breadcrumb\"},\"inLanguage\":\"es\",\"potentialAction\":[{\"@type\":\"ReadAction\",\"target\":[\"https:\\\/\\\/www.eldiariodetucuman.com\\\/web\\\/tucuman-mas-conectado-la-ruta-provincial-307-tendra-puntos-de-wi-fi\\\/\"]}]},{\"@type\":\"ImageObject\",\"inLanguage\":\"es\",\"@id\":\"https:\\\/\\\/www.eldiariodetucuman.com\\\/web\\\/tucuman-mas-conectado-la-ruta-provincial-307-tendra-puntos-de-wi-fi\\\/#primaryimage\",\"url\":\"https:\\\/\\\/www.eldiariodetucuman.com\\\/web\\\/wp-content\\\/uploads\\\/2024\\\/11\\\/ruta-307.jpg\",\"contentUrl\":\"https:\\\/\\\/www.eldiariodetucuman.com\\\/web\\\/wp-content\\\/uploads\\\/2024\\\/11\\\/ruta-307.jpg\",\"width\":730,\"height\":473},{\"@type\":\"BreadcrumbList\",\"@id\":\"https:\\\/\\\/www.eldiariodetucuman.com\\\/web\\\/tucuman-mas-conectado-la-ruta-provincial-307-tendra-puntos-de-wi-fi\\\/#breadcrumb\",\"itemListElement\":[{\"@type\":\"ListItem\",\"position\":1,\"name\":\"Portada\",\"item\":\"https:\\\/\\\/www.eldiariodetucuman.com\\\/web\\\/\"},{\"@type\":\"ListItem\",\"position\":2,\"name\":\"Tucum\u00e1n m\u00e1s conectado: la Ruta Provincial 307 tendr\u00e1 puntos de Wi-Fi\"}]},{\"@type\":\"WebSite\",\"@id\":\"https:\\\/\\\/www.eldiariodetucuman.com\\\/web\\\/#website\",\"url\":\"https:\\\/\\\/www.eldiariodetucuman.com\\\/web\\\/\",\"name\":\"El Diario de Tucuman\",\"description\":\"Diario Tucuman - Informaci\u00f3n y noticias\",\"publisher\":{\"@id\":\"https:\\\/\\\/www.eldiariodetucuman.com\\\/web\\\/#organization\"},\"potentialAction\":[{\"@type\":\"SearchAction\",\"target\":{\"@type\":\"EntryPoint\",\"urlTemplate\":\"https:\\\/\\\/www.eldiariodetucuman.com\\\/web\\\/?s={search_term_string}\"},\"query-input\":{\"@type\":\"PropertyValueSpecification\",\"valueRequired\":true,\"valueName\":\"search_term_string\"}}],\"inLanguage\":\"es\"},{\"@type\":\"Organization\",\"@id\":\"https:\\\/\\\/www.eldiariodetucuman.com\\\/web\\\/#organization\",\"name\":\"El Diario de Tucuman\",\"url\":\"https:\\\/\\\/www.eldiariodetucuman.com\\\/web\\\/\",\"logo\":{\"@type\":\"ImageObject\",\"inLanguage\":\"es\",\"@id\":\"https:\\\/\\\/www.eldiariodetucuman.com\\\/web\\\/#\\\/schema\\\/logo\\\/image\\\/\",\"url\":\"http:\\\/\\\/www.eldiariodetucuman.com\\\/web\\\/wp-content\\\/uploads\\\/2017\\\/12\\\/el-diario-de-tucuman.jpg\",\"contentUrl\":\"http:\\\/\\\/www.eldiariodetucuman.com\\\/web\\\/wp-content\\\/uploads\\\/2017\\\/12\\\/el-diario-de-tucuman.jpg\",\"width\":272,\"height\":92,\"caption\":\"El Diario de Tucuman\"},\"image\":{\"@id\":\"https:\\\/\\\/www.eldiariodetucuman.com\\\/web\\\/#\\\/schema\\\/logo\\\/image\\\/\"}},{\"@type\":\"Person\",\"@id\":\"https:\\\/\\\/www.eldiariodetucuman.com\\\/web\\\/#\\\/schema\\\/person\\\/7e6644a46e60888f6b868594407e08dd\",\"name\":\"Redactor Uno\",\"image\":{\"@type\":\"ImageObject\",\"inLanguage\":\"es\",\"@id\":\"https:\\\/\\\/secure.gravatar.com\\\/avatar\\\/0049b1bdf1bd548385c9ea6b9356431717930913089febd2ba904f0187d7d074?s=96&d=mm&r=g\",\"url\":\"https:\\\/\\\/secure.gravatar.com\\\/avatar\\\/0049b1bdf1bd548385c9ea6b9356431717930913089febd2ba904f0187d7d074?s=96&d=mm&r=g\",\"contentUrl\":\"https:\\\/\\\/secure.gravatar.com\\\/avatar\\\/0049b1bdf1bd548385c9ea6b9356431717930913089febd2ba904f0187d7d074?s=96&d=mm&r=g\",\"caption\":\"Redactor Uno\"},\"url\":\"https:\\\/\\\/www.eldiariodetucuman.com\\\/web\\\/author\\\/mramasco\\\/\"}]}<\/script>\n<!-- \/ Yoast SEO plugin. -->","yoast_head_json":{"title":"Tucum\u00e1n m\u00e1s conectado: la Ruta Provincial 307 tendr\u00e1 puntos de Wi-Fi - El Diario de Tucuman","robots":{"index":"index","follow":"follow","max-snippet":"max-snippet:-1","max-image-preview":"max-image-preview:large","max-video-preview":"max-video-preview:-1"},"canonical":"https:\/\/www.eldiariodetucuman.com\/web\/tucuman-mas-conectado-la-ruta-provincial-307-tendra-puntos-de-wi-fi\/","og_locale":"es_ES","og_type":"article","og_title":"Tucum\u00e1n m\u00e1s conectado: la Ruta Provincial 307 tendr\u00e1 puntos de Wi-Fi - El Diario de Tucuman","og_description":"Con el objetivo de fortalecer la conectividad en la Ruta Provincial 307, se firm\u00f3 un convenio para instalar puntos de Wi-Fi y carteler\u00eda en campamentos clave de esta v\u00eda tur\u00edstica. Este proyecto beneficiar\u00e1 a trabajadores viales y a los turistas que transitan por el camino hacia el Valle Calchaqu\u00ed, brindando comunicaci\u00f3n en tramos donde la [&hellip;]","og_url":"https:\/\/www.eldiariodetucuman.com\/web\/tucuman-mas-conectado-la-ruta-provincial-307-tendra-puntos-de-wi-fi\/","og_site_name":"El Diario de Tucuman","article_published_time":"2024-11-11T13:26:48+00:00","og_image":[{"width":730,"height":473,"url":"https:\/\/www.eldiariodetucuman.com\/web\/wp-content\/uploads\/2024\/11\/ruta-307.jpg","type":"image\/jpeg"}],"author":"Redactor Uno","twitter_card":"summary_large_image","twitter_misc":{"Escrito por":"Redactor Uno","Tiempo de lectura":"3 minutos"},"schema":{"@context":"https:\/\/schema.org","@graph":[{"@type":"Article","@id":"https:\/\/www.eldiariodetucuman.com\/web\/tucuman-mas-conectado-la-ruta-provincial-307-tendra-puntos-de-wi-fi\/#article","isPartOf":{"@id":"https:\/\/www.eldiariodetucuman.com\/web\/tucuman-mas-conectado-la-ruta-provincial-307-tendra-puntos-de-wi-fi\/"},"author":{"name":"Redactor Uno","@id":"https:\/\/www.eldiariodetucuman.com\/web\/#\/schema\/person\/7e6644a46e60888f6b868594407e08dd"},"headline":"Tucum\u00e1n m\u00e1s conectado: la Ruta Provincial 307 tendr\u00e1 puntos de Wi-Fi","datePublished":"2024-11-11T13:26:48+00:00","mainEntityOfPage":{"@id":"https:\/\/www.eldiariodetucuman.com\/web\/tucuman-mas-conectado-la-ruta-provincial-307-tendra-puntos-de-wi-fi\/"},"wordCount":498,"publisher":{"@id":"https:\/\/www.eldiariodetucuman.com\/web\/#organization"},"image":{"@id":"https:\/\/www.eldiariodetucuman.com\/web\/tucuman-mas-conectado-la-ruta-provincial-307-tendra-puntos-de-wi-fi\/#primaryimage"},"thumbnailUrl":"https:\/\/www.eldiariodetucuman.com\/web\/wp-content\/uploads\/2024\/11\/ruta-307.jpg","keywords":["Internet","Tucuman","wifi"],"articleSection":["Actualidad"],"inLanguage":"es"},{"@type":"WebPage","@id":"https:\/\/www.eldiariodetucuman.com\/web\/tucuman-mas-conectado-la-ruta-provincial-307-tendra-puntos-de-wi-fi\/","url":"https:\/\/www.eldiariodetucuman.com\/web\/tucuman-mas-conectado-la-ruta-provincial-307-tendra-puntos-de-wi-fi\/","name":"Tucum\u00e1n m\u00e1s conectado: la Ruta Provincial 307 tendr\u00e1 puntos de Wi-Fi - El Diario de Tucuman","isPartOf":{"@id":"https:\/\/www.eldiariodetucuman.com\/web\/#website"},"primaryImageOfPage":{"@id":"https:\/\/www.eldiariodetucuman.com\/web\/tucuman-mas-conectado-la-ruta-provincial-307-tendra-puntos-de-wi-fi\/#primaryimage"},"image":{"@id":"https:\/\/www.eldiariodetucuman.com\/web\/tucuman-mas-conectado-la-ruta-provincial-307-tendra-puntos-de-wi-fi\/#primaryimage"},"thumbnailUrl":"https:\/\/www.eldiariodetucuman.com\/web\/wp-content\/uploads\/2024\/11\/ruta-307.jpg","datePublished":"2024-11-11T13:26:48+00:00","breadcrumb":{"@id":"https:\/\/www.eldiariodetucuman.com\/web\/tucuman-mas-conectado-la-ruta-provincial-307-tendra-puntos-de-wi-fi\/#breadcrumb"},"inLanguage":"es","potentialAction":[{"@type":"ReadAction","target":["https:\/\/www.eldiariodetucuman.com\/web\/tucuman-mas-conectado-la-ruta-provincial-307-tendra-puntos-de-wi-fi\/"]}]},{"@type":"ImageObject","inLanguage":"es","@id":"https:\/\/www.eldiariodetucuman.com\/web\/tucuman-mas-conectado-la-ruta-provincial-307-tendra-puntos-de-wi-fi\/#primaryimage","url":"https:\/\/www.eldiariodetucuman.com\/web\/wp-content\/uploads\/2024\/11\/ruta-307.jpg","contentUrl":"https:\/\/www.eldiariodetucuman.com\/web\/wp-content\/uploads\/2024\/11\/ruta-307.jpg","width":730,"height":473},{"@type":"BreadcrumbList","@id":"https:\/\/www.eldiariodetucuman.com\/web\/tucuman-mas-conectado-la-ruta-provincial-307-tendra-puntos-de-wi-fi\/#breadcrumb","itemListElement":[{"@type":"ListItem","position":1,"name":"Portada","item":"https:\/\/www.eldiariodetucuman.com\/web\/"},{"@type":"ListItem","position":2,"name":"Tucum\u00e1n m\u00e1s conectado: la Ruta Provincial 307 tendr\u00e1 puntos de Wi-Fi"}]},{"@type":"WebSite","@id":"https:\/\/www.eldiariodetucuman.com\/web\/#website","url":"https:\/\/www.eldiariodetucuman.com\/web\/","name":"El Diario de Tucuman","description":"Diario Tucuman - Informaci\u00f3n y noticias","publisher":{"@id":"https:\/\/www.eldiariodetucuman.com\/web\/#organization"},"potentialAction":[{"@type":"SearchAction","target":{"@type":"EntryPoint","urlTemplate":"https:\/\/www.eldiariodetucuman.com\/web\/?s={search_term_string}"},"query-input":{"@type":"PropertyValueSpecification","valueRequired":true,"valueName":"search_term_string"}}],"inLanguage":"es"},{"@type":"Organization","@id":"https:\/\/www.eldiariodetucuman.com\/web\/#organization","name":"El Diario de Tucuman","url":"https:\/\/www.eldiariodetucuman.com\/web\/","logo":{"@type":"ImageObject","inLanguage":"es","@id":"https:\/\/www.eldiariodetucuman.com\/web\/#\/schema\/logo\/image\/","url":"http:\/\/www.eldiariodetucuman.com\/web\/wp-content\/uploads\/2017\/12\/el-diario-de-tucuman.jpg","contentUrl":"http:\/\/www.eldiariodetucuman.com\/web\/wp-content\/uploads\/2017\/12\/el-diario-de-tucuman.jpg","width":272,"height":92,"caption":"El Diario de Tucuman"},"image":{"@id":"https:\/\/www.eldiariodetucuman.com\/web\/#\/schema\/logo\/image\/"}},{"@type":"Person","@id":"https:\/\/www.eldiariodetucuman.com\/web\/#\/schema\/person\/7e6644a46e60888f6b868594407e08dd","name":"Redactor Uno","image":{"@type":"ImageObject","inLanguage":"es","@id":"https:\/\/secure.gravatar.com\/avatar\/0049b1bdf1bd548385c9ea6b9356431717930913089febd2ba904f0187d7d074?s=96&d=mm&r=g","url":"https:\/\/secure.gravatar.com\/avatar\/0049b1bdf1bd548385c9ea6b9356431717930913089febd2ba904f0187d7d074?s=96&d=mm&r=g","contentUrl":"https:\/\/secure.gravatar.com\/avatar\/0049b1bdf1bd548385c9ea6b9356431717930913089febd2ba904f0187d7d074?s=96&d=mm&r=g","caption":"Redactor Uno"},"url":"https:\/\/www.eldiariodetucuman.com\/web\/author\/mramasco\/"}]}},"_links":{"self":[{"href":"https:\/\/www.eldiariodetucuman.com\/web\/wp-json\/wp\/v2\/posts\/43112","targetHints":{"allow":["GET"]}}],"collection":[{"href":"https:\/\/www.eldiariodetucuman.com\/web\/wp-json\/wp\/v2\/posts"}],"about":[{"href":"https:\/\/www.eldiariodetucuman.com\/web\/wp-json\/wp\/v2\/types\/post"}],"author":[{"embeddable":true,"href":"https:\/\/www.eldiariodetucuman.com\/web\/wp-json\/wp\/v2\/users\/5"}],"replies":[{"embeddable":true,"href":"https:\/\/www.eldiariodetucuman.com\/web\/wp-json\/wp\/v2\/comments?post=43112"}],"version-history":[{"count":1,"href":"https:\/\/www.eldiariodetucuman.com\/web\/wp-json\/wp\/v2\/posts\/43112\/revisions"}],"predecessor-version":[{"id":43114,"href":"https:\/\/www.eldiariodetucuman.com\/web\/wp-json\/wp\/v2\/posts\/43112\/revisions\/43114"}],"wp:featuredmedia":[{"embeddable":true,"href":"https:\/\/www.eldiariodetucuman.com\/web\/wp-json\/wp\/v2\/media\/43113"}],"wp:attachment":[{"href":"https:\/\/www.eldiariodetucuman.com\/web\/wp-json\/wp\/v2\/media?parent=43112"}],"wp:term":[{"taxonomy":"category","embeddable":true,"href":"https:\/\/www.eldiariodetucuman.com\/web\/wp-json\/wp\/v2\/categories?post=43112"},{"taxonomy":"post_tag","embeddable":true,"href":"https:\/\/www.eldiariodetucuman.com\/web\/wp-json\/wp\/v2\/tags?post=43112"}],"curies":[{"name":"wp","href":"https:\/\/api.w.org\/{rel}","templated":true}]}}