{"id":4308,"date":"2017-12-27T11:26:38","date_gmt":"2017-12-27T14:26:38","guid":{"rendered":"http:\/\/www.eldiariodetucuman.com\/web\/?p=4308"},"modified":"2017-12-27T11:32:07","modified_gmt":"2017-12-27T14:32:07","slug":"la-cd-atletico-buscara-optimizar-los-viajes","status":"publish","type":"post","link":"https:\/\/www.eldiariodetucuman.com\/web\/la-cd-atletico-buscara-optimizar-los-viajes\/","title":{"rendered":"La CD de Atl\u00e9tico buscar\u00e1 optimizar los \u201cviajes\u201d"},"content":{"rendered":"<div>\n<div readability=\"86\">\n<p>Lo que viene para Atl\u00e9tico es un c\u00famulo de desaf\u00edos deportivos: la Superliga, la Copa Libertadores y la Copa Argentina, todo eso antes del final del semestre, que entrar\u00e1 en pausa por el Mundial de Rusia.<\/p>\n<p>Tantos viaje, pese a que los de la Copa no ser\u00e1n tan agotadores como los que hubo este a\u00f1o, es un tema a resolver. Por esa raz\u00f3n, la directiva intentar\u00e1 estar uno o dos pasos adelantados. Hoy se dar\u00e1n a conocer los d\u00edas y horarios de la segunda parte del torneo local, la prioridad para el \u201cDecano\u201d, que en el medio deber\u00e1 sortear los encuentros de la Copa. Durante marzo, abril y mayo, los de <b>Ricardo Zielinski<\/b> jugar\u00e1n pr\u00e1cticamente cada tres d\u00edas. Optimizar la hoja de ruta es clave. \u201cSi tenemos que hacer base en Buenos Aires, lo haremos\u201d, anticip\u00f3 el presidente <b>Mario Leito<\/b>. En l\u00edneas generales, Atl\u00e9tico pasar\u00e1 m\u00e1s tiempo fuera del Monumental que dentro. <\/p>\n<p>Sobre fines de enero y el mes de febrero, la cartelara no variar\u00e1 demasiado para Atl\u00e9tico. Solo deber\u00e1 pensar en la Superliga: recibir a Temperley; visitar a Banfield, luego ir por San Mart\u00edn de San Juan; pasar por la casa de Argentinos y esperar por Tigre y Defensa y Justicia, este \u00faltimo, en el primer fin de semana de Marzo, mes en el que el \u201cDecano\u201d deber\u00e1 repartir fuerzas porque iniciar\u00e1 su participaci\u00f3n en la Copa y su batalla con el desgaste f\u00edsico. El viernes 9 de marzo ir\u00e1 al Kempes por los tres puntos ante Talleres. El martes 13 debutar\u00e1 en la Copa contra Libertad, por el grupo 3, mientras que el domingo 18 ser\u00eda anfitri\u00f3n de Boca, en lo que ser\u00e1 el \u00faltimo esfuerzo de esta primera etapa. Luego habr\u00e1 fecha FIFA, lo que significa descanso o encuentro de la Copa Argentina. <\/p>\n<p>Cuando regrese la actividad oficial, habr\u00e1 viaje a Buenos Aires. El domingo 1 de abril el \u201cDecano\u201d se medir\u00e1 con Independiente. No regresar\u00e1 despu\u00e9s. Se quedar\u00e1 en Buenos Aires, puesto que el mi\u00e9rcoles 4 de abril visita a Pe\u00f1arol. <\/p>\n<p>Cumplido el compromiso internacional, el plantel retornar\u00e1 para preparar su partido con Newell\u2019s, en el \u201cJos\u00e9 Fierro\u201d. Y despu\u00e9s habr\u00e1 otro viaje a Buenos Aires y un r\u00e1pido regreso, ya que el 18, The Strongest lo recibir\u00e1 en La Paz. Ese mismo fin de semana vendr\u00e1 Uni\u00f3n, mientras que el 25 The Strongest pisar\u00e1 Tucum\u00e1n. Otro viaje: Atl\u00e9tico visitar\u00e1 Hurac\u00e1n y el 2 de mayo ser\u00e1 turno de Pe\u00f1arol, en el Monumental, tambi\u00e9n escenario del choque por la fecha 25 contra Olimpo. Restar\u00e1 la \u00faltima concentraci\u00f3n larga en Buenos Aires. El de 13 mayo, el \u201cDecano\u201d visitar\u00e1 a Lan\u00fas y el 17 a Libertad, en Paraguay. Una agenda variada y exigente.<\/p>\n<\/p><\/div>\n<\/div>\n","protected":false},"excerpt":{"rendered":"<p>Lo que viene para Atl\u00e9tico es un c\u00famulo de desaf\u00edos deportivos: la Superliga, la Copa Libertadores y la Copa Argentina, todo eso antes del final del semestre, que entrar\u00e1 en pausa por el Mundial de Rusia. Tantos viaje, pese a que los de la Copa no ser\u00e1n tan agotadores como los que hubo este a\u00f1o, [&hellip;]<\/p>\n","protected":false},"author":1,"featured_media":4309,"comment_status":"open","ping_status":"closed","sticky":false,"template":"","format":"standard","meta":{"footnotes":""},"categories":[6],"tags":[],"class_list":{"0":"post-4308","1":"post","2":"type-post","3":"status-publish","4":"format-standard","5":"has-post-thumbnail","7":"category-deporte"},"yoast_head":"<!-- This site is optimized with the Yoast SEO plugin v27.4 - https:\/\/yoast.com\/product\/yoast-seo-wordpress\/ -->\n<title>La CD de Atl\u00e9tico buscar\u00e1 optimizar los \u201cviajes\u201d - El Diario de Tucuman<\/title>\n<meta name=\"robots\" content=\"index, follow, max-snippet:-1, max-image-preview:large, max-video-preview:-1\" \/>\n<link rel=\"canonical\" href=\"https:\/\/www.eldiariodetucuman.com\/web\/la-cd-atletico-buscara-optimizar-los-viajes\/\" \/>\n<meta property=\"og:locale\" content=\"es_ES\" \/>\n<meta property=\"og:type\" content=\"article\" \/>\n<meta property=\"og:title\" content=\"La CD de Atl\u00e9tico buscar\u00e1 optimizar los \u201cviajes\u201d - El Diario de Tucuman\" \/>\n<meta property=\"og:description\" content=\"Lo que viene para Atl\u00e9tico es un c\u00famulo de desaf\u00edos deportivos: la Superliga, la Copa Libertadores y la Copa Argentina, todo eso antes del final del semestre, que entrar\u00e1 en pausa por el Mundial de Rusia. Tantos viaje, pese a que los de la Copa no ser\u00e1n tan agotadores como los que hubo este a\u00f1o, [&hellip;]\" \/>\n<meta property=\"og:url\" content=\"https:\/\/www.eldiariodetucuman.com\/web\/la-cd-atletico-buscara-optimizar-los-viajes\/\" \/>\n<meta property=\"og:site_name\" content=\"El Diario de Tucuman\" \/>\n<meta property=\"article:published_time\" content=\"2017-12-27T14:26:38+00:00\" \/>\n<meta property=\"article:modified_time\" content=\"2017-12-27T14:32:07+00:00\" \/>\n<meta property=\"og:image\" content=\"https:\/\/www.eldiariodetucuman.com\/web\/wp-content\/uploads\/2017\/12\/04e8223dbfc3234dfb675d1b5fa1ded8.jpeg\" \/>\n\t<meta property=\"og:image:width\" content=\"970\" \/>\n\t<meta property=\"og:image:height\" content=\"645\" \/>\n\t<meta property=\"og:image:type\" content=\"image\/jpeg\" \/>\n<meta name=\"author\" content=\"admin\" \/>\n<meta name=\"twitter:card\" content=\"summary_large_image\" \/>\n<meta name=\"twitter:label1\" content=\"Escrito por\" \/>\n\t<meta name=\"twitter:data1\" content=\"admin\" \/>\n\t<meta name=\"twitter:label2\" content=\"Tiempo de lectura\" \/>\n\t<meta name=\"twitter:data2\" content=\"2 minutos\" \/>\n<script type=\"application\/ld+json\" class=\"yoast-schema-graph\">{\"@context\":\"https:\\\/\\\/schema.org\",\"@graph\":[{\"@type\":\"Article\",\"@id\":\"https:\\\/\\\/www.eldiariodetucuman.com\\\/web\\\/la-cd-atletico-buscara-optimizar-los-viajes\\\/#article\",\"isPartOf\":{\"@id\":\"https:\\\/\\\/www.eldiariodetucuman.com\\\/web\\\/la-cd-atletico-buscara-optimizar-los-viajes\\\/\"},\"author\":{\"name\":\"admin\",\"@id\":\"https:\\\/\\\/www.eldiariodetucuman.com\\\/web\\\/#\\\/schema\\\/person\\\/9250197d75ab5483412e19678b121caa\"},\"headline\":\"La CD de Atl\u00e9tico buscar\u00e1 optimizar los \u201cviajes\u201d\",\"datePublished\":\"2017-12-27T14:26:38+00:00\",\"dateModified\":\"2017-12-27T14:32:07+00:00\",\"mainEntityOfPage\":{\"@id\":\"https:\\\/\\\/www.eldiariodetucuman.com\\\/web\\\/la-cd-atletico-buscara-optimizar-los-viajes\\\/\"},\"wordCount\":477,\"commentCount\":0,\"publisher\":{\"@id\":\"https:\\\/\\\/www.eldiariodetucuman.com\\\/web\\\/#organization\"},\"image\":{\"@id\":\"https:\\\/\\\/www.eldiariodetucuman.com\\\/web\\\/la-cd-atletico-buscara-optimizar-los-viajes\\\/#primaryimage\"},\"thumbnailUrl\":\"https:\\\/\\\/www.eldiariodetucuman.com\\\/web\\\/wp-content\\\/uploads\\\/2017\\\/12\\\/04e8223dbfc3234dfb675d1b5fa1ded8.jpeg\",\"articleSection\":[\"Deporte\"],\"inLanguage\":\"es\",\"potentialAction\":[{\"@type\":\"CommentAction\",\"name\":\"Comment\",\"target\":[\"https:\\\/\\\/www.eldiariodetucuman.com\\\/web\\\/la-cd-atletico-buscara-optimizar-los-viajes\\\/#respond\"]}]},{\"@type\":\"WebPage\",\"@id\":\"https:\\\/\\\/www.eldiariodetucuman.com\\\/web\\\/la-cd-atletico-buscara-optimizar-los-viajes\\\/\",\"url\":\"https:\\\/\\\/www.eldiariodetucuman.com\\\/web\\\/la-cd-atletico-buscara-optimizar-los-viajes\\\/\",\"name\":\"La CD de Atl\u00e9tico buscar\u00e1 optimizar los \u201cviajes\u201d - El Diario de Tucuman\",\"isPartOf\":{\"@id\":\"https:\\\/\\\/www.eldiariodetucuman.com\\\/web\\\/#website\"},\"primaryImageOfPage\":{\"@id\":\"https:\\\/\\\/www.eldiariodetucuman.com\\\/web\\\/la-cd-atletico-buscara-optimizar-los-viajes\\\/#primaryimage\"},\"image\":{\"@id\":\"https:\\\/\\\/www.eldiariodetucuman.com\\\/web\\\/la-cd-atletico-buscara-optimizar-los-viajes\\\/#primaryimage\"},\"thumbnailUrl\":\"https:\\\/\\\/www.eldiariodetucuman.com\\\/web\\\/wp-content\\\/uploads\\\/2017\\\/12\\\/04e8223dbfc3234dfb675d1b5fa1ded8.jpeg\",\"datePublished\":\"2017-12-27T14:26:38+00:00\",\"dateModified\":\"2017-12-27T14:32:07+00:00\",\"breadcrumb\":{\"@id\":\"https:\\\/\\\/www.eldiariodetucuman.com\\\/web\\\/la-cd-atletico-buscara-optimizar-los-viajes\\\/#breadcrumb\"},\"inLanguage\":\"es\",\"potentialAction\":[{\"@type\":\"ReadAction\",\"target\":[\"https:\\\/\\\/www.eldiariodetucuman.com\\\/web\\\/la-cd-atletico-buscara-optimizar-los-viajes\\\/\"]}]},{\"@type\":\"ImageObject\",\"inLanguage\":\"es\",\"@id\":\"https:\\\/\\\/www.eldiariodetucuman.com\\\/web\\\/la-cd-atletico-buscara-optimizar-los-viajes\\\/#primaryimage\",\"url\":\"https:\\\/\\\/www.eldiariodetucuman.com\\\/web\\\/wp-content\\\/uploads\\\/2017\\\/12\\\/04e8223dbfc3234dfb675d1b5fa1ded8.jpeg\",\"contentUrl\":\"https:\\\/\\\/www.eldiariodetucuman.com\\\/web\\\/wp-content\\\/uploads\\\/2017\\\/12\\\/04e8223dbfc3234dfb675d1b5fa1ded8.jpeg\",\"width\":970,\"height\":645},{\"@type\":\"BreadcrumbList\",\"@id\":\"https:\\\/\\\/www.eldiariodetucuman.com\\\/web\\\/la-cd-atletico-buscara-optimizar-los-viajes\\\/#breadcrumb\",\"itemListElement\":[{\"@type\":\"ListItem\",\"position\":1,\"name\":\"Portada\",\"item\":\"https:\\\/\\\/www.eldiariodetucuman.com\\\/web\\\/\"},{\"@type\":\"ListItem\",\"position\":2,\"name\":\"La CD de Atl\u00e9tico buscar\u00e1 optimizar los \u201cviajes\u201d\"}]},{\"@type\":\"WebSite\",\"@id\":\"https:\\\/\\\/www.eldiariodetucuman.com\\\/web\\\/#website\",\"url\":\"https:\\\/\\\/www.eldiariodetucuman.com\\\/web\\\/\",\"name\":\"El Diario de Tucuman\",\"description\":\"Diario Tucuman - Informaci\u00f3n y noticias\",\"publisher\":{\"@id\":\"https:\\\/\\\/www.eldiariodetucuman.com\\\/web\\\/#organization\"},\"potentialAction\":[{\"@type\":\"SearchAction\",\"target\":{\"@type\":\"EntryPoint\",\"urlTemplate\":\"https:\\\/\\\/www.eldiariodetucuman.com\\\/web\\\/?s={search_term_string}\"},\"query-input\":{\"@type\":\"PropertyValueSpecification\",\"valueRequired\":true,\"valueName\":\"search_term_string\"}}],\"inLanguage\":\"es\"},{\"@type\":\"Organization\",\"@id\":\"https:\\\/\\\/www.eldiariodetucuman.com\\\/web\\\/#organization\",\"name\":\"El Diario de Tucuman\",\"url\":\"https:\\\/\\\/www.eldiariodetucuman.com\\\/web\\\/\",\"logo\":{\"@type\":\"ImageObject\",\"inLanguage\":\"es\",\"@id\":\"https:\\\/\\\/www.eldiariodetucuman.com\\\/web\\\/#\\\/schema\\\/logo\\\/image\\\/\",\"url\":\"http:\\\/\\\/www.eldiariodetucuman.com\\\/web\\\/wp-content\\\/uploads\\\/2017\\\/12\\\/el-diario-de-tucuman.jpg\",\"contentUrl\":\"http:\\\/\\\/www.eldiariodetucuman.com\\\/web\\\/wp-content\\\/uploads\\\/2017\\\/12\\\/el-diario-de-tucuman.jpg\",\"width\":272,\"height\":92,\"caption\":\"El Diario de Tucuman\"},\"image\":{\"@id\":\"https:\\\/\\\/www.eldiariodetucuman.com\\\/web\\\/#\\\/schema\\\/logo\\\/image\\\/\"}},{\"@type\":\"Person\",\"@id\":\"https:\\\/\\\/www.eldiariodetucuman.com\\\/web\\\/#\\\/schema\\\/person\\\/9250197d75ab5483412e19678b121caa\",\"name\":\"admin\",\"image\":{\"@type\":\"ImageObject\",\"inLanguage\":\"es\",\"@id\":\"https:\\\/\\\/secure.gravatar.com\\\/avatar\\\/c44d117c2be811212c22cb481f6b8384b6873de103fbc49e7a03cc58d7dea4ac?s=96&d=mm&r=g\",\"url\":\"https:\\\/\\\/secure.gravatar.com\\\/avatar\\\/c44d117c2be811212c22cb481f6b8384b6873de103fbc49e7a03cc58d7dea4ac?s=96&d=mm&r=g\",\"contentUrl\":\"https:\\\/\\\/secure.gravatar.com\\\/avatar\\\/c44d117c2be811212c22cb481f6b8384b6873de103fbc49e7a03cc58d7dea4ac?s=96&d=mm&r=g\",\"caption\":\"admin\"},\"url\":\"https:\\\/\\\/www.eldiariodetucuman.com\\\/web\\\/author\\\/admin\\\/\"}]}<\/script>\n<!-- \/ Yoast SEO plugin. -->","yoast_head_json":{"title":"La CD de Atl\u00e9tico buscar\u00e1 optimizar los \u201cviajes\u201d - El Diario de Tucuman","robots":{"index":"index","follow":"follow","max-snippet":"max-snippet:-1","max-image-preview":"max-image-preview:large","max-video-preview":"max-video-preview:-1"},"canonical":"https:\/\/www.eldiariodetucuman.com\/web\/la-cd-atletico-buscara-optimizar-los-viajes\/","og_locale":"es_ES","og_type":"article","og_title":"La CD de Atl\u00e9tico buscar\u00e1 optimizar los \u201cviajes\u201d - El Diario de Tucuman","og_description":"Lo que viene para Atl\u00e9tico es un c\u00famulo de desaf\u00edos deportivos: la Superliga, la Copa Libertadores y la Copa Argentina, todo eso antes del final del semestre, que entrar\u00e1 en pausa por el Mundial de Rusia. Tantos viaje, pese a que los de la Copa no ser\u00e1n tan agotadores como los que hubo este a\u00f1o, [&hellip;]","og_url":"https:\/\/www.eldiariodetucuman.com\/web\/la-cd-atletico-buscara-optimizar-los-viajes\/","og_site_name":"El Diario de Tucuman","article_published_time":"2017-12-27T14:26:38+00:00","article_modified_time":"2017-12-27T14:32:07+00:00","og_image":[{"width":970,"height":645,"url":"https:\/\/www.eldiariodetucuman.com\/web\/wp-content\/uploads\/2017\/12\/04e8223dbfc3234dfb675d1b5fa1ded8.jpeg","type":"image\/jpeg"}],"author":"admin","twitter_card":"summary_large_image","twitter_misc":{"Escrito por":"admin","Tiempo de lectura":"2 minutos"},"schema":{"@context":"https:\/\/schema.org","@graph":[{"@type":"Article","@id":"https:\/\/www.eldiariodetucuman.com\/web\/la-cd-atletico-buscara-optimizar-los-viajes\/#article","isPartOf":{"@id":"https:\/\/www.eldiariodetucuman.com\/web\/la-cd-atletico-buscara-optimizar-los-viajes\/"},"author":{"name":"admin","@id":"https:\/\/www.eldiariodetucuman.com\/web\/#\/schema\/person\/9250197d75ab5483412e19678b121caa"},"headline":"La CD de Atl\u00e9tico buscar\u00e1 optimizar los \u201cviajes\u201d","datePublished":"2017-12-27T14:26:38+00:00","dateModified":"2017-12-27T14:32:07+00:00","mainEntityOfPage":{"@id":"https:\/\/www.eldiariodetucuman.com\/web\/la-cd-atletico-buscara-optimizar-los-viajes\/"},"wordCount":477,"commentCount":0,"publisher":{"@id":"https:\/\/www.eldiariodetucuman.com\/web\/#organization"},"image":{"@id":"https:\/\/www.eldiariodetucuman.com\/web\/la-cd-atletico-buscara-optimizar-los-viajes\/#primaryimage"},"thumbnailUrl":"https:\/\/www.eldiariodetucuman.com\/web\/wp-content\/uploads\/2017\/12\/04e8223dbfc3234dfb675d1b5fa1ded8.jpeg","articleSection":["Deporte"],"inLanguage":"es","potentialAction":[{"@type":"CommentAction","name":"Comment","target":["https:\/\/www.eldiariodetucuman.com\/web\/la-cd-atletico-buscara-optimizar-los-viajes\/#respond"]}]},{"@type":"WebPage","@id":"https:\/\/www.eldiariodetucuman.com\/web\/la-cd-atletico-buscara-optimizar-los-viajes\/","url":"https:\/\/www.eldiariodetucuman.com\/web\/la-cd-atletico-buscara-optimizar-los-viajes\/","name":"La CD de Atl\u00e9tico buscar\u00e1 optimizar los \u201cviajes\u201d - El Diario de Tucuman","isPartOf":{"@id":"https:\/\/www.eldiariodetucuman.com\/web\/#website"},"primaryImageOfPage":{"@id":"https:\/\/www.eldiariodetucuman.com\/web\/la-cd-atletico-buscara-optimizar-los-viajes\/#primaryimage"},"image":{"@id":"https:\/\/www.eldiariodetucuman.com\/web\/la-cd-atletico-buscara-optimizar-los-viajes\/#primaryimage"},"thumbnailUrl":"https:\/\/www.eldiariodetucuman.com\/web\/wp-content\/uploads\/2017\/12\/04e8223dbfc3234dfb675d1b5fa1ded8.jpeg","datePublished":"2017-12-27T14:26:38+00:00","dateModified":"2017-12-27T14:32:07+00:00","breadcrumb":{"@id":"https:\/\/www.eldiariodetucuman.com\/web\/la-cd-atletico-buscara-optimizar-los-viajes\/#breadcrumb"},"inLanguage":"es","potentialAction":[{"@type":"ReadAction","target":["https:\/\/www.eldiariodetucuman.com\/web\/la-cd-atletico-buscara-optimizar-los-viajes\/"]}]},{"@type":"ImageObject","inLanguage":"es","@id":"https:\/\/www.eldiariodetucuman.com\/web\/la-cd-atletico-buscara-optimizar-los-viajes\/#primaryimage","url":"https:\/\/www.eldiariodetucuman.com\/web\/wp-content\/uploads\/2017\/12\/04e8223dbfc3234dfb675d1b5fa1ded8.jpeg","contentUrl":"https:\/\/www.eldiariodetucuman.com\/web\/wp-content\/uploads\/2017\/12\/04e8223dbfc3234dfb675d1b5fa1ded8.jpeg","width":970,"height":645},{"@type":"BreadcrumbList","@id":"https:\/\/www.eldiariodetucuman.com\/web\/la-cd-atletico-buscara-optimizar-los-viajes\/#breadcrumb","itemListElement":[{"@type":"ListItem","position":1,"name":"Portada","item":"https:\/\/www.eldiariodetucuman.com\/web\/"},{"@type":"ListItem","position":2,"name":"La CD de Atl\u00e9tico buscar\u00e1 optimizar los \u201cviajes\u201d"}]},{"@type":"WebSite","@id":"https:\/\/www.eldiariodetucuman.com\/web\/#website","url":"https:\/\/www.eldiariodetucuman.com\/web\/","name":"El Diario de Tucuman","description":"Diario Tucuman - Informaci\u00f3n y noticias","publisher":{"@id":"https:\/\/www.eldiariodetucuman.com\/web\/#organization"},"potentialAction":[{"@type":"SearchAction","target":{"@type":"EntryPoint","urlTemplate":"https:\/\/www.eldiariodetucuman.com\/web\/?s={search_term_string}"},"query-input":{"@type":"PropertyValueSpecification","valueRequired":true,"valueName":"search_term_string"}}],"inLanguage":"es"},{"@type":"Organization","@id":"https:\/\/www.eldiariodetucuman.com\/web\/#organization","name":"El Diario de Tucuman","url":"https:\/\/www.eldiariodetucuman.com\/web\/","logo":{"@type":"ImageObject","inLanguage":"es","@id":"https:\/\/www.eldiariodetucuman.com\/web\/#\/schema\/logo\/image\/","url":"http:\/\/www.eldiariodetucuman.com\/web\/wp-content\/uploads\/2017\/12\/el-diario-de-tucuman.jpg","contentUrl":"http:\/\/www.eldiariodetucuman.com\/web\/wp-content\/uploads\/2017\/12\/el-diario-de-tucuman.jpg","width":272,"height":92,"caption":"El Diario de Tucuman"},"image":{"@id":"https:\/\/www.eldiariodetucuman.com\/web\/#\/schema\/logo\/image\/"}},{"@type":"Person","@id":"https:\/\/www.eldiariodetucuman.com\/web\/#\/schema\/person\/9250197d75ab5483412e19678b121caa","name":"admin","image":{"@type":"ImageObject","inLanguage":"es","@id":"https:\/\/secure.gravatar.com\/avatar\/c44d117c2be811212c22cb481f6b8384b6873de103fbc49e7a03cc58d7dea4ac?s=96&d=mm&r=g","url":"https:\/\/secure.gravatar.com\/avatar\/c44d117c2be811212c22cb481f6b8384b6873de103fbc49e7a03cc58d7dea4ac?s=96&d=mm&r=g","contentUrl":"https:\/\/secure.gravatar.com\/avatar\/c44d117c2be811212c22cb481f6b8384b6873de103fbc49e7a03cc58d7dea4ac?s=96&d=mm&r=g","caption":"admin"},"url":"https:\/\/www.eldiariodetucuman.com\/web\/author\/admin\/"}]}},"_links":{"self":[{"href":"https:\/\/www.eldiariodetucuman.com\/web\/wp-json\/wp\/v2\/posts\/4308","targetHints":{"allow":["GET"]}}],"collection":[{"href":"https:\/\/www.eldiariodetucuman.com\/web\/wp-json\/wp\/v2\/posts"}],"about":[{"href":"https:\/\/www.eldiariodetucuman.com\/web\/wp-json\/wp\/v2\/types\/post"}],"author":[{"embeddable":true,"href":"https:\/\/www.eldiariodetucuman.com\/web\/wp-json\/wp\/v2\/users\/1"}],"replies":[{"embeddable":true,"href":"https:\/\/www.eldiariodetucuman.com\/web\/wp-json\/wp\/v2\/comments?post=4308"}],"version-history":[{"count":1,"href":"https:\/\/www.eldiariodetucuman.com\/web\/wp-json\/wp\/v2\/posts\/4308\/revisions"}],"predecessor-version":[{"id":4316,"href":"https:\/\/www.eldiariodetucuman.com\/web\/wp-json\/wp\/v2\/posts\/4308\/revisions\/4316"}],"wp:featuredmedia":[{"embeddable":true,"href":"https:\/\/www.eldiariodetucuman.com\/web\/wp-json\/wp\/v2\/media\/4309"}],"wp:attachment":[{"href":"https:\/\/www.eldiariodetucuman.com\/web\/wp-json\/wp\/v2\/media?parent=4308"}],"wp:term":[{"taxonomy":"category","embeddable":true,"href":"https:\/\/www.eldiariodetucuman.com\/web\/wp-json\/wp\/v2\/categories?post=4308"},{"taxonomy":"post_tag","embeddable":true,"href":"https:\/\/www.eldiariodetucuman.com\/web\/wp-json\/wp\/v2\/tags?post=4308"}],"curies":[{"name":"wp","href":"https:\/\/api.w.org\/{rel}","templated":true}]}}