{"id":4305,"date":"2017-12-27T11:24:54","date_gmt":"2017-12-27T14:24:54","guid":{"rendered":"http:\/\/www.eldiariodetucuman.com\/web\/?p=4305"},"modified":"2017-12-27T11:32:35","modified_gmt":"2017-12-27T14:32:35","slug":"la-provincia-termina-ano-las-cuentas-ordenadas","status":"publish","type":"post","link":"https:\/\/www.eldiariodetucuman.com\/web\/la-provincia-termina-ano-las-cuentas-ordenadas\/","title":{"rendered":"\u201cLa Provincia termina el a\u00f1o con las cuentas ordenadas\u201d"},"content":{"rendered":"<div>\n<div readability=\"74.260706638116\">\n<p>En v\u00edsperas de fin de a\u00f1o, el gobernador, <strong>Juan Manzur<\/strong>, realiz\u00f3 un balance sobre los aspectos econ\u00f3micos y sociales del Gobierno Provincial. Remarc\u00f3 que las arcas se encuentran en equilibrio, el cumplimiento del cronograma de sueldos y la creaci\u00f3n del Ministerio de Seguridad.<\/p>\n<blockquote readability=\"10\">\n<p>La Provincia termina el a\u00f1o con las cuentas ordenadas, sin d\u00e9ficit fiscal; est\u00e1 equilibrada y continuamos haciendo obras\u201d, destac\u00f3 el Primer Mandatario en rueda de prensa luego de supervisar obras de repavimentaci\u00f3n en la ruta 301, en Lules.<\/p>\n<\/blockquote>\n<p><iframe loading=\"lazy\" width=\"650\" height=\"315\" src=\"http:\/\/www.youtube.com\/embed\/Eb4ylVr0Vgs\"><\/iframe><\/p>\n<p>\u00a0<\/p>\n<p>\u00a0<\/p>\n<p>\u201cEn los dos a\u00f1os de gobernador con el vicegobernador, <strong>Osvaldo Jaldo<\/strong>, no hemos tomado un centavo de deuda, con lo cual uno siempre busca estar mejor\u201d. \u201cHemos cumplido con los objetivos que nos hab\u00edamos propuesto\u201d, dijo Manzur.<\/p>\n<p>Por otro lado, destac\u00f3 el cumplimiento del cronograma de pagos de diciembre, que se completa con la acreditaci\u00f3n de los haberes para\u00a0empleados estatales, los \u00faltimos d\u00edas del mismo mes: \u201cTal cual lo hab\u00edamos anunciado, terminamos de pagar el aguinaldo y hoy comenzamos a cumplir el cronograma de pagos del mes de diciembre\u201d.<\/p>\n<p><strong>Nuevo ministerio<\/strong><\/p>\n<p>El balance anual incluy\u00f3 la creaci\u00f3n del Ministerio de Seguridad, un \u00e1rea ahora independiente del Ministerio de Gobierno y Justicia. Al respecto, el Gobernador asegur\u00f3 que \u201cse ha\u00a0despolitizado el \u00e1rea de seguridad y estamos esforz\u00e1ndonos para que haya m\u00e1s control, prevenci\u00f3n y Polic\u00edas cuidando las calles\u201d.<\/p>\n<p>Por otro lado, record\u00f3 que la Provincia cumpli\u00f3 con los 180 d\u00edas de clases establecidos en la Ley nacional n\u00b0<strong><a href=\"http:\/\/servicios.infoleg.gob.ar\/infolegInternet\/anexos\/90000-94999\/91819\/norma.htm\" target=\"_blank\">25.864<\/a><\/strong>; indic\u00f3 que los hospitales y centro de salud funcionaron todo el a\u00f1o y que se brind\u00f3 asistencia\u00a0a los grupos sociales m\u00e1s vulnerables.<\/p>\n<blockquote readability=\"9\">\n<p>\u201cEste es el Tucum\u00e1n que siempre hemos querido: que cierre brechas, que genere oportunidades, que de posibilidades de que haya m\u00e1s trabajo\u201d, cerr\u00f3 el Gobernador.<\/p>\n<\/blockquote>\n<p>\u00a0<\/p>\n<\/div>\n<\/div>\n","protected":false},"excerpt":{"rendered":"<p>En v\u00edsperas de fin de a\u00f1o, el gobernador, Juan Manzur, realiz\u00f3 un balance sobre los aspectos econ\u00f3micos y sociales del Gobierno Provincial. Remarc\u00f3 que las arcas se encuentran en equilibrio, el cumplimiento del cronograma de sueldos y la creaci\u00f3n del Ministerio de Seguridad. La Provincia termina el a\u00f1o con las cuentas ordenadas, sin d\u00e9ficit fiscal; [&hellip;]<\/p>\n","protected":false},"author":1,"featured_media":4306,"comment_status":"open","ping_status":"closed","sticky":false,"template":"","format":"standard","meta":{"footnotes":""},"categories":[3],"tags":[],"class_list":{"0":"post-4305","1":"post","2":"type-post","3":"status-publish","4":"format-standard","5":"has-post-thumbnail","7":"category-politica"},"yoast_head":"<!-- This site is optimized with the Yoast SEO plugin v27.5 - https:\/\/yoast.com\/product\/yoast-seo-wordpress\/ -->\n<title>\u201cLa Provincia termina el a\u00f1o con las cuentas ordenadas\u201d - El Diario de Tucuman<\/title>\n<meta name=\"robots\" content=\"index, follow, max-snippet:-1, max-image-preview:large, max-video-preview:-1\" \/>\n<link rel=\"canonical\" href=\"https:\/\/www.eldiariodetucuman.com\/web\/la-provincia-termina-ano-las-cuentas-ordenadas\/\" \/>\n<meta property=\"og:locale\" content=\"es_ES\" \/>\n<meta property=\"og:type\" content=\"article\" \/>\n<meta property=\"og:title\" content=\"\u201cLa Provincia termina el a\u00f1o con las cuentas ordenadas\u201d - El Diario de Tucuman\" \/>\n<meta property=\"og:description\" content=\"En v\u00edsperas de fin de a\u00f1o, el gobernador, Juan Manzur, realiz\u00f3 un balance sobre los aspectos econ\u00f3micos y sociales del Gobierno Provincial. Remarc\u00f3 que las arcas se encuentran en equilibrio, el cumplimiento del cronograma de sueldos y la creaci\u00f3n del Ministerio de Seguridad. La Provincia termina el a\u00f1o con las cuentas ordenadas, sin d\u00e9ficit fiscal; [&hellip;]\" \/>\n<meta property=\"og:url\" content=\"https:\/\/www.eldiariodetucuman.com\/web\/la-provincia-termina-ano-las-cuentas-ordenadas\/\" \/>\n<meta property=\"og:site_name\" content=\"El Diario de Tucuman\" \/>\n<meta property=\"article:published_time\" content=\"2017-12-27T14:24:54+00:00\" \/>\n<meta property=\"article:modified_time\" content=\"2017-12-27T14:32:35+00:00\" \/>\n<meta property=\"og:image\" content=\"https:\/\/www.eldiariodetucuman.com\/web\/wp-content\/uploads\/2017\/12\/274b0804663214622ef0974e7c2c789d.jpeg\" \/>\n\t<meta property=\"og:image:width\" content=\"750\" \/>\n\t<meta property=\"og:image:height\" content=\"416\" \/>\n\t<meta property=\"og:image:type\" content=\"image\/jpeg\" \/>\n<meta name=\"author\" content=\"admin\" \/>\n<meta name=\"twitter:card\" content=\"summary_large_image\" \/>\n<meta name=\"twitter:label1\" content=\"Escrito por\" \/>\n\t<meta name=\"twitter:data1\" content=\"admin\" \/>\n\t<meta name=\"twitter:label2\" content=\"Tiempo de lectura\" \/>\n\t<meta name=\"twitter:data2\" content=\"2 minutos\" \/>\n<script type=\"application\/ld+json\" class=\"yoast-schema-graph\">{\"@context\":\"https:\\\/\\\/schema.org\",\"@graph\":[{\"@type\":\"Article\",\"@id\":\"https:\\\/\\\/www.eldiariodetucuman.com\\\/web\\\/la-provincia-termina-ano-las-cuentas-ordenadas\\\/#article\",\"isPartOf\":{\"@id\":\"https:\\\/\\\/www.eldiariodetucuman.com\\\/web\\\/la-provincia-termina-ano-las-cuentas-ordenadas\\\/\"},\"author\":{\"name\":\"admin\",\"@id\":\"https:\\\/\\\/www.eldiariodetucuman.com\\\/web\\\/#\\\/schema\\\/person\\\/9250197d75ab5483412e19678b121caa\"},\"headline\":\"\u201cLa Provincia termina el a\u00f1o con las cuentas ordenadas\u201d\",\"datePublished\":\"2017-12-27T14:24:54+00:00\",\"dateModified\":\"2017-12-27T14:32:35+00:00\",\"mainEntityOfPage\":{\"@id\":\"https:\\\/\\\/www.eldiariodetucuman.com\\\/web\\\/la-provincia-termina-ano-las-cuentas-ordenadas\\\/\"},\"wordCount\":318,\"commentCount\":0,\"publisher\":{\"@id\":\"https:\\\/\\\/www.eldiariodetucuman.com\\\/web\\\/#organization\"},\"image\":{\"@id\":\"https:\\\/\\\/www.eldiariodetucuman.com\\\/web\\\/la-provincia-termina-ano-las-cuentas-ordenadas\\\/#primaryimage\"},\"thumbnailUrl\":\"https:\\\/\\\/www.eldiariodetucuman.com\\\/web\\\/wp-content\\\/uploads\\\/2017\\\/12\\\/274b0804663214622ef0974e7c2c789d.jpeg\",\"articleSection\":[\"Politica\"],\"inLanguage\":\"es\",\"potentialAction\":[{\"@type\":\"CommentAction\",\"name\":\"Comment\",\"target\":[\"https:\\\/\\\/www.eldiariodetucuman.com\\\/web\\\/la-provincia-termina-ano-las-cuentas-ordenadas\\\/#respond\"]}]},{\"@type\":\"WebPage\",\"@id\":\"https:\\\/\\\/www.eldiariodetucuman.com\\\/web\\\/la-provincia-termina-ano-las-cuentas-ordenadas\\\/\",\"url\":\"https:\\\/\\\/www.eldiariodetucuman.com\\\/web\\\/la-provincia-termina-ano-las-cuentas-ordenadas\\\/\",\"name\":\"\u201cLa Provincia termina el a\u00f1o con las cuentas ordenadas\u201d - El Diario de Tucuman\",\"isPartOf\":{\"@id\":\"https:\\\/\\\/www.eldiariodetucuman.com\\\/web\\\/#website\"},\"primaryImageOfPage\":{\"@id\":\"https:\\\/\\\/www.eldiariodetucuman.com\\\/web\\\/la-provincia-termina-ano-las-cuentas-ordenadas\\\/#primaryimage\"},\"image\":{\"@id\":\"https:\\\/\\\/www.eldiariodetucuman.com\\\/web\\\/la-provincia-termina-ano-las-cuentas-ordenadas\\\/#primaryimage\"},\"thumbnailUrl\":\"https:\\\/\\\/www.eldiariodetucuman.com\\\/web\\\/wp-content\\\/uploads\\\/2017\\\/12\\\/274b0804663214622ef0974e7c2c789d.jpeg\",\"datePublished\":\"2017-12-27T14:24:54+00:00\",\"dateModified\":\"2017-12-27T14:32:35+00:00\",\"breadcrumb\":{\"@id\":\"https:\\\/\\\/www.eldiariodetucuman.com\\\/web\\\/la-provincia-termina-ano-las-cuentas-ordenadas\\\/#breadcrumb\"},\"inLanguage\":\"es\",\"potentialAction\":[{\"@type\":\"ReadAction\",\"target\":[\"https:\\\/\\\/www.eldiariodetucuman.com\\\/web\\\/la-provincia-termina-ano-las-cuentas-ordenadas\\\/\"]}]},{\"@type\":\"ImageObject\",\"inLanguage\":\"es\",\"@id\":\"https:\\\/\\\/www.eldiariodetucuman.com\\\/web\\\/la-provincia-termina-ano-las-cuentas-ordenadas\\\/#primaryimage\",\"url\":\"https:\\\/\\\/www.eldiariodetucuman.com\\\/web\\\/wp-content\\\/uploads\\\/2017\\\/12\\\/274b0804663214622ef0974e7c2c789d.jpeg\",\"contentUrl\":\"https:\\\/\\\/www.eldiariodetucuman.com\\\/web\\\/wp-content\\\/uploads\\\/2017\\\/12\\\/274b0804663214622ef0974e7c2c789d.jpeg\",\"width\":750,\"height\":416},{\"@type\":\"BreadcrumbList\",\"@id\":\"https:\\\/\\\/www.eldiariodetucuman.com\\\/web\\\/la-provincia-termina-ano-las-cuentas-ordenadas\\\/#breadcrumb\",\"itemListElement\":[{\"@type\":\"ListItem\",\"position\":1,\"name\":\"Portada\",\"item\":\"https:\\\/\\\/www.eldiariodetucuman.com\\\/web\\\/\"},{\"@type\":\"ListItem\",\"position\":2,\"name\":\"\u201cLa Provincia termina el a\u00f1o con las cuentas ordenadas\u201d\"}]},{\"@type\":\"WebSite\",\"@id\":\"https:\\\/\\\/www.eldiariodetucuman.com\\\/web\\\/#website\",\"url\":\"https:\\\/\\\/www.eldiariodetucuman.com\\\/web\\\/\",\"name\":\"El Diario de Tucuman\",\"description\":\"Diario Tucuman - Informaci\u00f3n y noticias\",\"publisher\":{\"@id\":\"https:\\\/\\\/www.eldiariodetucuman.com\\\/web\\\/#organization\"},\"potentialAction\":[{\"@type\":\"SearchAction\",\"target\":{\"@type\":\"EntryPoint\",\"urlTemplate\":\"https:\\\/\\\/www.eldiariodetucuman.com\\\/web\\\/?s={search_term_string}\"},\"query-input\":{\"@type\":\"PropertyValueSpecification\",\"valueRequired\":true,\"valueName\":\"search_term_string\"}}],\"inLanguage\":\"es\"},{\"@type\":\"Organization\",\"@id\":\"https:\\\/\\\/www.eldiariodetucuman.com\\\/web\\\/#organization\",\"name\":\"El Diario de Tucuman\",\"url\":\"https:\\\/\\\/www.eldiariodetucuman.com\\\/web\\\/\",\"logo\":{\"@type\":\"ImageObject\",\"inLanguage\":\"es\",\"@id\":\"https:\\\/\\\/www.eldiariodetucuman.com\\\/web\\\/#\\\/schema\\\/logo\\\/image\\\/\",\"url\":\"http:\\\/\\\/www.eldiariodetucuman.com\\\/web\\\/wp-content\\\/uploads\\\/2017\\\/12\\\/el-diario-de-tucuman.jpg\",\"contentUrl\":\"http:\\\/\\\/www.eldiariodetucuman.com\\\/web\\\/wp-content\\\/uploads\\\/2017\\\/12\\\/el-diario-de-tucuman.jpg\",\"width\":272,\"height\":92,\"caption\":\"El Diario de Tucuman\"},\"image\":{\"@id\":\"https:\\\/\\\/www.eldiariodetucuman.com\\\/web\\\/#\\\/schema\\\/logo\\\/image\\\/\"}},{\"@type\":\"Person\",\"@id\":\"https:\\\/\\\/www.eldiariodetucuman.com\\\/web\\\/#\\\/schema\\\/person\\\/9250197d75ab5483412e19678b121caa\",\"name\":\"admin\",\"image\":{\"@type\":\"ImageObject\",\"inLanguage\":\"es\",\"@id\":\"https:\\\/\\\/secure.gravatar.com\\\/avatar\\\/c44d117c2be811212c22cb481f6b8384b6873de103fbc49e7a03cc58d7dea4ac?s=96&d=mm&r=g\",\"url\":\"https:\\\/\\\/secure.gravatar.com\\\/avatar\\\/c44d117c2be811212c22cb481f6b8384b6873de103fbc49e7a03cc58d7dea4ac?s=96&d=mm&r=g\",\"contentUrl\":\"https:\\\/\\\/secure.gravatar.com\\\/avatar\\\/c44d117c2be811212c22cb481f6b8384b6873de103fbc49e7a03cc58d7dea4ac?s=96&d=mm&r=g\",\"caption\":\"admin\"},\"url\":\"https:\\\/\\\/www.eldiariodetucuman.com\\\/web\\\/author\\\/admin\\\/\"}]}<\/script>\n<!-- \/ Yoast SEO plugin. -->","yoast_head_json":{"title":"\u201cLa Provincia termina el a\u00f1o con las cuentas ordenadas\u201d - El Diario de Tucuman","robots":{"index":"index","follow":"follow","max-snippet":"max-snippet:-1","max-image-preview":"max-image-preview:large","max-video-preview":"max-video-preview:-1"},"canonical":"https:\/\/www.eldiariodetucuman.com\/web\/la-provincia-termina-ano-las-cuentas-ordenadas\/","og_locale":"es_ES","og_type":"article","og_title":"\u201cLa Provincia termina el a\u00f1o con las cuentas ordenadas\u201d - El Diario de Tucuman","og_description":"En v\u00edsperas de fin de a\u00f1o, el gobernador, Juan Manzur, realiz\u00f3 un balance sobre los aspectos econ\u00f3micos y sociales del Gobierno Provincial. Remarc\u00f3 que las arcas se encuentran en equilibrio, el cumplimiento del cronograma de sueldos y la creaci\u00f3n del Ministerio de Seguridad. La Provincia termina el a\u00f1o con las cuentas ordenadas, sin d\u00e9ficit fiscal; [&hellip;]","og_url":"https:\/\/www.eldiariodetucuman.com\/web\/la-provincia-termina-ano-las-cuentas-ordenadas\/","og_site_name":"El Diario de Tucuman","article_published_time":"2017-12-27T14:24:54+00:00","article_modified_time":"2017-12-27T14:32:35+00:00","og_image":[{"width":750,"height":416,"url":"https:\/\/www.eldiariodetucuman.com\/web\/wp-content\/uploads\/2017\/12\/274b0804663214622ef0974e7c2c789d.jpeg","type":"image\/jpeg"}],"author":"admin","twitter_card":"summary_large_image","twitter_misc":{"Escrito por":"admin","Tiempo de lectura":"2 minutos"},"schema":{"@context":"https:\/\/schema.org","@graph":[{"@type":"Article","@id":"https:\/\/www.eldiariodetucuman.com\/web\/la-provincia-termina-ano-las-cuentas-ordenadas\/#article","isPartOf":{"@id":"https:\/\/www.eldiariodetucuman.com\/web\/la-provincia-termina-ano-las-cuentas-ordenadas\/"},"author":{"name":"admin","@id":"https:\/\/www.eldiariodetucuman.com\/web\/#\/schema\/person\/9250197d75ab5483412e19678b121caa"},"headline":"\u201cLa Provincia termina el a\u00f1o con las cuentas ordenadas\u201d","datePublished":"2017-12-27T14:24:54+00:00","dateModified":"2017-12-27T14:32:35+00:00","mainEntityOfPage":{"@id":"https:\/\/www.eldiariodetucuman.com\/web\/la-provincia-termina-ano-las-cuentas-ordenadas\/"},"wordCount":318,"commentCount":0,"publisher":{"@id":"https:\/\/www.eldiariodetucuman.com\/web\/#organization"},"image":{"@id":"https:\/\/www.eldiariodetucuman.com\/web\/la-provincia-termina-ano-las-cuentas-ordenadas\/#primaryimage"},"thumbnailUrl":"https:\/\/www.eldiariodetucuman.com\/web\/wp-content\/uploads\/2017\/12\/274b0804663214622ef0974e7c2c789d.jpeg","articleSection":["Politica"],"inLanguage":"es","potentialAction":[{"@type":"CommentAction","name":"Comment","target":["https:\/\/www.eldiariodetucuman.com\/web\/la-provincia-termina-ano-las-cuentas-ordenadas\/#respond"]}]},{"@type":"WebPage","@id":"https:\/\/www.eldiariodetucuman.com\/web\/la-provincia-termina-ano-las-cuentas-ordenadas\/","url":"https:\/\/www.eldiariodetucuman.com\/web\/la-provincia-termina-ano-las-cuentas-ordenadas\/","name":"\u201cLa Provincia termina el a\u00f1o con las cuentas ordenadas\u201d - El Diario de Tucuman","isPartOf":{"@id":"https:\/\/www.eldiariodetucuman.com\/web\/#website"},"primaryImageOfPage":{"@id":"https:\/\/www.eldiariodetucuman.com\/web\/la-provincia-termina-ano-las-cuentas-ordenadas\/#primaryimage"},"image":{"@id":"https:\/\/www.eldiariodetucuman.com\/web\/la-provincia-termina-ano-las-cuentas-ordenadas\/#primaryimage"},"thumbnailUrl":"https:\/\/www.eldiariodetucuman.com\/web\/wp-content\/uploads\/2017\/12\/274b0804663214622ef0974e7c2c789d.jpeg","datePublished":"2017-12-27T14:24:54+00:00","dateModified":"2017-12-27T14:32:35+00:00","breadcrumb":{"@id":"https:\/\/www.eldiariodetucuman.com\/web\/la-provincia-termina-ano-las-cuentas-ordenadas\/#breadcrumb"},"inLanguage":"es","potentialAction":[{"@type":"ReadAction","target":["https:\/\/www.eldiariodetucuman.com\/web\/la-provincia-termina-ano-las-cuentas-ordenadas\/"]}]},{"@type":"ImageObject","inLanguage":"es","@id":"https:\/\/www.eldiariodetucuman.com\/web\/la-provincia-termina-ano-las-cuentas-ordenadas\/#primaryimage","url":"https:\/\/www.eldiariodetucuman.com\/web\/wp-content\/uploads\/2017\/12\/274b0804663214622ef0974e7c2c789d.jpeg","contentUrl":"https:\/\/www.eldiariodetucuman.com\/web\/wp-content\/uploads\/2017\/12\/274b0804663214622ef0974e7c2c789d.jpeg","width":750,"height":416},{"@type":"BreadcrumbList","@id":"https:\/\/www.eldiariodetucuman.com\/web\/la-provincia-termina-ano-las-cuentas-ordenadas\/#breadcrumb","itemListElement":[{"@type":"ListItem","position":1,"name":"Portada","item":"https:\/\/www.eldiariodetucuman.com\/web\/"},{"@type":"ListItem","position":2,"name":"\u201cLa Provincia termina el a\u00f1o con las cuentas ordenadas\u201d"}]},{"@type":"WebSite","@id":"https:\/\/www.eldiariodetucuman.com\/web\/#website","url":"https:\/\/www.eldiariodetucuman.com\/web\/","name":"El Diario de Tucuman","description":"Diario Tucuman - Informaci\u00f3n y noticias","publisher":{"@id":"https:\/\/www.eldiariodetucuman.com\/web\/#organization"},"potentialAction":[{"@type":"SearchAction","target":{"@type":"EntryPoint","urlTemplate":"https:\/\/www.eldiariodetucuman.com\/web\/?s={search_term_string}"},"query-input":{"@type":"PropertyValueSpecification","valueRequired":true,"valueName":"search_term_string"}}],"inLanguage":"es"},{"@type":"Organization","@id":"https:\/\/www.eldiariodetucuman.com\/web\/#organization","name":"El Diario de Tucuman","url":"https:\/\/www.eldiariodetucuman.com\/web\/","logo":{"@type":"ImageObject","inLanguage":"es","@id":"https:\/\/www.eldiariodetucuman.com\/web\/#\/schema\/logo\/image\/","url":"http:\/\/www.eldiariodetucuman.com\/web\/wp-content\/uploads\/2017\/12\/el-diario-de-tucuman.jpg","contentUrl":"http:\/\/www.eldiariodetucuman.com\/web\/wp-content\/uploads\/2017\/12\/el-diario-de-tucuman.jpg","width":272,"height":92,"caption":"El Diario de Tucuman"},"image":{"@id":"https:\/\/www.eldiariodetucuman.com\/web\/#\/schema\/logo\/image\/"}},{"@type":"Person","@id":"https:\/\/www.eldiariodetucuman.com\/web\/#\/schema\/person\/9250197d75ab5483412e19678b121caa","name":"admin","image":{"@type":"ImageObject","inLanguage":"es","@id":"https:\/\/secure.gravatar.com\/avatar\/c44d117c2be811212c22cb481f6b8384b6873de103fbc49e7a03cc58d7dea4ac?s=96&d=mm&r=g","url":"https:\/\/secure.gravatar.com\/avatar\/c44d117c2be811212c22cb481f6b8384b6873de103fbc49e7a03cc58d7dea4ac?s=96&d=mm&r=g","contentUrl":"https:\/\/secure.gravatar.com\/avatar\/c44d117c2be811212c22cb481f6b8384b6873de103fbc49e7a03cc58d7dea4ac?s=96&d=mm&r=g","caption":"admin"},"url":"https:\/\/www.eldiariodetucuman.com\/web\/author\/admin\/"}]}},"_links":{"self":[{"href":"https:\/\/www.eldiariodetucuman.com\/web\/wp-json\/wp\/v2\/posts\/4305","targetHints":{"allow":["GET"]}}],"collection":[{"href":"https:\/\/www.eldiariodetucuman.com\/web\/wp-json\/wp\/v2\/posts"}],"about":[{"href":"https:\/\/www.eldiariodetucuman.com\/web\/wp-json\/wp\/v2\/types\/post"}],"author":[{"embeddable":true,"href":"https:\/\/www.eldiariodetucuman.com\/web\/wp-json\/wp\/v2\/users\/1"}],"replies":[{"embeddable":true,"href":"https:\/\/www.eldiariodetucuman.com\/web\/wp-json\/wp\/v2\/comments?post=4305"}],"version-history":[{"count":1,"href":"https:\/\/www.eldiariodetucuman.com\/web\/wp-json\/wp\/v2\/posts\/4305\/revisions"}],"predecessor-version":[{"id":4318,"href":"https:\/\/www.eldiariodetucuman.com\/web\/wp-json\/wp\/v2\/posts\/4305\/revisions\/4318"}],"wp:featuredmedia":[{"embeddable":true,"href":"https:\/\/www.eldiariodetucuman.com\/web\/wp-json\/wp\/v2\/media\/4306"}],"wp:attachment":[{"href":"https:\/\/www.eldiariodetucuman.com\/web\/wp-json\/wp\/v2\/media?parent=4305"}],"wp:term":[{"taxonomy":"category","embeddable":true,"href":"https:\/\/www.eldiariodetucuman.com\/web\/wp-json\/wp\/v2\/categories?post=4305"},{"taxonomy":"post_tag","embeddable":true,"href":"https:\/\/www.eldiariodetucuman.com\/web\/wp-json\/wp\/v2\/tags?post=4305"}],"curies":[{"name":"wp","href":"https:\/\/api.w.org\/{rel}","templated":true}]}}