{"id":43044,"date":"2024-10-29T12:22:13","date_gmt":"2024-10-29T15:22:13","guid":{"rendered":"https:\/\/www.eldiariodetucuman.com\/web\/?p=43044"},"modified":"2024-10-29T12:22:13","modified_gmt":"2024-10-29T15:22:13","slug":"uta-tucuman-confirmo-que-los-colectivos-circularan-con-normalidad","status":"publish","type":"post","link":"https:\/\/www.eldiariodetucuman.com\/web\/uta-tucuman-confirmo-que-los-colectivos-circularan-con-normalidad\/","title":{"rendered":"UTA Tucum\u00e1n confirm\u00f3 que los colectivos circular\u00e1n con normalidad"},"content":{"rendered":"<div class=\"noticia-copete text-noticia-index-copete font-noticia-index-copete text-lg md:text-lg pb-2\">El jueves habr\u00e1 un cese de actividades que afectar\u00e1n a varios medios de transportes a nivel nacional pero en Tucum\u00e1n no tendr\u00e1 efecto alguno.<\/div>\n<p><!--more--><\/p>\n<p>En las \u00faltimas horas, la <strong>Uni\u00f3n Tranviarios Automotor (UTA)<\/strong> \u00e2\u20ac\u2022el gremio que nuclea a la mayor\u00eda de los choferes de colectivos en el pa\u00eds anunci\u00f3 un paro para este jueves 31 de octubre. Este ocurrir\u00e1 un d\u00eda despu\u00e9s del paro de transporte nacional que est\u00e1 estipulado para este mi\u00e9rcoles 30 de octubre.<\/p>\n<p>Ante tanta confusi\u00f3n y dudas que provoc\u00f3 este anuncio, los pasajeros de los distintos medios de transporte p\u00fablico se preguntan cu\u00e1ndo hay un cese de actividades en cada servicio y a qui\u00e9nes afecta.<\/p>\n<p>En <strong>Tucum\u00e1n<\/strong>, desde la UTA local afirmaron que la medida de fuerza no ser\u00e1 aplicada por lo que los colectivos circular\u00e1n con total normalidad.<\/p>\n<p><strong>Fuente:<\/strong> <a href=\"https:\/\/www.losprimeros.tv\/noticias\/2024\/10\/28\/269560-pese-al-paro-de-transporte-uta-tucuman-confirmo-que-los-colectivos-circularan-con-normalidad\">https:\/\/www.losprimeros.tv\/noticias\/2024\/10\/28\/269560-pese-al-paro-de-transporte-uta-tucuman-confirmo-que-los-colectivos-circularan-con-normalidad<\/a><\/p>\n","protected":false},"excerpt":{"rendered":"<p>El jueves habr\u00e1 un cese de actividades que afectar\u00e1n a varios medios de transportes a nivel nacional pero en Tucum\u00e1n no tendr\u00e1 efecto alguno.<\/p>\n","protected":false},"author":5,"featured_media":29120,"comment_status":"closed","ping_status":"open","sticky":false,"template":"","format":"standard","meta":{"footnotes":""},"categories":[2],"tags":[1442,61,46],"class_list":{"0":"post-43044","1":"post","2":"type-post","3":"status-publish","4":"format-standard","5":"has-post-thumbnail","7":"category-actualidad","8":"tag-colectivos","9":"tag-tucuman","10":"tag-uta"},"yoast_head":"<!-- This site is optimized with the Yoast SEO plugin v27.5 - https:\/\/yoast.com\/product\/yoast-seo-wordpress\/ -->\n<title>UTA Tucum\u00e1n confirm\u00f3 que los colectivos circular\u00e1n con normalidad - El Diario de Tucuman<\/title>\n<meta name=\"robots\" content=\"index, follow, max-snippet:-1, max-image-preview:large, max-video-preview:-1\" \/>\n<link rel=\"canonical\" href=\"https:\/\/www.eldiariodetucuman.com\/web\/uta-tucuman-confirmo-que-los-colectivos-circularan-con-normalidad\/\" \/>\n<meta property=\"og:locale\" content=\"es_ES\" \/>\n<meta property=\"og:type\" content=\"article\" \/>\n<meta property=\"og:title\" content=\"UTA Tucum\u00e1n confirm\u00f3 que los colectivos circular\u00e1n con normalidad - El Diario de Tucuman\" \/>\n<meta property=\"og:description\" content=\"El jueves habr\u00e1 un cese de actividades que afectar\u00e1n a varios medios de transportes a nivel nacional pero en Tucum\u00e1n no tendr\u00e1 efecto alguno.\" \/>\n<meta property=\"og:url\" content=\"https:\/\/www.eldiariodetucuman.com\/web\/uta-tucuman-confirmo-que-los-colectivos-circularan-con-normalidad\/\" \/>\n<meta property=\"og:site_name\" content=\"El Diario de Tucuman\" \/>\n<meta property=\"article:published_time\" content=\"2024-10-29T15:22:13+00:00\" \/>\n<meta property=\"og:image\" content=\"https:\/\/www.eldiariodetucuman.com\/web\/wp-content\/uploads\/2020\/09\/uta-paro-1.jpg\" \/>\n\t<meta property=\"og:image:width\" content=\"1200\" \/>\n\t<meta property=\"og:image:height\" content=\"675\" \/>\n\t<meta property=\"og:image:type\" content=\"image\/jpeg\" \/>\n<meta name=\"author\" content=\"Redactor Uno\" \/>\n<meta name=\"twitter:card\" content=\"summary_large_image\" \/>\n<meta name=\"twitter:label1\" content=\"Escrito por\" \/>\n\t<meta name=\"twitter:data1\" content=\"Redactor Uno\" \/>\n\t<meta name=\"twitter:label2\" content=\"Tiempo de lectura\" \/>\n\t<meta name=\"twitter:data2\" content=\"1 minuto\" \/>\n<script type=\"application\/ld+json\" class=\"yoast-schema-graph\">{\"@context\":\"https:\\\/\\\/schema.org\",\"@graph\":[{\"@type\":\"Article\",\"@id\":\"https:\\\/\\\/www.eldiariodetucuman.com\\\/web\\\/uta-tucuman-confirmo-que-los-colectivos-circularan-con-normalidad\\\/#article\",\"isPartOf\":{\"@id\":\"https:\\\/\\\/www.eldiariodetucuman.com\\\/web\\\/uta-tucuman-confirmo-que-los-colectivos-circularan-con-normalidad\\\/\"},\"author\":{\"name\":\"Redactor Uno\",\"@id\":\"https:\\\/\\\/www.eldiariodetucuman.com\\\/web\\\/#\\\/schema\\\/person\\\/7e6644a46e60888f6b868594407e08dd\"},\"headline\":\"UTA Tucum\u00e1n confirm\u00f3 que los colectivos circular\u00e1n con normalidad\",\"datePublished\":\"2024-10-29T15:22:13+00:00\",\"mainEntityOfPage\":{\"@id\":\"https:\\\/\\\/www.eldiariodetucuman.com\\\/web\\\/uta-tucuman-confirmo-que-los-colectivos-circularan-con-normalidad\\\/\"},\"wordCount\":163,\"publisher\":{\"@id\":\"https:\\\/\\\/www.eldiariodetucuman.com\\\/web\\\/#organization\"},\"image\":{\"@id\":\"https:\\\/\\\/www.eldiariodetucuman.com\\\/web\\\/uta-tucuman-confirmo-que-los-colectivos-circularan-con-normalidad\\\/#primaryimage\"},\"thumbnailUrl\":\"https:\\\/\\\/www.eldiariodetucuman.com\\\/web\\\/wp-content\\\/uploads\\\/2020\\\/09\\\/uta-paro-1.jpg\",\"keywords\":[\"colectivos\",\"Tucuman\",\"UTA\"],\"articleSection\":[\"Actualidad\"],\"inLanguage\":\"es\"},{\"@type\":\"WebPage\",\"@id\":\"https:\\\/\\\/www.eldiariodetucuman.com\\\/web\\\/uta-tucuman-confirmo-que-los-colectivos-circularan-con-normalidad\\\/\",\"url\":\"https:\\\/\\\/www.eldiariodetucuman.com\\\/web\\\/uta-tucuman-confirmo-que-los-colectivos-circularan-con-normalidad\\\/\",\"name\":\"UTA Tucum\u00e1n confirm\u00f3 que los colectivos circular\u00e1n con normalidad - El Diario de Tucuman\",\"isPartOf\":{\"@id\":\"https:\\\/\\\/www.eldiariodetucuman.com\\\/web\\\/#website\"},\"primaryImageOfPage\":{\"@id\":\"https:\\\/\\\/www.eldiariodetucuman.com\\\/web\\\/uta-tucuman-confirmo-que-los-colectivos-circularan-con-normalidad\\\/#primaryimage\"},\"image\":{\"@id\":\"https:\\\/\\\/www.eldiariodetucuman.com\\\/web\\\/uta-tucuman-confirmo-que-los-colectivos-circularan-con-normalidad\\\/#primaryimage\"},\"thumbnailUrl\":\"https:\\\/\\\/www.eldiariodetucuman.com\\\/web\\\/wp-content\\\/uploads\\\/2020\\\/09\\\/uta-paro-1.jpg\",\"datePublished\":\"2024-10-29T15:22:13+00:00\",\"breadcrumb\":{\"@id\":\"https:\\\/\\\/www.eldiariodetucuman.com\\\/web\\\/uta-tucuman-confirmo-que-los-colectivos-circularan-con-normalidad\\\/#breadcrumb\"},\"inLanguage\":\"es\",\"potentialAction\":[{\"@type\":\"ReadAction\",\"target\":[\"https:\\\/\\\/www.eldiariodetucuman.com\\\/web\\\/uta-tucuman-confirmo-que-los-colectivos-circularan-con-normalidad\\\/\"]}]},{\"@type\":\"ImageObject\",\"inLanguage\":\"es\",\"@id\":\"https:\\\/\\\/www.eldiariodetucuman.com\\\/web\\\/uta-tucuman-confirmo-que-los-colectivos-circularan-con-normalidad\\\/#primaryimage\",\"url\":\"https:\\\/\\\/www.eldiariodetucuman.com\\\/web\\\/wp-content\\\/uploads\\\/2020\\\/09\\\/uta-paro-1.jpg\",\"contentUrl\":\"https:\\\/\\\/www.eldiariodetucuman.com\\\/web\\\/wp-content\\\/uploads\\\/2020\\\/09\\\/uta-paro-1.jpg\",\"width\":1200,\"height\":675},{\"@type\":\"BreadcrumbList\",\"@id\":\"https:\\\/\\\/www.eldiariodetucuman.com\\\/web\\\/uta-tucuman-confirmo-que-los-colectivos-circularan-con-normalidad\\\/#breadcrumb\",\"itemListElement\":[{\"@type\":\"ListItem\",\"position\":1,\"name\":\"Portada\",\"item\":\"https:\\\/\\\/www.eldiariodetucuman.com\\\/web\\\/\"},{\"@type\":\"ListItem\",\"position\":2,\"name\":\"UTA Tucum\u00e1n confirm\u00f3 que los colectivos circular\u00e1n con normalidad\"}]},{\"@type\":\"WebSite\",\"@id\":\"https:\\\/\\\/www.eldiariodetucuman.com\\\/web\\\/#website\",\"url\":\"https:\\\/\\\/www.eldiariodetucuman.com\\\/web\\\/\",\"name\":\"El Diario de Tucuman\",\"description\":\"Diario Tucuman - Informaci\u00f3n y noticias\",\"publisher\":{\"@id\":\"https:\\\/\\\/www.eldiariodetucuman.com\\\/web\\\/#organization\"},\"potentialAction\":[{\"@type\":\"SearchAction\",\"target\":{\"@type\":\"EntryPoint\",\"urlTemplate\":\"https:\\\/\\\/www.eldiariodetucuman.com\\\/web\\\/?s={search_term_string}\"},\"query-input\":{\"@type\":\"PropertyValueSpecification\",\"valueRequired\":true,\"valueName\":\"search_term_string\"}}],\"inLanguage\":\"es\"},{\"@type\":\"Organization\",\"@id\":\"https:\\\/\\\/www.eldiariodetucuman.com\\\/web\\\/#organization\",\"name\":\"El Diario de Tucuman\",\"url\":\"https:\\\/\\\/www.eldiariodetucuman.com\\\/web\\\/\",\"logo\":{\"@type\":\"ImageObject\",\"inLanguage\":\"es\",\"@id\":\"https:\\\/\\\/www.eldiariodetucuman.com\\\/web\\\/#\\\/schema\\\/logo\\\/image\\\/\",\"url\":\"http:\\\/\\\/www.eldiariodetucuman.com\\\/web\\\/wp-content\\\/uploads\\\/2017\\\/12\\\/el-diario-de-tucuman.jpg\",\"contentUrl\":\"http:\\\/\\\/www.eldiariodetucuman.com\\\/web\\\/wp-content\\\/uploads\\\/2017\\\/12\\\/el-diario-de-tucuman.jpg\",\"width\":272,\"height\":92,\"caption\":\"El Diario de Tucuman\"},\"image\":{\"@id\":\"https:\\\/\\\/www.eldiariodetucuman.com\\\/web\\\/#\\\/schema\\\/logo\\\/image\\\/\"}},{\"@type\":\"Person\",\"@id\":\"https:\\\/\\\/www.eldiariodetucuman.com\\\/web\\\/#\\\/schema\\\/person\\\/7e6644a46e60888f6b868594407e08dd\",\"name\":\"Redactor Uno\",\"image\":{\"@type\":\"ImageObject\",\"inLanguage\":\"es\",\"@id\":\"https:\\\/\\\/secure.gravatar.com\\\/avatar\\\/0049b1bdf1bd548385c9ea6b9356431717930913089febd2ba904f0187d7d074?s=96&d=mm&r=g\",\"url\":\"https:\\\/\\\/secure.gravatar.com\\\/avatar\\\/0049b1bdf1bd548385c9ea6b9356431717930913089febd2ba904f0187d7d074?s=96&d=mm&r=g\",\"contentUrl\":\"https:\\\/\\\/secure.gravatar.com\\\/avatar\\\/0049b1bdf1bd548385c9ea6b9356431717930913089febd2ba904f0187d7d074?s=96&d=mm&r=g\",\"caption\":\"Redactor Uno\"},\"url\":\"https:\\\/\\\/www.eldiariodetucuman.com\\\/web\\\/author\\\/mramasco\\\/\"}]}<\/script>\n<!-- \/ Yoast SEO plugin. -->","yoast_head_json":{"title":"UTA Tucum\u00e1n confirm\u00f3 que los colectivos circular\u00e1n con normalidad - El Diario de Tucuman","robots":{"index":"index","follow":"follow","max-snippet":"max-snippet:-1","max-image-preview":"max-image-preview:large","max-video-preview":"max-video-preview:-1"},"canonical":"https:\/\/www.eldiariodetucuman.com\/web\/uta-tucuman-confirmo-que-los-colectivos-circularan-con-normalidad\/","og_locale":"es_ES","og_type":"article","og_title":"UTA Tucum\u00e1n confirm\u00f3 que los colectivos circular\u00e1n con normalidad - El Diario de Tucuman","og_description":"El jueves habr\u00e1 un cese de actividades que afectar\u00e1n a varios medios de transportes a nivel nacional pero en Tucum\u00e1n no tendr\u00e1 efecto alguno.","og_url":"https:\/\/www.eldiariodetucuman.com\/web\/uta-tucuman-confirmo-que-los-colectivos-circularan-con-normalidad\/","og_site_name":"El Diario de Tucuman","article_published_time":"2024-10-29T15:22:13+00:00","og_image":[{"width":1200,"height":675,"url":"https:\/\/www.eldiariodetucuman.com\/web\/wp-content\/uploads\/2020\/09\/uta-paro-1.jpg","type":"image\/jpeg"}],"author":"Redactor Uno","twitter_card":"summary_large_image","twitter_misc":{"Escrito por":"Redactor Uno","Tiempo de lectura":"1 minuto"},"schema":{"@context":"https:\/\/schema.org","@graph":[{"@type":"Article","@id":"https:\/\/www.eldiariodetucuman.com\/web\/uta-tucuman-confirmo-que-los-colectivos-circularan-con-normalidad\/#article","isPartOf":{"@id":"https:\/\/www.eldiariodetucuman.com\/web\/uta-tucuman-confirmo-que-los-colectivos-circularan-con-normalidad\/"},"author":{"name":"Redactor Uno","@id":"https:\/\/www.eldiariodetucuman.com\/web\/#\/schema\/person\/7e6644a46e60888f6b868594407e08dd"},"headline":"UTA Tucum\u00e1n confirm\u00f3 que los colectivos circular\u00e1n con normalidad","datePublished":"2024-10-29T15:22:13+00:00","mainEntityOfPage":{"@id":"https:\/\/www.eldiariodetucuman.com\/web\/uta-tucuman-confirmo-que-los-colectivos-circularan-con-normalidad\/"},"wordCount":163,"publisher":{"@id":"https:\/\/www.eldiariodetucuman.com\/web\/#organization"},"image":{"@id":"https:\/\/www.eldiariodetucuman.com\/web\/uta-tucuman-confirmo-que-los-colectivos-circularan-con-normalidad\/#primaryimage"},"thumbnailUrl":"https:\/\/www.eldiariodetucuman.com\/web\/wp-content\/uploads\/2020\/09\/uta-paro-1.jpg","keywords":["colectivos","Tucuman","UTA"],"articleSection":["Actualidad"],"inLanguage":"es"},{"@type":"WebPage","@id":"https:\/\/www.eldiariodetucuman.com\/web\/uta-tucuman-confirmo-que-los-colectivos-circularan-con-normalidad\/","url":"https:\/\/www.eldiariodetucuman.com\/web\/uta-tucuman-confirmo-que-los-colectivos-circularan-con-normalidad\/","name":"UTA Tucum\u00e1n confirm\u00f3 que los colectivos circular\u00e1n con normalidad - El Diario de Tucuman","isPartOf":{"@id":"https:\/\/www.eldiariodetucuman.com\/web\/#website"},"primaryImageOfPage":{"@id":"https:\/\/www.eldiariodetucuman.com\/web\/uta-tucuman-confirmo-que-los-colectivos-circularan-con-normalidad\/#primaryimage"},"image":{"@id":"https:\/\/www.eldiariodetucuman.com\/web\/uta-tucuman-confirmo-que-los-colectivos-circularan-con-normalidad\/#primaryimage"},"thumbnailUrl":"https:\/\/www.eldiariodetucuman.com\/web\/wp-content\/uploads\/2020\/09\/uta-paro-1.jpg","datePublished":"2024-10-29T15:22:13+00:00","breadcrumb":{"@id":"https:\/\/www.eldiariodetucuman.com\/web\/uta-tucuman-confirmo-que-los-colectivos-circularan-con-normalidad\/#breadcrumb"},"inLanguage":"es","potentialAction":[{"@type":"ReadAction","target":["https:\/\/www.eldiariodetucuman.com\/web\/uta-tucuman-confirmo-que-los-colectivos-circularan-con-normalidad\/"]}]},{"@type":"ImageObject","inLanguage":"es","@id":"https:\/\/www.eldiariodetucuman.com\/web\/uta-tucuman-confirmo-que-los-colectivos-circularan-con-normalidad\/#primaryimage","url":"https:\/\/www.eldiariodetucuman.com\/web\/wp-content\/uploads\/2020\/09\/uta-paro-1.jpg","contentUrl":"https:\/\/www.eldiariodetucuman.com\/web\/wp-content\/uploads\/2020\/09\/uta-paro-1.jpg","width":1200,"height":675},{"@type":"BreadcrumbList","@id":"https:\/\/www.eldiariodetucuman.com\/web\/uta-tucuman-confirmo-que-los-colectivos-circularan-con-normalidad\/#breadcrumb","itemListElement":[{"@type":"ListItem","position":1,"name":"Portada","item":"https:\/\/www.eldiariodetucuman.com\/web\/"},{"@type":"ListItem","position":2,"name":"UTA Tucum\u00e1n confirm\u00f3 que los colectivos circular\u00e1n con normalidad"}]},{"@type":"WebSite","@id":"https:\/\/www.eldiariodetucuman.com\/web\/#website","url":"https:\/\/www.eldiariodetucuman.com\/web\/","name":"El Diario de Tucuman","description":"Diario Tucuman - Informaci\u00f3n y noticias","publisher":{"@id":"https:\/\/www.eldiariodetucuman.com\/web\/#organization"},"potentialAction":[{"@type":"SearchAction","target":{"@type":"EntryPoint","urlTemplate":"https:\/\/www.eldiariodetucuman.com\/web\/?s={search_term_string}"},"query-input":{"@type":"PropertyValueSpecification","valueRequired":true,"valueName":"search_term_string"}}],"inLanguage":"es"},{"@type":"Organization","@id":"https:\/\/www.eldiariodetucuman.com\/web\/#organization","name":"El Diario de Tucuman","url":"https:\/\/www.eldiariodetucuman.com\/web\/","logo":{"@type":"ImageObject","inLanguage":"es","@id":"https:\/\/www.eldiariodetucuman.com\/web\/#\/schema\/logo\/image\/","url":"http:\/\/www.eldiariodetucuman.com\/web\/wp-content\/uploads\/2017\/12\/el-diario-de-tucuman.jpg","contentUrl":"http:\/\/www.eldiariodetucuman.com\/web\/wp-content\/uploads\/2017\/12\/el-diario-de-tucuman.jpg","width":272,"height":92,"caption":"El Diario de Tucuman"},"image":{"@id":"https:\/\/www.eldiariodetucuman.com\/web\/#\/schema\/logo\/image\/"}},{"@type":"Person","@id":"https:\/\/www.eldiariodetucuman.com\/web\/#\/schema\/person\/7e6644a46e60888f6b868594407e08dd","name":"Redactor Uno","image":{"@type":"ImageObject","inLanguage":"es","@id":"https:\/\/secure.gravatar.com\/avatar\/0049b1bdf1bd548385c9ea6b9356431717930913089febd2ba904f0187d7d074?s=96&d=mm&r=g","url":"https:\/\/secure.gravatar.com\/avatar\/0049b1bdf1bd548385c9ea6b9356431717930913089febd2ba904f0187d7d074?s=96&d=mm&r=g","contentUrl":"https:\/\/secure.gravatar.com\/avatar\/0049b1bdf1bd548385c9ea6b9356431717930913089febd2ba904f0187d7d074?s=96&d=mm&r=g","caption":"Redactor Uno"},"url":"https:\/\/www.eldiariodetucuman.com\/web\/author\/mramasco\/"}]}},"_links":{"self":[{"href":"https:\/\/www.eldiariodetucuman.com\/web\/wp-json\/wp\/v2\/posts\/43044","targetHints":{"allow":["GET"]}}],"collection":[{"href":"https:\/\/www.eldiariodetucuman.com\/web\/wp-json\/wp\/v2\/posts"}],"about":[{"href":"https:\/\/www.eldiariodetucuman.com\/web\/wp-json\/wp\/v2\/types\/post"}],"author":[{"embeddable":true,"href":"https:\/\/www.eldiariodetucuman.com\/web\/wp-json\/wp\/v2\/users\/5"}],"replies":[{"embeddable":true,"href":"https:\/\/www.eldiariodetucuman.com\/web\/wp-json\/wp\/v2\/comments?post=43044"}],"version-history":[{"count":1,"href":"https:\/\/www.eldiariodetucuman.com\/web\/wp-json\/wp\/v2\/posts\/43044\/revisions"}],"predecessor-version":[{"id":43045,"href":"https:\/\/www.eldiariodetucuman.com\/web\/wp-json\/wp\/v2\/posts\/43044\/revisions\/43045"}],"wp:featuredmedia":[{"embeddable":true,"href":"https:\/\/www.eldiariodetucuman.com\/web\/wp-json\/wp\/v2\/media\/29120"}],"wp:attachment":[{"href":"https:\/\/www.eldiariodetucuman.com\/web\/wp-json\/wp\/v2\/media?parent=43044"}],"wp:term":[{"taxonomy":"category","embeddable":true,"href":"https:\/\/www.eldiariodetucuman.com\/web\/wp-json\/wp\/v2\/categories?post=43044"},{"taxonomy":"post_tag","embeddable":true,"href":"https:\/\/www.eldiariodetucuman.com\/web\/wp-json\/wp\/v2\/tags?post=43044"}],"curies":[{"name":"wp","href":"https:\/\/api.w.org\/{rel}","templated":true}]}}