{"id":4295,"date":"2017-12-27T11:08:07","date_gmt":"2017-12-27T14:08:07","guid":{"rendered":"http:\/\/www.eldiariodetucuman.com\/web\/?p=4295"},"modified":"2017-12-27T11:17:37","modified_gmt":"2017-12-27T14:17:37","slug":"tafi-del-valle-mejora-la-experiencia-gastronomica-del-turista","status":"publish","type":"post","link":"https:\/\/www.eldiariodetucuman.com\/web\/tafi-del-valle-mejora-la-experiencia-gastronomica-del-turista\/","title":{"rendered":"Tafi del Valle mejora la experiencia gastron\u00f3mica del turista"},"content":{"rendered":"<p>El programa de Fortalecimiento Gastron\u00f3mico cerr\u00f3 el a\u00f1o en el hotel Lunahuana, de Taf\u00ed del Valle, donde se reunieron cocineros, personal gastron\u00f3mico y propietarios de establecimientos.<\/p>\n<p>\u201cAsumimos como un gran desaf\u00edo el hacer acciones diferentes para obtener resultados distintos: la capacitaci\u00f3n necesit\u00f3 un replanteo de su formato tradicional: salir de lo \u00e1ulico y con este programa nos encaminamos hacia el logro de ese objetivo\u201d, manifest\u00f3 la vicepresidenta del Ente Aut\u00e1rquico Tucum\u00e1n Turismo (EATT) <strong>Elena Colombres Garmendia<\/strong> quien presenci\u00f3 el acto.<\/p>\n<blockquote><p>El programa excede lo gastron\u00f3mico, porque se busc\u00f3 generar identidad por medio de la gastronom\u00eda como experiencia tur\u00edstica y esos objetivos est\u00e1n cumplidos\u201d, concluy\u00f3.<\/p><\/blockquote>\n<p>A su turno, <strong>Ana Laura V\u00e1squez,<\/strong> jefa del \u00e1rea de Capacitaci\u00f3n que impuls\u00f3 el programa, manifest\u00f3: \u201cNos sorprendi\u00f3 el entusiasmo de la gente y la continuidad. Ello habla bien de la identidad local ya que se busca que en el valle se creen y se puedan ofrecer productos con identidad propia, incorporando productores y nombres afines de platos nuevos para as\u00ed poder llegar a trav\u00e9s de la experiencia gastron\u00f3mica al turista\u201d, coment\u00f3.<\/p>\n<p>En el cierre del programa cuatro establecimientos consiguieron la distinci\u00f3n y 20 participaciones permanentes, con un 70% de clases pr\u00e1cticas. Los cuatro establecimientos distinguidos fueron \u201cEstancia Las Carreras\u201d; \u201cFlor de Sauco\u201d; \u201cLa Quebradita\u201d y \u201cEl Portal de la Villa\u201d, y veinte asistentes lograron acreditaron su participaci\u00f3n a trav\u00e9s de una certificaci\u00f3n.<\/p>\n<h2><strong>Rompiendo estructuras<\/strong><\/h2>\n<p>La gerente general de Estancia Las Carreras,<strong> In\u00e9s Fr\u00edas Silva<\/strong>, destac\u00f3: \u201cEl ente se anim\u00f3 a romper la estructura de las capacitaciones anteriores en las cuales el capacitador brinda su punto de vista y el otro escucha. Hubo una buena interacci\u00f3n entre el capacitador y la gente lo cual nos ha permitido hacer un relevamiento y revisi\u00f3n de cada uno de los puntos de la gastronom\u00eda. Fue muy bueno ver cu\u00e1les son las cosas que se pueden mejorar, en algunas ajustar y en otras innovar\u201d y asegur\u00f3 que \u201cpara poder innovar debemos seguir mostrando lo t\u00edpico del lugar, resaltar con cada plato y cada cosa que se proponga en la carta lo que sacamos de nuestra propia tierra\u201d, al tiempo que subray\u00f3 \u201cAmaicha nos est\u00e1 trayendo sus condimentos y tenemos ingredientes org\u00e1nicos que dan un valor agregado a lo que estamos haciendo\u201d.<\/p>\n<p>Para <strong>Ricardo Svoboda<\/strong>, de Puro Campo, la capacitaci\u00f3n \u201cla capacitaci\u00f3n era lo que nos faltaba para entender la cocina. Para nosotros todo result\u00f3 interesante, el dictado fue din\u00e1mico ya que fue muy bien planteado desde el punto de vista de la econom\u00eda, materiales, personal y gerencia\u201d.<\/p>\n<p>Para el cierre cada participante present\u00f3 diferentes platos que elaboraron luego de los conocimientos adquiridos en el curso, entre los que sobresali\u00f3 el rescate de la \u201culpada\u201d, una bebida nutritiva y refrescante preparada con harina de ma\u00edz capia cocida, az\u00facar y agua, que se enterraba en lugares que evitaban suba su temperatura, a la que se le incorpor\u00f3 para esta versi\u00f3n actual hielo, menta y lim\u00f3n con una variante de aguardiente para los adultos.<\/p>\n<blockquote class=\"mom_quote \"><p>El programa de Fortalecimiento Gastron\u00f3mico fue dise\u00f1ado y ejecutado por el Ente Tucum\u00e1n Turismo a trav\u00e9s del \u00e1rea de Capacitaci\u00f3n, con la participaci\u00f3n del cocinero \u00c1lvaro Arismendi y el coach Fernando Far\u00edas.<\/p><\/blockquote>\n","protected":false},"excerpt":{"rendered":"<p>El programa de Fortalecimiento Gastron\u00f3mico cerr\u00f3 el a\u00f1o en el hotel Lunahuana, de Taf\u00ed del Valle, donde se reunieron cocineros, personal gastron\u00f3mico y propietarios de establecimientos. \u201cAsumimos como un gran desaf\u00edo el hacer acciones diferentes para obtener resultados distintos: la capacitaci\u00f3n necesit\u00f3 un replanteo de su formato tradicional: salir de lo \u00e1ulico y con este [&hellip;]<\/p>\n","protected":false},"author":1,"featured_media":4296,"comment_status":"open","ping_status":"closed","sticky":false,"template":"","format":"standard","meta":{"footnotes":""},"categories":[5],"tags":[],"class_list":{"0":"post-4295","1":"post","2":"type-post","3":"status-publish","4":"format-standard","5":"has-post-thumbnail","7":"category-cultura"},"yoast_head":"<!-- This site is optimized with the Yoast SEO plugin v27.4 - https:\/\/yoast.com\/product\/yoast-seo-wordpress\/ -->\n<title>Tafi del Valle mejora la experiencia gastron\u00f3mica del turista<\/title>\n<meta name=\"description\" content=\"El programa de Fortalecimiento Gastron\u00f3mico cerr\u00f3 el a\u00f1o en el hotel Lunahuana, de Taf\u00ed del Valle, donde se reunieron cocineros, personal gastron\u00f3mico y propietarios de establecimientos.\" \/>\n<meta name=\"robots\" content=\"index, follow, max-snippet:-1, max-image-preview:large, max-video-preview:-1\" \/>\n<link rel=\"canonical\" href=\"https:\/\/www.eldiariodetucuman.com\/web\/tafi-del-valle-mejora-la-experiencia-gastronomica-del-turista\/\" \/>\n<meta property=\"og:locale\" content=\"es_ES\" \/>\n<meta property=\"og:type\" content=\"article\" \/>\n<meta property=\"og:title\" content=\"Tafi del Valle mejora la experiencia gastron\u00f3mica del turista\" \/>\n<meta property=\"og:description\" content=\"El programa de Fortalecimiento Gastron\u00f3mico cerr\u00f3 el a\u00f1o en el hotel Lunahuana, de Taf\u00ed del Valle, donde se reunieron cocineros, personal gastron\u00f3mico y propietarios de establecimientos.\" \/>\n<meta property=\"og:url\" content=\"https:\/\/www.eldiariodetucuman.com\/web\/tafi-del-valle-mejora-la-experiencia-gastronomica-del-turista\/\" \/>\n<meta property=\"og:site_name\" content=\"El Diario de Tucuman\" \/>\n<meta property=\"article:published_time\" content=\"2017-12-27T14:08:07+00:00\" \/>\n<meta property=\"article:modified_time\" content=\"2017-12-27T14:17:37+00:00\" \/>\n<meta property=\"og:image\" content=\"https:\/\/www.eldiariodetucuman.com\/web\/wp-content\/uploads\/2017\/12\/a9f03ae2c37bf56d6435806a5da9f06c.jpeg\" \/>\n\t<meta property=\"og:image:width\" content=\"750\" \/>\n\t<meta property=\"og:image:height\" content=\"417\" \/>\n\t<meta property=\"og:image:type\" content=\"image\/jpeg\" \/>\n<meta name=\"author\" content=\"admin\" \/>\n<meta name=\"twitter:card\" content=\"summary_large_image\" \/>\n<meta name=\"twitter:label1\" content=\"Escrito por\" \/>\n\t<meta name=\"twitter:data1\" content=\"admin\" \/>\n\t<meta name=\"twitter:label2\" content=\"Tiempo de lectura\" \/>\n\t<meta name=\"twitter:data2\" content=\"3 minutos\" \/>\n<script type=\"application\/ld+json\" class=\"yoast-schema-graph\">{\"@context\":\"https:\\\/\\\/schema.org\",\"@graph\":[{\"@type\":\"Article\",\"@id\":\"https:\\\/\\\/www.eldiariodetucuman.com\\\/web\\\/tafi-del-valle-mejora-la-experiencia-gastronomica-del-turista\\\/#article\",\"isPartOf\":{\"@id\":\"https:\\\/\\\/www.eldiariodetucuman.com\\\/web\\\/tafi-del-valle-mejora-la-experiencia-gastronomica-del-turista\\\/\"},\"author\":{\"name\":\"admin\",\"@id\":\"https:\\\/\\\/www.eldiariodetucuman.com\\\/web\\\/#\\\/schema\\\/person\\\/9250197d75ab5483412e19678b121caa\"},\"headline\":\"Tafi del Valle mejora la experiencia gastron\u00f3mica del turista\",\"datePublished\":\"2017-12-27T14:08:07+00:00\",\"dateModified\":\"2017-12-27T14:17:37+00:00\",\"mainEntityOfPage\":{\"@id\":\"https:\\\/\\\/www.eldiariodetucuman.com\\\/web\\\/tafi-del-valle-mejora-la-experiencia-gastronomica-del-turista\\\/\"},\"wordCount\":574,\"commentCount\":0,\"publisher\":{\"@id\":\"https:\\\/\\\/www.eldiariodetucuman.com\\\/web\\\/#organization\"},\"image\":{\"@id\":\"https:\\\/\\\/www.eldiariodetucuman.com\\\/web\\\/tafi-del-valle-mejora-la-experiencia-gastronomica-del-turista\\\/#primaryimage\"},\"thumbnailUrl\":\"https:\\\/\\\/www.eldiariodetucuman.com\\\/web\\\/wp-content\\\/uploads\\\/2017\\\/12\\\/a9f03ae2c37bf56d6435806a5da9f06c.jpeg\",\"articleSection\":[\"Cultura\"],\"inLanguage\":\"es\",\"potentialAction\":[{\"@type\":\"CommentAction\",\"name\":\"Comment\",\"target\":[\"https:\\\/\\\/www.eldiariodetucuman.com\\\/web\\\/tafi-del-valle-mejora-la-experiencia-gastronomica-del-turista\\\/#respond\"]}]},{\"@type\":\"WebPage\",\"@id\":\"https:\\\/\\\/www.eldiariodetucuman.com\\\/web\\\/tafi-del-valle-mejora-la-experiencia-gastronomica-del-turista\\\/\",\"url\":\"https:\\\/\\\/www.eldiariodetucuman.com\\\/web\\\/tafi-del-valle-mejora-la-experiencia-gastronomica-del-turista\\\/\",\"name\":\"Tafi del Valle mejora la experiencia gastron\u00f3mica del turista\",\"isPartOf\":{\"@id\":\"https:\\\/\\\/www.eldiariodetucuman.com\\\/web\\\/#website\"},\"primaryImageOfPage\":{\"@id\":\"https:\\\/\\\/www.eldiariodetucuman.com\\\/web\\\/tafi-del-valle-mejora-la-experiencia-gastronomica-del-turista\\\/#primaryimage\"},\"image\":{\"@id\":\"https:\\\/\\\/www.eldiariodetucuman.com\\\/web\\\/tafi-del-valle-mejora-la-experiencia-gastronomica-del-turista\\\/#primaryimage\"},\"thumbnailUrl\":\"https:\\\/\\\/www.eldiariodetucuman.com\\\/web\\\/wp-content\\\/uploads\\\/2017\\\/12\\\/a9f03ae2c37bf56d6435806a5da9f06c.jpeg\",\"datePublished\":\"2017-12-27T14:08:07+00:00\",\"dateModified\":\"2017-12-27T14:17:37+00:00\",\"description\":\"El programa de Fortalecimiento Gastron\u00f3mico cerr\u00f3 el a\u00f1o en el hotel Lunahuana, de Taf\u00ed del Valle, donde se reunieron cocineros, personal gastron\u00f3mico y propietarios de establecimientos.\",\"breadcrumb\":{\"@id\":\"https:\\\/\\\/www.eldiariodetucuman.com\\\/web\\\/tafi-del-valle-mejora-la-experiencia-gastronomica-del-turista\\\/#breadcrumb\"},\"inLanguage\":\"es\",\"potentialAction\":[{\"@type\":\"ReadAction\",\"target\":[\"https:\\\/\\\/www.eldiariodetucuman.com\\\/web\\\/tafi-del-valle-mejora-la-experiencia-gastronomica-del-turista\\\/\"]}]},{\"@type\":\"ImageObject\",\"inLanguage\":\"es\",\"@id\":\"https:\\\/\\\/www.eldiariodetucuman.com\\\/web\\\/tafi-del-valle-mejora-la-experiencia-gastronomica-del-turista\\\/#primaryimage\",\"url\":\"https:\\\/\\\/www.eldiariodetucuman.com\\\/web\\\/wp-content\\\/uploads\\\/2017\\\/12\\\/a9f03ae2c37bf56d6435806a5da9f06c.jpeg\",\"contentUrl\":\"https:\\\/\\\/www.eldiariodetucuman.com\\\/web\\\/wp-content\\\/uploads\\\/2017\\\/12\\\/a9f03ae2c37bf56d6435806a5da9f06c.jpeg\",\"width\":750,\"height\":417},{\"@type\":\"BreadcrumbList\",\"@id\":\"https:\\\/\\\/www.eldiariodetucuman.com\\\/web\\\/tafi-del-valle-mejora-la-experiencia-gastronomica-del-turista\\\/#breadcrumb\",\"itemListElement\":[{\"@type\":\"ListItem\",\"position\":1,\"name\":\"Portada\",\"item\":\"https:\\\/\\\/www.eldiariodetucuman.com\\\/web\\\/\"},{\"@type\":\"ListItem\",\"position\":2,\"name\":\"Tafi del Valle mejora la experiencia gastron\u00f3mica del turista\"}]},{\"@type\":\"WebSite\",\"@id\":\"https:\\\/\\\/www.eldiariodetucuman.com\\\/web\\\/#website\",\"url\":\"https:\\\/\\\/www.eldiariodetucuman.com\\\/web\\\/\",\"name\":\"El Diario de Tucuman\",\"description\":\"Diario Tucuman - Informaci\u00f3n y noticias\",\"publisher\":{\"@id\":\"https:\\\/\\\/www.eldiariodetucuman.com\\\/web\\\/#organization\"},\"potentialAction\":[{\"@type\":\"SearchAction\",\"target\":{\"@type\":\"EntryPoint\",\"urlTemplate\":\"https:\\\/\\\/www.eldiariodetucuman.com\\\/web\\\/?s={search_term_string}\"},\"query-input\":{\"@type\":\"PropertyValueSpecification\",\"valueRequired\":true,\"valueName\":\"search_term_string\"}}],\"inLanguage\":\"es\"},{\"@type\":\"Organization\",\"@id\":\"https:\\\/\\\/www.eldiariodetucuman.com\\\/web\\\/#organization\",\"name\":\"El Diario de Tucuman\",\"url\":\"https:\\\/\\\/www.eldiariodetucuman.com\\\/web\\\/\",\"logo\":{\"@type\":\"ImageObject\",\"inLanguage\":\"es\",\"@id\":\"https:\\\/\\\/www.eldiariodetucuman.com\\\/web\\\/#\\\/schema\\\/logo\\\/image\\\/\",\"url\":\"http:\\\/\\\/www.eldiariodetucuman.com\\\/web\\\/wp-content\\\/uploads\\\/2017\\\/12\\\/el-diario-de-tucuman.jpg\",\"contentUrl\":\"http:\\\/\\\/www.eldiariodetucuman.com\\\/web\\\/wp-content\\\/uploads\\\/2017\\\/12\\\/el-diario-de-tucuman.jpg\",\"width\":272,\"height\":92,\"caption\":\"El Diario de Tucuman\"},\"image\":{\"@id\":\"https:\\\/\\\/www.eldiariodetucuman.com\\\/web\\\/#\\\/schema\\\/logo\\\/image\\\/\"}},{\"@type\":\"Person\",\"@id\":\"https:\\\/\\\/www.eldiariodetucuman.com\\\/web\\\/#\\\/schema\\\/person\\\/9250197d75ab5483412e19678b121caa\",\"name\":\"admin\",\"image\":{\"@type\":\"ImageObject\",\"inLanguage\":\"es\",\"@id\":\"https:\\\/\\\/secure.gravatar.com\\\/avatar\\\/c44d117c2be811212c22cb481f6b8384b6873de103fbc49e7a03cc58d7dea4ac?s=96&d=mm&r=g\",\"url\":\"https:\\\/\\\/secure.gravatar.com\\\/avatar\\\/c44d117c2be811212c22cb481f6b8384b6873de103fbc49e7a03cc58d7dea4ac?s=96&d=mm&r=g\",\"contentUrl\":\"https:\\\/\\\/secure.gravatar.com\\\/avatar\\\/c44d117c2be811212c22cb481f6b8384b6873de103fbc49e7a03cc58d7dea4ac?s=96&d=mm&r=g\",\"caption\":\"admin\"},\"url\":\"https:\\\/\\\/www.eldiariodetucuman.com\\\/web\\\/author\\\/admin\\\/\"}]}<\/script>\n<!-- \/ Yoast SEO plugin. -->","yoast_head_json":{"title":"Tafi del Valle mejora la experiencia gastron\u00f3mica del turista","description":"El programa de Fortalecimiento Gastron\u00f3mico cerr\u00f3 el a\u00f1o en el hotel Lunahuana, de Taf\u00ed del Valle, donde se reunieron cocineros, personal gastron\u00f3mico y propietarios de establecimientos.","robots":{"index":"index","follow":"follow","max-snippet":"max-snippet:-1","max-image-preview":"max-image-preview:large","max-video-preview":"max-video-preview:-1"},"canonical":"https:\/\/www.eldiariodetucuman.com\/web\/tafi-del-valle-mejora-la-experiencia-gastronomica-del-turista\/","og_locale":"es_ES","og_type":"article","og_title":"Tafi del Valle mejora la experiencia gastron\u00f3mica del turista","og_description":"El programa de Fortalecimiento Gastron\u00f3mico cerr\u00f3 el a\u00f1o en el hotel Lunahuana, de Taf\u00ed del Valle, donde se reunieron cocineros, personal gastron\u00f3mico y propietarios de establecimientos.","og_url":"https:\/\/www.eldiariodetucuman.com\/web\/tafi-del-valle-mejora-la-experiencia-gastronomica-del-turista\/","og_site_name":"El Diario de Tucuman","article_published_time":"2017-12-27T14:08:07+00:00","article_modified_time":"2017-12-27T14:17:37+00:00","og_image":[{"width":750,"height":417,"url":"https:\/\/www.eldiariodetucuman.com\/web\/wp-content\/uploads\/2017\/12\/a9f03ae2c37bf56d6435806a5da9f06c.jpeg","type":"image\/jpeg"}],"author":"admin","twitter_card":"summary_large_image","twitter_misc":{"Escrito por":"admin","Tiempo de lectura":"3 minutos"},"schema":{"@context":"https:\/\/schema.org","@graph":[{"@type":"Article","@id":"https:\/\/www.eldiariodetucuman.com\/web\/tafi-del-valle-mejora-la-experiencia-gastronomica-del-turista\/#article","isPartOf":{"@id":"https:\/\/www.eldiariodetucuman.com\/web\/tafi-del-valle-mejora-la-experiencia-gastronomica-del-turista\/"},"author":{"name":"admin","@id":"https:\/\/www.eldiariodetucuman.com\/web\/#\/schema\/person\/9250197d75ab5483412e19678b121caa"},"headline":"Tafi del Valle mejora la experiencia gastron\u00f3mica del turista","datePublished":"2017-12-27T14:08:07+00:00","dateModified":"2017-12-27T14:17:37+00:00","mainEntityOfPage":{"@id":"https:\/\/www.eldiariodetucuman.com\/web\/tafi-del-valle-mejora-la-experiencia-gastronomica-del-turista\/"},"wordCount":574,"commentCount":0,"publisher":{"@id":"https:\/\/www.eldiariodetucuman.com\/web\/#organization"},"image":{"@id":"https:\/\/www.eldiariodetucuman.com\/web\/tafi-del-valle-mejora-la-experiencia-gastronomica-del-turista\/#primaryimage"},"thumbnailUrl":"https:\/\/www.eldiariodetucuman.com\/web\/wp-content\/uploads\/2017\/12\/a9f03ae2c37bf56d6435806a5da9f06c.jpeg","articleSection":["Cultura"],"inLanguage":"es","potentialAction":[{"@type":"CommentAction","name":"Comment","target":["https:\/\/www.eldiariodetucuman.com\/web\/tafi-del-valle-mejora-la-experiencia-gastronomica-del-turista\/#respond"]}]},{"@type":"WebPage","@id":"https:\/\/www.eldiariodetucuman.com\/web\/tafi-del-valle-mejora-la-experiencia-gastronomica-del-turista\/","url":"https:\/\/www.eldiariodetucuman.com\/web\/tafi-del-valle-mejora-la-experiencia-gastronomica-del-turista\/","name":"Tafi del Valle mejora la experiencia gastron\u00f3mica del turista","isPartOf":{"@id":"https:\/\/www.eldiariodetucuman.com\/web\/#website"},"primaryImageOfPage":{"@id":"https:\/\/www.eldiariodetucuman.com\/web\/tafi-del-valle-mejora-la-experiencia-gastronomica-del-turista\/#primaryimage"},"image":{"@id":"https:\/\/www.eldiariodetucuman.com\/web\/tafi-del-valle-mejora-la-experiencia-gastronomica-del-turista\/#primaryimage"},"thumbnailUrl":"https:\/\/www.eldiariodetucuman.com\/web\/wp-content\/uploads\/2017\/12\/a9f03ae2c37bf56d6435806a5da9f06c.jpeg","datePublished":"2017-12-27T14:08:07+00:00","dateModified":"2017-12-27T14:17:37+00:00","description":"El programa de Fortalecimiento Gastron\u00f3mico cerr\u00f3 el a\u00f1o en el hotel Lunahuana, de Taf\u00ed del Valle, donde se reunieron cocineros, personal gastron\u00f3mico y propietarios de establecimientos.","breadcrumb":{"@id":"https:\/\/www.eldiariodetucuman.com\/web\/tafi-del-valle-mejora-la-experiencia-gastronomica-del-turista\/#breadcrumb"},"inLanguage":"es","potentialAction":[{"@type":"ReadAction","target":["https:\/\/www.eldiariodetucuman.com\/web\/tafi-del-valle-mejora-la-experiencia-gastronomica-del-turista\/"]}]},{"@type":"ImageObject","inLanguage":"es","@id":"https:\/\/www.eldiariodetucuman.com\/web\/tafi-del-valle-mejora-la-experiencia-gastronomica-del-turista\/#primaryimage","url":"https:\/\/www.eldiariodetucuman.com\/web\/wp-content\/uploads\/2017\/12\/a9f03ae2c37bf56d6435806a5da9f06c.jpeg","contentUrl":"https:\/\/www.eldiariodetucuman.com\/web\/wp-content\/uploads\/2017\/12\/a9f03ae2c37bf56d6435806a5da9f06c.jpeg","width":750,"height":417},{"@type":"BreadcrumbList","@id":"https:\/\/www.eldiariodetucuman.com\/web\/tafi-del-valle-mejora-la-experiencia-gastronomica-del-turista\/#breadcrumb","itemListElement":[{"@type":"ListItem","position":1,"name":"Portada","item":"https:\/\/www.eldiariodetucuman.com\/web\/"},{"@type":"ListItem","position":2,"name":"Tafi del Valle mejora la experiencia gastron\u00f3mica del turista"}]},{"@type":"WebSite","@id":"https:\/\/www.eldiariodetucuman.com\/web\/#website","url":"https:\/\/www.eldiariodetucuman.com\/web\/","name":"El Diario de Tucuman","description":"Diario Tucuman - Informaci\u00f3n y noticias","publisher":{"@id":"https:\/\/www.eldiariodetucuman.com\/web\/#organization"},"potentialAction":[{"@type":"SearchAction","target":{"@type":"EntryPoint","urlTemplate":"https:\/\/www.eldiariodetucuman.com\/web\/?s={search_term_string}"},"query-input":{"@type":"PropertyValueSpecification","valueRequired":true,"valueName":"search_term_string"}}],"inLanguage":"es"},{"@type":"Organization","@id":"https:\/\/www.eldiariodetucuman.com\/web\/#organization","name":"El Diario de Tucuman","url":"https:\/\/www.eldiariodetucuman.com\/web\/","logo":{"@type":"ImageObject","inLanguage":"es","@id":"https:\/\/www.eldiariodetucuman.com\/web\/#\/schema\/logo\/image\/","url":"http:\/\/www.eldiariodetucuman.com\/web\/wp-content\/uploads\/2017\/12\/el-diario-de-tucuman.jpg","contentUrl":"http:\/\/www.eldiariodetucuman.com\/web\/wp-content\/uploads\/2017\/12\/el-diario-de-tucuman.jpg","width":272,"height":92,"caption":"El Diario de Tucuman"},"image":{"@id":"https:\/\/www.eldiariodetucuman.com\/web\/#\/schema\/logo\/image\/"}},{"@type":"Person","@id":"https:\/\/www.eldiariodetucuman.com\/web\/#\/schema\/person\/9250197d75ab5483412e19678b121caa","name":"admin","image":{"@type":"ImageObject","inLanguage":"es","@id":"https:\/\/secure.gravatar.com\/avatar\/c44d117c2be811212c22cb481f6b8384b6873de103fbc49e7a03cc58d7dea4ac?s=96&d=mm&r=g","url":"https:\/\/secure.gravatar.com\/avatar\/c44d117c2be811212c22cb481f6b8384b6873de103fbc49e7a03cc58d7dea4ac?s=96&d=mm&r=g","contentUrl":"https:\/\/secure.gravatar.com\/avatar\/c44d117c2be811212c22cb481f6b8384b6873de103fbc49e7a03cc58d7dea4ac?s=96&d=mm&r=g","caption":"admin"},"url":"https:\/\/www.eldiariodetucuman.com\/web\/author\/admin\/"}]}},"_links":{"self":[{"href":"https:\/\/www.eldiariodetucuman.com\/web\/wp-json\/wp\/v2\/posts\/4295","targetHints":{"allow":["GET"]}}],"collection":[{"href":"https:\/\/www.eldiariodetucuman.com\/web\/wp-json\/wp\/v2\/posts"}],"about":[{"href":"https:\/\/www.eldiariodetucuman.com\/web\/wp-json\/wp\/v2\/types\/post"}],"author":[{"embeddable":true,"href":"https:\/\/www.eldiariodetucuman.com\/web\/wp-json\/wp\/v2\/users\/1"}],"replies":[{"embeddable":true,"href":"https:\/\/www.eldiariodetucuman.com\/web\/wp-json\/wp\/v2\/comments?post=4295"}],"version-history":[{"count":2,"href":"https:\/\/www.eldiariodetucuman.com\/web\/wp-json\/wp\/v2\/posts\/4295\/revisions"}],"predecessor-version":[{"id":4300,"href":"https:\/\/www.eldiariodetucuman.com\/web\/wp-json\/wp\/v2\/posts\/4295\/revisions\/4300"}],"wp:featuredmedia":[{"embeddable":true,"href":"https:\/\/www.eldiariodetucuman.com\/web\/wp-json\/wp\/v2\/media\/4296"}],"wp:attachment":[{"href":"https:\/\/www.eldiariodetucuman.com\/web\/wp-json\/wp\/v2\/media?parent=4295"}],"wp:term":[{"taxonomy":"category","embeddable":true,"href":"https:\/\/www.eldiariodetucuman.com\/web\/wp-json\/wp\/v2\/categories?post=4295"},{"taxonomy":"post_tag","embeddable":true,"href":"https:\/\/www.eldiariodetucuman.com\/web\/wp-json\/wp\/v2\/tags?post=4295"}],"curies":[{"name":"wp","href":"https:\/\/api.w.org\/{rel}","templated":true}]}}