{"id":4293,"date":"2017-12-27T11:07:54","date_gmt":"2017-12-27T14:07:54","guid":{"rendered":"http:\/\/www.eldiariodetucuman.com\/web\/?p=4293"},"modified":"2017-12-27T11:15:12","modified_gmt":"2017-12-27T14:15:12","slug":"acto-cierre-del-centro-educativo-terapeutico-hatun-wasi","status":"publish","type":"post","link":"https:\/\/www.eldiariodetucuman.com\/web\/acto-cierre-del-centro-educativo-terapeutico-hatun-wasi\/","title":{"rendered":"Acto de cierre del centro educativo terap\u00e9utico Hatun Wasi"},"content":{"rendered":"<div>\n<div readability=\"74\">\n<p>El centro educativo terap\u00e9utico Hatun Wasi cerr\u00f3 el a\u00f1o en el teatro San Mart\u00edn con una obra de teatro\u00a0realizada por el equipo de profesionales y los chicos que concurren a la instituci\u00f3n.<\/p>\n<blockquote class=\"mom_quote \"><p>El establecimiento de rehabilitaci\u00f3n integral tiene como principal objeto mejorar la calidad de vida de sus pacientes, para que puedan desempe\u00f1arse en sus actividades cotidianas. Para ello, cuenta con t\u00e9cnico, profesionales y personal altamente capacitado en el \u00e1rea.<\/p><\/blockquote>\n<p><iframe loading=\"lazy\" width=\"650\" height=\"315\" src=\"http:\/\/www.youtube.com\/embed\/szw2TN90Lz8\"><\/iframe><\/p>\n<p>\u00a0<\/p>\n<p>\u00a0<\/p>\n<blockquote readability=\"15\">\n<p>El ministro de Desarrollo Social, <strong>Gabriel Yedlin<\/strong>, particip\u00f3 del acto y\u00a0expres\u00f3: \u201cEstamos muy agradecidos por la invitaci\u00f3n de Hatun Wasi y es muy grato para nosotros poder acompa\u00f1arlos en este cierre de a\u00f1o, disfrutar de la obra y ver con la alegr\u00eda y las ganas con la que lo hacen. Compartimos junto a esta instituci\u00f3n el objetivo de cuidar a las poblaciones m\u00e1s vulnerables, entre ellos ni\u00f1os, adolescentes, adultos mayores y personas con discapacidad. Esto no se podr\u00eda llevar adelante si no tuvi\u00e9ramos en nuestro pa\u00eds un sistema de protecci\u00f3n integral, en donde el Estado trabaja junto a instituciones como esta para garantizar el cumplimiento de los derechos de estas personas\u201d.<\/p>\n<\/blockquote>\n<p>A su turno,\u00a0el director art\u00edstico de la entidad, <strong>Ariel Coronel,<\/strong>\u00a0agreg\u00f3 que \u201cagradecemos a Desarrollo Social por estar presente en esta jornada, en donde compartimos junto a los ni\u00f1os y j\u00f3venes que forman parte de nuestra instituci\u00f3n, de una puesta en escena titulada Alquiler de Amigos, a modo de cierre de a\u00f1o. Esta obra, la cual escrib\u00ed y dirijo, es muy emotiva y linda para ver, ya que participan parte de nuestros staff junto a los chicos, quienes le ponen mucho entusiasmo, dedicaci\u00f3n y cari\u00f1o y muestran, a trav\u00e9s del teatro, toda su capacidad creativa y expresiva\u201d.<\/p>\n<p>El Ministerio de Desarrollo Social trabaja conjuntamente con instituciones gubernamentales y no gubernamentales, con el objetivo de generar pol\u00edticas inclusivas que promuevan la inclusi\u00f3n, la reestructuraci\u00f3n y el fortalecimiento familiar, con acciones para todas las personas o grupos de la comunidad, en especial los que se encuentra en situaci\u00f3n de vulnerabilidad social.<\/p>\n<blockquote class=\"mom_quote \" readability=\"19\">\n<p><strong>Sobre la entidad<\/strong><\/p>\n<p>La instituci\u00f3n est\u00e1 ubicada en Bernab\u00e9 Ar\u00e1oz 456 de la capital tucumana.<\/p>\n<p>Brinda los siguientes servicios:<\/p>\n<p>\u2013 Centro de Rehabilitaci\u00f3n \u2013 Poblaci\u00f3n: Adultos Mayores \u2013 Horarios (8 a 15 h. con Jornada doble \/ 15 a 19 h. con jornada simple).<\/p>\n<p>\u2013 Centro Educativo Terap\u00e9utico \u2013 Poblaci\u00f3n: Ni\u00f1os con discapacidades mentales y motoras \u2013 Horario (8 a 15 h. con jornada doble).<\/p>\n<p>\u2013 Prestaciones de apoyo: Kinesiolog\u00eda, Fonoaudiolog\u00eda, Psicolog\u00eda, Pedagog\u00eda \u2013 Poblaci\u00f3n: Ni\u00f1os (15 a 19 h).<\/p>\n<\/blockquote>\n<\/div>\n<\/div>\n","protected":false},"excerpt":{"rendered":"<p>El centro educativo terap\u00e9utico Hatun Wasi cerr\u00f3 el a\u00f1o en el teatro San Mart\u00edn con una obra de teatro\u00a0realizada por el equipo de profesionales y los chicos que concurren a la instituci\u00f3n. El establecimiento de rehabilitaci\u00f3n integral tiene como principal objeto mejorar la calidad de vida de sus pacientes, para que puedan desempe\u00f1arse en sus [&hellip;]<\/p>\n","protected":false},"author":1,"featured_media":4294,"comment_status":"open","ping_status":"closed","sticky":false,"template":"","format":"standard","meta":{"footnotes":""},"categories":[3],"tags":[],"class_list":{"0":"post-4293","1":"post","2":"type-post","3":"status-publish","4":"format-standard","5":"has-post-thumbnail","7":"category-politica"},"yoast_head":"<!-- This site is optimized with the Yoast SEO plugin v27.4 - https:\/\/yoast.com\/product\/yoast-seo-wordpress\/ -->\n<title>Acto de cierre del centro educativo terap\u00e9utico Hatun Wasi - El Diario de Tucuman<\/title>\n<meta name=\"robots\" content=\"index, follow, max-snippet:-1, max-image-preview:large, max-video-preview:-1\" \/>\n<link rel=\"canonical\" href=\"https:\/\/www.eldiariodetucuman.com\/web\/acto-cierre-del-centro-educativo-terapeutico-hatun-wasi\/\" \/>\n<meta property=\"og:locale\" content=\"es_ES\" \/>\n<meta property=\"og:type\" content=\"article\" \/>\n<meta property=\"og:title\" content=\"Acto de cierre del centro educativo terap\u00e9utico Hatun Wasi - El Diario de Tucuman\" \/>\n<meta property=\"og:description\" content=\"El centro educativo terap\u00e9utico Hatun Wasi cerr\u00f3 el a\u00f1o en el teatro San Mart\u00edn con una obra de teatro\u00a0realizada por el equipo de profesionales y los chicos que concurren a la instituci\u00f3n. El establecimiento de rehabilitaci\u00f3n integral tiene como principal objeto mejorar la calidad de vida de sus pacientes, para que puedan desempe\u00f1arse en sus [&hellip;]\" \/>\n<meta property=\"og:url\" content=\"https:\/\/www.eldiariodetucuman.com\/web\/acto-cierre-del-centro-educativo-terapeutico-hatun-wasi\/\" \/>\n<meta property=\"og:site_name\" content=\"El Diario de Tucuman\" \/>\n<meta property=\"article:published_time\" content=\"2017-12-27T14:07:54+00:00\" \/>\n<meta property=\"article:modified_time\" content=\"2017-12-27T14:15:12+00:00\" \/>\n<meta property=\"og:image\" content=\"https:\/\/www.eldiariodetucuman.com\/web\/wp-content\/uploads\/2017\/12\/fc73485fcf8f9fda40e79e95f6c928e1.jpeg\" \/>\n\t<meta property=\"og:image:width\" content=\"750\" \/>\n\t<meta property=\"og:image:height\" content=\"416\" \/>\n\t<meta property=\"og:image:type\" content=\"image\/jpeg\" \/>\n<meta name=\"author\" content=\"admin\" \/>\n<meta name=\"twitter:card\" content=\"summary_large_image\" \/>\n<meta name=\"twitter:label1\" content=\"Escrito por\" \/>\n\t<meta name=\"twitter:data1\" content=\"admin\" \/>\n\t<meta name=\"twitter:label2\" content=\"Tiempo de lectura\" \/>\n\t<meta name=\"twitter:data2\" content=\"2 minutos\" \/>\n<script type=\"application\/ld+json\" class=\"yoast-schema-graph\">{\"@context\":\"https:\\\/\\\/schema.org\",\"@graph\":[{\"@type\":\"Article\",\"@id\":\"https:\\\/\\\/www.eldiariodetucuman.com\\\/web\\\/acto-cierre-del-centro-educativo-terapeutico-hatun-wasi\\\/#article\",\"isPartOf\":{\"@id\":\"https:\\\/\\\/www.eldiariodetucuman.com\\\/web\\\/acto-cierre-del-centro-educativo-terapeutico-hatun-wasi\\\/\"},\"author\":{\"name\":\"admin\",\"@id\":\"https:\\\/\\\/www.eldiariodetucuman.com\\\/web\\\/#\\\/schema\\\/person\\\/9250197d75ab5483412e19678b121caa\"},\"headline\":\"Acto de cierre del centro educativo terap\u00e9utico Hatun Wasi\",\"datePublished\":\"2017-12-27T14:07:54+00:00\",\"dateModified\":\"2017-12-27T14:15:12+00:00\",\"mainEntityOfPage\":{\"@id\":\"https:\\\/\\\/www.eldiariodetucuman.com\\\/web\\\/acto-cierre-del-centro-educativo-terapeutico-hatun-wasi\\\/\"},\"wordCount\":448,\"commentCount\":0,\"publisher\":{\"@id\":\"https:\\\/\\\/www.eldiariodetucuman.com\\\/web\\\/#organization\"},\"image\":{\"@id\":\"https:\\\/\\\/www.eldiariodetucuman.com\\\/web\\\/acto-cierre-del-centro-educativo-terapeutico-hatun-wasi\\\/#primaryimage\"},\"thumbnailUrl\":\"https:\\\/\\\/www.eldiariodetucuman.com\\\/web\\\/wp-content\\\/uploads\\\/2017\\\/12\\\/fc73485fcf8f9fda40e79e95f6c928e1.jpeg\",\"articleSection\":[\"Politica\"],\"inLanguage\":\"es\",\"potentialAction\":[{\"@type\":\"CommentAction\",\"name\":\"Comment\",\"target\":[\"https:\\\/\\\/www.eldiariodetucuman.com\\\/web\\\/acto-cierre-del-centro-educativo-terapeutico-hatun-wasi\\\/#respond\"]}]},{\"@type\":\"WebPage\",\"@id\":\"https:\\\/\\\/www.eldiariodetucuman.com\\\/web\\\/acto-cierre-del-centro-educativo-terapeutico-hatun-wasi\\\/\",\"url\":\"https:\\\/\\\/www.eldiariodetucuman.com\\\/web\\\/acto-cierre-del-centro-educativo-terapeutico-hatun-wasi\\\/\",\"name\":\"Acto de cierre del centro educativo terap\u00e9utico Hatun Wasi - El Diario de Tucuman\",\"isPartOf\":{\"@id\":\"https:\\\/\\\/www.eldiariodetucuman.com\\\/web\\\/#website\"},\"primaryImageOfPage\":{\"@id\":\"https:\\\/\\\/www.eldiariodetucuman.com\\\/web\\\/acto-cierre-del-centro-educativo-terapeutico-hatun-wasi\\\/#primaryimage\"},\"image\":{\"@id\":\"https:\\\/\\\/www.eldiariodetucuman.com\\\/web\\\/acto-cierre-del-centro-educativo-terapeutico-hatun-wasi\\\/#primaryimage\"},\"thumbnailUrl\":\"https:\\\/\\\/www.eldiariodetucuman.com\\\/web\\\/wp-content\\\/uploads\\\/2017\\\/12\\\/fc73485fcf8f9fda40e79e95f6c928e1.jpeg\",\"datePublished\":\"2017-12-27T14:07:54+00:00\",\"dateModified\":\"2017-12-27T14:15:12+00:00\",\"breadcrumb\":{\"@id\":\"https:\\\/\\\/www.eldiariodetucuman.com\\\/web\\\/acto-cierre-del-centro-educativo-terapeutico-hatun-wasi\\\/#breadcrumb\"},\"inLanguage\":\"es\",\"potentialAction\":[{\"@type\":\"ReadAction\",\"target\":[\"https:\\\/\\\/www.eldiariodetucuman.com\\\/web\\\/acto-cierre-del-centro-educativo-terapeutico-hatun-wasi\\\/\"]}]},{\"@type\":\"ImageObject\",\"inLanguage\":\"es\",\"@id\":\"https:\\\/\\\/www.eldiariodetucuman.com\\\/web\\\/acto-cierre-del-centro-educativo-terapeutico-hatun-wasi\\\/#primaryimage\",\"url\":\"https:\\\/\\\/www.eldiariodetucuman.com\\\/web\\\/wp-content\\\/uploads\\\/2017\\\/12\\\/fc73485fcf8f9fda40e79e95f6c928e1.jpeg\",\"contentUrl\":\"https:\\\/\\\/www.eldiariodetucuman.com\\\/web\\\/wp-content\\\/uploads\\\/2017\\\/12\\\/fc73485fcf8f9fda40e79e95f6c928e1.jpeg\",\"width\":750,\"height\":416},{\"@type\":\"BreadcrumbList\",\"@id\":\"https:\\\/\\\/www.eldiariodetucuman.com\\\/web\\\/acto-cierre-del-centro-educativo-terapeutico-hatun-wasi\\\/#breadcrumb\",\"itemListElement\":[{\"@type\":\"ListItem\",\"position\":1,\"name\":\"Portada\",\"item\":\"https:\\\/\\\/www.eldiariodetucuman.com\\\/web\\\/\"},{\"@type\":\"ListItem\",\"position\":2,\"name\":\"Acto de cierre del centro educativo terap\u00e9utico Hatun Wasi\"}]},{\"@type\":\"WebSite\",\"@id\":\"https:\\\/\\\/www.eldiariodetucuman.com\\\/web\\\/#website\",\"url\":\"https:\\\/\\\/www.eldiariodetucuman.com\\\/web\\\/\",\"name\":\"El Diario de Tucuman\",\"description\":\"Diario Tucuman - Informaci\u00f3n y noticias\",\"publisher\":{\"@id\":\"https:\\\/\\\/www.eldiariodetucuman.com\\\/web\\\/#organization\"},\"potentialAction\":[{\"@type\":\"SearchAction\",\"target\":{\"@type\":\"EntryPoint\",\"urlTemplate\":\"https:\\\/\\\/www.eldiariodetucuman.com\\\/web\\\/?s={search_term_string}\"},\"query-input\":{\"@type\":\"PropertyValueSpecification\",\"valueRequired\":true,\"valueName\":\"search_term_string\"}}],\"inLanguage\":\"es\"},{\"@type\":\"Organization\",\"@id\":\"https:\\\/\\\/www.eldiariodetucuman.com\\\/web\\\/#organization\",\"name\":\"El Diario de Tucuman\",\"url\":\"https:\\\/\\\/www.eldiariodetucuman.com\\\/web\\\/\",\"logo\":{\"@type\":\"ImageObject\",\"inLanguage\":\"es\",\"@id\":\"https:\\\/\\\/www.eldiariodetucuman.com\\\/web\\\/#\\\/schema\\\/logo\\\/image\\\/\",\"url\":\"http:\\\/\\\/www.eldiariodetucuman.com\\\/web\\\/wp-content\\\/uploads\\\/2017\\\/12\\\/el-diario-de-tucuman.jpg\",\"contentUrl\":\"http:\\\/\\\/www.eldiariodetucuman.com\\\/web\\\/wp-content\\\/uploads\\\/2017\\\/12\\\/el-diario-de-tucuman.jpg\",\"width\":272,\"height\":92,\"caption\":\"El Diario de Tucuman\"},\"image\":{\"@id\":\"https:\\\/\\\/www.eldiariodetucuman.com\\\/web\\\/#\\\/schema\\\/logo\\\/image\\\/\"}},{\"@type\":\"Person\",\"@id\":\"https:\\\/\\\/www.eldiariodetucuman.com\\\/web\\\/#\\\/schema\\\/person\\\/9250197d75ab5483412e19678b121caa\",\"name\":\"admin\",\"image\":{\"@type\":\"ImageObject\",\"inLanguage\":\"es\",\"@id\":\"https:\\\/\\\/secure.gravatar.com\\\/avatar\\\/c44d117c2be811212c22cb481f6b8384b6873de103fbc49e7a03cc58d7dea4ac?s=96&d=mm&r=g\",\"url\":\"https:\\\/\\\/secure.gravatar.com\\\/avatar\\\/c44d117c2be811212c22cb481f6b8384b6873de103fbc49e7a03cc58d7dea4ac?s=96&d=mm&r=g\",\"contentUrl\":\"https:\\\/\\\/secure.gravatar.com\\\/avatar\\\/c44d117c2be811212c22cb481f6b8384b6873de103fbc49e7a03cc58d7dea4ac?s=96&d=mm&r=g\",\"caption\":\"admin\"},\"url\":\"https:\\\/\\\/www.eldiariodetucuman.com\\\/web\\\/author\\\/admin\\\/\"}]}<\/script>\n<!-- \/ Yoast SEO plugin. -->","yoast_head_json":{"title":"Acto de cierre del centro educativo terap\u00e9utico Hatun Wasi - El Diario de Tucuman","robots":{"index":"index","follow":"follow","max-snippet":"max-snippet:-1","max-image-preview":"max-image-preview:large","max-video-preview":"max-video-preview:-1"},"canonical":"https:\/\/www.eldiariodetucuman.com\/web\/acto-cierre-del-centro-educativo-terapeutico-hatun-wasi\/","og_locale":"es_ES","og_type":"article","og_title":"Acto de cierre del centro educativo terap\u00e9utico Hatun Wasi - El Diario de Tucuman","og_description":"El centro educativo terap\u00e9utico Hatun Wasi cerr\u00f3 el a\u00f1o en el teatro San Mart\u00edn con una obra de teatro\u00a0realizada por el equipo de profesionales y los chicos que concurren a la instituci\u00f3n. El establecimiento de rehabilitaci\u00f3n integral tiene como principal objeto mejorar la calidad de vida de sus pacientes, para que puedan desempe\u00f1arse en sus [&hellip;]","og_url":"https:\/\/www.eldiariodetucuman.com\/web\/acto-cierre-del-centro-educativo-terapeutico-hatun-wasi\/","og_site_name":"El Diario de Tucuman","article_published_time":"2017-12-27T14:07:54+00:00","article_modified_time":"2017-12-27T14:15:12+00:00","og_image":[{"width":750,"height":416,"url":"https:\/\/www.eldiariodetucuman.com\/web\/wp-content\/uploads\/2017\/12\/fc73485fcf8f9fda40e79e95f6c928e1.jpeg","type":"image\/jpeg"}],"author":"admin","twitter_card":"summary_large_image","twitter_misc":{"Escrito por":"admin","Tiempo de lectura":"2 minutos"},"schema":{"@context":"https:\/\/schema.org","@graph":[{"@type":"Article","@id":"https:\/\/www.eldiariodetucuman.com\/web\/acto-cierre-del-centro-educativo-terapeutico-hatun-wasi\/#article","isPartOf":{"@id":"https:\/\/www.eldiariodetucuman.com\/web\/acto-cierre-del-centro-educativo-terapeutico-hatun-wasi\/"},"author":{"name":"admin","@id":"https:\/\/www.eldiariodetucuman.com\/web\/#\/schema\/person\/9250197d75ab5483412e19678b121caa"},"headline":"Acto de cierre del centro educativo terap\u00e9utico Hatun Wasi","datePublished":"2017-12-27T14:07:54+00:00","dateModified":"2017-12-27T14:15:12+00:00","mainEntityOfPage":{"@id":"https:\/\/www.eldiariodetucuman.com\/web\/acto-cierre-del-centro-educativo-terapeutico-hatun-wasi\/"},"wordCount":448,"commentCount":0,"publisher":{"@id":"https:\/\/www.eldiariodetucuman.com\/web\/#organization"},"image":{"@id":"https:\/\/www.eldiariodetucuman.com\/web\/acto-cierre-del-centro-educativo-terapeutico-hatun-wasi\/#primaryimage"},"thumbnailUrl":"https:\/\/www.eldiariodetucuman.com\/web\/wp-content\/uploads\/2017\/12\/fc73485fcf8f9fda40e79e95f6c928e1.jpeg","articleSection":["Politica"],"inLanguage":"es","potentialAction":[{"@type":"CommentAction","name":"Comment","target":["https:\/\/www.eldiariodetucuman.com\/web\/acto-cierre-del-centro-educativo-terapeutico-hatun-wasi\/#respond"]}]},{"@type":"WebPage","@id":"https:\/\/www.eldiariodetucuman.com\/web\/acto-cierre-del-centro-educativo-terapeutico-hatun-wasi\/","url":"https:\/\/www.eldiariodetucuman.com\/web\/acto-cierre-del-centro-educativo-terapeutico-hatun-wasi\/","name":"Acto de cierre del centro educativo terap\u00e9utico Hatun Wasi - El Diario de Tucuman","isPartOf":{"@id":"https:\/\/www.eldiariodetucuman.com\/web\/#website"},"primaryImageOfPage":{"@id":"https:\/\/www.eldiariodetucuman.com\/web\/acto-cierre-del-centro-educativo-terapeutico-hatun-wasi\/#primaryimage"},"image":{"@id":"https:\/\/www.eldiariodetucuman.com\/web\/acto-cierre-del-centro-educativo-terapeutico-hatun-wasi\/#primaryimage"},"thumbnailUrl":"https:\/\/www.eldiariodetucuman.com\/web\/wp-content\/uploads\/2017\/12\/fc73485fcf8f9fda40e79e95f6c928e1.jpeg","datePublished":"2017-12-27T14:07:54+00:00","dateModified":"2017-12-27T14:15:12+00:00","breadcrumb":{"@id":"https:\/\/www.eldiariodetucuman.com\/web\/acto-cierre-del-centro-educativo-terapeutico-hatun-wasi\/#breadcrumb"},"inLanguage":"es","potentialAction":[{"@type":"ReadAction","target":["https:\/\/www.eldiariodetucuman.com\/web\/acto-cierre-del-centro-educativo-terapeutico-hatun-wasi\/"]}]},{"@type":"ImageObject","inLanguage":"es","@id":"https:\/\/www.eldiariodetucuman.com\/web\/acto-cierre-del-centro-educativo-terapeutico-hatun-wasi\/#primaryimage","url":"https:\/\/www.eldiariodetucuman.com\/web\/wp-content\/uploads\/2017\/12\/fc73485fcf8f9fda40e79e95f6c928e1.jpeg","contentUrl":"https:\/\/www.eldiariodetucuman.com\/web\/wp-content\/uploads\/2017\/12\/fc73485fcf8f9fda40e79e95f6c928e1.jpeg","width":750,"height":416},{"@type":"BreadcrumbList","@id":"https:\/\/www.eldiariodetucuman.com\/web\/acto-cierre-del-centro-educativo-terapeutico-hatun-wasi\/#breadcrumb","itemListElement":[{"@type":"ListItem","position":1,"name":"Portada","item":"https:\/\/www.eldiariodetucuman.com\/web\/"},{"@type":"ListItem","position":2,"name":"Acto de cierre del centro educativo terap\u00e9utico Hatun Wasi"}]},{"@type":"WebSite","@id":"https:\/\/www.eldiariodetucuman.com\/web\/#website","url":"https:\/\/www.eldiariodetucuman.com\/web\/","name":"El Diario de Tucuman","description":"Diario Tucuman - Informaci\u00f3n y noticias","publisher":{"@id":"https:\/\/www.eldiariodetucuman.com\/web\/#organization"},"potentialAction":[{"@type":"SearchAction","target":{"@type":"EntryPoint","urlTemplate":"https:\/\/www.eldiariodetucuman.com\/web\/?s={search_term_string}"},"query-input":{"@type":"PropertyValueSpecification","valueRequired":true,"valueName":"search_term_string"}}],"inLanguage":"es"},{"@type":"Organization","@id":"https:\/\/www.eldiariodetucuman.com\/web\/#organization","name":"El Diario de Tucuman","url":"https:\/\/www.eldiariodetucuman.com\/web\/","logo":{"@type":"ImageObject","inLanguage":"es","@id":"https:\/\/www.eldiariodetucuman.com\/web\/#\/schema\/logo\/image\/","url":"http:\/\/www.eldiariodetucuman.com\/web\/wp-content\/uploads\/2017\/12\/el-diario-de-tucuman.jpg","contentUrl":"http:\/\/www.eldiariodetucuman.com\/web\/wp-content\/uploads\/2017\/12\/el-diario-de-tucuman.jpg","width":272,"height":92,"caption":"El Diario de Tucuman"},"image":{"@id":"https:\/\/www.eldiariodetucuman.com\/web\/#\/schema\/logo\/image\/"}},{"@type":"Person","@id":"https:\/\/www.eldiariodetucuman.com\/web\/#\/schema\/person\/9250197d75ab5483412e19678b121caa","name":"admin","image":{"@type":"ImageObject","inLanguage":"es","@id":"https:\/\/secure.gravatar.com\/avatar\/c44d117c2be811212c22cb481f6b8384b6873de103fbc49e7a03cc58d7dea4ac?s=96&d=mm&r=g","url":"https:\/\/secure.gravatar.com\/avatar\/c44d117c2be811212c22cb481f6b8384b6873de103fbc49e7a03cc58d7dea4ac?s=96&d=mm&r=g","contentUrl":"https:\/\/secure.gravatar.com\/avatar\/c44d117c2be811212c22cb481f6b8384b6873de103fbc49e7a03cc58d7dea4ac?s=96&d=mm&r=g","caption":"admin"},"url":"https:\/\/www.eldiariodetucuman.com\/web\/author\/admin\/"}]}},"_links":{"self":[{"href":"https:\/\/www.eldiariodetucuman.com\/web\/wp-json\/wp\/v2\/posts\/4293","targetHints":{"allow":["GET"]}}],"collection":[{"href":"https:\/\/www.eldiariodetucuman.com\/web\/wp-json\/wp\/v2\/posts"}],"about":[{"href":"https:\/\/www.eldiariodetucuman.com\/web\/wp-json\/wp\/v2\/types\/post"}],"author":[{"embeddable":true,"href":"https:\/\/www.eldiariodetucuman.com\/web\/wp-json\/wp\/v2\/users\/1"}],"replies":[{"embeddable":true,"href":"https:\/\/www.eldiariodetucuman.com\/web\/wp-json\/wp\/v2\/comments?post=4293"}],"version-history":[{"count":1,"href":"https:\/\/www.eldiariodetucuman.com\/web\/wp-json\/wp\/v2\/posts\/4293\/revisions"}],"predecessor-version":[{"id":4299,"href":"https:\/\/www.eldiariodetucuman.com\/web\/wp-json\/wp\/v2\/posts\/4293\/revisions\/4299"}],"wp:featuredmedia":[{"embeddable":true,"href":"https:\/\/www.eldiariodetucuman.com\/web\/wp-json\/wp\/v2\/media\/4294"}],"wp:attachment":[{"href":"https:\/\/www.eldiariodetucuman.com\/web\/wp-json\/wp\/v2\/media?parent=4293"}],"wp:term":[{"taxonomy":"category","embeddable":true,"href":"https:\/\/www.eldiariodetucuman.com\/web\/wp-json\/wp\/v2\/categories?post=4293"},{"taxonomy":"post_tag","embeddable":true,"href":"https:\/\/www.eldiariodetucuman.com\/web\/wp-json\/wp\/v2\/tags?post=4293"}],"curies":[{"name":"wp","href":"https:\/\/api.w.org\/{rel}","templated":true}]}}