{"id":4284,"date":"2017-12-26T21:24:23","date_gmt":"2017-12-27T00:24:23","guid":{"rendered":"http:\/\/www.eldiariodetucuman.com\/web\/?p=4284"},"modified":"2017-12-27T13:04:39","modified_gmt":"2017-12-27T16:04:39","slug":"tucuman-exportara-frutillas-a-estados-unidos","status":"publish","type":"post","link":"https:\/\/www.eldiariodetucuman.com\/web\/tucuman-exportara-frutillas-a-estados-unidos\/","title":{"rendered":"Las frutillas tucumanas ingresar\u00e1n a Estados Unidos"},"content":{"rendered":"<p>Lo confirm\u00f3 el gobernador Juan Manzur:\u00a0\u201cexportaremos frutilla al mercado m\u00e1s exigente del mundo\u201d.<\/p>\n<p><!--more--><\/p>\n<div class=\"entry-content\">\n<p class=\"selectionShareable\">El \u00e9xito de las gestiones impulsadas por el Gobierno de Tucum\u00e1n y los productores de frutillas locales, se consolid\u00f3 en las \u00faltimas horas a partir de los anuncios realizados por Estados Unidos que dio a conocer la reincorporaci\u00f3n de la Argentina a su\u00a0<em>Sistema General de Preferencias<\/em>\u00a0(SGP) con lo que la fruta tucumana podr\u00e1 ingresar al mercado norteamericano sin el pago de aranceles.<\/p>\n<p class=\"selectionShareable\">El\u00a0 gobernador,\u00a0<strong>Juan Manzur<\/strong>, explic\u00f3 que la incorporaci\u00f3n del pa\u00eds al SGP implicar\u00e1 beneficios para las econom\u00edas regionales y, particularmente, para el sector de la frutilla tucumana que, desde el a\u00f1o 2012, no pod\u00eda ingresar a este mercado.<\/p>\n<p class=\"selectionShareable\">De acuerdo a lo expresado por el Mandatario, la incorporaci\u00f3n al SGP posibilitar\u00e1 \u201cvolver a exportar frutilla al mercado m\u00e1s exigente del mundo\u201d. En tanto que destac\u00f3 la capacidad instalada con la que cuentan los packing locales con inversiones en t\u00faneles y c\u00e1maras frigor\u00edficas, personal calificado y tierras aptas para la producci\u00f3n.<\/p>\n<p class=\"selectionShareable\">\u201cEst\u00e1n dadas todas las condiciones para que la producci\u00f3n se ponga en marcha. Esto representa cientos de miles de puestos de trabajo. Permitir\u00e1 que se recuperen las hect\u00e1reas productivas\u201d, declar\u00f3.<\/p>\n<p class=\"selectionShareable\">Manzur dijo que el cultivo de frutilla representa trabajo intensivo: \u201cSe hace todo a mano. Esto lleva much\u00edsimo trabajo\u2026 \u2013 la medida \u2013 va a impactar positivamente porque esta decisi\u00f3n del gobierno de EEUU permitir\u00e1 renovar la esperanza para tener m\u00e1s trabajo\u201d.<\/p>\n<p><strong>Fuente:<\/strong>\u00a0<a href=\"http:\/\/comunicaciontucuman.gob.ar\/2017\/12\/manzur-exportaremos-frutilla-al-mercado-mas-exigente-del-mundo\/\">http:\/\/comunicaciontucuman.gob.ar\/2017\/12\/manzur-exportaremos-frutilla-al-mercado-mas-exigente-del-mundo\/<\/a><\/p>\n<\/div>\n","protected":false},"excerpt":{"rendered":"<p>Lo confirm\u00f3 el gobernador Juan Manzur:\u00a0\u201cexportaremos frutilla al mercado m\u00e1s exigente del mundo\u201d.<\/p>\n","protected":false},"author":5,"featured_media":4285,"comment_status":"closed","ping_status":"open","sticky":false,"template":"","format":"standard","meta":{"footnotes":""},"categories":[1],"tags":[847,7,216,61],"class_list":{"0":"post-4284","1":"post","2":"type-post","3":"status-publish","4":"format-standard","5":"has-post-thumbnail","7":"category-portada","8":"tag-economia","9":"tag-el-diario-de-tucuman","10":"tag-juan-manzur","11":"tag-tucuman"},"yoast_head":"<!-- This site is optimized with the Yoast SEO plugin v27.4 - https:\/\/yoast.com\/product\/yoast-seo-wordpress\/ -->\n<title>Las frutillas tucumanas ingresar\u00e1n a Estados Unidos - El Diario de Tucuman<\/title>\n<meta name=\"description\" content=\"Lo confirm\u00f3 el gobernador Juan Manzur:\u00a0\u201cexportaremos frutilla al mercado m\u00e1s exigente del mundo.\" \/>\n<meta name=\"robots\" content=\"index, follow, max-snippet:-1, max-image-preview:large, max-video-preview:-1\" \/>\n<link rel=\"canonical\" href=\"https:\/\/www.eldiariodetucuman.com\/web\/tucuman-exportara-frutillas-a-estados-unidos\/\" \/>\n<meta property=\"og:locale\" content=\"es_ES\" \/>\n<meta property=\"og:type\" content=\"article\" \/>\n<meta property=\"og:title\" content=\"Las frutillas tucumanas ingresar\u00e1n a Estados Unidos - El Diario de Tucuman\" \/>\n<meta property=\"og:description\" content=\"Lo confirm\u00f3 el gobernador Juan Manzur:\u00a0\u201cexportaremos frutilla al mercado m\u00e1s exigente del mundo.\" \/>\n<meta property=\"og:url\" content=\"https:\/\/www.eldiariodetucuman.com\/web\/tucuman-exportara-frutillas-a-estados-unidos\/\" \/>\n<meta property=\"og:site_name\" content=\"El Diario de Tucuman\" \/>\n<meta property=\"article:published_time\" content=\"2017-12-27T00:24:23+00:00\" \/>\n<meta property=\"article:modified_time\" content=\"2017-12-27T16:04:39+00:00\" \/>\n<meta property=\"og:image\" content=\"https:\/\/www.eldiariodetucuman.com\/web\/wp-content\/uploads\/2017\/12\/frutillastucumanas.jpg\" \/>\n\t<meta property=\"og:image:width\" content=\"650\" \/>\n\t<meta property=\"og:image:height\" content=\"355\" \/>\n\t<meta property=\"og:image:type\" content=\"image\/jpeg\" \/>\n<meta name=\"author\" content=\"Redactor Uno\" \/>\n<meta name=\"twitter:card\" content=\"summary_large_image\" \/>\n<meta name=\"twitter:label1\" content=\"Escrito por\" \/>\n\t<meta name=\"twitter:data1\" content=\"Redactor Uno\" \/>\n\t<meta name=\"twitter:label2\" content=\"Tiempo de lectura\" \/>\n\t<meta name=\"twitter:data2\" content=\"1 minuto\" \/>\n<script type=\"application\/ld+json\" class=\"yoast-schema-graph\">{\"@context\":\"https:\\\/\\\/schema.org\",\"@graph\":[{\"@type\":\"Article\",\"@id\":\"https:\\\/\\\/www.eldiariodetucuman.com\\\/web\\\/tucuman-exportara-frutillas-a-estados-unidos\\\/#article\",\"isPartOf\":{\"@id\":\"https:\\\/\\\/www.eldiariodetucuman.com\\\/web\\\/tucuman-exportara-frutillas-a-estados-unidos\\\/\"},\"author\":{\"name\":\"Redactor Uno\",\"@id\":\"https:\\\/\\\/www.eldiariodetucuman.com\\\/web\\\/#\\\/schema\\\/person\\\/7e6644a46e60888f6b868594407e08dd\"},\"headline\":\"Las frutillas tucumanas ingresar\u00e1n a Estados Unidos\",\"datePublished\":\"2017-12-27T00:24:23+00:00\",\"dateModified\":\"2017-12-27T16:04:39+00:00\",\"mainEntityOfPage\":{\"@id\":\"https:\\\/\\\/www.eldiariodetucuman.com\\\/web\\\/tucuman-exportara-frutillas-a-estados-unidos\\\/\"},\"wordCount\":271,\"publisher\":{\"@id\":\"https:\\\/\\\/www.eldiariodetucuman.com\\\/web\\\/#organization\"},\"image\":{\"@id\":\"https:\\\/\\\/www.eldiariodetucuman.com\\\/web\\\/tucuman-exportara-frutillas-a-estados-unidos\\\/#primaryimage\"},\"thumbnailUrl\":\"https:\\\/\\\/www.eldiariodetucuman.com\\\/web\\\/wp-content\\\/uploads\\\/2017\\\/12\\\/frutillastucumanas.jpg\",\"keywords\":[\"economia\",\"El Diario de Tucuman\",\"juan manzur\",\"Tucuman\"],\"articleSection\":[\"Portada\"],\"inLanguage\":\"es\"},{\"@type\":\"WebPage\",\"@id\":\"https:\\\/\\\/www.eldiariodetucuman.com\\\/web\\\/tucuman-exportara-frutillas-a-estados-unidos\\\/\",\"url\":\"https:\\\/\\\/www.eldiariodetucuman.com\\\/web\\\/tucuman-exportara-frutillas-a-estados-unidos\\\/\",\"name\":\"Las frutillas tucumanas ingresar\u00e1n a Estados Unidos - El Diario de Tucuman\",\"isPartOf\":{\"@id\":\"https:\\\/\\\/www.eldiariodetucuman.com\\\/web\\\/#website\"},\"primaryImageOfPage\":{\"@id\":\"https:\\\/\\\/www.eldiariodetucuman.com\\\/web\\\/tucuman-exportara-frutillas-a-estados-unidos\\\/#primaryimage\"},\"image\":{\"@id\":\"https:\\\/\\\/www.eldiariodetucuman.com\\\/web\\\/tucuman-exportara-frutillas-a-estados-unidos\\\/#primaryimage\"},\"thumbnailUrl\":\"https:\\\/\\\/www.eldiariodetucuman.com\\\/web\\\/wp-content\\\/uploads\\\/2017\\\/12\\\/frutillastucumanas.jpg\",\"datePublished\":\"2017-12-27T00:24:23+00:00\",\"dateModified\":\"2017-12-27T16:04:39+00:00\",\"description\":\"Lo confirm\u00f3 el gobernador Juan Manzur:\u00a0\u201cexportaremos frutilla al mercado m\u00e1s exigente del mundo.\",\"breadcrumb\":{\"@id\":\"https:\\\/\\\/www.eldiariodetucuman.com\\\/web\\\/tucuman-exportara-frutillas-a-estados-unidos\\\/#breadcrumb\"},\"inLanguage\":\"es\",\"potentialAction\":[{\"@type\":\"ReadAction\",\"target\":[\"https:\\\/\\\/www.eldiariodetucuman.com\\\/web\\\/tucuman-exportara-frutillas-a-estados-unidos\\\/\"]}]},{\"@type\":\"ImageObject\",\"inLanguage\":\"es\",\"@id\":\"https:\\\/\\\/www.eldiariodetucuman.com\\\/web\\\/tucuman-exportara-frutillas-a-estados-unidos\\\/#primaryimage\",\"url\":\"https:\\\/\\\/www.eldiariodetucuman.com\\\/web\\\/wp-content\\\/uploads\\\/2017\\\/12\\\/frutillastucumanas.jpg\",\"contentUrl\":\"https:\\\/\\\/www.eldiariodetucuman.com\\\/web\\\/wp-content\\\/uploads\\\/2017\\\/12\\\/frutillastucumanas.jpg\",\"width\":650,\"height\":355},{\"@type\":\"BreadcrumbList\",\"@id\":\"https:\\\/\\\/www.eldiariodetucuman.com\\\/web\\\/tucuman-exportara-frutillas-a-estados-unidos\\\/#breadcrumb\",\"itemListElement\":[{\"@type\":\"ListItem\",\"position\":1,\"name\":\"Portada\",\"item\":\"https:\\\/\\\/www.eldiariodetucuman.com\\\/web\\\/\"},{\"@type\":\"ListItem\",\"position\":2,\"name\":\"Las frutillas tucumanas ingresar\u00e1n a Estados Unidos\"}]},{\"@type\":\"WebSite\",\"@id\":\"https:\\\/\\\/www.eldiariodetucuman.com\\\/web\\\/#website\",\"url\":\"https:\\\/\\\/www.eldiariodetucuman.com\\\/web\\\/\",\"name\":\"El Diario de Tucuman\",\"description\":\"Diario Tucuman - Informaci\u00f3n y noticias\",\"publisher\":{\"@id\":\"https:\\\/\\\/www.eldiariodetucuman.com\\\/web\\\/#organization\"},\"potentialAction\":[{\"@type\":\"SearchAction\",\"target\":{\"@type\":\"EntryPoint\",\"urlTemplate\":\"https:\\\/\\\/www.eldiariodetucuman.com\\\/web\\\/?s={search_term_string}\"},\"query-input\":{\"@type\":\"PropertyValueSpecification\",\"valueRequired\":true,\"valueName\":\"search_term_string\"}}],\"inLanguage\":\"es\"},{\"@type\":\"Organization\",\"@id\":\"https:\\\/\\\/www.eldiariodetucuman.com\\\/web\\\/#organization\",\"name\":\"El Diario de Tucuman\",\"url\":\"https:\\\/\\\/www.eldiariodetucuman.com\\\/web\\\/\",\"logo\":{\"@type\":\"ImageObject\",\"inLanguage\":\"es\",\"@id\":\"https:\\\/\\\/www.eldiariodetucuman.com\\\/web\\\/#\\\/schema\\\/logo\\\/image\\\/\",\"url\":\"http:\\\/\\\/www.eldiariodetucuman.com\\\/web\\\/wp-content\\\/uploads\\\/2017\\\/12\\\/el-diario-de-tucuman.jpg\",\"contentUrl\":\"http:\\\/\\\/www.eldiariodetucuman.com\\\/web\\\/wp-content\\\/uploads\\\/2017\\\/12\\\/el-diario-de-tucuman.jpg\",\"width\":272,\"height\":92,\"caption\":\"El Diario de Tucuman\"},\"image\":{\"@id\":\"https:\\\/\\\/www.eldiariodetucuman.com\\\/web\\\/#\\\/schema\\\/logo\\\/image\\\/\"}},{\"@type\":\"Person\",\"@id\":\"https:\\\/\\\/www.eldiariodetucuman.com\\\/web\\\/#\\\/schema\\\/person\\\/7e6644a46e60888f6b868594407e08dd\",\"name\":\"Redactor Uno\",\"image\":{\"@type\":\"ImageObject\",\"inLanguage\":\"es\",\"@id\":\"https:\\\/\\\/secure.gravatar.com\\\/avatar\\\/0049b1bdf1bd548385c9ea6b9356431717930913089febd2ba904f0187d7d074?s=96&d=mm&r=g\",\"url\":\"https:\\\/\\\/secure.gravatar.com\\\/avatar\\\/0049b1bdf1bd548385c9ea6b9356431717930913089febd2ba904f0187d7d074?s=96&d=mm&r=g\",\"contentUrl\":\"https:\\\/\\\/secure.gravatar.com\\\/avatar\\\/0049b1bdf1bd548385c9ea6b9356431717930913089febd2ba904f0187d7d074?s=96&d=mm&r=g\",\"caption\":\"Redactor Uno\"},\"url\":\"https:\\\/\\\/www.eldiariodetucuman.com\\\/web\\\/author\\\/mramasco\\\/\"}]}<\/script>\n<!-- \/ Yoast SEO plugin. -->","yoast_head_json":{"title":"Las frutillas tucumanas ingresar\u00e1n a Estados Unidos - El Diario de Tucuman","description":"Lo confirm\u00f3 el gobernador Juan Manzur:\u00a0\u201cexportaremos frutilla al mercado m\u00e1s exigente del mundo.","robots":{"index":"index","follow":"follow","max-snippet":"max-snippet:-1","max-image-preview":"max-image-preview:large","max-video-preview":"max-video-preview:-1"},"canonical":"https:\/\/www.eldiariodetucuman.com\/web\/tucuman-exportara-frutillas-a-estados-unidos\/","og_locale":"es_ES","og_type":"article","og_title":"Las frutillas tucumanas ingresar\u00e1n a Estados Unidos - El Diario de Tucuman","og_description":"Lo confirm\u00f3 el gobernador Juan Manzur:\u00a0\u201cexportaremos frutilla al mercado m\u00e1s exigente del mundo.","og_url":"https:\/\/www.eldiariodetucuman.com\/web\/tucuman-exportara-frutillas-a-estados-unidos\/","og_site_name":"El Diario de Tucuman","article_published_time":"2017-12-27T00:24:23+00:00","article_modified_time":"2017-12-27T16:04:39+00:00","og_image":[{"width":650,"height":355,"url":"https:\/\/www.eldiariodetucuman.com\/web\/wp-content\/uploads\/2017\/12\/frutillastucumanas.jpg","type":"image\/jpeg"}],"author":"Redactor Uno","twitter_card":"summary_large_image","twitter_misc":{"Escrito por":"Redactor Uno","Tiempo de lectura":"1 minuto"},"schema":{"@context":"https:\/\/schema.org","@graph":[{"@type":"Article","@id":"https:\/\/www.eldiariodetucuman.com\/web\/tucuman-exportara-frutillas-a-estados-unidos\/#article","isPartOf":{"@id":"https:\/\/www.eldiariodetucuman.com\/web\/tucuman-exportara-frutillas-a-estados-unidos\/"},"author":{"name":"Redactor Uno","@id":"https:\/\/www.eldiariodetucuman.com\/web\/#\/schema\/person\/7e6644a46e60888f6b868594407e08dd"},"headline":"Las frutillas tucumanas ingresar\u00e1n a Estados Unidos","datePublished":"2017-12-27T00:24:23+00:00","dateModified":"2017-12-27T16:04:39+00:00","mainEntityOfPage":{"@id":"https:\/\/www.eldiariodetucuman.com\/web\/tucuman-exportara-frutillas-a-estados-unidos\/"},"wordCount":271,"publisher":{"@id":"https:\/\/www.eldiariodetucuman.com\/web\/#organization"},"image":{"@id":"https:\/\/www.eldiariodetucuman.com\/web\/tucuman-exportara-frutillas-a-estados-unidos\/#primaryimage"},"thumbnailUrl":"https:\/\/www.eldiariodetucuman.com\/web\/wp-content\/uploads\/2017\/12\/frutillastucumanas.jpg","keywords":["economia","El Diario de Tucuman","juan manzur","Tucuman"],"articleSection":["Portada"],"inLanguage":"es"},{"@type":"WebPage","@id":"https:\/\/www.eldiariodetucuman.com\/web\/tucuman-exportara-frutillas-a-estados-unidos\/","url":"https:\/\/www.eldiariodetucuman.com\/web\/tucuman-exportara-frutillas-a-estados-unidos\/","name":"Las frutillas tucumanas ingresar\u00e1n a Estados Unidos - El Diario de Tucuman","isPartOf":{"@id":"https:\/\/www.eldiariodetucuman.com\/web\/#website"},"primaryImageOfPage":{"@id":"https:\/\/www.eldiariodetucuman.com\/web\/tucuman-exportara-frutillas-a-estados-unidos\/#primaryimage"},"image":{"@id":"https:\/\/www.eldiariodetucuman.com\/web\/tucuman-exportara-frutillas-a-estados-unidos\/#primaryimage"},"thumbnailUrl":"https:\/\/www.eldiariodetucuman.com\/web\/wp-content\/uploads\/2017\/12\/frutillastucumanas.jpg","datePublished":"2017-12-27T00:24:23+00:00","dateModified":"2017-12-27T16:04:39+00:00","description":"Lo confirm\u00f3 el gobernador Juan Manzur:\u00a0\u201cexportaremos frutilla al mercado m\u00e1s exigente del mundo.","breadcrumb":{"@id":"https:\/\/www.eldiariodetucuman.com\/web\/tucuman-exportara-frutillas-a-estados-unidos\/#breadcrumb"},"inLanguage":"es","potentialAction":[{"@type":"ReadAction","target":["https:\/\/www.eldiariodetucuman.com\/web\/tucuman-exportara-frutillas-a-estados-unidos\/"]}]},{"@type":"ImageObject","inLanguage":"es","@id":"https:\/\/www.eldiariodetucuman.com\/web\/tucuman-exportara-frutillas-a-estados-unidos\/#primaryimage","url":"https:\/\/www.eldiariodetucuman.com\/web\/wp-content\/uploads\/2017\/12\/frutillastucumanas.jpg","contentUrl":"https:\/\/www.eldiariodetucuman.com\/web\/wp-content\/uploads\/2017\/12\/frutillastucumanas.jpg","width":650,"height":355},{"@type":"BreadcrumbList","@id":"https:\/\/www.eldiariodetucuman.com\/web\/tucuman-exportara-frutillas-a-estados-unidos\/#breadcrumb","itemListElement":[{"@type":"ListItem","position":1,"name":"Portada","item":"https:\/\/www.eldiariodetucuman.com\/web\/"},{"@type":"ListItem","position":2,"name":"Las frutillas tucumanas ingresar\u00e1n a Estados Unidos"}]},{"@type":"WebSite","@id":"https:\/\/www.eldiariodetucuman.com\/web\/#website","url":"https:\/\/www.eldiariodetucuman.com\/web\/","name":"El Diario de Tucuman","description":"Diario Tucuman - Informaci\u00f3n y noticias","publisher":{"@id":"https:\/\/www.eldiariodetucuman.com\/web\/#organization"},"potentialAction":[{"@type":"SearchAction","target":{"@type":"EntryPoint","urlTemplate":"https:\/\/www.eldiariodetucuman.com\/web\/?s={search_term_string}"},"query-input":{"@type":"PropertyValueSpecification","valueRequired":true,"valueName":"search_term_string"}}],"inLanguage":"es"},{"@type":"Organization","@id":"https:\/\/www.eldiariodetucuman.com\/web\/#organization","name":"El Diario de Tucuman","url":"https:\/\/www.eldiariodetucuman.com\/web\/","logo":{"@type":"ImageObject","inLanguage":"es","@id":"https:\/\/www.eldiariodetucuman.com\/web\/#\/schema\/logo\/image\/","url":"http:\/\/www.eldiariodetucuman.com\/web\/wp-content\/uploads\/2017\/12\/el-diario-de-tucuman.jpg","contentUrl":"http:\/\/www.eldiariodetucuman.com\/web\/wp-content\/uploads\/2017\/12\/el-diario-de-tucuman.jpg","width":272,"height":92,"caption":"El Diario de Tucuman"},"image":{"@id":"https:\/\/www.eldiariodetucuman.com\/web\/#\/schema\/logo\/image\/"}},{"@type":"Person","@id":"https:\/\/www.eldiariodetucuman.com\/web\/#\/schema\/person\/7e6644a46e60888f6b868594407e08dd","name":"Redactor Uno","image":{"@type":"ImageObject","inLanguage":"es","@id":"https:\/\/secure.gravatar.com\/avatar\/0049b1bdf1bd548385c9ea6b9356431717930913089febd2ba904f0187d7d074?s=96&d=mm&r=g","url":"https:\/\/secure.gravatar.com\/avatar\/0049b1bdf1bd548385c9ea6b9356431717930913089febd2ba904f0187d7d074?s=96&d=mm&r=g","contentUrl":"https:\/\/secure.gravatar.com\/avatar\/0049b1bdf1bd548385c9ea6b9356431717930913089febd2ba904f0187d7d074?s=96&d=mm&r=g","caption":"Redactor Uno"},"url":"https:\/\/www.eldiariodetucuman.com\/web\/author\/mramasco\/"}]}},"_links":{"self":[{"href":"https:\/\/www.eldiariodetucuman.com\/web\/wp-json\/wp\/v2\/posts\/4284","targetHints":{"allow":["GET"]}}],"collection":[{"href":"https:\/\/www.eldiariodetucuman.com\/web\/wp-json\/wp\/v2\/posts"}],"about":[{"href":"https:\/\/www.eldiariodetucuman.com\/web\/wp-json\/wp\/v2\/types\/post"}],"author":[{"embeddable":true,"href":"https:\/\/www.eldiariodetucuman.com\/web\/wp-json\/wp\/v2\/users\/5"}],"replies":[{"embeddable":true,"href":"https:\/\/www.eldiariodetucuman.com\/web\/wp-json\/wp\/v2\/comments?post=4284"}],"version-history":[{"count":2,"href":"https:\/\/www.eldiariodetucuman.com\/web\/wp-json\/wp\/v2\/posts\/4284\/revisions"}],"predecessor-version":[{"id":4322,"href":"https:\/\/www.eldiariodetucuman.com\/web\/wp-json\/wp\/v2\/posts\/4284\/revisions\/4322"}],"wp:featuredmedia":[{"embeddable":true,"href":"https:\/\/www.eldiariodetucuman.com\/web\/wp-json\/wp\/v2\/media\/4285"}],"wp:attachment":[{"href":"https:\/\/www.eldiariodetucuman.com\/web\/wp-json\/wp\/v2\/media?parent=4284"}],"wp:term":[{"taxonomy":"category","embeddable":true,"href":"https:\/\/www.eldiariodetucuman.com\/web\/wp-json\/wp\/v2\/categories?post=4284"},{"taxonomy":"post_tag","embeddable":true,"href":"https:\/\/www.eldiariodetucuman.com\/web\/wp-json\/wp\/v2\/tags?post=4284"}],"curies":[{"name":"wp","href":"https:\/\/api.w.org\/{rel}","templated":true}]}}