{"id":4264,"date":"2017-12-22T15:23:16","date_gmt":"2017-12-22T18:23:16","guid":{"rendered":"http:\/\/www.eldiariodetucuman.com\/web\/?p=4264"},"modified":"2017-12-22T15:23:16","modified_gmt":"2017-12-22T18:23:16","slug":"4264-2","status":"publish","type":"post","link":"https:\/\/www.eldiariodetucuman.com\/web\/4264-2\/","title":{"rendered":"Una app ideal para las pymes tucumanas"},"content":{"rendered":"<div class=\"feature-img\">Las peque\u00f1as y medianas empresas tucumanas ahora tienen una alternativa m\u00e1s simple y c\u00f3moda para consultar los servicios y herramientas que ofrece el Instituto de Desarrollo Productivo (IDEP) a trav\u00e9s de la aplicaci\u00f3n IDEP M\u00f3vil.<\/div>\n<p><!--more--><\/p>\n<div class=\"entry-content\">\n<p class=\"selectionShareable\">Durante un encuentro celebrado en la sede del Ente Cultural Tucum\u00e1n que convoc\u00f3 a representantes de pymes provinciales, el titular del IDEP,\u00a0<strong>Dirk Trotteyn<\/strong>, present\u00f3 un nuevo software para tel\u00e9fonos celulares con el fin de que los empresarios locales puedan informarse sobre las herramientas financieras y de promoci\u00f3n, capacitaciones, exportaciones, incluida la Marca Tucum\u00e1n, que son impulsadas el Gobierno de Tucum\u00e1n, por medio del organismo dependiente del Ministerio de Desarrollo Productivo.<\/p>\n<p class=\"selectionShareable\">Trotteyn explic\u00f3 que IDEP M\u00f3vil es una nueva plataforma de comunicaci\u00f3n que posibilitar\u00e1 democratizar todas las herramientas que ofrece el IDEP. \u201cHoy los canales de comunicaci\u00f3n han evolucionado much\u00edsimo y en ese sentido las apps y el uso de los tel\u00e9fonos m\u00f3viles es algo important\u00edsimo. El IDEP estar\u00e1 preparado para la nueva generaci\u00f3n y acercar las nuevas herramientas en todos los puntos de la Provincia\u201d, declar\u00f3.<\/p>\n<p class=\"selectionShareable\"><em><strong>Un impulso para crecer<\/strong><\/em><\/p>\n<p class=\"selectionShareable\">El funcionario destac\u00f3 que aspira a que los emprendedores sepan que \u201cel impuso para crecer est\u00e1 en sus manos\u201d. Explic\u00f3 que uno de los sectores de la econom\u00eda no tradicional es el de las \u00a0TICS por lo que el equipo t\u00e9cnico del IDEP trabaj\u00f3 con compa\u00f1\u00edas tucumanas para desarrollar esta aplicaci\u00f3n.<\/p>\n<p class=\"selectionShareable\"><strong>Apuesta innovadora<\/strong><\/p>\n<p class=\"selectionShareable\"><strong>Sonia Moch\u00f3n<\/strong>, representante de la empresa Vidrial S.A. fabricante de vidrios y cristales de seguridad para el sector de la construcci\u00f3n, dijo que \u201ces un indicador muy importante que el Gobierno haya hecho de esta aplicaci\u00f3n que ser\u00e1 un espacio para la oferta exportable de la Provincia, para que todos nos podamos ver. Considero que las empresas vamos a tener una vinculaci\u00f3n en esta oferta para ampliar nuestra cadena de valor\u201d.<\/p>\n<p class=\"selectionShareable\">En cuanto al acceso de informaci\u00f3n de l\u00edneas de financiamiento, declar\u00f3: \u201cLos programas crediticios a nivel provincial y nacional cambian permanentemente y esta app permitir\u00e1 concentrar la informaci\u00f3n en un s\u00f3lo lugar. De esta manera podremos articular la informaci\u00f3n conjuntamente para ver cu\u00e1les son las posibilidades de las empresas para que puedan agilizar los tr\u00e1mites en base a las necesidades de la industria\u201d.<\/p>\n<div class=\"base-box news-box mom_box_sc_custom mom_box_sc clear \">\n<p class=\"selectionShareable\"><strong>\u00bfC\u00f3mo puede descargarse IDEP M\u00f3vil?<\/strong><\/p>\n<p class=\"selectionShareable\">Ingres\u00e1 en\u00a0<em>Play Store<\/em>\u00a0o<em>\u00a0App Store<\/em>. Busc\u00e1 IDEP para descargar el software.<\/p>\n<p>Fuente:\u00a0<a href=\"http:\/\/comunicaciontucuman.gob.ar\/2017\/12\/idep-movil-crean-una-app-ideal-para-las-pymes-tucumanas\/\">http:\/\/comunicaciontucuman.gob.ar\/2017\/12\/idep-movil-crean-una-app-ideal-para-las-pymes-tucumanas\/<\/a><\/p>\n<\/div>\n<\/div>\n","protected":false},"excerpt":{"rendered":"<p>Las peque\u00f1as y medianas empresas tucumanas ahora tienen una alternativa m\u00e1s simple y c\u00f3moda para consultar los servicios y herramientas que ofrece el Instituto de Desarrollo Productivo (IDEP) a trav\u00e9s de la aplicaci\u00f3n IDEP M\u00f3vil.<\/p>\n","protected":false},"author":5,"featured_media":4265,"comment_status":"closed","ping_status":"open","sticky":false,"template":"","format":"standard","meta":{"footnotes":""},"categories":[154],"tags":[539,1017,18,61],"class_list":{"0":"post-4264","1":"post","2":"type-post","3":"status-publish","4":"format-standard","5":"has-post-thumbnail","7":"category-ciencia-y-tecnologia","8":"tag-ciencia","9":"tag-idep","10":"tag-tecnologia","11":"tag-tucuman"},"yoast_head":"<!-- This site is optimized with the Yoast SEO plugin v27.4 - https:\/\/yoast.com\/product\/yoast-seo-wordpress\/ -->\n<title>Una app ideal para las pymes tucumanas - El Diario de Tucuman<\/title>\n<meta name=\"description\" content=\"Las peque\u00f1as y medianas empresas tucumanas ahora tienen una alternativa m\u00e1s simple y c\u00f3moda para consultar los servicios y herramientas que ofrece el Instituto de Desarrollo Productivo (IDEP) a trav\u00e9s de la aplicaci\u00f3n IDEP M\u00f3vil.\" \/>\n<meta name=\"robots\" content=\"index, follow, max-snippet:-1, max-image-preview:large, max-video-preview:-1\" \/>\n<link rel=\"canonical\" href=\"https:\/\/www.eldiariodetucuman.com\/web\/4264-2\/\" \/>\n<meta property=\"og:locale\" content=\"es_ES\" \/>\n<meta property=\"og:type\" content=\"article\" \/>\n<meta property=\"og:title\" content=\"Una app ideal para las pymes tucumanas - El Diario de Tucuman\" \/>\n<meta property=\"og:description\" content=\"Las peque\u00f1as y medianas empresas tucumanas ahora tienen una alternativa m\u00e1s simple y c\u00f3moda para consultar los servicios y herramientas que ofrece el Instituto de Desarrollo Productivo (IDEP) a trav\u00e9s de la aplicaci\u00f3n IDEP M\u00f3vil.\" \/>\n<meta property=\"og:url\" content=\"https:\/\/www.eldiariodetucuman.com\/web\/4264-2\/\" \/>\n<meta property=\"og:site_name\" content=\"El Diario de Tucuman\" \/>\n<meta property=\"article:published_time\" content=\"2017-12-22T18:23:16+00:00\" \/>\n<meta property=\"og:image\" content=\"https:\/\/www.eldiariodetucuman.com\/web\/wp-content\/uploads\/2017\/12\/idepmovil.jpg\" \/>\n\t<meta property=\"og:image:width\" content=\"750\" \/>\n\t<meta property=\"og:image:height\" content=\"416\" \/>\n\t<meta property=\"og:image:type\" content=\"image\/jpeg\" \/>\n<meta name=\"author\" content=\"Redactor Uno\" \/>\n<meta name=\"twitter:card\" content=\"summary_large_image\" \/>\n<meta name=\"twitter:label1\" content=\"Escrito por\" \/>\n\t<meta name=\"twitter:data1\" content=\"Redactor Uno\" \/>\n\t<meta name=\"twitter:label2\" content=\"Tiempo de lectura\" \/>\n\t<meta name=\"twitter:data2\" content=\"2 minutos\" \/>\n<script type=\"application\/ld+json\" class=\"yoast-schema-graph\">{\"@context\":\"https:\\\/\\\/schema.org\",\"@graph\":[{\"@type\":\"Article\",\"@id\":\"https:\\\/\\\/www.eldiariodetucuman.com\\\/web\\\/4264-2\\\/#article\",\"isPartOf\":{\"@id\":\"https:\\\/\\\/www.eldiariodetucuman.com\\\/web\\\/4264-2\\\/\"},\"author\":{\"name\":\"Redactor Uno\",\"@id\":\"https:\\\/\\\/www.eldiariodetucuman.com\\\/web\\\/#\\\/schema\\\/person\\\/7e6644a46e60888f6b868594407e08dd\"},\"headline\":\"Una app ideal para las pymes tucumanas\",\"datePublished\":\"2017-12-22T18:23:16+00:00\",\"mainEntityOfPage\":{\"@id\":\"https:\\\/\\\/www.eldiariodetucuman.com\\\/web\\\/4264-2\\\/\"},\"wordCount\":431,\"publisher\":{\"@id\":\"https:\\\/\\\/www.eldiariodetucuman.com\\\/web\\\/#organization\"},\"image\":{\"@id\":\"https:\\\/\\\/www.eldiariodetucuman.com\\\/web\\\/4264-2\\\/#primaryimage\"},\"thumbnailUrl\":\"https:\\\/\\\/www.eldiariodetucuman.com\\\/web\\\/wp-content\\\/uploads\\\/2017\\\/12\\\/idepmovil.jpg\",\"keywords\":[\"ciencia\",\"IDEP\",\"Tecnologia\",\"Tucuman\"],\"articleSection\":[\"ciencia y tecnologia\"],\"inLanguage\":\"es\"},{\"@type\":\"WebPage\",\"@id\":\"https:\\\/\\\/www.eldiariodetucuman.com\\\/web\\\/4264-2\\\/\",\"url\":\"https:\\\/\\\/www.eldiariodetucuman.com\\\/web\\\/4264-2\\\/\",\"name\":\"Una app ideal para las pymes tucumanas - El Diario de Tucuman\",\"isPartOf\":{\"@id\":\"https:\\\/\\\/www.eldiariodetucuman.com\\\/web\\\/#website\"},\"primaryImageOfPage\":{\"@id\":\"https:\\\/\\\/www.eldiariodetucuman.com\\\/web\\\/4264-2\\\/#primaryimage\"},\"image\":{\"@id\":\"https:\\\/\\\/www.eldiariodetucuman.com\\\/web\\\/4264-2\\\/#primaryimage\"},\"thumbnailUrl\":\"https:\\\/\\\/www.eldiariodetucuman.com\\\/web\\\/wp-content\\\/uploads\\\/2017\\\/12\\\/idepmovil.jpg\",\"datePublished\":\"2017-12-22T18:23:16+00:00\",\"description\":\"Las peque\u00f1as y medianas empresas tucumanas ahora tienen una alternativa m\u00e1s simple y c\u00f3moda para consultar los servicios y herramientas que ofrece el Instituto de Desarrollo Productivo (IDEP) a trav\u00e9s de la aplicaci\u00f3n IDEP M\u00f3vil.\",\"breadcrumb\":{\"@id\":\"https:\\\/\\\/www.eldiariodetucuman.com\\\/web\\\/4264-2\\\/#breadcrumb\"},\"inLanguage\":\"es\",\"potentialAction\":[{\"@type\":\"ReadAction\",\"target\":[\"https:\\\/\\\/www.eldiariodetucuman.com\\\/web\\\/4264-2\\\/\"]}]},{\"@type\":\"ImageObject\",\"inLanguage\":\"es\",\"@id\":\"https:\\\/\\\/www.eldiariodetucuman.com\\\/web\\\/4264-2\\\/#primaryimage\",\"url\":\"https:\\\/\\\/www.eldiariodetucuman.com\\\/web\\\/wp-content\\\/uploads\\\/2017\\\/12\\\/idepmovil.jpg\",\"contentUrl\":\"https:\\\/\\\/www.eldiariodetucuman.com\\\/web\\\/wp-content\\\/uploads\\\/2017\\\/12\\\/idepmovil.jpg\",\"width\":750,\"height\":416},{\"@type\":\"BreadcrumbList\",\"@id\":\"https:\\\/\\\/www.eldiariodetucuman.com\\\/web\\\/4264-2\\\/#breadcrumb\",\"itemListElement\":[{\"@type\":\"ListItem\",\"position\":1,\"name\":\"Portada\",\"item\":\"https:\\\/\\\/www.eldiariodetucuman.com\\\/web\\\/\"},{\"@type\":\"ListItem\",\"position\":2,\"name\":\"Una app ideal para las pymes tucumanas\"}]},{\"@type\":\"WebSite\",\"@id\":\"https:\\\/\\\/www.eldiariodetucuman.com\\\/web\\\/#website\",\"url\":\"https:\\\/\\\/www.eldiariodetucuman.com\\\/web\\\/\",\"name\":\"El Diario de Tucuman\",\"description\":\"Diario Tucuman - Informaci\u00f3n y noticias\",\"publisher\":{\"@id\":\"https:\\\/\\\/www.eldiariodetucuman.com\\\/web\\\/#organization\"},\"potentialAction\":[{\"@type\":\"SearchAction\",\"target\":{\"@type\":\"EntryPoint\",\"urlTemplate\":\"https:\\\/\\\/www.eldiariodetucuman.com\\\/web\\\/?s={search_term_string}\"},\"query-input\":{\"@type\":\"PropertyValueSpecification\",\"valueRequired\":true,\"valueName\":\"search_term_string\"}}],\"inLanguage\":\"es\"},{\"@type\":\"Organization\",\"@id\":\"https:\\\/\\\/www.eldiariodetucuman.com\\\/web\\\/#organization\",\"name\":\"El Diario de Tucuman\",\"url\":\"https:\\\/\\\/www.eldiariodetucuman.com\\\/web\\\/\",\"logo\":{\"@type\":\"ImageObject\",\"inLanguage\":\"es\",\"@id\":\"https:\\\/\\\/www.eldiariodetucuman.com\\\/web\\\/#\\\/schema\\\/logo\\\/image\\\/\",\"url\":\"http:\\\/\\\/www.eldiariodetucuman.com\\\/web\\\/wp-content\\\/uploads\\\/2017\\\/12\\\/el-diario-de-tucuman.jpg\",\"contentUrl\":\"http:\\\/\\\/www.eldiariodetucuman.com\\\/web\\\/wp-content\\\/uploads\\\/2017\\\/12\\\/el-diario-de-tucuman.jpg\",\"width\":272,\"height\":92,\"caption\":\"El Diario de Tucuman\"},\"image\":{\"@id\":\"https:\\\/\\\/www.eldiariodetucuman.com\\\/web\\\/#\\\/schema\\\/logo\\\/image\\\/\"}},{\"@type\":\"Person\",\"@id\":\"https:\\\/\\\/www.eldiariodetucuman.com\\\/web\\\/#\\\/schema\\\/person\\\/7e6644a46e60888f6b868594407e08dd\",\"name\":\"Redactor Uno\",\"image\":{\"@type\":\"ImageObject\",\"inLanguage\":\"es\",\"@id\":\"https:\\\/\\\/secure.gravatar.com\\\/avatar\\\/0049b1bdf1bd548385c9ea6b9356431717930913089febd2ba904f0187d7d074?s=96&d=mm&r=g\",\"url\":\"https:\\\/\\\/secure.gravatar.com\\\/avatar\\\/0049b1bdf1bd548385c9ea6b9356431717930913089febd2ba904f0187d7d074?s=96&d=mm&r=g\",\"contentUrl\":\"https:\\\/\\\/secure.gravatar.com\\\/avatar\\\/0049b1bdf1bd548385c9ea6b9356431717930913089febd2ba904f0187d7d074?s=96&d=mm&r=g\",\"caption\":\"Redactor Uno\"},\"url\":\"https:\\\/\\\/www.eldiariodetucuman.com\\\/web\\\/author\\\/mramasco\\\/\"}]}<\/script>\n<!-- \/ Yoast SEO plugin. -->","yoast_head_json":{"title":"Una app ideal para las pymes tucumanas - El Diario de Tucuman","description":"Las peque\u00f1as y medianas empresas tucumanas ahora tienen una alternativa m\u00e1s simple y c\u00f3moda para consultar los servicios y herramientas que ofrece el Instituto de Desarrollo Productivo (IDEP) a trav\u00e9s de la aplicaci\u00f3n IDEP M\u00f3vil.","robots":{"index":"index","follow":"follow","max-snippet":"max-snippet:-1","max-image-preview":"max-image-preview:large","max-video-preview":"max-video-preview:-1"},"canonical":"https:\/\/www.eldiariodetucuman.com\/web\/4264-2\/","og_locale":"es_ES","og_type":"article","og_title":"Una app ideal para las pymes tucumanas - El Diario de Tucuman","og_description":"Las peque\u00f1as y medianas empresas tucumanas ahora tienen una alternativa m\u00e1s simple y c\u00f3moda para consultar los servicios y herramientas que ofrece el Instituto de Desarrollo Productivo (IDEP) a trav\u00e9s de la aplicaci\u00f3n IDEP M\u00f3vil.","og_url":"https:\/\/www.eldiariodetucuman.com\/web\/4264-2\/","og_site_name":"El Diario de Tucuman","article_published_time":"2017-12-22T18:23:16+00:00","og_image":[{"width":750,"height":416,"url":"https:\/\/www.eldiariodetucuman.com\/web\/wp-content\/uploads\/2017\/12\/idepmovil.jpg","type":"image\/jpeg"}],"author":"Redactor Uno","twitter_card":"summary_large_image","twitter_misc":{"Escrito por":"Redactor Uno","Tiempo de lectura":"2 minutos"},"schema":{"@context":"https:\/\/schema.org","@graph":[{"@type":"Article","@id":"https:\/\/www.eldiariodetucuman.com\/web\/4264-2\/#article","isPartOf":{"@id":"https:\/\/www.eldiariodetucuman.com\/web\/4264-2\/"},"author":{"name":"Redactor Uno","@id":"https:\/\/www.eldiariodetucuman.com\/web\/#\/schema\/person\/7e6644a46e60888f6b868594407e08dd"},"headline":"Una app ideal para las pymes tucumanas","datePublished":"2017-12-22T18:23:16+00:00","mainEntityOfPage":{"@id":"https:\/\/www.eldiariodetucuman.com\/web\/4264-2\/"},"wordCount":431,"publisher":{"@id":"https:\/\/www.eldiariodetucuman.com\/web\/#organization"},"image":{"@id":"https:\/\/www.eldiariodetucuman.com\/web\/4264-2\/#primaryimage"},"thumbnailUrl":"https:\/\/www.eldiariodetucuman.com\/web\/wp-content\/uploads\/2017\/12\/idepmovil.jpg","keywords":["ciencia","IDEP","Tecnologia","Tucuman"],"articleSection":["ciencia y tecnologia"],"inLanguage":"es"},{"@type":"WebPage","@id":"https:\/\/www.eldiariodetucuman.com\/web\/4264-2\/","url":"https:\/\/www.eldiariodetucuman.com\/web\/4264-2\/","name":"Una app ideal para las pymes tucumanas - El Diario de Tucuman","isPartOf":{"@id":"https:\/\/www.eldiariodetucuman.com\/web\/#website"},"primaryImageOfPage":{"@id":"https:\/\/www.eldiariodetucuman.com\/web\/4264-2\/#primaryimage"},"image":{"@id":"https:\/\/www.eldiariodetucuman.com\/web\/4264-2\/#primaryimage"},"thumbnailUrl":"https:\/\/www.eldiariodetucuman.com\/web\/wp-content\/uploads\/2017\/12\/idepmovil.jpg","datePublished":"2017-12-22T18:23:16+00:00","description":"Las peque\u00f1as y medianas empresas tucumanas ahora tienen una alternativa m\u00e1s simple y c\u00f3moda para consultar los servicios y herramientas que ofrece el Instituto de Desarrollo Productivo (IDEP) a trav\u00e9s de la aplicaci\u00f3n IDEP M\u00f3vil.","breadcrumb":{"@id":"https:\/\/www.eldiariodetucuman.com\/web\/4264-2\/#breadcrumb"},"inLanguage":"es","potentialAction":[{"@type":"ReadAction","target":["https:\/\/www.eldiariodetucuman.com\/web\/4264-2\/"]}]},{"@type":"ImageObject","inLanguage":"es","@id":"https:\/\/www.eldiariodetucuman.com\/web\/4264-2\/#primaryimage","url":"https:\/\/www.eldiariodetucuman.com\/web\/wp-content\/uploads\/2017\/12\/idepmovil.jpg","contentUrl":"https:\/\/www.eldiariodetucuman.com\/web\/wp-content\/uploads\/2017\/12\/idepmovil.jpg","width":750,"height":416},{"@type":"BreadcrumbList","@id":"https:\/\/www.eldiariodetucuman.com\/web\/4264-2\/#breadcrumb","itemListElement":[{"@type":"ListItem","position":1,"name":"Portada","item":"https:\/\/www.eldiariodetucuman.com\/web\/"},{"@type":"ListItem","position":2,"name":"Una app ideal para las pymes tucumanas"}]},{"@type":"WebSite","@id":"https:\/\/www.eldiariodetucuman.com\/web\/#website","url":"https:\/\/www.eldiariodetucuman.com\/web\/","name":"El Diario de Tucuman","description":"Diario Tucuman - Informaci\u00f3n y noticias","publisher":{"@id":"https:\/\/www.eldiariodetucuman.com\/web\/#organization"},"potentialAction":[{"@type":"SearchAction","target":{"@type":"EntryPoint","urlTemplate":"https:\/\/www.eldiariodetucuman.com\/web\/?s={search_term_string}"},"query-input":{"@type":"PropertyValueSpecification","valueRequired":true,"valueName":"search_term_string"}}],"inLanguage":"es"},{"@type":"Organization","@id":"https:\/\/www.eldiariodetucuman.com\/web\/#organization","name":"El Diario de Tucuman","url":"https:\/\/www.eldiariodetucuman.com\/web\/","logo":{"@type":"ImageObject","inLanguage":"es","@id":"https:\/\/www.eldiariodetucuman.com\/web\/#\/schema\/logo\/image\/","url":"http:\/\/www.eldiariodetucuman.com\/web\/wp-content\/uploads\/2017\/12\/el-diario-de-tucuman.jpg","contentUrl":"http:\/\/www.eldiariodetucuman.com\/web\/wp-content\/uploads\/2017\/12\/el-diario-de-tucuman.jpg","width":272,"height":92,"caption":"El Diario de Tucuman"},"image":{"@id":"https:\/\/www.eldiariodetucuman.com\/web\/#\/schema\/logo\/image\/"}},{"@type":"Person","@id":"https:\/\/www.eldiariodetucuman.com\/web\/#\/schema\/person\/7e6644a46e60888f6b868594407e08dd","name":"Redactor Uno","image":{"@type":"ImageObject","inLanguage":"es","@id":"https:\/\/secure.gravatar.com\/avatar\/0049b1bdf1bd548385c9ea6b9356431717930913089febd2ba904f0187d7d074?s=96&d=mm&r=g","url":"https:\/\/secure.gravatar.com\/avatar\/0049b1bdf1bd548385c9ea6b9356431717930913089febd2ba904f0187d7d074?s=96&d=mm&r=g","contentUrl":"https:\/\/secure.gravatar.com\/avatar\/0049b1bdf1bd548385c9ea6b9356431717930913089febd2ba904f0187d7d074?s=96&d=mm&r=g","caption":"Redactor Uno"},"url":"https:\/\/www.eldiariodetucuman.com\/web\/author\/mramasco\/"}]}},"_links":{"self":[{"href":"https:\/\/www.eldiariodetucuman.com\/web\/wp-json\/wp\/v2\/posts\/4264","targetHints":{"allow":["GET"]}}],"collection":[{"href":"https:\/\/www.eldiariodetucuman.com\/web\/wp-json\/wp\/v2\/posts"}],"about":[{"href":"https:\/\/www.eldiariodetucuman.com\/web\/wp-json\/wp\/v2\/types\/post"}],"author":[{"embeddable":true,"href":"https:\/\/www.eldiariodetucuman.com\/web\/wp-json\/wp\/v2\/users\/5"}],"replies":[{"embeddable":true,"href":"https:\/\/www.eldiariodetucuman.com\/web\/wp-json\/wp\/v2\/comments?post=4264"}],"version-history":[{"count":1,"href":"https:\/\/www.eldiariodetucuman.com\/web\/wp-json\/wp\/v2\/posts\/4264\/revisions"}],"predecessor-version":[{"id":4266,"href":"https:\/\/www.eldiariodetucuman.com\/web\/wp-json\/wp\/v2\/posts\/4264\/revisions\/4266"}],"wp:featuredmedia":[{"embeddable":true,"href":"https:\/\/www.eldiariodetucuman.com\/web\/wp-json\/wp\/v2\/media\/4265"}],"wp:attachment":[{"href":"https:\/\/www.eldiariodetucuman.com\/web\/wp-json\/wp\/v2\/media?parent=4264"}],"wp:term":[{"taxonomy":"category","embeddable":true,"href":"https:\/\/www.eldiariodetucuman.com\/web\/wp-json\/wp\/v2\/categories?post=4264"},{"taxonomy":"post_tag","embeddable":true,"href":"https:\/\/www.eldiariodetucuman.com\/web\/wp-json\/wp\/v2\/tags?post=4264"}],"curies":[{"name":"wp","href":"https:\/\/api.w.org\/{rel}","templated":true}]}}