{"id":4261,"date":"2017-12-22T13:25:14","date_gmt":"2017-12-22T16:25:14","guid":{"rendered":"http:\/\/www.eldiariodetucuman.com\/web\/?p=4261"},"modified":"2017-12-22T13:25:14","modified_gmt":"2017-12-22T16:25:14","slug":"como-funcionaran-los-servicios-por-las-fiestas","status":"publish","type":"post","link":"https:\/\/www.eldiariodetucuman.com\/web\/como-funcionaran-los-servicios-por-las-fiestas\/","title":{"rendered":"C\u00f3mo funcionar\u00e1n los servicios por las Fiestas"},"content":{"rendered":"<div class=\"col-lg-12 col-md-12 col-sm-12\">\n<p>Llegan las <strong>Fiestas<\/strong> y muchos de los servicios estatales, y tambi\u00e9n privados, tendr\u00e1n horarios diferenciados. Los repasamos.<\/p>\n<p><!--more--><\/p>\n<p>&#8211; Comercio: hoy y ma\u00f1ana, horario corrido hasta las 22; el domingo 24, de 9 a 15 y el lunes 25, cerrado.<\/p>\n<\/div>\n<div id=\"parent_1\" class=\"col-lg-8 col-md-12 col-sm-12\">\n<div class=\"newsBody\">\n<div id=\"_mcePaste\">&#8211; \u00d3mnibus: el domingo 24 circular\u00e1n hasta las 22; el lunes 25 el servicio se reanudar\u00e1 a partir de las 14 con la frecuencia de los domingos.<\/div>\n<div><\/div>\n<div id=\"_mcePaste\">&#8211; Recolecci\u00f3n de residuos: no se har\u00e1 ni domingo ni lunes. La basura se podr\u00e1 sacar reci\u00e9n el martes, cuando se reanudar\u00e1 el servicio.<\/div>\n<div><\/div>\n<div id=\"_mcePaste\">&#8211; Asistencia P\u00fablica y hospitales: funcionan s\u00f3lo las guardias.<\/div>\n<div><\/div>\n<div id=\"_mcePaste\"><strong>La cena de nochebuena tendr\u00e1 que ser bajo techo\u00a0<\/strong><\/div>\n<div><\/div>\n<div id=\"_mcePaste\">Tanto el Servicio Meteorol\u00f3gico Nacional como el Laboratorio Climatol\u00f3gico Sudamericano -que dirige el doctor Juan Minetti- anticipan que esta Navidad puede estar pasada por agua.<\/div>\n<div id=\"_mcePaste\">El pron\u00f3stico indica tiempo inestable y posibles precipitaciones para el domingo, tanto por la ma\u00f1ana como por la tarde. De manera que es mejor tomar precauciones y organizar la cena de Nochebuena bajo techo. O pensar en el alquiler de una carpa si estabas planeando usar el jard\u00edn para recibir a tus invitados.<\/div>\n<div id=\"_mcePaste\">Si bien se espera que el agua baje un poco la temperatura, se mantendr\u00e1 alrededor de los 30 grados.<\/div>\n<\/div>\n<div><\/div>\n<div><strong>Fuente:<\/strong>\u00a0<a href=\"https:\/\/www.lagaceta.com.ar\/nota\/755889\/actualidad\/de-manera-funcionaran-servicios-comercio-esta-navidad.html\">https:\/\/www.lagaceta.com.ar\/nota\/755889\/actualidad\/de-manera-funcionaran-servicios-comercio-esta-navidad.html<\/a><\/div>\n<p>&nbsp;<\/p>\n<\/div>\n","protected":false},"excerpt":{"rendered":"<p>Llegan las Fiestas y muchos de los servicios estatales, y tambi\u00e9n privados, tendr\u00e1n horarios diferenciados. Los repasamos.<\/p>\n","protected":false},"author":5,"featured_media":4263,"comment_status":"closed","ping_status":"open","sticky":false,"template":"","format":"standard","meta":{"footnotes":""},"categories":[1],"tags":[7,1349,1148,61],"class_list":{"0":"post-4261","1":"post","2":"type-post","3":"status-publish","4":"format-standard","5":"has-post-thumbnail","7":"category-portada","8":"tag-el-diario-de-tucuman","9":"tag-fiestas","10":"tag-servicios","11":"tag-tucuman"},"yoast_head":"<!-- This site is optimized with the Yoast SEO plugin v27.4 - https:\/\/yoast.com\/product\/yoast-seo-wordpress\/ -->\n<title>C\u00f3mo funcionar\u00e1n los servicios por las Fiestas - El Diario de Tucuman<\/title>\n<meta name=\"description\" content=\"Llegan las Fiestas y muchos de los servicios estatales, y tambi\u00e9n privados, tendr\u00e1n horarios diferenciados. Los repasamos.\" \/>\n<meta name=\"robots\" content=\"index, follow, max-snippet:-1, max-image-preview:large, max-video-preview:-1\" \/>\n<link rel=\"canonical\" href=\"https:\/\/www.eldiariodetucuman.com\/web\/como-funcionaran-los-servicios-por-las-fiestas\/\" \/>\n<meta property=\"og:locale\" content=\"es_ES\" \/>\n<meta property=\"og:type\" content=\"article\" \/>\n<meta property=\"og:title\" content=\"C\u00f3mo funcionar\u00e1n los servicios por las Fiestas - El Diario de Tucuman\" \/>\n<meta property=\"og:description\" content=\"Llegan las Fiestas y muchos de los servicios estatales, y tambi\u00e9n privados, tendr\u00e1n horarios diferenciados. Los repasamos.\" \/>\n<meta property=\"og:url\" content=\"https:\/\/www.eldiariodetucuman.com\/web\/como-funcionaran-los-servicios-por-las-fiestas\/\" \/>\n<meta property=\"og:site_name\" content=\"El Diario de Tucuman\" \/>\n<meta property=\"article:published_time\" content=\"2017-12-22T16:25:14+00:00\" \/>\n<meta property=\"og:image\" content=\"https:\/\/www.eldiariodetucuman.com\/web\/wp-content\/uploads\/2017\/12\/nochebuena.jpg\" \/>\n\t<meta property=\"og:image:width\" content=\"1020\" \/>\n\t<meta property=\"og:image:height\" content=\"560\" \/>\n\t<meta property=\"og:image:type\" content=\"image\/jpeg\" \/>\n<meta name=\"author\" content=\"Redactor Uno\" \/>\n<meta name=\"twitter:card\" content=\"summary_large_image\" \/>\n<meta name=\"twitter:label1\" content=\"Escrito por\" \/>\n\t<meta name=\"twitter:data1\" content=\"Redactor Uno\" \/>\n\t<meta name=\"twitter:label2\" content=\"Tiempo de lectura\" \/>\n\t<meta name=\"twitter:data2\" content=\"1 minuto\" \/>\n<script type=\"application\/ld+json\" class=\"yoast-schema-graph\">{\"@context\":\"https:\\\/\\\/schema.org\",\"@graph\":[{\"@type\":\"Article\",\"@id\":\"https:\\\/\\\/www.eldiariodetucuman.com\\\/web\\\/como-funcionaran-los-servicios-por-las-fiestas\\\/#article\",\"isPartOf\":{\"@id\":\"https:\\\/\\\/www.eldiariodetucuman.com\\\/web\\\/como-funcionaran-los-servicios-por-las-fiestas\\\/\"},\"author\":{\"name\":\"Redactor Uno\",\"@id\":\"https:\\\/\\\/www.eldiariodetucuman.com\\\/web\\\/#\\\/schema\\\/person\\\/7e6644a46e60888f6b868594407e08dd\"},\"headline\":\"C\u00f3mo funcionar\u00e1n los servicios por las Fiestas\",\"datePublished\":\"2017-12-22T16:25:14+00:00\",\"mainEntityOfPage\":{\"@id\":\"https:\\\/\\\/www.eldiariodetucuman.com\\\/web\\\/como-funcionaran-los-servicios-por-las-fiestas\\\/\"},\"wordCount\":228,\"publisher\":{\"@id\":\"https:\\\/\\\/www.eldiariodetucuman.com\\\/web\\\/#organization\"},\"image\":{\"@id\":\"https:\\\/\\\/www.eldiariodetucuman.com\\\/web\\\/como-funcionaran-los-servicios-por-las-fiestas\\\/#primaryimage\"},\"thumbnailUrl\":\"https:\\\/\\\/www.eldiariodetucuman.com\\\/web\\\/wp-content\\\/uploads\\\/2017\\\/12\\\/nochebuena.jpg\",\"keywords\":[\"El Diario de Tucuman\",\"Fiestas\",\"servicios\",\"Tucuman\"],\"articleSection\":[\"Portada\"],\"inLanguage\":\"es\"},{\"@type\":\"WebPage\",\"@id\":\"https:\\\/\\\/www.eldiariodetucuman.com\\\/web\\\/como-funcionaran-los-servicios-por-las-fiestas\\\/\",\"url\":\"https:\\\/\\\/www.eldiariodetucuman.com\\\/web\\\/como-funcionaran-los-servicios-por-las-fiestas\\\/\",\"name\":\"C\u00f3mo funcionar\u00e1n los servicios por las Fiestas - El Diario de Tucuman\",\"isPartOf\":{\"@id\":\"https:\\\/\\\/www.eldiariodetucuman.com\\\/web\\\/#website\"},\"primaryImageOfPage\":{\"@id\":\"https:\\\/\\\/www.eldiariodetucuman.com\\\/web\\\/como-funcionaran-los-servicios-por-las-fiestas\\\/#primaryimage\"},\"image\":{\"@id\":\"https:\\\/\\\/www.eldiariodetucuman.com\\\/web\\\/como-funcionaran-los-servicios-por-las-fiestas\\\/#primaryimage\"},\"thumbnailUrl\":\"https:\\\/\\\/www.eldiariodetucuman.com\\\/web\\\/wp-content\\\/uploads\\\/2017\\\/12\\\/nochebuena.jpg\",\"datePublished\":\"2017-12-22T16:25:14+00:00\",\"description\":\"Llegan las Fiestas y muchos de los servicios estatales, y tambi\u00e9n privados, tendr\u00e1n horarios diferenciados. Los repasamos.\",\"breadcrumb\":{\"@id\":\"https:\\\/\\\/www.eldiariodetucuman.com\\\/web\\\/como-funcionaran-los-servicios-por-las-fiestas\\\/#breadcrumb\"},\"inLanguage\":\"es\",\"potentialAction\":[{\"@type\":\"ReadAction\",\"target\":[\"https:\\\/\\\/www.eldiariodetucuman.com\\\/web\\\/como-funcionaran-los-servicios-por-las-fiestas\\\/\"]}]},{\"@type\":\"ImageObject\",\"inLanguage\":\"es\",\"@id\":\"https:\\\/\\\/www.eldiariodetucuman.com\\\/web\\\/como-funcionaran-los-servicios-por-las-fiestas\\\/#primaryimage\",\"url\":\"https:\\\/\\\/www.eldiariodetucuman.com\\\/web\\\/wp-content\\\/uploads\\\/2017\\\/12\\\/nochebuena.jpg\",\"contentUrl\":\"https:\\\/\\\/www.eldiariodetucuman.com\\\/web\\\/wp-content\\\/uploads\\\/2017\\\/12\\\/nochebuena.jpg\",\"width\":1020,\"height\":560},{\"@type\":\"BreadcrumbList\",\"@id\":\"https:\\\/\\\/www.eldiariodetucuman.com\\\/web\\\/como-funcionaran-los-servicios-por-las-fiestas\\\/#breadcrumb\",\"itemListElement\":[{\"@type\":\"ListItem\",\"position\":1,\"name\":\"Portada\",\"item\":\"https:\\\/\\\/www.eldiariodetucuman.com\\\/web\\\/\"},{\"@type\":\"ListItem\",\"position\":2,\"name\":\"C\u00f3mo funcionar\u00e1n los servicios por las Fiestas\"}]},{\"@type\":\"WebSite\",\"@id\":\"https:\\\/\\\/www.eldiariodetucuman.com\\\/web\\\/#website\",\"url\":\"https:\\\/\\\/www.eldiariodetucuman.com\\\/web\\\/\",\"name\":\"El Diario de Tucuman\",\"description\":\"Diario Tucuman - Informaci\u00f3n y noticias\",\"publisher\":{\"@id\":\"https:\\\/\\\/www.eldiariodetucuman.com\\\/web\\\/#organization\"},\"potentialAction\":[{\"@type\":\"SearchAction\",\"target\":{\"@type\":\"EntryPoint\",\"urlTemplate\":\"https:\\\/\\\/www.eldiariodetucuman.com\\\/web\\\/?s={search_term_string}\"},\"query-input\":{\"@type\":\"PropertyValueSpecification\",\"valueRequired\":true,\"valueName\":\"search_term_string\"}}],\"inLanguage\":\"es\"},{\"@type\":\"Organization\",\"@id\":\"https:\\\/\\\/www.eldiariodetucuman.com\\\/web\\\/#organization\",\"name\":\"El Diario de Tucuman\",\"url\":\"https:\\\/\\\/www.eldiariodetucuman.com\\\/web\\\/\",\"logo\":{\"@type\":\"ImageObject\",\"inLanguage\":\"es\",\"@id\":\"https:\\\/\\\/www.eldiariodetucuman.com\\\/web\\\/#\\\/schema\\\/logo\\\/image\\\/\",\"url\":\"http:\\\/\\\/www.eldiariodetucuman.com\\\/web\\\/wp-content\\\/uploads\\\/2017\\\/12\\\/el-diario-de-tucuman.jpg\",\"contentUrl\":\"http:\\\/\\\/www.eldiariodetucuman.com\\\/web\\\/wp-content\\\/uploads\\\/2017\\\/12\\\/el-diario-de-tucuman.jpg\",\"width\":272,\"height\":92,\"caption\":\"El Diario de Tucuman\"},\"image\":{\"@id\":\"https:\\\/\\\/www.eldiariodetucuman.com\\\/web\\\/#\\\/schema\\\/logo\\\/image\\\/\"}},{\"@type\":\"Person\",\"@id\":\"https:\\\/\\\/www.eldiariodetucuman.com\\\/web\\\/#\\\/schema\\\/person\\\/7e6644a46e60888f6b868594407e08dd\",\"name\":\"Redactor Uno\",\"image\":{\"@type\":\"ImageObject\",\"inLanguage\":\"es\",\"@id\":\"https:\\\/\\\/secure.gravatar.com\\\/avatar\\\/0049b1bdf1bd548385c9ea6b9356431717930913089febd2ba904f0187d7d074?s=96&d=mm&r=g\",\"url\":\"https:\\\/\\\/secure.gravatar.com\\\/avatar\\\/0049b1bdf1bd548385c9ea6b9356431717930913089febd2ba904f0187d7d074?s=96&d=mm&r=g\",\"contentUrl\":\"https:\\\/\\\/secure.gravatar.com\\\/avatar\\\/0049b1bdf1bd548385c9ea6b9356431717930913089febd2ba904f0187d7d074?s=96&d=mm&r=g\",\"caption\":\"Redactor Uno\"},\"url\":\"https:\\\/\\\/www.eldiariodetucuman.com\\\/web\\\/author\\\/mramasco\\\/\"}]}<\/script>\n<!-- \/ Yoast SEO plugin. -->","yoast_head_json":{"title":"C\u00f3mo funcionar\u00e1n los servicios por las Fiestas - El Diario de Tucuman","description":"Llegan las Fiestas y muchos de los servicios estatales, y tambi\u00e9n privados, tendr\u00e1n horarios diferenciados. Los repasamos.","robots":{"index":"index","follow":"follow","max-snippet":"max-snippet:-1","max-image-preview":"max-image-preview:large","max-video-preview":"max-video-preview:-1"},"canonical":"https:\/\/www.eldiariodetucuman.com\/web\/como-funcionaran-los-servicios-por-las-fiestas\/","og_locale":"es_ES","og_type":"article","og_title":"C\u00f3mo funcionar\u00e1n los servicios por las Fiestas - El Diario de Tucuman","og_description":"Llegan las Fiestas y muchos de los servicios estatales, y tambi\u00e9n privados, tendr\u00e1n horarios diferenciados. Los repasamos.","og_url":"https:\/\/www.eldiariodetucuman.com\/web\/como-funcionaran-los-servicios-por-las-fiestas\/","og_site_name":"El Diario de Tucuman","article_published_time":"2017-12-22T16:25:14+00:00","og_image":[{"width":1020,"height":560,"url":"https:\/\/www.eldiariodetucuman.com\/web\/wp-content\/uploads\/2017\/12\/nochebuena.jpg","type":"image\/jpeg"}],"author":"Redactor Uno","twitter_card":"summary_large_image","twitter_misc":{"Escrito por":"Redactor Uno","Tiempo de lectura":"1 minuto"},"schema":{"@context":"https:\/\/schema.org","@graph":[{"@type":"Article","@id":"https:\/\/www.eldiariodetucuman.com\/web\/como-funcionaran-los-servicios-por-las-fiestas\/#article","isPartOf":{"@id":"https:\/\/www.eldiariodetucuman.com\/web\/como-funcionaran-los-servicios-por-las-fiestas\/"},"author":{"name":"Redactor Uno","@id":"https:\/\/www.eldiariodetucuman.com\/web\/#\/schema\/person\/7e6644a46e60888f6b868594407e08dd"},"headline":"C\u00f3mo funcionar\u00e1n los servicios por las Fiestas","datePublished":"2017-12-22T16:25:14+00:00","mainEntityOfPage":{"@id":"https:\/\/www.eldiariodetucuman.com\/web\/como-funcionaran-los-servicios-por-las-fiestas\/"},"wordCount":228,"publisher":{"@id":"https:\/\/www.eldiariodetucuman.com\/web\/#organization"},"image":{"@id":"https:\/\/www.eldiariodetucuman.com\/web\/como-funcionaran-los-servicios-por-las-fiestas\/#primaryimage"},"thumbnailUrl":"https:\/\/www.eldiariodetucuman.com\/web\/wp-content\/uploads\/2017\/12\/nochebuena.jpg","keywords":["El Diario de Tucuman","Fiestas","servicios","Tucuman"],"articleSection":["Portada"],"inLanguage":"es"},{"@type":"WebPage","@id":"https:\/\/www.eldiariodetucuman.com\/web\/como-funcionaran-los-servicios-por-las-fiestas\/","url":"https:\/\/www.eldiariodetucuman.com\/web\/como-funcionaran-los-servicios-por-las-fiestas\/","name":"C\u00f3mo funcionar\u00e1n los servicios por las Fiestas - El Diario de Tucuman","isPartOf":{"@id":"https:\/\/www.eldiariodetucuman.com\/web\/#website"},"primaryImageOfPage":{"@id":"https:\/\/www.eldiariodetucuman.com\/web\/como-funcionaran-los-servicios-por-las-fiestas\/#primaryimage"},"image":{"@id":"https:\/\/www.eldiariodetucuman.com\/web\/como-funcionaran-los-servicios-por-las-fiestas\/#primaryimage"},"thumbnailUrl":"https:\/\/www.eldiariodetucuman.com\/web\/wp-content\/uploads\/2017\/12\/nochebuena.jpg","datePublished":"2017-12-22T16:25:14+00:00","description":"Llegan las Fiestas y muchos de los servicios estatales, y tambi\u00e9n privados, tendr\u00e1n horarios diferenciados. Los repasamos.","breadcrumb":{"@id":"https:\/\/www.eldiariodetucuman.com\/web\/como-funcionaran-los-servicios-por-las-fiestas\/#breadcrumb"},"inLanguage":"es","potentialAction":[{"@type":"ReadAction","target":["https:\/\/www.eldiariodetucuman.com\/web\/como-funcionaran-los-servicios-por-las-fiestas\/"]}]},{"@type":"ImageObject","inLanguage":"es","@id":"https:\/\/www.eldiariodetucuman.com\/web\/como-funcionaran-los-servicios-por-las-fiestas\/#primaryimage","url":"https:\/\/www.eldiariodetucuman.com\/web\/wp-content\/uploads\/2017\/12\/nochebuena.jpg","contentUrl":"https:\/\/www.eldiariodetucuman.com\/web\/wp-content\/uploads\/2017\/12\/nochebuena.jpg","width":1020,"height":560},{"@type":"BreadcrumbList","@id":"https:\/\/www.eldiariodetucuman.com\/web\/como-funcionaran-los-servicios-por-las-fiestas\/#breadcrumb","itemListElement":[{"@type":"ListItem","position":1,"name":"Portada","item":"https:\/\/www.eldiariodetucuman.com\/web\/"},{"@type":"ListItem","position":2,"name":"C\u00f3mo funcionar\u00e1n los servicios por las Fiestas"}]},{"@type":"WebSite","@id":"https:\/\/www.eldiariodetucuman.com\/web\/#website","url":"https:\/\/www.eldiariodetucuman.com\/web\/","name":"El Diario de Tucuman","description":"Diario Tucuman - Informaci\u00f3n y noticias","publisher":{"@id":"https:\/\/www.eldiariodetucuman.com\/web\/#organization"},"potentialAction":[{"@type":"SearchAction","target":{"@type":"EntryPoint","urlTemplate":"https:\/\/www.eldiariodetucuman.com\/web\/?s={search_term_string}"},"query-input":{"@type":"PropertyValueSpecification","valueRequired":true,"valueName":"search_term_string"}}],"inLanguage":"es"},{"@type":"Organization","@id":"https:\/\/www.eldiariodetucuman.com\/web\/#organization","name":"El Diario de Tucuman","url":"https:\/\/www.eldiariodetucuman.com\/web\/","logo":{"@type":"ImageObject","inLanguage":"es","@id":"https:\/\/www.eldiariodetucuman.com\/web\/#\/schema\/logo\/image\/","url":"http:\/\/www.eldiariodetucuman.com\/web\/wp-content\/uploads\/2017\/12\/el-diario-de-tucuman.jpg","contentUrl":"http:\/\/www.eldiariodetucuman.com\/web\/wp-content\/uploads\/2017\/12\/el-diario-de-tucuman.jpg","width":272,"height":92,"caption":"El Diario de Tucuman"},"image":{"@id":"https:\/\/www.eldiariodetucuman.com\/web\/#\/schema\/logo\/image\/"}},{"@type":"Person","@id":"https:\/\/www.eldiariodetucuman.com\/web\/#\/schema\/person\/7e6644a46e60888f6b868594407e08dd","name":"Redactor Uno","image":{"@type":"ImageObject","inLanguage":"es","@id":"https:\/\/secure.gravatar.com\/avatar\/0049b1bdf1bd548385c9ea6b9356431717930913089febd2ba904f0187d7d074?s=96&d=mm&r=g","url":"https:\/\/secure.gravatar.com\/avatar\/0049b1bdf1bd548385c9ea6b9356431717930913089febd2ba904f0187d7d074?s=96&d=mm&r=g","contentUrl":"https:\/\/secure.gravatar.com\/avatar\/0049b1bdf1bd548385c9ea6b9356431717930913089febd2ba904f0187d7d074?s=96&d=mm&r=g","caption":"Redactor Uno"},"url":"https:\/\/www.eldiariodetucuman.com\/web\/author\/mramasco\/"}]}},"_links":{"self":[{"href":"https:\/\/www.eldiariodetucuman.com\/web\/wp-json\/wp\/v2\/posts\/4261","targetHints":{"allow":["GET"]}}],"collection":[{"href":"https:\/\/www.eldiariodetucuman.com\/web\/wp-json\/wp\/v2\/posts"}],"about":[{"href":"https:\/\/www.eldiariodetucuman.com\/web\/wp-json\/wp\/v2\/types\/post"}],"author":[{"embeddable":true,"href":"https:\/\/www.eldiariodetucuman.com\/web\/wp-json\/wp\/v2\/users\/5"}],"replies":[{"embeddable":true,"href":"https:\/\/www.eldiariodetucuman.com\/web\/wp-json\/wp\/v2\/comments?post=4261"}],"version-history":[{"count":1,"href":"https:\/\/www.eldiariodetucuman.com\/web\/wp-json\/wp\/v2\/posts\/4261\/revisions"}],"predecessor-version":[{"id":4262,"href":"https:\/\/www.eldiariodetucuman.com\/web\/wp-json\/wp\/v2\/posts\/4261\/revisions\/4262"}],"wp:featuredmedia":[{"embeddable":true,"href":"https:\/\/www.eldiariodetucuman.com\/web\/wp-json\/wp\/v2\/media\/4263"}],"wp:attachment":[{"href":"https:\/\/www.eldiariodetucuman.com\/web\/wp-json\/wp\/v2\/media?parent=4261"}],"wp:term":[{"taxonomy":"category","embeddable":true,"href":"https:\/\/www.eldiariodetucuman.com\/web\/wp-json\/wp\/v2\/categories?post=4261"},{"taxonomy":"post_tag","embeddable":true,"href":"https:\/\/www.eldiariodetucuman.com\/web\/wp-json\/wp\/v2\/tags?post=4261"}],"curies":[{"name":"wp","href":"https:\/\/api.w.org\/{rel}","templated":true}]}}