{"id":40784,"date":"2024-01-23T11:01:04","date_gmt":"2024-01-23T14:01:04","guid":{"rendered":"https:\/\/www.eldiariodetucuman.com\/web\/?p=40784"},"modified":"2024-01-23T11:01:04","modified_gmt":"2024-01-23T14:01:04","slug":"aumentan-los-casos-de-covid-19-y-sigue-siendo-una-amenaza-en-tucuman","status":"publish","type":"post","link":"https:\/\/www.eldiariodetucuman.com\/web\/aumentan-los-casos-de-covid-19-y-sigue-siendo-una-amenaza-en-tucuman\/","title":{"rendered":"Aumentan los casos de Covid-19 y sigue siendo una amenaza en Tucum\u00e1n"},"content":{"rendered":"<div class=\"noticia-copete text-noticia-index-copete font-noticia-index-copete text-lg md:text-lg pb-2\">Toda la informaci\u00f3n sobre los puestos vacunatorios y qui\u00e9nes deben aplicarse la vacuna contra el coronavirus en la provincia.<!--more--><\/div>\n<p>La suba repentina de casos de COVID, especialmente en el norte del pa\u00eds ha planteado dudas en la poblaci\u00f3n sobre su estado de protecci\u00f3n frente al virus a cuatro a\u00f1os de su aparici\u00f3n mundial.<\/p>\n<p>Ante el aumento de casos durante las \u00faltimas semanas, el Ministerio de Salud de la Naci\u00f3n <b>recomend\u00f3 hoy \u00abreforzar\u00bb la vacunaci\u00f3n contra el coronavirus<\/b>\u00a0y destac\u00f3 la importancia de mantener actualizada la aplicaci\u00f3n de dosis de refuerzo de la vacuna, sobre todo en las personas\u00a0<b>mayores de 50 a\u00f1os y quienes tengan condiciones de riesgo<\/b>.<\/p>\n<p>A trav\u00e9s de un comunicado, se\u00f1al\u00f3 que la estrategia de refuerzo de vacunas contra el Covid-19 \u00abes fundamental para mantener una protecci\u00f3n adecuada a fin de prevenir complicaciones, hospitalizaciones y muertes por esta enfermedad\u00bb.<\/p>\n<p>\u00bfQu\u00e9 pasa en nuestra provincia? \u201cEn Tucum\u00e1n hubo un incremento importante de la demanda de vacunaci\u00f3n en todos los nodos de la provincia estas \u00faltimas semanas\u201d, indic\u00f3 el jefe de Inmunolog\u00eda del Siprosa,<strong>\u00a0Miguel Ferre Contreras<\/strong>.<\/p>\n<p>Para dar un ejemplo, agreg\u00f3 que solo en la ma\u00f1ana de ayer varios de esos centros reportaron que los pedidos de vacunas contra la covid son \u201chasta cuatro veces mayor con respecto a lo que a lo que ven\u00eda ocurriendo a fines del a\u00f1o pasado\u201d.<\/p>\n<p>\u201cCreo que esto se debe al temor de la gente por el aumento de casos que es algo; este comportamiento es algo que ha pasado a lo largo de toda la pandemia y desde que est\u00e1 disponible la vacunaci\u00f3n. Siempre se ha visto que en los momentos en que empezaban a subir el n\u00famero de positivos, la gente concurr\u00eda a los nodos de vacunaci\u00f3n y eso est\u00e1 ocurriendo en este momento\u201d, afirm\u00f3 el flamante funcionario sanitario.<\/p>\n<p><strong>Nuevas disposiciones<\/strong><\/p>\n<div class=\"noticia-contenido contenido text-lg md:text-lg text-noticia-index-contenido font-noticia-index-contenido text-base \">\n<p>En cuanto a vacunas se trata, en los nodos tucumanos se est\u00e1n colocando dosis de Moderna y Pfizer, ambas bivalente (protegen de todas las variantes del virus de la covid). Un punto importante a tener en cuenta es que hubo novedades en las recomendaciones para recibirlas.<\/p>\n<p>Ferre Contreras detall\u00f3 que la pauta de vacunaci\u00f3n es que toda persona tenga su esquema primario completo m\u00e1s un refuerzo colocado, y desde ah\u00ed se aconseja cada cu\u00e1nto tiempo tiene que colocarse otro refuerzo.<\/p>\n<p>El esquema primario de referencia corresponde a dos dosis de vacuna como pauta general aunque en las personas con inmunocompromiso es de tres dosis, al igual que en los mayores de 50 a\u00f1os que recibieron la vacuna china Sinopharm.<\/p>\n<p>\u201cTodas las personas, a partir de los seis meses de edad, deben contar con esquema primario y, al menos, una dosis de refuerzo. A partir de all\u00ed, se contin\u00faa la periodicidad de los refuerzos seg\u00fan su condici\u00f3n de riesgo\u201d, especific\u00f3. El esquema entonces qued\u00f3 dispuesto as\u00ed:<\/p>\n<p>&#8211; Personas de 50 a\u00f1os o mayores, personas gestantes y personas con inmunocompromiso reciben un refuerzo cada seis meses.<\/p>\n<p>&#8211; Personas menores de 50 a\u00f1os sin inmunocompromiso, un refuerzo anual.<\/p>\n<p>Ante el aumento de casos y a ra\u00edz del bajo requerimiento de dosis que hubo en el segundo semestre de 2023, el Siprosa trabaja actualmente con un plan para simplificar la comunicaci\u00f3n de estas disposiciones.<\/p>\n<p>\u201cLo que planteamos en este momento es que toda persona que no se haya vacunado en los \u00faltimos seis meses vaya a colocarse un refuerzo y a partir de ah\u00ed se indicar\u00e1 cada cu\u00e1nto tiempo le corresponde una nueva dosis, de acuerdo a los grupos de edad que integren\u201d, puntualiz\u00f3.<\/p>\n<p><strong>D\u00f3nde me vacuno<\/strong><\/p>\n<p>La cartera sanitaria local nunca ha detenido la colaci\u00f3n de las vacunas ni siquiera cuando la declaraci\u00f3n de pandemia haya cesado, pero s\u00ed han migrado los nodos que alguna vez fueron dispuestos en clubes deportivos y se centraron en hospitales zonales.<\/p>\n<p>De esta manera en la capital los lugares habilitados son: Caps de San Cayetano, Caps San Mart\u00edn, AutoVac, Nodo de Vacunaci\u00f3n 107 y Vacunatorio de la Familia.<\/p>\n<p>Mientras que en el interior se pueden encontrar vacunas contra la covid en Hospital Alberdi, Caps Nuestra Se\u00f1ora del Rosario, Hospital Eva Per\u00f3n, Hospital Burruyac\u00fa, Hospital de Famaill\u00e1, Caps de Graneros, Hospital de La Cocha y Hospital de Bella Vista. Tambi\u00e9n se colocan dosis en Hospital de Lules, CIC de Monteros, Complejo Monse\u00f1or Herrera de Aguilares, Hospital de Taf\u00ed del Valle, Hospital de Trancas, Caps de Yerba Buena, Policl\u00ednica Mercedes Serrano de Taf\u00ed Viejo y Policl\u00ednica Villa Mariano Moreno.<\/p>\n<p><strong>Fuente:<\/strong> <a href=\"https:\/\/www.losprimeros.tv\/noticias\/2024\/01\/23\/259819-repuntan-casos-de-covid-19-y-sigue-siendo-una-amenaza-en-tucuman\">https:\/\/www.losprimeros.tv\/noticias\/2024\/01\/23\/259819-repuntan-casos-de-covid-19-y-sigue-siendo-una-amenaza-en-tucuman<\/a><\/p>\n<\/div>\n","protected":false},"excerpt":{"rendered":"<p>Toda la informaci\u00f3n sobre los puestos vacunatorios y qui\u00e9nes deben aplicarse la vacuna contra el coronavirus en la provincia.<\/p>\n","protected":false},"author":5,"featured_media":38839,"comment_status":"closed","ping_status":"open","sticky":false,"template":"","format":"standard","meta":{"footnotes":""},"categories":[2],"tags":[3153,79,61,1960],"class_list":{"0":"post-40784","1":"post","2":"type-post","3":"status-publish","4":"format-standard","5":"has-post-thumbnail","7":"category-actualidad","8":"tag-covid","9":"tag-salud","10":"tag-tucuman","11":"tag-vacuna"},"yoast_head":"<!-- This site is optimized with the Yoast SEO plugin v27.4 - https:\/\/yoast.com\/product\/yoast-seo-wordpress\/ -->\n<title>Aumentan los casos de Covid-19 y sigue siendo una amenaza en Tucum\u00e1n - El Diario de Tucuman<\/title>\n<meta name=\"robots\" content=\"index, follow, max-snippet:-1, max-image-preview:large, max-video-preview:-1\" \/>\n<link rel=\"canonical\" href=\"https:\/\/www.eldiariodetucuman.com\/web\/aumentan-los-casos-de-covid-19-y-sigue-siendo-una-amenaza-en-tucuman\/\" \/>\n<meta property=\"og:locale\" content=\"es_ES\" \/>\n<meta property=\"og:type\" content=\"article\" \/>\n<meta property=\"og:title\" content=\"Aumentan los casos de Covid-19 y sigue siendo una amenaza en Tucum\u00e1n - El Diario de Tucuman\" \/>\n<meta property=\"og:description\" content=\"Toda la informaci\u00f3n sobre los puestos vacunatorios y qui\u00e9nes deben aplicarse la vacuna contra el coronavirus en la provincia.\" \/>\n<meta property=\"og:url\" content=\"https:\/\/www.eldiariodetucuman.com\/web\/aumentan-los-casos-de-covid-19-y-sigue-siendo-una-amenaza-en-tucuman\/\" \/>\n<meta property=\"og:site_name\" content=\"El Diario de Tucuman\" \/>\n<meta property=\"article:published_time\" content=\"2024-01-23T14:01:04+00:00\" \/>\n<meta property=\"og:image\" content=\"https:\/\/www.eldiariodetucuman.com\/web\/wp-content\/uploads\/2023\/05\/covid.webp\" \/>\n\t<meta property=\"og:image:width\" content=\"1200\" \/>\n\t<meta property=\"og:image:height\" content=\"699\" \/>\n\t<meta property=\"og:image:type\" content=\"image\/webp\" \/>\n<meta name=\"author\" content=\"Redactor Uno\" \/>\n<meta name=\"twitter:card\" content=\"summary_large_image\" \/>\n<meta name=\"twitter:label1\" content=\"Escrito por\" \/>\n\t<meta name=\"twitter:data1\" content=\"Redactor Uno\" \/>\n\t<meta name=\"twitter:label2\" content=\"Tiempo de lectura\" \/>\n\t<meta name=\"twitter:data2\" content=\"4 minutos\" \/>\n<script type=\"application\/ld+json\" class=\"yoast-schema-graph\">{\"@context\":\"https:\\\/\\\/schema.org\",\"@graph\":[{\"@type\":\"Article\",\"@id\":\"https:\\\/\\\/www.eldiariodetucuman.com\\\/web\\\/aumentan-los-casos-de-covid-19-y-sigue-siendo-una-amenaza-en-tucuman\\\/#article\",\"isPartOf\":{\"@id\":\"https:\\\/\\\/www.eldiariodetucuman.com\\\/web\\\/aumentan-los-casos-de-covid-19-y-sigue-siendo-una-amenaza-en-tucuman\\\/\"},\"author\":{\"name\":\"Redactor Uno\",\"@id\":\"https:\\\/\\\/www.eldiariodetucuman.com\\\/web\\\/#\\\/schema\\\/person\\\/7e6644a46e60888f6b868594407e08dd\"},\"headline\":\"Aumentan los casos de Covid-19 y sigue siendo una amenaza en Tucum\u00e1n\",\"datePublished\":\"2024-01-23T14:01:04+00:00\",\"mainEntityOfPage\":{\"@id\":\"https:\\\/\\\/www.eldiariodetucuman.com\\\/web\\\/aumentan-los-casos-de-covid-19-y-sigue-siendo-una-amenaza-en-tucuman\\\/\"},\"wordCount\":794,\"publisher\":{\"@id\":\"https:\\\/\\\/www.eldiariodetucuman.com\\\/web\\\/#organization\"},\"image\":{\"@id\":\"https:\\\/\\\/www.eldiariodetucuman.com\\\/web\\\/aumentan-los-casos-de-covid-19-y-sigue-siendo-una-amenaza-en-tucuman\\\/#primaryimage\"},\"thumbnailUrl\":\"https:\\\/\\\/www.eldiariodetucuman.com\\\/web\\\/wp-content\\\/uploads\\\/2023\\\/05\\\/covid.webp\",\"keywords\":[\"covid\",\"salud\",\"Tucuman\",\"vacuna\"],\"articleSection\":[\"Actualidad\"],\"inLanguage\":\"es\"},{\"@type\":\"WebPage\",\"@id\":\"https:\\\/\\\/www.eldiariodetucuman.com\\\/web\\\/aumentan-los-casos-de-covid-19-y-sigue-siendo-una-amenaza-en-tucuman\\\/\",\"url\":\"https:\\\/\\\/www.eldiariodetucuman.com\\\/web\\\/aumentan-los-casos-de-covid-19-y-sigue-siendo-una-amenaza-en-tucuman\\\/\",\"name\":\"Aumentan los casos de Covid-19 y sigue siendo una amenaza en Tucum\u00e1n - El Diario de Tucuman\",\"isPartOf\":{\"@id\":\"https:\\\/\\\/www.eldiariodetucuman.com\\\/web\\\/#website\"},\"primaryImageOfPage\":{\"@id\":\"https:\\\/\\\/www.eldiariodetucuman.com\\\/web\\\/aumentan-los-casos-de-covid-19-y-sigue-siendo-una-amenaza-en-tucuman\\\/#primaryimage\"},\"image\":{\"@id\":\"https:\\\/\\\/www.eldiariodetucuman.com\\\/web\\\/aumentan-los-casos-de-covid-19-y-sigue-siendo-una-amenaza-en-tucuman\\\/#primaryimage\"},\"thumbnailUrl\":\"https:\\\/\\\/www.eldiariodetucuman.com\\\/web\\\/wp-content\\\/uploads\\\/2023\\\/05\\\/covid.webp\",\"datePublished\":\"2024-01-23T14:01:04+00:00\",\"breadcrumb\":{\"@id\":\"https:\\\/\\\/www.eldiariodetucuman.com\\\/web\\\/aumentan-los-casos-de-covid-19-y-sigue-siendo-una-amenaza-en-tucuman\\\/#breadcrumb\"},\"inLanguage\":\"es\",\"potentialAction\":[{\"@type\":\"ReadAction\",\"target\":[\"https:\\\/\\\/www.eldiariodetucuman.com\\\/web\\\/aumentan-los-casos-de-covid-19-y-sigue-siendo-una-amenaza-en-tucuman\\\/\"]}]},{\"@type\":\"ImageObject\",\"inLanguage\":\"es\",\"@id\":\"https:\\\/\\\/www.eldiariodetucuman.com\\\/web\\\/aumentan-los-casos-de-covid-19-y-sigue-siendo-una-amenaza-en-tucuman\\\/#primaryimage\",\"url\":\"https:\\\/\\\/www.eldiariodetucuman.com\\\/web\\\/wp-content\\\/uploads\\\/2023\\\/05\\\/covid.webp\",\"contentUrl\":\"https:\\\/\\\/www.eldiariodetucuman.com\\\/web\\\/wp-content\\\/uploads\\\/2023\\\/05\\\/covid.webp\",\"width\":1200,\"height\":699},{\"@type\":\"BreadcrumbList\",\"@id\":\"https:\\\/\\\/www.eldiariodetucuman.com\\\/web\\\/aumentan-los-casos-de-covid-19-y-sigue-siendo-una-amenaza-en-tucuman\\\/#breadcrumb\",\"itemListElement\":[{\"@type\":\"ListItem\",\"position\":1,\"name\":\"Portada\",\"item\":\"https:\\\/\\\/www.eldiariodetucuman.com\\\/web\\\/\"},{\"@type\":\"ListItem\",\"position\":2,\"name\":\"Aumentan los casos de Covid-19 y sigue siendo una amenaza en Tucum\u00e1n\"}]},{\"@type\":\"WebSite\",\"@id\":\"https:\\\/\\\/www.eldiariodetucuman.com\\\/web\\\/#website\",\"url\":\"https:\\\/\\\/www.eldiariodetucuman.com\\\/web\\\/\",\"name\":\"El Diario de Tucuman\",\"description\":\"Diario Tucuman - Informaci\u00f3n y noticias\",\"publisher\":{\"@id\":\"https:\\\/\\\/www.eldiariodetucuman.com\\\/web\\\/#organization\"},\"potentialAction\":[{\"@type\":\"SearchAction\",\"target\":{\"@type\":\"EntryPoint\",\"urlTemplate\":\"https:\\\/\\\/www.eldiariodetucuman.com\\\/web\\\/?s={search_term_string}\"},\"query-input\":{\"@type\":\"PropertyValueSpecification\",\"valueRequired\":true,\"valueName\":\"search_term_string\"}}],\"inLanguage\":\"es\"},{\"@type\":\"Organization\",\"@id\":\"https:\\\/\\\/www.eldiariodetucuman.com\\\/web\\\/#organization\",\"name\":\"El Diario de Tucuman\",\"url\":\"https:\\\/\\\/www.eldiariodetucuman.com\\\/web\\\/\",\"logo\":{\"@type\":\"ImageObject\",\"inLanguage\":\"es\",\"@id\":\"https:\\\/\\\/www.eldiariodetucuman.com\\\/web\\\/#\\\/schema\\\/logo\\\/image\\\/\",\"url\":\"http:\\\/\\\/www.eldiariodetucuman.com\\\/web\\\/wp-content\\\/uploads\\\/2017\\\/12\\\/el-diario-de-tucuman.jpg\",\"contentUrl\":\"http:\\\/\\\/www.eldiariodetucuman.com\\\/web\\\/wp-content\\\/uploads\\\/2017\\\/12\\\/el-diario-de-tucuman.jpg\",\"width\":272,\"height\":92,\"caption\":\"El Diario de Tucuman\"},\"image\":{\"@id\":\"https:\\\/\\\/www.eldiariodetucuman.com\\\/web\\\/#\\\/schema\\\/logo\\\/image\\\/\"}},{\"@type\":\"Person\",\"@id\":\"https:\\\/\\\/www.eldiariodetucuman.com\\\/web\\\/#\\\/schema\\\/person\\\/7e6644a46e60888f6b868594407e08dd\",\"name\":\"Redactor Uno\",\"image\":{\"@type\":\"ImageObject\",\"inLanguage\":\"es\",\"@id\":\"https:\\\/\\\/secure.gravatar.com\\\/avatar\\\/0049b1bdf1bd548385c9ea6b9356431717930913089febd2ba904f0187d7d074?s=96&d=mm&r=g\",\"url\":\"https:\\\/\\\/secure.gravatar.com\\\/avatar\\\/0049b1bdf1bd548385c9ea6b9356431717930913089febd2ba904f0187d7d074?s=96&d=mm&r=g\",\"contentUrl\":\"https:\\\/\\\/secure.gravatar.com\\\/avatar\\\/0049b1bdf1bd548385c9ea6b9356431717930913089febd2ba904f0187d7d074?s=96&d=mm&r=g\",\"caption\":\"Redactor Uno\"},\"url\":\"https:\\\/\\\/www.eldiariodetucuman.com\\\/web\\\/author\\\/mramasco\\\/\"}]}<\/script>\n<!-- \/ Yoast SEO plugin. -->","yoast_head_json":{"title":"Aumentan los casos de Covid-19 y sigue siendo una amenaza en Tucum\u00e1n - El Diario de Tucuman","robots":{"index":"index","follow":"follow","max-snippet":"max-snippet:-1","max-image-preview":"max-image-preview:large","max-video-preview":"max-video-preview:-1"},"canonical":"https:\/\/www.eldiariodetucuman.com\/web\/aumentan-los-casos-de-covid-19-y-sigue-siendo-una-amenaza-en-tucuman\/","og_locale":"es_ES","og_type":"article","og_title":"Aumentan los casos de Covid-19 y sigue siendo una amenaza en Tucum\u00e1n - El Diario de Tucuman","og_description":"Toda la informaci\u00f3n sobre los puestos vacunatorios y qui\u00e9nes deben aplicarse la vacuna contra el coronavirus en la provincia.","og_url":"https:\/\/www.eldiariodetucuman.com\/web\/aumentan-los-casos-de-covid-19-y-sigue-siendo-una-amenaza-en-tucuman\/","og_site_name":"El Diario de Tucuman","article_published_time":"2024-01-23T14:01:04+00:00","og_image":[{"width":1200,"height":699,"url":"https:\/\/www.eldiariodetucuman.com\/web\/wp-content\/uploads\/2023\/05\/covid.webp","type":"image\/webp"}],"author":"Redactor Uno","twitter_card":"summary_large_image","twitter_misc":{"Escrito por":"Redactor Uno","Tiempo de lectura":"4 minutos"},"schema":{"@context":"https:\/\/schema.org","@graph":[{"@type":"Article","@id":"https:\/\/www.eldiariodetucuman.com\/web\/aumentan-los-casos-de-covid-19-y-sigue-siendo-una-amenaza-en-tucuman\/#article","isPartOf":{"@id":"https:\/\/www.eldiariodetucuman.com\/web\/aumentan-los-casos-de-covid-19-y-sigue-siendo-una-amenaza-en-tucuman\/"},"author":{"name":"Redactor Uno","@id":"https:\/\/www.eldiariodetucuman.com\/web\/#\/schema\/person\/7e6644a46e60888f6b868594407e08dd"},"headline":"Aumentan los casos de Covid-19 y sigue siendo una amenaza en Tucum\u00e1n","datePublished":"2024-01-23T14:01:04+00:00","mainEntityOfPage":{"@id":"https:\/\/www.eldiariodetucuman.com\/web\/aumentan-los-casos-de-covid-19-y-sigue-siendo-una-amenaza-en-tucuman\/"},"wordCount":794,"publisher":{"@id":"https:\/\/www.eldiariodetucuman.com\/web\/#organization"},"image":{"@id":"https:\/\/www.eldiariodetucuman.com\/web\/aumentan-los-casos-de-covid-19-y-sigue-siendo-una-amenaza-en-tucuman\/#primaryimage"},"thumbnailUrl":"https:\/\/www.eldiariodetucuman.com\/web\/wp-content\/uploads\/2023\/05\/covid.webp","keywords":["covid","salud","Tucuman","vacuna"],"articleSection":["Actualidad"],"inLanguage":"es"},{"@type":"WebPage","@id":"https:\/\/www.eldiariodetucuman.com\/web\/aumentan-los-casos-de-covid-19-y-sigue-siendo-una-amenaza-en-tucuman\/","url":"https:\/\/www.eldiariodetucuman.com\/web\/aumentan-los-casos-de-covid-19-y-sigue-siendo-una-amenaza-en-tucuman\/","name":"Aumentan los casos de Covid-19 y sigue siendo una amenaza en Tucum\u00e1n - El Diario de Tucuman","isPartOf":{"@id":"https:\/\/www.eldiariodetucuman.com\/web\/#website"},"primaryImageOfPage":{"@id":"https:\/\/www.eldiariodetucuman.com\/web\/aumentan-los-casos-de-covid-19-y-sigue-siendo-una-amenaza-en-tucuman\/#primaryimage"},"image":{"@id":"https:\/\/www.eldiariodetucuman.com\/web\/aumentan-los-casos-de-covid-19-y-sigue-siendo-una-amenaza-en-tucuman\/#primaryimage"},"thumbnailUrl":"https:\/\/www.eldiariodetucuman.com\/web\/wp-content\/uploads\/2023\/05\/covid.webp","datePublished":"2024-01-23T14:01:04+00:00","breadcrumb":{"@id":"https:\/\/www.eldiariodetucuman.com\/web\/aumentan-los-casos-de-covid-19-y-sigue-siendo-una-amenaza-en-tucuman\/#breadcrumb"},"inLanguage":"es","potentialAction":[{"@type":"ReadAction","target":["https:\/\/www.eldiariodetucuman.com\/web\/aumentan-los-casos-de-covid-19-y-sigue-siendo-una-amenaza-en-tucuman\/"]}]},{"@type":"ImageObject","inLanguage":"es","@id":"https:\/\/www.eldiariodetucuman.com\/web\/aumentan-los-casos-de-covid-19-y-sigue-siendo-una-amenaza-en-tucuman\/#primaryimage","url":"https:\/\/www.eldiariodetucuman.com\/web\/wp-content\/uploads\/2023\/05\/covid.webp","contentUrl":"https:\/\/www.eldiariodetucuman.com\/web\/wp-content\/uploads\/2023\/05\/covid.webp","width":1200,"height":699},{"@type":"BreadcrumbList","@id":"https:\/\/www.eldiariodetucuman.com\/web\/aumentan-los-casos-de-covid-19-y-sigue-siendo-una-amenaza-en-tucuman\/#breadcrumb","itemListElement":[{"@type":"ListItem","position":1,"name":"Portada","item":"https:\/\/www.eldiariodetucuman.com\/web\/"},{"@type":"ListItem","position":2,"name":"Aumentan los casos de Covid-19 y sigue siendo una amenaza en Tucum\u00e1n"}]},{"@type":"WebSite","@id":"https:\/\/www.eldiariodetucuman.com\/web\/#website","url":"https:\/\/www.eldiariodetucuman.com\/web\/","name":"El Diario de Tucuman","description":"Diario Tucuman - Informaci\u00f3n y noticias","publisher":{"@id":"https:\/\/www.eldiariodetucuman.com\/web\/#organization"},"potentialAction":[{"@type":"SearchAction","target":{"@type":"EntryPoint","urlTemplate":"https:\/\/www.eldiariodetucuman.com\/web\/?s={search_term_string}"},"query-input":{"@type":"PropertyValueSpecification","valueRequired":true,"valueName":"search_term_string"}}],"inLanguage":"es"},{"@type":"Organization","@id":"https:\/\/www.eldiariodetucuman.com\/web\/#organization","name":"El Diario de Tucuman","url":"https:\/\/www.eldiariodetucuman.com\/web\/","logo":{"@type":"ImageObject","inLanguage":"es","@id":"https:\/\/www.eldiariodetucuman.com\/web\/#\/schema\/logo\/image\/","url":"http:\/\/www.eldiariodetucuman.com\/web\/wp-content\/uploads\/2017\/12\/el-diario-de-tucuman.jpg","contentUrl":"http:\/\/www.eldiariodetucuman.com\/web\/wp-content\/uploads\/2017\/12\/el-diario-de-tucuman.jpg","width":272,"height":92,"caption":"El Diario de Tucuman"},"image":{"@id":"https:\/\/www.eldiariodetucuman.com\/web\/#\/schema\/logo\/image\/"}},{"@type":"Person","@id":"https:\/\/www.eldiariodetucuman.com\/web\/#\/schema\/person\/7e6644a46e60888f6b868594407e08dd","name":"Redactor Uno","image":{"@type":"ImageObject","inLanguage":"es","@id":"https:\/\/secure.gravatar.com\/avatar\/0049b1bdf1bd548385c9ea6b9356431717930913089febd2ba904f0187d7d074?s=96&d=mm&r=g","url":"https:\/\/secure.gravatar.com\/avatar\/0049b1bdf1bd548385c9ea6b9356431717930913089febd2ba904f0187d7d074?s=96&d=mm&r=g","contentUrl":"https:\/\/secure.gravatar.com\/avatar\/0049b1bdf1bd548385c9ea6b9356431717930913089febd2ba904f0187d7d074?s=96&d=mm&r=g","caption":"Redactor Uno"},"url":"https:\/\/www.eldiariodetucuman.com\/web\/author\/mramasco\/"}]}},"_links":{"self":[{"href":"https:\/\/www.eldiariodetucuman.com\/web\/wp-json\/wp\/v2\/posts\/40784","targetHints":{"allow":["GET"]}}],"collection":[{"href":"https:\/\/www.eldiariodetucuman.com\/web\/wp-json\/wp\/v2\/posts"}],"about":[{"href":"https:\/\/www.eldiariodetucuman.com\/web\/wp-json\/wp\/v2\/types\/post"}],"author":[{"embeddable":true,"href":"https:\/\/www.eldiariodetucuman.com\/web\/wp-json\/wp\/v2\/users\/5"}],"replies":[{"embeddable":true,"href":"https:\/\/www.eldiariodetucuman.com\/web\/wp-json\/wp\/v2\/comments?post=40784"}],"version-history":[{"count":2,"href":"https:\/\/www.eldiariodetucuman.com\/web\/wp-json\/wp\/v2\/posts\/40784\/revisions"}],"predecessor-version":[{"id":40786,"href":"https:\/\/www.eldiariodetucuman.com\/web\/wp-json\/wp\/v2\/posts\/40784\/revisions\/40786"}],"wp:featuredmedia":[{"embeddable":true,"href":"https:\/\/www.eldiariodetucuman.com\/web\/wp-json\/wp\/v2\/media\/38839"}],"wp:attachment":[{"href":"https:\/\/www.eldiariodetucuman.com\/web\/wp-json\/wp\/v2\/media?parent=40784"}],"wp:term":[{"taxonomy":"category","embeddable":true,"href":"https:\/\/www.eldiariodetucuman.com\/web\/wp-json\/wp\/v2\/categories?post=40784"},{"taxonomy":"post_tag","embeddable":true,"href":"https:\/\/www.eldiariodetucuman.com\/web\/wp-json\/wp\/v2\/tags?post=40784"}],"curies":[{"name":"wp","href":"https:\/\/api.w.org\/{rel}","templated":true}]}}