{"id":40780,"date":"2024-01-23T10:56:35","date_gmt":"2024-01-23T13:56:35","guid":{"rendered":"https:\/\/www.eldiariodetucuman.com\/web\/?p=40780"},"modified":"2024-01-23T10:56:35","modified_gmt":"2024-01-23T13:56:35","slug":"jaldo-pidio-sanciones-ejemplares-en-la-causa-sobre-la-venta-ilegal-de-alimentos","status":"publish","type":"post","link":"https:\/\/www.eldiariodetucuman.com\/web\/jaldo-pidio-sanciones-ejemplares-en-la-causa-sobre-la-venta-ilegal-de-alimentos\/","title":{"rendered":"Jaldo pidi\u00f3 \u201csanciones ejemplares\u201d en la causa sobre la venta ilegal de alimentos"},"content":{"rendered":"<div class=\"post-header-area\">\n<p class=\"sumario\">El ministro de Seguridad se reuni\u00f3 con el Primer Mandatario provincial por esta denuncia y expres\u00f3 que buscar\u00e1n que todos los que intervinieron est\u00e9n detenidos.<\/p>\n<\/div>\n<p><!--more--><\/p>\n<div class=\"post-header-area\">\n<p class=\"sumario\">El gobernador, <strong>Osvaldo Jaldo<\/strong>, convoc\u00f3 a parte de su Gabinete a una reuni\u00f3n, en Casa de Gobierno, para conocer los avances de la investigaci\u00f3n por el caso de la venta ilegal de m\u00f3dulos alimentarios para personas en situaci\u00f3n de vulnerabilidad.<\/p>\n<p class=\"sumario\">Del encuentro participaron el ministro de Gobierno y Justicia, <strong>Regino Amado;<\/strong>\u00a0el ministro de Seguridad,\u00a0<strong>Eugenio Ag\u00fcero Gamboa<\/strong>; la ministra de Educaci\u00f3n,\u00a0<strong>Susana Montaldo<\/strong>; el ministro de Desarrollo Social,\u00a0<strong>Federico Masso<\/strong>; el ministro de Salud P\u00fablica,\u00a0<strong>Luis Medina Ru\u00edz<\/strong>; el secretario general de la Gobernaci\u00f3n,<strong>\u00a0Federico Nazur<\/strong>; y el jefe de Polic\u00eda,<strong>\u00a0Joaqu\u00edn Girvau Olleta.<\/strong><\/p>\n<p class=\"sumario\">Ag\u00fcero Gamboa, al t\u00e9rmino de la reuni\u00f3n, remarc\u00f3 \u201clas instrucciones precisas que dio el Gobernador de que se contin\u00fae con la investigaci\u00f3n, que est\u00e1 tramitando hoy la justicia, en todas las l\u00edneas investigativas, hasta que todas las personas que han intervenido est\u00e9n detenidas\u201d.<\/p>\n<p class=\"sumario\"><strong>En esa l\u00ednea, el ministro precis\u00f3 que a la fecha \u201chay cinco personas detenidas\u201d y \u201csiete personas que est\u00e1n en el proceso\u201d. Y asegur\u00f3 que \u201cla Polic\u00eda de Tucum\u00e1n va a seguir trabajando fuertemente en conseguir otras l\u00edneas investigativas para aportarlas al fiscal y trabajar\u00e1 en todas aquellas que el fiscal considere\u201d.\u00a0<\/strong><\/p>\n<\/div>\n<div class=\"post-content-area\">\n<p>Con respecto a quienes compran este tipo de mercader\u00eda, el funcionario remarc\u00f3: \u201cla gente tiene que saber que es un delito comprarla porque no son alimentos destinados a la venta, sino que es mercader\u00eda que compra el Gobierno de la Provincia para ser entregada a aquellos que m\u00e1s la necesitan, por lo cual est\u00e1n cometiendo un delito\u201d.<\/p>\n<p><strong>\u201cPor instancia del gobernador, Osvaldo Jaldo, se est\u00e1 persiguiendo este delito porque esto no puede y no debe pasar; vamos a llegar hasta las \u00faltimas consecuencias para que haya una sanci\u00f3n ejemplar\u201d, concluy\u00f3 Ag\u00fcero Gamboa.<\/strong><\/p>\n<p><strong>Fuente:<\/strong> <a href=\"https:\/\/www.comunicaciontucuman.gob.ar\/noticia\/gobernacion\/224920\/venta-ilegal-alimentos-jaldo-pidio-haya-sanciones-ejemplares\">https:\/\/www.comunicaciontucuman.gob.ar\/noticia\/gobernacion\/224920\/venta-ilegal-alimentos-jaldo-pidio-haya-sanciones-ejemplares<\/a><\/p>\n<\/div>\n","protected":false},"excerpt":{"rendered":"<p>El ministro de Seguridad se reuni\u00f3 con el Primer Mandatario provincial por esta denuncia y expres\u00f3 que buscar\u00e1n que todos los que intervinieron est\u00e9n detenidos.<\/p>\n","protected":false},"author":5,"featured_media":40781,"comment_status":"closed","ping_status":"open","sticky":false,"template":"","format":"standard","meta":{"footnotes":""},"categories":[3,1],"tags":[1134,1098,217,5053],"class_list":{"0":"post-40780","1":"post","2":"type-post","3":"status-publish","4":"format-standard","5":"has-post-thumbnail","7":"category-politica","8":"category-portada","9":"tag-desarrollo-social","10":"tag-ministerio","11":"tag-osvaldo-jaldo","12":"tag-venta-ilegal"},"yoast_head":"<!-- This site is optimized with the Yoast SEO plugin v27.4 - https:\/\/yoast.com\/product\/yoast-seo-wordpress\/ -->\n<title>Jaldo pidi\u00f3 \u201csanciones ejemplares\u201d en la causa sobre la venta ilegal de alimentos - El Diario de Tucuman<\/title>\n<meta name=\"robots\" content=\"index, follow, max-snippet:-1, max-image-preview:large, max-video-preview:-1\" \/>\n<link rel=\"canonical\" href=\"https:\/\/www.eldiariodetucuman.com\/web\/jaldo-pidio-sanciones-ejemplares-en-la-causa-sobre-la-venta-ilegal-de-alimentos\/\" \/>\n<meta property=\"og:locale\" content=\"es_ES\" \/>\n<meta property=\"og:type\" content=\"article\" \/>\n<meta property=\"og:title\" content=\"Jaldo pidi\u00f3 \u201csanciones ejemplares\u201d en la causa sobre la venta ilegal de alimentos - El Diario de Tucuman\" \/>\n<meta property=\"og:description\" content=\"El ministro de Seguridad se reuni\u00f3 con el Primer Mandatario provincial por esta denuncia y expres\u00f3 que buscar\u00e1n que todos los que intervinieron est\u00e9n detenidos.\" \/>\n<meta property=\"og:url\" content=\"https:\/\/www.eldiariodetucuman.com\/web\/jaldo-pidio-sanciones-ejemplares-en-la-causa-sobre-la-venta-ilegal-de-alimentos\/\" \/>\n<meta property=\"og:site_name\" content=\"El Diario de Tucuman\" \/>\n<meta property=\"article:published_time\" content=\"2024-01-23T13:56:35+00:00\" \/>\n<meta property=\"og:image\" content=\"https:\/\/www.eldiariodetucuman.com\/web\/wp-content\/uploads\/2024\/01\/WhatsApp-Image-2024-01-23-at-10.34.13.jpeg\" \/>\n\t<meta property=\"og:image:width\" content=\"1599\" \/>\n\t<meta property=\"og:image:height\" content=\"1066\" \/>\n\t<meta property=\"og:image:type\" content=\"image\/jpeg\" \/>\n<meta name=\"author\" content=\"Redactor Uno\" \/>\n<meta name=\"twitter:card\" content=\"summary_large_image\" \/>\n<meta name=\"twitter:label1\" content=\"Escrito por\" \/>\n\t<meta name=\"twitter:data1\" content=\"Redactor Uno\" \/>\n\t<meta name=\"twitter:label2\" content=\"Tiempo de lectura\" \/>\n\t<meta name=\"twitter:data2\" content=\"2 minutos\" \/>\n<script type=\"application\/ld+json\" class=\"yoast-schema-graph\">{\"@context\":\"https:\\\/\\\/schema.org\",\"@graph\":[{\"@type\":\"Article\",\"@id\":\"https:\\\/\\\/www.eldiariodetucuman.com\\\/web\\\/jaldo-pidio-sanciones-ejemplares-en-la-causa-sobre-la-venta-ilegal-de-alimentos\\\/#article\",\"isPartOf\":{\"@id\":\"https:\\\/\\\/www.eldiariodetucuman.com\\\/web\\\/jaldo-pidio-sanciones-ejemplares-en-la-causa-sobre-la-venta-ilegal-de-alimentos\\\/\"},\"author\":{\"name\":\"Redactor Uno\",\"@id\":\"https:\\\/\\\/www.eldiariodetucuman.com\\\/web\\\/#\\\/schema\\\/person\\\/7e6644a46e60888f6b868594407e08dd\"},\"headline\":\"Jaldo pidi\u00f3 \u201csanciones ejemplares\u201d en la causa sobre la venta ilegal de alimentos\",\"datePublished\":\"2024-01-23T13:56:35+00:00\",\"mainEntityOfPage\":{\"@id\":\"https:\\\/\\\/www.eldiariodetucuman.com\\\/web\\\/jaldo-pidio-sanciones-ejemplares-en-la-causa-sobre-la-venta-ilegal-de-alimentos\\\/\"},\"wordCount\":360,\"publisher\":{\"@id\":\"https:\\\/\\\/www.eldiariodetucuman.com\\\/web\\\/#organization\"},\"image\":{\"@id\":\"https:\\\/\\\/www.eldiariodetucuman.com\\\/web\\\/jaldo-pidio-sanciones-ejemplares-en-la-causa-sobre-la-venta-ilegal-de-alimentos\\\/#primaryimage\"},\"thumbnailUrl\":\"https:\\\/\\\/www.eldiariodetucuman.com\\\/web\\\/wp-content\\\/uploads\\\/2024\\\/01\\\/WhatsApp-Image-2024-01-23-at-10.34.13.jpeg\",\"keywords\":[\"desarrollo social\",\"ministerio\",\"Osvaldo Jaldo\",\"venta ilegal\"],\"articleSection\":[\"Politica\",\"Portada\"],\"inLanguage\":\"es\"},{\"@type\":\"WebPage\",\"@id\":\"https:\\\/\\\/www.eldiariodetucuman.com\\\/web\\\/jaldo-pidio-sanciones-ejemplares-en-la-causa-sobre-la-venta-ilegal-de-alimentos\\\/\",\"url\":\"https:\\\/\\\/www.eldiariodetucuman.com\\\/web\\\/jaldo-pidio-sanciones-ejemplares-en-la-causa-sobre-la-venta-ilegal-de-alimentos\\\/\",\"name\":\"Jaldo pidi\u00f3 \u201csanciones ejemplares\u201d en la causa sobre la venta ilegal de alimentos - El Diario de Tucuman\",\"isPartOf\":{\"@id\":\"https:\\\/\\\/www.eldiariodetucuman.com\\\/web\\\/#website\"},\"primaryImageOfPage\":{\"@id\":\"https:\\\/\\\/www.eldiariodetucuman.com\\\/web\\\/jaldo-pidio-sanciones-ejemplares-en-la-causa-sobre-la-venta-ilegal-de-alimentos\\\/#primaryimage\"},\"image\":{\"@id\":\"https:\\\/\\\/www.eldiariodetucuman.com\\\/web\\\/jaldo-pidio-sanciones-ejemplares-en-la-causa-sobre-la-venta-ilegal-de-alimentos\\\/#primaryimage\"},\"thumbnailUrl\":\"https:\\\/\\\/www.eldiariodetucuman.com\\\/web\\\/wp-content\\\/uploads\\\/2024\\\/01\\\/WhatsApp-Image-2024-01-23-at-10.34.13.jpeg\",\"datePublished\":\"2024-01-23T13:56:35+00:00\",\"breadcrumb\":{\"@id\":\"https:\\\/\\\/www.eldiariodetucuman.com\\\/web\\\/jaldo-pidio-sanciones-ejemplares-en-la-causa-sobre-la-venta-ilegal-de-alimentos\\\/#breadcrumb\"},\"inLanguage\":\"es\",\"potentialAction\":[{\"@type\":\"ReadAction\",\"target\":[\"https:\\\/\\\/www.eldiariodetucuman.com\\\/web\\\/jaldo-pidio-sanciones-ejemplares-en-la-causa-sobre-la-venta-ilegal-de-alimentos\\\/\"]}]},{\"@type\":\"ImageObject\",\"inLanguage\":\"es\",\"@id\":\"https:\\\/\\\/www.eldiariodetucuman.com\\\/web\\\/jaldo-pidio-sanciones-ejemplares-en-la-causa-sobre-la-venta-ilegal-de-alimentos\\\/#primaryimage\",\"url\":\"https:\\\/\\\/www.eldiariodetucuman.com\\\/web\\\/wp-content\\\/uploads\\\/2024\\\/01\\\/WhatsApp-Image-2024-01-23-at-10.34.13.jpeg\",\"contentUrl\":\"https:\\\/\\\/www.eldiariodetucuman.com\\\/web\\\/wp-content\\\/uploads\\\/2024\\\/01\\\/WhatsApp-Image-2024-01-23-at-10.34.13.jpeg\",\"width\":1599,\"height\":1066},{\"@type\":\"BreadcrumbList\",\"@id\":\"https:\\\/\\\/www.eldiariodetucuman.com\\\/web\\\/jaldo-pidio-sanciones-ejemplares-en-la-causa-sobre-la-venta-ilegal-de-alimentos\\\/#breadcrumb\",\"itemListElement\":[{\"@type\":\"ListItem\",\"position\":1,\"name\":\"Portada\",\"item\":\"https:\\\/\\\/www.eldiariodetucuman.com\\\/web\\\/\"},{\"@type\":\"ListItem\",\"position\":2,\"name\":\"Jaldo pidi\u00f3 \u201csanciones ejemplares\u201d en la causa sobre la venta ilegal de alimentos\"}]},{\"@type\":\"WebSite\",\"@id\":\"https:\\\/\\\/www.eldiariodetucuman.com\\\/web\\\/#website\",\"url\":\"https:\\\/\\\/www.eldiariodetucuman.com\\\/web\\\/\",\"name\":\"El Diario de Tucuman\",\"description\":\"Diario Tucuman - Informaci\u00f3n y noticias\",\"publisher\":{\"@id\":\"https:\\\/\\\/www.eldiariodetucuman.com\\\/web\\\/#organization\"},\"potentialAction\":[{\"@type\":\"SearchAction\",\"target\":{\"@type\":\"EntryPoint\",\"urlTemplate\":\"https:\\\/\\\/www.eldiariodetucuman.com\\\/web\\\/?s={search_term_string}\"},\"query-input\":{\"@type\":\"PropertyValueSpecification\",\"valueRequired\":true,\"valueName\":\"search_term_string\"}}],\"inLanguage\":\"es\"},{\"@type\":\"Organization\",\"@id\":\"https:\\\/\\\/www.eldiariodetucuman.com\\\/web\\\/#organization\",\"name\":\"El Diario de Tucuman\",\"url\":\"https:\\\/\\\/www.eldiariodetucuman.com\\\/web\\\/\",\"logo\":{\"@type\":\"ImageObject\",\"inLanguage\":\"es\",\"@id\":\"https:\\\/\\\/www.eldiariodetucuman.com\\\/web\\\/#\\\/schema\\\/logo\\\/image\\\/\",\"url\":\"http:\\\/\\\/www.eldiariodetucuman.com\\\/web\\\/wp-content\\\/uploads\\\/2017\\\/12\\\/el-diario-de-tucuman.jpg\",\"contentUrl\":\"http:\\\/\\\/www.eldiariodetucuman.com\\\/web\\\/wp-content\\\/uploads\\\/2017\\\/12\\\/el-diario-de-tucuman.jpg\",\"width\":272,\"height\":92,\"caption\":\"El Diario de Tucuman\"},\"image\":{\"@id\":\"https:\\\/\\\/www.eldiariodetucuman.com\\\/web\\\/#\\\/schema\\\/logo\\\/image\\\/\"}},{\"@type\":\"Person\",\"@id\":\"https:\\\/\\\/www.eldiariodetucuman.com\\\/web\\\/#\\\/schema\\\/person\\\/7e6644a46e60888f6b868594407e08dd\",\"name\":\"Redactor Uno\",\"image\":{\"@type\":\"ImageObject\",\"inLanguage\":\"es\",\"@id\":\"https:\\\/\\\/secure.gravatar.com\\\/avatar\\\/0049b1bdf1bd548385c9ea6b9356431717930913089febd2ba904f0187d7d074?s=96&d=mm&r=g\",\"url\":\"https:\\\/\\\/secure.gravatar.com\\\/avatar\\\/0049b1bdf1bd548385c9ea6b9356431717930913089febd2ba904f0187d7d074?s=96&d=mm&r=g\",\"contentUrl\":\"https:\\\/\\\/secure.gravatar.com\\\/avatar\\\/0049b1bdf1bd548385c9ea6b9356431717930913089febd2ba904f0187d7d074?s=96&d=mm&r=g\",\"caption\":\"Redactor Uno\"},\"url\":\"https:\\\/\\\/www.eldiariodetucuman.com\\\/web\\\/author\\\/mramasco\\\/\"}]}<\/script>\n<!-- \/ Yoast SEO plugin. -->","yoast_head_json":{"title":"Jaldo pidi\u00f3 \u201csanciones ejemplares\u201d en la causa sobre la venta ilegal de alimentos - El Diario de Tucuman","robots":{"index":"index","follow":"follow","max-snippet":"max-snippet:-1","max-image-preview":"max-image-preview:large","max-video-preview":"max-video-preview:-1"},"canonical":"https:\/\/www.eldiariodetucuman.com\/web\/jaldo-pidio-sanciones-ejemplares-en-la-causa-sobre-la-venta-ilegal-de-alimentos\/","og_locale":"es_ES","og_type":"article","og_title":"Jaldo pidi\u00f3 \u201csanciones ejemplares\u201d en la causa sobre la venta ilegal de alimentos - El Diario de Tucuman","og_description":"El ministro de Seguridad se reuni\u00f3 con el Primer Mandatario provincial por esta denuncia y expres\u00f3 que buscar\u00e1n que todos los que intervinieron est\u00e9n detenidos.","og_url":"https:\/\/www.eldiariodetucuman.com\/web\/jaldo-pidio-sanciones-ejemplares-en-la-causa-sobre-la-venta-ilegal-de-alimentos\/","og_site_name":"El Diario de Tucuman","article_published_time":"2024-01-23T13:56:35+00:00","og_image":[{"width":1599,"height":1066,"url":"https:\/\/www.eldiariodetucuman.com\/web\/wp-content\/uploads\/2024\/01\/WhatsApp-Image-2024-01-23-at-10.34.13.jpeg","type":"image\/jpeg"}],"author":"Redactor Uno","twitter_card":"summary_large_image","twitter_misc":{"Escrito por":"Redactor Uno","Tiempo de lectura":"2 minutos"},"schema":{"@context":"https:\/\/schema.org","@graph":[{"@type":"Article","@id":"https:\/\/www.eldiariodetucuman.com\/web\/jaldo-pidio-sanciones-ejemplares-en-la-causa-sobre-la-venta-ilegal-de-alimentos\/#article","isPartOf":{"@id":"https:\/\/www.eldiariodetucuman.com\/web\/jaldo-pidio-sanciones-ejemplares-en-la-causa-sobre-la-venta-ilegal-de-alimentos\/"},"author":{"name":"Redactor Uno","@id":"https:\/\/www.eldiariodetucuman.com\/web\/#\/schema\/person\/7e6644a46e60888f6b868594407e08dd"},"headline":"Jaldo pidi\u00f3 \u201csanciones ejemplares\u201d en la causa sobre la venta ilegal de alimentos","datePublished":"2024-01-23T13:56:35+00:00","mainEntityOfPage":{"@id":"https:\/\/www.eldiariodetucuman.com\/web\/jaldo-pidio-sanciones-ejemplares-en-la-causa-sobre-la-venta-ilegal-de-alimentos\/"},"wordCount":360,"publisher":{"@id":"https:\/\/www.eldiariodetucuman.com\/web\/#organization"},"image":{"@id":"https:\/\/www.eldiariodetucuman.com\/web\/jaldo-pidio-sanciones-ejemplares-en-la-causa-sobre-la-venta-ilegal-de-alimentos\/#primaryimage"},"thumbnailUrl":"https:\/\/www.eldiariodetucuman.com\/web\/wp-content\/uploads\/2024\/01\/WhatsApp-Image-2024-01-23-at-10.34.13.jpeg","keywords":["desarrollo social","ministerio","Osvaldo Jaldo","venta ilegal"],"articleSection":["Politica","Portada"],"inLanguage":"es"},{"@type":"WebPage","@id":"https:\/\/www.eldiariodetucuman.com\/web\/jaldo-pidio-sanciones-ejemplares-en-la-causa-sobre-la-venta-ilegal-de-alimentos\/","url":"https:\/\/www.eldiariodetucuman.com\/web\/jaldo-pidio-sanciones-ejemplares-en-la-causa-sobre-la-venta-ilegal-de-alimentos\/","name":"Jaldo pidi\u00f3 \u201csanciones ejemplares\u201d en la causa sobre la venta ilegal de alimentos - El Diario de Tucuman","isPartOf":{"@id":"https:\/\/www.eldiariodetucuman.com\/web\/#website"},"primaryImageOfPage":{"@id":"https:\/\/www.eldiariodetucuman.com\/web\/jaldo-pidio-sanciones-ejemplares-en-la-causa-sobre-la-venta-ilegal-de-alimentos\/#primaryimage"},"image":{"@id":"https:\/\/www.eldiariodetucuman.com\/web\/jaldo-pidio-sanciones-ejemplares-en-la-causa-sobre-la-venta-ilegal-de-alimentos\/#primaryimage"},"thumbnailUrl":"https:\/\/www.eldiariodetucuman.com\/web\/wp-content\/uploads\/2024\/01\/WhatsApp-Image-2024-01-23-at-10.34.13.jpeg","datePublished":"2024-01-23T13:56:35+00:00","breadcrumb":{"@id":"https:\/\/www.eldiariodetucuman.com\/web\/jaldo-pidio-sanciones-ejemplares-en-la-causa-sobre-la-venta-ilegal-de-alimentos\/#breadcrumb"},"inLanguage":"es","potentialAction":[{"@type":"ReadAction","target":["https:\/\/www.eldiariodetucuman.com\/web\/jaldo-pidio-sanciones-ejemplares-en-la-causa-sobre-la-venta-ilegal-de-alimentos\/"]}]},{"@type":"ImageObject","inLanguage":"es","@id":"https:\/\/www.eldiariodetucuman.com\/web\/jaldo-pidio-sanciones-ejemplares-en-la-causa-sobre-la-venta-ilegal-de-alimentos\/#primaryimage","url":"https:\/\/www.eldiariodetucuman.com\/web\/wp-content\/uploads\/2024\/01\/WhatsApp-Image-2024-01-23-at-10.34.13.jpeg","contentUrl":"https:\/\/www.eldiariodetucuman.com\/web\/wp-content\/uploads\/2024\/01\/WhatsApp-Image-2024-01-23-at-10.34.13.jpeg","width":1599,"height":1066},{"@type":"BreadcrumbList","@id":"https:\/\/www.eldiariodetucuman.com\/web\/jaldo-pidio-sanciones-ejemplares-en-la-causa-sobre-la-venta-ilegal-de-alimentos\/#breadcrumb","itemListElement":[{"@type":"ListItem","position":1,"name":"Portada","item":"https:\/\/www.eldiariodetucuman.com\/web\/"},{"@type":"ListItem","position":2,"name":"Jaldo pidi\u00f3 \u201csanciones ejemplares\u201d en la causa sobre la venta ilegal de alimentos"}]},{"@type":"WebSite","@id":"https:\/\/www.eldiariodetucuman.com\/web\/#website","url":"https:\/\/www.eldiariodetucuman.com\/web\/","name":"El Diario de Tucuman","description":"Diario Tucuman - Informaci\u00f3n y noticias","publisher":{"@id":"https:\/\/www.eldiariodetucuman.com\/web\/#organization"},"potentialAction":[{"@type":"SearchAction","target":{"@type":"EntryPoint","urlTemplate":"https:\/\/www.eldiariodetucuman.com\/web\/?s={search_term_string}"},"query-input":{"@type":"PropertyValueSpecification","valueRequired":true,"valueName":"search_term_string"}}],"inLanguage":"es"},{"@type":"Organization","@id":"https:\/\/www.eldiariodetucuman.com\/web\/#organization","name":"El Diario de Tucuman","url":"https:\/\/www.eldiariodetucuman.com\/web\/","logo":{"@type":"ImageObject","inLanguage":"es","@id":"https:\/\/www.eldiariodetucuman.com\/web\/#\/schema\/logo\/image\/","url":"http:\/\/www.eldiariodetucuman.com\/web\/wp-content\/uploads\/2017\/12\/el-diario-de-tucuman.jpg","contentUrl":"http:\/\/www.eldiariodetucuman.com\/web\/wp-content\/uploads\/2017\/12\/el-diario-de-tucuman.jpg","width":272,"height":92,"caption":"El Diario de Tucuman"},"image":{"@id":"https:\/\/www.eldiariodetucuman.com\/web\/#\/schema\/logo\/image\/"}},{"@type":"Person","@id":"https:\/\/www.eldiariodetucuman.com\/web\/#\/schema\/person\/7e6644a46e60888f6b868594407e08dd","name":"Redactor Uno","image":{"@type":"ImageObject","inLanguage":"es","@id":"https:\/\/secure.gravatar.com\/avatar\/0049b1bdf1bd548385c9ea6b9356431717930913089febd2ba904f0187d7d074?s=96&d=mm&r=g","url":"https:\/\/secure.gravatar.com\/avatar\/0049b1bdf1bd548385c9ea6b9356431717930913089febd2ba904f0187d7d074?s=96&d=mm&r=g","contentUrl":"https:\/\/secure.gravatar.com\/avatar\/0049b1bdf1bd548385c9ea6b9356431717930913089febd2ba904f0187d7d074?s=96&d=mm&r=g","caption":"Redactor Uno"},"url":"https:\/\/www.eldiariodetucuman.com\/web\/author\/mramasco\/"}]}},"_links":{"self":[{"href":"https:\/\/www.eldiariodetucuman.com\/web\/wp-json\/wp\/v2\/posts\/40780","targetHints":{"allow":["GET"]}}],"collection":[{"href":"https:\/\/www.eldiariodetucuman.com\/web\/wp-json\/wp\/v2\/posts"}],"about":[{"href":"https:\/\/www.eldiariodetucuman.com\/web\/wp-json\/wp\/v2\/types\/post"}],"author":[{"embeddable":true,"href":"https:\/\/www.eldiariodetucuman.com\/web\/wp-json\/wp\/v2\/users\/5"}],"replies":[{"embeddable":true,"href":"https:\/\/www.eldiariodetucuman.com\/web\/wp-json\/wp\/v2\/comments?post=40780"}],"version-history":[{"count":2,"href":"https:\/\/www.eldiariodetucuman.com\/web\/wp-json\/wp\/v2\/posts\/40780\/revisions"}],"predecessor-version":[{"id":40783,"href":"https:\/\/www.eldiariodetucuman.com\/web\/wp-json\/wp\/v2\/posts\/40780\/revisions\/40783"}],"wp:featuredmedia":[{"embeddable":true,"href":"https:\/\/www.eldiariodetucuman.com\/web\/wp-json\/wp\/v2\/media\/40781"}],"wp:attachment":[{"href":"https:\/\/www.eldiariodetucuman.com\/web\/wp-json\/wp\/v2\/media?parent=40780"}],"wp:term":[{"taxonomy":"category","embeddable":true,"href":"https:\/\/www.eldiariodetucuman.com\/web\/wp-json\/wp\/v2\/categories?post=40780"},{"taxonomy":"post_tag","embeddable":true,"href":"https:\/\/www.eldiariodetucuman.com\/web\/wp-json\/wp\/v2\/tags?post=40780"}],"curies":[{"name":"wp","href":"https:\/\/api.w.org\/{rel}","templated":true}]}}