{"id":40776,"date":"2024-01-22T14:15:37","date_gmt":"2024-01-22T17:15:37","guid":{"rendered":"https:\/\/www.eldiariodetucuman.com\/web\/?p=40776"},"modified":"2024-01-22T14:15:37","modified_gmt":"2024-01-22T17:15:37","slug":"declaran-al-2024-como-el-ano-de-la-defensa-de-la-vida-la-libertad-y-la-propiedad","status":"publish","type":"post","link":"https:\/\/www.eldiariodetucuman.com\/web\/declaran-al-2024-como-el-ano-de-la-defensa-de-la-vida-la-libertad-y-la-propiedad\/","title":{"rendered":"Declaran al 2024 como el \u201ca\u00f1o de la defensa de la vida, la libertad y la propiedad\u201d"},"content":{"rendered":"<div class=\"l-shared-sec-outer show-mobile\">\n<div class=\"l-shared-sec\"><\/div>\n<\/div>\n<div class=\"e-ct-outer\">\n<div class=\"entry-content rbct clearfix is-highlight-shares\">\n<div class=\"wrapper\">\n<div class=\"tts_button\">A trav\u00e9s del Decreto 55\/2024 publicado en el Bolet\u00edn Oficial, el <strong>Gobierno Nacional declar\u00f3 al 2024 como el \u201ca\u00f1o de la defensa de la vida, la libertad y la propiedad\u201d<\/strong>, estableciendo que toda la documentaci\u00f3n oficial de la administraci\u00f3n p\u00fablica nacional, centralizada y descentralizada, deber\u00e1 llevar esta leyenda, al igual que los Entes aut\u00e1rquicos dependientes.<\/div>\n<\/div>\n<\/div>\n<\/div>\n<p><!--more--><\/p>\n<div class=\"e-ct-outer\">\n<div class=\"entry-content rbct clearfix is-highlight-shares\">\n<p>El decreto lleva las firmas del Presidente, Javier Milei, y el jefe de Gabinete, Nicol\u00e1s Posse, y argumenta que \u201cexiste un fuerte compromiso del Gobierno Nacional en defensa de la vida, la libertad y la propiedad, retomando el camino que hizo grande a nuestro pa\u00eds\u201d.<\/p>\n<p>\u00abE indica que por la impronta que representa para el pueblo argentino afianzar las ideas de la libertad, es que el Gobierno nacional impulsa declarar al a\u00f1o 2024 como el \u201cA\u00f1o de la Defensa de la Vida, la Libertad y la Propiedad\u201d.<\/p>\n<p>El decreto plantea adem\u00e1s \u201cque la Rep\u00fablica Argentina ampara el derecho a la vida toda vez que es un derecho inherente a la persona humana, que el objeto de la Democracia Liberal y la Econom\u00eda de Mercado es consolidar la estabilidad econ\u00f3mica, garantizar el derecho a la vida, a la libertad y a la propiedad de los argentinos\u201d.<\/p>\n<p>Mientras que a\u00f1ade \u201cque la Constituci\u00f3n Nacional establece desde su Pre\u00e1mbulo el deber del Estado de asegurar los beneficios de la libertad para todos los habitantes de la Naci\u00f3n, afianzando la justicia y consolidando la paz interior\u201d.<\/p>\n<p><strong>Fuente:<\/strong> <a href=\"https:\/\/tucumanalas7.com.ar\/nacional\/el-gobierno-declaro-al-2024-como-el-ano-de-la-defensa-de-la-vida-la-libertad-y-la-propiedad\/\">https:\/\/tucumanalas7.com.ar\/nacional\/el-gobierno-declaro-al-2024-como-el-ano-de-la-defensa-de-la-vida-la-libertad-y-la-propiedad\/<\/a><\/p>\n<\/div>\n<\/div>\n","protected":false},"excerpt":{"rendered":"<p>A trav\u00e9s del Decreto 55\/2024 publicado en el Bolet\u00edn Oficial, el Gobierno Nacional declar\u00f3 al 2024 como el \u201ca\u00f1o de la defensa de la vida, la libertad y la propiedad\u201d, estableciendo que toda la documentaci\u00f3n oficial de la administraci\u00f3n p\u00fablica nacional, centralizada y descentralizada, deber\u00e1 llevar esta leyenda, al igual que los Entes aut\u00e1rquicos dependientes.<\/p>\n","protected":false},"author":5,"featured_media":40777,"comment_status":"closed","ping_status":"open","sticky":false,"template":"","format":"standard","meta":{"footnotes":""},"categories":[2],"tags":[5050,5051,5052,4804],"class_list":{"0":"post-40776","1":"post","2":"type-post","3":"status-publish","4":"format-standard","5":"has-post-thumbnail","7":"category-actualidad","8":"tag-5050","9":"tag-ano","10":"tag-declaracion","11":"tag-javier-milei"},"yoast_head":"<!-- This site is optimized with the Yoast SEO plugin v27.4 - https:\/\/yoast.com\/product\/yoast-seo-wordpress\/ -->\n<title>Declaran al 2024 como el \u201ca\u00f1o de la defensa de la vida, la libertad y la propiedad\u201d - El Diario de Tucuman<\/title>\n<meta name=\"robots\" content=\"index, follow, max-snippet:-1, max-image-preview:large, max-video-preview:-1\" \/>\n<link rel=\"canonical\" href=\"https:\/\/www.eldiariodetucuman.com\/web\/declaran-al-2024-como-el-ano-de-la-defensa-de-la-vida-la-libertad-y-la-propiedad\/\" \/>\n<meta property=\"og:locale\" content=\"es_ES\" \/>\n<meta property=\"og:type\" content=\"article\" \/>\n<meta property=\"og:title\" content=\"Declaran al 2024 como el \u201ca\u00f1o de la defensa de la vida, la libertad y la propiedad\u201d - El Diario de Tucuman\" \/>\n<meta property=\"og:description\" content=\"A trav\u00e9s del Decreto 55\/2024 publicado en el Bolet\u00edn Oficial, el Gobierno Nacional declar\u00f3 al 2024 como el \u201ca\u00f1o de la defensa de la vida, la libertad y la propiedad\u201d, estableciendo que toda la documentaci\u00f3n oficial de la administraci\u00f3n p\u00fablica nacional, centralizada y descentralizada, deber\u00e1 llevar esta leyenda, al igual que los Entes aut\u00e1rquicos dependientes.\" \/>\n<meta property=\"og:url\" content=\"https:\/\/www.eldiariodetucuman.com\/web\/declaran-al-2024-como-el-ano-de-la-defensa-de-la-vida-la-libertad-y-la-propiedad\/\" \/>\n<meta property=\"og:site_name\" content=\"El Diario de Tucuman\" \/>\n<meta property=\"article:published_time\" content=\"2024-01-22T17:15:37+00:00\" \/>\n<meta property=\"og:image\" content=\"https:\/\/www.eldiariodetucuman.com\/web\/wp-content\/uploads\/2024\/01\/2024.jpg\" \/>\n\t<meta property=\"og:image:width\" content=\"888\" \/>\n\t<meta property=\"og:image:height\" content=\"500\" \/>\n\t<meta property=\"og:image:type\" content=\"image\/jpeg\" \/>\n<meta name=\"author\" content=\"Redactor Uno\" \/>\n<meta name=\"twitter:card\" content=\"summary_large_image\" \/>\n<meta name=\"twitter:label1\" content=\"Escrito por\" \/>\n\t<meta name=\"twitter:data1\" content=\"Redactor Uno\" \/>\n\t<meta name=\"twitter:label2\" content=\"Tiempo de lectura\" \/>\n\t<meta name=\"twitter:data2\" content=\"2 minutos\" \/>\n<script type=\"application\/ld+json\" class=\"yoast-schema-graph\">{\"@context\":\"https:\\\/\\\/schema.org\",\"@graph\":[{\"@type\":\"Article\",\"@id\":\"https:\\\/\\\/www.eldiariodetucuman.com\\\/web\\\/declaran-al-2024-como-el-ano-de-la-defensa-de-la-vida-la-libertad-y-la-propiedad\\\/#article\",\"isPartOf\":{\"@id\":\"https:\\\/\\\/www.eldiariodetucuman.com\\\/web\\\/declaran-al-2024-como-el-ano-de-la-defensa-de-la-vida-la-libertad-y-la-propiedad\\\/\"},\"author\":{\"name\":\"Redactor Uno\",\"@id\":\"https:\\\/\\\/www.eldiariodetucuman.com\\\/web\\\/#\\\/schema\\\/person\\\/7e6644a46e60888f6b868594407e08dd\"},\"headline\":\"Declaran al 2024 como el \u201ca\u00f1o de la defensa de la vida, la libertad y la propiedad\u201d\",\"datePublished\":\"2024-01-22T17:15:37+00:00\",\"mainEntityOfPage\":{\"@id\":\"https:\\\/\\\/www.eldiariodetucuman.com\\\/web\\\/declaran-al-2024-como-el-ano-de-la-defensa-de-la-vida-la-libertad-y-la-propiedad\\\/\"},\"wordCount\":278,\"publisher\":{\"@id\":\"https:\\\/\\\/www.eldiariodetucuman.com\\\/web\\\/#organization\"},\"image\":{\"@id\":\"https:\\\/\\\/www.eldiariodetucuman.com\\\/web\\\/declaran-al-2024-como-el-ano-de-la-defensa-de-la-vida-la-libertad-y-la-propiedad\\\/#primaryimage\"},\"thumbnailUrl\":\"https:\\\/\\\/www.eldiariodetucuman.com\\\/web\\\/wp-content\\\/uploads\\\/2024\\\/01\\\/2024.jpg\",\"keywords\":[\"2024\",\"a\u00f1o\",\"declaraci\u00f3n\",\"Javier Milei\"],\"articleSection\":[\"Actualidad\"],\"inLanguage\":\"es\"},{\"@type\":\"WebPage\",\"@id\":\"https:\\\/\\\/www.eldiariodetucuman.com\\\/web\\\/declaran-al-2024-como-el-ano-de-la-defensa-de-la-vida-la-libertad-y-la-propiedad\\\/\",\"url\":\"https:\\\/\\\/www.eldiariodetucuman.com\\\/web\\\/declaran-al-2024-como-el-ano-de-la-defensa-de-la-vida-la-libertad-y-la-propiedad\\\/\",\"name\":\"Declaran al 2024 como el \u201ca\u00f1o de la defensa de la vida, la libertad y la propiedad\u201d - El Diario de Tucuman\",\"isPartOf\":{\"@id\":\"https:\\\/\\\/www.eldiariodetucuman.com\\\/web\\\/#website\"},\"primaryImageOfPage\":{\"@id\":\"https:\\\/\\\/www.eldiariodetucuman.com\\\/web\\\/declaran-al-2024-como-el-ano-de-la-defensa-de-la-vida-la-libertad-y-la-propiedad\\\/#primaryimage\"},\"image\":{\"@id\":\"https:\\\/\\\/www.eldiariodetucuman.com\\\/web\\\/declaran-al-2024-como-el-ano-de-la-defensa-de-la-vida-la-libertad-y-la-propiedad\\\/#primaryimage\"},\"thumbnailUrl\":\"https:\\\/\\\/www.eldiariodetucuman.com\\\/web\\\/wp-content\\\/uploads\\\/2024\\\/01\\\/2024.jpg\",\"datePublished\":\"2024-01-22T17:15:37+00:00\",\"breadcrumb\":{\"@id\":\"https:\\\/\\\/www.eldiariodetucuman.com\\\/web\\\/declaran-al-2024-como-el-ano-de-la-defensa-de-la-vida-la-libertad-y-la-propiedad\\\/#breadcrumb\"},\"inLanguage\":\"es\",\"potentialAction\":[{\"@type\":\"ReadAction\",\"target\":[\"https:\\\/\\\/www.eldiariodetucuman.com\\\/web\\\/declaran-al-2024-como-el-ano-de-la-defensa-de-la-vida-la-libertad-y-la-propiedad\\\/\"]}]},{\"@type\":\"ImageObject\",\"inLanguage\":\"es\",\"@id\":\"https:\\\/\\\/www.eldiariodetucuman.com\\\/web\\\/declaran-al-2024-como-el-ano-de-la-defensa-de-la-vida-la-libertad-y-la-propiedad\\\/#primaryimage\",\"url\":\"https:\\\/\\\/www.eldiariodetucuman.com\\\/web\\\/wp-content\\\/uploads\\\/2024\\\/01\\\/2024.jpg\",\"contentUrl\":\"https:\\\/\\\/www.eldiariodetucuman.com\\\/web\\\/wp-content\\\/uploads\\\/2024\\\/01\\\/2024.jpg\",\"width\":888,\"height\":500},{\"@type\":\"BreadcrumbList\",\"@id\":\"https:\\\/\\\/www.eldiariodetucuman.com\\\/web\\\/declaran-al-2024-como-el-ano-de-la-defensa-de-la-vida-la-libertad-y-la-propiedad\\\/#breadcrumb\",\"itemListElement\":[{\"@type\":\"ListItem\",\"position\":1,\"name\":\"Portada\",\"item\":\"https:\\\/\\\/www.eldiariodetucuman.com\\\/web\\\/\"},{\"@type\":\"ListItem\",\"position\":2,\"name\":\"Declaran al 2024 como el \u201ca\u00f1o de la defensa de la vida, la libertad y la propiedad\u201d\"}]},{\"@type\":\"WebSite\",\"@id\":\"https:\\\/\\\/www.eldiariodetucuman.com\\\/web\\\/#website\",\"url\":\"https:\\\/\\\/www.eldiariodetucuman.com\\\/web\\\/\",\"name\":\"El Diario de Tucuman\",\"description\":\"Diario Tucuman - Informaci\u00f3n y noticias\",\"publisher\":{\"@id\":\"https:\\\/\\\/www.eldiariodetucuman.com\\\/web\\\/#organization\"},\"potentialAction\":[{\"@type\":\"SearchAction\",\"target\":{\"@type\":\"EntryPoint\",\"urlTemplate\":\"https:\\\/\\\/www.eldiariodetucuman.com\\\/web\\\/?s={search_term_string}\"},\"query-input\":{\"@type\":\"PropertyValueSpecification\",\"valueRequired\":true,\"valueName\":\"search_term_string\"}}],\"inLanguage\":\"es\"},{\"@type\":\"Organization\",\"@id\":\"https:\\\/\\\/www.eldiariodetucuman.com\\\/web\\\/#organization\",\"name\":\"El Diario de Tucuman\",\"url\":\"https:\\\/\\\/www.eldiariodetucuman.com\\\/web\\\/\",\"logo\":{\"@type\":\"ImageObject\",\"inLanguage\":\"es\",\"@id\":\"https:\\\/\\\/www.eldiariodetucuman.com\\\/web\\\/#\\\/schema\\\/logo\\\/image\\\/\",\"url\":\"http:\\\/\\\/www.eldiariodetucuman.com\\\/web\\\/wp-content\\\/uploads\\\/2017\\\/12\\\/el-diario-de-tucuman.jpg\",\"contentUrl\":\"http:\\\/\\\/www.eldiariodetucuman.com\\\/web\\\/wp-content\\\/uploads\\\/2017\\\/12\\\/el-diario-de-tucuman.jpg\",\"width\":272,\"height\":92,\"caption\":\"El Diario de Tucuman\"},\"image\":{\"@id\":\"https:\\\/\\\/www.eldiariodetucuman.com\\\/web\\\/#\\\/schema\\\/logo\\\/image\\\/\"}},{\"@type\":\"Person\",\"@id\":\"https:\\\/\\\/www.eldiariodetucuman.com\\\/web\\\/#\\\/schema\\\/person\\\/7e6644a46e60888f6b868594407e08dd\",\"name\":\"Redactor Uno\",\"image\":{\"@type\":\"ImageObject\",\"inLanguage\":\"es\",\"@id\":\"https:\\\/\\\/secure.gravatar.com\\\/avatar\\\/0049b1bdf1bd548385c9ea6b9356431717930913089febd2ba904f0187d7d074?s=96&d=mm&r=g\",\"url\":\"https:\\\/\\\/secure.gravatar.com\\\/avatar\\\/0049b1bdf1bd548385c9ea6b9356431717930913089febd2ba904f0187d7d074?s=96&d=mm&r=g\",\"contentUrl\":\"https:\\\/\\\/secure.gravatar.com\\\/avatar\\\/0049b1bdf1bd548385c9ea6b9356431717930913089febd2ba904f0187d7d074?s=96&d=mm&r=g\",\"caption\":\"Redactor Uno\"},\"url\":\"https:\\\/\\\/www.eldiariodetucuman.com\\\/web\\\/author\\\/mramasco\\\/\"}]}<\/script>\n<!-- \/ Yoast SEO plugin. -->","yoast_head_json":{"title":"Declaran al 2024 como el \u201ca\u00f1o de la defensa de la vida, la libertad y la propiedad\u201d - El Diario de Tucuman","robots":{"index":"index","follow":"follow","max-snippet":"max-snippet:-1","max-image-preview":"max-image-preview:large","max-video-preview":"max-video-preview:-1"},"canonical":"https:\/\/www.eldiariodetucuman.com\/web\/declaran-al-2024-como-el-ano-de-la-defensa-de-la-vida-la-libertad-y-la-propiedad\/","og_locale":"es_ES","og_type":"article","og_title":"Declaran al 2024 como el \u201ca\u00f1o de la defensa de la vida, la libertad y la propiedad\u201d - El Diario de Tucuman","og_description":"A trav\u00e9s del Decreto 55\/2024 publicado en el Bolet\u00edn Oficial, el Gobierno Nacional declar\u00f3 al 2024 como el \u201ca\u00f1o de la defensa de la vida, la libertad y la propiedad\u201d, estableciendo que toda la documentaci\u00f3n oficial de la administraci\u00f3n p\u00fablica nacional, centralizada y descentralizada, deber\u00e1 llevar esta leyenda, al igual que los Entes aut\u00e1rquicos dependientes.","og_url":"https:\/\/www.eldiariodetucuman.com\/web\/declaran-al-2024-como-el-ano-de-la-defensa-de-la-vida-la-libertad-y-la-propiedad\/","og_site_name":"El Diario de Tucuman","article_published_time":"2024-01-22T17:15:37+00:00","og_image":[{"width":888,"height":500,"url":"https:\/\/www.eldiariodetucuman.com\/web\/wp-content\/uploads\/2024\/01\/2024.jpg","type":"image\/jpeg"}],"author":"Redactor Uno","twitter_card":"summary_large_image","twitter_misc":{"Escrito por":"Redactor Uno","Tiempo de lectura":"2 minutos"},"schema":{"@context":"https:\/\/schema.org","@graph":[{"@type":"Article","@id":"https:\/\/www.eldiariodetucuman.com\/web\/declaran-al-2024-como-el-ano-de-la-defensa-de-la-vida-la-libertad-y-la-propiedad\/#article","isPartOf":{"@id":"https:\/\/www.eldiariodetucuman.com\/web\/declaran-al-2024-como-el-ano-de-la-defensa-de-la-vida-la-libertad-y-la-propiedad\/"},"author":{"name":"Redactor Uno","@id":"https:\/\/www.eldiariodetucuman.com\/web\/#\/schema\/person\/7e6644a46e60888f6b868594407e08dd"},"headline":"Declaran al 2024 como el \u201ca\u00f1o de la defensa de la vida, la libertad y la propiedad\u201d","datePublished":"2024-01-22T17:15:37+00:00","mainEntityOfPage":{"@id":"https:\/\/www.eldiariodetucuman.com\/web\/declaran-al-2024-como-el-ano-de-la-defensa-de-la-vida-la-libertad-y-la-propiedad\/"},"wordCount":278,"publisher":{"@id":"https:\/\/www.eldiariodetucuman.com\/web\/#organization"},"image":{"@id":"https:\/\/www.eldiariodetucuman.com\/web\/declaran-al-2024-como-el-ano-de-la-defensa-de-la-vida-la-libertad-y-la-propiedad\/#primaryimage"},"thumbnailUrl":"https:\/\/www.eldiariodetucuman.com\/web\/wp-content\/uploads\/2024\/01\/2024.jpg","keywords":["2024","a\u00f1o","declaraci\u00f3n","Javier Milei"],"articleSection":["Actualidad"],"inLanguage":"es"},{"@type":"WebPage","@id":"https:\/\/www.eldiariodetucuman.com\/web\/declaran-al-2024-como-el-ano-de-la-defensa-de-la-vida-la-libertad-y-la-propiedad\/","url":"https:\/\/www.eldiariodetucuman.com\/web\/declaran-al-2024-como-el-ano-de-la-defensa-de-la-vida-la-libertad-y-la-propiedad\/","name":"Declaran al 2024 como el \u201ca\u00f1o de la defensa de la vida, la libertad y la propiedad\u201d - El Diario de Tucuman","isPartOf":{"@id":"https:\/\/www.eldiariodetucuman.com\/web\/#website"},"primaryImageOfPage":{"@id":"https:\/\/www.eldiariodetucuman.com\/web\/declaran-al-2024-como-el-ano-de-la-defensa-de-la-vida-la-libertad-y-la-propiedad\/#primaryimage"},"image":{"@id":"https:\/\/www.eldiariodetucuman.com\/web\/declaran-al-2024-como-el-ano-de-la-defensa-de-la-vida-la-libertad-y-la-propiedad\/#primaryimage"},"thumbnailUrl":"https:\/\/www.eldiariodetucuman.com\/web\/wp-content\/uploads\/2024\/01\/2024.jpg","datePublished":"2024-01-22T17:15:37+00:00","breadcrumb":{"@id":"https:\/\/www.eldiariodetucuman.com\/web\/declaran-al-2024-como-el-ano-de-la-defensa-de-la-vida-la-libertad-y-la-propiedad\/#breadcrumb"},"inLanguage":"es","potentialAction":[{"@type":"ReadAction","target":["https:\/\/www.eldiariodetucuman.com\/web\/declaran-al-2024-como-el-ano-de-la-defensa-de-la-vida-la-libertad-y-la-propiedad\/"]}]},{"@type":"ImageObject","inLanguage":"es","@id":"https:\/\/www.eldiariodetucuman.com\/web\/declaran-al-2024-como-el-ano-de-la-defensa-de-la-vida-la-libertad-y-la-propiedad\/#primaryimage","url":"https:\/\/www.eldiariodetucuman.com\/web\/wp-content\/uploads\/2024\/01\/2024.jpg","contentUrl":"https:\/\/www.eldiariodetucuman.com\/web\/wp-content\/uploads\/2024\/01\/2024.jpg","width":888,"height":500},{"@type":"BreadcrumbList","@id":"https:\/\/www.eldiariodetucuman.com\/web\/declaran-al-2024-como-el-ano-de-la-defensa-de-la-vida-la-libertad-y-la-propiedad\/#breadcrumb","itemListElement":[{"@type":"ListItem","position":1,"name":"Portada","item":"https:\/\/www.eldiariodetucuman.com\/web\/"},{"@type":"ListItem","position":2,"name":"Declaran al 2024 como el \u201ca\u00f1o de la defensa de la vida, la libertad y la propiedad\u201d"}]},{"@type":"WebSite","@id":"https:\/\/www.eldiariodetucuman.com\/web\/#website","url":"https:\/\/www.eldiariodetucuman.com\/web\/","name":"El Diario de Tucuman","description":"Diario Tucuman - Informaci\u00f3n y noticias","publisher":{"@id":"https:\/\/www.eldiariodetucuman.com\/web\/#organization"},"potentialAction":[{"@type":"SearchAction","target":{"@type":"EntryPoint","urlTemplate":"https:\/\/www.eldiariodetucuman.com\/web\/?s={search_term_string}"},"query-input":{"@type":"PropertyValueSpecification","valueRequired":true,"valueName":"search_term_string"}}],"inLanguage":"es"},{"@type":"Organization","@id":"https:\/\/www.eldiariodetucuman.com\/web\/#organization","name":"El Diario de Tucuman","url":"https:\/\/www.eldiariodetucuman.com\/web\/","logo":{"@type":"ImageObject","inLanguage":"es","@id":"https:\/\/www.eldiariodetucuman.com\/web\/#\/schema\/logo\/image\/","url":"http:\/\/www.eldiariodetucuman.com\/web\/wp-content\/uploads\/2017\/12\/el-diario-de-tucuman.jpg","contentUrl":"http:\/\/www.eldiariodetucuman.com\/web\/wp-content\/uploads\/2017\/12\/el-diario-de-tucuman.jpg","width":272,"height":92,"caption":"El Diario de Tucuman"},"image":{"@id":"https:\/\/www.eldiariodetucuman.com\/web\/#\/schema\/logo\/image\/"}},{"@type":"Person","@id":"https:\/\/www.eldiariodetucuman.com\/web\/#\/schema\/person\/7e6644a46e60888f6b868594407e08dd","name":"Redactor Uno","image":{"@type":"ImageObject","inLanguage":"es","@id":"https:\/\/secure.gravatar.com\/avatar\/0049b1bdf1bd548385c9ea6b9356431717930913089febd2ba904f0187d7d074?s=96&d=mm&r=g","url":"https:\/\/secure.gravatar.com\/avatar\/0049b1bdf1bd548385c9ea6b9356431717930913089febd2ba904f0187d7d074?s=96&d=mm&r=g","contentUrl":"https:\/\/secure.gravatar.com\/avatar\/0049b1bdf1bd548385c9ea6b9356431717930913089febd2ba904f0187d7d074?s=96&d=mm&r=g","caption":"Redactor Uno"},"url":"https:\/\/www.eldiariodetucuman.com\/web\/author\/mramasco\/"}]}},"_links":{"self":[{"href":"https:\/\/www.eldiariodetucuman.com\/web\/wp-json\/wp\/v2\/posts\/40776","targetHints":{"allow":["GET"]}}],"collection":[{"href":"https:\/\/www.eldiariodetucuman.com\/web\/wp-json\/wp\/v2\/posts"}],"about":[{"href":"https:\/\/www.eldiariodetucuman.com\/web\/wp-json\/wp\/v2\/types\/post"}],"author":[{"embeddable":true,"href":"https:\/\/www.eldiariodetucuman.com\/web\/wp-json\/wp\/v2\/users\/5"}],"replies":[{"embeddable":true,"href":"https:\/\/www.eldiariodetucuman.com\/web\/wp-json\/wp\/v2\/comments?post=40776"}],"version-history":[{"count":2,"href":"https:\/\/www.eldiariodetucuman.com\/web\/wp-json\/wp\/v2\/posts\/40776\/revisions"}],"predecessor-version":[{"id":40779,"href":"https:\/\/www.eldiariodetucuman.com\/web\/wp-json\/wp\/v2\/posts\/40776\/revisions\/40779"}],"wp:featuredmedia":[{"embeddable":true,"href":"https:\/\/www.eldiariodetucuman.com\/web\/wp-json\/wp\/v2\/media\/40777"}],"wp:attachment":[{"href":"https:\/\/www.eldiariodetucuman.com\/web\/wp-json\/wp\/v2\/media?parent=40776"}],"wp:term":[{"taxonomy":"category","embeddable":true,"href":"https:\/\/www.eldiariodetucuman.com\/web\/wp-json\/wp\/v2\/categories?post=40776"},{"taxonomy":"post_tag","embeddable":true,"href":"https:\/\/www.eldiariodetucuman.com\/web\/wp-json\/wp\/v2\/tags?post=40776"}],"curies":[{"name":"wp","href":"https:\/\/api.w.org\/{rel}","templated":true}]}}